{"id":83148,"date":"2026-03-11T07:57:38","date_gmt":"2026-03-11T10:57:38","guid":{"rendered":"https:\/\/noticiasribeiraopreto.com.br\/index.php\/2026\/03\/11\/tce-suspende-licitacao-de-cameras\/"},"modified":"2026-03-11T07:57:38","modified_gmt":"2026-03-11T10:57:38","slug":"tce-suspende-licitacao-de-cameras","status":"publish","type":"post","link":"https:\/\/noticiasribeiraopreto.com.br\/index.php\/2026\/03\/11\/tce-suspende-licitacao-de-cameras\/","title":{"rendered":"TCE suspende licita\u00e7\u00e3o de c\u00e2meras\u2028"},"content":{"rendered":"<div class='code-block code-block-1' style='margin: 8px 0 8px auto; text-align: right; display: block; clear: both;'>\n<p><a href=\"https:\/\/wa.link\/vpicfd\"><img data-recalc-dims=\"1\" class=\"wp-image-4922\" style=\"aspect-ratio: 2.0253164556962027; width: 561px; height: auto;\" src=\"https:\/\/i0.wp.com\/ismaelcolosi.com.br\/wp-content\/uploads\/2023\/11\/grupo-de-empregos-whatsapp-e-facebook-ismael-colosi-vagas.jpg?ssl=1\" alt=\"\" \/><\/a><\/p>\n<!-- \/wp:image -->\n<\/div>\n<p> <br \/>\n<\/p>\n<div>\n<p class=\"p1\"><i>Prefeitura considera decis\u00e3o uma oportunidade para esclarecer pontos do edital e ampliar a competitividade entre empresas interessadas<\/i><\/p>\n<p>O Tribunal de Contas do Estado de S\u00e3o Paulo (TCESP) determinou, em car\u00e1ter cautelar, a suspens\u00e3o tempor\u00e1ria do preg\u00e3o eletr\u00f4nico n\u00ba 8\/2026, que prev\u00ea a contrata\u00e7\u00e3o de empresa especializada para fornecimento, implanta\u00e7\u00e3o, configura\u00e7\u00e3o e suporte t\u00e9cnico de uma solu\u00e7\u00e3o tecnol\u00f3gica integrada de monitoramento voltada \u00e0 seguran\u00e7a de logradouros p\u00fablicos e ao apoio \u00e0 gest\u00e3o da mobilidade urbana em Ribeir\u00e3o Preto.<\/p>\n<p>A fase de lances da licita\u00e7\u00e3o estava prevista para sexta-feira, 13 de mar\u00e7o,. O valor m\u00e1ximo estimado pela prefeitura para contrata\u00e7\u00e3o \u00e9 de R$ 180.800.349,80 e o prazo de vig\u00eancia do contrato com a empresa vencedora ser\u00e1 de 60 meses, contados a partir da assinatura da ordem de servi\u00e7os (OS), podendo ser prorrogado por at\u00e9 dez anos.<\/p>\n<p>A decis\u00e3o foi tomada ap\u00f3s empresas interessadas no processo licitat\u00f3rio apresentarem pedido ao Tribunal de Contas com o objetivo de permitir uma an\u00e1lise mais detalhada de alguns pontos do edital, especialmente relacionados \u00e0s condi\u00e7\u00f5es t\u00e9cnicas e \u00e0 competitividade do certame.<\/p>\n<p>Em nota, a administra\u00e7\u00e3o Ricardo Silva (PSD) diz que \u201crecebeu a decis\u00e3o com tranquilidade e ir\u00e1 encaminhar ao Tribunal de Contas os esclarecimentos solicitados dentro do prazo estabelecido.\u201d Para a prefeitura de Ribeir\u00e3o Preto, a suspens\u00e3o tempor\u00e1ria do certame tamb\u00e9m representa uma oportunidade importante para refor\u00e7ar a transpar\u00eancia do processo.<\/p>\n<p>Tamb\u00e9m servir\u00e1 \u201cpara ampliar a seguran\u00e7a jur\u00eddica da contrata\u00e7\u00e3o, garantindo que todas as empresas interessadas tenham plena clareza sobre as condi\u00e7\u00f5es do edital e possam participar do processo em igualdade de condi\u00e7\u00f5es\u201d, diz. A licita\u00e7\u00e3o prev\u00ea a implanta\u00e7\u00e3o de uma infraestrutura tecnol\u00f3gica voltada ao monitoramento urbano, incluindo equipamentos, softwares especializados e servi\u00e7os t\u00e9cnicos necess\u00e1rios para a opera\u00e7\u00e3o e manuten\u00e7\u00e3o do sistema.<\/p>\n<p>A iniciativa contempla recursos como videomonitoramento inteligente, ferramentas de an\u00e1lise de dados e integra\u00e7\u00e3o com sistemas de mobilidade e seguran\u00e7a, ampliando a capacidade de preven\u00e7\u00e3o, monitoramento e resposta a ocorr\u00eancias na cidade.<\/p>\n<p>A proposta tamb\u00e9m busca apoiar a gest\u00e3o do tr\u00e2nsito e da mobilidade urbana, por meio de tecnologias capazes de auxiliar no acompanhamento de fluxos vi\u00e1rios e na tomada de decis\u00f5es operacionais, contribuindo para uma cidade mais segura, eficiente e conectada.<\/p>\n<p>\u201cA prefeitura reafirma seu compromisso com processos licitat\u00f3rios transparentes, competitivos e alinhados \u00e0s melhores pr\u00e1ticas da administra\u00e7\u00e3o p\u00fablica, mantendo di\u00e1logo permanente com os \u00f3rg\u00e3os de controle e com o mercado para assegurar a correta condu\u00e7\u00e3o das contrata\u00e7\u00f5es p\u00fablicas\u201d, cinclui na nota.<\/p>\n<p>A licita\u00e7\u00e3o aberta pela prefeitura de Ribeir\u00e3o Preto ter\u00e1 pelos menos 100 c\u00e2meras com tecnologia de reconhecimento facial \u2013 identifica pessoas a partir das caracter\u00edsticas do rosto por meio de intelig\u00eancia artificial (IA). O sistema analisa elementos \u00fanicos do rosto, como dist\u00e2ncia entre olhos, formato do nariz, boca e contornos faciais.<\/p>\n<p>Transforma as informa\u00e7\u00f5es em dados digitais que podem ser comparados com registros previamente cadastrados para identificar ou autenticar um indiv\u00edduo, iguais a do Smart Sampa, de S\u00e3o Paulo.<span class=\"Apple-converted-space\">\u00a0 <\/span>Al\u00e9m das c\u00e2meras com reconhecimento facial, outros 92 equipamentos de coleta de imagens ser\u00e3o instalados inicialmente.<\/p>\n<p>S\u00e3o 30 c\u00e2meras para monitoramento din\u00e2mico, 30 fixas para controle vi\u00e1rio geral, 15 do tipo LPR para fiscaliza\u00e7\u00e3o de at\u00e9 duas faixas e 17 unidades LPR para fiscaliza\u00e7\u00e3o de at\u00e9 quatro faixas. Os locais onde os equipamentos ser\u00e3o instalados incluem ruas e avenidas em todas as regi\u00f5es da cidade.<\/p>\n<p>Entre elas est\u00e3o as avenidas Independ\u00eancia, Jer\u00f4nimo Gon\u00e7alves, Maur\u00edlio Biagi, Caramuru, Dom Pedro I, Ant\u00f4nia Mugnato Marincek, Marechal Costa e Silva, Treze de Maio e Eduardo Andrea Matarazzo (Via Norte) e ruas como Tapaj\u00f3s, Am\u00e9rico Brasiliense, Saldanha Marinho e S\u00e3o Sebasti\u00e3o.<\/p>\n<p>A defini\u00e7\u00e3o dos locais foi planejada a partir do Balan\u00e7o de Sinistros e \u00d3bitos no Tr\u00e2nsito de 2025, elaborado pelo Departamento de Seguran\u00e7a Vi\u00e1ria da RP Mobi \u2013 Empresa de Mobilidade Urbana de Ribeir\u00e3o Preto S.A, a antiga Transerp, respons\u00e1vel pelo tr\u00e2nsito e transporte.<\/p>\n<p>Segundo o levantamento, no ano passado, foram registrados 1.746 sinistros n\u00e3o fatais e 87 \u00f3bitos, com a concentra\u00e7\u00e3o de ocorr\u00eancias em corredores estruturais. O relat\u00f3rio destaca que as vias com maior concentra\u00e7\u00e3o de acidentes s\u00e3o as avenidas Doutor Francisco Junqueira, no Centro, com 66; Independ\u00eancia, nas regi\u00f5es Central e Sul, com 43; Presidente Vargas, na Zona Sul, com 42; e Treze de Maio e Presidente Kennedy, ambas na Zona Leste, com 23 cada.<\/p>\n<p>Os recursos para a contrata\u00e7\u00e3o do novo servi\u00e7o de monitoramento ser\u00e3o oriundos de parte dos valores da Contribui\u00e7\u00e3o de Ilumina\u00e7\u00e3o P\u00fablica (CIP) paga mensalmente pela popula\u00e7\u00e3o para manuten\u00e7\u00e3o e moderniza\u00e7\u00e3o da ilumina\u00e7\u00e3o p\u00fablica da cidade.<\/p>\n<p>O valor mensal \u00e9 pago pelos usu\u00e1rios de energia el\u00e9trica na cidade.<br \/>Segundo dados da prefeitura, no ano passado a CIP arrecadava cerca de R$ 7,5 milh\u00f5es por m\u00eas. Deste total, cerca de R$ 3 milh\u00f5es eram usados para o pagamento da CPFL Paulista pela ilumina\u00e7\u00e3o p\u00fablica na cidade.<\/p>\n<p>J\u00e1 cerca de R$ 1,5 milh\u00e3o eram destinados \u00e0 parceria p\u00fablico-privada (PPP) entre o munic\u00edpio e o Cons\u00f3cio Conecta Ribeir\u00e3o Preto para a amplia\u00e7\u00e3o e substitui\u00e7\u00e3o dos pontos ilumina\u00e7\u00e3o p\u00fablica da cidade.<\/p>\n<p>Ap\u00f3s os pagamentos sobravam mensalmente da CIP, cerca de R$ 3 milh\u00f5es que ficam depositados em uma conta espec\u00edfica e que s\u00f3 podem ser usados para os fins estabelecidos na lei municipal que regula a contribui\u00e7\u00e3o.<\/p>\n<p>Em agosto do ano passado, a C\u00e2mara de Vereadores aprovou<span class=\"Apple-converted-space\">\u00a0 <\/span>o projeto de lei que permite o uso de parte dos recursos da Contribui\u00e7\u00e3o de Ilumina\u00e7\u00e3o P\u00fablica para o monitoramento por c\u00e2meras na cidade.<span class=\"Apple-converted-space\">\u00a0 <\/span><\/p>\n<\/div>\n<p><br \/>\n<br \/><a href=\"https:\/\/www.tribunaribeirao.com.br\/tce-suspende-licitacao-de-cameras\/\">Source link <\/a><\/p>\n<!-- CONTENT END 1 -->\n","protected":false},"excerpt":{"rendered":"<p>Prefeitura considera decis\u00e3o uma oportunidade para esclarecer pontos do edital e ampliar a competitividade entre empresas interessadas O Tribunal de Contas do Estado de S\u00e3o&#8230;<\/p>\n","protected":false},"author":1,"featured_media":83149,"comment_status":"open","ping_status":"open","sticky":false,"template":"","format":"standard","meta":{"advanced_seo_description":"","jetpack_seo_html_title":"","jetpack_seo_noindex":false,"jetpack_post_was_ever_published":false,"_jetpack_newsletter_access":"","_jetpack_dont_email_post_to_subs":false,"_jetpack_newsletter_tier_id":0,"_jetpack_memberships_contains_paywalled_content":false,"_jetpack_memberships_contains_paid_content":false,"footnotes":"","jetpack_publicize_message":"","jetpack_publicize_feature_enabled":true,"jetpack_social_post_already_shared":true,"jetpack_social_options":{"image_generator_settings":{"template":"highway","default_image_id":0,"font":"","enabled":false},"version":2}},"categories":[11],"tags":[],"class_list":["post-83148","post","type-post","status-publish","format-standard","has-post-thumbnail","hentry","category-noticias-de-ribeirao-preto-sp-e-regiao-ismael-colosi"],"jetpack_publicize_connections":[],"jetpack_featured_media_url":"https:\/\/i0.wp.com\/noticiasribeiraopreto.com.br\/wp-content\/uploads\/2026\/03\/Smart-Rovena-Rosa-Ag.Br_.jpg?fit=1170%2C700&ssl=1","jetpack-related-posts":[{"id":42948,"url":"https:\/\/noticiasribeiraopreto.com.br\/index.php\/2024\/03\/18\/duas-empresas-se-interessam-por-obras-da-avenida-nove-de-julho-em-ribeirao-preto\/","url_meta":{"origin":83148,"position":0},"title":"Duas empresas se interessam por obras da avenida Nove de Julho em Ribeir\u00e3o Preto","author":"noticiasribeiraopreto.com.br","date":"18 de March de 2024","format":false,"excerpt":"A Prefeitura de Ribeir\u00e3o Preto iniciou nesta segunda-feira (18) o processo de licita\u00e7\u00e3o para a contrata\u00e7\u00e3o da nova empresa que concluir\u00e1 as obras de revitaliza\u00e7\u00e3o e restaura\u00e7\u00e3o da avenida Nove de Julho, em Ribeir\u00e3o Preto. As obras est\u00e3o paradas desde dezembro do ano passado. Segundo a administra\u00e7\u00e3o, as empresas participantes\u2026","rel":"","context":"In &quot;Not\u00edcias de Ribeir\u00e3o Preto-SP e Regi\u00e3o&quot;","block_context":{"text":"Not\u00edcias de Ribeir\u00e3o Preto-SP e Regi\u00e3o","link":"https:\/\/noticiasribeiraopreto.com.br\/index.php\/category\/noticias-de-ribeirao-preto-sp-e-regiao-ismael-colosi\/"},"img":{"alt_text":"","src":"https:\/\/i0.wp.com\/noticiasribeiraopreto.com.br\/wp-content\/uploads\/2024\/03\/WhatsApp-Image-2023-12-20-at-10.47.41-1024x576-1.jpeg?fit=1024%2C576&ssl=1&resize=350%2C200","width":350,"height":200,"srcset":"https:\/\/i0.wp.com\/noticiasribeiraopreto.com.br\/wp-content\/uploads\/2024\/03\/WhatsApp-Image-2023-12-20-at-10.47.41-1024x576-1.jpeg?fit=1024%2C576&ssl=1&resize=350%2C200 1x, https:\/\/i0.wp.com\/noticiasribeiraopreto.com.br\/wp-content\/uploads\/2024\/03\/WhatsApp-Image-2023-12-20-at-10.47.41-1024x576-1.jpeg?fit=1024%2C576&ssl=1&resize=525%2C300 1.5x, https:\/\/i0.wp.com\/noticiasribeiraopreto.com.br\/wp-content\/uploads\/2024\/03\/WhatsApp-Image-2023-12-20-at-10.47.41-1024x576-1.jpeg?fit=1024%2C576&ssl=1&resize=700%2C400 2x"},"classes":[]},{"id":36490,"url":"https:\/\/noticiasribeiraopreto.com.br\/index.php\/2024\/02\/09\/aberta-nova-licitacao-para-obras-da-nove-de-julho-em-ribeirao-preto\/","url_meta":{"origin":83148,"position":1},"title":"Aberta nova licita\u00e7\u00e3o para obras da Nove de Julho em Ribeir\u00e3o Preto","author":"noticiasribeiraopreto.com.br","date":"9 de February de 2024","format":false,"excerpt":"A abertura de uma nova licita\u00e7\u00e3o para a conclus\u00e3o das obras de revitaliza\u00e7\u00e3o e restaura\u00e7\u00e3o da avenida Nove de Julho em Ribeir\u00e3o Preto, foi anunciada pela prefeitura na tarde desta sexta-feira (9). De acordo com a publica\u00e7\u00e3o no Di\u00e1rio Oficial do Munic\u00edpio (DOM), o valor estimado para \u201cexecu\u00e7\u00e3o do remanescente\u2026","rel":"","context":"In &quot;Not\u00edcias de Ribeir\u00e3o Preto-SP e Regi\u00e3o&quot;","block_context":{"text":"Not\u00edcias de Ribeir\u00e3o Preto-SP e Regi\u00e3o","link":"https:\/\/noticiasribeiraopreto.com.br\/index.php\/category\/noticias-de-ribeirao-preto-sp-e-regiao-ismael-colosi\/"},"img":{"alt_text":"","src":"https:\/\/i0.wp.com\/noticiasribeiraopreto.com.br\/wp-content\/uploads\/2024\/02\/WhatsApp-Image-2023-12-20-at-10.47.41.jpeg?fit=1200%2C675&ssl=1&resize=350%2C200","width":350,"height":200,"srcset":"https:\/\/i0.wp.com\/noticiasribeiraopreto.com.br\/wp-content\/uploads\/2024\/02\/WhatsApp-Image-2023-12-20-at-10.47.41.jpeg?fit=1200%2C675&ssl=1&resize=350%2C200 1x, https:\/\/i0.wp.com\/noticiasribeiraopreto.com.br\/wp-content\/uploads\/2024\/02\/WhatsApp-Image-2023-12-20-at-10.47.41.jpeg?fit=1200%2C675&ssl=1&resize=525%2C300 1.5x, https:\/\/i0.wp.com\/noticiasribeiraopreto.com.br\/wp-content\/uploads\/2024\/02\/WhatsApp-Image-2023-12-20-at-10.47.41.jpeg?fit=1200%2C675&ssl=1&resize=700%2C400 2x, https:\/\/i0.wp.com\/noticiasribeiraopreto.com.br\/wp-content\/uploads\/2024\/02\/WhatsApp-Image-2023-12-20-at-10.47.41.jpeg?fit=1200%2C675&ssl=1&resize=1050%2C600 3x"},"classes":[]},{"id":82740,"url":"https:\/\/noticiasribeiraopreto.com.br\/index.php\/2026\/02\/25\/ribeirao-preto-abre-licitacao-para-monitoramento-com-reconhecimento-facial\/","url_meta":{"origin":83148,"position":2},"title":"Ribeir\u00e3o Preto abre licita\u00e7\u00e3o para monitoramento com reconhecimento facial","author":"noticiasribeiraopreto.com.br","date":"25 de February de 2026","format":false,"excerpt":"A Prefeitura de Ribeir\u00e3o Preto publicou, nesta ter\u00e7a-feira (24), licita\u00e7\u00e3o para contrata\u00e7\u00e3o de empresa especializada em monitoramento de seguran\u00e7a e preserva\u00e7\u00e3o de logradouros p\u00fablicos. Segundo o edital, o servi\u00e7o tamb\u00e9m pode servir de apoio \u00e0 gest\u00e3o da mobilidade urbana e prev\u00ea, inclusive, c\u00e2meras de reconhecimento facial. O valor m\u00e1ximo estimado\u2026","rel":"","context":"In &quot;Not\u00edcias de Ribeir\u00e3o Preto-SP e Regi\u00e3o&quot;","block_context":{"text":"Not\u00edcias de Ribeir\u00e3o Preto-SP e Regi\u00e3o","link":"https:\/\/noticiasribeiraopreto.com.br\/index.php\/category\/noticias-de-ribeirao-preto-sp-e-regiao-ismael-colosi\/"},"img":{"alt_text":"","src":"https:\/\/i0.wp.com\/noticiasribeiraopreto.com.br\/wp-content\/uploads\/2025\/08\/smart-sampa-ribeirao-preto_2025-08-03_16-34-47.webp.webp?fit=1146%2C709&ssl=1&resize=350%2C200","width":350,"height":200,"srcset":"https:\/\/i0.wp.com\/noticiasribeiraopreto.com.br\/wp-content\/uploads\/2025\/08\/smart-sampa-ribeirao-preto_2025-08-03_16-34-47.webp.webp?fit=1146%2C709&ssl=1&resize=350%2C200 1x, https:\/\/i0.wp.com\/noticiasribeiraopreto.com.br\/wp-content\/uploads\/2025\/08\/smart-sampa-ribeirao-preto_2025-08-03_16-34-47.webp.webp?fit=1146%2C709&ssl=1&resize=525%2C300 1.5x, https:\/\/i0.wp.com\/noticiasribeiraopreto.com.br\/wp-content\/uploads\/2025\/08\/smart-sampa-ribeirao-preto_2025-08-03_16-34-47.webp.webp?fit=1146%2C709&ssl=1&resize=700%2C400 2x, https:\/\/i0.wp.com\/noticiasribeiraopreto.com.br\/wp-content\/uploads\/2025\/08\/smart-sampa-ribeirao-preto_2025-08-03_16-34-47.webp.webp?fit=1146%2C709&ssl=1&resize=1050%2C600 3x"},"classes":[]},{"id":81715,"url":"https:\/\/noticiasribeiraopreto.com.br\/index.php\/2026\/01\/15\/licitacao-da-upa-inabilita-3a-empresa\/","url_meta":{"origin":83148,"position":3},"title":"\u2028Licita\u00e7\u00e3o da UPA \u2028inabilita 3\u00aa empresa","author":"noticiasribeiraopreto.com.br","date":"15 de January de 2026","format":false,"excerpt":"\r \r \r 15 de janeiro de 2026 07:41 \r Compartilhar0 Vinte e seis empresas se candidataram no certame para realizar as obres de adequa\u00e7\u00e3o e transforma\u00e7\u00e3o do local em uma Unidade de Pronto Atendimento (UPA) A licita\u00e7\u00e3o aberta pela prefeitura de Ribeir\u00e3o Preto em 28 de novembro, para contrata\u00e7\u00e3o\u2026","rel":"","context":"In &quot;Not\u00edcias de Ribeir\u00e3o Preto-SP e Regi\u00e3o&quot;","block_context":{"text":"Not\u00edcias de Ribeir\u00e3o Preto-SP e Regi\u00e3o","link":"https:\/\/noticiasribeiraopreto.com.br\/index.php\/category\/noticias-de-ribeirao-preto-sp-e-regiao-ismael-colosi\/"},"img":{"alt_text":"","src":"https:\/\/i0.wp.com\/noticiasribeiraopreto.com.br\/wp-content\/uploads\/2026\/01\/MentalRP-Alfredo-Risk-scaled.jpg?fit=1170%2C780&ssl=1&resize=350%2C200","width":350,"height":200,"srcset":"https:\/\/i0.wp.com\/noticiasribeiraopreto.com.br\/wp-content\/uploads\/2026\/01\/MentalRP-Alfredo-Risk-scaled.jpg?fit=1170%2C780&ssl=1&resize=350%2C200 1x, https:\/\/i0.wp.com\/noticiasribeiraopreto.com.br\/wp-content\/uploads\/2026\/01\/MentalRP-Alfredo-Risk-scaled.jpg?fit=1170%2C780&ssl=1&resize=525%2C300 1.5x, https:\/\/i0.wp.com\/noticiasribeiraopreto.com.br\/wp-content\/uploads\/2026\/01\/MentalRP-Alfredo-Risk-scaled.jpg?fit=1170%2C780&ssl=1&resize=700%2C400 2x, https:\/\/i0.wp.com\/noticiasribeiraopreto.com.br\/wp-content\/uploads\/2026\/01\/MentalRP-Alfredo-Risk-scaled.jpg?fit=1170%2C780&ssl=1&resize=1050%2C600 3x"},"classes":[]},{"id":82760,"url":"https:\/\/noticiasribeiraopreto.com.br\/index.php\/2026\/02\/26\/ribeirao-investira-r-180-mi-em-sistema-de-cameras\/","url_meta":{"origin":83148,"position":4},"title":"Ribeir\u00e3o investir\u00e1 R$ 180 mi em sistema de c\u00e2meras","author":"noticiasribeiraopreto.com.br","date":"26 de February de 2026","format":false,"excerpt":"Licita\u00e7\u00e3o foi aberta esta semana pela prefeitura e prev\u00ea contrata\u00e7\u00e3o de empresa para monitoramento de vias p\u00fablicas A prefeitura de Ribeir\u00e3o Preto abriu licita\u00e7\u00e3o visando a contrata\u00e7\u00e3o de empresa especializada em monitoramento, por meio de c\u00e2meras inteligentes, de logradouros p\u00fablicos da cidade. Segundo o edital do preg\u00e3o eletr\u00f4nico, publicado no\u2026","rel":"","context":"In &quot;Not\u00edcias de Ribeir\u00e3o Preto-SP e Regi\u00e3o&quot;","block_context":{"text":"Not\u00edcias de Ribeir\u00e3o Preto-SP e Regi\u00e3o","link":"https:\/\/noticiasribeiraopreto.com.br\/index.php\/category\/noticias-de-ribeirao-preto-sp-e-regiao-ismael-colosi\/"},"img":{"alt_text":"","src":"https:\/\/i0.wp.com\/noticiasribeiraopreto.com.br\/wp-content\/uploads\/2026\/02\/Smart-Rovena-Rosa-Ag.Br_.jpg?fit=1170%2C700&ssl=1&resize=350%2C200","width":350,"height":200,"srcset":"https:\/\/i0.wp.com\/noticiasribeiraopreto.com.br\/wp-content\/uploads\/2026\/02\/Smart-Rovena-Rosa-Ag.Br_.jpg?fit=1170%2C700&ssl=1&resize=350%2C200 1x, https:\/\/i0.wp.com\/noticiasribeiraopreto.com.br\/wp-content\/uploads\/2026\/02\/Smart-Rovena-Rosa-Ag.Br_.jpg?fit=1170%2C700&ssl=1&resize=525%2C300 1.5x, https:\/\/i0.wp.com\/noticiasribeiraopreto.com.br\/wp-content\/uploads\/2026\/02\/Smart-Rovena-Rosa-Ag.Br_.jpg?fit=1170%2C700&ssl=1&resize=700%2C400 2x, https:\/\/i0.wp.com\/noticiasribeiraopreto.com.br\/wp-content\/uploads\/2026\/02\/Smart-Rovena-Rosa-Ag.Br_.jpg?fit=1170%2C700&ssl=1&resize=1050%2C600 3x"},"classes":[]},{"id":44247,"url":"https:\/\/noticiasribeiraopreto.com.br\/index.php\/2024\/03\/26\/definida-empresa-que-continuara-as-obras-da-avenida-nove-de-julho-em-ribeirao-preto\/","url_meta":{"origin":83148,"position":5},"title":"Definida empresa que continuar\u00e1 as obras da avenida Nove de Julho em Ribeir\u00e3o Preto","author":"noticiasribeiraopreto.com.br","date":"26 de March de 2024","format":false,"excerpt":"Foi publicado no Di\u00e1rio Oficial do Munic\u00edpio desta ter\u00e7a-feira (26), a homologa\u00e7\u00e3o da licita\u00e7\u00e3o para as obras de revitaliza\u00e7\u00e3o e implanta\u00e7\u00e3o do corredor de \u00f4nibus da avenida Nove de Julho, paradas desde dezembro do ano passado. A empresa vencedora que retomar\u00e1 os servi\u00e7os no local \u00e9 a Era-T\u00e9cnica Engenharia Constru\u00e7\u00f5es\u2026","rel":"","context":"In &quot;Not\u00edcias de Ribeir\u00e3o Preto-SP e Regi\u00e3o&quot;","block_context":{"text":"Not\u00edcias de Ribeir\u00e3o Preto-SP e Regi\u00e3o","link":"https:\/\/noticiasribeiraopreto.com.br\/index.php\/category\/noticias-de-ribeirao-preto-sp-e-regiao-ismael-colosi\/"},"img":{"alt_text":"","src":"https:\/\/i0.wp.com\/noticiasribeiraopreto.com.br\/wp-content\/uploads\/2024\/03\/Copia-de-Copia-de-TAMANHO-EXATO-PARA-FOTOS-NO-SISTEMA-NOVO-87.jpg?fit=1200%2C675&ssl=1&resize=350%2C200","width":350,"height":200,"srcset":"https:\/\/i0.wp.com\/noticiasribeiraopreto.com.br\/wp-content\/uploads\/2024\/03\/Copia-de-Copia-de-TAMANHO-EXATO-PARA-FOTOS-NO-SISTEMA-NOVO-87.jpg?fit=1200%2C675&ssl=1&resize=350%2C200 1x, https:\/\/i0.wp.com\/noticiasribeiraopreto.com.br\/wp-content\/uploads\/2024\/03\/Copia-de-Copia-de-TAMANHO-EXATO-PARA-FOTOS-NO-SISTEMA-NOVO-87.jpg?fit=1200%2C675&ssl=1&resize=525%2C300 1.5x, https:\/\/i0.wp.com\/noticiasribeiraopreto.com.br\/wp-content\/uploads\/2024\/03\/Copia-de-Copia-de-TAMANHO-EXATO-PARA-FOTOS-NO-SISTEMA-NOVO-87.jpg?fit=1200%2C675&ssl=1&resize=700%2C400 2x, https:\/\/i0.wp.com\/noticiasribeiraopreto.com.br\/wp-content\/uploads\/2024\/03\/Copia-de-Copia-de-TAMANHO-EXATO-PARA-FOTOS-NO-SISTEMA-NOVO-87.jpg?fit=1200%2C675&ssl=1&resize=1050%2C600 3x"},"classes":[]}],"jetpack_sharing_enabled":true,"jetpack_shortlink":"https:\/\/wp.me\/peQAOb-lD6","_links":{"self":[{"href":"https:\/\/noticiasribeiraopreto.com.br\/index.php\/wp-json\/wp\/v2\/posts\/83148","targetHints":{"allow":["GET"]}}],"collection":[{"href":"https:\/\/noticiasribeiraopreto.com.br\/index.php\/wp-json\/wp\/v2\/posts"}],"about":[{"href":"https:\/\/noticiasribeiraopreto.com.br\/index.php\/wp-json\/wp\/v2\/types\/post"}],"author":[{"embeddable":true,"href":"https:\/\/noticiasribeiraopreto.com.br\/index.php\/wp-json\/wp\/v2\/users\/1"}],"replies":[{"embeddable":true,"href":"https:\/\/noticiasribeiraopreto.com.br\/index.php\/wp-json\/wp\/v2\/comments?post=83148"}],"version-history":[{"count":0,"href":"https:\/\/noticiasribeiraopreto.com.br\/index.php\/wp-json\/wp\/v2\/posts\/83148\/revisions"}],"wp:featuredmedia":[{"embeddable":true,"href":"https:\/\/noticiasribeiraopreto.com.br\/index.php\/wp-json\/wp\/v2\/media\/83149"}],"wp:attachment":[{"href":"https:\/\/noticiasribeiraopreto.com.br\/index.php\/wp-json\/wp\/v2\/media?parent=83148"}],"wp:term":[{"taxonomy":"category","embeddable":true,"href":"https:\/\/noticiasribeiraopreto.com.br\/index.php\/wp-json\/wp\/v2\/categories?post=83148"},{"taxonomy":"post_tag","embeddable":true,"href":"https:\/\/noticiasribeiraopreto.com.br\/index.php\/wp-json\/wp\/v2\/tags?post=83148"}],"curies":[{"name":"wp","href":"https:\/\/api.w.org\/{rel}","templated":true}]}}