{"id":83150,"date":"2026-03-11T09:13:00","date_gmt":"2026-03-11T12:13:00","guid":{"rendered":"https:\/\/noticiasribeiraopreto.com.br\/index.php\/2026\/03\/11\/prefeitura-quer-abrir-credito-de-r-53-mi\/"},"modified":"2026-03-11T09:13:00","modified_gmt":"2026-03-11T12:13:00","slug":"prefeitura-quer-abrir-credito-de-r-53-mi","status":"publish","type":"post","link":"https:\/\/noticiasribeiraopreto.com.br\/index.php\/2026\/03\/11\/prefeitura-quer-abrir-credito-de-r-53-mi\/","title":{"rendered":"Prefeitura quer abrir \u2028cr\u00e9dito de R$ 5,3 mi"},"content":{"rendered":"<div class='code-block code-block-1' style='margin: 8px 0 8px auto; text-align: right; display: block; clear: both;'>\n<p><a href=\"https:\/\/wa.link\/vpicfd\"><img data-recalc-dims=\"1\" class=\"wp-image-4922\" style=\"aspect-ratio: 2.0253164556962027; width: 561px; height: auto;\" src=\"https:\/\/i0.wp.com\/ismaelcolosi.com.br\/wp-content\/uploads\/2023\/11\/grupo-de-empregos-whatsapp-e-facebook-ismael-colosi-vagas.jpg?ssl=1\" alt=\"\" \/><\/a><\/p>\n<!-- \/wp:image -->\n<\/div>\n<p> <br \/>\n<\/p>\n<div id=\"post-457018\">&#13;<br \/>\n&#13;<\/p>\n<header class=\"entry-header penci-entry-header penci-title-center\">&#13;<br \/>\n\t\t\t\t\t\t\t\t&#13;<\/p>\n<p>&#13;<br \/>\n\t\t\t\t\t\t\t\t\t<span class=\"entry-meta-item penci-posted-on\"><i class=\"fa fa-clock-o\"\/><time class=\"entry-date published updated\" datetime=\"2026-03-11T09:09:48-03:00\">11 de mar\u00e7o de 2026 09:09<\/time><\/span><span class=\"entry-meta-item penci-post-countview\"\/>\t\t\t\t\t\t\t\t<\/p>\n<p><!-- .entry-meta -->&#13;<br \/>\n\t\t\t\t\t\t\t\t<span class=\"penci-social-buttons penci-social-share-footer\"><span class=\"penci-social-share-text\">Compartilhar<\/span><a href=\"#\" class=\"penci-post-like penci_post-meta_item  single-like-button penci-social-item like\" data-post_id=\"457018\" title=\"Like\" data-like=\"Like\" data-unlike=\"Unlike\"><i class=\"fa fa-thumbs-o-up\"\/><span class=\"penci-share-number\">0<\/span><\/a><i class=\"fa fa-facebook\"\/><a class=\"penci-social-item twitter\" target=\"_blank\" rel=\"noopener\" title=\"\" href=\"https:\/\/twitter.com\/intent\/tweet?text=Prefeitura%20quer%20abrir%20\u2028cr\u00e9dito%20de%20R$%205,3%20mi%20-%20https:\/\/www.tribunaribeirao.com.br\/prefeitura-quer-abrir-credito-de-r-53-mi\/\"><i class=\"fa fa-twitter\"\/><\/a><i class=\"fa fa-linkedin\"\/><i class=\"fa fa-whatsapp\"\/><i class=\"fa fa-telegram\"\/><i class=\"fa fa-envelope\"\/><\/span>\t\t\t\t\t\t\t<\/header>\n<p><!-- .entry-header -->&#13;<\/p>\n<div class=\"penci-entry-content entry-content\">\n<p class=\"p1\">A prefeitura de Ribeir\u00e3o Preto enviou projeto de lei para a C\u00e2mara de Vereadores em que pede abertura de cr\u00e9dito no valor de at\u00e9 R$ 5.367.157,78 para a Secretaria Municipal de Sa\u00fade. Os recursos s\u00e3o provenientes de repasses federais e de emendas parlamentares de v\u00e1rios deputados.<\/p>\n<p>Ser\u00e3o destinados na aquisi\u00e7\u00e3o de equipamentos e custeio de a\u00e7\u00f5es e servi\u00e7os de sa\u00fade, como obras no N\u00facleo de Gest\u00e3o Assist\u00eancia l(NGA), na Unidade B\u00e1sica de Sa\u00fade (UBS) J\u00f3quei Clube e reforma na Unidade de Sa\u00fade da Fam\u00edlia (USF) do Jardim Maria Casagrande Lopes.<\/p>\n<p>Tamb\u00e9m ser\u00e1 usado para a aquisi\u00e7\u00e3o de equipamentos para a UBS do Parque dos Flamboyans, do Projeto Samuzinho e no custeio de despesas com medicamentos para as Unidades de Pronto Atendimento (UPAs).<\/p>\n<p>A prefeitura justifica que a abertura do cr\u00e9dito adicional especial \u00e9 necess\u00e1ria para possibilitar a adequada execu\u00e7\u00e3o or\u00e7ament\u00e1ria dos referidos recursos, assegurando sua correta aplica\u00e7\u00e3o nas a\u00e7\u00f5es e servi\u00e7os de sa\u00fade do Munic\u00edpio. O projeto ainda n\u00e3o tem data para ser votado pelos vereadores.<\/p>\n<\/div>\n<p><!-- .entry-content -->&#13;<br \/>\n&#13;<\/p>\n<footer class=\"penci-entry-footer\">&#13;<br \/>\n\t\t\t\t\t\t\t\t<span class=\"penci-social-buttons penci-social-share-footer\"><span class=\"penci-social-share-text\">Compartilhar<\/span><a href=\"#\" class=\"penci-post-like penci_post-meta_item  single-like-button penci-social-item like\" data-post_id=\"457018\" title=\"Like\" data-like=\"Like\" data-unlike=\"Unlike\"><i class=\"fa fa-thumbs-o-up\"\/><span class=\"penci-share-number\">0<\/span><\/a><i class=\"fa fa-facebook\"\/><a class=\"penci-social-item twitter\" target=\"_blank\" rel=\"noopener\" title=\"\" href=\"https:\/\/twitter.com\/intent\/tweet?text=Prefeitura%20quer%20abrir%20\u2028cr\u00e9dito%20de%20R$%205,3%20mi%20-%20https:\/\/www.tribunaribeirao.com.br\/prefeitura-quer-abrir-credito-de-r-53-mi\/\"><i class=\"fa fa-twitter\"\/><\/a><i class=\"fa fa-linkedin\"\/><i class=\"fa fa-whatsapp\"\/><i class=\"fa fa-telegram\"\/><i class=\"fa fa-envelope\"\/><\/span>\t\t\t\t\t\t\t<\/footer>\n<p><!-- .entry-footer -->&#13;\n\t\t\t\t\t\t<\/div>\n<p><script async src=\"\/\/platform.twitter.com\/widgets.js\" charset=\"utf-8\"><\/script><br \/>\n<br \/><br \/>\n<br \/><a href=\"https:\/\/www.tribunaribeirao.com.br\/prefeitura-quer-abrir-credito-de-r-53-mi\/\">Source link <\/a><\/p>\n<!-- CONTENT END 1 -->\n","protected":false},"excerpt":{"rendered":"<p>&#13; &#13; &#13; &#13; &#13; 11 de mar\u00e7o de 2026 09:09 &#13; Compartilhar0 &#13; A prefeitura de Ribeir\u00e3o Preto enviou projeto de lei para a&#8230;<\/p>\n","protected":false},"author":1,"featured_media":83151,"comment_status":"open","ping_status":"open","sticky":false,"template":"","format":"standard","meta":{"advanced_seo_description":"","jetpack_seo_html_title":"","jetpack_seo_noindex":false,"jetpack_post_was_ever_published":false,"_jetpack_newsletter_access":"","_jetpack_dont_email_post_to_subs":false,"_jetpack_newsletter_tier_id":0,"_jetpack_memberships_contains_paywalled_content":false,"_jetpack_memberships_contains_paid_content":false,"footnotes":"","jetpack_publicize_message":"","jetpack_publicize_feature_enabled":true,"jetpack_social_post_already_shared":true,"jetpack_social_options":{"image_generator_settings":{"template":"highway","default_image_id":0,"font":"","enabled":false},"version":2}},"categories":[11],"tags":[],"class_list":["post-83150","post","type-post","status-publish","format-standard","has-post-thumbnail","hentry","category-noticias-de-ribeirao-preto-sp-e-regiao-ismael-colosi"],"jetpack_publicize_connections":[],"jetpack_featured_media_url":"https:\/\/i0.wp.com\/noticiasribeiraopreto.com.br\/wp-content\/uploads\/2026\/03\/inicio_obras_ubs_flamboyant_-_foto_fernando_gonzaga_1-scaled.jpg?fit=1170%2C780&ssl=1","jetpack-related-posts":[{"id":84870,"url":"https:\/\/noticiasribeiraopreto.com.br\/index.php\/2026\/04\/17\/prefeitura-abrira-credito-de-r-64-mi-para-obras\/","url_meta":{"origin":83150,"position":0},"title":"Prefeitura abrir\u00e1 cr\u00e9dito \u2028de R$ 6,4 mi para Obras","author":"noticiasribeiraopreto.com.br","date":"17 de April de 2026","format":false,"excerpt":"\r \r \r \r \r 17 de abril de 2026 07:02 \r Compartilhar0 \r O prefeito Ricardo Silva (PSD) pediu \u00e0 C\u00e2mara de Vereadores autoriza\u00e7\u00e3o para abrir cr\u00e9dito especial do Or\u00e7amento Municipal deste ano, no valor de at\u00e9 R$ 6.426.961,44, destinado \u00e0 Secretaria de Obras P\u00fablicas de Ribeir\u00e3o Preto,. Segundo\u2026","rel":"","context":"In &quot;Not\u00edcias de Ribeir\u00e3o Preto-SP e Regi\u00e3o&quot;","block_context":{"text":"Not\u00edcias de Ribeir\u00e3o Preto-SP e Regi\u00e3o","link":"https:\/\/noticiasribeiraopreto.com.br\/index.php\/category\/noticias-de-ribeirao-preto-sp-e-regiao-ismael-colosi\/"},"img":{"alt_text":"","src":"https:\/\/i0.wp.com\/noticiasribeiraopreto.com.br\/wp-content\/uploads\/2026\/04\/ObrasCRE-Divulgacao-scaled.png?fit=1163%2C780&ssl=1&resize=350%2C200","width":350,"height":200,"srcset":"https:\/\/i0.wp.com\/noticiasribeiraopreto.com.br\/wp-content\/uploads\/2026\/04\/ObrasCRE-Divulgacao-scaled.png?fit=1163%2C780&ssl=1&resize=350%2C200 1x, https:\/\/i0.wp.com\/noticiasribeiraopreto.com.br\/wp-content\/uploads\/2026\/04\/ObrasCRE-Divulgacao-scaled.png?fit=1163%2C780&ssl=1&resize=525%2C300 1.5x, https:\/\/i0.wp.com\/noticiasribeiraopreto.com.br\/wp-content\/uploads\/2026\/04\/ObrasCRE-Divulgacao-scaled.png?fit=1163%2C780&ssl=1&resize=700%2C400 2x, https:\/\/i0.wp.com\/noticiasribeiraopreto.com.br\/wp-content\/uploads\/2026\/04\/ObrasCRE-Divulgacao-scaled.png?fit=1163%2C780&ssl=1&resize=1050%2C600 3x"},"classes":[]},{"id":894,"url":"https:\/\/noticiasribeiraopreto.com.br\/index.php\/2023\/11\/09\/rp-vereadores-aprovam-credito-de-r-202-mi\/","url_meta":{"origin":83150,"position":1},"title":"RP: vereadores aprovam\u00a0cr\u00e9dito de R$ 20,2 mi \u00a0","author":"noticiasribeiraopreto.com.br","date":"9 de November de 2023","format":false,"excerpt":"9 de novembro de 2023 | 14:009 de novembro de 2023 | 11:32 0A C\u00e2mara de Vereadores aprovou, na sess\u00e3o ordin\u00e1ria de ter\u00e7a-feira, 7 de novembro, dois projetos de lei do Executivo que autorizam a abertura de cr\u00e9dito da prefeitura de Ribeir\u00e3o Preto com as secretarias municipais da Sa\u00fade e\u2026","rel":"","context":"In &quot;Not\u00edcias de Ribeir\u00e3o Preto-SP e Regi\u00e3o&quot;","block_context":{"text":"Not\u00edcias de Ribeir\u00e3o Preto-SP e Regi\u00e3o","link":"https:\/\/noticiasribeiraopreto.com.br\/index.php\/category\/noticias-de-ribeirao-preto-sp-e-regiao-ismael-colosi\/"},"img":{"alt_text":"","src":"https:\/\/i0.wp.com\/noticiasribeiraopreto.com.br\/wp-content\/uploads\/2023\/11\/verba-scaled.jpg?fit=967%2C645&ssl=1&resize=350%2C200","width":350,"height":200,"srcset":"https:\/\/i0.wp.com\/noticiasribeiraopreto.com.br\/wp-content\/uploads\/2023\/11\/verba-scaled.jpg?fit=967%2C645&ssl=1&resize=350%2C200 1x, https:\/\/i0.wp.com\/noticiasribeiraopreto.com.br\/wp-content\/uploads\/2023\/11\/verba-scaled.jpg?fit=967%2C645&ssl=1&resize=525%2C300 1.5x, https:\/\/i0.wp.com\/noticiasribeiraopreto.com.br\/wp-content\/uploads\/2023\/11\/verba-scaled.jpg?fit=967%2C645&ssl=1&resize=700%2C400 2x"},"classes":[]},{"id":81538,"url":"https:\/\/noticiasribeiraopreto.com.br\/index.php\/2026\/01\/09\/prefeitura-no-interior-de-sp-abre-concurso-com-29-vagas-e-salarios-de-r-7-mil\/","url_meta":{"origin":83150,"position":2},"title":"Prefeitura no interior de SP abre concurso com 29 vagas e sal\u00e1rios de R$ 7 mil","author":"noticiasribeiraopreto.com.br","date":"9 de January de 2026","format":false,"excerpt":"A Prefeitura de Orl\u00e2ndia, no interior de S\u00e3o Paulo, est\u00e1 com inscri\u00e7\u00f5es abertas para concurso p\u00fablico que pretende contratar 24 profissionais de ensino superior. As oportunidades s\u00e3o para o cargo de diretor de escola, com sal\u00e1rio de R$ 7.046,00 para jornada de 36 horas semanais. Para concorrer a uma das\u2026","rel":"","context":"In &quot;Not\u00edcias de Ribeir\u00e3o Preto-SP e Regi\u00e3o&quot;","block_context":{"text":"Not\u00edcias de Ribeir\u00e3o Preto-SP e Regi\u00e3o","link":"https:\/\/noticiasribeiraopreto.com.br\/index.php\/category\/noticias-de-ribeirao-preto-sp-e-regiao-ismael-colosi\/"},"img":{"alt_text":"","src":"https:\/\/i0.wp.com\/noticiasribeiraopreto.com.br\/wp-content\/uploads\/2025\/09\/Copia-de-Copia-de-Copia-de-TAMANHO-EXATO-PARA-FOTOS-NO-SISTEMA-NOVO-2025-09-17T161849.265_2025-09-17_19-23-38.webp.webp?fit=1200%2C675&ssl=1&resize=350%2C200","width":350,"height":200,"srcset":"https:\/\/i0.wp.com\/noticiasribeiraopreto.com.br\/wp-content\/uploads\/2025\/09\/Copia-de-Copia-de-Copia-de-TAMANHO-EXATO-PARA-FOTOS-NO-SISTEMA-NOVO-2025-09-17T161849.265_2025-09-17_19-23-38.webp.webp?fit=1200%2C675&ssl=1&resize=350%2C200 1x, https:\/\/i0.wp.com\/noticiasribeiraopreto.com.br\/wp-content\/uploads\/2025\/09\/Copia-de-Copia-de-Copia-de-TAMANHO-EXATO-PARA-FOTOS-NO-SISTEMA-NOVO-2025-09-17T161849.265_2025-09-17_19-23-38.webp.webp?fit=1200%2C675&ssl=1&resize=525%2C300 1.5x, https:\/\/i0.wp.com\/noticiasribeiraopreto.com.br\/wp-content\/uploads\/2025\/09\/Copia-de-Copia-de-Copia-de-TAMANHO-EXATO-PARA-FOTOS-NO-SISTEMA-NOVO-2025-09-17T161849.265_2025-09-17_19-23-38.webp.webp?fit=1200%2C675&ssl=1&resize=700%2C400 2x, https:\/\/i0.wp.com\/noticiasribeiraopreto.com.br\/wp-content\/uploads\/2025\/09\/Copia-de-Copia-de-Copia-de-TAMANHO-EXATO-PARA-FOTOS-NO-SISTEMA-NOVO-2025-09-17T161849.265_2025-09-17_19-23-38.webp.webp?fit=1200%2C675&ssl=1&resize=1050%2C600 3x"},"classes":[]},{"id":61322,"url":"https:\/\/noticiasribeiraopreto.com.br\/index.php\/2024\/12\/09\/prefeitura-quer-incluir-novos-enderecos-na-cobranca-do-iptu-em-ribeirao-veja-os-locais\/","url_meta":{"origin":83150,"position":3},"title":"Prefeitura quer incluir novos endere\u00e7os na cobran\u00e7a do IPTU em Ribeir\u00e3o; Veja os locais","author":"noticiasribeiraopreto.com.br","date":"9 de December de 2024","format":false,"excerpt":"A Prefeitura de Ribeir\u00e3o Preto enviou para C\u00e2mara Municipal um projeto de lei complementar que inclui novas \u00e1reas urbanas na PGV (Planta Gen\u00e9rica de Valores), respons\u00e1vel por fixar o valor do metro quadrado dos im\u00f3veis, que \u00e9 utilizado no c\u00e1lculo do IPTU (Imposto Predial e Territorial Urbano). Segundo a prefeitura,\u2026","rel":"","context":"In &quot;Not\u00edcias de Ribeir\u00e3o Preto-SP e Regi\u00e3o&quot;","block_context":{"text":"Not\u00edcias de Ribeir\u00e3o Preto-SP e Regi\u00e3o","link":"https:\/\/noticiasribeiraopreto.com.br\/index.php\/category\/noticias-de-ribeirao-preto-sp-e-regiao-ismael-colosi\/"},"img":{"alt_text":"","src":"https:\/\/i0.wp.com\/noticiasribeiraopreto.com.br\/wp-content\/uploads\/2024\/12\/WhatsApp-Image-2023-11-30-at-16.22.28.jpeg?fit=1200%2C847&ssl=1&resize=350%2C200","width":350,"height":200,"srcset":"https:\/\/i0.wp.com\/noticiasribeiraopreto.com.br\/wp-content\/uploads\/2024\/12\/WhatsApp-Image-2023-11-30-at-16.22.28.jpeg?fit=1200%2C847&ssl=1&resize=350%2C200 1x, https:\/\/i0.wp.com\/noticiasribeiraopreto.com.br\/wp-content\/uploads\/2024\/12\/WhatsApp-Image-2023-11-30-at-16.22.28.jpeg?fit=1200%2C847&ssl=1&resize=525%2C300 1.5x, https:\/\/i0.wp.com\/noticiasribeiraopreto.com.br\/wp-content\/uploads\/2024\/12\/WhatsApp-Image-2023-11-30-at-16.22.28.jpeg?fit=1200%2C847&ssl=1&resize=700%2C400 2x, https:\/\/i0.wp.com\/noticiasribeiraopreto.com.br\/wp-content\/uploads\/2024\/12\/WhatsApp-Image-2023-11-30-at-16.22.28.jpeg?fit=1200%2C847&ssl=1&resize=1050%2C600 3x"},"classes":[]},{"id":922,"url":"https:\/\/noticiasribeiraopreto.com.br\/index.php\/2023\/11\/09\/estudo-contratado-pela-prefeitura-de-ribeirao-preve-menos-onibus-nas-ruas-em-2024\/","url_meta":{"origin":83150,"position":4},"title":"Estudo contratado pela Prefeitura de Ribeir\u00e3o prev\u00ea menos \u00f4nibus nas ruas em 2024","author":"noticiasribeiraopreto.com.br","date":"9 de November de 2023","format":false,"excerpt":"Um estudo contratado pela Prefeitura de Ribeir\u00e3o Preto aponta diminui\u00e7\u00e3o no n\u00famero de \u00f4nibus na cidade a partir de 2024. Segundo o documento obtido pelo acidade on, a frota operacional do transporte coletivo em Ribeir\u00e3o Preto prevista para outubro era de 313 ve\u00edculos, mas o n\u00famero deve diminuir para 290\u2026","rel":"","context":"In &quot;Not\u00edcias de Ribeir\u00e3o Preto-SP e Regi\u00e3o&quot;","block_context":{"text":"Not\u00edcias de Ribeir\u00e3o Preto-SP e Regi\u00e3o","link":"https:\/\/noticiasribeiraopreto.com.br\/index.php\/category\/noticias-de-ribeirao-preto-sp-e-regiao-ismael-colosi\/"},"img":{"alt_text":"","src":"https:\/\/i0.wp.com\/noticiasribeiraopreto.com.br\/wp-content\/uploads\/2023\/11\/novos-onibus-ribeirao-preto.jpg?fit=1200%2C800&ssl=1&resize=350%2C200","width":350,"height":200,"srcset":"https:\/\/i0.wp.com\/noticiasribeiraopreto.com.br\/wp-content\/uploads\/2023\/11\/novos-onibus-ribeirao-preto.jpg?fit=1200%2C800&ssl=1&resize=350%2C200 1x, https:\/\/i0.wp.com\/noticiasribeiraopreto.com.br\/wp-content\/uploads\/2023\/11\/novos-onibus-ribeirao-preto.jpg?fit=1200%2C800&ssl=1&resize=525%2C300 1.5x, https:\/\/i0.wp.com\/noticiasribeiraopreto.com.br\/wp-content\/uploads\/2023\/11\/novos-onibus-ribeirao-preto.jpg?fit=1200%2C800&ssl=1&resize=700%2C400 2x, https:\/\/i0.wp.com\/noticiasribeiraopreto.com.br\/wp-content\/uploads\/2023\/11\/novos-onibus-ribeirao-preto.jpg?fit=1200%2C800&ssl=1&resize=1050%2C600 3x"},"classes":[]},{"id":1366,"url":"https:\/\/noticiasribeiraopreto.com.br\/index.php\/2023\/11\/12\/prefeitura-de-ribeirao-preto-quer-concessao-para-os-pontos-de-onibus-entenda\/","url_meta":{"origin":83150,"position":5},"title":"Prefeitura de Ribeir\u00e3o Preto quer concess\u00e3o para os pontos de \u00f4nibus; Entenda","author":"noticiasribeiraopreto.com.br","date":"12 de November de 2023","format":false,"excerpt":"A Prefeitura de Ribeir\u00e3o Preto estuda, por meio da RP Mobi, a concess\u00e3o dos pontos de \u00f4nibus na cidade. A informa\u00e7\u00e3o consta em relat\u00f3rio da consultoria contratada pelo Executivo para avaliar os impactos econ\u00f4mico-financeiros do transporte coletivo. Segundo o documento obtido pela coluna, a responsabilidade pela manuten\u00e7\u00e3o e limpeza dos\u2026","rel":"","context":"In &quot;Not\u00edcias de Ribeir\u00e3o Preto-SP e Regi\u00e3o&quot;","block_context":{"text":"Not\u00edcias de Ribeir\u00e3o Preto-SP e Regi\u00e3o","link":"https:\/\/noticiasribeiraopreto.com.br\/index.php\/category\/noticias-de-ribeirao-preto-sp-e-regiao-ismael-colosi\/"},"img":{"alt_text":"","src":"https:\/\/i0.wp.com\/noticiasribeiraopreto.com.br\/wp-content\/uploads\/2023\/11\/ponto-de-onibus.jpg?fit=1200%2C799&ssl=1&resize=350%2C200","width":350,"height":200,"srcset":"https:\/\/i0.wp.com\/noticiasribeiraopreto.com.br\/wp-content\/uploads\/2023\/11\/ponto-de-onibus.jpg?fit=1200%2C799&ssl=1&resize=350%2C200 1x, https:\/\/i0.wp.com\/noticiasribeiraopreto.com.br\/wp-content\/uploads\/2023\/11\/ponto-de-onibus.jpg?fit=1200%2C799&ssl=1&resize=525%2C300 1.5x, https:\/\/i0.wp.com\/noticiasribeiraopreto.com.br\/wp-content\/uploads\/2023\/11\/ponto-de-onibus.jpg?fit=1200%2C799&ssl=1&resize=700%2C400 2x, https:\/\/i0.wp.com\/noticiasribeiraopreto.com.br\/wp-content\/uploads\/2023\/11\/ponto-de-onibus.jpg?fit=1200%2C799&ssl=1&resize=1050%2C600 3x"},"classes":[]}],"jetpack_sharing_enabled":true,"jetpack_shortlink":"https:\/\/wp.me\/peQAOb-lD8","_links":{"self":[{"href":"https:\/\/noticiasribeiraopreto.com.br\/index.php\/wp-json\/wp\/v2\/posts\/83150","targetHints":{"allow":["GET"]}}],"collection":[{"href":"https:\/\/noticiasribeiraopreto.com.br\/index.php\/wp-json\/wp\/v2\/posts"}],"about":[{"href":"https:\/\/noticiasribeiraopreto.com.br\/index.php\/wp-json\/wp\/v2\/types\/post"}],"author":[{"embeddable":true,"href":"https:\/\/noticiasribeiraopreto.com.br\/index.php\/wp-json\/wp\/v2\/users\/1"}],"replies":[{"embeddable":true,"href":"https:\/\/noticiasribeiraopreto.com.br\/index.php\/wp-json\/wp\/v2\/comments?post=83150"}],"version-history":[{"count":0,"href":"https:\/\/noticiasribeiraopreto.com.br\/index.php\/wp-json\/wp\/v2\/posts\/83150\/revisions"}],"wp:featuredmedia":[{"embeddable":true,"href":"https:\/\/noticiasribeiraopreto.com.br\/index.php\/wp-json\/wp\/v2\/media\/83151"}],"wp:attachment":[{"href":"https:\/\/noticiasribeiraopreto.com.br\/index.php\/wp-json\/wp\/v2\/media?parent=83150"}],"wp:term":[{"taxonomy":"category","embeddable":true,"href":"https:\/\/noticiasribeiraopreto.com.br\/index.php\/wp-json\/wp\/v2\/categories?post=83150"},{"taxonomy":"post_tag","embeddable":true,"href":"https:\/\/noticiasribeiraopreto.com.br\/index.php\/wp-json\/wp\/v2\/tags?post=83150"}],"curies":[{"name":"wp","href":"https:\/\/api.w.org\/{rel}","templated":true}]}}