{"id":83154,"date":"2026-03-11T10:12:27","date_gmt":"2026-03-11T13:12:27","guid":{"rendered":"https:\/\/noticiasribeiraopreto.com.br\/index.php\/2026\/03\/11\/encontro-em-ribeirao-preto-aborda-o-papel-do-parceiro-na-gestacao-veja-como-participar\/"},"modified":"2026-03-11T10:12:27","modified_gmt":"2026-03-11T13:12:27","slug":"encontro-em-ribeirao-preto-aborda-o-papel-do-parceiro-na-gestacao-veja-como-participar","status":"publish","type":"post","link":"https:\/\/noticiasribeiraopreto.com.br\/index.php\/2026\/03\/11\/encontro-em-ribeirao-preto-aborda-o-papel-do-parceiro-na-gestacao-veja-como-participar\/","title":{"rendered":"Encontro em Ribeir\u00e3o Preto aborda o papel do parceiro na gesta\u00e7\u00e3o; Veja como participar"},"content":{"rendered":"<div class='code-block code-block-1' style='margin: 8px 0 8px auto; text-align: right; display: block; clear: both;'>\n<p><a href=\"https:\/\/wa.link\/vpicfd\"><img data-recalc-dims=\"1\" class=\"wp-image-4922\" style=\"aspect-ratio: 2.0253164556962027; width: 561px; height: auto;\" src=\"https:\/\/i0.wp.com\/ismaelcolosi.com.br\/wp-content\/uploads\/2023\/11\/grupo-de-empregos-whatsapp-e-facebook-ismael-colosi-vagas.jpg?ssl=1\" alt=\"\" \/><\/a><\/p>\n<!-- \/wp:image -->\n<\/div>\n<p> <br \/>\n<\/p>\n<div>\n<p><strong>Ribeir\u00e3o Preto recebe um encontro que vai debater a participa\u00e7\u00e3o do pai no per\u00edodo de gesta\u00e7\u00e3o e p\u00f3s-parto de um filho.<\/strong><\/p>\n<p>Com o <strong>tema \u201cEle tamb\u00e9m gesta: o papel do parceiro no nascimento\u201d<\/strong>, <mark style=\"background-color:#fcb900\" class=\"has-inline-color has-black-color\">o evento ser\u00e1 realizado no pr\u00f3ximo s\u00e1bado (14), das 9h \u00e0s 12h, em uma cl\u00ednica de sa\u00fade no Jardim Iraj\u00e1, zona Sul. Confira o endere\u00e7o e como se inscrever abaixo.<\/mark><\/p>\n<p>O encontro prop\u00f5e uma conversa aberta sobre presen\u00e7a, parceria e participa\u00e7\u00e3o ativa do companheiro ao longo da gesta\u00e7\u00e3o, do parto e do p\u00f3s-parto.<\/p>\n<p>\u201cQuando o parceiro entende como pode participar ativamente desse processo, a experi\u00eancia do nascimento muda completamente. A mulher se sente mais apoiada e o casal se fortalece para o in\u00edcio da parentalidade\u201d, explica a fisioterapeuta e idealizadora do projeto, Daniella Leiros.<\/p>\n<h2 class=\"wp-block-heading\"><strong>Como se inscrever?<\/strong><\/h2>\n<p>As inscri\u00e7\u00f5es podem ser feitas pela internet (<a href=\"https:\/\/www.sympla.com.br\/evento\/roda-de-gestantes-marco-2026\/3203319\" data-type=\"link\" data-id=\"https:\/\/www.sympla.com.br\/evento\/roda-de-gestantes-marco-2026\/3203319\" target=\"_blank\" rel=\"noopener\">clique aqui<\/a>) e custam de R$ 15 a R$ 25. Todo o valor arrecadado ser\u00e1 revertido para a compra de absorventes femininos destinados \u00e0 ONG Casa de Passagem Projeto Esperan\u00e7a. Quem preferir, contudo, pode fazer a inscri\u00e7\u00e3o gratuitamente, mediante a doa\u00e7\u00e3o de absorventes a serem destinados \u00e0 entidade.<\/p>\n<h3 class=\"wp-block-heading\"><strong>Servi\u00e7o<\/strong><\/h3>\n<p><em>Roda de Gestantes \u2013 \u201cEle tamb\u00e9m gesta: o papel do parceiro no nascimento\u201d<\/em><\/p>\n<p><strong>Quando:<\/strong> S\u00e1bado, dia 14 de mar\u00e7o de 2026<br \/><strong>Hor\u00e1rio:<\/strong> Das 9h \u00e0s 12h<br \/><strong>Local:<\/strong> Cl\u00ednica Daniella Leiros<br \/><strong>Endere\u00e7o:<\/strong> Rua Galileu Galilei, 1.685, sala 801 \u2013 Edif\u00edcio Office Garden \u2013 Jardim Iraj\u00e1, Ribeir\u00e3o Preto<br \/><strong>Inscri\u00e7\u00f5es:<\/strong> <a href=\"https:\/\/www.sympla.com.br\/evento\/roda-de-gestantes-marco-2026\/3203319\" data-type=\"link\" data-id=\"https:\/\/www.sympla.com.br\/evento\/roda-de-gestantes-marco-2026\/3203319\" target=\"_blank\" rel=\"noopener\">Clique aqui<\/a> \u2013 Valores variam entre R$ 15,00 a R$ 25,00 (todo o valor arrecadado ser\u00e1 revertido para a compra de absorventes femininos \u00e0 ONG Casa de Passagem Projeto Esperan\u00e7a). Quem preferir, pode fazer a inscri\u00e7\u00e3o gratuitamente, mediante a doa\u00e7\u00e3o de absorventes a serem destinados \u00e0 entidade<br \/><strong>Informa\u00e7\u00f5es:<\/strong> (16) 99177-4433<\/p>\n<p>SAIBA MAIS<\/p>\n<p>Mega-Sena: Dez apostas de Ribeir\u00e3o Preto faturam pr\u00eamios; Veja n\u00fameros<\/p>\n<h4 class=\"wp-block-heading\"><strong>FIQUE ON<\/strong><\/h4>\n<p>Fique ligado em tudo que acontece em Ribeir\u00e3o Preto e regi\u00e3o. Siga os perfis do<strong>\u00a0acidade on\u00a0<\/strong>no<a href=\"https:\/\/www.instagram.com\/acidadeonribeirao\" target=\"_blank\" rel=\"noreferrer noopener\">\u00a0Instagram<\/a>\u00a0e no<a href=\"https:\/\/www.facebook.com\/acidadeonribeirao\/\" target=\"_blank\" rel=\"noreferrer noopener\">\u00a0Facebook<\/a>.<\/p>\n<p>Receba not\u00edcias do<strong>\u00a0acidade on\u00a0<\/strong>no WhatsApp. Para entrar no grupo,\u00a0basta<a href=\"https:\/\/chat.whatsapp.com\/GFH9HUMUTHNFJdnyEd0xxq\" target=\"_blank\" rel=\"noreferrer noopener\">\u00a0clicar aqui<\/a>. Ou, acesse o nosso\u00a0Canal\u00a0<a href=\"https:\/\/whatsapp.com\/channel\/0029Vb6IQl1JENyAeS57fk2p\" target=\"_blank\" rel=\"noreferrer noopener\">clicando aqui<\/a>.<\/p>\n<p>Fa\u00e7a uma den\u00fancia ou sugira uma reportagem sobre Ribeir\u00e3o Preto e regi\u00e3o pelo WhatsApp: 16 99117 7802.<\/p>\n<p>VEJA TAMB\u00c9M<\/p>\n<p>Lentilha: 3 receitas surpreendentes para o lanche da tarde<\/p>\n<p><!-- AI CONTENT END 1 -->\n<\/div>\n<p><script async src=\"\/\/www.instagram.com\/embed.js\"><\/script><br \/>\n<br \/><br \/>\n<br \/><a href=\"https:\/\/www.acidadeon.com\/ribeiraopreto\/cotidiano\/encontro-em-ribeirao-preto-aborda-o-papel-do-parceiro-na-gestacao-veja-como-participar\/\">Source link <\/a><\/p>\n<!-- CONTENT END 1 -->\n","protected":false},"excerpt":{"rendered":"<p>Ribeir\u00e3o Preto recebe um encontro que vai debater a participa\u00e7\u00e3o do pai no per\u00edodo de gesta\u00e7\u00e3o e p\u00f3s-parto de um filho. Com o tema \u201cEle&#8230;<\/p>\n","protected":false},"author":1,"featured_media":83155,"comment_status":"open","ping_status":"open","sticky":false,"template":"","format":"standard","meta":{"advanced_seo_description":"","jetpack_seo_html_title":"","jetpack_seo_noindex":false,"jetpack_post_was_ever_published":false,"_jetpack_newsletter_access":"","_jetpack_dont_email_post_to_subs":false,"_jetpack_newsletter_tier_id":0,"_jetpack_memberships_contains_paywalled_content":false,"_jetpack_memberships_contains_paid_content":false,"footnotes":"","jetpack_publicize_message":"","jetpack_publicize_feature_enabled":true,"jetpack_social_post_already_shared":true,"jetpack_social_options":{"image_generator_settings":{"template":"highway","default_image_id":0,"font":"","enabled":false},"version":2}},"categories":[11],"tags":[],"class_list":["post-83154","post","type-post","status-publish","format-standard","has-post-thumbnail","hentry","category-noticias-de-ribeirao-preto-sp-e-regiao-ismael-colosi"],"jetpack_publicize_connections":[],"jetpack_featured_media_url":"https:\/\/i0.wp.com\/noticiasribeiraopreto.com.br\/wp-content\/uploads\/2026\/03\/commanderclive-pregnant-971982_1280_2026-03-11_12-46-25.webp.webp?fit=1200%2C800&ssl=1","jetpack-related-posts":[{"id":35188,"url":"https:\/\/noticiasribeiraopreto.com.br\/index.php\/2024\/02\/05\/conselho-federal-de-enfermagem-define-normas-para-parto-domiciliar\/","url_meta":{"origin":83154,"position":0},"title":"Conselho Federal de Enfermagem define normas para parto domiciliar","author":"noticiasribeiraopreto.com.br","date":"5 de February de 2024","format":false,"excerpt":"5 de fevereiro de 2024 | 14:005 de fevereiro de 2024 | 11:57 0O Conselho Federal de Enfermagem ( Coren) estabeleceu normas para a atua\u00e7\u00e3o de enfermeiros obst\u00e9tricos e obstetriz \u2013 profissional respons\u00e1vel pela assist\u00eancia \u00e0 mulher da gesta\u00e7\u00e3o ao puerp\u00e9rio \u2013 no parto domiciliar planejado. A resolu\u00e7\u00e3o, publicada no\u00a0Di\u00e1rio\u2026","rel":"","context":"In &quot;Not\u00edcias de Ribeir\u00e3o Preto-SP e Regi\u00e3o&quot;","block_context":{"text":"Not\u00edcias de Ribeir\u00e3o Preto-SP e Regi\u00e3o","link":"https:\/\/noticiasribeiraopreto.com.br\/index.php\/category\/noticias-de-ribeirao-preto-sp-e-regiao-ismael-colosi\/"},"img":{"alt_text":"","src":"https:\/\/i0.wp.com\/noticiasribeiraopreto.com.br\/wp-content\/uploads\/2024\/02\/gravidascx-scaled.jpg?fit=967%2C645&ssl=1&resize=350%2C200","width":350,"height":200,"srcset":"https:\/\/i0.wp.com\/noticiasribeiraopreto.com.br\/wp-content\/uploads\/2024\/02\/gravidascx-scaled.jpg?fit=967%2C645&ssl=1&resize=350%2C200 1x, https:\/\/i0.wp.com\/noticiasribeiraopreto.com.br\/wp-content\/uploads\/2024\/02\/gravidascx-scaled.jpg?fit=967%2C645&ssl=1&resize=525%2C300 1.5x, https:\/\/i0.wp.com\/noticiasribeiraopreto.com.br\/wp-content\/uploads\/2024\/02\/gravidascx-scaled.jpg?fit=967%2C645&ssl=1&resize=700%2C400 2x"},"classes":[]},{"id":69257,"url":"https:\/\/noticiasribeiraopreto.com.br\/index.php\/2025\/05\/04\/jornal-da-franca-incontinencia-urinaria-na-gestacao-veja-as-causas-e-como-tratar\/","url_meta":{"origin":83154,"position":1},"title":"Jornal da Franca &#8211; Incontin\u00eancia urin\u00e1ria na gesta\u00e7\u00e3o: veja as causas e como tratar","author":"noticiasribeiraopreto.com.br","date":"4 de May de 2025","format":false,"excerpt":"compartilhar no whatsapp compartilhar no telegram compartilhar no facebook compartilhar no linkedin Aumento dos horm\u00f4nios, crescimento do \u00fatero e sobrecarga da musculatura p\u00e9lvica explicam a incontin\u00eancia urin\u00e1ria em gestantes Incontin\u00eancia urin\u00e1ria durante a gesta\u00e7\u00e3o \u00e9 um problema comum \u2013 foto Shutterstock \u00a0 A incontin\u00eancia urin\u00e1ria na gesta\u00e7\u00e3o \u00e9 uma condi\u00e7\u00e3o\u2026","rel":"","context":"In &quot;Not\u00edcias de Franca-SP&quot;","block_context":{"text":"Not\u00edcias de Franca-SP","link":"https:\/\/noticiasribeiraopreto.com.br\/index.php\/category\/noticias-de-ribeirao-preto-sp-e-regiao-ismael-colosi\/noticias-franca-sp\/"},"img":{"alt_text":"","src":"https:\/\/i0.wp.com\/noticiasribeiraopreto.com.br\/wp-content\/uploads\/2025\/05\/incontinencia-gravidez-causas-shutterstock.jpg?fit=1200%2C675&ssl=1&resize=350%2C200","width":350,"height":200,"srcset":"https:\/\/i0.wp.com\/noticiasribeiraopreto.com.br\/wp-content\/uploads\/2025\/05\/incontinencia-gravidez-causas-shutterstock.jpg?fit=1200%2C675&ssl=1&resize=350%2C200 1x, https:\/\/i0.wp.com\/noticiasribeiraopreto.com.br\/wp-content\/uploads\/2025\/05\/incontinencia-gravidez-causas-shutterstock.jpg?fit=1200%2C675&ssl=1&resize=525%2C300 1.5x, https:\/\/i0.wp.com\/noticiasribeiraopreto.com.br\/wp-content\/uploads\/2025\/05\/incontinencia-gravidez-causas-shutterstock.jpg?fit=1200%2C675&ssl=1&resize=700%2C400 2x, https:\/\/i0.wp.com\/noticiasribeiraopreto.com.br\/wp-content\/uploads\/2025\/05\/incontinencia-gravidez-causas-shutterstock.jpg?fit=1200%2C675&ssl=1&resize=1050%2C600 3x"},"classes":[]},{"id":15120,"url":"https:\/\/noticiasribeiraopreto.com.br\/index.php\/2023\/12\/13\/mulher-mei-tem-direito-surpreendente-veja-qual\/","url_meta":{"origin":83154,"position":2},"title":"Mulher MEI tem DIREITO SURPREENDENTE: veja qual","author":"noticiasribeiraopreto.com.br","date":"13 de December de 2023","format":false,"excerpt":"O benef\u00edcio do sal\u00e1rio-maternidade \u00e9 assegurado legalmente \u00e0s trabalhadoras. O objetivo de garantir a continuidade de seus rendimentos durante o per\u00edodo em que necessitam se afastar do emprego por conta da maternidade. Esse aux\u00edlio tamb\u00e9m \u00e9 concedido \u00e0s empreendedoras atuantes como microempreendedoras individuais (MEI). A solicita\u00e7\u00e3o do benef\u00edcio para as\u2026","rel":"","context":"In &quot;Vagas de Emprego em Ribeir\u00e3o Preto-SP&quot;","block_context":{"text":"Vagas de Emprego em Ribeir\u00e3o Preto-SP","link":"https:\/\/noticiasribeiraopreto.com.br\/index.php\/category\/empregos-classificados-vagas-trabalho\/vagas-de-empregos-em-ribeirao-preto-regiao-brasil\/"},"img":{"alt_text":"","src":"https:\/\/i0.wp.com\/noticiasribeiraopreto.com.br\/wp-content\/uploads\/2023\/12\/noticiasconcursos.com_.br-informacao-importante-para-maes-que-sao-mei-acaba-de-sair-5-44.jpg?fit=1200%2C800&ssl=1&resize=350%2C200","width":350,"height":200,"srcset":"https:\/\/i0.wp.com\/noticiasribeiraopreto.com.br\/wp-content\/uploads\/2023\/12\/noticiasconcursos.com_.br-informacao-importante-para-maes-que-sao-mei-acaba-de-sair-5-44.jpg?fit=1200%2C800&ssl=1&resize=350%2C200 1x, https:\/\/i0.wp.com\/noticiasribeiraopreto.com.br\/wp-content\/uploads\/2023\/12\/noticiasconcursos.com_.br-informacao-importante-para-maes-que-sao-mei-acaba-de-sair-5-44.jpg?fit=1200%2C800&ssl=1&resize=525%2C300 1.5x, https:\/\/i0.wp.com\/noticiasribeiraopreto.com.br\/wp-content\/uploads\/2023\/12\/noticiasconcursos.com_.br-informacao-importante-para-maes-que-sao-mei-acaba-de-sair-5-44.jpg?fit=1200%2C800&ssl=1&resize=700%2C400 2x, https:\/\/i0.wp.com\/noticiasribeiraopreto.com.br\/wp-content\/uploads\/2023\/12\/noticiasconcursos.com_.br-informacao-importante-para-maes-que-sao-mei-acaba-de-sair-5-44.jpg?fit=1200%2C800&ssl=1&resize=1050%2C600 3x"},"classes":[]},{"id":72230,"url":"https:\/\/noticiasribeiraopreto.com.br\/index.php\/2025\/06\/14\/policiais-militares-realizam-parto-em-casa-na-zona-norte-de-ribeirao-preto\/","url_meta":{"origin":83154,"position":3},"title":"Policiais militares realizam parto em casa na zona Norte de Ribeir\u00e3o Preto","author":"noticiasribeiraopreto.com.br","date":"14 de June de 2025","format":false,"excerpt":"Duas policiais miliares realizaram um parto neste s\u00e1bado (14), em uma casa no Parque Industrial Avelino, zona Norte de Ribeir\u00e3o Preto. Segundo a corpora\u00e7\u00e3o, a 3\u00b0 sargento PM Karoline e a soldado PM Andreia receberam o chamado pelo Copom (Centro de Opera\u00e7\u00f5es da Pol\u00edcia Militar) de uma gestante j\u00e1 em\u2026","rel":"","context":"In &quot;Not\u00edcias de Ribeir\u00e3o Preto-SP e Regi\u00e3o&quot;","block_context":{"text":"Not\u00edcias de Ribeir\u00e3o Preto-SP e Regi\u00e3o","link":"https:\/\/noticiasribeiraopreto.com.br\/index.php\/category\/noticias-de-ribeirao-preto-sp-e-regiao-ismael-colosi\/"},"img":{"alt_text":"","src":"https:\/\/i0.wp.com\/noticiasribeiraopreto.com.br\/wp-content\/uploads\/2025\/06\/WhatsApp-Image-2025-06-14-at-17.42.57_2025-06-14_20-46-41.webp.webp?fit=1200%2C675&ssl=1&resize=350%2C200","width":350,"height":200,"srcset":"https:\/\/i0.wp.com\/noticiasribeiraopreto.com.br\/wp-content\/uploads\/2025\/06\/WhatsApp-Image-2025-06-14-at-17.42.57_2025-06-14_20-46-41.webp.webp?fit=1200%2C675&ssl=1&resize=350%2C200 1x, https:\/\/i0.wp.com\/noticiasribeiraopreto.com.br\/wp-content\/uploads\/2025\/06\/WhatsApp-Image-2025-06-14-at-17.42.57_2025-06-14_20-46-41.webp.webp?fit=1200%2C675&ssl=1&resize=525%2C300 1.5x, https:\/\/i0.wp.com\/noticiasribeiraopreto.com.br\/wp-content\/uploads\/2025\/06\/WhatsApp-Image-2025-06-14-at-17.42.57_2025-06-14_20-46-41.webp.webp?fit=1200%2C675&ssl=1&resize=700%2C400 2x, https:\/\/i0.wp.com\/noticiasribeiraopreto.com.br\/wp-content\/uploads\/2025\/06\/WhatsApp-Image-2025-06-14-at-17.42.57_2025-06-14_20-46-41.webp.webp?fit=1200%2C675&ssl=1&resize=1050%2C600 3x"},"classes":[]},{"id":9136,"url":"https:\/\/noticiasribeiraopreto.com.br\/index.php\/2023\/12\/01\/mulher-de-70-anos-da-a-luz-gemeos-e-alega-que-foi-abandonada-pelo-seu-companheiro-nunca-mais-apareceu\/","url_meta":{"origin":83154,"position":4},"title":"Mulher de 70 anos d\u00e1 \u00e0 luz g\u00eameos e alega que foi abandonada pelo seu companheiro: &#8216;Nunca mais apareceu&#8217;","author":"noticiasribeiraopreto.com.br","date":"1 de December de 2023","format":false,"excerpt":"Segundo informa\u00e7\u00f5es fornecidas por uma unidade de sa\u00fade, uma mulher de 70 anos deu \u00e0 luz a g\u00eameos ap\u00f3s ter realizado um tratamento de fertiliza\u00e7\u00e3o. O caso aconteceu nesta \u00faltima quarta-feira, dia 29 de novembro.Safina Namukwaya deu \u00e0 luz a um menino e uma menina atrav\u00e9s de um procedimento de\u2026","rel":"","context":"In &quot;Blog&quot;","block_context":{"text":"Blog","link":"https:\/\/noticiasribeiraopreto.com.br\/index.php\/category\/blog\/"},"img":{"alt_text":"","src":"https:\/\/i0.wp.com\/noticiasribeiraopreto.com.br\/wp-content\/uploads\/2023\/12\/postimg-656a1d8c32c0d6142.jpg?fit=1200%2C628&ssl=1&resize=350%2C200","width":350,"height":200,"srcset":"https:\/\/i0.wp.com\/noticiasribeiraopreto.com.br\/wp-content\/uploads\/2023\/12\/postimg-656a1d8c32c0d6142.jpg?fit=1200%2C628&ssl=1&resize=350%2C200 1x, https:\/\/i0.wp.com\/noticiasribeiraopreto.com.br\/wp-content\/uploads\/2023\/12\/postimg-656a1d8c32c0d6142.jpg?fit=1200%2C628&ssl=1&resize=525%2C300 1.5x, https:\/\/i0.wp.com\/noticiasribeiraopreto.com.br\/wp-content\/uploads\/2023\/12\/postimg-656a1d8c32c0d6142.jpg?fit=1200%2C628&ssl=1&resize=700%2C400 2x, https:\/\/i0.wp.com\/noticiasribeiraopreto.com.br\/wp-content\/uploads\/2023\/12\/postimg-656a1d8c32c0d6142.jpg?fit=1200%2C628&ssl=1&resize=1050%2C600 3x"},"classes":[]},{"id":22951,"url":"https:\/\/noticiasribeiraopreto.com.br\/index.php\/2023\/12\/31\/lei-garante-acompanhamento-psicologico-pelo-sus-para-gestantes\/","url_meta":{"origin":83154,"position":5},"title":"Lei garante acompanhamento psicol\u00f3gico pelo SUS para gestantes","author":"noticiasribeiraopreto.com.br","date":"31 de December de 2023","format":false,"excerpt":"Entrou em vigor a Lei 14.721 que promete trazer importantes melhorias para o sistema de sa\u00fade no Brasil, especialmente para as m\u00e3es. Aprovada pelo governo federal, a lei garante o direito ao atendimento psicol\u00f3gico para gestantes atendidas pelo Sistema \u00danico de Sa\u00fade (SUS) em todas as fases da maternidade. Isso\u2026","rel":"","context":"In &quot;Variedades&quot;","block_context":{"text":"Variedades","link":"https:\/\/noticiasribeiraopreto.com.br\/index.php\/category\/variedades\/"},"img":{"alt_text":"","src":"https:\/\/i0.wp.com\/noticiasribeiraopreto.com.br\/wp-content\/uploads\/2023\/12\/istock-1368381315.jpg?fit=1200%2C638&ssl=1&resize=350%2C200","width":350,"height":200,"srcset":"https:\/\/i0.wp.com\/noticiasribeiraopreto.com.br\/wp-content\/uploads\/2023\/12\/istock-1368381315.jpg?fit=1200%2C638&ssl=1&resize=350%2C200 1x, https:\/\/i0.wp.com\/noticiasribeiraopreto.com.br\/wp-content\/uploads\/2023\/12\/istock-1368381315.jpg?fit=1200%2C638&ssl=1&resize=525%2C300 1.5x, https:\/\/i0.wp.com\/noticiasribeiraopreto.com.br\/wp-content\/uploads\/2023\/12\/istock-1368381315.jpg?fit=1200%2C638&ssl=1&resize=700%2C400 2x, https:\/\/i0.wp.com\/noticiasribeiraopreto.com.br\/wp-content\/uploads\/2023\/12\/istock-1368381315.jpg?fit=1200%2C638&ssl=1&resize=1050%2C600 3x"},"classes":[]}],"jetpack_sharing_enabled":true,"jetpack_shortlink":"https:\/\/wp.me\/peQAOb-lDc","_links":{"self":[{"href":"https:\/\/noticiasribeiraopreto.com.br\/index.php\/wp-json\/wp\/v2\/posts\/83154","targetHints":{"allow":["GET"]}}],"collection":[{"href":"https:\/\/noticiasribeiraopreto.com.br\/index.php\/wp-json\/wp\/v2\/posts"}],"about":[{"href":"https:\/\/noticiasribeiraopreto.com.br\/index.php\/wp-json\/wp\/v2\/types\/post"}],"author":[{"embeddable":true,"href":"https:\/\/noticiasribeiraopreto.com.br\/index.php\/wp-json\/wp\/v2\/users\/1"}],"replies":[{"embeddable":true,"href":"https:\/\/noticiasribeiraopreto.com.br\/index.php\/wp-json\/wp\/v2\/comments?post=83154"}],"version-history":[{"count":0,"href":"https:\/\/noticiasribeiraopreto.com.br\/index.php\/wp-json\/wp\/v2\/posts\/83154\/revisions"}],"wp:featuredmedia":[{"embeddable":true,"href":"https:\/\/noticiasribeiraopreto.com.br\/index.php\/wp-json\/wp\/v2\/media\/83155"}],"wp:attachment":[{"href":"https:\/\/noticiasribeiraopreto.com.br\/index.php\/wp-json\/wp\/v2\/media?parent=83154"}],"wp:term":[{"taxonomy":"category","embeddable":true,"href":"https:\/\/noticiasribeiraopreto.com.br\/index.php\/wp-json\/wp\/v2\/categories?post=83154"},{"taxonomy":"post_tag","embeddable":true,"href":"https:\/\/noticiasribeiraopreto.com.br\/index.php\/wp-json\/wp\/v2\/tags?post=83154"}],"curies":[{"name":"wp","href":"https:\/\/api.w.org\/{rel}","templated":true}]}}