{"id":83156,"date":"2026-03-11T10:20:35","date_gmt":"2026-03-11T13:20:35","guid":{"rendered":"https:\/\/noticiasribeiraopreto.com.br\/index.php\/2026\/03\/11\/grupo-com-atuacao-na-regiao-de-ribeirao-confirma-pedido-de-recuperacao-extrajudicial\/"},"modified":"2026-03-11T10:20:35","modified_gmt":"2026-03-11T13:20:35","slug":"grupo-com-atuacao-na-regiao-de-ribeirao-confirma-pedido-de-recuperacao-extrajudicial","status":"publish","type":"post","link":"https:\/\/noticiasribeiraopreto.com.br\/index.php\/2026\/03\/11\/grupo-com-atuacao-na-regiao-de-ribeirao-confirma-pedido-de-recuperacao-extrajudicial\/","title":{"rendered":"Grupo com atua\u00e7\u00e3o na regi\u00e3o de Ribeir\u00e3o confirma pedido de recupera\u00e7\u00e3o extrajudicial"},"content":{"rendered":"<div class='code-block code-block-1' style='margin: 8px 0 8px auto; text-align: right; display: block; clear: both;'>\n<p><a href=\"https:\/\/wa.link\/vpicfd\"><img data-recalc-dims=\"1\" class=\"wp-image-4922\" style=\"aspect-ratio: 2.0253164556962027; width: 561px; height: auto;\" src=\"https:\/\/i0.wp.com\/ismaelcolosi.com.br\/wp-content\/uploads\/2023\/11\/grupo-de-empregos-whatsapp-e-facebook-ismael-colosi-vagas.jpg?ssl=1\" alt=\"\" \/><\/a><\/p>\n<!-- \/wp:image -->\n<\/div>\n<p> <br \/>\n<\/p>\n<div>\n<p>O Grupo <strong>Ra\u00edzen<\/strong> confirmou nesta quarta-feira (11), que protocolou seu pedido de recupera\u00e7\u00e3o extrajudicial na Comarca da Capital de S\u00e3o Paulo para <mark style=\"background-color:#fcb900\" class=\"has-inline-color has-black-color\">renegociar cerca de R$ 65,1 bilh\u00f5es em d\u00edvidas<\/mark>. A informa\u00e7\u00e3o foi antecipada pelo Broadcast, sistema de not\u00edcias em tempo real do Grupo Estado.<\/p>\n<p>O grupo mant\u00e9m atua\u00e7\u00e3o na regi\u00e3o de Ribeir\u00e3o Preto, com usinas em <strong>Guariba<\/strong> e <strong>Igarapava<\/strong>, al\u00e9m de parques de bioenergia em <strong>Sert\u00e3ozinho<\/strong> e <strong>Morro Agudo<\/strong>. A Ra\u00edzen tamb\u00e9m conta com terminal de distribui\u00e7\u00e3o em <strong>Ribeir\u00e3o Preto<\/strong> e centro administrativo em <strong>Sert\u00e3ozinho<\/strong>.<\/p>\n<p>Em fato relevante enviado \u00e0 CVM (Comiss\u00e3o de Valores Mobili\u00e1rios), a empresa afirma que a recupera\u00e7\u00e3o extrajudicial foi consensualmente estruturada com seus principais credores financeiros quirograf\u00e1rios, com o objetivo de assegurar um ambiente jur\u00eddico est\u00e1vel, protegido e adequado para a negocia\u00e7\u00e3o e implementa\u00e7\u00e3o da reestrutura\u00e7\u00e3o das d\u00edvidas financeiras quirograf\u00e1rias no montante aproximado de R$ 65,1 bilh\u00f5es, bem como de outros cr\u00e9ditos intercompany.<\/p>\n<p>Segundo a empresa, o plano conta com ades\u00e3o expressa dos credores signat\u00e1rios titulares de mais de 47% das d\u00edvidas financeiras quirograf\u00e1rias, porcentual suficiente para o ajuizamento da recupera\u00e7\u00e3o extrajudicial e que demonstra apoio relevante aos esfor\u00e7os para viabilizar a reestrutura\u00e7\u00e3o das obriga\u00e7\u00f5es financeiras do Grupo Ra\u00edzen.<\/p>\n<figure class=\"wp-block-image size-large\"><img data-recalc-dims=\"1\" fetchpriority=\"high\" decoding=\"async\" width=\"1024\" height=\"576\" src=\"https:\/\/i0.wp.com\/cdn.media-acidadeon.com.br\/ribeiraopreto\/wp-content\/uploads\/sites\/3\/2025\/07\/Copia-de-Copia-de-Copia-de-TAMANHO-EXATO-PARA-FOTOS-NO-SISTEMA-NOVO-2025-07-16T203247.379_2025-07-16_23-34-46-1024x576.webp?resize=1024%2C576&#038;ssl=1\" alt=\"Ra\u00edzen anunciou a descontinua\u00e7\u00e3o da Usina Santa Elisa, em Sert\u00e3ozinho - Foto: Aur\u00e9lio Sal\/EPTV\" class=\"wp-image-122700\" title=\"Grupo com atua\u00e7\u00e3o na regi\u00e3o de Ribeir\u00e3o confirma pedido de recupera\u00e7\u00e3o extrajudicial 1\" srcset=\"https:\/\/cdn.media-acidadeon.com.br\/ribeiraopreto\/wp-content\/uploads\/sites\/3\/2025\/07\/Copia-de-Copia-de-Copia-de-TAMANHO-EXATO-PARA-FOTOS-NO-SISTEMA-NOVO-2025-07-16T203247.379_2025-07-16_23-34-46-1024x576.webp 1024w, https:\/\/cdn.media-acidadeon.com.br\/ribeiraopreto\/wp-content\/uploads\/sites\/3\/2025\/07\/Copia-de-Copia-de-Copia-de-TAMANHO-EXATO-PARA-FOTOS-NO-SISTEMA-NOVO-2025-07-16T203247.379_2025-07-16_23-34-46-300x169.webp 300w, https:\/\/cdn.media-acidadeon.com.br\/ribeiraopreto\/wp-content\/uploads\/sites\/3\/2025\/07\/Copia-de-Copia-de-Copia-de-TAMANHO-EXATO-PARA-FOTOS-NO-SISTEMA-NOVO-2025-07-16T203247.379_2025-07-16_23-34-46-768x432.webp 768w, https:\/\/cdn.media-acidadeon.com.br\/ribeiraopreto\/wp-content\/uploads\/sites\/3\/2025\/07\/Copia-de-Copia-de-Copia-de-TAMANHO-EXATO-PARA-FOTOS-NO-SISTEMA-NOVO-2025-07-16T203247.379_2025-07-16_23-34-46-696x392.webp 696w, https:\/\/cdn.media-acidadeon.com.br\/ribeiraopreto\/wp-content\/uploads\/sites\/3\/2025\/07\/Copia-de-Copia-de-Copia-de-TAMANHO-EXATO-PARA-FOTOS-NO-SISTEMA-NOVO-2025-07-16T203247.379_2025-07-16_23-34-46-1068x601.webp 1068w, https:\/\/cdn.media-acidadeon.com.br\/ribeiraopreto\/wp-content\/uploads\/sites\/3\/2025\/07\/Copia-de-Copia-de-Copia-de-TAMANHO-EXATO-PARA-FOTOS-NO-SISTEMA-NOVO-2025-07-16T203247.379_2025-07-16_23-34-46.webp 1200w\" sizes=\"(max-width: 1024px) 100vw, 1024px\"\/><figcaption class=\"wp-element-caption\">No ano passado, a Ra\u00edzen anunciou a descontinua\u00e7\u00e3o da Usina Santa Elisa, em Sert\u00e3ozinho \u2013 Foto: Aur\u00e9lio Sal\/EPTV<\/figcaption><\/figure>\n<h2 class=\"wp-block-heading\"><strong>Novos termos<\/strong><\/h2>\n<p>A companhia lembra que, nos termos da legisla\u00e7\u00e3o aplic\u00e1vel, o Grupo Ra\u00edzen disp\u00f5e do prazo de 90 dias, a contar do processamento da recupera\u00e7\u00e3o extrajudicial, para obter o porcentual m\u00ednimo necess\u00e1rio \u00e0 homologa\u00e7\u00e3o de seu plano de recupera\u00e7\u00e3o extrajudicial, assegurando, assim, a vincula\u00e7\u00e3o de 100% dos Cr\u00e9ditos Sujeitos aos novos termos e condi\u00e7\u00f5es de pagamento a serem definidos no Plano.<\/p>\n<p>\u201cO plano poder\u00e1 envolver a capitaliza\u00e7\u00e3o do Grupo Ra\u00edzen pelos seus acionistas; a convers\u00e3o de parte dos Cr\u00e9ditos Sujeitos em participa\u00e7\u00e3o acion\u00e1ria na companhia; a substitui\u00e7\u00e3o de parte dos Cr\u00e9ditos Sujeitos por novas d\u00edvidas; reorganiza\u00e7\u00f5es societ\u00e1rias, destinadas \u00e0 segrega\u00e7\u00e3o de parcela dos neg\u00f3cios atualmente conduzidos pelo Grupo Ra\u00edzen; e venda de ativos do Grupo Ra\u00edzen\u201d, informa.<\/p>\n<p>A Ra\u00edzen esclarece que a recupera\u00e7\u00e3o extrajudicial possui escopo limitado, estritamente financeiro, e n\u00e3o abranger\u00e1 as d\u00edvidas e obriga\u00e7\u00f5es do Grupo Ra\u00edzen com seus clientes, fornecedores, revendedores e outros parceiros de neg\u00f3cios, essenciais para a sua opera\u00e7\u00e3o e continuidade de suas atividades, as quais permanecem vigentes e continuar\u00e3o sendo cumpridas normalmente nos termos dos respectivos contratos.<\/p>\n<p>\u201cAs opera\u00e7\u00f5es do Grupo Ra\u00edzen seguem sendo conduzidas normalmente, no atendimento a clientes, na rela\u00e7\u00e3o com fornecedores e na execu\u00e7\u00e3o de seus planos de neg\u00f3cios\u201d, afirma (com informa\u00e7\u00f5es <strong>Beth Moreira\/Estad\u00e3o Conte\u00fado<\/strong>).<\/p>\n<figure class=\"wp-block-image size-full\"><img data-recalc-dims=\"1\" loading=\"lazy\" decoding=\"async\" width=\"860\" height=\"420\" src=\"https:\/\/i0.wp.com\/cdn.media-acidadeon.com.br\/ribeiraopreto\/wp-content\/uploads\/sites\/3\/2025\/11\/post-284-bb8a2dd7-bip-5244.webp?resize=860%2C420&#038;ssl=1\" alt=\"Usina Continental foi vendida por R$ 750 milh\u00f5es, conforme an\u00fancio da Ra\u00edzen - Foto: divulga\u00e7\u00e3o.\" class=\"wp-image-135387\" title=\"Grupo com atua\u00e7\u00e3o na regi\u00e3o de Ribeir\u00e3o confirma pedido de recupera\u00e7\u00e3o extrajudicial 2\" srcset=\"https:\/\/cdn.media-acidadeon.com.br\/ribeiraopreto\/wp-content\/uploads\/sites\/3\/2025\/11\/post-284-bb8a2dd7-bip-5244.webp 860w, https:\/\/cdn.media-acidadeon.com.br\/ribeiraopreto\/wp-content\/uploads\/sites\/3\/2025\/11\/post-284-bb8a2dd7-bip-5244-300x147.webp 300w, https:\/\/cdn.media-acidadeon.com.br\/ribeiraopreto\/wp-content\/uploads\/sites\/3\/2025\/11\/post-284-bb8a2dd7-bip-5244-768x375.webp 768w, https:\/\/cdn.media-acidadeon.com.br\/ribeiraopreto\/wp-content\/uploads\/sites\/3\/2025\/11\/post-284-bb8a2dd7-bip-5244-696x340.webp 696w\" sizes=\"auto, (max-width: 860px) 100vw, 860px\"\/><figcaption class=\"wp-element-caption\">Ra\u00edzen pretende renegociar d\u00edvidas de R$ 65 bilh\u00f5es \u2013 Foto: divulga\u00e7\u00e3o.<\/figcaption><\/figure>\n<p>SAIBA MAIS<br \/>Alerta vermelho \u00e9 emitido para o interior de SP; Veja cidades afetadas<\/p>\n<h2 class=\"wp-block-heading\"><strong>FIQUE ON<\/strong><\/h2>\n<p>Fique ligado em tudo que acontece em Ribeir\u00e3o Preto e regi\u00e3o. Siga os perfis do\u00a0<strong>acidade on<\/strong>\u00a0no\u00a0<a href=\"https:\/\/www.instagram.com\/acidadeonribeirao\" data-type=\"link\" data-id=\"https:\/\/www.instagram.com\/acidadeonribeirao\" target=\"_blank\" rel=\"noopener\">Instagram<\/a>\u00a0e no<a href=\"https:\/\/www.facebook.com\/acidadeonribeirao\/\" data-type=\"link\" data-id=\"https:\/\/www.facebook.com\/acidadeonribeirao\/\" target=\"_blank\" rel=\"noopener\">\u00a0Facebook<\/a>.<\/p>\n<p>Receba not\u00edcias do\u00a0<strong>acidade on<\/strong>\u00a0no WhatsApp. Para entrar no grupo,\u00a0basta<a href=\"https:\/\/chat.whatsapp.com\/GFH9HUMUTHNFJdnyEd0xxq\" data-type=\"link\" data-id=\"https:\/\/chat.whatsapp.com\/GFH9HUMUTHNFJdnyEd0xxq\" target=\"_blank\" rel=\"noopener\"> clicar aqui<\/a>. Ou, acesse o nosso\u00a0Canal <a href=\"https:\/\/whatsapp.com\/channel\/0029Vb6IQl1JENyAeS57fk2p\" data-type=\"link\" data-id=\"https:\/\/whatsapp.com\/channel\/0029Vb6IQl1JENyAeS57fk2p\" target=\"_blank\" rel=\"noopener\">clicando aqui<\/a>.<\/p>\n<p>Fa\u00e7a uma den\u00fancia ou sugira uma reportagem sobre Ribeir\u00e3o Preto e regi\u00e3o pelo WhatsApp: 16 99117 7802.<\/p>\n<p>VEJA TAMB\u00c9M<br \/>5 receitas com til\u00e1pia para um almo\u00e7o saud\u00e1vel e f\u00e1cil de preparar\u00a0<\/p>\n<p><!-- AI CONTENT END 1 -->\n<\/div>\n<p><script async src=\"\/\/www.instagram.com\/embed.js\"><\/script><br \/>\n<br \/><br \/>\n<br \/><a href=\"https:\/\/www.acidadeon.com\/ribeiraopreto\/economia\/grupo-com-atuacao-na-regiao-de-ribeirao-confirma-pedido-de-recuperacao-extrajudicial\/\">Source link <\/a><\/p>\n<!-- CONTENT END 1 -->\n","protected":false},"excerpt":{"rendered":"<p>O Grupo Ra\u00edzen confirmou nesta quarta-feira (11), que protocolou seu pedido de recupera\u00e7\u00e3o extrajudicial na Comarca da Capital de S\u00e3o Paulo para renegociar cerca de&#8230;<\/p>\n","protected":false},"author":1,"featured_media":83157,"comment_status":"open","ping_status":"open","sticky":false,"template":"","format":"standard","meta":{"advanced_seo_description":"","jetpack_seo_html_title":"","jetpack_seo_noindex":false,"jetpack_post_was_ever_published":false,"_jetpack_newsletter_access":"","_jetpack_dont_email_post_to_subs":false,"_jetpack_newsletter_tier_id":0,"_jetpack_memberships_contains_paywalled_content":false,"_jetpack_memberships_contains_paid_content":false,"footnotes":"","jetpack_publicize_message":"","jetpack_publicize_feature_enabled":true,"jetpack_social_post_already_shared":true,"jetpack_social_options":{"image_generator_settings":{"template":"highway","default_image_id":0,"font":"","enabled":false},"version":2}},"categories":[11],"tags":[],"class_list":["post-83156","post","type-post","status-publish","format-standard","has-post-thumbnail","hentry","category-noticias-de-ribeirao-preto-sp-e-regiao-ismael-colosi"],"jetpack_publicize_connections":[],"jetpack_featured_media_url":"https:\/\/i0.wp.com\/noticiasribeiraopreto.com.br\/wp-content\/uploads\/2026\/03\/raizen-guariba_2026-03-11_12-36-06.webp.webp?fit=1200%2C586&ssl=1","jetpack-related-posts":[{"id":83177,"url":"https:\/\/noticiasribeiraopreto.com.br\/index.php\/2026\/03\/11\/grupo-raizen-pede-recuperacao-extrajudicial\/","url_meta":{"origin":83156,"position":0},"title":"Grupo Ra\u00edzen pede recupera\u00e7\u00e3o extrajudicial","author":"noticiasribeiraopreto.com.br","date":"11 de March de 2026","format":false,"excerpt":"Maior produtora mundial de etanol e biomassa de cana-de-a\u00e7\u00facar, dona da marca Shell e uma das gigantes do setor de agroenergia, a Ra\u00edzen apresentou pedido de recupera\u00e7\u00e3o extrajudicial nesta quarta-feira, 11 de mar\u00e7o. Segundo a companhia, a proposta de renegocia\u00e7\u00e3o de suas d\u00edvidas, que superam os R$ 65,1 bilh\u00f5es, foi\u2026","rel":"","context":"In &quot;Not\u00edcias de Ribeir\u00e3o Preto-SP e Regi\u00e3o&quot;","block_context":{"text":"Not\u00edcias de Ribeir\u00e3o Preto-SP e Regi\u00e3o","link":"https:\/\/noticiasribeiraopreto.com.br\/index.php\/category\/noticias-de-ribeirao-preto-sp-e-regiao-ismael-colosi\/"},"img":{"alt_text":"","src":"https:\/\/i0.wp.com\/noticiasribeiraopreto.com.br\/wp-content\/uploads\/2026\/03\/raizen.jpeg?fit=1170%2C700&ssl=1&resize=350%2C200","width":350,"height":200,"srcset":"https:\/\/i0.wp.com\/noticiasribeiraopreto.com.br\/wp-content\/uploads\/2026\/03\/raizen.jpeg?fit=1170%2C700&ssl=1&resize=350%2C200 1x, https:\/\/i0.wp.com\/noticiasribeiraopreto.com.br\/wp-content\/uploads\/2026\/03\/raizen.jpeg?fit=1170%2C700&ssl=1&resize=525%2C300 1.5x, https:\/\/i0.wp.com\/noticiasribeiraopreto.com.br\/wp-content\/uploads\/2026\/03\/raizen.jpeg?fit=1170%2C700&ssl=1&resize=700%2C400 2x, https:\/\/i0.wp.com\/noticiasribeiraopreto.com.br\/wp-content\/uploads\/2026\/03\/raizen.jpeg?fit=1170%2C700&ssl=1&resize=1050%2C600 3x"},"classes":[]},{"id":83179,"url":"https:\/\/noticiasribeiraopreto.com.br\/index.php\/2026\/03\/11\/grupo-raizen-pede-recuperacao-extrajudicial-2\/","url_meta":{"origin":83156,"position":1},"title":"Grupo Ra\u00edzen pede recupera\u00e7\u00e3o extrajudicial","author":"noticiasribeiraopreto.com.br","date":"11 de March de 2026","format":false,"excerpt":"Maior produtora mundial de etanol e biomassa de cana-de-a\u00e7\u00facar, dona da marca Shell e uma das gigantes do setor de agroenergia, a Ra\u00edzen apresentou pedido de recupera\u00e7\u00e3o extrajudicial nesta quarta-feira, 11 de mar\u00e7o. Segundo a companhia, a proposta de renegocia\u00e7\u00e3o de suas d\u00edvidas, que superam os R$ 65,1 bilh\u00f5es, foi\u2026","rel":"","context":"In &quot;Not\u00edcias de Ribeir\u00e3o Preto-SP e Regi\u00e3o&quot;","block_context":{"text":"Not\u00edcias de Ribeir\u00e3o Preto-SP e Regi\u00e3o","link":"https:\/\/noticiasribeiraopreto.com.br\/index.php\/category\/noticias-de-ribeirao-preto-sp-e-regiao-ismael-colosi\/"},"img":{"alt_text":"","src":"https:\/\/i0.wp.com\/noticiasribeiraopreto.com.br\/wp-content\/uploads\/2026\/03\/raizen.jpg?fit=1170%2C700&ssl=1&resize=350%2C200","width":350,"height":200,"srcset":"https:\/\/i0.wp.com\/noticiasribeiraopreto.com.br\/wp-content\/uploads\/2026\/03\/raizen.jpg?fit=1170%2C700&ssl=1&resize=350%2C200 1x, https:\/\/i0.wp.com\/noticiasribeiraopreto.com.br\/wp-content\/uploads\/2026\/03\/raizen.jpg?fit=1170%2C700&ssl=1&resize=525%2C300 1.5x, https:\/\/i0.wp.com\/noticiasribeiraopreto.com.br\/wp-content\/uploads\/2026\/03\/raizen.jpg?fit=1170%2C700&ssl=1&resize=700%2C400 2x, https:\/\/i0.wp.com\/noticiasribeiraopreto.com.br\/wp-content\/uploads\/2026\/03\/raizen.jpg?fit=1170%2C700&ssl=1&resize=1050%2C600 3x"},"classes":[]},{"id":83252,"url":"https:\/\/noticiasribeiraopreto.com.br\/index.php\/2026\/03\/14\/tj-acata-pedido-da-raizen\/","url_meta":{"origin":83156,"position":2},"title":"TJ acata pedido da Ra\u00edzen","author":"noticiasribeiraopreto.com.br","date":"14 de March de 2026","format":false,"excerpt":"O juiz Paulo Furtado de Oliveira Filho, da 2\u00aa Vara de Fal\u00eancias e Recupera\u00e7\u00f5es Judiciais do Tribunal de Justi\u00e7a de S\u00e3o Paulo, aceitou o processamento do pedido de homologa\u00e7\u00e3o do plano de recupera\u00e7\u00e3o extrajudicial apresentado pela Ra\u00edzen, dando in\u00edcio formal ao procedimento de renegocia\u00e7\u00e3o de d\u00edvidas da companhia, a maior\u2026","rel":"","context":"In &quot;Not\u00edcias de Ribeir\u00e3o Preto-SP e Regi\u00e3o&quot;","block_context":{"text":"Not\u00edcias de Ribeir\u00e3o Preto-SP e Regi\u00e3o","link":"https:\/\/noticiasribeiraopreto.com.br\/index.php\/category\/noticias-de-ribeirao-preto-sp-e-regiao-ismael-colosi\/"},"img":{"alt_text":"","src":"https:\/\/i0.wp.com\/noticiasribeiraopreto.com.br\/wp-content\/uploads\/2026\/03\/Raizen-Photo-Art-Fotografias-Raizen.jpg?fit=1170%2C700&ssl=1&resize=350%2C200","width":350,"height":200,"srcset":"https:\/\/i0.wp.com\/noticiasribeiraopreto.com.br\/wp-content\/uploads\/2026\/03\/Raizen-Photo-Art-Fotografias-Raizen.jpg?fit=1170%2C700&ssl=1&resize=350%2C200 1x, https:\/\/i0.wp.com\/noticiasribeiraopreto.com.br\/wp-content\/uploads\/2026\/03\/Raizen-Photo-Art-Fotografias-Raizen.jpg?fit=1170%2C700&ssl=1&resize=525%2C300 1.5x, https:\/\/i0.wp.com\/noticiasribeiraopreto.com.br\/wp-content\/uploads\/2026\/03\/Raizen-Photo-Art-Fotografias-Raizen.jpg?fit=1170%2C700&ssl=1&resize=700%2C400 2x, https:\/\/i0.wp.com\/noticiasribeiraopreto.com.br\/wp-content\/uploads\/2026\/03\/Raizen-Photo-Art-Fotografias-Raizen.jpg?fit=1170%2C700&ssl=1&resize=1050%2C600 3x"},"classes":[]},{"id":4592,"url":"https:\/\/noticiasribeiraopreto.com.br\/index.php\/2023\/11\/21\/grupo-com-supermercado-em-ribeirao-tem-pedido-de-recuperacao-judicial-aceito\/","url_meta":{"origin":83156,"position":3},"title":"Grupo com supermercado em Ribeir\u00e3o tem pedido de recupera\u00e7\u00e3o judicial aceito","author":"noticiasribeiraopreto.com.br","date":"21 de November de 2023","format":false,"excerpt":"A Justi\u00e7a de Santa Rosa de Viterbo aceitou o pedido de recupera\u00e7\u00e3o judicial do Grupo Solar Supermercados, dono do Alma Julia, de Ribeir\u00e3o Preto. A empresa j\u00e1 tinha tido o pedido de recupera\u00e7\u00e3o judicial negado, ap\u00f3s alegar crise econ\u00f4mica de R$ 135 milh\u00f5es. A decis\u00e3o \u00e9 do juiz Alexandre Cesar\u2026","rel":"","context":"In &quot;Not\u00edcias de Ribeir\u00e3o Preto-SP e Regi\u00e3o&quot;","block_context":{"text":"Not\u00edcias de Ribeir\u00e3o Preto-SP e Regi\u00e3o","link":"https:\/\/noticiasribeiraopreto.com.br\/index.php\/category\/noticias-de-ribeirao-preto-sp-e-regiao-ismael-colosi\/"},"img":{"alt_text":"","src":"https:\/\/i0.wp.com\/noticiasribeiraopreto.com.br\/wp-content\/uploads\/2023\/11\/supermercado-alma-julia.jpg?fit=1200%2C792&ssl=1&resize=350%2C200","width":350,"height":200,"srcset":"https:\/\/i0.wp.com\/noticiasribeiraopreto.com.br\/wp-content\/uploads\/2023\/11\/supermercado-alma-julia.jpg?fit=1200%2C792&ssl=1&resize=350%2C200 1x, https:\/\/i0.wp.com\/noticiasribeiraopreto.com.br\/wp-content\/uploads\/2023\/11\/supermercado-alma-julia.jpg?fit=1200%2C792&ssl=1&resize=525%2C300 1.5x, https:\/\/i0.wp.com\/noticiasribeiraopreto.com.br\/wp-content\/uploads\/2023\/11\/supermercado-alma-julia.jpg?fit=1200%2C792&ssl=1&resize=700%2C400 2x, https:\/\/i0.wp.com\/noticiasribeiraopreto.com.br\/wp-content\/uploads\/2023\/11\/supermercado-alma-julia.jpg?fit=1200%2C792&ssl=1&resize=1050%2C600 3x"},"classes":[]},{"id":83933,"url":"https:\/\/noticiasribeiraopreto.com.br\/index.php\/2026\/03\/29\/aumentam-os-pedidos-de-recuperacao-extrajudicial\/","url_meta":{"origin":83156,"position":4},"title":"Aumentam os pedidos de recupera\u00e7\u00e3o extrajudicial","author":"noticiasribeiraopreto.com.br","date":"29 de March de 2026","format":false,"excerpt":"Nos \u00faltimos anos, tornou-se cada vez mais comum acompanhar nos notici\u00e1rios an\u00fancios de empresas que ingressam com pedidos de recupera\u00e7\u00e3o judicial ou que negociam acordos de recupera\u00e7\u00e3o extrajudicial com seus credores. O maior n\u00famero de casos, com expressivo crescimento em 2025, est\u00e1 no agroneg\u00f3cio. Somente no m\u00eas de mar\u00e7o deste\u2026","rel":"","context":"In &quot;Not\u00edcias de Ribeir\u00e3o Preto-SP e Regi\u00e3o&quot;","block_context":{"text":"Not\u00edcias de Ribeir\u00e3o Preto-SP e Regi\u00e3o","link":"https:\/\/noticiasribeiraopreto.com.br\/index.php\/category\/noticias-de-ribeirao-preto-sp-e-regiao-ismael-colosi\/"},"img":{"alt_text":"","src":"https:\/\/i0.wp.com\/noticiasribeiraopreto.com.br\/wp-content\/uploads\/2026\/03\/fotoandrerocha1-creditoreproducao-scaled.jpg?fit=1200%2C800&ssl=1&resize=350%2C200","width":350,"height":200,"srcset":"https:\/\/i0.wp.com\/noticiasribeiraopreto.com.br\/wp-content\/uploads\/2026\/03\/fotoandrerocha1-creditoreproducao-scaled.jpg?fit=1200%2C800&ssl=1&resize=350%2C200 1x, https:\/\/i0.wp.com\/noticiasribeiraopreto.com.br\/wp-content\/uploads\/2026\/03\/fotoandrerocha1-creditoreproducao-scaled.jpg?fit=1200%2C800&ssl=1&resize=525%2C300 1.5x, https:\/\/i0.wp.com\/noticiasribeiraopreto.com.br\/wp-content\/uploads\/2026\/03\/fotoandrerocha1-creditoreproducao-scaled.jpg?fit=1200%2C800&ssl=1&resize=700%2C400 2x, https:\/\/i0.wp.com\/noticiasribeiraopreto.com.br\/wp-content\/uploads\/2026\/03\/fotoandrerocha1-creditoreproducao-scaled.jpg?fit=1200%2C800&ssl=1&resize=1050%2C600 3x"},"classes":[]},{"id":83120,"url":"https:\/\/noticiasribeiraopreto.com.br\/index.php\/2026\/03\/10\/grupo-com-lojas-em-ribeirao-preto-pede-recuperacao-extrajudicial\/","url_meta":{"origin":83156,"position":5},"title":"Grupo com lojas em Ribeir\u00e3o Preto pede recupera\u00e7\u00e3o extrajudicial","author":"noticiasribeiraopreto.com.br","date":"10 de March de 2026","format":false,"excerpt":"O GPA (Grupo P\u00e3o de A\u00e7\u00facar), que administra quatro lojas em Ribeir\u00e3o Preto, protocolou pedido de recupera\u00e7\u00e3o extrajudicial para renegociar cerca de R$ 4,5 bilh\u00f5es em d\u00edvidas n\u00e3o operacionais. De acordo com o Estad\u00e3o, o presidente da companhia, Alexandre Santoro, disse que a medida conta com ades\u00e3o de 46% dos\u2026","rel":"","context":"In &quot;Not\u00edcias de Ribeir\u00e3o Preto-SP e Regi\u00e3o&quot;","block_context":{"text":"Not\u00edcias de Ribeir\u00e3o Preto-SP e Regi\u00e3o","link":"https:\/\/noticiasribeiraopreto.com.br\/index.php\/category\/noticias-de-ribeirao-preto-sp-e-regiao-ismael-colosi\/"},"img":{"alt_text":"","src":"https:\/\/i0.wp.com\/noticiasribeiraopreto.com.br\/wp-content\/uploads\/2026\/03\/loja-pao-de-acucar_2026-03-10_12-45-24.webp.webp?fit=1200%2C684&ssl=1&resize=350%2C200","width":350,"height":200,"srcset":"https:\/\/i0.wp.com\/noticiasribeiraopreto.com.br\/wp-content\/uploads\/2026\/03\/loja-pao-de-acucar_2026-03-10_12-45-24.webp.webp?fit=1200%2C684&ssl=1&resize=350%2C200 1x, https:\/\/i0.wp.com\/noticiasribeiraopreto.com.br\/wp-content\/uploads\/2026\/03\/loja-pao-de-acucar_2026-03-10_12-45-24.webp.webp?fit=1200%2C684&ssl=1&resize=525%2C300 1.5x, https:\/\/i0.wp.com\/noticiasribeiraopreto.com.br\/wp-content\/uploads\/2026\/03\/loja-pao-de-acucar_2026-03-10_12-45-24.webp.webp?fit=1200%2C684&ssl=1&resize=700%2C400 2x, https:\/\/i0.wp.com\/noticiasribeiraopreto.com.br\/wp-content\/uploads\/2026\/03\/loja-pao-de-acucar_2026-03-10_12-45-24.webp.webp?fit=1200%2C684&ssl=1&resize=1050%2C600 3x"},"classes":[]}],"jetpack_sharing_enabled":true,"jetpack_shortlink":"https:\/\/wp.me\/peQAOb-lDe","_links":{"self":[{"href":"https:\/\/noticiasribeiraopreto.com.br\/index.php\/wp-json\/wp\/v2\/posts\/83156","targetHints":{"allow":["GET"]}}],"collection":[{"href":"https:\/\/noticiasribeiraopreto.com.br\/index.php\/wp-json\/wp\/v2\/posts"}],"about":[{"href":"https:\/\/noticiasribeiraopreto.com.br\/index.php\/wp-json\/wp\/v2\/types\/post"}],"author":[{"embeddable":true,"href":"https:\/\/noticiasribeiraopreto.com.br\/index.php\/wp-json\/wp\/v2\/users\/1"}],"replies":[{"embeddable":true,"href":"https:\/\/noticiasribeiraopreto.com.br\/index.php\/wp-json\/wp\/v2\/comments?post=83156"}],"version-history":[{"count":0,"href":"https:\/\/noticiasribeiraopreto.com.br\/index.php\/wp-json\/wp\/v2\/posts\/83156\/revisions"}],"wp:featuredmedia":[{"embeddable":true,"href":"https:\/\/noticiasribeiraopreto.com.br\/index.php\/wp-json\/wp\/v2\/media\/83157"}],"wp:attachment":[{"href":"https:\/\/noticiasribeiraopreto.com.br\/index.php\/wp-json\/wp\/v2\/media?parent=83156"}],"wp:term":[{"taxonomy":"category","embeddable":true,"href":"https:\/\/noticiasribeiraopreto.com.br\/index.php\/wp-json\/wp\/v2\/categories?post=83156"},{"taxonomy":"post_tag","embeddable":true,"href":"https:\/\/noticiasribeiraopreto.com.br\/index.php\/wp-json\/wp\/v2\/tags?post=83156"}],"curies":[{"name":"wp","href":"https:\/\/api.w.org\/{rel}","templated":true}]}}