{"id":83161,"date":"2026-03-11T10:44:53","date_gmt":"2026-03-11T13:44:53","guid":{"rendered":"https:\/\/noticiasribeiraopreto.com.br\/index.php\/2026\/03\/11\/alerta-vermelho-e-emitido-para-o-interior-de-sp-veja-cidades-afetadas\/"},"modified":"2026-03-11T10:44:53","modified_gmt":"2026-03-11T13:44:53","slug":"alerta-vermelho-e-emitido-para-o-interior-de-sp-veja-cidades-afetadas","status":"publish","type":"post","link":"https:\/\/noticiasribeiraopreto.com.br\/index.php\/2026\/03\/11\/alerta-vermelho-e-emitido-para-o-interior-de-sp-veja-cidades-afetadas\/","title":{"rendered":"Alerta vermelho \u00e9 emitido para o interior de SP; Veja cidades afetadas"},"content":{"rendered":"<div class='code-block code-block-1' style='margin: 8px 0 8px auto; text-align: right; display: block; clear: both;'>\n<p><a href=\"https:\/\/wa.link\/vpicfd\"><img data-recalc-dims=\"1\" class=\"wp-image-4922\" style=\"aspect-ratio: 2.0253164556962027; width: 561px; height: auto;\" src=\"https:\/\/i0.wp.com\/ismaelcolosi.com.br\/wp-content\/uploads\/2023\/11\/grupo-de-empregos-whatsapp-e-facebook-ismael-colosi-vagas.jpg?ssl=1\" alt=\"\" \/><\/a><\/p>\n<!-- \/wp:image -->\n<\/div>\n<p> <br \/>\n<\/p>\n<div data-td-block-uid=\"tdi_95\">\n<div class=\"tdb-block-inner td-fix-index\">\n<p><strong>O\u00a0<\/strong><a href=\"https:\/\/portal.inmet.gov.br\/\" target=\"_blank\" rel=\"noreferrer noopener\"><strong>Inmet (Instituto Nacional de Meteorologia)<\/strong><\/a><strong>\u00a0publicou\u00a0um alerta de \u201cgrande perigo\u201d para acumulado de chuva no interior de S\u00e3o Paulo, incluindo Ribeir\u00e3o Preto e regi\u00e3o.<\/strong><\/p>\n<p><mark style=\"background-color:#fcb900\" class=\"has-inline-color has-black-color\">O alerta \u00e9 vermelho, o \u00faltimo em uma escala at\u00e9 tr\u00eas n\u00edveis de severidade, e abrange grande parte do interior paulista nesta quarta-feira (11).<\/mark> Clique <a href=\"https:\/\/avisos.inmet.gov.br\/53600\" data-type=\"link\" data-id=\"https:\/\/avisos.inmet.gov.br\/53600\" target=\"_blank\" rel=\"noopener\">aqui <\/a>e veja as cidades.<\/p>\n<p>Segundo a <a href=\"https:\/\/www.climatempo.com.br\/\" data-type=\"link\" data-id=\"https:\/\/www.climatempo.com.br\/\" target=\"_blank\" rel=\"noopener\">Climatempo<\/a>, um cavado meteorol\u00f3gico favorece o aumento da chuva, que pode ser forte e mais persistente, com acumulados expressivos e risco de transtornos \u00e0 popula\u00e7\u00e3o.\u00a0<\/p>\n<h2 class=\"wp-block-heading\"><strong>Confira o que diz o alerta:<\/strong><\/h2>\n<ul class=\"wp-block-list\">\n<li>Chuva superior a 60 mm\/h ou acima de 100 mm\/dia<\/li>\n<li>Grande risco de grandes alagamentos e transbordamentos de rios, grandes deslizamentos de encostas, em cidades com tais \u00e1reas de risco<\/li>\n<\/ul>\n<h3 class=\"wp-block-heading\"><strong>Orienta\u00e7\u00f5es:<\/strong><\/h3>\n<ul class=\"wp-block-list\">\n<li>Desligue aparelhos el\u00e9tricos, quadro geral de energia<\/li>\n<li>Observe altera\u00e7\u00e3o nas encostas<\/li>\n<li>Permane\u00e7a em local abrigado<\/li>\n<li>Em caso de situa\u00e7\u00e3o de inunda\u00e7\u00e3o, ou similar, proteja seus pertences da \u00e1gua envoltos em sacos pl\u00e1sticos<\/li>\n<\/ul>\n<p>SAIBA MAIS<\/p>\n<p>Menino que sobreviveu \u00e0 queda do 10\u00ba andar d\u00e1 primeiros passos ap\u00f3s retirar gesso<\/p>\n<h4 class=\"wp-block-heading\"><strong>FIQUE ON<\/strong><\/h4>\n<p>Fique ligado em tudo que acontece em Ribeir\u00e3o Preto e regi\u00e3o. Siga os perfis do<strong>\u00a0acidade on\u00a0<\/strong>no<a href=\"https:\/\/www.instagram.com\/acidadeonribeirao\" target=\"_blank\" rel=\"noreferrer noopener\">\u00a0Instagram<\/a>\u00a0e no<a href=\"https:\/\/www.facebook.com\/acidadeonribeirao\/\" target=\"_blank\" rel=\"noreferrer noopener\">\u00a0Facebook<\/a>.<\/p>\n<p>Receba not\u00edcias do<strong>\u00a0acidade on\u00a0<\/strong>no WhatsApp. Para entrar no grupo,\u00a0basta<a href=\"https:\/\/chat.whatsapp.com\/GFH9HUMUTHNFJdnyEd0xxq\" target=\"_blank\" rel=\"noreferrer noopener\">\u00a0clicar aqui<\/a>. Ou, acesse o nosso\u00a0Canal\u00a0<a href=\"https:\/\/whatsapp.com\/channel\/0029Vb6IQl1JENyAeS57fk2p\" target=\"_blank\" rel=\"noreferrer noopener\">clicando aqui<\/a>.<\/p>\n<p>Fa\u00e7a uma den\u00fancia ou sugira uma reportagem sobre Ribeir\u00e3o Preto e regi\u00e3o pelo WhatsApp: 16 99117 7802.<\/p>\n<p>VEJA TAMB\u00c9M<\/p>\n<p>Lentilha: 3 receitas surpreendentes para o lanche da tarde<\/p>\n<p><!-- AI CONTENT END 1 -->\n<\/div>\n<\/div>\n<p><script async src=\"\/\/www.instagram.com\/embed.js\"><\/script><br \/>\n<br \/><br \/>\n<br \/><a href=\"https:\/\/www.acidadeon.com\/ribeiraopreto\/cotidiano\/alerta-vermelho-e-emitido-para-o-interior-de-sp-veja-cidades-afetadas\/\">Source link <\/a><\/p>\n<!-- CONTENT END 1 -->\n","protected":false},"excerpt":{"rendered":"<p>O\u00a0Inmet (Instituto Nacional de Meteorologia)\u00a0publicou\u00a0um alerta de \u201cgrande perigo\u201d para acumulado de chuva no interior de S\u00e3o Paulo, incluindo Ribeir\u00e3o Preto e regi\u00e3o. O alerta&#8230;<\/p>\n","protected":false},"author":1,"featured_media":83162,"comment_status":"open","ping_status":"open","sticky":false,"template":"","format":"standard","meta":{"advanced_seo_description":"","jetpack_seo_html_title":"","jetpack_seo_noindex":false,"jetpack_post_was_ever_published":false,"_jetpack_newsletter_access":"","_jetpack_dont_email_post_to_subs":false,"_jetpack_newsletter_tier_id":0,"_jetpack_memberships_contains_paywalled_content":false,"_jetpack_memberships_contains_paid_content":false,"footnotes":"","jetpack_publicize_message":"","jetpack_publicize_feature_enabled":true,"jetpack_social_post_already_shared":true,"jetpack_social_options":{"image_generator_settings":{"template":"highway","default_image_id":0,"font":"","enabled":false},"version":2}},"categories":[11],"tags":[],"class_list":["post-83161","post","type-post","status-publish","format-standard","has-post-thumbnail","hentry","category-noticias-de-ribeirao-preto-sp-e-regiao-ismael-colosi"],"jetpack_publicize_connections":[],"jetpack_featured_media_url":"https:\/\/i0.wp.com\/noticiasribeiraopreto.com.br\/wp-content\/uploads\/2026\/03\/mapa-sp_2026-03-11_09-37-18.webp.webp?fit=1200%2C841&ssl=1","jetpack-related-posts":[{"id":58368,"url":"https:\/\/noticiasribeiraopreto.com.br\/index.php\/2024\/09\/25\/alerta-de-grande-perigo-e-emitido-para-o-interior-de-sp-veja-regioes-afetadas\/","url_meta":{"origin":83161,"position":0},"title":"Alerta de grande perigo \u00e9 emitido para o interior de SP; Veja regi\u00f5es afetadas","author":"noticiasribeiraopreto.com.br","date":"25 de September de 2024","format":false,"excerpt":"Com a aproxima\u00e7\u00e3o de uma nova frente fria, a onda de calor que afeta o interior de S\u00e3o Paulo ficar\u00e1 cada vez mais intensa devido \u00e0 condi\u00e7\u00e3o pr\u00e9-frontal. Com isso, o Instituto Nacional de Meteorologia (Inmet) emitiu um alerta vermelho de \u2018grande perigo\u2019 para diversas regi\u00f5es do estado \u2013 veja\u2026","rel":"","context":"In &quot;Not\u00edcias de Ribeir\u00e3o Preto-SP e Regi\u00e3o&quot;","block_context":{"text":"Not\u00edcias de Ribeir\u00e3o Preto-SP e Regi\u00e3o","link":"https:\/\/noticiasribeiraopreto.com.br\/index.php\/category\/noticias-de-ribeirao-preto-sp-e-regiao-ismael-colosi\/"},"img":{"alt_text":"","src":"https:\/\/i0.wp.com\/noticiasribeiraopreto.com.br\/wp-content\/uploads\/2024\/08\/WhatsApp-Image-2024-07-03-at-07.08.43_2024-07-03_10-10-21_jpeg_2024-07-03_10-10-21.webp.webp?fit=1200%2C1001&ssl=1&resize=350%2C200","width":350,"height":200,"srcset":"https:\/\/i0.wp.com\/noticiasribeiraopreto.com.br\/wp-content\/uploads\/2024\/08\/WhatsApp-Image-2024-07-03-at-07.08.43_2024-07-03_10-10-21_jpeg_2024-07-03_10-10-21.webp.webp?fit=1200%2C1001&ssl=1&resize=350%2C200 1x, https:\/\/i0.wp.com\/noticiasribeiraopreto.com.br\/wp-content\/uploads\/2024\/08\/WhatsApp-Image-2024-07-03-at-07.08.43_2024-07-03_10-10-21_jpeg_2024-07-03_10-10-21.webp.webp?fit=1200%2C1001&ssl=1&resize=525%2C300 1.5x, https:\/\/i0.wp.com\/noticiasribeiraopreto.com.br\/wp-content\/uploads\/2024\/08\/WhatsApp-Image-2024-07-03-at-07.08.43_2024-07-03_10-10-21_jpeg_2024-07-03_10-10-21.webp.webp?fit=1200%2C1001&ssl=1&resize=700%2C400 2x, https:\/\/i0.wp.com\/noticiasribeiraopreto.com.br\/wp-content\/uploads\/2024\/08\/WhatsApp-Image-2024-07-03-at-07.08.43_2024-07-03_10-10-21_jpeg_2024-07-03_10-10-21.webp.webp?fit=1200%2C1001&ssl=1&resize=1050%2C600 3x"},"classes":[]},{"id":57055,"url":"https:\/\/noticiasribeiraopreto.com.br\/index.php\/2024\/08\/22\/interior-de-sp-segue-em-alerta-vermelho-veja-quando-tem-previsao-de-chuva\/","url_meta":{"origin":83161,"position":1},"title":"Interior de SP segue em alerta vermelho; Veja quando tem previs\u00e3o de chuva","author":"noticiasribeiraopreto.com.br","date":"22 de August de 2024","format":false,"excerpt":"O interior de S\u00e3o Paulo est\u00e1 em alerta vermelho, que aponta \u201cgrande perigo\u201d para onda de calor. O aviso do Inmet (Instituto Nacional de Meteorologia) teve in\u00edcio \u00e0s 18h desta quarta-feira (22) e segue at\u00e9 as 12h deste sexta-feira (23), e inclui Ribeir\u00e3o Preto e cidades da regi\u00e3o. Este alerta,\u2026","rel":"","context":"In &quot;Not\u00edcias de Ribeir\u00e3o Preto-SP e Regi\u00e3o&quot;","block_context":{"text":"Not\u00edcias de Ribeir\u00e3o Preto-SP e Regi\u00e3o","link":"https:\/\/noticiasribeiraopreto.com.br\/index.php\/category\/noticias-de-ribeirao-preto-sp-e-regiao-ismael-colosi\/"},"img":{"alt_text":"","src":"https:\/\/i0.wp.com\/noticiasribeiraopreto.com.br\/wp-content\/uploads\/2024\/08\/WhatsApp-Image-2024-07-13-at-19.42.17_2024-07-13_22-42-51_jpeg_2024-07-13_22-42-51.webp.webp?fit=1200%2C553&ssl=1&resize=350%2C200","width":350,"height":200,"srcset":"https:\/\/i0.wp.com\/noticiasribeiraopreto.com.br\/wp-content\/uploads\/2024\/08\/WhatsApp-Image-2024-07-13-at-19.42.17_2024-07-13_22-42-51_jpeg_2024-07-13_22-42-51.webp.webp?fit=1200%2C553&ssl=1&resize=350%2C200 1x, https:\/\/i0.wp.com\/noticiasribeiraopreto.com.br\/wp-content\/uploads\/2024\/08\/WhatsApp-Image-2024-07-13-at-19.42.17_2024-07-13_22-42-51_jpeg_2024-07-13_22-42-51.webp.webp?fit=1200%2C553&ssl=1&resize=525%2C300 1.5x, https:\/\/i0.wp.com\/noticiasribeiraopreto.com.br\/wp-content\/uploads\/2024\/08\/WhatsApp-Image-2024-07-13-at-19.42.17_2024-07-13_22-42-51_jpeg_2024-07-13_22-42-51.webp.webp?fit=1200%2C553&ssl=1&resize=700%2C400 2x, https:\/\/i0.wp.com\/noticiasribeiraopreto.com.br\/wp-content\/uploads\/2024\/08\/WhatsApp-Image-2024-07-13-at-19.42.17_2024-07-13_22-42-51_jpeg_2024-07-13_22-42-51.webp.webp?fit=1200%2C553&ssl=1&resize=1050%2C600 3x"},"classes":[]},{"id":57446,"url":"https:\/\/noticiasribeiraopreto.com.br\/index.php\/2024\/09\/01\/interior-de-sp-tem-alerta-vermelho-de-grande-perigo-veja-as-cidades-afetadas\/","url_meta":{"origin":83161,"position":2},"title":"Interior de SP tem alerta vermelho de &#8216;grande perigo&#8217;; Veja as cidades afetadas","author":"noticiasribeiraopreto.com.br","date":"1 de September de 2024","format":false,"excerpt":"O Inmet (Instituto Nacional de Meteorologia) emitiu um alerta de \u201cgrande perigo\u201d para a baixa umidade do ar em parte do interior de S\u00e3o Paulo. O aviso tem validade entre 13h e 19h deste domingo (1\u00ba), e inclui Ribeir\u00e3o Preto e cidades da regi\u00e3o. O alerta \u00e9 na cor vermelha\u2026","rel":"","context":"In &quot;Not\u00edcias de Ribeir\u00e3o Preto-SP e Regi\u00e3o&quot;","block_context":{"text":"Not\u00edcias de Ribeir\u00e3o Preto-SP e Regi\u00e3o","link":"https:\/\/noticiasribeiraopreto.com.br\/index.php\/category\/noticias-de-ribeirao-preto-sp-e-regiao-ismael-colosi\/"},"img":{"alt_text":"","src":"https:\/\/i0.wp.com\/noticiasribeiraopreto.com.br\/wp-content\/uploads\/2024\/09\/ALERTA-VERMELHO-2_2024-09-01_14-41-24_jpg_2024-09-01_14-41-25.webp.webp?fit=1200%2C736&ssl=1&resize=350%2C200","width":350,"height":200,"srcset":"https:\/\/i0.wp.com\/noticiasribeiraopreto.com.br\/wp-content\/uploads\/2024\/09\/ALERTA-VERMELHO-2_2024-09-01_14-41-24_jpg_2024-09-01_14-41-25.webp.webp?fit=1200%2C736&ssl=1&resize=350%2C200 1x, https:\/\/i0.wp.com\/noticiasribeiraopreto.com.br\/wp-content\/uploads\/2024\/09\/ALERTA-VERMELHO-2_2024-09-01_14-41-24_jpg_2024-09-01_14-41-25.webp.webp?fit=1200%2C736&ssl=1&resize=525%2C300 1.5x, https:\/\/i0.wp.com\/noticiasribeiraopreto.com.br\/wp-content\/uploads\/2024\/09\/ALERTA-VERMELHO-2_2024-09-01_14-41-24_jpg_2024-09-01_14-41-25.webp.webp?fit=1200%2C736&ssl=1&resize=700%2C400 2x, https:\/\/i0.wp.com\/noticiasribeiraopreto.com.br\/wp-content\/uploads\/2024\/09\/ALERTA-VERMELHO-2_2024-09-01_14-41-24_jpg_2024-09-01_14-41-25.webp.webp?fit=1200%2C736&ssl=1&resize=1050%2C600 3x"},"classes":[]},{"id":77151,"url":"https:\/\/noticiasribeiraopreto.com.br\/index.php\/2025\/09\/12\/alerta-vermelho-e-emitido-para-o-interior-de-sp-veja-cidades-atingidas\/","url_meta":{"origin":83161,"position":3},"title":"Alerta vermelho \u00e9 emitido para o interior de SP; Veja cidades atingidas","author":"noticiasribeiraopreto.com.br","date":"12 de September de 2025","format":false,"excerpt":"O\u00a0Inmet (Instituto Nacional de Meteorologia)\u00a0publicou um alerta de \u201cgrande perigo\u201d para baixa umidade no interior de S\u00e3o Paulo. Ribeir\u00e3o Preto e cidades da regi\u00e3o est\u00e3o inclu\u00eddas na faixa vermelha, a mais alta em uma escala at\u00e9 tr\u00eas n\u00edveis de severidade. O aviso tem in\u00edcio \u00e0s 14h e vai at\u00e9 as\u2026","rel":"","context":"In &quot;Not\u00edcias de Ribeir\u00e3o Preto-SP e Regi\u00e3o&quot;","block_context":{"text":"Not\u00edcias de Ribeir\u00e3o Preto-SP e Regi\u00e3o","link":"https:\/\/noticiasribeiraopreto.com.br\/index.php\/category\/noticias-de-ribeirao-preto-sp-e-regiao-ismael-colosi\/"},"img":{"alt_text":"","src":"https:\/\/i0.wp.com\/noticiasribeiraopreto.com.br\/wp-content\/uploads\/2025\/09\/ALERTA_2025-09-12_15-23-16.webp.webp?fit=1200%2C865&ssl=1&resize=350%2C200","width":350,"height":200,"srcset":"https:\/\/i0.wp.com\/noticiasribeiraopreto.com.br\/wp-content\/uploads\/2025\/09\/ALERTA_2025-09-12_15-23-16.webp.webp?fit=1200%2C865&ssl=1&resize=350%2C200 1x, https:\/\/i0.wp.com\/noticiasribeiraopreto.com.br\/wp-content\/uploads\/2025\/09\/ALERTA_2025-09-12_15-23-16.webp.webp?fit=1200%2C865&ssl=1&resize=525%2C300 1.5x, https:\/\/i0.wp.com\/noticiasribeiraopreto.com.br\/wp-content\/uploads\/2025\/09\/ALERTA_2025-09-12_15-23-16.webp.webp?fit=1200%2C865&ssl=1&resize=700%2C400 2x, https:\/\/i0.wp.com\/noticiasribeiraopreto.com.br\/wp-content\/uploads\/2025\/09\/ALERTA_2025-09-12_15-23-16.webp.webp?fit=1200%2C865&ssl=1&resize=1050%2C600 3x"},"classes":[]},{"id":57104,"url":"https:\/\/noticiasribeiraopreto.com.br\/index.php\/2024\/08\/23\/interior-de-sp-tem-novo-alerta-de-grande-perigo-veja-as-cidades-afetadas\/","url_meta":{"origin":83161,"position":4},"title":"Interior de SP tem novo alerta de grande perigo; Veja as cidades afetadas","author":"noticiasribeiraopreto.com.br","date":"23 de August de 2024","format":false,"excerpt":"O Inmet (Instituto Nacional de Meteorologia) emitou um novo alerta vermelho, que aponta \u201cgrande perigo\u201d para onda de calor no interior de S\u00e3o Paulo. O aviso, que e inclui Ribeir\u00e3o Preto e cidades da regi\u00e3o, teve in\u00edcio \u00e0 0h e segue at\u00e9 as 23h59 desta sexta-feira (23). Este alerta, que\u2026","rel":"","context":"In &quot;Not\u00edcias de Ribeir\u00e3o Preto-SP e Regi\u00e3o&quot;","block_context":{"text":"Not\u00edcias de Ribeir\u00e3o Preto-SP e Regi\u00e3o","link":"https:\/\/noticiasribeiraopreto.com.br\/index.php\/category\/noticias-de-ribeirao-preto-sp-e-regiao-ismael-colosi\/"},"img":{"alt_text":"","src":"https:\/\/i0.wp.com\/noticiasribeiraopreto.com.br\/wp-content\/uploads\/2024\/08\/1724416118_RIBEIRAO-PRETO.jpg?fit=1200%2C708&ssl=1&resize=350%2C200","width":350,"height":200,"srcset":"https:\/\/i0.wp.com\/noticiasribeiraopreto.com.br\/wp-content\/uploads\/2024\/08\/1724416118_RIBEIRAO-PRETO.jpg?fit=1200%2C708&ssl=1&resize=350%2C200 1x, https:\/\/i0.wp.com\/noticiasribeiraopreto.com.br\/wp-content\/uploads\/2024\/08\/1724416118_RIBEIRAO-PRETO.jpg?fit=1200%2C708&ssl=1&resize=525%2C300 1.5x, https:\/\/i0.wp.com\/noticiasribeiraopreto.com.br\/wp-content\/uploads\/2024\/08\/1724416118_RIBEIRAO-PRETO.jpg?fit=1200%2C708&ssl=1&resize=700%2C400 2x, https:\/\/i0.wp.com\/noticiasribeiraopreto.com.br\/wp-content\/uploads\/2024\/08\/1724416118_RIBEIRAO-PRETO.jpg?fit=1200%2C708&ssl=1&resize=1050%2C600 3x"},"classes":[]},{"id":57793,"url":"https:\/\/noticiasribeiraopreto.com.br\/index.php\/2024\/09\/10\/inmet-prolonga-alerta-vermelho-e-no-interior-de-sp-veja-as-cidades\/","url_meta":{"origin":83161,"position":5},"title":"Inmet prolonga alerta vermelho \u00e9 no interior de SP; veja as cidades","author":"noticiasribeiraopreto.com.br","date":"10 de September de 2024","format":false,"excerpt":"O\u00a0Inmet (Instituto Nacional de Meteorologia)\u00a0prolongou o alerta vermelho de \u201cgrande perigo\u201d para a baixa umidade do ar em parte do interior de S\u00e3o Paulo. O novo aviso foi emitido segue at\u00e9 a pr\u00f3xima sexta-feira (13). De acordo com o Instituto, o\u00a0alerta\u00a0\u00e9 o mais elevado na escala at\u00e9 tr\u00eas n\u00edveis e\u2026","rel":"","context":"In &quot;Not\u00edcias de Ribeir\u00e3o Preto-SP e Regi\u00e3o&quot;","block_context":{"text":"Not\u00edcias de Ribeir\u00e3o Preto-SP e Regi\u00e3o","link":"https:\/\/noticiasribeiraopreto.com.br\/index.php\/category\/noticias-de-ribeirao-preto-sp-e-regiao-ismael-colosi\/"},"img":{"alt_text":"","src":"https:\/\/i0.wp.com\/noticiasribeiraopreto.com.br\/wp-content\/uploads\/2024\/09\/Copia-de-Copia-de-Copia-de-TAMANHO-EXATO-PARA-FOTOS-NO-SISTEMA-NOVO-12_2024-09-10_20-08-05_png_2024-09-10_20-08-05.webp.webp?fit=1200%2C675&ssl=1&resize=350%2C200","width":350,"height":200,"srcset":"https:\/\/i0.wp.com\/noticiasribeiraopreto.com.br\/wp-content\/uploads\/2024\/09\/Copia-de-Copia-de-Copia-de-TAMANHO-EXATO-PARA-FOTOS-NO-SISTEMA-NOVO-12_2024-09-10_20-08-05_png_2024-09-10_20-08-05.webp.webp?fit=1200%2C675&ssl=1&resize=350%2C200 1x, https:\/\/i0.wp.com\/noticiasribeiraopreto.com.br\/wp-content\/uploads\/2024\/09\/Copia-de-Copia-de-Copia-de-TAMANHO-EXATO-PARA-FOTOS-NO-SISTEMA-NOVO-12_2024-09-10_20-08-05_png_2024-09-10_20-08-05.webp.webp?fit=1200%2C675&ssl=1&resize=525%2C300 1.5x, https:\/\/i0.wp.com\/noticiasribeiraopreto.com.br\/wp-content\/uploads\/2024\/09\/Copia-de-Copia-de-Copia-de-TAMANHO-EXATO-PARA-FOTOS-NO-SISTEMA-NOVO-12_2024-09-10_20-08-05_png_2024-09-10_20-08-05.webp.webp?fit=1200%2C675&ssl=1&resize=700%2C400 2x, https:\/\/i0.wp.com\/noticiasribeiraopreto.com.br\/wp-content\/uploads\/2024\/09\/Copia-de-Copia-de-Copia-de-TAMANHO-EXATO-PARA-FOTOS-NO-SISTEMA-NOVO-12_2024-09-10_20-08-05_png_2024-09-10_20-08-05.webp.webp?fit=1200%2C675&ssl=1&resize=1050%2C600 3x"},"classes":[]}],"jetpack_sharing_enabled":true,"jetpack_shortlink":"https:\/\/wp.me\/peQAOb-lDj","_links":{"self":[{"href":"https:\/\/noticiasribeiraopreto.com.br\/index.php\/wp-json\/wp\/v2\/posts\/83161","targetHints":{"allow":["GET"]}}],"collection":[{"href":"https:\/\/noticiasribeiraopreto.com.br\/index.php\/wp-json\/wp\/v2\/posts"}],"about":[{"href":"https:\/\/noticiasribeiraopreto.com.br\/index.php\/wp-json\/wp\/v2\/types\/post"}],"author":[{"embeddable":true,"href":"https:\/\/noticiasribeiraopreto.com.br\/index.php\/wp-json\/wp\/v2\/users\/1"}],"replies":[{"embeddable":true,"href":"https:\/\/noticiasribeiraopreto.com.br\/index.php\/wp-json\/wp\/v2\/comments?post=83161"}],"version-history":[{"count":0,"href":"https:\/\/noticiasribeiraopreto.com.br\/index.php\/wp-json\/wp\/v2\/posts\/83161\/revisions"}],"wp:featuredmedia":[{"embeddable":true,"href":"https:\/\/noticiasribeiraopreto.com.br\/index.php\/wp-json\/wp\/v2\/media\/83162"}],"wp:attachment":[{"href":"https:\/\/noticiasribeiraopreto.com.br\/index.php\/wp-json\/wp\/v2\/media?parent=83161"}],"wp:term":[{"taxonomy":"category","embeddable":true,"href":"https:\/\/noticiasribeiraopreto.com.br\/index.php\/wp-json\/wp\/v2\/categories?post=83161"},{"taxonomy":"post_tag","embeddable":true,"href":"https:\/\/noticiasribeiraopreto.com.br\/index.php\/wp-json\/wp\/v2\/tags?post=83161"}],"curies":[{"name":"wp","href":"https:\/\/api.w.org\/{rel}","templated":true}]}}