{"id":83163,"date":"2026-03-11T10:52:30","date_gmt":"2026-03-11T13:52:30","guid":{"rendered":"https:\/\/noticiasribeiraopreto.com.br\/index.php\/2026\/03\/11\/menino-que-sobreviveu-a-queda-do-10o-andar-da-primeiros-passos-apos-retirar-gesso\/"},"modified":"2026-03-11T10:52:30","modified_gmt":"2026-03-11T13:52:30","slug":"menino-que-sobreviveu-a-queda-do-10o-andar-da-primeiros-passos-apos-retirar-gesso","status":"publish","type":"post","link":"https:\/\/noticiasribeiraopreto.com.br\/index.php\/2026\/03\/11\/menino-que-sobreviveu-a-queda-do-10o-andar-da-primeiros-passos-apos-retirar-gesso\/","title":{"rendered":"Menino que sobreviveu \u00e0 queda do 10\u00ba andar d\u00e1 primeiros passos ap\u00f3s retirar gesso"},"content":{"rendered":"<div class='code-block code-block-1' style='margin: 8px 0 8px auto; text-align: right; display: block; clear: both;'>\n<p><a href=\"https:\/\/wa.link\/vpicfd\"><img data-recalc-dims=\"1\" class=\"wp-image-4922\" style=\"aspect-ratio: 2.0253164556962027; width: 561px; height: auto;\" src=\"https:\/\/i0.wp.com\/ismaelcolosi.com.br\/wp-content\/uploads\/2023\/11\/grupo-de-empregos-whatsapp-e-facebook-ismael-colosi-vagas.jpg?ssl=1\" alt=\"\" \/><\/a><\/p>\n<!-- \/wp:image -->\n<\/div>\n<p> <br \/>\n<\/p>\n<div>\n<p>O menino <strong>Brenno Fernandes Girdziauckas, de 4 anos<\/strong>, que sobreviveu \u00e0 queda do 10\u00ba andar de um pr\u00e9dio em Ribeir\u00e3o Preto, no fim de 2025, deu os primeiros passos ap\u00f3s iniciar sess\u00f5es de fisioterapia no <strong>Hospital das Cl\u00ednicas<\/strong>. A recupera\u00e7\u00e3o acontece de forma gradual desde a alta hospitalar.<\/p>\n<p>De acordo com familiares, <strong>Brenno recebeu alta em janeiro e continuou o tratamento em casa<\/strong>. H\u00e1 cerca de uma semana, m\u00e9dicos retiraram o gesso das duas pernas. Ap\u00f3s a retirada, o menino voltou a cal\u00e7ar t\u00eanis e iniciou exerc\u00edcios para recuperar os movimentos.<\/p>\n<p>Imagens mostram Brenno em p\u00e9 durante uma sess\u00e3o de fisioterapia. Profissionais da equipe incentivam o menino enquanto ele tenta caminhar, em uma das primeiras tentativas ap\u00f3s o per\u00edodo de imobiliza\u00e7\u00e3o.<\/p>\n<div class=\"wp-block-image\">\n<figure class=\"aligncenter size-large is-resized\"><img data-recalc-dims=\"1\" fetchpriority=\"high\" decoding=\"async\" width=\"1024\" height=\"576\" src=\"https:\/\/i0.wp.com\/cdn.media-acidadeon.com.br\/ribeiraopreto\/wp-content\/uploads\/sites\/3\/2026\/01\/domingo-21_2026-01-02_21-57-24-1024x576.webp?resize=1024%2C576&#038;ssl=1\" alt=\"Menino de 4 anos sobreviveu a queda do 10\u00ba andar - Foto: arquivo pessoal\" class=\"wp-image-140937\" style=\"width:850px;height:auto\" title=\"Menino que sobreviveu \u00e0 queda do 10\u00ba andar d\u00e1 primeiros passos ap\u00f3s retirar gesso 1\" srcset=\"https:\/\/cdn.media-acidadeon.com.br\/ribeiraopreto\/wp-content\/uploads\/sites\/3\/2026\/01\/domingo-21_2026-01-02_21-57-24-1024x576.webp 1024w, https:\/\/cdn.media-acidadeon.com.br\/ribeiraopreto\/wp-content\/uploads\/sites\/3\/2026\/01\/domingo-21_2026-01-02_21-57-24-300x169.webp 300w, https:\/\/cdn.media-acidadeon.com.br\/ribeiraopreto\/wp-content\/uploads\/sites\/3\/2026\/01\/domingo-21_2026-01-02_21-57-24-768x432.webp 768w, https:\/\/cdn.media-acidadeon.com.br\/ribeiraopreto\/wp-content\/uploads\/sites\/3\/2026\/01\/domingo-21_2026-01-02_21-57-24-696x392.webp 696w, https:\/\/cdn.media-acidadeon.com.br\/ribeiraopreto\/wp-content\/uploads\/sites\/3\/2026\/01\/domingo-21_2026-01-02_21-57-24-1068x601.webp 1068w, https:\/\/cdn.media-acidadeon.com.br\/ribeiraopreto\/wp-content\/uploads\/sites\/3\/2026\/01\/domingo-21_2026-01-02_21-57-24.webp 1200w\" sizes=\"(max-width: 1024px) 100vw, 1024px\"\/><figcaption class=\"wp-element-caption\">Menino de 4 anos sobreviveu a queda do 10\u00ba andar \u2013 Foto: arquivo pessoal<\/figcaption><\/figure>\n<\/div>\n<h3 class=\"wp-block-heading\"><strong>Relembre o caso<\/strong><\/h3>\n<p>O acidente ocorreu no dia <strong>27 de dezembro<\/strong>, por volta das <strong>15h30<\/strong>, em um condom\u00ednio residencial de Ribeir\u00e3o Preto. Brenno, que \u00e9 <strong>autista n\u00e3o verbal<\/strong>, teve acesso \u00e0 janela do banheiro do apartamento onde mora com a fam\u00edlia.<\/p>\n<p>Segundo relato da m\u00e3e \u00e0 pol\u00edcia, <strong>ela estava com o marido pr\u00f3ximo ao quarto quando ouviu um barulho<\/strong>. Ao ir at\u00e9 o banheiro para verificar o que havia acontecido, <strong>n\u00e3o encontrou o filho no local<\/strong>. Em seguida, concluiu que a crian\u00e7a poderia ter ca\u00eddo pela janela, que n\u00e3o tinha grade de prote\u00e7\u00e3o.<\/p>\n<p>A m\u00e3e desceu at\u00e9 o t\u00e9rreo do pr\u00e9dio e encontrou Brenno no solo da \u00e1rea comum do condom\u00ednio. A crian\u00e7a ainda estava consciente, mas apresentava <strong>les\u00f5es graves nas pernas<\/strong>.<\/p>\n<figure class=\"wp-block-gallery has-nested-images columns-default is-cropped wp-block-gallery-1 is-layout-flex wp-block-gallery-is-layout-flex\">\n<figure class=\"wp-block-image size-large\"><img data-recalc-dims=\"1\" loading=\"lazy\" decoding=\"async\" width=\"1024\" height=\"576\" data-id=\"141179\" src=\"https:\/\/i0.wp.com\/cdn.media-acidadeon.com.br\/ribeiraopreto\/wp-content\/uploads\/sites\/3\/2026\/01\/domingo-59_2026-01-05_19-51-53-1024x576.webp?resize=1024%2C576&#038;ssl=1\" alt=\"Menino de 4 anos caiu do d\u00e9cimo andar em Ribeir\u00e3o Preto - Foto: Murilo Badessa \/ EPTV\" class=\"wp-image-141179\" title=\"Menino que sobreviveu \u00e0 queda do 10\u00ba andar d\u00e1 primeiros passos ap\u00f3s retirar gesso 2\" srcset=\"https:\/\/cdn.media-acidadeon.com.br\/ribeiraopreto\/wp-content\/uploads\/sites\/3\/2026\/01\/domingo-59_2026-01-05_19-51-53-1024x576.webp 1024w, https:\/\/cdn.media-acidadeon.com.br\/ribeiraopreto\/wp-content\/uploads\/sites\/3\/2026\/01\/domingo-59_2026-01-05_19-51-53-300x169.webp 300w, https:\/\/cdn.media-acidadeon.com.br\/ribeiraopreto\/wp-content\/uploads\/sites\/3\/2026\/01\/domingo-59_2026-01-05_19-51-53-768x432.webp 768w, https:\/\/cdn.media-acidadeon.com.br\/ribeiraopreto\/wp-content\/uploads\/sites\/3\/2026\/01\/domingo-59_2026-01-05_19-51-53-696x392.webp 696w, https:\/\/cdn.media-acidadeon.com.br\/ribeiraopreto\/wp-content\/uploads\/sites\/3\/2026\/01\/domingo-59_2026-01-05_19-51-53-1068x601.webp 1068w, https:\/\/cdn.media-acidadeon.com.br\/ribeiraopreto\/wp-content\/uploads\/sites\/3\/2026\/01\/domingo-59_2026-01-05_19-51-53.webp 1200w\" sizes=\"auto, (max-width: 1024px) 100vw, 1024px\"\/><figcaption class=\"wp-element-caption\"> Foto: Murilo Badessa \/ EPTV<\/figcaption><\/figure>\n<figure class=\"wp-block-image size-large\"><img data-recalc-dims=\"1\" loading=\"lazy\" decoding=\"async\" width=\"1024\" height=\"576\" data-id=\"141180\" src=\"https:\/\/i0.wp.com\/cdn.media-acidadeon.com.br\/ribeiraopreto\/wp-content\/uploads\/sites\/3\/2026\/01\/domingo-60_2026-01-05_19-51-55-1024x576.webp?resize=1024%2C576&#038;ssl=1\" alt=\"Menino de 4 anos caiu do d\u00e9cimo andar em Ribeir\u00e3o Preto - Foto: Murilo Badessa \/ EPTV\" class=\"wp-image-141180\" title=\"Menino que sobreviveu \u00e0 queda do 10\u00ba andar d\u00e1 primeiros passos ap\u00f3s retirar gesso 3\" srcset=\"https:\/\/cdn.media-acidadeon.com.br\/ribeiraopreto\/wp-content\/uploads\/sites\/3\/2026\/01\/domingo-60_2026-01-05_19-51-55-1024x576.webp 1024w, https:\/\/cdn.media-acidadeon.com.br\/ribeiraopreto\/wp-content\/uploads\/sites\/3\/2026\/01\/domingo-60_2026-01-05_19-51-55-300x169.webp 300w, https:\/\/cdn.media-acidadeon.com.br\/ribeiraopreto\/wp-content\/uploads\/sites\/3\/2026\/01\/domingo-60_2026-01-05_19-51-55-768x432.webp 768w, https:\/\/cdn.media-acidadeon.com.br\/ribeiraopreto\/wp-content\/uploads\/sites\/3\/2026\/01\/domingo-60_2026-01-05_19-51-55-696x392.webp 696w, https:\/\/cdn.media-acidadeon.com.br\/ribeiraopreto\/wp-content\/uploads\/sites\/3\/2026\/01\/domingo-60_2026-01-05_19-51-55-1068x601.webp 1068w, https:\/\/cdn.media-acidadeon.com.br\/ribeiraopreto\/wp-content\/uploads\/sites\/3\/2026\/01\/domingo-60_2026-01-05_19-51-55.webp 1200w\" sizes=\"auto, (max-width: 1024px) 100vw, 1024px\"\/><figcaption class=\"wp-element-caption\">Foto: Murilo Badessa \/ EPTV<\/figcaption><\/figure>\n<\/figure>\n<h3 class=\"wp-block-heading\"><strong>Atendimento e recupera\u00e7\u00e3o<\/strong><\/h3>\n<p>Equipes de socorro levaram Brenno ao hospital ainda consciente. M\u00e9dicos diagnosticaram <strong>fratura bilateral do f\u00eamur<\/strong>, condi\u00e7\u00e3o caracterizada pela quebra simult\u00e2nea dos dois ossos da coxa.<\/p>\n<p>Durante a interna\u00e7\u00e3o, que come\u00e7ou no fim de dezembro, o menino apresentou evolu\u00e7\u00e3o cl\u00ednica considerada positiva. Entre o final de 2025 e o in\u00edcio de 2026, ele passou por <strong>tr\u00eas cirurgias<\/strong> para tratar o politraumatismo causado pela queda.<\/p>\n<p>Brenno recebeu alta hospitalar no dia <strong>18 de janeiro<\/strong>. Desde ent\u00e3o, ele segue em acompanhamento m\u00e9dico e participa de sess\u00f5es de fisioterapia para recuperar a mobilidade das pernas.<\/p>\n<hr class=\"wp-block-separator has-alpha-channel-opacity\"\/>\n<p>SAIBA MAIS<br \/>Hemocentro de Ribeir\u00e3o Preto abre processo seletivo com sal\u00e1rio de R$ 2,5 mil<\/p>\n<h2 class=\"wp-block-heading\"><strong>FIQUE ON<\/strong><\/h2>\n<p>Fique ligado em tudo que acontece em Ribeir\u00e3o Preto e regi\u00e3o. Siga os perfis do<strong>\u00a0acidade on\u00a0<\/strong>no<a href=\"https:\/\/www.instagram.com\/acidadeonribeirao\" target=\"_blank\" rel=\"noreferrer noopener\">\u00a0Instagram<\/a>\u00a0e no<a href=\"https:\/\/www.facebook.com\/acidadeonribeirao\/\" target=\"_blank\" rel=\"noreferrer noopener\">\u00a0Facebook<\/a>.<\/p>\n<p>Receba not\u00edcias do<strong>\u00a0acidade on\u00a0<\/strong>no WhatsApp. Para entrar no grupo,\u00a0basta<a href=\"https:\/\/chat.whatsapp.com\/GFH9HUMUTHNFJdnyEd0xxq\" target=\"_blank\" rel=\"noreferrer noopener\">\u00a0clicar aqui<\/a>. Ou, acesse o nosso\u00a0Canal\u00a0<a href=\"https:\/\/whatsapp.com\/channel\/0029Vb6IQl1JENyAeS57fk2p\" target=\"_blank\" rel=\"noreferrer noopener\">clicando aqui<\/a>.<\/p>\n<p>Fa\u00e7a uma den\u00fancia ou sugira uma reportagem sobre Ribeir\u00e3o Preto e regi\u00e3o pelo WhatsApp: 16 99117 7802.<\/p>\n<p>VEJA TAMB\u00c9M<br \/>Lentilha: 3 receitas surpreendentes para o lanche da tarde<\/p>\n<p><!-- AI CONTENT END 1 -->\n<\/div>\n<p><script async src=\"\/\/www.instagram.com\/embed.js\"><\/script><br \/>\n<br \/><br \/>\n<br \/><a href=\"https:\/\/www.acidadeon.com\/ribeiraopreto\/cotidiano\/menino-que-sobreviveu-a-queda-do-10o-andar-da-primeiros-passos-apos-retirar-gesso\/\">Source link <\/a><\/p>\n<!-- CONTENT END 1 -->\n","protected":false},"excerpt":{"rendered":"<p>O menino Brenno Fernandes Girdziauckas, de 4 anos, que sobreviveu \u00e0 queda do 10\u00ba andar de um pr\u00e9dio em Ribeir\u00e3o Preto, no fim de 2025,&#8230;<\/p>\n","protected":false},"author":1,"featured_media":83164,"comment_status":"open","ping_status":"open","sticky":false,"template":"","format":"standard","meta":{"advanced_seo_description":"","jetpack_seo_html_title":"","jetpack_seo_noindex":false,"jetpack_post_was_ever_published":false,"_jetpack_newsletter_access":"","_jetpack_dont_email_post_to_subs":false,"_jetpack_newsletter_tier_id":0,"_jetpack_memberships_contains_paywalled_content":false,"_jetpack_memberships_contains_paid_content":false,"footnotes":"","jetpack_publicize_message":"","jetpack_publicize_feature_enabled":true,"jetpack_social_post_already_shared":true,"jetpack_social_options":{"image_generator_settings":{"template":"highway","default_image_id":0,"font":"","enabled":false},"version":2}},"categories":[11],"tags":[],"class_list":["post-83163","post","type-post","status-publish","format-standard","has-post-thumbnail","hentry","category-noticias-de-ribeirao-preto-sp-e-regiao-ismael-colosi"],"jetpack_publicize_connections":[],"jetpack_featured_media_url":"https:\/\/i0.wp.com\/noticiasribeiraopreto.com.br\/wp-content\/uploads\/2026\/03\/image_2026-03-10_23-42-48.webp.webp?fit=984%2C616&ssl=1","jetpack-related-posts":[{"id":82052,"url":"https:\/\/noticiasribeiraopreto.com.br\/index.php\/2026\/02\/02\/menino-que-sobreviveu-a-queda-do-10o-andar-visita-elenco-do-botafogo\/","url_meta":{"origin":83163,"position":0},"title":"Menino que sobreviveu a queda do 10\u00ba andar visita elenco do Botafogo","author":"noticiasribeiraopreto.com.br","date":"2 de February de 2026","format":false,"excerpt":"O menino Brenno Fernandes Girdziauckas, de 4 anos, que sobreviveu a uma queda do 10\u00ba andar de um pr\u00e9dio no Centro de Ribeir\u00e3o Preto, visitou o elenco do Botafogo na manh\u00e3 deste s\u00e1bado (31), \u00e0s v\u00e9speras do confronto contra o Palmeiras, marcado para este domingo (1\u00ba), \u00e0s 20h30, no est\u00e1dio\u2026","rel":"","context":"In &quot;Not\u00edcias de Ribeir\u00e3o Preto-SP e Regi\u00e3o&quot;","block_context":{"text":"Not\u00edcias de Ribeir\u00e3o Preto-SP e Regi\u00e3o","link":"https:\/\/noticiasribeiraopreto.com.br\/index.php\/category\/noticias-de-ribeirao-preto-sp-e-regiao-ismael-colosi\/"},"img":{"alt_text":"","src":"https:\/\/i0.wp.com\/noticiasribeiraopreto.com.br\/wp-content\/uploads\/2026\/02\/domingo-97_2026-02-01_13-56-59.webp.webp?fit=1200%2C675&ssl=1&resize=350%2C200","width":350,"height":200,"srcset":"https:\/\/i0.wp.com\/noticiasribeiraopreto.com.br\/wp-content\/uploads\/2026\/02\/domingo-97_2026-02-01_13-56-59.webp.webp?fit=1200%2C675&ssl=1&resize=350%2C200 1x, https:\/\/i0.wp.com\/noticiasribeiraopreto.com.br\/wp-content\/uploads\/2026\/02\/domingo-97_2026-02-01_13-56-59.webp.webp?fit=1200%2C675&ssl=1&resize=525%2C300 1.5x, https:\/\/i0.wp.com\/noticiasribeiraopreto.com.br\/wp-content\/uploads\/2026\/02\/domingo-97_2026-02-01_13-56-59.webp.webp?fit=1200%2C675&ssl=1&resize=700%2C400 2x, https:\/\/i0.wp.com\/noticiasribeiraopreto.com.br\/wp-content\/uploads\/2026\/02\/domingo-97_2026-02-01_13-56-59.webp.webp?fit=1200%2C675&ssl=1&resize=1050%2C600 3x"},"classes":[]},{"id":84365,"url":"https:\/\/noticiasribeiraopreto.com.br\/index.php\/2026\/04\/08\/menino-brenno-que-caiu-do-10o-andar-comecou-a-caminhar-video\/","url_meta":{"origin":83163,"position":1},"title":"Menino Brenno, que caiu do 10\u00ba andar, come\u00e7ou a caminhar; V\u00eddeo","author":"noticiasribeiraopreto.com.br","date":"8 de April de 2026","format":false,"excerpt":"Ler o resumo da not\u00edcia Menino de 4 anos que sobreviveu \u00e0 queda do 10\u00ba andar em Ribeir\u00e3o Preto voltou a caminhar. O acidente ocorreu em condom\u00ednio no Centro da cidade, no dia 27 de dezembro de 2025. Brenno faz fisioterapia no Hospital das Cl\u00ednicas de Ribeir\u00e3o Preto e recebeu\u2026","rel":"","context":"In &quot;Not\u00edcias de Ribeir\u00e3o Preto-SP e Regi\u00e3o&quot;","block_context":{"text":"Not\u00edcias de Ribeir\u00e3o Preto-SP e Regi\u00e3o","link":"https:\/\/noticiasribeiraopreto.com.br\/index.php\/category\/noticias-de-ribeirao-preto-sp-e-regiao-ismael-colosi\/"},"img":{"alt_text":"","src":"https:\/\/i0.wp.com\/noticiasribeiraopreto.com.br\/wp-content\/uploads\/2026\/04\/BRENNO-2_2026-04-08_15-41-27.webp.webp?fit=1200%2C674&ssl=1&resize=350%2C200","width":350,"height":200,"srcset":"https:\/\/i0.wp.com\/noticiasribeiraopreto.com.br\/wp-content\/uploads\/2026\/04\/BRENNO-2_2026-04-08_15-41-27.webp.webp?fit=1200%2C674&ssl=1&resize=350%2C200 1x, https:\/\/i0.wp.com\/noticiasribeiraopreto.com.br\/wp-content\/uploads\/2026\/04\/BRENNO-2_2026-04-08_15-41-27.webp.webp?fit=1200%2C674&ssl=1&resize=525%2C300 1.5x, https:\/\/i0.wp.com\/noticiasribeiraopreto.com.br\/wp-content\/uploads\/2026\/04\/BRENNO-2_2026-04-08_15-41-27.webp.webp?fit=1200%2C674&ssl=1&resize=700%2C400 2x, https:\/\/i0.wp.com\/noticiasribeiraopreto.com.br\/wp-content\/uploads\/2026\/04\/BRENNO-2_2026-04-08_15-41-27.webp.webp?fit=1200%2C674&ssl=1&resize=1050%2C600 3x"},"classes":[]},{"id":81439,"url":"https:\/\/noticiasribeiraopreto.com.br\/index.php\/2026\/01\/06\/e-um-caso-extraordinario-diz-medico-sobre-menino-que-caiu-do-10o-andar-de-predio-em-ribeirao\/","url_meta":{"origin":83163,"position":2},"title":"\u2018\u00c9 um caso extraordin\u00e1rio\u2019, diz m\u00e9dico sobre menino que caiu do 10\u00ba andar de pr\u00e9dio em Ribeir\u00e3o","author":"noticiasribeiraopreto.com.br","date":"6 de January de 2026","format":false,"excerpt":"O caso do menino Brenno Fernandes Girdziauckas, de 4 anos, que sobreviveu \u00e0 queda do 10\u00ba andar de um pr\u00e9dio no Centro de Ribeir\u00e3o Preto, \u00e9 considerado \u201cextraordin\u00e1rio\u201d pelo neurologista e professor de medicina Francisco Vale. A crian\u00e7a deixou o Centro de Terapia Intensiva (CTI) do Hospital das Cl\u00ednicas e\u2026","rel":"","context":"In &quot;Not\u00edcias de Ribeir\u00e3o Preto-SP e Regi\u00e3o&quot;","block_context":{"text":"Not\u00edcias de Ribeir\u00e3o Preto-SP e Regi\u00e3o","link":"https:\/\/noticiasribeiraopreto.com.br\/index.php\/category\/noticias-de-ribeirao-preto-sp-e-regiao-ismael-colosi\/"},"img":{"alt_text":"","src":"https:\/\/i0.wp.com\/noticiasribeiraopreto.com.br\/wp-content\/uploads\/2026\/01\/domingo-57_2026-01-05_19-38-42.webp.webp?fit=1200%2C675&ssl=1&resize=350%2C200","width":350,"height":200,"srcset":"https:\/\/i0.wp.com\/noticiasribeiraopreto.com.br\/wp-content\/uploads\/2026\/01\/domingo-57_2026-01-05_19-38-42.webp.webp?fit=1200%2C675&ssl=1&resize=350%2C200 1x, https:\/\/i0.wp.com\/noticiasribeiraopreto.com.br\/wp-content\/uploads\/2026\/01\/domingo-57_2026-01-05_19-38-42.webp.webp?fit=1200%2C675&ssl=1&resize=525%2C300 1.5x, https:\/\/i0.wp.com\/noticiasribeiraopreto.com.br\/wp-content\/uploads\/2026\/01\/domingo-57_2026-01-05_19-38-42.webp.webp?fit=1200%2C675&ssl=1&resize=700%2C400 2x, https:\/\/i0.wp.com\/noticiasribeiraopreto.com.br\/wp-content\/uploads\/2026\/01\/domingo-57_2026-01-05_19-38-42.webp.webp?fit=1200%2C675&ssl=1&resize=1050%2C600 3x"},"classes":[]},{"id":81827,"url":"https:\/\/noticiasribeiraopreto.com.br\/index.php\/2026\/01\/27\/menino-que-caiu-do-10o-andar-em-ribeirao-preto-aparece-tocando-violao-em-video-da-familia\/","url_meta":{"origin":83163,"position":3},"title":"Menino que caiu do 10\u00ba andar em Ribeir\u00e3o Preto aparece tocando viol\u00e3o em v\u00eddeo da fam\u00edlia","author":"noticiasribeiraopreto.com.br","date":"27 de January de 2026","format":false,"excerpt":"Uma semana ap\u00f3s receber alta hospitalar, o menino Brenno Fernandes Girdziauckas, de 4 anos, apareceu sorrindo e tocando um viol\u00e3o de brinquedo em um v\u00eddeo publicado nas redes sociais pela fam\u00edlia. A crian\u00e7a caiu do 10\u00ba andar do pr\u00e9dio onde mora, no Centro de Ribeir\u00e3o Preto, no fim de dezembro\u2026","rel":"","context":"In &quot;Not\u00edcias de Ribeir\u00e3o Preto-SP e Regi\u00e3o&quot;","block_context":{"text":"Not\u00edcias de Ribeir\u00e3o Preto-SP e Regi\u00e3o","link":"https:\/\/noticiasribeiraopreto.com.br\/index.php\/category\/noticias-de-ribeirao-preto-sp-e-regiao-ismael-colosi\/"},"img":{"alt_text":"","src":"https:\/\/i0.wp.com\/noticiasribeiraopreto.com.br\/wp-content\/uploads\/2026\/01\/domingo-77_2026-01-26_19-36-56.webp.webp?fit=1200%2C675&ssl=1&resize=350%2C200","width":350,"height":200,"srcset":"https:\/\/i0.wp.com\/noticiasribeiraopreto.com.br\/wp-content\/uploads\/2026\/01\/domingo-77_2026-01-26_19-36-56.webp.webp?fit=1200%2C675&ssl=1&resize=350%2C200 1x, https:\/\/i0.wp.com\/noticiasribeiraopreto.com.br\/wp-content\/uploads\/2026\/01\/domingo-77_2026-01-26_19-36-56.webp.webp?fit=1200%2C675&ssl=1&resize=525%2C300 1.5x, https:\/\/i0.wp.com\/noticiasribeiraopreto.com.br\/wp-content\/uploads\/2026\/01\/domingo-77_2026-01-26_19-36-56.webp.webp?fit=1200%2C675&ssl=1&resize=700%2C400 2x, https:\/\/i0.wp.com\/noticiasribeiraopreto.com.br\/wp-content\/uploads\/2026\/01\/domingo-77_2026-01-26_19-36-56.webp.webp?fit=1200%2C675&ssl=1&resize=1050%2C600 3x"},"classes":[]},{"id":81415,"url":"https:\/\/noticiasribeiraopreto.com.br\/index.php\/2026\/01\/05\/menino-brenno-que-caiu-do-10o-andar-ja-esta-no-quarto-no-hc\/","url_meta":{"origin":83163,"position":4},"title":"Menino Brenno, que caiu do 10\u00ba andar, j\u00e1 est\u00e1 no quarto no HC","author":"noticiasribeiraopreto.com.br","date":"5 de January de 2026","format":false,"excerpt":"\r \r \r 5 de janeiro de 2026 08:30 \r Compartilhar0 A evolu\u00e7\u00e3o do quadro cl\u00ednico do menino Brenno Fernandes, de 4 anos, vem surpreendendo os m\u00e9dicos do Hospital das Cl\u00ednicas de Ribeir\u00e3o Preto. Ele sobreviveu \u00e0 queda de 10o andar de um pr\u00e9dio no Centro de Ribeir\u00e3o Preto e\u2026","rel":"","context":"In &quot;Not\u00edcias de Ribeir\u00e3o Preto-SP e Regi\u00e3o&quot;","block_context":{"text":"Not\u00edcias de Ribeir\u00e3o Preto-SP e Regi\u00e3o","link":"https:\/\/noticiasribeiraopreto.com.br\/index.php\/category\/noticias-de-ribeirao-preto-sp-e-regiao-ismael-colosi\/"},"img":{"alt_text":"","src":"https:\/\/i0.wp.com\/noticiasribeiraopreto.com.br\/wp-content\/uploads\/2025\/12\/crianca-.webp.webp?fit=1170%2C700&ssl=1&resize=350%2C200","width":350,"height":200,"srcset":"https:\/\/i0.wp.com\/noticiasribeiraopreto.com.br\/wp-content\/uploads\/2025\/12\/crianca-.webp.webp?fit=1170%2C700&ssl=1&resize=350%2C200 1x, https:\/\/i0.wp.com\/noticiasribeiraopreto.com.br\/wp-content\/uploads\/2025\/12\/crianca-.webp.webp?fit=1170%2C700&ssl=1&resize=525%2C300 1.5x, https:\/\/i0.wp.com\/noticiasribeiraopreto.com.br\/wp-content\/uploads\/2025\/12\/crianca-.webp.webp?fit=1170%2C700&ssl=1&resize=700%2C400 2x, https:\/\/i0.wp.com\/noticiasribeiraopreto.com.br\/wp-content\/uploads\/2025\/12\/crianca-.webp.webp?fit=1170%2C700&ssl=1&resize=1050%2C600 3x"},"classes":[]},{"id":81401,"url":"https:\/\/noticiasribeiraopreto.com.br\/index.php\/2026\/01\/05\/menino-que-caiu-do-10o-andar-em-ribeirao-preto-deixa-cti-e-segue-para-quarto-diz-familia\/","url_meta":{"origin":83163,"position":5},"title":"Menino que caiu do 10\u00ba andar em Ribeir\u00e3o Preto deixa CTI e segue para quarto, diz fam\u00edlia","author":"noticiasribeiraopreto.com.br","date":"5 de January de 2026","format":false,"excerpt":"O menino Brenno Fernandes Girdziauckas, de 4 anos, que sobreviveu \u00e0 queda do 10\u00ba andar de um pr\u00e9dio no Centro de Ribeir\u00e3o Preto, deixou o Centro de Terapia Intensiva (CTI) do Hospital das Cl\u00ednicas e foi transferido para o quarto, conforme informou a fam\u00edlia nas redes sociais neste domingo (4).\u2026","rel":"","context":"In &quot;Not\u00edcias de Ribeir\u00e3o Preto-SP e Regi\u00e3o&quot;","block_context":{"text":"Not\u00edcias de Ribeir\u00e3o Preto-SP e Regi\u00e3o","link":"https:\/\/noticiasribeiraopreto.com.br\/index.php\/category\/noticias-de-ribeirao-preto-sp-e-regiao-ismael-colosi\/"},"img":{"alt_text":"","src":"https:\/\/i0.wp.com\/noticiasribeiraopreto.com.br\/wp-content\/uploads\/2026\/01\/domingo-21_2026-01-02_21-57-24.webp.webp?fit=1200%2C675&ssl=1&resize=350%2C200","width":350,"height":200,"srcset":"https:\/\/i0.wp.com\/noticiasribeiraopreto.com.br\/wp-content\/uploads\/2026\/01\/domingo-21_2026-01-02_21-57-24.webp.webp?fit=1200%2C675&ssl=1&resize=350%2C200 1x, https:\/\/i0.wp.com\/noticiasribeiraopreto.com.br\/wp-content\/uploads\/2026\/01\/domingo-21_2026-01-02_21-57-24.webp.webp?fit=1200%2C675&ssl=1&resize=525%2C300 1.5x, https:\/\/i0.wp.com\/noticiasribeiraopreto.com.br\/wp-content\/uploads\/2026\/01\/domingo-21_2026-01-02_21-57-24.webp.webp?fit=1200%2C675&ssl=1&resize=700%2C400 2x, https:\/\/i0.wp.com\/noticiasribeiraopreto.com.br\/wp-content\/uploads\/2026\/01\/domingo-21_2026-01-02_21-57-24.webp.webp?fit=1200%2C675&ssl=1&resize=1050%2C600 3x"},"classes":[]}],"jetpack_sharing_enabled":true,"jetpack_shortlink":"https:\/\/wp.me\/peQAOb-lDl","_links":{"self":[{"href":"https:\/\/noticiasribeiraopreto.com.br\/index.php\/wp-json\/wp\/v2\/posts\/83163","targetHints":{"allow":["GET"]}}],"collection":[{"href":"https:\/\/noticiasribeiraopreto.com.br\/index.php\/wp-json\/wp\/v2\/posts"}],"about":[{"href":"https:\/\/noticiasribeiraopreto.com.br\/index.php\/wp-json\/wp\/v2\/types\/post"}],"author":[{"embeddable":true,"href":"https:\/\/noticiasribeiraopreto.com.br\/index.php\/wp-json\/wp\/v2\/users\/1"}],"replies":[{"embeddable":true,"href":"https:\/\/noticiasribeiraopreto.com.br\/index.php\/wp-json\/wp\/v2\/comments?post=83163"}],"version-history":[{"count":0,"href":"https:\/\/noticiasribeiraopreto.com.br\/index.php\/wp-json\/wp\/v2\/posts\/83163\/revisions"}],"wp:featuredmedia":[{"embeddable":true,"href":"https:\/\/noticiasribeiraopreto.com.br\/index.php\/wp-json\/wp\/v2\/media\/83164"}],"wp:attachment":[{"href":"https:\/\/noticiasribeiraopreto.com.br\/index.php\/wp-json\/wp\/v2\/media?parent=83163"}],"wp:term":[{"taxonomy":"category","embeddable":true,"href":"https:\/\/noticiasribeiraopreto.com.br\/index.php\/wp-json\/wp\/v2\/categories?post=83163"},{"taxonomy":"post_tag","embeddable":true,"href":"https:\/\/noticiasribeiraopreto.com.br\/index.php\/wp-json\/wp\/v2\/tags?post=83163"}],"curies":[{"name":"wp","href":"https:\/\/api.w.org\/{rel}","templated":true}]}}