{"id":83165,"date":"2026-03-11T11:00:18","date_gmt":"2026-03-11T14:00:18","guid":{"rendered":"https:\/\/noticiasribeiraopreto.com.br\/index.php\/2026\/03\/11\/petiscos-tradicao-e-disputa-32-bares-participam-do-comida-di-buteco-em-ribeirao-preto\/"},"modified":"2026-03-11T11:00:18","modified_gmt":"2026-03-11T14:00:18","slug":"petiscos-tradicao-e-disputa-32-bares-participam-do-comida-di-buteco-em-ribeirao-preto","status":"publish","type":"post","link":"https:\/\/noticiasribeiraopreto.com.br\/index.php\/2026\/03\/11\/petiscos-tradicao-e-disputa-32-bares-participam-do-comida-di-buteco-em-ribeirao-preto\/","title":{"rendered":"Petiscos, tradi\u00e7\u00e3o e disputa: 32 bares participam do Comida di Buteco em Ribeir\u00e3o Preto"},"content":{"rendered":"<div class='code-block code-block-1' style='margin: 8px 0 8px auto; text-align: right; display: block; clear: both;'>\n<p><a href=\"https:\/\/wa.link\/vpicfd\"><img data-recalc-dims=\"1\" class=\"wp-image-4922\" style=\"aspect-ratio: 2.0253164556962027; width: 561px; height: auto;\" src=\"https:\/\/i0.wp.com\/ismaelcolosi.com.br\/wp-content\/uploads\/2023\/11\/grupo-de-empregos-whatsapp-e-facebook-ismael-colosi-vagas.jpg?ssl=1\" alt=\"\" \/><\/a><\/p>\n<!-- \/wp:image -->\n<\/div>\n<p> <br \/>\n<\/p>\n<div data-td-block-uid=\"tdi_95\">\n<div class=\"tdb-block-inner td-fix-index\">\n<p>Ribeir\u00e3o Preto recebe, entre <strong>10 de abril e 3 de maio<\/strong>, mais uma edi\u00e7\u00e3o do <strong>Comida di Buteco<\/strong>, considerado um dos maiores concursos gastron\u00f4micos do Brasil. Neste ano, <strong>32 bares da cidade participam do circuito local<\/strong>, com petiscos in\u00e9ditos criados especialmente para a competi\u00e7\u00e3o.<\/p>\n<p>A <strong>edi\u00e7\u00e3o de 2026<\/strong> tem como tema <strong>\u201cVerduras\u201d<\/strong>. A proposta orienta os bares participantes a utilizar ingredientes como <strong>folhas, talos, flores comest\u00edveis e diferentes tipos de verduras<\/strong> na cria\u00e7\u00e3o dos petiscos inscritos no concurso. As receitas comp\u00f5em o card\u00e1pio apresentado ao p\u00fablico e aos jurados durante o per\u00edodo da competi\u00e7\u00e3o.<\/p>\n<p>Durante o per\u00edodo do concurso, <strong>frequentadores e jurados visitam os bares participantes e avaliam quatro crit\u00e9rios<\/strong>: petisco, atendimento, temperatura da bebida e higiene. As notas variam de <strong>1 a 10<\/strong>. O petisco concentra <strong>70% do peso da avalia\u00e7\u00e3o<\/strong>, enquanto os demais crit\u00e9rios representam <strong>10% cada<\/strong>.<\/p>\n<p>A organiza\u00e7\u00e3o do evento combina <strong>50% das notas do p\u00fablico e 50% das avalia\u00e7\u00f5es dos jurados<\/strong> para definir o melhor buteco do circuito em Ribeir\u00e3o Preto.<\/p>\n<div class=\"wp-block-image\">\n<figure class=\"aligncenter size-large is-resized\"><img data-recalc-dims=\"1\" fetchpriority=\"high\" decoding=\"async\" width=\"1024\" height=\"683\" src=\"https:\/\/i0.wp.com\/cdn.media-acidadeon.com.br\/ribeiraopreto\/wp-content\/uploads\/sites\/3\/2026\/03\/IMG-9946_2026-03-10_22-20-14-1024x683.webp?resize=1024%2C683&#038;ssl=1\" alt=\"comida \" class=\"wp-image-148407\" style=\"width:769px;height:auto\" title=\"Petiscos, tradi\u00e7\u00e3o e disputa: 32 bares participam do Comida di Buteco em Ribeir\u00e3o Preto 1\" srcset=\"https:\/\/cdn.media-acidadeon.com.br\/ribeiraopreto\/wp-content\/uploads\/sites\/3\/2026\/03\/IMG-9946_2026-03-10_22-20-14-1024x683.webp 1024w, https:\/\/cdn.media-acidadeon.com.br\/ribeiraopreto\/wp-content\/uploads\/sites\/3\/2026\/03\/IMG-9946_2026-03-10_22-20-14-300x200.webp 300w, https:\/\/cdn.media-acidadeon.com.br\/ribeiraopreto\/wp-content\/uploads\/sites\/3\/2026\/03\/IMG-9946_2026-03-10_22-20-14-768x512.webp 768w, https:\/\/cdn.media-acidadeon.com.br\/ribeiraopreto\/wp-content\/uploads\/sites\/3\/2026\/03\/IMG-9946_2026-03-10_22-20-14-696x464.webp 696w, https:\/\/cdn.media-acidadeon.com.br\/ribeiraopreto\/wp-content\/uploads\/sites\/3\/2026\/03\/IMG-9946_2026-03-10_22-20-14-1068x712.webp 1068w, https:\/\/cdn.media-acidadeon.com.br\/ribeiraopreto\/wp-content\/uploads\/sites\/3\/2026\/03\/IMG-9946_2026-03-10_22-20-14.webp 1200w\" sizes=\"(max-width: 1024px) 100vw, 1024px\"\/><figcaption class=\"wp-element-caption\">Comida di Buteco \u2013 Foto: Divulga\u00e7\u00e3o<\/figcaption><\/figure>\n<\/div>\n<h3 class=\"wp-block-heading\"><strong>Comida di Buteco<\/strong><\/h3>\n<p>O <strong>Comida di Buteco<\/strong> acontece simultaneamente em <strong>cerca de 50 munic\u00edpios brasileiros<\/strong> e re\u00fane aproximadamente <strong>1.200 bares<\/strong> em diferentes regi\u00f5es do pa\u00eds. O concurso valoriza a cultura dos bares tradicionais, incentiva pequenos empreendedores e tamb\u00e9m gera impacto econ\u00f4mico e tur\u00edstico nas cidades participantes.<\/p>\n<hr class=\"wp-block-separator has-alpha-channel-opacity\"\/>\n<p>SAIBA MAIS<br \/>Hemocentro de Ribeir\u00e3o Preto abre processo seletivo com sal\u00e1rio de R$ 2,5 mil<\/p>\n<h2 class=\"wp-block-heading\"><strong>FIQUE ON<\/strong><\/h2>\n<p>Fique ligado em tudo que acontece em Ribeir\u00e3o Preto e regi\u00e3o. Siga os perfis do<strong>\u00a0acidade on\u00a0<\/strong>no<a href=\"https:\/\/www.instagram.com\/acidadeonribeirao\" target=\"_blank\" rel=\"noreferrer noopener\">\u00a0Instagram<\/a>\u00a0e no<a href=\"https:\/\/www.facebook.com\/acidadeonribeirao\/\" target=\"_blank\" rel=\"noreferrer noopener\">\u00a0Facebook<\/a>.<\/p>\n<p>Receba not\u00edcias do<strong>\u00a0acidade on\u00a0<\/strong>no WhatsApp. Para entrar no grupo,\u00a0basta<a href=\"https:\/\/chat.whatsapp.com\/GFH9HUMUTHNFJdnyEd0xxq\" target=\"_blank\" rel=\"noreferrer noopener\">\u00a0clicar aqui<\/a>. Ou, acesse o nosso\u00a0Canal\u00a0<a href=\"https:\/\/whatsapp.com\/channel\/0029Vb6IQl1JENyAeS57fk2p\" target=\"_blank\" rel=\"noreferrer noopener\">clicando aqui<\/a>.<\/p>\n<p>Fa\u00e7a uma den\u00fancia ou sugira uma reportagem sobre Ribeir\u00e3o Preto e regi\u00e3o pelo WhatsApp: 16 99117 7802.<\/p>\n<p>VEJA TAMB\u00c9M<br \/>Lentilha: 3 receitas surpreendentes para o lanche da tarde<\/p>\n<p><!-- AI CONTENT END 1 -->\n<\/div>\n<\/div>\n<p><script async src=\"\/\/www.instagram.com\/embed.js\"><\/script><br \/>\n<br \/><br \/>\n<br \/><a href=\"https:\/\/www.acidadeon.com\/ribeiraopreto\/lazer-e-cultura\/petiscos-tradicao-e-disputa-32-bares-participam-do-comida-di-buteco-em-ribeirao-preto\/\">Source link <\/a><\/p>\n<!-- CONTENT END 1 -->\n","protected":false},"excerpt":{"rendered":"<p>Ribeir\u00e3o Preto recebe, entre 10 de abril e 3 de maio, mais uma edi\u00e7\u00e3o do Comida di Buteco, considerado um dos maiores concursos gastron\u00f4micos do&#8230;<\/p>\n","protected":false},"author":1,"featured_media":83166,"comment_status":"open","ping_status":"open","sticky":false,"template":"","format":"standard","meta":{"advanced_seo_description":"","jetpack_seo_html_title":"","jetpack_seo_noindex":false,"jetpack_post_was_ever_published":false,"_jetpack_newsletter_access":"","_jetpack_dont_email_post_to_subs":false,"_jetpack_newsletter_tier_id":0,"_jetpack_memberships_contains_paywalled_content":false,"_jetpack_memberships_contains_paid_content":false,"footnotes":"","jetpack_publicize_message":"","jetpack_publicize_feature_enabled":true,"jetpack_social_post_already_shared":true,"jetpack_social_options":{"image_generator_settings":{"template":"highway","default_image_id":0,"font":"","enabled":false},"version":2}},"categories":[11],"tags":[],"class_list":["post-83165","post","type-post","status-publish","format-standard","has-post-thumbnail","hentry","category-noticias-de-ribeirao-preto-sp-e-regiao-ismael-colosi"],"jetpack_publicize_connections":[],"jetpack_featured_media_url":"https:\/\/i0.wp.com\/noticiasribeiraopreto.com.br\/wp-content\/uploads\/2026\/03\/palace-61_2026-03-10_22-35-25.webp.webp?fit=1200%2C675&ssl=1","jetpack-related-posts":[{"id":84505,"url":"https:\/\/noticiasribeiraopreto.com.br\/index.php\/2026\/04\/10\/comida-di-buteco-comeca-em-ribeirao-preto-com-32-bares-e-tema-verduras\/","url_meta":{"origin":83165,"position":0},"title":"Comida di Buteco come\u00e7a em Ribeir\u00e3o Preto com 32 bares e tema &#8216;Verduras&#8217;","author":"noticiasribeiraopreto.com.br","date":"10 de April de 2026","format":false,"excerpt":"Ler o resumo da not\u00edcia \r Comida di Buteco 2026 come\u00e7a nesta sexta-feira (10) em Ribeir\u00e3o Preto com 32 bares participantes.\r O tema do ano \u00e9 \"Verduras\", orientando a cria\u00e7\u00e3o de petiscos com folhas, talos e flores comest\u00edveis.\r O evento segue at\u00e9 3 de maio e faz parte de um\u2026","rel":"","context":"In &quot;Not\u00edcias de Ribeir\u00e3o Preto-SP e Regi\u00e3o&quot;","block_context":{"text":"Not\u00edcias de Ribeir\u00e3o Preto-SP e Regi\u00e3o","link":"https:\/\/noticiasribeiraopreto.com.br\/index.php\/category\/noticias-de-ribeirao-preto-sp-e-regiao-ismael-colosi\/"},"img":{"alt_text":"","src":"https:\/\/i0.wp.com\/noticiasribeiraopreto.com.br\/wp-content\/uploads\/2026\/04\/palace-61_2026-03-10_22-35-25.webp.webp?fit=1200%2C675&ssl=1&resize=350%2C200","width":350,"height":200,"srcset":"https:\/\/i0.wp.com\/noticiasribeiraopreto.com.br\/wp-content\/uploads\/2026\/04\/palace-61_2026-03-10_22-35-25.webp.webp?fit=1200%2C675&ssl=1&resize=350%2C200 1x, https:\/\/i0.wp.com\/noticiasribeiraopreto.com.br\/wp-content\/uploads\/2026\/04\/palace-61_2026-03-10_22-35-25.webp.webp?fit=1200%2C675&ssl=1&resize=525%2C300 1.5x, https:\/\/i0.wp.com\/noticiasribeiraopreto.com.br\/wp-content\/uploads\/2026\/04\/palace-61_2026-03-10_22-35-25.webp.webp?fit=1200%2C675&ssl=1&resize=700%2C400 2x, https:\/\/i0.wp.com\/noticiasribeiraopreto.com.br\/wp-content\/uploads\/2026\/04\/palace-61_2026-03-10_22-35-25.webp.webp?fit=1200%2C675&ssl=1&resize=1050%2C600 3x"},"classes":[]},{"id":44441,"url":"https:\/\/noticiasribeiraopreto.com.br\/index.php\/2024\/03\/27\/confira-os-bares-participantes-do-comida-di-buteco-em-ribeirao-preto\/","url_meta":{"origin":83165,"position":1},"title":"Confira os bares participantes do \u2018Comida di Buteco\u2019 em Ribeir\u00e3o Preto","author":"noticiasribeiraopreto.com.br","date":"27 de March de 2024","format":false,"excerpt":"A 24\u00aa edi\u00e7\u00e3o do Comida di Buteco em Ribeir\u00e3o Preto acontece de 5 a 28 de abril. Este ano, com o lema \u201cSomos Todos Buteco\u201d, o concurso que re\u00fane 27 estabelecimentos de regi\u00f5es diversas vai eleger o melhor bar da cidade. Ap\u00f3s essa primeira etapa do concurso, o vencedor vai\u2026","rel":"","context":"In &quot;Not\u00edcias de Ribeir\u00e3o Preto-SP e Regi\u00e3o&quot;","block_context":{"text":"Not\u00edcias de Ribeir\u00e3o Preto-SP e Regi\u00e3o","link":"https:\/\/noticiasribeiraopreto.com.br\/index.php\/category\/noticias-de-ribeirao-preto-sp-e-regiao-ismael-colosi\/"},"img":{"alt_text":"","src":"https:\/\/i0.wp.com\/noticiasribeiraopreto.com.br\/wp-content\/uploads\/2024\/03\/bar-do-jefferson-bolinguica-ribeirao-preto2022-renata-prado.webp.webp?fit=984%2C656&ssl=1&resize=350%2C200","width":350,"height":200,"srcset":"https:\/\/i0.wp.com\/noticiasribeiraopreto.com.br\/wp-content\/uploads\/2024\/03\/bar-do-jefferson-bolinguica-ribeirao-preto2022-renata-prado.webp.webp?fit=984%2C656&ssl=1&resize=350%2C200 1x, https:\/\/i0.wp.com\/noticiasribeiraopreto.com.br\/wp-content\/uploads\/2024\/03\/bar-do-jefferson-bolinguica-ribeirao-preto2022-renata-prado.webp.webp?fit=984%2C656&ssl=1&resize=525%2C300 1.5x, https:\/\/i0.wp.com\/noticiasribeiraopreto.com.br\/wp-content\/uploads\/2024\/03\/bar-do-jefferson-bolinguica-ribeirao-preto2022-renata-prado.webp.webp?fit=984%2C656&ssl=1&resize=700%2C400 2x"},"classes":[]},{"id":70547,"url":"https:\/\/noticiasribeiraopreto.com.br\/index.php\/2025\/05\/27\/campeao-do-comida-di-buteco-em-ribeirao-preto-sera-revelado-nesta-quarta-feira\/","url_meta":{"origin":83165,"position":2},"title":"Campe\u00e3o do Comida di Buteco em Ribeir\u00e3o Preto ser\u00e1 revelado nesta quarta-feira","author":"noticiasribeiraopreto.com.br","date":"27 de May de 2025","format":false,"excerpt":"O campe\u00e3o do Comida di Buteco 2025 em Ribeir\u00e3o Preto ser\u00e1 revelado nesta quarta-feira (28). A 15\u00aa edi\u00e7\u00e3o do concurso durou 24 dias, de 11 de abril a 4 de maio, com 27 participantes. A cerim\u00f4nia de premia\u00e7\u00e3o do melhor bar do circuito vai acontecer em evento fechado para os\u2026","rel":"","context":"In &quot;Not\u00edcias de Ribeir\u00e3o Preto-SP e Regi\u00e3o&quot;","block_context":{"text":"Not\u00edcias de Ribeir\u00e3o Preto-SP e Regi\u00e3o","link":"https:\/\/noticiasribeiraopreto.com.br\/index.php\/category\/noticias-de-ribeirao-preto-sp-e-regiao-ismael-colosi\/"},"img":{"alt_text":"","src":"https:\/\/i0.wp.com\/noticiasribeiraopreto.com.br\/wp-content\/uploads\/2025\/03\/Copia-de-Copia-de-Copia-de-TAMANHO-EXATO-PARA-FOTOS-NO-SISTEMA-NOVO-38_2025-03-31_14-51-05_jpg_2025-03-31_14-51-05.webp.webp?fit=1200%2C675&ssl=1&resize=350%2C200","width":350,"height":200,"srcset":"https:\/\/i0.wp.com\/noticiasribeiraopreto.com.br\/wp-content\/uploads\/2025\/03\/Copia-de-Copia-de-Copia-de-TAMANHO-EXATO-PARA-FOTOS-NO-SISTEMA-NOVO-38_2025-03-31_14-51-05_jpg_2025-03-31_14-51-05.webp.webp?fit=1200%2C675&ssl=1&resize=350%2C200 1x, https:\/\/i0.wp.com\/noticiasribeiraopreto.com.br\/wp-content\/uploads\/2025\/03\/Copia-de-Copia-de-Copia-de-TAMANHO-EXATO-PARA-FOTOS-NO-SISTEMA-NOVO-38_2025-03-31_14-51-05_jpg_2025-03-31_14-51-05.webp.webp?fit=1200%2C675&ssl=1&resize=525%2C300 1.5x, https:\/\/i0.wp.com\/noticiasribeiraopreto.com.br\/wp-content\/uploads\/2025\/03\/Copia-de-Copia-de-Copia-de-TAMANHO-EXATO-PARA-FOTOS-NO-SISTEMA-NOVO-38_2025-03-31_14-51-05_jpg_2025-03-31_14-51-05.webp.webp?fit=1200%2C675&ssl=1&resize=700%2C400 2x, https:\/\/i0.wp.com\/noticiasribeiraopreto.com.br\/wp-content\/uploads\/2025\/03\/Copia-de-Copia-de-Copia-de-TAMANHO-EXATO-PARA-FOTOS-NO-SISTEMA-NOVO-38_2025-03-31_14-51-05_jpg_2025-03-31_14-51-05.webp.webp?fit=1200%2C675&ssl=1&resize=1050%2C600 3x"},"classes":[]},{"id":83341,"url":"https:\/\/noticiasribeiraopreto.com.br\/index.php\/2026\/03\/16\/comida-di-buteco-conheca-os-32-bares-participantes-em-ribeirao-preto\/","url_meta":{"origin":83165,"position":3},"title":"Comida di Buteco: Conhe\u00e7a os 32 bares participantes em Ribeir\u00e3o Preto","author":"noticiasribeiraopreto.com.br","date":"16 de March de 2026","format":false,"excerpt":"00:00 A+ A- Entre 10 de abril e 3 de maio, Ribeir\u00e3o Preto recebe mais uma edi\u00e7\u00e3o do Comida di Buteco, concurso gastron\u00f4mico que movimenta bares e apreciadores da culin\u00e1ria de boteco em todo o pa\u00eds. Em 2026, 32 estabelecimentos da cidade participam da disputa, apresentando petiscos exclusivos criados especialmente\u2026","rel":"","context":"In &quot;Not\u00edcias de Ribeir\u00e3o Preto-SP e Regi\u00e3o&quot;","block_context":{"text":"Not\u00edcias de Ribeir\u00e3o Preto-SP e Regi\u00e3o","link":"https:\/\/noticiasribeiraopreto.com.br\/index.php\/category\/noticias-de-ribeirao-preto-sp-e-regiao-ismael-colosi\/"},"img":{"alt_text":"","src":"https:\/\/i0.wp.com\/noticiasribeiraopreto.com.br\/wp-content\/uploads\/2026\/03\/domingo-25_2026-03-16_19-33-39.webp.webp?fit=1200%2C675&ssl=1&resize=350%2C200","width":350,"height":200,"srcset":"https:\/\/i0.wp.com\/noticiasribeiraopreto.com.br\/wp-content\/uploads\/2026\/03\/domingo-25_2026-03-16_19-33-39.webp.webp?fit=1200%2C675&ssl=1&resize=350%2C200 1x, https:\/\/i0.wp.com\/noticiasribeiraopreto.com.br\/wp-content\/uploads\/2026\/03\/domingo-25_2026-03-16_19-33-39.webp.webp?fit=1200%2C675&ssl=1&resize=525%2C300 1.5x, https:\/\/i0.wp.com\/noticiasribeiraopreto.com.br\/wp-content\/uploads\/2026\/03\/domingo-25_2026-03-16_19-33-39.webp.webp?fit=1200%2C675&ssl=1&resize=700%2C400 2x, https:\/\/i0.wp.com\/noticiasribeiraopreto.com.br\/wp-content\/uploads\/2026\/03\/domingo-25_2026-03-16_19-33-39.webp.webp?fit=1200%2C675&ssl=1&resize=1050%2C600 3x"},"classes":[]},{"id":63410,"url":"https:\/\/noticiasribeiraopreto.com.br\/index.php\/2025\/02\/12\/comida-di-buteco-ribeirao-preto-tera-30-bares-participantes-em-2025\/","url_meta":{"origin":83165,"position":4},"title":"Comida di Buteco: Ribeir\u00e3o Preto ter\u00e1 30 bares participantes em 2025","author":"noticiasribeiraopreto.com.br","date":"12 de February de 2025","format":false,"excerpt":"De 11 de abril a 4 de maio, Ribeir\u00e3o Preto vai receber o concurso Comida di Buteco, que re\u00fane bares espalhados pelo munic\u00edpio em uma disputa acirrada pelos melhores petiscos. Comemorando 25 anos de hist\u00f3ria, a edi\u00e7\u00e3o deste ano ter\u00e1 30 bares participantes na cidade. Outra novidade para 2025 \u00e9\u2026","rel":"","context":"In &quot;Not\u00edcias de Ribeir\u00e3o Preto-SP e Regi\u00e3o&quot;","block_context":{"text":"Not\u00edcias de Ribeir\u00e3o Preto-SP e Regi\u00e3o","link":"https:\/\/noticiasribeiraopreto.com.br\/index.php\/category\/noticias-de-ribeirao-preto-sp-e-regiao-ismael-colosi\/"},"img":{"alt_text":"","src":"https:\/\/i0.wp.com\/noticiasribeiraopreto.com.br\/wp-content\/uploads\/2024\/03\/bar-do-jefferson-bolinguica-ribeirao-preto2022-renata-prado.webp.webp?fit=984%2C656&ssl=1&resize=350%2C200","width":350,"height":200,"srcset":"https:\/\/i0.wp.com\/noticiasribeiraopreto.com.br\/wp-content\/uploads\/2024\/03\/bar-do-jefferson-bolinguica-ribeirao-preto2022-renata-prado.webp.webp?fit=984%2C656&ssl=1&resize=350%2C200 1x, https:\/\/i0.wp.com\/noticiasribeiraopreto.com.br\/wp-content\/uploads\/2024\/03\/bar-do-jefferson-bolinguica-ribeirao-preto2022-renata-prado.webp.webp?fit=984%2C656&ssl=1&resize=525%2C300 1.5x, https:\/\/i0.wp.com\/noticiasribeiraopreto.com.br\/wp-content\/uploads\/2024\/03\/bar-do-jefferson-bolinguica-ribeirao-preto2022-renata-prado.webp.webp?fit=984%2C656&ssl=1&resize=700%2C400 2x"},"classes":[]},{"id":45714,"url":"https:\/\/noticiasribeiraopreto.com.br\/index.php\/2024\/04\/05\/comida-di-buteco-comeca-hoje-em-rp\/","url_meta":{"origin":83165,"position":5},"title":"\u2018Comida di Buteco\u2019 come\u00e7a hoje em RP \u00a0","author":"noticiasribeiraopreto.com.br","date":"5 de April de 2024","format":false,"excerpt":"Ribeir\u00e3o Preto recebe a partir desta sexta-feira, 5 de abril, a 24\u00aa edi\u00e7\u00e3o do Comida di Buteco. Com o lema \u201cSomos Todos Buteco\u201d, o concurso quer trazer o boteco como protagonista da sociedade brasileira, valorizando a \u201ccultura botequeira\u201d, segundo os organizadores. O evento vai at\u00e9 dia 28 com 27 estabelecimentos\u2026","rel":"","context":"In &quot;Not\u00edcias de Ribeir\u00e3o Preto-SP e Regi\u00e3o&quot;","block_context":{"text":"Not\u00edcias de Ribeir\u00e3o Preto-SP e Regi\u00e3o","link":"https:\/\/noticiasribeiraopreto.com.br\/index.php\/category\/noticias-de-ribeirao-preto-sp-e-regiao-ismael-colosi\/"},"img":{"alt_text":"","src":"","width":0,"height":0},"classes":[]}],"jetpack_sharing_enabled":true,"jetpack_shortlink":"https:\/\/wp.me\/peQAOb-lDn","_links":{"self":[{"href":"https:\/\/noticiasribeiraopreto.com.br\/index.php\/wp-json\/wp\/v2\/posts\/83165","targetHints":{"allow":["GET"]}}],"collection":[{"href":"https:\/\/noticiasribeiraopreto.com.br\/index.php\/wp-json\/wp\/v2\/posts"}],"about":[{"href":"https:\/\/noticiasribeiraopreto.com.br\/index.php\/wp-json\/wp\/v2\/types\/post"}],"author":[{"embeddable":true,"href":"https:\/\/noticiasribeiraopreto.com.br\/index.php\/wp-json\/wp\/v2\/users\/1"}],"replies":[{"embeddable":true,"href":"https:\/\/noticiasribeiraopreto.com.br\/index.php\/wp-json\/wp\/v2\/comments?post=83165"}],"version-history":[{"count":0,"href":"https:\/\/noticiasribeiraopreto.com.br\/index.php\/wp-json\/wp\/v2\/posts\/83165\/revisions"}],"wp:featuredmedia":[{"embeddable":true,"href":"https:\/\/noticiasribeiraopreto.com.br\/index.php\/wp-json\/wp\/v2\/media\/83166"}],"wp:attachment":[{"href":"https:\/\/noticiasribeiraopreto.com.br\/index.php\/wp-json\/wp\/v2\/media?parent=83165"}],"wp:term":[{"taxonomy":"category","embeddable":true,"href":"https:\/\/noticiasribeiraopreto.com.br\/index.php\/wp-json\/wp\/v2\/categories?post=83165"},{"taxonomy":"post_tag","embeddable":true,"href":"https:\/\/noticiasribeiraopreto.com.br\/index.php\/wp-json\/wp\/v2\/tags?post=83165"}],"curies":[{"name":"wp","href":"https:\/\/api.w.org\/{rel}","templated":true}]}}