{"id":83167,"date":"2026-03-11T11:07:26","date_gmt":"2026-03-11T14:07:26","guid":{"rendered":"https:\/\/noticiasribeiraopreto.com.br\/index.php\/2026\/03\/11\/entenda-o-circuito-sertanejo-e-saiba-por-que-o-ribeirao-rodeo-music-integra-o-calendario\/"},"modified":"2026-03-11T11:07:26","modified_gmt":"2026-03-11T14:07:26","slug":"entenda-o-circuito-sertanejo-e-saiba-por-que-o-ribeirao-rodeo-music-integra-o-calendario","status":"publish","type":"post","link":"https:\/\/noticiasribeiraopreto.com.br\/index.php\/2026\/03\/11\/entenda-o-circuito-sertanejo-e-saiba-por-que-o-ribeirao-rodeo-music-integra-o-calendario\/","title":{"rendered":"Entenda o Circuito Sertanejo e saiba por que o Ribeir\u00e3o Rodeo Music integra o calend\u00e1rio"},"content":{"rendered":"<div class='code-block code-block-1' style='margin: 8px 0 8px auto; text-align: right; display: block; clear: both;'>\n<p><a href=\"https:\/\/wa.link\/vpicfd\"><img data-recalc-dims=\"1\" class=\"wp-image-4922\" style=\"aspect-ratio: 2.0253164556962027; width: 561px; height: auto;\" src=\"https:\/\/i0.wp.com\/ismaelcolosi.com.br\/wp-content\/uploads\/2023\/11\/grupo-de-empregos-whatsapp-e-facebook-ismael-colosi-vagas.jpg?ssl=1\" alt=\"\" \/><\/a><\/p>\n<!-- \/wp:image -->\n<\/div>\n<p> <br \/>\n<\/p>\n<div>\n<p>O <strong>Circuito Sertanejo<\/strong> est\u00e1 de volta em terras paulistas! E para abrir os trabalhos em 2026, ano em que o estado ter\u00e1 tr\u00eas etapas, <mark style=\"background-color:#fcb900\" class=\"has-inline-color\">o <strong>Ribeir\u00e3o Rodeo Music <\/strong>acontece nos dias 30 de abril, 2, 8 e 9 de maio, no Parque Permanente de Exposi\u00e7\u00f5es, em Ribeir\u00e3o Preto, edi\u00e7\u00e3o que marca os 20 anos do evento. <strong>(Sabia mais do evento abaixo).<\/strong><\/mark><\/p>\n<h2 class=\"wp-block-heading\"><strong>O que \u00e9 o Circuito Sertanejo?<\/strong><\/h2>\n<p><mark style=\"background-color:#fcb900\" class=\"has-inline-color\">O <strong>Circuito Sertanejo<\/strong> \u00e9 uma plataforma de entretenimento brasileira que re\u00fane alguns dos principais festivais e rodeios de m\u00fasica sertaneja do pa\u00eds.<\/mark> Criado em 2022 por Globo, Ambev e Diverti, o projeto conecta grandes eventos do g\u00eanero em um \u00fanico calend\u00e1rio nacional e se tornou <strong>o mais importante circuito de eventos da m\u00fasica sertaneja no Brasil. <\/strong><\/p>\n<p>Ao longo do ano, <mark style=\"background-color:#fcb900\" class=\"has-inline-color\">o circuito passa por seis cidades que t\u00eam tradi\u00e7\u00e3o na realiza\u00e7\u00e3o de rodeios e festivais,<\/mark> reunindo artistas de destaque do sertanejo e grandes p\u00fablicos.<\/p>\n<p>Em 2026, as etapas do Circuito s\u00e3o em <strong><mark style=\"background-color:#fcb900\" class=\"has-inline-color\">Londrina-PR, Ribeir\u00e3o Preto, Pedro Leopoldo-MG, Barretos, Jaguari\u00fana e Caldas Novas-GO.<\/mark><\/strong><\/p>\n<p>O <strong>Ribeir\u00e3o Rodeo Music<\/strong> faz parte desse circuito e, portanto, se tornou um dos eventos mais tradicionais do g\u00eanero no pa\u00eds. Al\u00e9m do RRM, a Festa do Pe\u00e3o de Barretos, em agosto, e o Jaguariuna Rodeo Festival, em setembro, completam as etapas paulistas.<\/p>\n<h2 class=\"wp-block-heading\"><strong>Confira as etapas do Circuito Sertanejo<\/strong><\/h2>\n<p>\u2022 ExpoLondrina \u2013 10 a 19 de abril<br \/><strong>\u2022 Ribeir\u00e3o Rodeo Music \u2013 30 de abril a 9 de maio<\/strong><br \/>\u2022 Pedro Leopoldo Rodeio Show \u2013 5 a 13 de junho<br \/>\u2022 Festa do Pe\u00e3o de Barretos \u2013 20 a 30 de agosto<br \/>\u2022 Jaguari\u00fana Rodeo Festival \u2013 18 a 26 de setembro<br \/>\u2022 Caldas Country Festival \u2013 20 e 21 de novembro<\/p>\n<p><strong>O Circuito Sertanejo ter\u00e1 as seis etapas exibidas este ano na Globo. <\/strong>Os shows costumam ir ao ar na TV Globo, no Multishow e no Globoplay. Kenya Sade est\u00e1 confirmada na apresenta\u00e7\u00e3o.<\/p>\n<p><strong>LEIA MAIS: Ribeir\u00e3o Rodeo Music: conhe\u00e7a os setores e valores da edi\u00e7\u00e3o de 20 anos do evento<\/strong><\/p>\n<h2 class=\"wp-block-heading\"><strong>Ribeir\u00e3o Rodeo Music<\/strong><\/h2>\n<p>Em 2026, o Ribeir\u00e3o Rodeo Music celebra duas d\u00e9cadas de hist\u00f3ria e abre o calend\u00e1rio paulista do Circuito Sertanejo. <mark style=\"background-color:#fcb900\" class=\"has-inline-color\">O evento acontece nos <strong>dias 30 de abril, 2, 8 e 9 de maio, no Parque Permanente de Exposi\u00e7\u00f5es<\/strong><\/mark><\/p>\n<p>A programa\u00e7\u00e3o<strong> re\u00fane grandes nomes da m\u00fasica sertaneja<\/strong>, como Ana Castela, Gusttavo Lima, Zez\u00e9 Di Camargo &amp; Luciano, Bruno &amp; Marrone, Nattan, Panda e Wesley Safad\u00e3o, entre outros.<\/p>\n<p>Al\u00e9m dos artistas,<strong>\u00a0pela primeira vez o evento tamb\u00e9m contar\u00e1 com uma atra\u00e7\u00e3o internacional do mundo country<\/strong>: o cantor norte-americano Drew Baldridge.\u00a0<strong><mark style=\"background-color:#fcb900\" class=\"has-inline-color\">Confira o line-up:<\/mark><\/strong><\/p>\n<p><strong>\u2022 30 de abril \u2013<\/strong>\u00a0Bruno &amp; Marrone, \u00cdcaro &amp; Gilmar, Matheus &amp; Kauan e Fred &amp; Fabr\u00edcio;<br \/><strong>\u2022 2 de maio \u2013\u00a0<\/strong>Drew Baldridge (atra\u00e7\u00e3o internacional), Matogrosso &amp; Mathias, Panda, Wesley Safad\u00e3o e Nattanzinho Lima;<br \/><strong>\u2022 8 de maio \u2013\u00a0<\/strong>Ana Castela, Zez\u00e9 Di Camargo &amp; Luciano, L\u00e9o Foguete e Diego &amp; Victor Hugo;<br \/><strong>\u2022 9 de maio \u2013\u00a0<\/strong>Jo\u00e3o Bosco &amp; Vinicius, Nattan, Gusttavo Lima e Serest\u00e3o do Z\u00e9.<\/p>\n<p>As entradas podem ser adquiridas pela internet por meio da plataforma Total Acesso,\u00a0<strong><a href=\"https:\/\/www.totalacesso.com\/categories\/rrm?utm_source=ig&amp;utm_medium=social&amp;utm_content=link_in_bio&amp;fbclid=PAZXh0bgNhZW0CMTEAc3J0YwZhcHBfaWQMMjU2MjgxMDQwNTU4AAGneMTuXbY9dFkojGgQjwXlzsypZMbbfg7F5MRfGq8foDzjglrQw-WUwrHzVU4_aem_ZirRH6X6RoPdBKHmhBBpMw\" target=\"_blank\" rel=\"noreferrer noopener\">clicando aqui.<\/a><\/strong>\u00a0Al\u00e9m dos ingressos individuais, o p\u00fablico tamb\u00e9m pode comprar passaporte, que d\u00e1 acesso aos quatro dias de evento.<\/p>\n<h2 class=\"wp-block-heading\"><strong>FIQUE ON<\/strong><\/h2>\n<p>Fique ligado em tudo que acontece em Ribeir\u00e3o Preto e regi\u00e3o. Siga os perfis do<strong>\u00a0acidade on\u00a0<\/strong>no\u00a0<a href=\"https:\/\/www.instagram.com\/acidadeonribeirao\/\" target=\"_blank\" rel=\"noreferrer noopener\">Instagram<\/a>\u00a0e no\u00a0<a href=\"https:\/\/www.facebook.com\/acidadeonribeirao\/?locale=pt_BR\" target=\"_blank\" rel=\"noreferrer noopener\">Facebook<\/a>.<\/p>\n<p>Receba not\u00edcias do acidade on no WhatsApp. Para entrar no grupo, basta\u00a0<a href=\"https:\/\/chat.whatsapp.com\/GFH9HUMUTHNFJdnyEd0xxq\" target=\"_blank\" rel=\"noreferrer noopener\">clicar aqui<\/a>. Ou, acesse o nosso Canal\u00a0<a href=\"https:\/\/whatsapp.com\/channel\/0029Vb6IQl1JENyAeS57fk2p\" target=\"_blank\" rel=\"noreferrer noopener\">clicando aqui<\/a>.<\/p>\n<p>Fa\u00e7a uma den\u00fancia ou sugira uma reportagem sobre\u00a0<strong>Ribeir\u00e3o Preto<\/strong>\u00a0e regi\u00e3o pelo WhatsApp: 16 99117 7802.<\/p>\n<p><strong>VEJA TAMB\u00c9M<\/strong><\/p>\n<p><strong>Festival Jo\u00e3o Rock anuncia primeiras atra\u00e7\u00f5es para edi\u00e7\u00e3o 2026<br \/><\/strong><\/p>\n<p><!-- AI CONTENT END 1 -->\n<\/div>\n<p><script async src=\"\/\/www.instagram.com\/embed.js\"><\/script><br \/>\n<br \/><br \/>\n<br \/><a href=\"https:\/\/www.acidadeon.com\/ribeiraopreto\/ribeirao-rodeo-music\/entenda-o-circuito-sertanejo-e-saiba-por-que-o-ribeirao-rodeo-music-integra-o-calendario\/\">Source link <\/a><\/p>\n<!-- CONTENT END 1 -->\n","protected":false},"excerpt":{"rendered":"<p>O Circuito Sertanejo est\u00e1 de volta em terras paulistas! E para abrir os trabalhos em 2026, ano em que o estado ter\u00e1 tr\u00eas etapas, o&#8230;<\/p>\n","protected":false},"author":1,"featured_media":83168,"comment_status":"open","ping_status":"open","sticky":false,"template":"","format":"standard","meta":{"advanced_seo_description":"","jetpack_seo_html_title":"","jetpack_seo_noindex":false,"jetpack_post_was_ever_published":false,"_jetpack_newsletter_access":"","_jetpack_dont_email_post_to_subs":false,"_jetpack_newsletter_tier_id":0,"_jetpack_memberships_contains_paywalled_content":false,"_jetpack_memberships_contains_paid_content":false,"footnotes":"","jetpack_publicize_message":"","jetpack_publicize_feature_enabled":true,"jetpack_social_post_already_shared":true,"jetpack_social_options":{"image_generator_settings":{"template":"highway","default_image_id":0,"font":"","enabled":false},"version":2}},"categories":[11],"tags":[],"class_list":["post-83167","post","type-post","status-publish","format-standard","has-post-thumbnail","hentry","category-noticias-de-ribeirao-preto-sp-e-regiao-ismael-colosi"],"jetpack_publicize_connections":[],"jetpack_featured_media_url":"https:\/\/i0.wp.com\/noticiasribeiraopreto.com.br\/wp-content\/uploads\/2026\/03\/SaveClip.App_468409978_579979297757819_1640239241941384209_n_2026-03-10_16-23-24.webp.webp?fit=1080%2C720&ssl=1","jetpack-related-posts":[{"id":46569,"url":"https:\/\/noticiasribeiraopreto.com.br\/index.php\/2024\/04\/12\/globo-transmite-primeira-etapa-do-circuito-sertanejo-2024\/","url_meta":{"origin":83167,"position":0},"title":"Globo transmite primeira etapa do &#8220;Circuito Sertanejo 2024&#8221;","author":"noticiasribeiraopreto.com.br","date":"12 de April de 2024","format":false,"excerpt":"Globo transmite primeira etapa do \u201cCircuito Sertanejo 2024\u201dMultishow, Globoplay e TV Globo exibem shows de Fernando & Sorocaba, Luan Pereira e Malifoo, que acontecem no dia 13 de abril O\u00a0Circuito Sertanejo, o maior circuito de shows do pa\u00eds,\u00a0est\u00e1 de volta \u00e0\u00a0Globo! A primeira edi\u00e7\u00e3o de 2024 aterrissa na ExpoLondrina, no\u2026","rel":"","context":"In &quot;Not\u00edcias de Ribeir\u00e3o Preto-SP e Regi\u00e3o&quot;","block_context":{"text":"Not\u00edcias de Ribeir\u00e3o Preto-SP e Regi\u00e3o","link":"https:\/\/noticiasribeiraopreto.com.br\/index.php\/category\/noticias-de-ribeirao-preto-sp-e-regiao-ismael-colosi\/"},"img":{"alt_text":"","src":"https:\/\/i0.wp.com\/noticiasribeiraopreto.com.br\/wp-content\/uploads\/2024\/04\/Untitled-2.jpg?fit=1200%2C800&ssl=1&resize=350%2C200","width":350,"height":200,"srcset":"https:\/\/i0.wp.com\/noticiasribeiraopreto.com.br\/wp-content\/uploads\/2024\/04\/Untitled-2.jpg?fit=1200%2C800&ssl=1&resize=350%2C200 1x, https:\/\/i0.wp.com\/noticiasribeiraopreto.com.br\/wp-content\/uploads\/2024\/04\/Untitled-2.jpg?fit=1200%2C800&ssl=1&resize=525%2C300 1.5x, https:\/\/i0.wp.com\/noticiasribeiraopreto.com.br\/wp-content\/uploads\/2024\/04\/Untitled-2.jpg?fit=1200%2C800&ssl=1&resize=700%2C400 2x, https:\/\/i0.wp.com\/noticiasribeiraopreto.com.br\/wp-content\/uploads\/2024\/04\/Untitled-2.jpg?fit=1200%2C800&ssl=1&resize=1050%2C600 3x"},"classes":[]},{"id":68099,"url":"https:\/\/noticiasribeiraopreto.com.br\/index.php\/2025\/04\/22\/camarote-brahma-traz-servico-premium-para-o-ribeirao-rodeo-music-2025\/","url_meta":{"origin":83167,"position":1},"title":"Camarote Brahma traz servi\u00e7o premium para o Ribeir\u00e3o Rodeo Music 2025","author":"noticiasribeiraopreto.com.br","date":"22 de April de 2025","format":false,"excerpt":"O Ribeir\u00e3o Rodeo Music 2025, segunda etapa do Circuito Sertanejo, acontece nos dias 26 e 30 de abril e 2 e 3 de maio e oferece diversos espa\u00e7os exclusivos para o p\u00fablico, entre eles o Camarote Brahma, que conta com um ambiente reservado e servi\u00e7os personalizados proporcionando mais comodidade aos\u2026","rel":"","context":"In &quot;Not\u00edcias de Ribeir\u00e3o Preto-SP e Regi\u00e3o&quot;","block_context":{"text":"Not\u00edcias de Ribeir\u00e3o Preto-SP e Regi\u00e3o","link":"https:\/\/noticiasribeiraopreto.com.br\/index.php\/category\/noticias-de-ribeirao-preto-sp-e-regiao-ismael-colosi\/"},"img":{"alt_text":"","src":"https:\/\/i0.wp.com\/noticiasribeiraopreto.com.br\/wp-content\/uploads\/2025\/04\/camarote-brahma_2025-04-22_16-54-29.webp.webp?fit=1200%2C800&ssl=1&resize=350%2C200","width":350,"height":200,"srcset":"https:\/\/i0.wp.com\/noticiasribeiraopreto.com.br\/wp-content\/uploads\/2025\/04\/camarote-brahma_2025-04-22_16-54-29.webp.webp?fit=1200%2C800&ssl=1&resize=350%2C200 1x, https:\/\/i0.wp.com\/noticiasribeiraopreto.com.br\/wp-content\/uploads\/2025\/04\/camarote-brahma_2025-04-22_16-54-29.webp.webp?fit=1200%2C800&ssl=1&resize=525%2C300 1.5x, https:\/\/i0.wp.com\/noticiasribeiraopreto.com.br\/wp-content\/uploads\/2025\/04\/camarote-brahma_2025-04-22_16-54-29.webp.webp?fit=1200%2C800&ssl=1&resize=700%2C400 2x, https:\/\/i0.wp.com\/noticiasribeiraopreto.com.br\/wp-content\/uploads\/2025\/04\/camarote-brahma_2025-04-22_16-54-29.webp.webp?fit=1200%2C800&ssl=1&resize=1050%2C600 3x"},"classes":[]},{"id":75687,"url":"https:\/\/noticiasribeiraopreto.com.br\/index.php\/2025\/08\/13\/empresario-de-ribeirao-participa-de-lancamento-exclusivo-de-novo-dvd-de-gusttavo-lima\/","url_meta":{"origin":83167,"position":2},"title":"Empres\u00e1rio de Ribeir\u00e3o participa de lan\u00e7amento exclusivo de novo DVD de Gusttavo Lima","author":"noticiasribeiraopreto.com.br","date":"13 de August de 2025","format":false,"excerpt":"O empres\u00e1rio Matheus Calil, \u00e0 frente do Viola Show e do Clube da Viola, participou na \u00faltima ter\u00e7a-feira (12), de um encontro exclusivo promovido pelo cantor Gusttavo Lima, em Goi\u00e2nia-GO. No evento para convidados, o artista apresentou o novo projeto, \u201cFeito \u00e0 M\u00e3o\u201d, um DVD com \u201cm\u00fasicas inovadoras, criadas com\u2026","rel":"","context":"In &quot;Not\u00edcias de Ribeir\u00e3o Preto-SP e Regi\u00e3o&quot;","block_context":{"text":"Not\u00edcias de Ribeir\u00e3o Preto-SP e Regi\u00e3o","link":"https:\/\/noticiasribeiraopreto.com.br\/index.php\/category\/noticias-de-ribeirao-preto-sp-e-regiao-ismael-colosi\/"},"img":{"alt_text":"","src":"https:\/\/i0.wp.com\/noticiasribeiraopreto.com.br\/wp-content\/uploads\/2025\/08\/Copia-de-Copia-de-Copia-de-TAMANHO-EXATO-PARA-FOTOS-NO-SISTEMA-NOVO-2025-08-13T180317.254_2025-08-13_21-03-25.webp.webp?fit=1200%2C675&ssl=1&resize=350%2C200","width":350,"height":200,"srcset":"https:\/\/i0.wp.com\/noticiasribeiraopreto.com.br\/wp-content\/uploads\/2025\/08\/Copia-de-Copia-de-Copia-de-TAMANHO-EXATO-PARA-FOTOS-NO-SISTEMA-NOVO-2025-08-13T180317.254_2025-08-13_21-03-25.webp.webp?fit=1200%2C675&ssl=1&resize=350%2C200 1x, https:\/\/i0.wp.com\/noticiasribeiraopreto.com.br\/wp-content\/uploads\/2025\/08\/Copia-de-Copia-de-Copia-de-TAMANHO-EXATO-PARA-FOTOS-NO-SISTEMA-NOVO-2025-08-13T180317.254_2025-08-13_21-03-25.webp.webp?fit=1200%2C675&ssl=1&resize=525%2C300 1.5x, https:\/\/i0.wp.com\/noticiasribeiraopreto.com.br\/wp-content\/uploads\/2025\/08\/Copia-de-Copia-de-Copia-de-TAMANHO-EXATO-PARA-FOTOS-NO-SISTEMA-NOVO-2025-08-13T180317.254_2025-08-13_21-03-25.webp.webp?fit=1200%2C675&ssl=1&resize=700%2C400 2x, https:\/\/i0.wp.com\/noticiasribeiraopreto.com.br\/wp-content\/uploads\/2025\/08\/Copia-de-Copia-de-Copia-de-TAMANHO-EXATO-PARA-FOTOS-NO-SISTEMA-NOVO-2025-08-13T180317.254_2025-08-13_21-03-25.webp.webp?fit=1200%2C675&ssl=1&resize=1050%2C600 3x"},"classes":[]},{"id":83432,"url":"https:\/\/noticiasribeiraopreto.com.br\/index.php\/2026\/03\/18\/volta-de-gusttavo-lima-primeira-atracao-internacional-e-estreias-aguardadas-o-que-vem-por-ai-no-ribeirao-rodeo-music-2026\/","url_meta":{"origin":83167,"position":3},"title":"Volta de Gusttavo Lima, primeira atra\u00e7\u00e3o internacional e estreias aguardadas: o que vem por a\u00ed no Ribeir\u00e3o Rodeo Music 2026","author":"noticiasribeiraopreto.com.br","date":"18 de March de 2026","format":false,"excerpt":"Faltam menos de 50 dias para uma das maiores festas sertanejas do pa\u00eds e a ansiedade dos f\u00e3s de m\u00fasica sertaneja come\u00e7a a ganhar forma. O Ribeir\u00e3o Rodeo Music 2026, trar\u00e1, em sua 20\u00aa edi\u00e7\u00e3o, 17 grandes shows, entre eles Gusttavo Lima, que volta ao palco em Ribeir\u00e3o ap\u00f3s ser\u2026","rel":"","context":"In &quot;Not\u00edcias de Ribeir\u00e3o Preto-SP e Regi\u00e3o&quot;","block_context":{"text":"Not\u00edcias de Ribeir\u00e3o Preto-SP e Regi\u00e3o","link":"https:\/\/noticiasribeiraopreto.com.br\/index.php\/category\/noticias-de-ribeirao-preto-sp-e-regiao-ismael-colosi\/"},"img":{"alt_text":"","src":"https:\/\/i0.wp.com\/noticiasribeiraopreto.com.br\/wp-content\/uploads\/2026\/03\/Design-sem-nome-8_2026-03-13_17-07-24.webp.webp?fit=1200%2C675&ssl=1&resize=350%2C200","width":350,"height":200,"srcset":"https:\/\/i0.wp.com\/noticiasribeiraopreto.com.br\/wp-content\/uploads\/2026\/03\/Design-sem-nome-8_2026-03-13_17-07-24.webp.webp?fit=1200%2C675&ssl=1&resize=350%2C200 1x, https:\/\/i0.wp.com\/noticiasribeiraopreto.com.br\/wp-content\/uploads\/2026\/03\/Design-sem-nome-8_2026-03-13_17-07-24.webp.webp?fit=1200%2C675&ssl=1&resize=525%2C300 1.5x, https:\/\/i0.wp.com\/noticiasribeiraopreto.com.br\/wp-content\/uploads\/2026\/03\/Design-sem-nome-8_2026-03-13_17-07-24.webp.webp?fit=1200%2C675&ssl=1&resize=700%2C400 2x, https:\/\/i0.wp.com\/noticiasribeiraopreto.com.br\/wp-content\/uploads\/2026\/03\/Design-sem-nome-8_2026-03-13_17-07-24.webp.webp?fit=1200%2C675&ssl=1&resize=1050%2C600 3x"},"classes":[]},{"id":45445,"url":"https:\/\/noticiasribeiraopreto.com.br\/index.php\/2024\/04\/04\/rodeio-alem-do-sertanejo-eletronico-e-funk-trazem-diversidade-ao-palco-do-rrm\/","url_meta":{"origin":83167,"position":4},"title":"Rodeio al\u00e9m do sertanejo: eletr\u00f4nico e funk trazem diversidade ao palco do RRM","author":"noticiasribeiraopreto.com.br","date":"4 de April de 2024","format":false,"excerpt":"Reconhecido como um dos maiores eventos dedicados \u00e0 m\u00fasica sertaneja e \u00e0 cultura do rodeio, o Ribeir\u00e3o Rodeo Music tamb\u00e9m \u00e9 sin\u00f4nimo de diversidade musical com destaque para o eletr\u00f4nico e o funk. Com 16 shows na programa\u00e7\u00e3o deste ano, o RRM mais uma vez amplia os horizontes e vai\u2026","rel":"","context":"In &quot;Not\u00edcias de Ribeir\u00e3o Preto-SP e Regi\u00e3o&quot;","block_context":{"text":"Not\u00edcias de Ribeir\u00e3o Preto-SP e Regi\u00e3o","link":"https:\/\/noticiasribeiraopreto.com.br\/index.php\/category\/noticias-de-ribeirao-preto-sp-e-regiao-ismael-colosi\/"},"img":{"alt_text":"","src":"https:\/\/i0.wp.com\/noticiasribeiraopreto.com.br\/wp-content\/uploads\/2024\/04\/AnyConv.com__alok-scaled.webp.webp?fit=1200%2C801&ssl=1&resize=350%2C200","width":350,"height":200,"srcset":"https:\/\/i0.wp.com\/noticiasribeiraopreto.com.br\/wp-content\/uploads\/2024\/04\/AnyConv.com__alok-scaled.webp.webp?fit=1200%2C801&ssl=1&resize=350%2C200 1x, https:\/\/i0.wp.com\/noticiasribeiraopreto.com.br\/wp-content\/uploads\/2024\/04\/AnyConv.com__alok-scaled.webp.webp?fit=1200%2C801&ssl=1&resize=525%2C300 1.5x, https:\/\/i0.wp.com\/noticiasribeiraopreto.com.br\/wp-content\/uploads\/2024\/04\/AnyConv.com__alok-scaled.webp.webp?fit=1200%2C801&ssl=1&resize=700%2C400 2x, https:\/\/i0.wp.com\/noticiasribeiraopreto.com.br\/wp-content\/uploads\/2024\/04\/AnyConv.com__alok-scaled.webp.webp?fit=1200%2C801&ssl=1&resize=1050%2C600 3x"},"classes":[]},{"id":69271,"url":"https:\/\/noticiasribeiraopreto.com.br\/index.php\/2025\/05\/04\/ribeirao-rodeo-music-tem-recorde-de-publico-na-ultima-noite-e-anuncia-data-da-proxima-edicao\/","url_meta":{"origin":83167,"position":5},"title":"Ribeir\u00e3o Rodeo Music tem recorde de p\u00fablico na \u00faltima noite e anuncia data da pr\u00f3xima edi\u00e7\u00e3o","author":"noticiasribeiraopreto.com.br","date":"4 de May de 2025","format":false,"excerpt":"O Ribeir\u00e3o Rodeo Music recebeu mais de 52 mil pessoas na \u00faltima noite de evento, neste s\u00e1bado (3), no Parque Permanente de Exposi\u00e7\u00f5es, em Ribeir\u00e3o Preto. O n\u00famero, segundo a organiza\u00e7\u00e3o, representa o maior p\u00fablico da hist\u00f3ria do evento. Em 2026, a festa celebra a 20\u00aa edi\u00e7\u00e3o e j\u00e1 anunciou\u2026","rel":"","context":"In &quot;Not\u00edcias de Ribeir\u00e3o Preto-SP e Regi\u00e3o&quot;","block_context":{"text":"Not\u00edcias de Ribeir\u00e3o Preto-SP e Regi\u00e3o","link":"https:\/\/noticiasribeiraopreto.com.br\/index.php\/category\/noticias-de-ribeirao-preto-sp-e-regiao-ismael-colosi\/"},"img":{"alt_text":"","src":"https:\/\/i0.wp.com\/noticiasribeiraopreto.com.br\/wp-content\/uploads\/2025\/05\/RRM_2025-05-04_14-46-00.webp.webp?fit=1200%2C643&ssl=1&resize=350%2C200","width":350,"height":200,"srcset":"https:\/\/i0.wp.com\/noticiasribeiraopreto.com.br\/wp-content\/uploads\/2025\/05\/RRM_2025-05-04_14-46-00.webp.webp?fit=1200%2C643&ssl=1&resize=350%2C200 1x, https:\/\/i0.wp.com\/noticiasribeiraopreto.com.br\/wp-content\/uploads\/2025\/05\/RRM_2025-05-04_14-46-00.webp.webp?fit=1200%2C643&ssl=1&resize=525%2C300 1.5x, https:\/\/i0.wp.com\/noticiasribeiraopreto.com.br\/wp-content\/uploads\/2025\/05\/RRM_2025-05-04_14-46-00.webp.webp?fit=1200%2C643&ssl=1&resize=700%2C400 2x, https:\/\/i0.wp.com\/noticiasribeiraopreto.com.br\/wp-content\/uploads\/2025\/05\/RRM_2025-05-04_14-46-00.webp.webp?fit=1200%2C643&ssl=1&resize=1050%2C600 3x"},"classes":[]}],"jetpack_sharing_enabled":true,"jetpack_shortlink":"https:\/\/wp.me\/peQAOb-lDp","_links":{"self":[{"href":"https:\/\/noticiasribeiraopreto.com.br\/index.php\/wp-json\/wp\/v2\/posts\/83167","targetHints":{"allow":["GET"]}}],"collection":[{"href":"https:\/\/noticiasribeiraopreto.com.br\/index.php\/wp-json\/wp\/v2\/posts"}],"about":[{"href":"https:\/\/noticiasribeiraopreto.com.br\/index.php\/wp-json\/wp\/v2\/types\/post"}],"author":[{"embeddable":true,"href":"https:\/\/noticiasribeiraopreto.com.br\/index.php\/wp-json\/wp\/v2\/users\/1"}],"replies":[{"embeddable":true,"href":"https:\/\/noticiasribeiraopreto.com.br\/index.php\/wp-json\/wp\/v2\/comments?post=83167"}],"version-history":[{"count":0,"href":"https:\/\/noticiasribeiraopreto.com.br\/index.php\/wp-json\/wp\/v2\/posts\/83167\/revisions"}],"wp:featuredmedia":[{"embeddable":true,"href":"https:\/\/noticiasribeiraopreto.com.br\/index.php\/wp-json\/wp\/v2\/media\/83168"}],"wp:attachment":[{"href":"https:\/\/noticiasribeiraopreto.com.br\/index.php\/wp-json\/wp\/v2\/media?parent=83167"}],"wp:term":[{"taxonomy":"category","embeddable":true,"href":"https:\/\/noticiasribeiraopreto.com.br\/index.php\/wp-json\/wp\/v2\/categories?post=83167"},{"taxonomy":"post_tag","embeddable":true,"href":"https:\/\/noticiasribeiraopreto.com.br\/index.php\/wp-json\/wp\/v2\/tags?post=83167"}],"curies":[{"name":"wp","href":"https:\/\/api.w.org\/{rel}","templated":true}]}}