{"id":83169,"date":"2026-03-11T11:14:31","date_gmt":"2026-03-11T14:14:31","guid":{"rendered":"https:\/\/noticiasribeiraopreto.com.br\/index.php\/2026\/03\/11\/motociclista-e-preso-apos-agredir-agente-de-transito-durante-abordagem-em-ribeirao-preto\/"},"modified":"2026-03-11T11:14:31","modified_gmt":"2026-03-11T14:14:31","slug":"motociclista-e-preso-apos-agredir-agente-de-transito-durante-abordagem-em-ribeirao-preto","status":"publish","type":"post","link":"https:\/\/noticiasribeiraopreto.com.br\/index.php\/2026\/03\/11\/motociclista-e-preso-apos-agredir-agente-de-transito-durante-abordagem-em-ribeirao-preto\/","title":{"rendered":"Motociclista \u00e9 preso ap\u00f3s agredir agente de tr\u00e2nsito durante abordagem em Ribeir\u00e3o Preto"},"content":{"rendered":"<div class='code-block code-block-1' style='margin: 8px 0 8px auto; text-align: right; display: block; clear: both;'>\n<p><a href=\"https:\/\/wa.link\/vpicfd\"><img data-recalc-dims=\"1\" class=\"wp-image-4922\" style=\"aspect-ratio: 2.0253164556962027; width: 561px; height: auto;\" src=\"https:\/\/i0.wp.com\/ismaelcolosi.com.br\/wp-content\/uploads\/2023\/11\/grupo-de-empregos-whatsapp-e-facebook-ismael-colosi-vagas.jpg?ssl=1\" alt=\"\" \/><\/a><\/p>\n<!-- \/wp:image -->\n<\/div>\n<p> <br \/>\n<\/p>\n<div data-td-block-uid=\"tdi_95\">\n<div class=\"tdb-block-inner td-fix-index\">\n<p><strong>Um agente de tr\u00e2nsito foi agredido durante uma abordagem<\/strong> a um motociclista no final da tarde desta ter\u00e7a-feira (10), na zona Norte de Ribeir\u00e3o Preto. A ocorr\u00eancia foi registrada no cruzamento das ruas General C\u00e2mara e Itagua\u00e7u, no bairro Ipiranga.<\/p>\n<p>De acordo com as informa\u00e7\u00f5es iniciais, o agente realizava fiscaliza\u00e7\u00e3o na regi\u00e3o quando abordou um motociclista que empinava a moto na via. Durante a a\u00e7\u00e3o, <strong>ocorreu uma agress\u00e3o contra o agente.<\/strong><\/p>\n<figure class=\"wp-block-gallery has-nested-images columns-default is-cropped wp-block-gallery-1 is-layout-flex wp-block-gallery-is-layout-flex\">\n<figure class=\"wp-block-image size-large\"><img data-recalc-dims=\"1\" fetchpriority=\"high\" decoding=\"async\" width=\"576\" height=\"1024\" data-id=\"148397\" src=\"https:\/\/i0.wp.com\/cdn.media-acidadeon.com.br\/ribeiraopreto\/wp-content\/uploads\/sites\/3\/2026\/03\/WhatsApp-Image-2026-03-10-at-18.12.31_2026-03-10_21-24-22-576x1024.webp?resize=576%2C1024&#038;ssl=1\" alt=\"agente&#10;\" class=\"wp-image-148397\" title=\"Motociclista \u00e9 preso ap\u00f3s agredir agente de tr\u00e2nsito durante abordagem em Ribeir\u00e3o Preto 1\" srcset=\"https:\/\/cdn.media-acidadeon.com.br\/ribeiraopreto\/wp-content\/uploads\/sites\/3\/2026\/03\/WhatsApp-Image-2026-03-10-at-18.12.31_2026-03-10_21-24-22-576x1024.webp 576w, https:\/\/cdn.media-acidadeon.com.br\/ribeiraopreto\/wp-content\/uploads\/sites\/3\/2026\/03\/WhatsApp-Image-2026-03-10-at-18.12.31_2026-03-10_21-24-22-169x300.webp 169w, https:\/\/cdn.media-acidadeon.com.br\/ribeiraopreto\/wp-content\/uploads\/sites\/3\/2026\/03\/WhatsApp-Image-2026-03-10-at-18.12.31_2026-03-10_21-24-22-768x1365.webp 768w, https:\/\/cdn.media-acidadeon.com.br\/ribeiraopreto\/wp-content\/uploads\/sites\/3\/2026\/03\/WhatsApp-Image-2026-03-10-at-18.12.31_2026-03-10_21-24-22-864x1536.webp 864w, https:\/\/cdn.media-acidadeon.com.br\/ribeiraopreto\/wp-content\/uploads\/sites\/3\/2026\/03\/WhatsApp-Image-2026-03-10-at-18.12.31_2026-03-10_21-24-22-696x1237.webp 696w, https:\/\/cdn.media-acidadeon.com.br\/ribeiraopreto\/wp-content\/uploads\/sites\/3\/2026\/03\/WhatsApp-Image-2026-03-10-at-18.12.31_2026-03-10_21-24-22.webp 900w\" sizes=\"(max-width: 576px) 100vw, 576px\"\/><figcaption class=\"wp-element-caption\">Foto: Daniel Olinto\/ CBN<\/figcaption><\/figure>\n<figure class=\"wp-block-image size-large\"><img data-recalc-dims=\"1\" loading=\"lazy\" decoding=\"async\" width=\"576\" height=\"1024\" data-id=\"148398\" src=\"https:\/\/i0.wp.com\/cdn.media-acidadeon.com.br\/ribeiraopreto\/wp-content\/uploads\/sites\/3\/2026\/03\/WhatsApp-Image-2026-03-10-at-18.12.49_2026-03-10_21-24-26-576x1024.webp?resize=576%2C1024&#038;ssl=1\" alt=\"motociclista\" class=\"wp-image-148398\" title=\"Motociclista \u00e9 preso ap\u00f3s agredir agente de tr\u00e2nsito durante abordagem em Ribeir\u00e3o Preto 2\" srcset=\"https:\/\/cdn.media-acidadeon.com.br\/ribeiraopreto\/wp-content\/uploads\/sites\/3\/2026\/03\/WhatsApp-Image-2026-03-10-at-18.12.49_2026-03-10_21-24-26-576x1024.webp 576w, https:\/\/cdn.media-acidadeon.com.br\/ribeiraopreto\/wp-content\/uploads\/sites\/3\/2026\/03\/WhatsApp-Image-2026-03-10-at-18.12.49_2026-03-10_21-24-26-169x300.webp 169w, https:\/\/cdn.media-acidadeon.com.br\/ribeiraopreto\/wp-content\/uploads\/sites\/3\/2026\/03\/WhatsApp-Image-2026-03-10-at-18.12.49_2026-03-10_21-24-26-768x1365.webp 768w, https:\/\/cdn.media-acidadeon.com.br\/ribeiraopreto\/wp-content\/uploads\/sites\/3\/2026\/03\/WhatsApp-Image-2026-03-10-at-18.12.49_2026-03-10_21-24-26-864x1536.webp 864w, https:\/\/cdn.media-acidadeon.com.br\/ribeiraopreto\/wp-content\/uploads\/sites\/3\/2026\/03\/WhatsApp-Image-2026-03-10-at-18.12.49_2026-03-10_21-24-26-696x1237.webp 696w, https:\/\/cdn.media-acidadeon.com.br\/ribeiraopreto\/wp-content\/uploads\/sites\/3\/2026\/03\/WhatsApp-Image-2026-03-10-at-18.12.49_2026-03-10_21-24-26.webp 900w\" sizes=\"auto, (max-width: 576px) 100vw, 576px\"\/><figcaption class=\"wp-element-caption\">Foto: Daniel Olinto\/ CBN<\/figcaption><\/figure>\n<figure class=\"wp-block-image size-large\"><img data-recalc-dims=\"1\" loading=\"lazy\" decoding=\"async\" width=\"576\" height=\"1024\" data-id=\"148399\" src=\"https:\/\/i0.wp.com\/cdn.media-acidadeon.com.br\/ribeiraopreto\/wp-content\/uploads\/sites\/3\/2026\/03\/WhatsApp-Image-2026-03-10-at-18.13.23_2026-03-10_21-24-28-576x1024.webp?resize=576%2C1024&#038;ssl=1\" alt=\"motociclista\" class=\"wp-image-148399\" title=\"Motociclista \u00e9 preso ap\u00f3s agredir agente de tr\u00e2nsito durante abordagem em Ribeir\u00e3o Preto 3\" srcset=\"https:\/\/cdn.media-acidadeon.com.br\/ribeiraopreto\/wp-content\/uploads\/sites\/3\/2026\/03\/WhatsApp-Image-2026-03-10-at-18.13.23_2026-03-10_21-24-28-576x1024.webp 576w, https:\/\/cdn.media-acidadeon.com.br\/ribeiraopreto\/wp-content\/uploads\/sites\/3\/2026\/03\/WhatsApp-Image-2026-03-10-at-18.13.23_2026-03-10_21-24-28-169x300.webp 169w, https:\/\/cdn.media-acidadeon.com.br\/ribeiraopreto\/wp-content\/uploads\/sites\/3\/2026\/03\/WhatsApp-Image-2026-03-10-at-18.13.23_2026-03-10_21-24-28-768x1365.webp 768w, https:\/\/cdn.media-acidadeon.com.br\/ribeiraopreto\/wp-content\/uploads\/sites\/3\/2026\/03\/WhatsApp-Image-2026-03-10-at-18.13.23_2026-03-10_21-24-28-864x1536.webp 864w, https:\/\/cdn.media-acidadeon.com.br\/ribeiraopreto\/wp-content\/uploads\/sites\/3\/2026\/03\/WhatsApp-Image-2026-03-10-at-18.13.23_2026-03-10_21-24-28-696x1237.webp 696w, https:\/\/cdn.media-acidadeon.com.br\/ribeiraopreto\/wp-content\/uploads\/sites\/3\/2026\/03\/WhatsApp-Image-2026-03-10-at-18.13.23_2026-03-10_21-24-28.webp 900w\" sizes=\"auto, (max-width: 576px) 100vw, 576px\"\/><figcaption class=\"wp-element-caption\">Foto: Daniel Olinto\/ CBN<\/figcaption><\/figure>\n<\/figure>\n<p>Na situa\u00e7\u00e3o, o <mark style=\"background-color:#fcb900\" class=\"has-inline-color\">agente teve o r\u00e1dio de comunica\u00e7\u00e3o quebrado e a farda rasgada.<\/mark> Ap\u00f3s o ocorrido, o motociclista fugiu do local.<\/p>\n<p>Equipes da Guarda Civil Municipal (GCM) e da Pol\u00edcia Militar (PM) foram acionadas para atender a ocorr\u00eancia e localizaram o agressor. Ele foi levado para a CPJ.<\/p>\n<hr class=\"wp-block-separator has-alpha-channel-opacity\"\/>\n<p>SAIBA MAIS<br \/>Hemocentro de Ribeir\u00e3o Preto abre processo seletivo com sal\u00e1rio de R$ 2,5 mil<\/p>\n<h2 class=\"wp-block-heading\"><strong>FIQUE ON<\/strong><\/h2>\n<p>Fique ligado em tudo que acontece em Ribeir\u00e3o Preto e regi\u00e3o. Siga os perfis do<strong>\u00a0acidade on\u00a0<\/strong>no<a href=\"https:\/\/www.instagram.com\/acidadeonribeirao\" target=\"_blank\" rel=\"noreferrer noopener\">\u00a0Instagram<\/a>\u00a0e no<a href=\"https:\/\/www.facebook.com\/acidadeonribeirao\/\" target=\"_blank\" rel=\"noreferrer noopener\">\u00a0Facebook<\/a>.<\/p>\n<p>Receba not\u00edcias do<strong>\u00a0acidade on\u00a0<\/strong>no WhatsApp. Para entrar no grupo,\u00a0basta<a href=\"https:\/\/chat.whatsapp.com\/GFH9HUMUTHNFJdnyEd0xxq\" target=\"_blank\" rel=\"noreferrer noopener\">\u00a0clicar aqui<\/a>. Ou, acesse o nosso\u00a0Canal\u00a0<a href=\"https:\/\/whatsapp.com\/channel\/0029Vb6IQl1JENyAeS57fk2p\" target=\"_blank\" rel=\"noreferrer noopener\">clicando aqui<\/a>.<\/p>\n<p>Fa\u00e7a uma den\u00fancia ou sugira uma reportagem sobre Ribeir\u00e3o Preto e regi\u00e3o pelo WhatsApp: 16 99117 7802.<\/p>\n<p>VEJA TAMB\u00c9M<br \/>Lentilha: 3 receitas surpreendentes para o lanche da tarde<\/p>\n<p><!-- AI CONTENT END 1 -->\n<\/div>\n<\/div>\n<p><script async src=\"\/\/www.instagram.com\/embed.js\"><\/script><br \/>\n<br \/><br \/>\n<br \/><a href=\"https:\/\/www.acidadeon.com\/ribeiraopreto\/cotidiano\/motociclista-e-preso-apos-agredir-agente-de-transito-durante-abordagem-em-ribeirao-preto\/\">Source link <\/a><\/p>\n<!-- CONTENT END 1 -->\n","protected":false},"excerpt":{"rendered":"<p>Um agente de tr\u00e2nsito foi agredido durante uma abordagem a um motociclista no final da tarde desta ter\u00e7a-feira (10), na zona Norte de Ribeir\u00e3o Preto&#8230;.<\/p>\n","protected":false},"author":1,"featured_media":83170,"comment_status":"open","ping_status":"open","sticky":false,"template":"","format":"standard","meta":{"advanced_seo_description":"","jetpack_seo_html_title":"","jetpack_seo_noindex":false,"jetpack_post_was_ever_published":false,"_jetpack_newsletter_access":"","_jetpack_dont_email_post_to_subs":false,"_jetpack_newsletter_tier_id":0,"_jetpack_memberships_contains_paywalled_content":false,"_jetpack_memberships_contains_paid_content":false,"footnotes":"","jetpack_publicize_message":"","jetpack_publicize_feature_enabled":true,"jetpack_social_post_already_shared":true,"jetpack_social_options":{"image_generator_settings":{"template":"highway","default_image_id":0,"font":"","enabled":false},"version":2}},"categories":[11],"tags":[],"class_list":["post-83169","post","type-post","status-publish","format-standard","has-post-thumbnail","hentry","category-noticias-de-ribeirao-preto-sp-e-regiao-ismael-colosi"],"jetpack_publicize_connections":[],"jetpack_featured_media_url":"https:\/\/i0.wp.com\/noticiasribeiraopreto.com.br\/wp-content\/uploads\/2026\/03\/palace-60_2026-03-10_21-29-31.webp.webp?fit=1200%2C675&ssl=1","jetpack-related-posts":[{"id":59730,"url":"https:\/\/noticiasribeiraopreto.com.br\/index.php\/2024\/10\/29\/motociclista-e-rendido-no-transito-de-ribeirao-e-obrigado-a-fazer-pix\/","url_meta":{"origin":83169,"position":0},"title":"Motociclista \u00e9 rendido no tr\u00e2nsito de Ribeir\u00e3o e obrigado a fazer Pix","author":"noticiasribeiraopreto.com.br","date":"29 de October de 2024","format":false,"excerpt":"Um motociclista foi rendido por assaltantes na noite desta segunda-feira (28), no tr\u00e2nsito de Ribeir\u00e3o Preto, e obrigado a fazer um Pix. A v\u00edtima, que tem 27 anos e atua como supervisor de seguran\u00e7a, disse \u00e0 pol\u00edcia que havia parado sua moto no tr\u00e2nsito da avenida Adelmo Perdizza, quando dois\u2026","rel":"","context":"In &quot;Not\u00edcias de Ribeir\u00e3o Preto-SP e Regi\u00e3o&quot;","block_context":{"text":"Not\u00edcias de Ribeir\u00e3o Preto-SP e Regi\u00e3o","link":"https:\/\/noticiasribeiraopreto.com.br\/index.php\/category\/noticias-de-ribeirao-preto-sp-e-regiao-ismael-colosi\/"},"img":{"alt_text":"","src":"https:\/\/i0.wp.com\/noticiasribeiraopreto.com.br\/wp-content\/uploads\/2024\/10\/POLICIA.jpg?fit=1200%2C748&ssl=1&resize=350%2C200","width":350,"height":200,"srcset":"https:\/\/i0.wp.com\/noticiasribeiraopreto.com.br\/wp-content\/uploads\/2024\/10\/POLICIA.jpg?fit=1200%2C748&ssl=1&resize=350%2C200 1x, https:\/\/i0.wp.com\/noticiasribeiraopreto.com.br\/wp-content\/uploads\/2024\/10\/POLICIA.jpg?fit=1200%2C748&ssl=1&resize=525%2C300 1.5x, https:\/\/i0.wp.com\/noticiasribeiraopreto.com.br\/wp-content\/uploads\/2024\/10\/POLICIA.jpg?fit=1200%2C748&ssl=1&resize=700%2C400 2x, https:\/\/i0.wp.com\/noticiasribeiraopreto.com.br\/wp-content\/uploads\/2024\/10\/POLICIA.jpg?fit=1200%2C748&ssl=1&resize=1050%2C600 3x"},"classes":[]},{"id":62232,"url":"https:\/\/noticiasribeiraopreto.com.br\/index.php\/2025\/01\/08\/motociclista-e-baleado-durante-roubo-em-rodovia-na-regiao-de-ribeirao-preto\/","url_meta":{"origin":83169,"position":1},"title":"Motociclista \u00e9 baleado durante roubo em rodovia na regi\u00e3o de Ribeir\u00e3o Preto","author":"noticiasribeiraopreto.com.br","date":"8 de January de 2025","format":false,"excerpt":"Um motociclista de 28 anos foi baleado na noite desta ter\u00e7a-feira (7), durante o roubo de sua moto no km 9 da rodovia Jos\u00e9 Corona (SP-328\/326), em Guariba, cidade a aproximadamente 50 quil\u00f4metros de Ribeir\u00e3o Preto. Segundo o boletim de ocorr\u00eancia (BO), Caio C\u00e9zar dos Santos Pereira foi abordado por\u2026","rel":"","context":"In &quot;Not\u00edcias de Ribeir\u00e3o Preto-SP e Regi\u00e3o&quot;","block_context":{"text":"Not\u00edcias de Ribeir\u00e3o Preto-SP e Regi\u00e3o","link":"https:\/\/noticiasribeiraopreto.com.br\/index.php\/category\/noticias-de-ribeirao-preto-sp-e-regiao-ismael-colosi\/"},"img":{"alt_text":"","src":"https:\/\/i0.wp.com\/noticiasribeiraopreto.com.br\/wp-content\/uploads\/2025\/01\/20220620_114539075_policia_qru_1024x576_25052021184749_jpg_715985292.jpg?fit=1200%2C606&ssl=1&resize=350%2C200","width":350,"height":200,"srcset":"https:\/\/i0.wp.com\/noticiasribeiraopreto.com.br\/wp-content\/uploads\/2025\/01\/20220620_114539075_policia_qru_1024x576_25052021184749_jpg_715985292.jpg?fit=1200%2C606&ssl=1&resize=350%2C200 1x, https:\/\/i0.wp.com\/noticiasribeiraopreto.com.br\/wp-content\/uploads\/2025\/01\/20220620_114539075_policia_qru_1024x576_25052021184749_jpg_715985292.jpg?fit=1200%2C606&ssl=1&resize=525%2C300 1.5x, https:\/\/i0.wp.com\/noticiasribeiraopreto.com.br\/wp-content\/uploads\/2025\/01\/20220620_114539075_policia_qru_1024x576_25052021184749_jpg_715985292.jpg?fit=1200%2C606&ssl=1&resize=700%2C400 2x, https:\/\/i0.wp.com\/noticiasribeiraopreto.com.br\/wp-content\/uploads\/2025\/01\/20220620_114539075_policia_qru_1024x576_25052021184749_jpg_715985292.jpg?fit=1200%2C606&ssl=1&resize=1050%2C600 3x"},"classes":[]},{"id":59898,"url":"https:\/\/noticiasribeiraopreto.com.br\/index.php\/2024\/11\/01\/blitz-educativa-orienta-120-motociclistas-sobre-seguranca-no-transito-na-avenida-costa-e-silva-em-ribeirao-preto\/","url_meta":{"origin":83169,"position":2},"title":"Blitz Educativa Orienta 120 Motociclistas sobre Seguran\u00e7a no Tr\u00e2nsito na Avenida Costa e Silva em Ribeir\u00e3o Preto","author":"noticiasribeiraopreto.com.br","date":"1 de November de 2024","format":false,"excerpt":"A Prefeitura de Ribeir\u00e3o Preto, em parceria com o programa de seguran\u00e7a no tr\u00e2nsito local, realizou recentemente uma blitz educativa que abordou 120 motociclistas na movimentada Avenida Costa e Silva. O objetivo da a\u00e7\u00e3o foi promover a conscientiza\u00e7\u00e3o sobre pr\u00e1ticas de pilotagem seguras, refor\u00e7ando a import\u00e2ncia do uso de equipamentos\u2026","rel":"","context":"In &quot;Not\u00edcias de Ribeir\u00e3o Preto-SP e Regi\u00e3o&quot;","block_context":{"text":"Not\u00edcias de Ribeir\u00e3o Preto-SP e Regi\u00e3o","link":"https:\/\/noticiasribeiraopreto.com.br\/index.php\/category\/noticias-de-ribeirao-preto-sp-e-regiao-ismael-colosi\/"},"img":{"alt_text":"","src":"https:\/\/i0.wp.com\/noticiasribeiraopreto.com.br\/wp-content\/uploads\/2024\/11\/blitz_de_conscientizacao_4.jpg?fit=1152%2C838&ssl=1&resize=350%2C200","width":350,"height":200,"srcset":"https:\/\/i0.wp.com\/noticiasribeiraopreto.com.br\/wp-content\/uploads\/2024\/11\/blitz_de_conscientizacao_4.jpg?fit=1152%2C838&ssl=1&resize=350%2C200 1x, https:\/\/i0.wp.com\/noticiasribeiraopreto.com.br\/wp-content\/uploads\/2024\/11\/blitz_de_conscientizacao_4.jpg?fit=1152%2C838&ssl=1&resize=525%2C300 1.5x, https:\/\/i0.wp.com\/noticiasribeiraopreto.com.br\/wp-content\/uploads\/2024\/11\/blitz_de_conscientizacao_4.jpg?fit=1152%2C838&ssl=1&resize=700%2C400 2x, https:\/\/i0.wp.com\/noticiasribeiraopreto.com.br\/wp-content\/uploads\/2024\/11\/blitz_de_conscientizacao_4.jpg?fit=1152%2C838&ssl=1&resize=1050%2C600 3x"},"classes":[]},{"id":60634,"url":"https:\/\/noticiasribeiraopreto.com.br\/index.php\/2024\/11\/20\/motociclista-e-socorrida-apos-acidente-em-rotatoria-na-zona-sul-de-ribeirao-preto\/","url_meta":{"origin":83169,"position":3},"title":"Motociclista \u00e9 socorrida ap\u00f3s acidente em rotat\u00f3ria na zona Sul de Ribeir\u00e3o Preto","author":"noticiasribeiraopreto.com.br","date":"20 de November de 2024","format":false,"excerpt":"Uma motociclista foi socorrida na manh\u00e3 desta quarta-feira (20), ap\u00f3s se envolver em uma batida com um carro na rotat\u00f3ria da avenida Presidente Vargas, no sentido ao Anel Vi\u00e1rio Sul, em Ribeir\u00e3o Preto. Assista ao v\u00eddeo abaixo. A RP Mobi informou que a v\u00edtima foi encaminhada a um hospital. O\u2026","rel":"","context":"In &quot;Not\u00edcias de Ribeir\u00e3o Preto-SP e Regi\u00e3o&quot;","block_context":{"text":"Not\u00edcias de Ribeir\u00e3o Preto-SP e Regi\u00e3o","link":"https:\/\/noticiasribeiraopreto.com.br\/index.php\/category\/noticias-de-ribeirao-preto-sp-e-regiao-ismael-colosi\/"},"img":{"alt_text":"","src":"https:\/\/i0.wp.com\/noticiasribeiraopreto.com.br\/wp-content\/uploads\/2024\/11\/ACIDENTE_2024-11-20_13-59-29_jpg_2024-11-20_13-59-29.webp.webp?fit=1200%2C844&ssl=1&resize=350%2C200","width":350,"height":200,"srcset":"https:\/\/i0.wp.com\/noticiasribeiraopreto.com.br\/wp-content\/uploads\/2024\/11\/ACIDENTE_2024-11-20_13-59-29_jpg_2024-11-20_13-59-29.webp.webp?fit=1200%2C844&ssl=1&resize=350%2C200 1x, https:\/\/i0.wp.com\/noticiasribeiraopreto.com.br\/wp-content\/uploads\/2024\/11\/ACIDENTE_2024-11-20_13-59-29_jpg_2024-11-20_13-59-29.webp.webp?fit=1200%2C844&ssl=1&resize=525%2C300 1.5x, https:\/\/i0.wp.com\/noticiasribeiraopreto.com.br\/wp-content\/uploads\/2024\/11\/ACIDENTE_2024-11-20_13-59-29_jpg_2024-11-20_13-59-29.webp.webp?fit=1200%2C844&ssl=1&resize=700%2C400 2x, https:\/\/i0.wp.com\/noticiasribeiraopreto.com.br\/wp-content\/uploads\/2024\/11\/ACIDENTE_2024-11-20_13-59-29_jpg_2024-11-20_13-59-29.webp.webp?fit=1200%2C844&ssl=1&resize=1050%2C600 3x"},"classes":[]},{"id":73667,"url":"https:\/\/noticiasribeiraopreto.com.br\/index.php\/2025\/07\/07\/motociclista-fica-ferido-apos-bater-em-viatura-da-gcm-durante-perseguicao-em-ribeirao-preto\/","url_meta":{"origin":83169,"position":4},"title":"Motociclista fica ferido ap\u00f3s bater em viatura da GCM durante persegui\u00e7\u00e3o em Ribeir\u00e3o Preto","author":"noticiasribeiraopreto.com.br","date":"7 de July de 2025","format":false,"excerpt":"Um motociclista de 24 anos ficou ferido na tarde do \u00faltimo s\u00e1bado (5), ap\u00f3s se envolver em uma batida com uma viatura da GCM (Guarda Civil Municipal), em Ribeir\u00e3o Preto. Segundo o boletim de ocorr\u00eancia (BO), o motociclista estaria empinando a moto pela marginal do Anel Vi\u00e1rio Norte (rodovia Alexandre\u2026","rel":"","context":"In &quot;Not\u00edcias de Ribeir\u00e3o Preto-SP e Regi\u00e3o&quot;","block_context":{"text":"Not\u00edcias de Ribeir\u00e3o Preto-SP e Regi\u00e3o","link":"https:\/\/noticiasribeiraopreto.com.br\/index.php\/category\/noticias-de-ribeirao-preto-sp-e-regiao-ismael-colosi\/"},"img":{"alt_text":"","src":"https:\/\/i0.wp.com\/noticiasribeiraopreto.com.br\/wp-content\/uploads\/2025\/07\/cpj_1024x576_21012021092745.jpg?fit=1024%2C575&ssl=1&resize=350%2C200","width":350,"height":200,"srcset":"https:\/\/i0.wp.com\/noticiasribeiraopreto.com.br\/wp-content\/uploads\/2025\/07\/cpj_1024x576_21012021092745.jpg?fit=1024%2C575&ssl=1&resize=350%2C200 1x, https:\/\/i0.wp.com\/noticiasribeiraopreto.com.br\/wp-content\/uploads\/2025\/07\/cpj_1024x576_21012021092745.jpg?fit=1024%2C575&ssl=1&resize=525%2C300 1.5x, https:\/\/i0.wp.com\/noticiasribeiraopreto.com.br\/wp-content\/uploads\/2025\/07\/cpj_1024x576_21012021092745.jpg?fit=1024%2C575&ssl=1&resize=700%2C400 2x"},"classes":[]},{"id":69152,"url":"https:\/\/noticiasribeiraopreto.com.br\/index.php\/2025\/05\/02\/motociclista-morre-apos-ser-atingido-por-uma-van-em-ribeirao-preto\/","url_meta":{"origin":83169,"position":5},"title":"Motociclista morre ap\u00f3s ser atingido por uma van em Ribeir\u00e3o Preto","author":"noticiasribeiraopreto.com.br","date":"2 de May de 2025","format":false,"excerpt":"Um homem de 63 anos morreu na tarde desta sexta-feira (2) ap\u00f3s um acidente de tr\u00e2nsito no cruzamento das ruas Luiz Barreto e Patroc\u00ednio, no bairro Campos El\u00edseos, em Ribeir\u00e3o Preto. A v\u00edtima pilotava uma motocicleta e foi atingida por uma van. Segundo informa\u00e7\u00f5es da Pol\u00edcia Militar, o homem morreu\u2026","rel":"","context":"In &quot;Not\u00edcias de Ribeir\u00e3o Preto-SP e Regi\u00e3o&quot;","block_context":{"text":"Not\u00edcias de Ribeir\u00e3o Preto-SP e Regi\u00e3o","link":"https:\/\/noticiasribeiraopreto.com.br\/index.php\/category\/noticias-de-ribeirao-preto-sp-e-regiao-ismael-colosi\/"},"img":{"alt_text":"","src":"https:\/\/i0.wp.com\/noticiasribeiraopreto.com.br\/wp-content\/uploads\/2025\/05\/Copia-de-Copia-de-Copia-de-TAMANHO-EXATO-PARA-FOTOS-NO-SISTEMA-NOVO-37_2025-05-02_18-54-54.webp.webp?fit=1200%2C675&ssl=1&resize=350%2C200","width":350,"height":200,"srcset":"https:\/\/i0.wp.com\/noticiasribeiraopreto.com.br\/wp-content\/uploads\/2025\/05\/Copia-de-Copia-de-Copia-de-TAMANHO-EXATO-PARA-FOTOS-NO-SISTEMA-NOVO-37_2025-05-02_18-54-54.webp.webp?fit=1200%2C675&ssl=1&resize=350%2C200 1x, https:\/\/i0.wp.com\/noticiasribeiraopreto.com.br\/wp-content\/uploads\/2025\/05\/Copia-de-Copia-de-Copia-de-TAMANHO-EXATO-PARA-FOTOS-NO-SISTEMA-NOVO-37_2025-05-02_18-54-54.webp.webp?fit=1200%2C675&ssl=1&resize=525%2C300 1.5x, https:\/\/i0.wp.com\/noticiasribeiraopreto.com.br\/wp-content\/uploads\/2025\/05\/Copia-de-Copia-de-Copia-de-TAMANHO-EXATO-PARA-FOTOS-NO-SISTEMA-NOVO-37_2025-05-02_18-54-54.webp.webp?fit=1200%2C675&ssl=1&resize=700%2C400 2x, https:\/\/i0.wp.com\/noticiasribeiraopreto.com.br\/wp-content\/uploads\/2025\/05\/Copia-de-Copia-de-Copia-de-TAMANHO-EXATO-PARA-FOTOS-NO-SISTEMA-NOVO-37_2025-05-02_18-54-54.webp.webp?fit=1200%2C675&ssl=1&resize=1050%2C600 3x"},"classes":[]}],"jetpack_sharing_enabled":true,"jetpack_shortlink":"https:\/\/wp.me\/peQAOb-lDr","_links":{"self":[{"href":"https:\/\/noticiasribeiraopreto.com.br\/index.php\/wp-json\/wp\/v2\/posts\/83169","targetHints":{"allow":["GET"]}}],"collection":[{"href":"https:\/\/noticiasribeiraopreto.com.br\/index.php\/wp-json\/wp\/v2\/posts"}],"about":[{"href":"https:\/\/noticiasribeiraopreto.com.br\/index.php\/wp-json\/wp\/v2\/types\/post"}],"author":[{"embeddable":true,"href":"https:\/\/noticiasribeiraopreto.com.br\/index.php\/wp-json\/wp\/v2\/users\/1"}],"replies":[{"embeddable":true,"href":"https:\/\/noticiasribeiraopreto.com.br\/index.php\/wp-json\/wp\/v2\/comments?post=83169"}],"version-history":[{"count":0,"href":"https:\/\/noticiasribeiraopreto.com.br\/index.php\/wp-json\/wp\/v2\/posts\/83169\/revisions"}],"wp:featuredmedia":[{"embeddable":true,"href":"https:\/\/noticiasribeiraopreto.com.br\/index.php\/wp-json\/wp\/v2\/media\/83170"}],"wp:attachment":[{"href":"https:\/\/noticiasribeiraopreto.com.br\/index.php\/wp-json\/wp\/v2\/media?parent=83169"}],"wp:term":[{"taxonomy":"category","embeddable":true,"href":"https:\/\/noticiasribeiraopreto.com.br\/index.php\/wp-json\/wp\/v2\/categories?post=83169"},{"taxonomy":"post_tag","embeddable":true,"href":"https:\/\/noticiasribeiraopreto.com.br\/index.php\/wp-json\/wp\/v2\/tags?post=83169"}],"curies":[{"name":"wp","href":"https:\/\/api.w.org\/{rel}","templated":true}]}}