{"id":83171,"date":"2026-03-11T11:21:43","date_gmt":"2026-03-11T14:21:43","guid":{"rendered":"https:\/\/noticiasribeiraopreto.com.br\/index.php\/2026\/03\/11\/concurso-publico-de-camara-no-interior-de-sp-oferece-salarios-de-ate-r-69-mil\/"},"modified":"2026-03-11T11:21:43","modified_gmt":"2026-03-11T14:21:43","slug":"concurso-publico-de-camara-no-interior-de-sp-oferece-salarios-de-ate-r-69-mil","status":"publish","type":"post","link":"https:\/\/noticiasribeiraopreto.com.br\/index.php\/2026\/03\/11\/concurso-publico-de-camara-no-interior-de-sp-oferece-salarios-de-ate-r-69-mil\/","title":{"rendered":"Concurso p\u00fablico de C\u00e2mara no interior de SP oferece sal\u00e1rios de at\u00e9 R$ 6,9 mil"},"content":{"rendered":"<div class='code-block code-block-1' style='margin: 8px 0 8px auto; text-align: right; display: block; clear: both;'>\n<p><a href=\"https:\/\/wa.link\/vpicfd\"><img data-recalc-dims=\"1\" class=\"wp-image-4922\" style=\"aspect-ratio: 2.0253164556962027; width: 561px; height: auto;\" src=\"https:\/\/i0.wp.com\/ismaelcolosi.com.br\/wp-content\/uploads\/2023\/11\/grupo-de-empregos-whatsapp-e-facebook-ismael-colosi-vagas.jpg?ssl=1\" alt=\"\" \/><\/a><\/p>\n<!-- \/wp:image -->\n<\/div>\n<p> <br \/>\n<\/p>\n<div data-td-block-uid=\"tdi_95\">\n<div class=\"tdb-block-inner td-fix-index\">\n<p>A <strong>C\u00e2mara Municipal de Altin\u00f3polis<\/strong>, cidade na <strong>regi\u00e3o de Ribeir\u00e3o Preto<\/strong>, abriu inscri\u00e7\u00f5es para um novo <strong>concurso p\u00fablico<\/strong> que pretende contratar e formar cadastro reserva de profissionais de n\u00edvel m\u00e9dio e superior.<\/p>\n<p>As oportunidades s\u00e3o para diferentes cargos e os <strong>sal\u00e1rios variam entre R$ 1.855,50 <\/strong>e <strong>R$ 6.958,13<\/strong> \u2013 veja as vagas logo abaixo.<\/p>\n<h2 class=\"wp-block-heading\"><strong>Como se inscrever?<\/strong><\/h2>\n<p>Os interessados devem se inscrever de <strong>forma online (<a href=\"https:\/\/www.camaradealtinopolis.sp.gov.br\/noticias\/concurso-publico-no-0012026\" target=\"_blank\" data-type=\"link\" data-id=\"https:\/\/www.camaradealtinopolis.sp.gov.br\/noticias\/concurso-publico-no-0012026\" rel=\"noreferrer noopener\">clique aqui<\/a>)<\/strong> at\u00e9 o dia <strong>24 de mar\u00e7o de 2026<\/strong>. <mark style=\"background-color:#fcb900\" class=\"has-inline-color\">A taxa de inscri\u00e7\u00e3o \u00e9 de R$ 50 para ensino m\u00e9dio e R$ 70 para ensino superior.<\/mark><\/p>\n<h3 class=\"wp-block-heading\"><strong>Confira as oportunidades<\/strong><\/h3>\n<ul class=\"wp-block-list\">\n<li>Assistente Administrativo (1 vaga + CR) \u2013 sal\u00e1rio inicial de R$ 1.855,50<\/li>\n<li>Assistente T\u00e9cnico Legislativo (1 vaga + CR) \u2013 sal\u00e1rio inicial de R$ 3.150,00<\/li>\n<li>Contador (CR) \u2013 sal\u00e1rio inicial de R$ 3.160,09<\/li>\n<li>Procurador Jur\u00eddico (1 vaga + CR) \u2013 sal\u00e1rio inicial de R$ 6.958,13<\/li>\n<li>Controlador Interno (1 vaga + CR) \u2013 sal\u00e1rio inicial de R$ 4.725,00<\/li>\n<\/ul>\n<p>A sele\u00e7\u00e3o ser\u00e1 por meio de prova objetiva para todos os cargos, <strong>prevista para o dia 12 de abril de 2026<\/strong>, no per\u00edodo da manh\u00e3.<\/p>\n<p>Para os cargos de contador e controlador interno, tamb\u00e9m haver\u00e1 an\u00e1lise de t\u00edtulos. J\u00e1 para procurador jur\u00eddico, o processo inclui prova objetiva, prova subjetiva e an\u00e1lise de t\u00edtulos.<\/p>\n<hr class=\"wp-block-separator has-alpha-channel-opacity\"\/>\n<p>SAIBA MAIS<\/p>\n<p>Licita\u00e7\u00e3o de monitoramento urbano \u00e9 suspensa ap\u00f3s pedido do TCE em Ribeir\u00e3o Preto<\/p>\n<h3 class=\"wp-block-heading\"><strong>FIQUE ON<\/strong><\/h3>\n<p>Fique ligado em tudo que acontece em Ribeir\u00e3o Preto e regi\u00e3o. Siga os perfis do<strong>\u00a0acidade on\u00a0<\/strong>no<a href=\"https:\/\/www.instagram.com\/acidadeonribeirao\" target=\"_blank\" rel=\"noreferrer noopener\">\u00a0Instagram<\/a>\u00a0e no<a href=\"https:\/\/www.facebook.com\/acidadeonribeirao\/\" target=\"_blank\" rel=\"noreferrer noopener\">\u00a0Facebook<\/a>.<\/p>\n<p>Receba not\u00edcias do<strong>\u00a0acidade on\u00a0<\/strong>no WhatsApp. Para entrar no grupo,\u00a0basta<a href=\"https:\/\/chat.whatsapp.com\/GFH9HUMUTHNFJdnyEd0xxq\" target=\"_blank\" rel=\"noreferrer noopener\">\u00a0clicar aqui<\/a>. Ou, acesse o nosso\u00a0Canal\u00a0<a href=\"https:\/\/whatsapp.com\/channel\/0029Vb6IQl1JENyAeS57fk2p\" target=\"_blank\" rel=\"noreferrer noopener\">clicando aqui<\/a>.<\/p>\n<p>Fa\u00e7a uma den\u00fancia ou sugira uma reportagem sobre Ribeir\u00e3o Preto e regi\u00e3o pelo WhatsApp: 16 99117 7802.<\/p>\n<p>VEJA TAMB\u00c9M<\/p>\n<p>Lentilha: 3 receitas surpreendentes para o lanche da tarde<\/p>\n<p><!-- AI CONTENT END 1 -->\n<\/div>\n<\/div>\n<p><script async src=\"\/\/www.instagram.com\/embed.js\"><\/script><br \/>\n<br \/><br \/>\n<br \/><a href=\"https:\/\/www.acidadeon.com\/ribeiraopreto\/economia\/concurso-publico-de-camara-no-interior-de-sp-oferece-salarios-de-ate-r-69-mil\/\">Source link <\/a><\/p>\n<!-- CONTENT END 1 -->\n","protected":false},"excerpt":{"rendered":"<p>A C\u00e2mara Municipal de Altin\u00f3polis, cidade na regi\u00e3o de Ribeir\u00e3o Preto, abriu inscri\u00e7\u00f5es para um novo concurso p\u00fablico que pretende contratar e formar cadastro reserva&#8230;<\/p>\n","protected":false},"author":1,"featured_media":83172,"comment_status":"open","ping_status":"open","sticky":false,"template":"","format":"standard","meta":{"advanced_seo_description":"","jetpack_seo_html_title":"","jetpack_seo_noindex":false,"jetpack_post_was_ever_published":false,"_jetpack_newsletter_access":"","_jetpack_dont_email_post_to_subs":false,"_jetpack_newsletter_tier_id":0,"_jetpack_memberships_contains_paywalled_content":false,"_jetpack_memberships_contains_paid_content":false,"footnotes":"","jetpack_publicize_message":"","jetpack_publicize_feature_enabled":true,"jetpack_social_post_already_shared":true,"jetpack_social_options":{"image_generator_settings":{"template":"highway","default_image_id":0,"font":"","enabled":false},"version":2}},"categories":[11],"tags":[],"class_list":["post-83171","post","type-post","status-publish","format-standard","has-post-thumbnail","hentry","category-noticias-de-ribeirao-preto-sp-e-regiao-ismael-colosi"],"jetpack_publicize_connections":[],"jetpack_featured_media_url":"https:\/\/i0.wp.com\/noticiasribeiraopreto.com.br\/wp-content\/uploads\/2026\/03\/palace-37_2026-03-10_21-22-36.webp.webp?fit=1200%2C675&ssl=1","jetpack-related-posts":[{"id":62139,"url":"https:\/\/noticiasribeiraopreto.com.br\/index.php\/2025\/01\/04\/camara-no-interior-de-sp-tem-concurso-publico-com-salarios-de-ate-r-12-mil\/","url_meta":{"origin":83171,"position":0},"title":"C\u00e2mara no interior de SP tem concurso p\u00fablico com sal\u00e1rios de at\u00e9 R$ 12 mil","author":"noticiasribeiraopreto.com.br","date":"4 de January de 2025","format":false,"excerpt":"As inscri\u00e7\u00f5es para o concurso p\u00fablico da C\u00e2mara Municipal de Bebedouro, munic\u00edpio no interior de S\u00e3o Paulo, terminam nesta segunda-feira (6). S\u00e3o sete vagas dispon\u00edveis e as oportunidades s\u00e3o destinadas a candidatos de n\u00edvel superior. Os sal\u00e1rios para as fun\u00e7\u00f5es variam entre R$ 2,9 mil e R$ 12 mil. Como\u2026","rel":"","context":"In &quot;Not\u00edcias de Ribeir\u00e3o Preto-SP e Regi\u00e3o&quot;","block_context":{"text":"Not\u00edcias de Ribeir\u00e3o Preto-SP e Regi\u00e3o","link":"https:\/\/noticiasribeiraopreto.com.br\/index.php\/category\/noticias-de-ribeirao-preto-sp-e-regiao-ismael-colosi\/"},"img":{"alt_text":"","src":"https:\/\/i0.wp.com\/noticiasribeiraopreto.com.br\/wp-content\/uploads\/2024\/08\/concurso-publico-ribeirao-preto_2024-08-13_10-44-40_jpg_2024-08-13_10-44-40.webp.webp?fit=1200%2C800&ssl=1&resize=350%2C200","width":350,"height":200,"srcset":"https:\/\/i0.wp.com\/noticiasribeiraopreto.com.br\/wp-content\/uploads\/2024\/08\/concurso-publico-ribeirao-preto_2024-08-13_10-44-40_jpg_2024-08-13_10-44-40.webp.webp?fit=1200%2C800&ssl=1&resize=350%2C200 1x, https:\/\/i0.wp.com\/noticiasribeiraopreto.com.br\/wp-content\/uploads\/2024\/08\/concurso-publico-ribeirao-preto_2024-08-13_10-44-40_jpg_2024-08-13_10-44-40.webp.webp?fit=1200%2C800&ssl=1&resize=525%2C300 1.5x, https:\/\/i0.wp.com\/noticiasribeiraopreto.com.br\/wp-content\/uploads\/2024\/08\/concurso-publico-ribeirao-preto_2024-08-13_10-44-40_jpg_2024-08-13_10-44-40.webp.webp?fit=1200%2C800&ssl=1&resize=700%2C400 2x, https:\/\/i0.wp.com\/noticiasribeiraopreto.com.br\/wp-content\/uploads\/2024\/08\/concurso-publico-ribeirao-preto_2024-08-13_10-44-40_jpg_2024-08-13_10-44-40.webp.webp?fit=1200%2C800&ssl=1&resize=1050%2C600 3x"},"classes":[]},{"id":77275,"url":"https:\/\/noticiasribeiraopreto.com.br\/index.php\/2025\/09\/15\/tj-sp-abre-concurso-com-220-vagas-e-salarios-de-r-34-mil-saiba-como-se-inscrever\/","url_meta":{"origin":83171,"position":1},"title":"TJ-SP abre concurso com 220 vagas e sal\u00e1rios de R$ 34 mil; Saiba como se inscrever","author":"noticiasribeiraopreto.com.br","date":"15 de September de 2025","format":false,"excerpt":"O TJ-SP (Tribunal de Justi\u00e7a de S\u00e3o Paulo) publicou um novo edital de concurso p\u00fablico para o cargo de juiz substituto com sal\u00e1rio de R$ 34.083,14. O concurso tem como objetivo preencher 220 vagas, distribu\u00eddas da seguinte forma: 143 para ampla concorr\u00eancia; 11 para pessoas com defici\u00eancia; 55 para pessoas\u2026","rel":"","context":"In &quot;Not\u00edcias de Ribeir\u00e3o Preto-SP e Regi\u00e3o&quot;","block_context":{"text":"Not\u00edcias de Ribeir\u00e3o Preto-SP e Regi\u00e3o","link":"https:\/\/noticiasribeiraopreto.com.br\/index.php\/category\/noticias-de-ribeirao-preto-sp-e-regiao-ismael-colosi\/"},"img":{"alt_text":"","src":"https:\/\/i0.wp.com\/noticiasribeiraopreto.com.br\/wp-content\/uploads\/2025\/09\/concurso_publico_1-1024x683-1_2024-05-09_19-38-33_jpeg_2024-05-09_19-38-33.webp.webp?fit=1024%2C683&ssl=1&resize=350%2C200","width":350,"height":200,"srcset":"https:\/\/i0.wp.com\/noticiasribeiraopreto.com.br\/wp-content\/uploads\/2025\/09\/concurso_publico_1-1024x683-1_2024-05-09_19-38-33_jpeg_2024-05-09_19-38-33.webp.webp?fit=1024%2C683&ssl=1&resize=350%2C200 1x, https:\/\/i0.wp.com\/noticiasribeiraopreto.com.br\/wp-content\/uploads\/2025\/09\/concurso_publico_1-1024x683-1_2024-05-09_19-38-33_jpeg_2024-05-09_19-38-33.webp.webp?fit=1024%2C683&ssl=1&resize=525%2C300 1.5x, https:\/\/i0.wp.com\/noticiasribeiraopreto.com.br\/wp-content\/uploads\/2025\/09\/concurso_publico_1-1024x683-1_2024-05-09_19-38-33_jpeg_2024-05-09_19-38-33.webp.webp?fit=1024%2C683&ssl=1&resize=700%2C400 2x"},"classes":[]},{"id":59060,"url":"https:\/\/noticiasribeiraopreto.com.br\/index.php\/2024\/10\/13\/veja-cinco-concursos-publicos-com-mais-de-110-vagas-no-interior-de-sp\/","url_meta":{"origin":83171,"position":2},"title":"Veja cinco concursos p\u00fablicos com mais de 110 vagas no interior de SP","author":"noticiasribeiraopreto.com.br","date":"13 de October de 2024","format":false,"excerpt":"Os interessados em concorrer a uma vaga em concurso p\u00fablico contam com mais de 110 oportunidades em cinco editais dispon\u00edveis no interior de S\u00e3o Paulo. As oportunidades s\u00e3o para cargos de n\u00edvel m\u00e9dio, t\u00e9cnico e superior. Os sal\u00e1rios variam entre R$ 2,1 mil e R$ 12,6 mil. Confira a lista\u2026","rel":"","context":"In &quot;Not\u00edcias de Ribeir\u00e3o Preto-SP e Regi\u00e3o&quot;","block_context":{"text":"Not\u00edcias de Ribeir\u00e3o Preto-SP e Regi\u00e3o","link":"https:\/\/noticiasribeiraopreto.com.br\/index.php\/category\/noticias-de-ribeirao-preto-sp-e-regiao-ismael-colosi\/"},"img":{"alt_text":"","src":"https:\/\/i0.wp.com\/noticiasribeiraopreto.com.br\/wp-content\/uploads\/2024\/09\/Copia-de-Copia-de-TAMANHO-EXATO-PARA-FOTOS-NO-SISTEMA-NOVO-22_2024-07-24_20-00-55_jpg_2024-07-24_20-00-55.webp.webp?fit=1200%2C675&ssl=1&resize=350%2C200","width":350,"height":200,"srcset":"https:\/\/i0.wp.com\/noticiasribeiraopreto.com.br\/wp-content\/uploads\/2024\/09\/Copia-de-Copia-de-TAMANHO-EXATO-PARA-FOTOS-NO-SISTEMA-NOVO-22_2024-07-24_20-00-55_jpg_2024-07-24_20-00-55.webp.webp?fit=1200%2C675&ssl=1&resize=350%2C200 1x, https:\/\/i0.wp.com\/noticiasribeiraopreto.com.br\/wp-content\/uploads\/2024\/09\/Copia-de-Copia-de-TAMANHO-EXATO-PARA-FOTOS-NO-SISTEMA-NOVO-22_2024-07-24_20-00-55_jpg_2024-07-24_20-00-55.webp.webp?fit=1200%2C675&ssl=1&resize=525%2C300 1.5x, https:\/\/i0.wp.com\/noticiasribeiraopreto.com.br\/wp-content\/uploads\/2024\/09\/Copia-de-Copia-de-TAMANHO-EXATO-PARA-FOTOS-NO-SISTEMA-NOVO-22_2024-07-24_20-00-55_jpg_2024-07-24_20-00-55.webp.webp?fit=1200%2C675&ssl=1&resize=700%2C400 2x, https:\/\/i0.wp.com\/noticiasribeiraopreto.com.br\/wp-content\/uploads\/2024\/09\/Copia-de-Copia-de-TAMANHO-EXATO-PARA-FOTOS-NO-SISTEMA-NOVO-22_2024-07-24_20-00-55_jpg_2024-07-24_20-00-55.webp.webp?fit=1200%2C675&ssl=1&resize=1050%2C600 3x"},"classes":[]},{"id":50821,"url":"https:\/\/noticiasribeiraopreto.com.br\/index.php\/2024\/05\/19\/camara-na-regiao-de-ribeirao-preto-anuncia-concurso-publico-com-salarios-de-ate-r-56-mil\/","url_meta":{"origin":83171,"position":3},"title":"C\u00e2mara na regi\u00e3o de Ribeir\u00e3o Preto anuncia concurso p\u00fablico com sal\u00e1rios de at\u00e9 R$ 5,6 mil","author":"noticiasribeiraopreto.com.br","date":"19 de May de 2024","format":false,"excerpt":"A C\u00e2mara Municipal de Morro Agudo, cidade a aproximadamente 70 quil\u00f4metros de Ribeir\u00e3o Preto, anunciou a abertura de um concurso p\u00fablico para preencher oito vagas em cargos que exigem n\u00edveis fundamental incompleto e completo, m\u00e9dio e superior. Os sal\u00e1rios variam de R$ 1.654,67 a R$ 5.632,91.Confira o edital completo aqui.\u2026","rel":"","context":"In &quot;Not\u00edcias de Ribeir\u00e3o Preto-SP e Regi\u00e3o&quot;","block_context":{"text":"Not\u00edcias de Ribeir\u00e3o Preto-SP e Regi\u00e3o","link":"https:\/\/noticiasribeiraopreto.com.br\/index.php\/category\/noticias-de-ribeirao-preto-sp-e-regiao-ismael-colosi\/"},"img":{"alt_text":"","src":"https:\/\/i0.wp.com\/noticiasribeiraopreto.com.br\/wp-content\/uploads\/2024\/05\/1716152795_concurso-publico.jpg?fit=1200%2C800&ssl=1&resize=350%2C200","width":350,"height":200,"srcset":"https:\/\/i0.wp.com\/noticiasribeiraopreto.com.br\/wp-content\/uploads\/2024\/05\/1716152795_concurso-publico.jpg?fit=1200%2C800&ssl=1&resize=350%2C200 1x, https:\/\/i0.wp.com\/noticiasribeiraopreto.com.br\/wp-content\/uploads\/2024\/05\/1716152795_concurso-publico.jpg?fit=1200%2C800&ssl=1&resize=525%2C300 1.5x, https:\/\/i0.wp.com\/noticiasribeiraopreto.com.br\/wp-content\/uploads\/2024\/05\/1716152795_concurso-publico.jpg?fit=1200%2C800&ssl=1&resize=700%2C400 2x, https:\/\/i0.wp.com\/noticiasribeiraopreto.com.br\/wp-content\/uploads\/2024\/05\/1716152795_concurso-publico.jpg?fit=1200%2C800&ssl=1&resize=1050%2C600 3x"},"classes":[]},{"id":62082,"url":"https:\/\/noticiasribeiraopreto.com.br\/index.php\/2025\/01\/02\/concursos-do-tj-sp-tem-274-oportunidades-e-salarios-de-r-9-mil-veja-como-se-inscrever\/","url_meta":{"origin":83171,"position":4},"title":"Concursos do TJ-SP tem 274 oportunidades e sal\u00e1rios de R$ 9 mil; Veja como se inscrever","author":"noticiasribeiraopreto.com.br","date":"2 de January de 2025","format":false,"excerpt":"O TJ-SP (Tribunal de Justi\u00e7a de S\u00e3o Paulo) est\u00e1 com 274 oportunidades dispon\u00edveis para os cargos de psic\u00f3logo judici\u00e1rio e assistente social judici\u00e1rio com sal\u00e1rios de R$ 9.061,53. De acordo com os editais, s\u00e3o 137 vagas para cada um dos cargos. As oportunidades foram divididas pelas dez Regi\u00f5es Administrativas Judici\u00e1rias\u2026","rel":"","context":"In &quot;Not\u00edcias de Ribeir\u00e3o Preto-SP e Regi\u00e3o&quot;","block_context":{"text":"Not\u00edcias de Ribeir\u00e3o Preto-SP e Regi\u00e3o","link":"https:\/\/noticiasribeiraopreto.com.br\/index.php\/category\/noticias-de-ribeirao-preto-sp-e-regiao-ismael-colosi\/"},"img":{"alt_text":"","src":"https:\/\/i0.wp.com\/noticiasribeiraopreto.com.br\/wp-content\/uploads\/2024\/09\/Copia-de-Copia-de-TAMANHO-EXATO-PARA-FOTOS-NO-SISTEMA-NOVO-22_2024-07-24_20-00-55_jpg_2024-07-24_20-00-55.webp.webp?fit=1200%2C675&ssl=1&resize=350%2C200","width":350,"height":200,"srcset":"https:\/\/i0.wp.com\/noticiasribeiraopreto.com.br\/wp-content\/uploads\/2024\/09\/Copia-de-Copia-de-TAMANHO-EXATO-PARA-FOTOS-NO-SISTEMA-NOVO-22_2024-07-24_20-00-55_jpg_2024-07-24_20-00-55.webp.webp?fit=1200%2C675&ssl=1&resize=350%2C200 1x, https:\/\/i0.wp.com\/noticiasribeiraopreto.com.br\/wp-content\/uploads\/2024\/09\/Copia-de-Copia-de-TAMANHO-EXATO-PARA-FOTOS-NO-SISTEMA-NOVO-22_2024-07-24_20-00-55_jpg_2024-07-24_20-00-55.webp.webp?fit=1200%2C675&ssl=1&resize=525%2C300 1.5x, https:\/\/i0.wp.com\/noticiasribeiraopreto.com.br\/wp-content\/uploads\/2024\/09\/Copia-de-Copia-de-TAMANHO-EXATO-PARA-FOTOS-NO-SISTEMA-NOVO-22_2024-07-24_20-00-55_jpg_2024-07-24_20-00-55.webp.webp?fit=1200%2C675&ssl=1&resize=700%2C400 2x, https:\/\/i0.wp.com\/noticiasribeiraopreto.com.br\/wp-content\/uploads\/2024\/09\/Copia-de-Copia-de-TAMANHO-EXATO-PARA-FOTOS-NO-SISTEMA-NOVO-22_2024-07-24_20-00-55_jpg_2024-07-24_20-00-55.webp.webp?fit=1200%2C675&ssl=1&resize=1050%2C600 3x"},"classes":[]},{"id":9705,"url":"https:\/\/noticiasribeiraopreto.com.br\/index.php\/2023\/12\/02\/camara-no-interior-de-sp-tem-concurso-publico-com-salario-de-r-54-mil\/","url_meta":{"origin":83171,"position":5},"title":"C\u00e2mara no interior de SP tem concurso p\u00fablico com sal\u00e1rio de R$ 5,4 mil","author":"noticiasribeiraopreto.com.br","date":"2 de December de 2023","format":false,"excerpt":"A C\u00e2mara Municipal de Jaboticabal, na regi\u00e3o de Ribeir\u00e3o Preto, publicou o edital de abertura para inscri\u00e7\u00f5es de um concurso p\u00fablico. O edital foi publicado no jornal oficial \u2018A Gazeta\u2019, neste s\u00e1bado (2). No total, ser\u00e3o cinco vagas e o sal\u00e1rio inicial \u00e9 de R$ 5.452,93. Al\u00e9m do vencimento, a\u2026","rel":"","context":"In &quot;Not\u00edcias de Ribeir\u00e3o Preto-SP e Regi\u00e3o&quot;","block_context":{"text":"Not\u00edcias de Ribeir\u00e3o Preto-SP e Regi\u00e3o","link":"https:\/\/noticiasribeiraopreto.com.br\/index.php\/category\/noticias-de-ribeirao-preto-sp-e-regiao-ismael-colosi\/"},"img":{"alt_text":"","src":"https:\/\/i0.wp.com\/noticiasribeiraopreto.com.br\/wp-content\/uploads\/2023\/12\/concurso_publico_500x320_26052018171840.jpg?fit=500%2C322&ssl=1&resize=350%2C200","width":350,"height":200},"classes":[]}],"jetpack_sharing_enabled":true,"jetpack_shortlink":"https:\/\/wp.me\/peQAOb-lDt","_links":{"self":[{"href":"https:\/\/noticiasribeiraopreto.com.br\/index.php\/wp-json\/wp\/v2\/posts\/83171","targetHints":{"allow":["GET"]}}],"collection":[{"href":"https:\/\/noticiasribeiraopreto.com.br\/index.php\/wp-json\/wp\/v2\/posts"}],"about":[{"href":"https:\/\/noticiasribeiraopreto.com.br\/index.php\/wp-json\/wp\/v2\/types\/post"}],"author":[{"embeddable":true,"href":"https:\/\/noticiasribeiraopreto.com.br\/index.php\/wp-json\/wp\/v2\/users\/1"}],"replies":[{"embeddable":true,"href":"https:\/\/noticiasribeiraopreto.com.br\/index.php\/wp-json\/wp\/v2\/comments?post=83171"}],"version-history":[{"count":0,"href":"https:\/\/noticiasribeiraopreto.com.br\/index.php\/wp-json\/wp\/v2\/posts\/83171\/revisions"}],"wp:featuredmedia":[{"embeddable":true,"href":"https:\/\/noticiasribeiraopreto.com.br\/index.php\/wp-json\/wp\/v2\/media\/83172"}],"wp:attachment":[{"href":"https:\/\/noticiasribeiraopreto.com.br\/index.php\/wp-json\/wp\/v2\/media?parent=83171"}],"wp:term":[{"taxonomy":"category","embeddable":true,"href":"https:\/\/noticiasribeiraopreto.com.br\/index.php\/wp-json\/wp\/v2\/categories?post=83171"},{"taxonomy":"post_tag","embeddable":true,"href":"https:\/\/noticiasribeiraopreto.com.br\/index.php\/wp-json\/wp\/v2\/tags?post=83171"}],"curies":[{"name":"wp","href":"https:\/\/api.w.org\/{rel}","templated":true}]}}