{"id":83173,"date":"2026-03-11T12:48:41","date_gmt":"2026-03-11T15:48:41","guid":{"rendered":"https:\/\/noticiasribeiraopreto.com.br\/index.php\/2026\/03\/11\/suspeito-de-integrar-cv-e-preso-em-ribeirao-preto\/"},"modified":"2026-03-11T12:48:41","modified_gmt":"2026-03-11T15:48:41","slug":"suspeito-de-integrar-cv-e-preso-em-ribeirao-preto","status":"publish","type":"post","link":"https:\/\/noticiasribeiraopreto.com.br\/index.php\/2026\/03\/11\/suspeito-de-integrar-cv-e-preso-em-ribeirao-preto\/","title":{"rendered":"Suspeito de integrar CV \u00e9 preso em Ribeir\u00e3o Preto"},"content":{"rendered":"<div class='code-block code-block-1' style='margin: 8px 0 8px auto; text-align: right; display: block; clear: both;'>\n<p><a href=\"https:\/\/wa.link\/vpicfd\"><img data-recalc-dims=\"1\" class=\"wp-image-4922\" style=\"aspect-ratio: 2.0253164556962027; width: 561px; height: auto;\" src=\"https:\/\/i0.wp.com\/ismaelcolosi.com.br\/wp-content\/uploads\/2023\/11\/grupo-de-empregos-whatsapp-e-facebook-ismael-colosi-vagas.jpg?ssl=1\" alt=\"\" \/><\/a><\/p>\n<!-- \/wp:image -->\n<\/div>\n<p> <br \/>\n<\/p>\n<div>\n<p>Por: Adalberto Luque \u2013<\/p>\n<p>Um homem foi preso, na manh\u00e3 desta quarta-feira (11) no \u00e2mbito da Opera\u00e7\u00e3o L\u00ednea Rubra. A a\u00e7\u00e3o foi realizada pela Pol\u00edcia Civil de Rio Claro e o alvo em Ribeir\u00e3o Preto foi preso por integrantes do Grupo de Opera\u00e7\u00f5es Especiais da Divis\u00e3o Especializada de Investiga\u00e7\u00f5es Criminais (GOE\/DEIC).<\/p>\n<p>Segundo o delegado Paulo Haddich, o detido em Ribeir\u00e3o Preto tem liga\u00e7\u00e3o direta com o grupo que operava o tr\u00e1fico de drogas a partir de Rio Claro, mas oriundo da frac\u00e7\u00e3o criminosa. Victor Lu\u00eds Gomes de Albuquerque, de 29 anos, foi preso em sua resid\u00eancia, no Jardim Piratininga, zona Oeste de Ribeir\u00e3o Preto.<\/p>\n<figure id=\"attachment_457085\" aria-describedby=\"caption-attachment-457085\" style=\"width: 466px\" class=\"wp-caption alignleft\"><img data-recalc-dims=\"1\" loading=\"lazy\" decoding=\"async\" class=\"size-full wp-image-457085 lazyload\" src=\"https:\/\/i0.wp.com\/www.tribunaribeirao.com.br\/wp-content\/uploads\/2026\/03\/11-mar-2026-operacaorioclaro3.jpg?resize=466%2C780&#038;ssl=1\" alt=\"\" width=\"466\" height=\"780\" srcset=\"https:\/\/www.tribunaribeirao.com.br\/wp-content\/uploads\/2026\/03\/11-mar-2026-operacaorioclaro3.jpg 466w, https:\/\/www.tribunaribeirao.com.br\/wp-content\/uploads\/2026\/03\/11-mar-2026-operacaorioclaro3-179x300.jpg 179w, https:\/\/www.tribunaribeirao.com.br\/wp-content\/uploads\/2026\/03\/11-mar-2026-operacaorioclaro3-239x400.jpg 239w, https:\/\/www.tribunaribeirao.com.br\/wp-content\/uploads\/2026\/03\/11-mar-2026-operacaorioclaro3-585x979.jpg 585w\" data-sizes=\"(max-width: 466px) 100vw, 466px\" style=\"--smush-placeholder-width: 466px; --smush-placeholder-aspect-ratio: 466\/780;\"\/><figcaption id=\"caption-attachment-457085\" class=\"wp-caption-text\">Im\u00f3veis de luxo e autom\u00f3veis est\u00e3o entre os bens sequestrados por determina\u00e7\u00e3o da Justi\u00e7a (Foto: Divulga\u00e7\u00e3o)<\/figcaption><\/figure>\n<p>Ele foi levado \u00e0 Central de Pol\u00edcia Judici\u00e1ria (CPJ) e, de l\u00e1, encaminhado para uma unidade prisional. A reportagem do Tribuna n\u00e3o conseguiu contato com sua defesa. Haddich disse que o homem seguir\u00e1 preso em Ribeir\u00e3o Preto.<\/p>\n<p><strong>A opera\u00e7\u00e3o<\/strong><\/p>\n<p>A Opera\u00e7\u00e3o L\u00ednea Rubra \u00e9 resultado de uma investiga\u00e7\u00e3o realizada pela Delegacia de Investiga\u00e7\u00f5es Gerais (DIG) de Rio Claro. Foi deflagrada em conjunto com o Grupo de Atua\u00e7\u00e3o Especial de Combate ao Crime Organizado (Gaeco) de Piracicaba e mobilizou 120 policiais civis e tr\u00eas promotores de Justi\u00e7a para o cumprimento de 26 mandados de busca e apreens\u00e3o e 19 de pris\u00e3o preventiva.<\/p>\n<p>A a\u00e7\u00e3o tamb\u00e9m contou com apoio do helic\u00f3ptero Pelicano, da Pol\u00edcia Civil, e da Secretaria da Fazenda do Estado de S\u00e3o Paulo. As medidas judiciais incluem ainda o sequestro de 12 im\u00f3veis, bloqueio de R$ 33,6 milh\u00f5es em contas banc\u00e1rias e apreens\u00e3o de 39 ve\u00edculos, al\u00e9m de outros bens que ainda est\u00e3o em fase de bloqueio.<\/p>\n<p>Segundo as investiga\u00e7\u00f5es, a organiza\u00e7\u00e3o criminosa \u00e9 suspeita de atuar no tr\u00e1fico de drogas e armas, lavagem de dinheiro e homic\u00eddios, com presen\u00e7a predominante em Rio Claro e regi\u00e3o.<\/p>\n<p>A investiga\u00e7\u00e3o apurou que o aumento da viol\u00eancia na cidade ocorreu ap\u00f3s disputa territorial envolvendo o grupo liderado por Anderson Ricardo de Menezes, conhecido como \u201cMagrelo\u201d, e integrantes do Primeiro Comando da Capital (PCC). Em maio de 2023, outra opera\u00e7\u00e3o da Pol\u00edcia Civil desarticulou a estrutura comandada por Magrelo, criando um espa\u00e7o que passou a ser ocupado por Leonardo Felipe Panono Scupin Calixto, conhecido como \u201cBode\u201d.<\/p>\n<p>As apura\u00e7\u00f5es indicam que, diferentemente do grupo anterior, Calixto teria liga\u00e7\u00e3o com o Comando Vermelho (CV), atuando como uma das lideran\u00e7as da fac\u00e7\u00e3o no interior paulista. Ele e um de seus principais colaboradores, Luan Barbosa de Almeida F\u00e9lix, s\u00e3o considerados foragidos e h\u00e1 ind\u00edcios de que estejam escondidos em comunidades do Rio de Janeiro controladas pela fac\u00e7\u00e3o.<\/p>\n<figure id=\"attachment_457084\" aria-describedby=\"caption-attachment-457084\" style=\"width: 524px\" class=\"wp-caption alignright\"><img data-recalc-dims=\"1\" loading=\"lazy\" decoding=\"async\" class=\"wp-image-457084 lazyload\" src=\"https:\/\/i0.wp.com\/www.tribunaribeirao.com.br\/wp-content\/uploads\/2026\/03\/11-mar-2026-operacaorioclaro2-scaled.jpg?resize=524%2C699&#038;ssl=1\" alt=\"\" width=\"524\" height=\"699\" srcset=\"https:\/\/www.tribunaribeirao.com.br\/wp-content\/uploads\/2026\/03\/11-mar-2026-operacaorioclaro2-scaled.jpg 585w, https:\/\/www.tribunaribeirao.com.br\/wp-content\/uploads\/2026\/03\/11-mar-2026-operacaorioclaro2-225x300.jpg 225w, https:\/\/www.tribunaribeirao.com.br\/wp-content\/uploads\/2026\/03\/11-mar-2026-operacaorioclaro2-768x1024.jpg 768w, https:\/\/www.tribunaribeirao.com.br\/wp-content\/uploads\/2026\/03\/11-mar-2026-operacaorioclaro2-300x400.jpg 300w\" data-sizes=\"(max-width: 524px) 100vw, 524px\" style=\"--smush-placeholder-width: 524px; --smush-placeholder-aspect-ratio: 524\/699;\"\/><figcaption id=\"caption-attachment-457084\" class=\"wp-caption-text\">Al\u00e9m do bloqueio de R$ 33 milh\u00f5es em contas banc\u00e1rias, dinheiro em esp\u00e9cie foi localizado e apreendido durante a L\u00ednea Rubra (Foto: Divulga\u00e7\u00e3o)<\/figcaption><\/figure>\n<p>De acordo com Haddich, a organiza\u00e7\u00e3o possui estrutura hierarquizada e divis\u00e3o de tarefas. O grupo utilizaria ve\u00edculos adaptados com compartimentos ocultos para transporte de drogas e dinheiro, al\u00e9m de empresas e pessoas interpostas para ocultar patrim\u00f4nio. A movimenta\u00e7\u00e3o financeira identificada pelos investigadores ultrapassou R$ 1,19 milh\u00e3o em menos de um m\u00eas, valor associado ao tr\u00e1fico de drogas e \u00e0 comercializa\u00e7\u00e3o ilegal de armas.<\/p>\n<p>As apura\u00e7\u00f5es tamb\u00e9m apontam a exist\u00eancia de um n\u00facleo respons\u00e1vel pela lavagem de dinheiro, formado por familiares, pessoas de confian\u00e7a e empres\u00e1rios. Os recursos seriam inseridos no sistema financeiro por meio de transfer\u00eancias via PIX, TED e dep\u00f3sitos em dinheiro, direcionados a contas banc\u00e1rias abertas em nome de terceiros e utilizadas como intermedi\u00e1rias para dificultar o rastreamento dos valores.<\/p>\n<p>As investiga\u00e7\u00f5es permitiram identificar os integrantes da organiza\u00e7\u00e3o, suas fun\u00e7\u00f5es e parte do patrim\u00f4nio ligado \u00e0s atividades investigadas. A opera\u00e7\u00e3o busca desarticular a estrutura log\u00edstica, financeira e operacional do grupo na regi\u00e3o.<\/p>\n<p>Al\u00e9m do preso em Ribeir\u00e3o Preto, outras quatro pessoas foram detidas em Indaiatuba, S\u00e3o Carlos e dois em Rio Claro, um deles empres\u00e1rio dono de concession\u00e1ria de ve\u00edculos. Os suspeitos procurados por mandado de pris\u00e3o que n\u00e3o foram encontrados s\u00e3o considerados foragidos e seguem sendo procurados. As investiga\u00e7\u00f5es prosseguem.<\/p>\n<\/div>\n<p><br \/>\n<br \/><a href=\"https:\/\/www.tribunaribeirao.com.br\/suspeito-de-integrar-cv-e-preso-em-ribeirao-preto\/\">Source link <\/a><\/p>\n<!-- CONTENT END 1 -->\n","protected":false},"excerpt":{"rendered":"<p>Por: Adalberto Luque \u2013 Um homem foi preso, na manh\u00e3 desta quarta-feira (11) no \u00e2mbito da Opera\u00e7\u00e3o L\u00ednea Rubra. A a\u00e7\u00e3o foi realizada pela Pol\u00edcia&#8230;<\/p>\n","protected":false},"author":1,"featured_media":83174,"comment_status":"open","ping_status":"open","sticky":false,"template":"","format":"standard","meta":{"advanced_seo_description":"","jetpack_seo_html_title":"","jetpack_seo_noindex":false,"jetpack_post_was_ever_published":false,"_jetpack_newsletter_access":"","_jetpack_dont_email_post_to_subs":false,"_jetpack_newsletter_tier_id":0,"_jetpack_memberships_contains_paywalled_content":false,"_jetpack_memberships_contains_paid_content":false,"footnotes":"","jetpack_publicize_message":"","jetpack_publicize_feature_enabled":true,"jetpack_social_post_already_shared":true,"jetpack_social_options":{"image_generator_settings":{"template":"highway","default_image_id":0,"font":"","enabled":false},"version":2}},"categories":[11],"tags":[],"class_list":["post-83173","post","type-post","status-publish","format-standard","has-post-thumbnail","hentry","category-noticias-de-ribeirao-preto-sp-e-regiao-ismael-colosi"],"jetpack_publicize_connections":[],"jetpack_featured_media_url":"https:\/\/i0.wp.com\/noticiasribeiraopreto.com.br\/wp-content\/uploads\/2026\/03\/11-mar-2026-operacaorioclaro1-scaled.jpg?fit=1200%2C711&ssl=1","jetpack-related-posts":[{"id":28384,"url":"https:\/\/noticiasribeiraopreto.com.br\/index.php\/2024\/01\/15\/utm_sourcerssutm_mediumrssutm_campaignprincipal-suspeito-de-matar-engenheiro-em-ribeirao-preto-e-preso-no-rio-de-janeiro\/","url_meta":{"origin":83173,"position":0},"title":"Principal suspeito de matar engenheiro em Ribeir\u00e3o Preto \u00e9 preso no Rio de Janeiro \u2013 X Tudo Ribeir\u00e3o","author":"noticiasribeiraopreto.com.br","date":"15 de January de 2024","format":false,"excerpt":"O principal suspeito de matar um engenheiro de 34 anos, na cidade de Ribeir\u00e3o Preto no final do ano passado, foi preso pela Pol\u00edcia Civil em Nova Igua\u00e7u, no Rio de Janeiro.\u00a0 Segundo as informa\u00e7\u00f5es da Pol\u00edcia Civil, os Policiais da 1\u00aa DIG \/ DEIC do Deinter 3, ap\u00f3s o\u2026","rel":"","context":"In &quot;Not\u00edcias de Ribeir\u00e3o Preto-SP e Regi\u00e3o&quot;","block_context":{"text":"Not\u00edcias de Ribeir\u00e3o Preto-SP e Regi\u00e3o","link":"https:\/\/noticiasribeiraopreto.com.br\/index.php\/category\/noticias-de-ribeirao-preto-sp-e-regiao-ismael-colosi\/"},"img":{"alt_text":"","src":"https:\/\/i0.wp.com\/noticiasribeiraopreto.com.br\/wp-content\/uploads\/2024\/01\/WhatsApp-Image-2024-01-15-at-16.08.41.jpeg?fit=921%2C623&ssl=1&resize=350%2C200","width":350,"height":200,"srcset":"https:\/\/i0.wp.com\/noticiasribeiraopreto.com.br\/wp-content\/uploads\/2024\/01\/WhatsApp-Image-2024-01-15-at-16.08.41.jpeg?fit=921%2C623&ssl=1&resize=350%2C200 1x, https:\/\/i0.wp.com\/noticiasribeiraopreto.com.br\/wp-content\/uploads\/2024\/01\/WhatsApp-Image-2024-01-15-at-16.08.41.jpeg?fit=921%2C623&ssl=1&resize=525%2C300 1.5x, https:\/\/i0.wp.com\/noticiasribeiraopreto.com.br\/wp-content\/uploads\/2024\/01\/WhatsApp-Image-2024-01-15-at-16.08.41.jpeg?fit=921%2C623&ssl=1&resize=700%2C400 2x"},"classes":[]},{"id":56221,"url":"https:\/\/noticiasribeiraopreto.com.br\/index.php\/2024\/08\/11\/medico-safado-de-rio-preto-e-preso-por-importunacao-sexual-em-hotel-em-rp-x-tudo-ribeirao\/","url_meta":{"origin":83173,"position":1},"title":"M\u00c9DICO SAFADO DE RIO PRETO \u00c9 PRESO POR IMPORTUNA\u00c7\u00c3O SEXUAL EM HOTEL EM RP \u2013 X Tudo Ribeir\u00e3o","author":"noticiasribeiraopreto.com.br","date":"11 de August de 2024","format":false,"excerpt":"Um M\u00c9DICO SAFADO da cidade de S\u00e3o Jos\u00e9 do Rio Preto, foi preso ap\u00f3s importunar sexualmente uma camareira na manh\u00e3 deste s\u00e1bado (10\/8), no Jardim Am\u00e9rica, em Ribeir\u00e3o Preto. Segundo apurado com a PM, funcion\u00e1rios do hotel situado na rua Jo\u00e3o Penteado, acionou os Militares dizendo que teria um h\u00f3spede\u2026","rel":"","context":"In &quot;Not\u00edcias de Ribeir\u00e3o Preto-SP e Regi\u00e3o&quot;","block_context":{"text":"Not\u00edcias de Ribeir\u00e3o Preto-SP e Regi\u00e3o","link":"https:\/\/noticiasribeiraopreto.com.br\/index.php\/category\/noticias-de-ribeirao-preto-sp-e-regiao-ismael-colosi\/"},"img":{"alt_text":"","src":"https:\/\/i0.wp.com\/noticiasribeiraopreto.com.br\/wp-content\/uploads\/2024\/08\/WhatsApp-Image-2024-08-11-at-17.32.05.jpeg?fit=1200%2C803&ssl=1&resize=350%2C200","width":350,"height":200,"srcset":"https:\/\/i0.wp.com\/noticiasribeiraopreto.com.br\/wp-content\/uploads\/2024\/08\/WhatsApp-Image-2024-08-11-at-17.32.05.jpeg?fit=1200%2C803&ssl=1&resize=350%2C200 1x, https:\/\/i0.wp.com\/noticiasribeiraopreto.com.br\/wp-content\/uploads\/2024\/08\/WhatsApp-Image-2024-08-11-at-17.32.05.jpeg?fit=1200%2C803&ssl=1&resize=525%2C300 1.5x, https:\/\/i0.wp.com\/noticiasribeiraopreto.com.br\/wp-content\/uploads\/2024\/08\/WhatsApp-Image-2024-08-11-at-17.32.05.jpeg?fit=1200%2C803&ssl=1&resize=700%2C400 2x, https:\/\/i0.wp.com\/noticiasribeiraopreto.com.br\/wp-content\/uploads\/2024\/08\/WhatsApp-Image-2024-08-11-at-17.32.05.jpeg?fit=1200%2C803&ssl=1&resize=1050%2C600 3x"},"classes":[]},{"id":37911,"url":"https:\/\/noticiasribeiraopreto.com.br\/index.php\/2024\/02\/19\/homem-e-preso-em-ribeirao-preto-acusado-de-sequestrar-mulher-dentro-de-onibus\/","url_meta":{"origin":83173,"position":2},"title":"Homem \u00e9 preso em Ribeir\u00e3o Preto acusado de sequestrar mulher dentro de \u00f4nibus","author":"noticiasribeiraopreto.com.br","date":"19 de February de 2024","format":false,"excerpt":"A Pol\u00edcia Militar prendeu em Ribeir\u00e3o Preto um homem de 27 anos acusado de sequestro, estupro e extors\u00e3o por uma mulher de 31 anos. A v\u00edtima e o suspeito estavam dentro de um \u00f4nibus que partiu do Rio de Janeiro, no \u00faltimo domingo (18), e que tinha como destino Goi\u00e2nia.\u2026","rel":"","context":"In &quot;Not\u00edcias de Ribeir\u00e3o Preto-SP e Regi\u00e3o&quot;","block_context":{"text":"Not\u00edcias de Ribeir\u00e3o Preto-SP e Regi\u00e3o","link":"https:\/\/noticiasribeiraopreto.com.br\/index.php\/category\/noticias-de-ribeirao-preto-sp-e-regiao-ismael-colosi\/"},"img":{"alt_text":"","src":"https:\/\/i0.wp.com\/noticiasribeiraopreto.com.br\/wp-content\/uploads\/2024\/02\/cpj_1024x576_04082020121137.jpg?fit=1024%2C575&ssl=1&resize=350%2C200","width":350,"height":200,"srcset":"https:\/\/i0.wp.com\/noticiasribeiraopreto.com.br\/wp-content\/uploads\/2024\/02\/cpj_1024x576_04082020121137.jpg?fit=1024%2C575&ssl=1&resize=350%2C200 1x, https:\/\/i0.wp.com\/noticiasribeiraopreto.com.br\/wp-content\/uploads\/2024\/02\/cpj_1024x576_04082020121137.jpg?fit=1024%2C575&ssl=1&resize=525%2C300 1.5x, https:\/\/i0.wp.com\/noticiasribeiraopreto.com.br\/wp-content\/uploads\/2024\/02\/cpj_1024x576_04082020121137.jpg?fit=1024%2C575&ssl=1&resize=700%2C400 2x"},"classes":[]},{"id":37696,"url":"https:\/\/noticiasribeiraopreto.com.br\/index.php\/2024\/02\/17\/homem-e-preso-por-bater-em-cao-com-pedaco-de-madeira-em-ribeirao-preto\/","url_meta":{"origin":83173,"position":3},"title":"Homem \u00e9 preso por bater em c\u00e3o com peda\u00e7o de madeira em Ribeir\u00e3o Preto","author":"noticiasribeiraopreto.com.br","date":"17 de February de 2024","format":false,"excerpt":"Um homem de 56 anos foi preso em flagrante na manh\u00e3 deste s\u00e1bado (17), ap\u00f3s bater em um cachorro com um peda\u00e7o de madeira, no bairro Jardim Heitor Rigon, na zona Norte de Ribeir\u00e3o Preto. Segundo o tenente da Pol\u00edcia Militar F\u00e1bio Guidoni, al\u00e9m da agress\u00e3o contra o animal, o\u2026","rel":"","context":"In &quot;Not\u00edcias de Ribeir\u00e3o Preto-SP e Regi\u00e3o&quot;","block_context":{"text":"Not\u00edcias de Ribeir\u00e3o Preto-SP e Regi\u00e3o","link":"https:\/\/noticiasribeiraopreto.com.br\/index.php\/category\/noticias-de-ribeirao-preto-sp-e-regiao-ismael-colosi\/"},"img":{"alt_text":"","src":"https:\/\/i0.wp.com\/noticiasribeiraopreto.com.br\/wp-content\/uploads\/2024\/02\/2.jpg?fit=1200%2C675&ssl=1&resize=350%2C200","width":350,"height":200,"srcset":"https:\/\/i0.wp.com\/noticiasribeiraopreto.com.br\/wp-content\/uploads\/2024\/02\/2.jpg?fit=1200%2C675&ssl=1&resize=350%2C200 1x, https:\/\/i0.wp.com\/noticiasribeiraopreto.com.br\/wp-content\/uploads\/2024\/02\/2.jpg?fit=1200%2C675&ssl=1&resize=525%2C300 1.5x, https:\/\/i0.wp.com\/noticiasribeiraopreto.com.br\/wp-content\/uploads\/2024\/02\/2.jpg?fit=1200%2C675&ssl=1&resize=700%2C400 2x, https:\/\/i0.wp.com\/noticiasribeiraopreto.com.br\/wp-content\/uploads\/2024\/02\/2.jpg?fit=1200%2C675&ssl=1&resize=1050%2C600 3x"},"classes":[]},{"id":45776,"url":"https:\/\/noticiasribeiraopreto.com.br\/index.php\/2024\/04\/07\/homem-e-preso-por-embriaguez-apos-provocar-dois-acidentes-em-ribeirao-preto\/","url_meta":{"origin":83173,"position":4},"title":"Homem \u00e9 preso por embriaguez ap\u00f3s provocar dois acidentes em Ribeir\u00e3o Preto","author":"noticiasribeiraopreto.com.br","date":"7 de April de 2024","format":false,"excerpt":"Um homem de 26 anos foi preso em flagrante depois de bater em dois carros em Ribeir\u00e3o Preto na madrugada de domingo (7). De acordo com a Pol\u00edcia Civil, o motorista estava embriagado. Segundo apura\u00e7\u00e3o da EPTV, o primeiro acidente aconteceu no cruzamento das avenidas Quito Junqueira com a Paschoal\u2026","rel":"","context":"In &quot;Not\u00edcias de Ribeir\u00e3o Preto-SP e Regi\u00e3o&quot;","block_context":{"text":"Not\u00edcias de Ribeir\u00e3o Preto-SP e Regi\u00e3o","link":"https:\/\/noticiasribeiraopreto.com.br\/index.php\/category\/noticias-de-ribeirao-preto-sp-e-regiao-ismael-colosi\/"},"img":{"alt_text":"","src":"https:\/\/i0.wp.com\/noticiasribeiraopreto.com.br\/wp-content\/uploads\/2024\/04\/cpj_1024x576_04082020121137.jpg?fit=1024%2C575&ssl=1&resize=350%2C200","width":350,"height":200,"srcset":"https:\/\/i0.wp.com\/noticiasribeiraopreto.com.br\/wp-content\/uploads\/2024\/04\/cpj_1024x576_04082020121137.jpg?fit=1024%2C575&ssl=1&resize=350%2C200 1x, https:\/\/i0.wp.com\/noticiasribeiraopreto.com.br\/wp-content\/uploads\/2024\/04\/cpj_1024x576_04082020121137.jpg?fit=1024%2C575&ssl=1&resize=525%2C300 1.5x, https:\/\/i0.wp.com\/noticiasribeiraopreto.com.br\/wp-content\/uploads\/2024\/04\/cpj_1024x576_04082020121137.jpg?fit=1024%2C575&ssl=1&resize=700%2C400 2x"},"classes":[]},{"id":73046,"url":"https:\/\/noticiasribeiraopreto.com.br\/index.php\/2025\/06\/24\/homem-e-preso-suspeito-de-roubar-e-estuprar-estudante-em-ribeirao-preto\/","url_meta":{"origin":83173,"position":5},"title":"Homem \u00e9 preso suspeito de roubar e estuprar estudante em Ribeir\u00e3o Preto","author":"noticiasribeiraopreto.com.br","date":"24 de June de 2025","format":false,"excerpt":"Um homem foi preso nesta ter\u00e7a-feira (24) suspeito de assaltar e estuprar uma estudante de 18 anos no Parque S\u00e3o Sebasti\u00e3o, zona Leste de Ribeir\u00e3o Preto. Segundo a PM (Pol\u00edcia Militar), a jovem ia para a escola e estava em um ponto de \u00f4nibus, quando foi abordada. O suspeito teria\u2026","rel":"","context":"In &quot;Not\u00edcias de Ribeir\u00e3o Preto-SP e Regi\u00e3o&quot;","block_context":{"text":"Not\u00edcias de Ribeir\u00e3o Preto-SP e Regi\u00e3o","link":"https:\/\/noticiasribeiraopreto.com.br\/index.php\/category\/noticias-de-ribeirao-preto-sp-e-regiao-ismael-colosi\/"},"img":{"alt_text":"","src":"https:\/\/i0.wp.com\/noticiasribeiraopreto.com.br\/wp-content\/uploads\/2025\/06\/ddm-ribeirao-preto_2025-03-07_18-48-54_jpg_2025-03-07_18-48-55.webp.webp?fit=1190%2C671&ssl=1&resize=350%2C200","width":350,"height":200,"srcset":"https:\/\/i0.wp.com\/noticiasribeiraopreto.com.br\/wp-content\/uploads\/2025\/06\/ddm-ribeirao-preto_2025-03-07_18-48-54_jpg_2025-03-07_18-48-55.webp.webp?fit=1190%2C671&ssl=1&resize=350%2C200 1x, https:\/\/i0.wp.com\/noticiasribeiraopreto.com.br\/wp-content\/uploads\/2025\/06\/ddm-ribeirao-preto_2025-03-07_18-48-54_jpg_2025-03-07_18-48-55.webp.webp?fit=1190%2C671&ssl=1&resize=525%2C300 1.5x, https:\/\/i0.wp.com\/noticiasribeiraopreto.com.br\/wp-content\/uploads\/2025\/06\/ddm-ribeirao-preto_2025-03-07_18-48-54_jpg_2025-03-07_18-48-55.webp.webp?fit=1190%2C671&ssl=1&resize=700%2C400 2x, https:\/\/i0.wp.com\/noticiasribeiraopreto.com.br\/wp-content\/uploads\/2025\/06\/ddm-ribeirao-preto_2025-03-07_18-48-54_jpg_2025-03-07_18-48-55.webp.webp?fit=1190%2C671&ssl=1&resize=1050%2C600 3x"},"classes":[]}],"jetpack_sharing_enabled":true,"jetpack_shortlink":"https:\/\/wp.me\/peQAOb-lDv","_links":{"self":[{"href":"https:\/\/noticiasribeiraopreto.com.br\/index.php\/wp-json\/wp\/v2\/posts\/83173","targetHints":{"allow":["GET"]}}],"collection":[{"href":"https:\/\/noticiasribeiraopreto.com.br\/index.php\/wp-json\/wp\/v2\/posts"}],"about":[{"href":"https:\/\/noticiasribeiraopreto.com.br\/index.php\/wp-json\/wp\/v2\/types\/post"}],"author":[{"embeddable":true,"href":"https:\/\/noticiasribeiraopreto.com.br\/index.php\/wp-json\/wp\/v2\/users\/1"}],"replies":[{"embeddable":true,"href":"https:\/\/noticiasribeiraopreto.com.br\/index.php\/wp-json\/wp\/v2\/comments?post=83173"}],"version-history":[{"count":0,"href":"https:\/\/noticiasribeiraopreto.com.br\/index.php\/wp-json\/wp\/v2\/posts\/83173\/revisions"}],"wp:featuredmedia":[{"embeddable":true,"href":"https:\/\/noticiasribeiraopreto.com.br\/index.php\/wp-json\/wp\/v2\/media\/83174"}],"wp:attachment":[{"href":"https:\/\/noticiasribeiraopreto.com.br\/index.php\/wp-json\/wp\/v2\/media?parent=83173"}],"wp:term":[{"taxonomy":"category","embeddable":true,"href":"https:\/\/noticiasribeiraopreto.com.br\/index.php\/wp-json\/wp\/v2\/categories?post=83173"},{"taxonomy":"post_tag","embeddable":true,"href":"https:\/\/noticiasribeiraopreto.com.br\/index.php\/wp-json\/wp\/v2\/tags?post=83173"}],"curies":[{"name":"wp","href":"https:\/\/api.w.org\/{rel}","templated":true}]}}