{"id":83177,"date":"2026-03-11T17:16:36","date_gmt":"2026-03-11T20:16:36","guid":{"rendered":"https:\/\/noticiasribeiraopreto.com.br\/index.php\/2026\/03\/11\/grupo-raizen-pede-recuperacao-extrajudicial\/"},"modified":"2026-03-11T17:16:36","modified_gmt":"2026-03-11T20:16:36","slug":"grupo-raizen-pede-recuperacao-extrajudicial","status":"publish","type":"post","link":"https:\/\/noticiasribeiraopreto.com.br\/index.php\/2026\/03\/11\/grupo-raizen-pede-recuperacao-extrajudicial\/","title":{"rendered":"Grupo Ra\u00edzen pede recupera\u00e7\u00e3o extrajudicial"},"content":{"rendered":"<div class='code-block code-block-1' style='margin: 8px 0 8px auto; text-align: right; display: block; clear: both;'>\n<p><a href=\"https:\/\/wa.link\/vpicfd\"><img data-recalc-dims=\"1\" class=\"wp-image-4922\" style=\"aspect-ratio: 2.0253164556962027; width: 561px; height: auto;\" src=\"https:\/\/i0.wp.com\/ismaelcolosi.com.br\/wp-content\/uploads\/2023\/11\/grupo-de-empregos-whatsapp-e-facebook-ismael-colosi-vagas.jpg?ssl=1\" alt=\"\" \/><\/a><\/p>\n<!-- \/wp:image -->\n<\/div>\n<p> <br \/>\n<\/p>\n<div>\n<p>Maior produtora mundial de etanol e biomassa de cana-de-a\u00e7\u00facar, dona da marca Shell e uma das gigantes do setor de agroenergia, a Ra\u00edzen apresentou pedido de recupera\u00e7\u00e3o extrajudicial nesta quarta-feira, 11 de mar\u00e7o. Segundo a companhia, a proposta de renegocia\u00e7\u00e3o de suas d\u00edvidas, que superam os R$ 65,1 bilh\u00f5es, foi acordada com seus principais credores.<\/p>\n<p>Em um comunicado divulgado na manh\u00e3 de ontem, a companhia afirma que o objetivo do pedido \u00e9 \u201cassegurar um ambiente jur\u00eddico est\u00e1vel, protegido e adequado para a negocia\u00e7\u00e3o e implementa\u00e7\u00e3o da reestrutura\u00e7\u00e3o das d\u00edvidas financeiras quirograf\u00e1rias do Grupo Ra\u00edzen\u201d.<\/p>\n<p>D\u00edvidas quirograf\u00e1rias s\u00e3o os cr\u00e9ditos a receber n\u00e3o cobertos por uma chamada garantia real, como uma hipoteca, e que n\u00e3o gozam de prefer\u00eancia na ordem de pagamento. Assim, em caso de fal\u00eancia ou recupera\u00e7\u00e3o via judicial, os credores quirograf\u00e1rios s\u00e3o os \u00faltimos a receber os valores que lhes s\u00e3o devidos.<\/p>\n<p>De acordo com a Ra\u00edzen, o Plano de Recupera\u00e7\u00e3o Extrajudicial apresentado junto ao pedido distribu\u00eddo \u00e0 Comarca da Capital de S\u00e3o Paulo conta com a ades\u00e3o de seus principais credores, titulares de mais de 47% das d\u00edvidas financeiras quirograf\u00e1rias \u2013 percentual superior ao qu\u00f3rum m\u00ednimo legal de um ter\u00e7o dos cr\u00e9ditos afetados e suficiente para o ajuizamento do pedido de Recupera\u00e7\u00e3o Extrajudicial.<\/p>\n<p>\u201cO Grupo Ra\u00edzen disp\u00f5e do prazo de 90 dias, a contar do processamento da Recupera\u00e7\u00e3o Extrajudicial, para obter o percentual m\u00ednimo necess\u00e1rio \u00e0 homologa\u00e7\u00e3o do seu plano de recupera\u00e7\u00e3o extrajudicial, assegurando, assim, a vincula\u00e7\u00e3o de 100% dos cr\u00e9ditos sujeitos aos novos termos e condi\u00e7\u00f5es de pagamento a serem definidos no Plano\u201d, explica a companhia em seu comunicado.<\/p>\n<p>Ainda segundo a companhia, a iniciativa tem escopo limitado, n\u00e3o abrangendo as d\u00edvidas e obriga\u00e7\u00f5es do Grupo Ra\u00edzen com clientes, fornecedores, revendedores e outros parceiros de neg\u00f3cios, que permanecem vigentes, sendo cumpridas normalmente, nos termos dos respectivos contratos.<\/p>\n<p>O Plano de Recupera\u00e7\u00e3o Extrajudicial poder\u00e1 envolver a capitaliza\u00e7\u00e3o do Grupo Ra\u00edzen por seus acionistas; a convers\u00e3o de parte dos Cr\u00e9ditos Sujeitos em participa\u00e7\u00e3o acion\u00e1ria na Companhia; a substitui\u00e7\u00e3o de parte dos Cr\u00e9ditos Sujeitos por novas d\u00edvidas; reorganiza\u00e7\u00f5es societ\u00e1rias, destinadas \u00e0 segrega\u00e7\u00e3o de parcela dos neg\u00f3cios atualmente conduzidos pelo Grupo Ra\u00edzen e a venda de ativos do grupo.<\/p>\n<p>Com mais de 45 mil colaboradores e 15 mil parceiros de neg\u00f3cios espalhados por todo o Brasil, o Grupo Ra\u00edzen controla 35 usinas de produ\u00e7\u00e3o de a\u00e7\u00facar, etanol e bioenergia, tendo anunciado uma receita l\u00edquida de R$ 255,3 bilh\u00f5es na safra 2024\/2025.<\/p>\n<p>O Grupo Ra\u00edzen controla algumas das principais usinas da regi\u00e3o de Ribeir\u00e3o Preto, entre elas a Bonfim, em Guariba, uma das maiores plantas de biog\u00e1s do mundo e produ\u00e7\u00e3o de etanol de segunda gera\u00e7\u00e3o (E2G),e a Vale do Ros\u00e1rio, em Morro Agudo, onde administra unidade de produ\u00e7\u00e3o sucroenerg\u00e9tica.<\/p>\n<p>Tamb\u00e9m controla a Usina Araraquara (na cidade hom\u00f4nima), a Ibat\u00e9 (idem, focada na cogera\u00e7\u00e3o de energia) e a Usina Junqueira (Igarapava). A Usina Santa Elisa, em Sert\u00e3ozinho, teve encerrou as atividades em julho de 2025. Ainda controla a Costa Pinto, em Piracicaba.<\/p>\n<p>As outras unidades no estado s\u00e3o a Ben\u00e1lcool (em Bento de Abreu), Bom Retiro (Capivari), Destivale (Ara\u00e7atuba), Diamante (Ja\u00fa), Dois C\u00f3rregos (Dois C\u00f3rregos), Gasa (Andradina), Ipaussu (Ipaussu), Maraca\u00ed (Maraca\u00ed), Mundial (Mirand\u00f3polis), Paragua\u00e7u Paulista (Paragua\u00e7u Paulista), Para\u00edso (Brotas), Rafard (Rafard), Santa C\u00e2ndida (Bocaina), S\u00e3o Francisco (Elias Fausto), Tamoio (Araraquara), Tarum\u00e3 (Tarum\u00e3) e Univalem (Valpara\u00edso).<\/p>\n<p>\u201cAs opera\u00e7\u00f5es do Grupo Ra\u00edzen seguem sendo conduzidas normalmente, no atendimento a clientes, na rela\u00e7\u00e3o com fornecedores e na execu\u00e7\u00e3o de seus planos de neg\u00f3cios. A Ra\u00edzen manter\u00e1 seus acionistas e o mercado informados acerca de quaisquer desdobramentos relevantes relacionados a este tema\u201d, destacou a companhia, procurando tranquilizar seus acionistas e parceiros comerciais.<\/p>\n<\/div>\n<p><br \/>\n<br \/><a href=\"https:\/\/www.tribunaribeirao.com.br\/grupo-raizen-pede-recuperacao-extrajudicial\/\">Source link <\/a><\/p>\n<!-- CONTENT END 1 -->\n","protected":false},"excerpt":{"rendered":"<p>Maior produtora mundial de etanol e biomassa de cana-de-a\u00e7\u00facar, dona da marca Shell e uma das gigantes do setor de agroenergia, a Ra\u00edzen apresentou pedido&#8230;<\/p>\n","protected":false},"author":1,"featured_media":83178,"comment_status":"open","ping_status":"open","sticky":false,"template":"","format":"standard","meta":{"advanced_seo_description":"","jetpack_seo_html_title":"","jetpack_seo_noindex":false,"jetpack_post_was_ever_published":false,"_jetpack_newsletter_access":"","_jetpack_dont_email_post_to_subs":false,"_jetpack_newsletter_tier_id":0,"_jetpack_memberships_contains_paywalled_content":false,"_jetpack_memberships_contains_paid_content":false,"footnotes":"","jetpack_publicize_message":"","jetpack_publicize_feature_enabled":true,"jetpack_social_post_already_shared":true,"jetpack_social_options":{"image_generator_settings":{"template":"highway","default_image_id":0,"font":"","enabled":false},"version":2}},"categories":[11],"tags":[],"class_list":["post-83177","post","type-post","status-publish","format-standard","has-post-thumbnail","hentry","category-noticias-de-ribeirao-preto-sp-e-regiao-ismael-colosi"],"jetpack_publicize_connections":[],"jetpack_featured_media_url":"https:\/\/i0.wp.com\/noticiasribeiraopreto.com.br\/wp-content\/uploads\/2026\/03\/raizen.jpeg?fit=1170%2C700&ssl=1","jetpack-related-posts":[{"id":83179,"url":"https:\/\/noticiasribeiraopreto.com.br\/index.php\/2026\/03\/11\/grupo-raizen-pede-recuperacao-extrajudicial-2\/","url_meta":{"origin":83177,"position":0},"title":"Grupo Ra\u00edzen pede recupera\u00e7\u00e3o extrajudicial","author":"noticiasribeiraopreto.com.br","date":"11 de March de 2026","format":false,"excerpt":"Maior produtora mundial de etanol e biomassa de cana-de-a\u00e7\u00facar, dona da marca Shell e uma das gigantes do setor de agroenergia, a Ra\u00edzen apresentou pedido de recupera\u00e7\u00e3o extrajudicial nesta quarta-feira, 11 de mar\u00e7o. Segundo a companhia, a proposta de renegocia\u00e7\u00e3o de suas d\u00edvidas, que superam os R$ 65,1 bilh\u00f5es, foi\u2026","rel":"","context":"In &quot;Not\u00edcias de Ribeir\u00e3o Preto-SP e Regi\u00e3o&quot;","block_context":{"text":"Not\u00edcias de Ribeir\u00e3o Preto-SP e Regi\u00e3o","link":"https:\/\/noticiasribeiraopreto.com.br\/index.php\/category\/noticias-de-ribeirao-preto-sp-e-regiao-ismael-colosi\/"},"img":{"alt_text":"","src":"https:\/\/i0.wp.com\/noticiasribeiraopreto.com.br\/wp-content\/uploads\/2026\/03\/raizen.jpg?fit=1170%2C700&ssl=1&resize=350%2C200","width":350,"height":200,"srcset":"https:\/\/i0.wp.com\/noticiasribeiraopreto.com.br\/wp-content\/uploads\/2026\/03\/raizen.jpg?fit=1170%2C700&ssl=1&resize=350%2C200 1x, https:\/\/i0.wp.com\/noticiasribeiraopreto.com.br\/wp-content\/uploads\/2026\/03\/raizen.jpg?fit=1170%2C700&ssl=1&resize=525%2C300 1.5x, https:\/\/i0.wp.com\/noticiasribeiraopreto.com.br\/wp-content\/uploads\/2026\/03\/raizen.jpg?fit=1170%2C700&ssl=1&resize=700%2C400 2x, https:\/\/i0.wp.com\/noticiasribeiraopreto.com.br\/wp-content\/uploads\/2026\/03\/raizen.jpg?fit=1170%2C700&ssl=1&resize=1050%2C600 3x"},"classes":[]},{"id":83156,"url":"https:\/\/noticiasribeiraopreto.com.br\/index.php\/2026\/03\/11\/grupo-com-atuacao-na-regiao-de-ribeirao-confirma-pedido-de-recuperacao-extrajudicial\/","url_meta":{"origin":83177,"position":1},"title":"Grupo com atua\u00e7\u00e3o na regi\u00e3o de Ribeir\u00e3o confirma pedido de recupera\u00e7\u00e3o extrajudicial","author":"noticiasribeiraopreto.com.br","date":"11 de March de 2026","format":false,"excerpt":"O Grupo Ra\u00edzen confirmou nesta quarta-feira (11), que protocolou seu pedido de recupera\u00e7\u00e3o extrajudicial na Comarca da Capital de S\u00e3o Paulo para renegociar cerca de R$ 65,1 bilh\u00f5es em d\u00edvidas. A informa\u00e7\u00e3o foi antecipada pelo Broadcast, sistema de not\u00edcias em tempo real do Grupo Estado. O grupo mant\u00e9m atua\u00e7\u00e3o na\u2026","rel":"","context":"In &quot;Not\u00edcias de Ribeir\u00e3o Preto-SP e Regi\u00e3o&quot;","block_context":{"text":"Not\u00edcias de Ribeir\u00e3o Preto-SP e Regi\u00e3o","link":"https:\/\/noticiasribeiraopreto.com.br\/index.php\/category\/noticias-de-ribeirao-preto-sp-e-regiao-ismael-colosi\/"},"img":{"alt_text":"","src":"https:\/\/i0.wp.com\/noticiasribeiraopreto.com.br\/wp-content\/uploads\/2026\/03\/raizen-guariba_2026-03-11_12-36-06.webp.webp?fit=1200%2C586&ssl=1&resize=350%2C200","width":350,"height":200,"srcset":"https:\/\/i0.wp.com\/noticiasribeiraopreto.com.br\/wp-content\/uploads\/2026\/03\/raizen-guariba_2026-03-11_12-36-06.webp.webp?fit=1200%2C586&ssl=1&resize=350%2C200 1x, https:\/\/i0.wp.com\/noticiasribeiraopreto.com.br\/wp-content\/uploads\/2026\/03\/raizen-guariba_2026-03-11_12-36-06.webp.webp?fit=1200%2C586&ssl=1&resize=525%2C300 1.5x, https:\/\/i0.wp.com\/noticiasribeiraopreto.com.br\/wp-content\/uploads\/2026\/03\/raizen-guariba_2026-03-11_12-36-06.webp.webp?fit=1200%2C586&ssl=1&resize=700%2C400 2x, https:\/\/i0.wp.com\/noticiasribeiraopreto.com.br\/wp-content\/uploads\/2026\/03\/raizen-guariba_2026-03-11_12-36-06.webp.webp?fit=1200%2C586&ssl=1&resize=1050%2C600 3x"},"classes":[]},{"id":83252,"url":"https:\/\/noticiasribeiraopreto.com.br\/index.php\/2026\/03\/14\/tj-acata-pedido-da-raizen\/","url_meta":{"origin":83177,"position":2},"title":"TJ acata pedido da Ra\u00edzen","author":"noticiasribeiraopreto.com.br","date":"14 de March de 2026","format":false,"excerpt":"O juiz Paulo Furtado de Oliveira Filho, da 2\u00aa Vara de Fal\u00eancias e Recupera\u00e7\u00f5es Judiciais do Tribunal de Justi\u00e7a de S\u00e3o Paulo, aceitou o processamento do pedido de homologa\u00e7\u00e3o do plano de recupera\u00e7\u00e3o extrajudicial apresentado pela Ra\u00edzen, dando in\u00edcio formal ao procedimento de renegocia\u00e7\u00e3o de d\u00edvidas da companhia, a maior\u2026","rel":"","context":"In &quot;Not\u00edcias de Ribeir\u00e3o Preto-SP e Regi\u00e3o&quot;","block_context":{"text":"Not\u00edcias de Ribeir\u00e3o Preto-SP e Regi\u00e3o","link":"https:\/\/noticiasribeiraopreto.com.br\/index.php\/category\/noticias-de-ribeirao-preto-sp-e-regiao-ismael-colosi\/"},"img":{"alt_text":"","src":"https:\/\/i0.wp.com\/noticiasribeiraopreto.com.br\/wp-content\/uploads\/2026\/03\/Raizen-Photo-Art-Fotografias-Raizen.jpg?fit=1170%2C700&ssl=1&resize=350%2C200","width":350,"height":200,"srcset":"https:\/\/i0.wp.com\/noticiasribeiraopreto.com.br\/wp-content\/uploads\/2026\/03\/Raizen-Photo-Art-Fotografias-Raizen.jpg?fit=1170%2C700&ssl=1&resize=350%2C200 1x, https:\/\/i0.wp.com\/noticiasribeiraopreto.com.br\/wp-content\/uploads\/2026\/03\/Raizen-Photo-Art-Fotografias-Raizen.jpg?fit=1170%2C700&ssl=1&resize=525%2C300 1.5x, https:\/\/i0.wp.com\/noticiasribeiraopreto.com.br\/wp-content\/uploads\/2026\/03\/Raizen-Photo-Art-Fotografias-Raizen.jpg?fit=1170%2C700&ssl=1&resize=700%2C400 2x, https:\/\/i0.wp.com\/noticiasribeiraopreto.com.br\/wp-content\/uploads\/2026\/03\/Raizen-Photo-Art-Fotografias-Raizen.jpg?fit=1170%2C700&ssl=1&resize=1050%2C600 3x"},"classes":[]},{"id":83933,"url":"https:\/\/noticiasribeiraopreto.com.br\/index.php\/2026\/03\/29\/aumentam-os-pedidos-de-recuperacao-extrajudicial\/","url_meta":{"origin":83177,"position":3},"title":"Aumentam os pedidos de recupera\u00e7\u00e3o extrajudicial","author":"noticiasribeiraopreto.com.br","date":"29 de March de 2026","format":false,"excerpt":"Nos \u00faltimos anos, tornou-se cada vez mais comum acompanhar nos notici\u00e1rios an\u00fancios de empresas que ingressam com pedidos de recupera\u00e7\u00e3o judicial ou que negociam acordos de recupera\u00e7\u00e3o extrajudicial com seus credores. O maior n\u00famero de casos, com expressivo crescimento em 2025, est\u00e1 no agroneg\u00f3cio. Somente no m\u00eas de mar\u00e7o deste\u2026","rel":"","context":"In &quot;Not\u00edcias de Ribeir\u00e3o Preto-SP e Regi\u00e3o&quot;","block_context":{"text":"Not\u00edcias de Ribeir\u00e3o Preto-SP e Regi\u00e3o","link":"https:\/\/noticiasribeiraopreto.com.br\/index.php\/category\/noticias-de-ribeirao-preto-sp-e-regiao-ismael-colosi\/"},"img":{"alt_text":"","src":"https:\/\/i0.wp.com\/noticiasribeiraopreto.com.br\/wp-content\/uploads\/2026\/03\/fotoandrerocha1-creditoreproducao-scaled.jpg?fit=1200%2C800&ssl=1&resize=350%2C200","width":350,"height":200,"srcset":"https:\/\/i0.wp.com\/noticiasribeiraopreto.com.br\/wp-content\/uploads\/2026\/03\/fotoandrerocha1-creditoreproducao-scaled.jpg?fit=1200%2C800&ssl=1&resize=350%2C200 1x, https:\/\/i0.wp.com\/noticiasribeiraopreto.com.br\/wp-content\/uploads\/2026\/03\/fotoandrerocha1-creditoreproducao-scaled.jpg?fit=1200%2C800&ssl=1&resize=525%2C300 1.5x, https:\/\/i0.wp.com\/noticiasribeiraopreto.com.br\/wp-content\/uploads\/2026\/03\/fotoandrerocha1-creditoreproducao-scaled.jpg?fit=1200%2C800&ssl=1&resize=700%2C400 2x, https:\/\/i0.wp.com\/noticiasribeiraopreto.com.br\/wp-content\/uploads\/2026\/03\/fotoandrerocha1-creditoreproducao-scaled.jpg?fit=1200%2C800&ssl=1&resize=1050%2C600 3x"},"classes":[]},{"id":83120,"url":"https:\/\/noticiasribeiraopreto.com.br\/index.php\/2026\/03\/10\/grupo-com-lojas-em-ribeirao-preto-pede-recuperacao-extrajudicial\/","url_meta":{"origin":83177,"position":4},"title":"Grupo com lojas em Ribeir\u00e3o Preto pede recupera\u00e7\u00e3o extrajudicial","author":"noticiasribeiraopreto.com.br","date":"10 de March de 2026","format":false,"excerpt":"O GPA (Grupo P\u00e3o de A\u00e7\u00facar), que administra quatro lojas em Ribeir\u00e3o Preto, protocolou pedido de recupera\u00e7\u00e3o extrajudicial para renegociar cerca de R$ 4,5 bilh\u00f5es em d\u00edvidas n\u00e3o operacionais. De acordo com o Estad\u00e3o, o presidente da companhia, Alexandre Santoro, disse que a medida conta com ades\u00e3o de 46% dos\u2026","rel":"","context":"In &quot;Not\u00edcias de Ribeir\u00e3o Preto-SP e Regi\u00e3o&quot;","block_context":{"text":"Not\u00edcias de Ribeir\u00e3o Preto-SP e Regi\u00e3o","link":"https:\/\/noticiasribeiraopreto.com.br\/index.php\/category\/noticias-de-ribeirao-preto-sp-e-regiao-ismael-colosi\/"},"img":{"alt_text":"","src":"https:\/\/i0.wp.com\/noticiasribeiraopreto.com.br\/wp-content\/uploads\/2026\/03\/loja-pao-de-acucar_2026-03-10_12-45-24.webp.webp?fit=1200%2C684&ssl=1&resize=350%2C200","width":350,"height":200,"srcset":"https:\/\/i0.wp.com\/noticiasribeiraopreto.com.br\/wp-content\/uploads\/2026\/03\/loja-pao-de-acucar_2026-03-10_12-45-24.webp.webp?fit=1200%2C684&ssl=1&resize=350%2C200 1x, https:\/\/i0.wp.com\/noticiasribeiraopreto.com.br\/wp-content\/uploads\/2026\/03\/loja-pao-de-acucar_2026-03-10_12-45-24.webp.webp?fit=1200%2C684&ssl=1&resize=525%2C300 1.5x, https:\/\/i0.wp.com\/noticiasribeiraopreto.com.br\/wp-content\/uploads\/2026\/03\/loja-pao-de-acucar_2026-03-10_12-45-24.webp.webp?fit=1200%2C684&ssl=1&resize=700%2C400 2x, https:\/\/i0.wp.com\/noticiasribeiraopreto.com.br\/wp-content\/uploads\/2026\/03\/loja-pao-de-acucar_2026-03-10_12-45-24.webp.webp?fit=1200%2C684&ssl=1&resize=1050%2C600 3x"},"classes":[]},{"id":47848,"url":"https:\/\/noticiasribeiraopreto.com.br\/index.php\/2024\/04\/29\/casas-bahia-entra-com-pedido-de-recuperacao-extrajudicial-para-divida-de-r-41-bi-entenda\/","url_meta":{"origin":83177,"position":5},"title":"Casas\u00a0Bahia\u00a0entra com pedido de recupera\u00e7\u00e3o extrajudicial para d\u00edvida de R$ 4,1 bi; Entenda","author":"noticiasribeiraopreto.com.br","date":"29 de April de 2024","format":false,"excerpt":"A\u00a0Casas\u00a0Bahia\u00a0entrou com pedido de recupera\u00e7\u00e3o extrajudicial para d\u00edvidas que somam R$ 4,1 bilh\u00f5es. O pedido j\u00e1 \u00e9 pr\u00e9-acordado com os principais credores, que det\u00e9m 54,5% dos d\u00e9bitos e, portanto, deve ser aplicado tamb\u00e9m aos demais credores pulverizados, dentre eles, pessoas f\u00edsicas. O montante renegociado, que envolve a 6\u00aa, 7\u00aa, 8\u00aa\u2026","rel":"","context":"In &quot;Not\u00edcias de Ribeir\u00e3o Preto-SP e Regi\u00e3o&quot;","block_context":{"text":"Not\u00edcias de Ribeir\u00e3o Preto-SP e Regi\u00e3o","link":"https:\/\/noticiasribeiraopreto.com.br\/index.php\/category\/noticias-de-ribeirao-preto-sp-e-regiao-ismael-colosi\/"},"img":{"alt_text":"","src":"https:\/\/i0.wp.com\/noticiasribeiraopreto.com.br\/wp-content\/uploads\/2024\/04\/Casa-Bahia2.jpg?fit=840%2C630&ssl=1&resize=350%2C200","width":350,"height":200,"srcset":"https:\/\/i0.wp.com\/noticiasribeiraopreto.com.br\/wp-content\/uploads\/2024\/04\/Casa-Bahia2.jpg?fit=840%2C630&ssl=1&resize=350%2C200 1x, https:\/\/i0.wp.com\/noticiasribeiraopreto.com.br\/wp-content\/uploads\/2024\/04\/Casa-Bahia2.jpg?fit=840%2C630&ssl=1&resize=525%2C300 1.5x, https:\/\/i0.wp.com\/noticiasribeiraopreto.com.br\/wp-content\/uploads\/2024\/04\/Casa-Bahia2.jpg?fit=840%2C630&ssl=1&resize=700%2C400 2x"},"classes":[]}],"jetpack_sharing_enabled":true,"jetpack_shortlink":"https:\/\/wp.me\/peQAOb-lDz","_links":{"self":[{"href":"https:\/\/noticiasribeiraopreto.com.br\/index.php\/wp-json\/wp\/v2\/posts\/83177","targetHints":{"allow":["GET"]}}],"collection":[{"href":"https:\/\/noticiasribeiraopreto.com.br\/index.php\/wp-json\/wp\/v2\/posts"}],"about":[{"href":"https:\/\/noticiasribeiraopreto.com.br\/index.php\/wp-json\/wp\/v2\/types\/post"}],"author":[{"embeddable":true,"href":"https:\/\/noticiasribeiraopreto.com.br\/index.php\/wp-json\/wp\/v2\/users\/1"}],"replies":[{"embeddable":true,"href":"https:\/\/noticiasribeiraopreto.com.br\/index.php\/wp-json\/wp\/v2\/comments?post=83177"}],"version-history":[{"count":0,"href":"https:\/\/noticiasribeiraopreto.com.br\/index.php\/wp-json\/wp\/v2\/posts\/83177\/revisions"}],"wp:featuredmedia":[{"embeddable":true,"href":"https:\/\/noticiasribeiraopreto.com.br\/index.php\/wp-json\/wp\/v2\/media\/83178"}],"wp:attachment":[{"href":"https:\/\/noticiasribeiraopreto.com.br\/index.php\/wp-json\/wp\/v2\/media?parent=83177"}],"wp:term":[{"taxonomy":"category","embeddable":true,"href":"https:\/\/noticiasribeiraopreto.com.br\/index.php\/wp-json\/wp\/v2\/categories?post=83177"},{"taxonomy":"post_tag","embeddable":true,"href":"https:\/\/noticiasribeiraopreto.com.br\/index.php\/wp-json\/wp\/v2\/tags?post=83177"}],"curies":[{"name":"wp","href":"https:\/\/api.w.org\/{rel}","templated":true}]}}