{"id":83181,"date":"2026-03-12T08:38:33","date_gmt":"2026-03-12T11:38:33","guid":{"rendered":"https:\/\/noticiasribeiraopreto.com.br\/index.php\/2026\/03\/12\/audiencia-discute-manejo-no-horto\/"},"modified":"2026-03-12T08:38:33","modified_gmt":"2026-03-12T11:38:33","slug":"audiencia-discute-manejo-no-horto","status":"publish","type":"post","link":"https:\/\/noticiasribeiraopreto.com.br\/index.php\/2026\/03\/12\/audiencia-discute-manejo-no-horto\/","title":{"rendered":"Audi\u00eancia discute manejo no Horto"},"content":{"rendered":"<div class='code-block code-block-1' style='margin: 8px 0 8px auto; text-align: right; display: block; clear: both;'>\n<p><a href=\"https:\/\/wa.link\/vpicfd\"><img data-recalc-dims=\"1\" class=\"wp-image-4922\" style=\"aspect-ratio: 2.0253164556962027; width: 561px; height: auto;\" src=\"https:\/\/i0.wp.com\/ismaelcolosi.com.br\/wp-content\/uploads\/2023\/11\/grupo-de-empregos-whatsapp-e-facebook-ismael-colosi-vagas.jpg?ssl=1\" alt=\"\" \/><\/a><\/p>\n<!-- \/wp:image -->\n<\/div>\n<p> <br \/>\n<\/p>\n<div>\n<p class=\"p1\"><i>Audi\u00eancia p\u00fablica sobre Plano de Manejo do Horto Municipal acontece na pr\u00f3xima segunda-feira, 16 de mar\u00e7o<\/i><\/p>\n<p>A prefeitura de Ribeir\u00e3o Preto, por meio da Secretaria do Meio Ambiente, Agricultura e Sustentabilidade, realizar\u00e1 na pr\u00f3xima segunda-feira, 16 de mar\u00e7o audi\u00eancia p\u00fablica para apresenta\u00e7\u00e3o e discuss\u00e3o do Plano de Manejo da \u00c1rea de Prote\u00e7\u00e3o Ambiental (APA) do Horto Municipal, o Parque Ecol\u00f3gico e Bot\u00e2nico \u00c2ngelo Rinaldi (Pebar).<\/p>\n<p>O encontro tem como objetivo debater com a popula\u00e7\u00e3o as diretrizes que ir\u00e3o orientar o uso, a conserva\u00e7\u00e3o e a gest\u00e3o dessa importante \u00e1rea verde da cidade. O Plano de Manejo \u00e9 o documento t\u00e9cnico que estabelece regras e orienta\u00e7\u00f5es para garantir a preserva\u00e7\u00e3o ambiental da unidade de conserva\u00e7\u00e3o.<\/p>\n<p>Defgine, por exemplo, \u00e1reas de circula\u00e7\u00e3o do p\u00fablico, atividades permitidas, a\u00e7\u00f5es de educa\u00e7\u00e3o ambiental e medidas de prote\u00e7\u00e3o da fauna, da flora e dos recursos naturais. A audi\u00eancia p\u00fablica \u00e9 um espa\u00e7o de participa\u00e7\u00e3o da comunidade.<\/p>\n<p>Permite que moradores, especialistas e representantes da sociedade civil contribuam com sugest\u00f5es e opini\u00f5es sobre o planejamento da \u00e1rea. A participa\u00e7\u00e3o popular \u00e9 fundamental para garantir que o plano seja constru\u00eddo de forma transparente, sustent\u00e1vel e alinhada \u00e0s necessidades da popula\u00e7\u00e3o e \u00e0 preserva\u00e7\u00e3o ambiental.<\/p>\n<p>\u201cA preserva\u00e7\u00e3o do Horto Municipal \u00e9 um compromisso com as futuras gera\u00e7\u00f5es. O Plano de Manejo \u00e9 a ferramenta que garante que essa joia verde continue cumprindo seu papel ecol\u00f3gico para Ribeir\u00e3o Preto\u201d, destaca o secret\u00e1rio de Meio Ambiente, Agricultura e Sustentabilidade, Claudio Almeida.<\/p>\n<p>Mais informa\u00e7\u00f5es sobre a audi\u00eancia p\u00fablica est\u00e3o dispon\u00edveis no site da prefeitura (https:\/\/www.ribeiraopreto.sp.gov.br\/portal\/meio-ambiente\/audiencia-parque-ecologico-botanico).<\/p>\n<p>\u201cO Parque Ecol\u00f3gico \u00e9 uma das \u00e1reas que integra a zona de amortecimento da Esta\u00e7\u00e3o Ecol\u00f3gica de Ribeir\u00e3o Preto, conhecida como Mata de Santa Tereza, e \u00e9 extremamente importante para a conserva\u00e7\u00e3o da biodiversidade local e para a\u00e7\u00f5es de educa\u00e7\u00e3o ambiental\u201d, destaca o bi\u00f3logo do Bosque F\u00e1bio Barreto e coordenador da audi\u00eancia p\u00fablica, Ot\u00e1vio Almeida..<\/p>\n<p>\u201cEssa adequa\u00e7\u00e3o legal \u00e9 fundamental para estruturarmos projetos futuros de preserva\u00e7\u00e3o e gest\u00e3o ambiental da cidade, assegurando a prote\u00e7\u00e3o da fauna e da flora locais. Contamos com a participa\u00e7\u00e3o da popula\u00e7\u00e3o nesse debate\u201d, emenda Almeida.<\/p>\n<p>O Pebar, antigo Horto Municipal, possui cerca de 560 mil metros quadrados e \u00e9 uma das tr\u00eas unidades de conserva\u00e7\u00e3o municipais, juntamente com o Parque Municipal Morro de S\u00e3o Bento e a Esta\u00e7\u00e3o Ecol\u00f3gica Guarani, todas gerenciadas pela administra\u00e7\u00e3o municipal.<\/p>\n<p>O Parque Ecol\u00f3gico Municipal \u00c2ngelo Rinaldi realiza doa\u00e7\u00f5es de mudas, por meio de compensa\u00e7\u00e3o ambiental, com o objetivo de arborizar as \u00e1reas urbanas.<span class=\"Apple-converted-space\">\u00a0 <\/span>Fica na avenida Manoel Ant\u00f4nio Dias n\u00ba 551, no Jardim Marchesi, Zona Oeste.<\/p>\n<p>O hor\u00e1rio de funcionamento \u00e9 de segunda a sexta-feira, das sete horas \u00e0s 10h30 e das 13 horas \u00e0s 16h30. O telefone \u00e9 (16) 3919-5099. Para solicitar mudas de \u00e1rvore e escolher as esp\u00e9cies dispon\u00edveis, os interessados devem comparecer ao local, munidos de documento de identidade.<\/p>\n<p>Em setembro de 2024, a ju\u00edza Luisa Helena Carvalho Pita, da 2\u00aa Vara da Fazenda P\u00fablica, condenou a prefeitura de Ribeir\u00e3o Preto a elaborar Plano de Manejo para o Horto Municipal.\u00a0 A a\u00e7\u00e3o determina que a administra\u00e7\u00e3o conclua os\u00a0trabalhos no prazo m\u00e1ximo de 36 meses (tr\u00eas anos), at\u00e9 o segundo semestre de 2027.<\/p>\n<p>Tamb\u00e9m solicitava a elabora\u00e7\u00e3o e apresenta\u00e7\u00e3o ao ju\u00edzo, no prazo de 60 dias, do cronograma para conclus\u00e3o dos trabalhos e, a cada seis meses, apresenta\u00e7\u00e3o de relat\u00f3rio sobre o andamento dos trabalhos de confec\u00e7\u00e3o e implanta\u00e7\u00e3o do Plano de Manejo do Horto Florestal, com informa\u00e7\u00f5es sobre a situa\u00e7\u00e3o em rela\u00e7\u00e3o ao cumprimento do cronograma e com indica\u00e7\u00e3o das provid\u00eancias que ser\u00e3o tomadas para corrigir eventuais atrasos.<\/p>\n<p>Se houver descumprimento destas obriga\u00e7\u00f5es Ribeir\u00e3o Preto ter\u00e1 de pagar multa di\u00e1ria no valor de R$ 10 mil a ser destinada ao Fundo Municipal de Interesses Difusos e Coletivos. A a\u00e7\u00e3o foi movida em 2017 pela promotora Cl\u00e1udia Habib, do Grupo de Atua\u00e7\u00e3o Especial do Meio Ambiente (Gaema) \u2013 bra\u00e7o do Minist\u00e9rio P\u00fablico de S\u00e3o Paulo (MPSP).<\/p>\n<p>Na \u00e9poca, entre 2014 e 2017, inc\u00eandios haviam afetado o Parque Municipal Morro do S\u00e3o Bento, uma \u00e1rea de 250.880 metros quadrados, um dos mais importantes patrim\u00f4nios naturais de Ribeir\u00e3o Preto que abriga a Casa da Cultura Juscelino Kubitschek e os teatros de Arena Jaime Zeiger e Municipal, al\u00e9m do Bosque e Zool\u00f3gico F\u00e1bio Barreto.<\/p>\n<p>A \u00e1rea de prote\u00e7\u00e3o ambiental do Morro do S\u00e3o Bento registrou doze inc\u00eandios de grandes propor\u00e7\u00f5es entre 2012 e 2017, quando o Gaema moveu uma a\u00e7\u00e3o e chegou a interditar o acesso ao local. Em 31 de agosto de 2014, um inc\u00eandio de grandes propor\u00e7\u00f5es destruiu mais da metade \u2013 cerca de 90 hectares \u2013 da Esta\u00e7\u00e3o Ecol\u00f3gica de Ribeir\u00e3o preto, a Mata de Santa Tereza.<\/p>\n<p>Na a\u00e7\u00e3o do Horto Florestal, consta que desde a cria\u00e7\u00e3o do Parque Ecol\u00f3gico e Bot\u00e2nico \u00c2ngelo Rinaldi, em 1996, n\u00e3o foi elaborado o Plano de Manejo, mesmo ap\u00f3s a entrada em vig\u00eancia do Sistema Nacional de Unidades de Conserva\u00e7\u00e3o (lei n\u00ba 9.985\/2000), que havia concedido o prazo de cinco anos para sua elabora\u00e7\u00e3o.<\/p>\n<p>O documento ainda cita que o parque tem sido exposto a danos ambientais de toda sorte e a invas\u00f5es e que, apesar de in\u00fameras dilig\u00eancias e audi\u00eancias com as autoridades respons\u00e1veis, n\u00e3o foi respeitado o cronograma fixado para o cumprimento da obriga\u00e7\u00e3o.\u00a0Por meio de nota enviada ao Tribuna em setembro do ano passado, a prefeitura de Ribeir\u00e3o Preto informou que n\u00e3o havia sido notificada da decis\u00e3o, mas entraria com recurso.<\/p>\n<\/div>\n<p><br \/>\n<br \/><a href=\"https:\/\/www.tribunaribeirao.com.br\/audiencia-discute-manejo-no-horto\/\">Source link <\/a><\/p>\n<!-- CONTENT END 1 -->\n","protected":false},"excerpt":{"rendered":"<p>Audi\u00eancia p\u00fablica sobre Plano de Manejo do Horto Municipal acontece na pr\u00f3xima segunda-feira, 16 de mar\u00e7o A prefeitura de Ribeir\u00e3o Preto, por meio da Secretaria&#8230;<\/p>\n","protected":false},"author":1,"featured_media":83182,"comment_status":"open","ping_status":"open","sticky":false,"template":"","format":"standard","meta":{"advanced_seo_description":"","jetpack_seo_html_title":"","jetpack_seo_noindex":false,"jetpack_post_was_ever_published":false,"_jetpack_newsletter_access":"","_jetpack_dont_email_post_to_subs":false,"_jetpack_newsletter_tier_id":0,"_jetpack_memberships_contains_paywalled_content":false,"_jetpack_memberships_contains_paid_content":false,"footnotes":"","jetpack_publicize_message":"","jetpack_publicize_feature_enabled":true,"jetpack_social_post_already_shared":true,"jetpack_social_options":{"image_generator_settings":{"template":"highway","default_image_id":0,"font":"","enabled":false},"version":2}},"categories":[11],"tags":[],"class_list":["post-83181","post","type-post","status-publish","format-standard","has-post-thumbnail","hentry","category-noticias-de-ribeirao-preto-sp-e-regiao-ismael-colosi"],"jetpack_publicize_connections":[],"jetpack_featured_media_url":"https:\/\/i0.wp.com\/noticiasribeiraopreto.com.br\/wp-content\/uploads\/2026\/03\/HortoRP-Alfredo-Risk-scaled.jpg?fit=1170%2C780&ssl=1","jetpack-related-posts":[{"id":79411,"url":"https:\/\/noticiasribeiraopreto.com.br\/index.php\/2025\/10\/31\/horto-municipal-de-ribeirao-preto-pode-virar-area-de-protecao-ambiental\/","url_meta":{"origin":83181,"position":0},"title":"Horto Municipal de Ribeir\u00e3o Preto pode virar \u00c1rea de Prote\u00e7\u00e3o Ambiental","author":"noticiasribeiraopreto.com.br","date":"31 de October de 2025","format":false,"excerpt":"A Secretaria de Meio Ambiente, Agricultura e Sustentabilidade de Ribeir\u00e3o Preto realiza na pr\u00f3xima segunda-feira (3) a primeira audi\u00eancia p\u00fablica para discutir a transforma\u00e7\u00e3o do Horto Municipal, atualmente chamado Parque Ecol\u00f3gico e Bot\u00e2nico \u00c2ngelo Rinaldi, em APA (\u00c1rea de Prote\u00e7\u00e3o Ambiental). O encontro acontecer\u00e1 a partir das 9h, no audit\u00f3rio\u2026","rel":"","context":"In &quot;Not\u00edcias de Ribeir\u00e3o Preto-SP e Regi\u00e3o&quot;","block_context":{"text":"Not\u00edcias de Ribeir\u00e3o Preto-SP e Regi\u00e3o","link":"https:\/\/noticiasribeiraopreto.com.br\/index.php\/category\/noticias-de-ribeirao-preto-sp-e-regiao-ismael-colosi\/"},"img":{"alt_text":"","src":"","width":0,"height":0},"classes":[]},{"id":71079,"url":"https:\/\/noticiasribeiraopreto.com.br\/index.php\/2025\/06\/02\/ribeirao-preto-discute-plano-de-arborizacao-em-audiencia-publica-nesta-segunda-feira\/","url_meta":{"origin":83181,"position":1},"title":"Ribeir\u00e3o Preto discute Plano de Arboriza\u00e7\u00e3o em audi\u00eancia p\u00fablica nesta segunda-feira","author":"noticiasribeiraopreto.com.br","date":"2 de June de 2025","format":false,"excerpt":"O Plano de Arboriza\u00e7\u00e3o de Ribeir\u00e3o Preto para os pr\u00f3ximos anos come\u00e7a a ser discutido nesta segunda-feira (2), a partir das 18h30. A 1\u00aa audi\u00eancia p\u00fablica do Plano Estrat\u00e9gico do Sistema de \u00c1reas Verdes e de Arboriza\u00e7\u00e3o Urbana acontece no Centro Cultural Palace, no Centro. A audi\u00eancia tem como objetivo\u2026","rel":"","context":"In &quot;Not\u00edcias de Ribeir\u00e3o Preto-SP e Regi\u00e3o&quot;","block_context":{"text":"Not\u00edcias de Ribeir\u00e3o Preto-SP e Regi\u00e3o","link":"https:\/\/noticiasribeiraopreto.com.br\/index.php\/category\/noticias-de-ribeirao-preto-sp-e-regiao-ismael-colosi\/"},"img":{"alt_text":"","src":"https:\/\/i0.wp.com\/noticiasribeiraopreto.com.br\/wp-content\/uploads\/2025\/05\/licenciamento_ambiental_-_foto_guilherme_sircili_150texto_2025-05-07_15-31-40.webp.webp?fit=1200%2C800&ssl=1&resize=350%2C200","width":350,"height":200,"srcset":"https:\/\/i0.wp.com\/noticiasribeiraopreto.com.br\/wp-content\/uploads\/2025\/05\/licenciamento_ambiental_-_foto_guilherme_sircili_150texto_2025-05-07_15-31-40.webp.webp?fit=1200%2C800&ssl=1&resize=350%2C200 1x, https:\/\/i0.wp.com\/noticiasribeiraopreto.com.br\/wp-content\/uploads\/2025\/05\/licenciamento_ambiental_-_foto_guilherme_sircili_150texto_2025-05-07_15-31-40.webp.webp?fit=1200%2C800&ssl=1&resize=525%2C300 1.5x, https:\/\/i0.wp.com\/noticiasribeiraopreto.com.br\/wp-content\/uploads\/2025\/05\/licenciamento_ambiental_-_foto_guilherme_sircili_150texto_2025-05-07_15-31-40.webp.webp?fit=1200%2C800&ssl=1&resize=700%2C400 2x, https:\/\/i0.wp.com\/noticiasribeiraopreto.com.br\/wp-content\/uploads\/2025\/05\/licenciamento_ambiental_-_foto_guilherme_sircili_150texto_2025-05-07_15-31-40.webp.webp?fit=1200%2C800&ssl=1&resize=1050%2C600 3x"},"classes":[]},{"id":69700,"url":"https:\/\/noticiasribeiraopreto.com.br\/index.php\/2025\/05\/08\/plano-de-areas-verdes-abre-consulta\/","url_meta":{"origin":83181,"position":2},"title":"Plano de \u00e1reas verdes abre consulta \u00a0","author":"noticiasribeiraopreto.com.br","date":"8 de May de 2025","format":false,"excerpt":"8 de maio de 2025 13:308 de maio de 2025 09:417 Compartilhar0 Com o objetivo de estimular a participa\u00e7\u00e3o popular nas decis\u00f5es relacionadas ao meio ambiente, a prefeitura de Ribeir\u00e3o Preto, por meio da Secretaria de Meio Ambiente, abriu na \u00faltima segunda-feira, 5 de maio, consulta p\u00fablica do Plano Estrat\u00e9gico\u2026","rel":"","context":"In &quot;Not\u00edcias de Ribeir\u00e3o Preto-SP e Regi\u00e3o&quot;","block_context":{"text":"Not\u00edcias de Ribeir\u00e3o Preto-SP e Regi\u00e3o","link":"https:\/\/noticiasribeiraopreto.com.br\/index.php\/category\/noticias-de-ribeirao-preto-sp-e-regiao-ismael-colosi\/"},"img":{"alt_text":"","src":"https:\/\/i0.wp.com\/noticiasribeiraopreto.com.br\/wp-content\/uploads\/2025\/05\/Arvores-Guilherme-Sircili.jpg?fit=1200%2C800&ssl=1&resize=350%2C200","width":350,"height":200,"srcset":"https:\/\/i0.wp.com\/noticiasribeiraopreto.com.br\/wp-content\/uploads\/2025\/05\/Arvores-Guilherme-Sircili.jpg?fit=1200%2C800&ssl=1&resize=350%2C200 1x, https:\/\/i0.wp.com\/noticiasribeiraopreto.com.br\/wp-content\/uploads\/2025\/05\/Arvores-Guilherme-Sircili.jpg?fit=1200%2C800&ssl=1&resize=525%2C300 1.5x, https:\/\/i0.wp.com\/noticiasribeiraopreto.com.br\/wp-content\/uploads\/2025\/05\/Arvores-Guilherme-Sircili.jpg?fit=1200%2C800&ssl=1&resize=700%2C400 2x, https:\/\/i0.wp.com\/noticiasribeiraopreto.com.br\/wp-content\/uploads\/2025\/05\/Arvores-Guilherme-Sircili.jpg?fit=1200%2C800&ssl=1&resize=1050%2C600 3x"},"classes":[]},{"id":84973,"url":"https:\/\/noticiasribeiraopreto.com.br\/index.php\/2026\/04\/19\/chuvas-e-ventos-derrubaram-quase-300-arvores-neste-ano\/","url_meta":{"origin":83181,"position":3},"title":"Chuvas e ventos derrubaram quase 300 \u00e1rvores neste ano","author":"noticiasribeiraopreto.com.br","date":"19 de April de 2026","format":false,"excerpt":"Dados da Prefeitura de Ribeir\u00e3o Preto, levantados a pedido do Tribuna Ribeir\u00e3o, revelam que a cidade registrou, nos tr\u00eas primeiros meses deste ano \u2014 janeiro a mar\u00e7o \u2014, a queda de 272 \u00e1rvores em ruas, avenidas, pra\u00e7as e \u00e1reas p\u00fablicas. Uma m\u00e9dia de tr\u00eas por dia. Segundo a Prefeitura, a\u2026","rel":"","context":"In &quot;Not\u00edcias de Ribeir\u00e3o Preto-SP e Regi\u00e3o&quot;","block_context":{"text":"Not\u00edcias de Ribeir\u00e3o Preto-SP e Regi\u00e3o","link":"https:\/\/noticiasribeiraopreto.com.br\/index.php\/category\/noticias-de-ribeirao-preto-sp-e-regiao-ismael-colosi\/"},"img":{"alt_text":"","src":"https:\/\/i0.wp.com\/noticiasribeiraopreto.com.br\/wp-content\/uploads\/2026\/04\/queda-de-arvores_alfredo-risk-1-scaled.jpg?fit=1170%2C780&ssl=1&resize=350%2C200","width":350,"height":200,"srcset":"https:\/\/i0.wp.com\/noticiasribeiraopreto.com.br\/wp-content\/uploads\/2026\/04\/queda-de-arvores_alfredo-risk-1-scaled.jpg?fit=1170%2C780&ssl=1&resize=350%2C200 1x, https:\/\/i0.wp.com\/noticiasribeiraopreto.com.br\/wp-content\/uploads\/2026\/04\/queda-de-arvores_alfredo-risk-1-scaled.jpg?fit=1170%2C780&ssl=1&resize=525%2C300 1.5x, https:\/\/i0.wp.com\/noticiasribeiraopreto.com.br\/wp-content\/uploads\/2026\/04\/queda-de-arvores_alfredo-risk-1-scaled.jpg?fit=1170%2C780&ssl=1&resize=700%2C400 2x, https:\/\/i0.wp.com\/noticiasribeiraopreto.com.br\/wp-content\/uploads\/2026\/04\/queda-de-arvores_alfredo-risk-1-scaled.jpg?fit=1170%2C780&ssl=1&resize=1050%2C600 3x"},"classes":[]},{"id":63656,"url":"https:\/\/noticiasribeiraopreto.com.br\/index.php\/2025\/02\/18\/horto-municipal-de-ribeirao-preto-realiza-doacao-de-5-mil-mudas-de-arvores\/","url_meta":{"origin":83181,"position":4},"title":"Horto Municipal de Ribeir\u00e3o Preto realiza doa\u00e7\u00e3o de 5 mil mudas de \u00e1rvores","author":"noticiasribeiraopreto.com.br","date":"18 de February de 2025","format":false,"excerpt":"O Horto Municipal de Ribeir\u00e3o Preto est\u00e1 disponibilizando 5 mil mudas de \u00e1rvores para doa\u00e7\u00e3o. As esp\u00e9cies dispon\u00edveis variam entre ex\u00f3ticas e nativas, frut\u00edferas e para arboriza\u00e7\u00e3o urbana. A a\u00e7\u00e3o faz parte do programa \u201cPlanta A\u00ed Ribeir\u00e3o\u201d, que tem o intuito de reduzir o d\u00e9ficit de \u00e1reas arborizadas na cidade,\u2026","rel":"","context":"In &quot;Not\u00edcias de Ribeir\u00e3o Preto-SP e Regi\u00e3o&quot;","block_context":{"text":"Not\u00edcias de Ribeir\u00e3o Preto-SP e Regi\u00e3o","link":"https:\/\/noticiasribeiraopreto.com.br\/index.php\/category\/noticias-de-ribeirao-preto-sp-e-regiao-ismael-colosi\/"},"img":{"alt_text":"","src":"https:\/\/i0.wp.com\/noticiasribeiraopreto.com.br\/wp-content\/uploads\/2025\/02\/2021_09_18_horto_municipal_-_foto_guilherme_sircili_29_2025-02-18_20-39-58_jpg_2025-02-18_20-39-59.webp.webp?fit=1200%2C800&ssl=1&resize=350%2C200","width":350,"height":200,"srcset":"https:\/\/i0.wp.com\/noticiasribeiraopreto.com.br\/wp-content\/uploads\/2025\/02\/2021_09_18_horto_municipal_-_foto_guilherme_sircili_29_2025-02-18_20-39-58_jpg_2025-02-18_20-39-59.webp.webp?fit=1200%2C800&ssl=1&resize=350%2C200 1x, https:\/\/i0.wp.com\/noticiasribeiraopreto.com.br\/wp-content\/uploads\/2025\/02\/2021_09_18_horto_municipal_-_foto_guilherme_sircili_29_2025-02-18_20-39-58_jpg_2025-02-18_20-39-59.webp.webp?fit=1200%2C800&ssl=1&resize=525%2C300 1.5x, https:\/\/i0.wp.com\/noticiasribeiraopreto.com.br\/wp-content\/uploads\/2025\/02\/2021_09_18_horto_municipal_-_foto_guilherme_sircili_29_2025-02-18_20-39-58_jpg_2025-02-18_20-39-59.webp.webp?fit=1200%2C800&ssl=1&resize=700%2C400 2x, https:\/\/i0.wp.com\/noticiasribeiraopreto.com.br\/wp-content\/uploads\/2025\/02\/2021_09_18_horto_municipal_-_foto_guilherme_sircili_29_2025-02-18_20-39-58_jpg_2025-02-18_20-39-59.webp.webp?fit=1200%2C800&ssl=1&resize=1050%2C600 3x"},"classes":[]},{"id":68169,"url":"https:\/\/noticiasribeiraopreto.com.br\/index.php\/2025\/04\/23\/ribeirao-preto-recebe-selo-da-fao\/","url_meta":{"origin":83181,"position":5},"title":"Ribeir\u00e3o Preto recebe selo da FAO\u00a0","author":"noticiasribeiraopreto.com.br","date":"23 de April de 2025","format":false,"excerpt":"Ribeir\u00e3o Preto est\u00e1 entre as cidades brasileiras reconhecidas pela Organiza\u00e7\u00e3o das Na\u00e7\u00f5es Unidas para a Alimenta\u00e7\u00e3o e Agricultura (FAO) com o selo internacional \u201cCidade Verde do Mundo\u201d. A premia\u00e7\u00e3o foi anunciada na semana passada e contemplou 34 munic\u00edpios do pa\u00eds, sendo 14 do estado de S\u00e3o Paulo.\u00a0 Conhecido internacionalmente como\u2026","rel":"","context":"In &quot;Not\u00edcias de Ribeir\u00e3o Preto-SP e Regi\u00e3o&quot;","block_context":{"text":"Not\u00edcias de Ribeir\u00e3o Preto-SP e Regi\u00e3o","link":"https:\/\/noticiasribeiraopreto.com.br\/index.php\/category\/noticias-de-ribeirao-preto-sp-e-regiao-ismael-colosi\/"},"img":{"alt_text":"","src":"https:\/\/i0.wp.com\/noticiasribeiraopreto.com.br\/wp-content\/uploads\/2025\/04\/VerdeRP-FL-Piton-Arquivo.jpg?fit=1200%2C625&ssl=1&resize=350%2C200","width":350,"height":200,"srcset":"https:\/\/i0.wp.com\/noticiasribeiraopreto.com.br\/wp-content\/uploads\/2025\/04\/VerdeRP-FL-Piton-Arquivo.jpg?fit=1200%2C625&ssl=1&resize=350%2C200 1x, https:\/\/i0.wp.com\/noticiasribeiraopreto.com.br\/wp-content\/uploads\/2025\/04\/VerdeRP-FL-Piton-Arquivo.jpg?fit=1200%2C625&ssl=1&resize=525%2C300 1.5x, https:\/\/i0.wp.com\/noticiasribeiraopreto.com.br\/wp-content\/uploads\/2025\/04\/VerdeRP-FL-Piton-Arquivo.jpg?fit=1200%2C625&ssl=1&resize=700%2C400 2x, https:\/\/i0.wp.com\/noticiasribeiraopreto.com.br\/wp-content\/uploads\/2025\/04\/VerdeRP-FL-Piton-Arquivo.jpg?fit=1200%2C625&ssl=1&resize=1050%2C600 3x"},"classes":[]}],"jetpack_sharing_enabled":true,"jetpack_shortlink":"https:\/\/wp.me\/peQAOb-lDD","_links":{"self":[{"href":"https:\/\/noticiasribeiraopreto.com.br\/index.php\/wp-json\/wp\/v2\/posts\/83181","targetHints":{"allow":["GET"]}}],"collection":[{"href":"https:\/\/noticiasribeiraopreto.com.br\/index.php\/wp-json\/wp\/v2\/posts"}],"about":[{"href":"https:\/\/noticiasribeiraopreto.com.br\/index.php\/wp-json\/wp\/v2\/types\/post"}],"author":[{"embeddable":true,"href":"https:\/\/noticiasribeiraopreto.com.br\/index.php\/wp-json\/wp\/v2\/users\/1"}],"replies":[{"embeddable":true,"href":"https:\/\/noticiasribeiraopreto.com.br\/index.php\/wp-json\/wp\/v2\/comments?post=83181"}],"version-history":[{"count":0,"href":"https:\/\/noticiasribeiraopreto.com.br\/index.php\/wp-json\/wp\/v2\/posts\/83181\/revisions"}],"wp:featuredmedia":[{"embeddable":true,"href":"https:\/\/noticiasribeiraopreto.com.br\/index.php\/wp-json\/wp\/v2\/media\/83182"}],"wp:attachment":[{"href":"https:\/\/noticiasribeiraopreto.com.br\/index.php\/wp-json\/wp\/v2\/media?parent=83181"}],"wp:term":[{"taxonomy":"category","embeddable":true,"href":"https:\/\/noticiasribeiraopreto.com.br\/index.php\/wp-json\/wp\/v2\/categories?post=83181"},{"taxonomy":"post_tag","embeddable":true,"href":"https:\/\/noticiasribeiraopreto.com.br\/index.php\/wp-json\/wp\/v2\/tags?post=83181"}],"curies":[{"name":"wp","href":"https:\/\/api.w.org\/{rel}","templated":true}]}}