{"id":83183,"date":"2026-03-12T08:54:08","date_gmt":"2026-03-12T11:54:08","guid":{"rendered":"https:\/\/noticiasribeiraopreto.com.br\/index.php\/2026\/03\/12\/mp-cobra-identificacao-de-misogenos\/"},"modified":"2026-03-12T08:54:08","modified_gmt":"2026-03-12T11:54:08","slug":"mp-cobra-identificacao-de-misogenos","status":"publish","type":"post","link":"https:\/\/noticiasribeiraopreto.com.br\/index.php\/2026\/03\/12\/mp-cobra-identificacao-de-misogenos\/","title":{"rendered":"MP cobra identifica\u00e7\u00e3o \u2028de mis\u00f3genos"},"content":{"rendered":"<div class='code-block code-block-1' style='margin: 8px 0 8px auto; text-align: right; display: block; clear: both;'>\n<p><a href=\"https:\/\/wa.link\/vpicfd\"><img data-recalc-dims=\"1\" class=\"wp-image-4922\" style=\"aspect-ratio: 2.0253164556962027; width: 561px; height: auto;\" src=\"https:\/\/i0.wp.com\/ismaelcolosi.com.br\/wp-content\/uploads\/2023\/11\/grupo-de-empregos-whatsapp-e-facebook-ismael-colosi-vagas.jpg?ssl=1\" alt=\"\" \/><\/a><\/p>\n<!-- \/wp:image -->\n<\/div>\n<p> <br \/>\n<\/p>\n<p class=\"p1\"><i>Puni\u00e7\u00e3o deve ter car\u00e1ter administrativo, com a proibi\u00e7\u00e3o de frequentar arenas esportivas por dois anos, bem como criminal, implicando na presta\u00e7\u00e3o de servi\u00e7os \u00e0 comunidade<\/i><\/p>\n<p>Ap\u00f3s receber not\u00edcia enviada pelo delegado C\u00e9sar Saad, titular da Delegacia de Pol\u00edcia de Repress\u00e3o aos Delitos de Intoler\u00e2ncia Esportiva, o Minist\u00e9rio P\u00fablico de S\u00e3o Paulo (MPSP) requisitou informa\u00e7\u00f5es \u00e0 Federa\u00e7\u00e3o Paulista de Futebol (FPF) e ao Comercial Futebol Clube sobre a identidade dos torcedores que proferiram ofensas mis\u00f3ginas \u00e0 m\u00e9dica do Nacional Atl\u00e9tico Clube, Bianca Francelino de Oliveira, durante partida da S\u00e9rie A4 do Campeonato Paulista, no \u00faltimo s\u00e1bado, 7 de mar\u00e7o, v\u00e9spera do Dia Internacional da Mulher.<\/p>\n<p>A Promotoria do Juizado Especial Criminal (JECRIM) pretende impor puni\u00e7\u00f5es severas aos autores dos ataques, apontando os crimes de ato obsceno, amea\u00e7a e provoca\u00e7\u00e3o de tumulto em evento esportivo. A san\u00e7\u00e3o deve ter car\u00e1ter administrativo, resultando na proibi\u00e7\u00e3o de frequentar arenas esportivas por dois anos, bem como criminal, implicando a presta\u00e7\u00e3o de servi\u00e7os \u00e0 comunidade pelo per\u00edodo de um ano.<\/p>\n<p>\u200b\u200b\u200b\u200b\u200b\u200b\u200bO promotor Paulo Jos\u00e9 Freire Teot\u00f4nio, que formalizou o requerimento \u00e0 FPF e ao clube de Ribeir\u00e3o Preto nesta quarta-feira, 11 de mar\u00e7o, enfatiza que n\u00e3o se pode admitir tamanho desrespeito a quem est\u00e1 trabalhando, justamente na v\u00e9spera do Dia Internacional da Mulher. De acordo com ele, a puni\u00e7\u00e3o servir\u00e1 para evitar a dissemina\u00e7\u00e3o da intoler\u00e2ncia, misoginia e falta de empatia em eventos desportivos.<\/p>\n<p>A FPF informou que o caso ser\u00e1 analisado pelo Tribunal de Justi\u00e7a Desportiva. s minist\u00e9rios do Esporte e das Mulheres, em nota conjunta, repudiaram o caso de ass\u00e9dio no Est\u00e1dio Palma Travassos. O Comercial venceu o NAC cor 2 a 0. Foi a primeira vit\u00f3ria do Le\u00e3o do Norte em casa na S\u00e9rie A4, manchada por um epis\u00f3dio lament\u00e1vel de misoginia.<\/p>\n<p>Segundo relato da \u00e1rbitra da partida, Ana Caroline D\u2019Eleut\u00e9rio de Sousa Carvalho, a m\u00e9dica do Nacional fez uma den\u00fancia ao final do primeiro tempo<br \/>\nentrando no gramado e relatando ter sido v\u00edtima de misoginia e ofensas vindas de torcedores que estavam no alambrado, atr\u00e1s do banco de reservas do time da capital.<\/p>\n<p>A confus\u00e3o aconteceu no final do primeiro tempo, quando a m\u00e9dica entrou no gramado para fazer um atendimento a um jogador do time da capital. A doutora Bianca Francelino prestava servi\u00e7o de freelancer para o Nacional e viu quando um torcedor a ofendeu e fez gestos obscenos, agitando as pr\u00f3prias partes \u00edntimas para a m\u00e9dica.<\/p>\n<p>O marido e outros familiares da profissional estavam no est\u00e1dio e desceram da arquibancada para tirar satisfa\u00e7\u00f5es com o torcedor, gerando confus\u00e3o no intervalo. A \u00e1rbitra acionou o protocolo de ass\u00e9dio e racismo, erguendo os bra\u00e7os cruzados (como determina a Fifa) e o jogo ficou paralisado. O epis\u00f3dio foi relatado na s\u00famula pela \u00e1rbitra.<\/p>\n<p>No dia seguinte ao fato o Comercial divulgou uma nota, alegando ter identificado o torcedor. \u201cO Comercial Futebol Clube repudia e lamenta o ass\u00e9dio sofrido pela m\u00e9dica Bianca Francelino, no jogo contra o Nacional, neste s\u00e1bado (7)\u201d, diz.<\/p>\n<p>\u201cA doutora Bianca, residente em Ribeir\u00e3o Preto, prestava servi\u00e7o freelancer para o clube da capital, quando sofreu atos mis\u00f3ginos vindos de um torcedor. O Comercial informa que esse torcedor j\u00e1 foi identificado pelas autoridades e funcion\u00e1rios da Federa\u00e7\u00e3o Paulista de Futebol (FPF), que adotar\u00e3o todas as medidas judiciais cab\u00edveis\u201d, emenda.<\/p>\n<p class=\"p1\">Os minist\u00e9rios do Esporte e das Mulheres, em nota conjunta repudiaram o caso.<\/p>\n<p class=\"p1\">Veja nota conjunta das pastas<\/p>\n<div id=\"chunk-80evc\">\n<div class=\"mc-column content-text active-extra-styles \" data-block-type=\"unstyled\" data-block-weight=\"40\" data-block-id=\"10\">\n<p class=\" content-text__container \" data-track-category=\"Link no Texto\" data-track-links=\"\" data-mrf-recirculation=\"Artigo - Link no Texto\"><em>Os Minist\u00e9rios do Esporte e das Mulheres repudiam e condenam veementemente o epis\u00f3dio de ass\u00e9dio cometido por torcedores do Comercial de Ribeir\u00e3o Preto contra a m\u00e9dica Bianca Francelino, durante partida pela S\u00e9rie A4 do Campeonato Paulista, realizada no \u00faltimo s\u00e1bado.<\/em><\/p>\n<\/div>\n<\/div>\n<div id=\"chunk-33qkv\">\n<div class=\"mc-column content-text active-extra-styles \" data-block-type=\"unstyled\" data-block-weight=\"28\" data-block-id=\"11\">\n<p class=\" content-text__container \" data-track-category=\"Link no Texto\" data-track-links=\"\" data-mrf-recirculation=\"Artigo - Link no Texto\"><em>Mais uma vez, o futebol brasileiro foi palco de uma atitude absolutamente inadmiss\u00edvel. Nenhuma mulher deve ser constrangida ou desrespeitada enquanto trabalha, seja dentro ou fora dos est\u00e1dios.<\/em><\/p>\n<\/div>\n<\/div>\n<div id=\"chunk-d5kfl\">\n<div class=\"mc-column content-text active-extra-styles \" data-block-type=\"unstyled\" data-block-weight=\"21\" data-block-id=\"12\">\n<p class=\" content-text__container \" data-track-category=\"Link no Texto\" data-track-links=\"\" data-mrf-recirculation=\"Artigo - Link no Texto\"><em>O caso causa ainda mais indigna\u00e7\u00e3o por ocorrer justamente no m\u00eas dedicado \u00e0 valoriza\u00e7\u00e3o e \u00e0 luta pelos direitos das mulheres.<\/em><\/p>\n<\/div>\n<\/div>\n<div id=\"chunk-6mv5i\">\n<div class=\"mc-column content-text active-extra-styles \" data-block-type=\"unstyled\" data-block-weight=\"33\" data-block-id=\"13\">\n<p class=\" content-text__container \" data-track-category=\"Link no Texto\" data-track-links=\"\" data-mrf-recirculation=\"Artigo - Link no Texto\"><em>Os Minist\u00e9rios manifestam solidariedade \u00e0 Dra. Bianca Francelino e refor\u00e7am que ass\u00e9dio \u00e9 viol\u00eancia e deve ser combatido com firmeza. O esporte precisa ser um ambiente de respeito e seguran\u00e7a para todas. <\/em><\/p>\n<\/div>\n<\/div>\n<div id=\"chunk-5vf3v\">\n<div class=\"mc-column content-text active-extra-styles \" data-block-type=\"unstyled\" data-block-weight=\"23\" data-block-id=\"14\">\n<p class=\" content-text__container \" data-track-category=\"Link no Texto\" data-track-links=\"\" data-mrf-recirculation=\"Artigo - Link no Texto\"><em>Tamb\u00e9m reconhecem a ado\u00e7\u00e3o do protocolo de enfrentamento ao ass\u00e9dio durante a partida e esperam a apura\u00e7\u00e3o rigorosa dos fatos pelas autoridades competentes.<\/em><\/p>\n<p data-track-category=\"Link no Texto\" data-track-links=\"\" data-mrf-recirculation=\"Artigo - Link no Texto\">No dia seguinte ao epis\u00f3dio o Comercial tamb\u00e9m se manifestou:<\/p>\n<\/div>\n<\/div>\n<p class=\"p1\">\u201cO Comercial \u00e9 plural e de todos. Machistas, racistas, homof\u00f3bicos e todos os tipos de preconceituosos n\u00e3o s\u00e3o bem-vindos no Est\u00e1dio Palma Travassos.<\/p>\n<p class=\"p1\">O Le\u00e3o do Norte volta a campo no pr\u00f3ximo s\u00e1bado (14), \u00e0s 15h30, contra o Ara\u00e7atuba, fora de casa.<\/p>\n<p>The post MP cobra identifica\u00e7\u00e3o \u2028de mis\u00f3genos appeared first on Tribuna Ribeir\u00e3o.<\/p>\n<p><br \/>\n<br \/><a href=\"https:\/\/www.tribunaribeirao.com.br\/mp-cobra-identificacao-de-misogenos\/\">Source link <\/a><\/p>\n<!-- CONTENT END 1 -->\n","protected":false},"excerpt":{"rendered":"<p>Puni\u00e7\u00e3o deve ter car\u00e1ter administrativo, com a proibi\u00e7\u00e3o de frequentar arenas esportivas por dois anos, bem como criminal, implicando na presta\u00e7\u00e3o de servi\u00e7os \u00e0 comunidade&#8230;<\/p>\n","protected":false},"author":1,"featured_media":83184,"comment_status":"open","ping_status":"open","sticky":false,"template":"","format":"standard","meta":{"advanced_seo_description":"","jetpack_seo_html_title":"","jetpack_seo_noindex":false,"jetpack_post_was_ever_published":false,"_jetpack_newsletter_access":"","_jetpack_dont_email_post_to_subs":false,"_jetpack_newsletter_tier_id":0,"_jetpack_memberships_contains_paywalled_content":false,"_jetpack_memberships_contains_paid_content":false,"footnotes":"","jetpack_publicize_message":"","jetpack_publicize_feature_enabled":true,"jetpack_social_post_already_shared":true,"jetpack_social_options":{"image_generator_settings":{"template":"highway","default_image_id":0,"font":"","enabled":false},"version":2}},"categories":[11],"tags":[],"class_list":["post-83183","post","type-post","status-publish","format-standard","has-post-thumbnail","hentry","category-noticias-de-ribeirao-preto-sp-e-regiao-ismael-colosi"],"jetpack_publicize_connections":[],"jetpack_featured_media_url":"https:\/\/i0.wp.com\/noticiasribeiraopreto.com.br\/wp-content\/uploads\/2026\/03\/Misoginia-Reproducao-YouTube-Paulistao.jpg?fit=984%2C628&ssl=1","jetpack-related-posts":[{"id":81156,"url":"https:\/\/noticiasribeiraopreto.com.br\/index.php\/2025\/12\/25\/comercial-fica-de-fora-de-patrocinio-coletivo-da-fpf-e-rivalo\/","url_meta":{"origin":83183,"position":0},"title":"Comercial fica de fora de patroc\u00ednio coletivo da FPF e Rivalo","author":"noticiasribeiraopreto.com.br","date":"25 de December de 2025","format":false,"excerpt":"Igor Ramos A Federa\u00e7\u00e3o Paulista de Futebol e a Rivalo, uma das marcas pioneiras em apostas esportivas na Am\u00e9rica Latina, firmaram acordo para o maior patroc\u00ednio coletivo da hist\u00f3ria do futebol brasileiro, consolidando a casa como a principal apoiadora do esporte no estado e uma das maiores investidoras do pa\u00eds.\u2026","rel":"","context":"In &quot;Not\u00edcias de Ribeir\u00e3o Preto-SP e Regi\u00e3o&quot;","block_context":{"text":"Not\u00edcias de Ribeir\u00e3o Preto-SP e Regi\u00e3o","link":"https:\/\/noticiasribeiraopreto.com.br\/index.php\/category\/noticias-de-ribeirao-preto-sp-e-regiao-ismael-colosi\/"},"img":{"alt_text":"","src":"https:\/\/i0.wp.com\/noticiasribeiraopreto.com.br\/wp-content\/uploads\/2025\/12\/clubes-rivalo-scaled.jpeg?fit=624%2C780&ssl=1&resize=350%2C200","width":350,"height":200,"srcset":"https:\/\/i0.wp.com\/noticiasribeiraopreto.com.br\/wp-content\/uploads\/2025\/12\/clubes-rivalo-scaled.jpeg?fit=624%2C780&ssl=1&resize=350%2C200 1x, https:\/\/i0.wp.com\/noticiasribeiraopreto.com.br\/wp-content\/uploads\/2025\/12\/clubes-rivalo-scaled.jpeg?fit=624%2C780&ssl=1&resize=525%2C300 1.5x"},"classes":[]},{"id":73911,"url":"https:\/\/noticiasribeiraopreto.com.br\/index.php\/2025\/07\/11\/com-investimento-de-r-15-milhao-clube-de-futebol-dos-eua-chega-ao-interior-de-sp\/","url_meta":{"origin":83183,"position":1},"title":"Com investimento de R$ 1,5 milh\u00e3o, clube de futebol dos EUA chega ao interior de SP","author":"noticiasribeiraopreto.com.br","date":"11 de July de 2025","format":false,"excerpt":"O clube norte-americano Hyper, fundado em 2016, escolheu Valinhos, no interior de S\u00e3o Paulo, para implantar seu primeiro projeto no Brasil. A iniciativa re\u00fane forma\u00e7\u00e3o de atletas, participa\u00e7\u00e3o em competi\u00e7\u00f5es e a\u00e7\u00f5es voltadas \u00e0 juventude e conta com investimento inicial de cerca de R$ 1,5 milh\u00e3o. Em conversa com o\u2026","rel":"","context":"In &quot;Not\u00edcias de Ribeir\u00e3o Preto-SP e Regi\u00e3o&quot;","block_context":{"text":"Not\u00edcias de Ribeir\u00e3o Preto-SP e Regi\u00e3o","link":"https:\/\/noticiasribeiraopreto.com.br\/index.php\/category\/noticias-de-ribeirao-preto-sp-e-regiao-ismael-colosi\/"},"img":{"alt_text":"","src":"https:\/\/i0.wp.com\/noticiasribeiraopreto.com.br\/wp-content\/uploads\/2025\/07\/Copia-de-Copia-de-Copia-de-TAMANHO-EXATO-PARA-FOTOS-NO-SISTEMA-NOVO-2025-07-11T192549.106_2025-07-11_22-26-02.webp.webp?fit=1200%2C675&ssl=1&resize=350%2C200","width":350,"height":200,"srcset":"https:\/\/i0.wp.com\/noticiasribeiraopreto.com.br\/wp-content\/uploads\/2025\/07\/Copia-de-Copia-de-Copia-de-TAMANHO-EXATO-PARA-FOTOS-NO-SISTEMA-NOVO-2025-07-11T192549.106_2025-07-11_22-26-02.webp.webp?fit=1200%2C675&ssl=1&resize=350%2C200 1x, https:\/\/i0.wp.com\/noticiasribeiraopreto.com.br\/wp-content\/uploads\/2025\/07\/Copia-de-Copia-de-Copia-de-TAMANHO-EXATO-PARA-FOTOS-NO-SISTEMA-NOVO-2025-07-11T192549.106_2025-07-11_22-26-02.webp.webp?fit=1200%2C675&ssl=1&resize=525%2C300 1.5x, https:\/\/i0.wp.com\/noticiasribeiraopreto.com.br\/wp-content\/uploads\/2025\/07\/Copia-de-Copia-de-Copia-de-TAMANHO-EXATO-PARA-FOTOS-NO-SISTEMA-NOVO-2025-07-11T192549.106_2025-07-11_22-26-02.webp.webp?fit=1200%2C675&ssl=1&resize=700%2C400 2x, https:\/\/i0.wp.com\/noticiasribeiraopreto.com.br\/wp-content\/uploads\/2025\/07\/Copia-de-Copia-de-Copia-de-TAMANHO-EXATO-PARA-FOTOS-NO-SISTEMA-NOVO-2025-07-11T192549.106_2025-07-11_22-26-02.webp.webp?fit=1200%2C675&ssl=1&resize=1050%2C600 3x"},"classes":[]},{"id":74657,"url":"https:\/\/noticiasribeiraopreto.com.br\/index.php\/2025\/07\/26\/veja-lista-dos-32-clubes-que-vao-elaborar-bases-do-fair-play-financeiro\/","url_meta":{"origin":83183,"position":2},"title":"Veja lista dos 32 clubes que v\u00e3o elaborar bases do Fair Play Financeiro","author":"noticiasribeiraopreto.com.br","date":"26 de July de 2025","format":false,"excerpt":"O Botafogo Futebol S.A., de Ribeir\u00e3o Preto, est\u00e1 na lista de 32 clubes que v\u00e3o compor o grupo de trabalho que vai elaborar as bases do Fair Play Financeiro no futebol brasileiro. A portaria que consolida a composi\u00e7\u00e3o do grupo foi assinada na \u00faltima sexta-feira (25) pelo presidente da CBF\u2026","rel":"","context":"In &quot;Not\u00edcias de Ribeir\u00e3o Preto-SP e Regi\u00e3o&quot;","block_context":{"text":"Not\u00edcias de Ribeir\u00e3o Preto-SP e Regi\u00e3o","link":"https:\/\/noticiasribeiraopreto.com.br\/index.php\/category\/noticias-de-ribeirao-preto-sp-e-regiao-ismael-colosi\/"},"img":{"alt_text":"","src":"https:\/\/i0.wp.com\/noticiasribeiraopreto.com.br\/wp-content\/uploads\/2025\/07\/samir-xaud_2025-07-26_16-53-19.webp.webp?fit=1200%2C800&ssl=1&resize=350%2C200","width":350,"height":200,"srcset":"https:\/\/i0.wp.com\/noticiasribeiraopreto.com.br\/wp-content\/uploads\/2025\/07\/samir-xaud_2025-07-26_16-53-19.webp.webp?fit=1200%2C800&ssl=1&resize=350%2C200 1x, https:\/\/i0.wp.com\/noticiasribeiraopreto.com.br\/wp-content\/uploads\/2025\/07\/samir-xaud_2025-07-26_16-53-19.webp.webp?fit=1200%2C800&ssl=1&resize=525%2C300 1.5x, https:\/\/i0.wp.com\/noticiasribeiraopreto.com.br\/wp-content\/uploads\/2025\/07\/samir-xaud_2025-07-26_16-53-19.webp.webp?fit=1200%2C800&ssl=1&resize=700%2C400 2x, https:\/\/i0.wp.com\/noticiasribeiraopreto.com.br\/wp-content\/uploads\/2025\/07\/samir-xaud_2025-07-26_16-53-19.webp.webp?fit=1200%2C800&ssl=1&resize=1050%2C600 3x"},"classes":[]},{"id":77916,"url":"https:\/\/noticiasribeiraopreto.com.br\/index.php\/2025\/09\/28\/audiencia-discute-projeto-para-liberacao-de-bebidas-alcoolicas-em-estadios-paulistas\/","url_meta":{"origin":83183,"position":3},"title":"Audi\u00eancia discute projeto para libera\u00e7\u00e3o de bebidas alco\u00f3licas em est\u00e1dios paulistas","author":"noticiasribeiraopreto.com.br","date":"28 de September de 2025","format":false,"excerpt":"Uma audi\u00eancia p\u00fablica dever\u00e1 debater o\u00a0Projeto de Lei 1599\/2023, que regulamenta a autoriza\u00e7\u00e3o, comercializa\u00e7\u00e3o e consumo de bebidas alco\u00f3licas nos est\u00e1dios de futebol e arenas esportivas do estado de S\u00e3o Paulo. A venda de bebidas alco\u00f3licas est\u00e1 proibida nos est\u00e1dios de paulistas desde 1996.\u00a0 A Comiss\u00e3o de Assuntos Desportivos da\u2026","rel":"","context":"In &quot;Not\u00edcias de Ribeir\u00e3o Preto-SP e Regi\u00e3o&quot;","block_context":{"text":"Not\u00edcias de Ribeir\u00e3o Preto-SP e Regi\u00e3o","link":"https:\/\/noticiasribeiraopreto.com.br\/index.php\/category\/noticias-de-ribeirao-preto-sp-e-regiao-ismael-colosi\/"},"img":{"alt_text":"","src":"https:\/\/i0.wp.com\/noticiasribeiraopreto.com.br\/wp-content\/uploads\/2025\/09\/hefeweizen-455578_1920_2025-09-28_20-02-08.webp.webp?fit=1200%2C900&ssl=1&resize=350%2C200","width":350,"height":200,"srcset":"https:\/\/i0.wp.com\/noticiasribeiraopreto.com.br\/wp-content\/uploads\/2025\/09\/hefeweizen-455578_1920_2025-09-28_20-02-08.webp.webp?fit=1200%2C900&ssl=1&resize=350%2C200 1x, https:\/\/i0.wp.com\/noticiasribeiraopreto.com.br\/wp-content\/uploads\/2025\/09\/hefeweizen-455578_1920_2025-09-28_20-02-08.webp.webp?fit=1200%2C900&ssl=1&resize=525%2C300 1.5x, https:\/\/i0.wp.com\/noticiasribeiraopreto.com.br\/wp-content\/uploads\/2025\/09\/hefeweizen-455578_1920_2025-09-28_20-02-08.webp.webp?fit=1200%2C900&ssl=1&resize=700%2C400 2x, https:\/\/i0.wp.com\/noticiasribeiraopreto.com.br\/wp-content\/uploads\/2025\/09\/hefeweizen-455578_1920_2025-09-28_20-02-08.webp.webp?fit=1200%2C900&ssl=1&resize=1050%2C600 3x"},"classes":[]},{"id":65002,"url":"https:\/\/noticiasribeiraopreto.com.br\/index.php\/2025\/03\/14\/ribeirao-preto-recebe-evento-gratuito-sobre-gestao-esportiva-veja-como-participar\/","url_meta":{"origin":83183,"position":4},"title":"Ribeir\u00e3o Preto recebe evento gratuito sobre gest\u00e3o esportiva; Veja como participar","author":"noticiasribeiraopreto.com.br","date":"14 de March de 2025","format":false,"excerpt":"O Botafogo Futebol Clube e a FEA-RP (Faculdade de Economia, Administra\u00e7\u00e3o e Contabilidade de Ribeir\u00e3o Preto) da USP (Universidade de S\u00e3o Paulo) realizam na pr\u00f3xima quarta-feira (19) um semin\u00e1rio gratuito sobre gest\u00e3o esportiva, mercado e governan\u00e7a. O evento ser\u00e1 realizado no Anfiteatro Ivo Torres, dentro da USP (Universidade de S\u00e3o\u2026","rel":"","context":"In &quot;Not\u00edcias de Ribeir\u00e3o Preto-SP e Regi\u00e3o&quot;","block_context":{"text":"Not\u00edcias de Ribeir\u00e3o Preto-SP e Regi\u00e3o","link":"https:\/\/noticiasribeiraopreto.com.br\/index.php\/category\/noticias-de-ribeirao-preto-sp-e-regiao-ismael-colosi\/"},"img":{"alt_text":"","src":"https:\/\/i0.wp.com\/noticiasribeiraopreto.com.br\/wp-content\/uploads\/2025\/03\/fea-usp-ribeirao-preto.jpg?fit=1200%2C800&ssl=1&resize=350%2C200","width":350,"height":200,"srcset":"https:\/\/i0.wp.com\/noticiasribeiraopreto.com.br\/wp-content\/uploads\/2025\/03\/fea-usp-ribeirao-preto.jpg?fit=1200%2C800&ssl=1&resize=350%2C200 1x, https:\/\/i0.wp.com\/noticiasribeiraopreto.com.br\/wp-content\/uploads\/2025\/03\/fea-usp-ribeirao-preto.jpg?fit=1200%2C800&ssl=1&resize=525%2C300 1.5x, https:\/\/i0.wp.com\/noticiasribeiraopreto.com.br\/wp-content\/uploads\/2025\/03\/fea-usp-ribeirao-preto.jpg?fit=1200%2C800&ssl=1&resize=700%2C400 2x, https:\/\/i0.wp.com\/noticiasribeiraopreto.com.br\/wp-content\/uploads\/2025\/03\/fea-usp-ribeirao-preto.jpg?fit=1200%2C800&ssl=1&resize=1050%2C600 3x"},"classes":[]},{"id":74360,"url":"https:\/\/noticiasribeiraopreto.com.br\/index.php\/2025\/07\/21\/morre-jose-maria-marin-ex-presidente-da-cbf-aos-93-anos\/","url_meta":{"origin":83183,"position":5},"title":"Morre Jos\u00e9 Maria Mar\u00edn, ex-presidente da CBF, aos 93 anos","author":"noticiasribeiraopreto.com.br","date":"21 de July de 2025","format":false,"excerpt":"Jos\u00e9 Maria Marin, ex-presidente da Confedera\u00e7\u00e3o Brasileira de Futebol (CBF), morreu no \u00faltimo domingo (20), aos 93 anos. O ex-dirigente passou mal em casa na noite de s\u00e1bado e foi levado ao Hospital S\u00edrio-Liban\u00eas, em S\u00e3o Paulo, onde n\u00e3o resistiu. Nos \u00faltimos meses, Marin enfrentava problemas de sa\u00fade, tendo sofrido\u2026","rel":"","context":"In &quot;Not\u00edcias de Ribeir\u00e3o Preto-SP e Regi\u00e3o&quot;","block_context":{"text":"Not\u00edcias de Ribeir\u00e3o Preto-SP e Regi\u00e3o","link":"https:\/\/noticiasribeiraopreto.com.br\/index.php\/category\/noticias-de-ribeirao-preto-sp-e-regiao-ismael-colosi\/"},"img":{"alt_text":"","src":"https:\/\/i0.wp.com\/noticiasribeiraopreto.com.br\/wp-content\/uploads\/2025\/07\/3-Jose-Maria-Marin-Reproducao_CBF.jpg?fit=790%2C500&ssl=1&resize=350%2C200","width":350,"height":200,"srcset":"https:\/\/i0.wp.com\/noticiasribeiraopreto.com.br\/wp-content\/uploads\/2025\/07\/3-Jose-Maria-Marin-Reproducao_CBF.jpg?fit=790%2C500&ssl=1&resize=350%2C200 1x, https:\/\/i0.wp.com\/noticiasribeiraopreto.com.br\/wp-content\/uploads\/2025\/07\/3-Jose-Maria-Marin-Reproducao_CBF.jpg?fit=790%2C500&ssl=1&resize=525%2C300 1.5x, https:\/\/i0.wp.com\/noticiasribeiraopreto.com.br\/wp-content\/uploads\/2025\/07\/3-Jose-Maria-Marin-Reproducao_CBF.jpg?fit=790%2C500&ssl=1&resize=700%2C400 2x"},"classes":[]}],"jetpack_sharing_enabled":true,"jetpack_shortlink":"https:\/\/wp.me\/peQAOb-lDF","_links":{"self":[{"href":"https:\/\/noticiasribeiraopreto.com.br\/index.php\/wp-json\/wp\/v2\/posts\/83183","targetHints":{"allow":["GET"]}}],"collection":[{"href":"https:\/\/noticiasribeiraopreto.com.br\/index.php\/wp-json\/wp\/v2\/posts"}],"about":[{"href":"https:\/\/noticiasribeiraopreto.com.br\/index.php\/wp-json\/wp\/v2\/types\/post"}],"author":[{"embeddable":true,"href":"https:\/\/noticiasribeiraopreto.com.br\/index.php\/wp-json\/wp\/v2\/users\/1"}],"replies":[{"embeddable":true,"href":"https:\/\/noticiasribeiraopreto.com.br\/index.php\/wp-json\/wp\/v2\/comments?post=83183"}],"version-history":[{"count":0,"href":"https:\/\/noticiasribeiraopreto.com.br\/index.php\/wp-json\/wp\/v2\/posts\/83183\/revisions"}],"wp:featuredmedia":[{"embeddable":true,"href":"https:\/\/noticiasribeiraopreto.com.br\/index.php\/wp-json\/wp\/v2\/media\/83184"}],"wp:attachment":[{"href":"https:\/\/noticiasribeiraopreto.com.br\/index.php\/wp-json\/wp\/v2\/media?parent=83183"}],"wp:term":[{"taxonomy":"category","embeddable":true,"href":"https:\/\/noticiasribeiraopreto.com.br\/index.php\/wp-json\/wp\/v2\/categories?post=83183"},{"taxonomy":"post_tag","embeddable":true,"href":"https:\/\/noticiasribeiraopreto.com.br\/index.php\/wp-json\/wp\/v2\/tags?post=83183"}],"curies":[{"name":"wp","href":"https:\/\/api.w.org\/{rel}","templated":true}]}}