{"id":83187,"date":"2026-03-12T10:14:35","date_gmt":"2026-03-12T13:14:35","guid":{"rendered":"https:\/\/noticiasribeiraopreto.com.br\/index.php\/2026\/03\/12\/fundacao-santa-lydia-abre-processo-seletivo-com-12-vagas-em-ribeirao-preto\/"},"modified":"2026-03-12T10:14:35","modified_gmt":"2026-03-12T13:14:35","slug":"fundacao-santa-lydia-abre-processo-seletivo-com-12-vagas-em-ribeirao-preto","status":"publish","type":"post","link":"https:\/\/noticiasribeiraopreto.com.br\/index.php\/2026\/03\/12\/fundacao-santa-lydia-abre-processo-seletivo-com-12-vagas-em-ribeirao-preto\/","title":{"rendered":"Funda\u00e7\u00e3o Santa Lydia abre processo seletivo com 12 vagas em Ribeir\u00e3o Preto"},"content":{"rendered":"<div class='code-block code-block-1' style='margin: 8px 0 8px auto; text-align: right; display: block; clear: both;'>\n<p><a href=\"https:\/\/wa.link\/vpicfd\"><img data-recalc-dims=\"1\" class=\"wp-image-4922\" style=\"aspect-ratio: 2.0253164556962027; width: 561px; height: auto;\" src=\"https:\/\/i0.wp.com\/ismaelcolosi.com.br\/wp-content\/uploads\/2023\/11\/grupo-de-empregos-whatsapp-e-facebook-ismael-colosi-vagas.jpg?ssl=1\" alt=\"\" \/><\/a><\/p>\n<!-- \/wp:image -->\n<\/div>\n<p> <br \/>\n<\/p>\n<div data-td-block-uid=\"tdi_95\">\n<div class=\"tdb-block-inner td-fix-index\">\n<p>A <a href=\"https:\/\/www.hospitalsantalydia.com.br\/index.html\" data-type=\"link\" data-id=\"https:\/\/www.hospitalsantalydia.com.br\/index.html\" target=\"_blank\" rel=\"noopener\">Funda\u00e7\u00e3o Hospital Santa Lydia<\/a>, em Ribeir\u00e3o Preto, abriu processo seletivo com 12 vagas com sal\u00e1rios de at\u00e9 R$ 4.241,38. As oportunidades s\u00e3o de n\u00edvel fundamental, m\u00e9dio, t\u00e9cnico e superior.<\/p>\n<p>As inscri\u00e7\u00f5es devem ser realizadas at\u00e9 o dia 23 de mar\u00e7o, pela internet (<a href=\"https:\/\/portal.glconsultoria.com.br\/edital\/ver\/294\" target=\"_blank\" rel=\"noopener\">clique aqui<\/a>). A taxa de inscri\u00e7\u00e3o custa R$ 22,62.<\/p>\n<h2 class=\"wp-block-heading\"><strong>Veja as vagas<\/strong><\/h2>\n<ul class=\"wp-block-list\">\n<li>assistente administrativo<\/li>\n<\/ul>\n<ul class=\"wp-block-list\">\n<li>auxiliar de consult\u00f3rio dent\u00e1rio<\/li>\n<\/ul>\n<h2 class=\"wp-block-heading\"><strong>Provas<\/strong><\/h2>\n<p>As provas objetivas de m\u00faltipla escolha ser\u00e3o realizadas no dia 12 de abril. <a href=\"https:\/\/portal.glconsultoria.com.br\/edital\/ver\/294\" data-type=\"link\" data-id=\"https:\/\/portal.glconsultoria.com.br\/edital\/ver\/294\" target=\"_blank\" rel=\"noopener\">Clique aqui <\/a>e veja o edital completo.<\/p>\n<p>SAIBA MAIS<br \/>Dia Mundial do Rim: \u2018Cuide dos seus rins antes que deem sinais\u2019, alerta m\u00e9dico<\/p>\n<h2 class=\"wp-block-heading\"><strong>FIQUE ON<\/strong><\/h2>\n<p>Fique ligado em tudo que acontece em Ribeir\u00e3o Preto e regi\u00e3o. Siga os perfis do<strong>\u00a0acidade on<\/strong>\u00a0no\u00a0<a href=\"https:\/\/www.instagram.com\/acidadeonribeirao\" data-type=\"link\" data-id=\"https:\/\/www.instagram.com\/acidadeonribeirao\" target=\"_blank\" rel=\"noopener\">Instagram\u00a0<\/a>e no\u00a0<a href=\"https:\/\/www.facebook.com\/acidadeonribeirao\/\" data-type=\"link\" data-id=\"https:\/\/www.facebook.com\/acidadeonribeirao\/\" target=\"_blank\" rel=\"noopener\">Facebook<\/a>.<\/p>\n<p>Receba not\u00edcias do\u00a0<strong>acidade on<\/strong>\u00a0no WhatsApp. Para entrar no grupo,\u00a0basta <a href=\"https:\/\/chat.whatsapp.com\/GFH9HUMUTHNFJdnyEd0xxq\" data-type=\"link\" data-id=\"https:\/\/chat.whatsapp.com\/GFH9HUMUTHNFJdnyEd0xxq\" target=\"_blank\" rel=\"noopener\">clicar aqui<\/a>. Ou, acesse o nosso\u00a0Canal <a href=\"https:\/\/whatsapp.com\/channel\/0029Vb6IQl1JENyAeS57fk2p\" data-type=\"link\" data-id=\"https:\/\/whatsapp.com\/channel\/0029Vb6IQl1JENyAeS57fk2p\" target=\"_blank\" rel=\"noopener\">clicando aqui<\/a>.<\/p>\n<p>Fa\u00e7a uma den\u00fancia ou sugira uma reportagem sobre Ribeir\u00e3o Preto e regi\u00e3o pelo WhatsApp: 16 99117 7802.<\/p>\n<p>VEJA TAMB\u00c9M<br \/>Bolo de fub\u00e1: 7 receitas pr\u00e1ticas e deliciosas para o caf\u00e9 da tarde<\/p>\n<p><!-- AI CONTENT END 1 -->\n<\/div>\n<\/div>\n<p><script async src=\"\/\/www.instagram.com\/embed.js\"><\/script><br \/>\n<br \/><br \/>\n<br \/><a href=\"https:\/\/www.acidadeon.com\/ribeiraopreto\/economia\/fundacao-santa-lydia-abre-processo-seletivo-com-12-vagas-em-ribeirao-preto\/\">Source link <\/a><\/p>\n<!-- CONTENT END 1 -->\n","protected":false},"excerpt":{"rendered":"<p>A Funda\u00e7\u00e3o Hospital Santa Lydia, em Ribeir\u00e3o Preto, abriu processo seletivo com 12 vagas com sal\u00e1rios de at\u00e9 R$ 4.241,38. As oportunidades s\u00e3o de n\u00edvel&#8230;<\/p>\n","protected":false},"author":1,"featured_media":83188,"comment_status":"open","ping_status":"open","sticky":false,"template":"","format":"standard","meta":{"advanced_seo_description":"","jetpack_seo_html_title":"","jetpack_seo_noindex":false,"jetpack_post_was_ever_published":false,"_jetpack_newsletter_access":"","_jetpack_dont_email_post_to_subs":false,"_jetpack_newsletter_tier_id":0,"_jetpack_memberships_contains_paywalled_content":false,"_jetpack_memberships_contains_paid_content":false,"footnotes":"","jetpack_publicize_message":"","jetpack_publicize_feature_enabled":true,"jetpack_social_post_already_shared":true,"jetpack_social_options":{"image_generator_settings":{"template":"highway","default_image_id":0,"font":"","enabled":false},"version":2}},"categories":[11],"tags":[],"class_list":["post-83187","post","type-post","status-publish","format-standard","has-post-thumbnail","hentry","category-noticias-de-ribeirao-preto-sp-e-regiao-ismael-colosi"],"jetpack_publicize_connections":[],"jetpack_featured_media_url":"https:\/\/i0.wp.com\/noticiasribeiraopreto.com.br\/wp-content\/uploads\/2026\/03\/1773321275_santa-lydia.jpg?fit=1620%2C1080&ssl=1","jetpack-related-posts":[{"id":17588,"url":"https:\/\/noticiasribeiraopreto.com.br\/index.php\/2023\/12\/18\/hospital-santa-lydia-abre-processo-seletivo-com-salarios-de-r-10-mil\/","url_meta":{"origin":83187,"position":0},"title":"Hospital Santa Lydia abre processo seletivo com sal\u00e1rios de R$ 10 mil","author":"noticiasribeiraopreto.com.br","date":"18 de December de 2023","format":false,"excerpt":"A Funda\u00e7\u00e3o Hospital Santa Lydia de Ribeir\u00e3o Preto abriu processo seletivo com seis vagas de n\u00edvel fundamental, m\u00e9dio e superior com sal\u00e1rios entre R$ 1,4 mil R$ 10,6 mil. Tamb\u00e9m h\u00e1 oportunidades para cadastro de reserva. As inscri\u00e7\u00f5es devem ser realizadas at\u00e9 o dia 15 de janeiro de 2024 pela\u2026","rel":"","context":"In &quot;Not\u00edcias de Ribeir\u00e3o Preto-SP e Regi\u00e3o&quot;","block_context":{"text":"Not\u00edcias de Ribeir\u00e3o Preto-SP e Regi\u00e3o","link":"https:\/\/noticiasribeiraopreto.com.br\/index.php\/category\/noticias-de-ribeirao-preto-sp-e-regiao-ismael-colosi\/"},"img":{"alt_text":"","src":"https:\/\/i0.wp.com\/noticiasribeiraopreto.com.br\/wp-content\/uploads\/2023\/12\/santa-lydia.jpg?fit=1200%2C800&ssl=1&resize=350%2C200","width":350,"height":200,"srcset":"https:\/\/i0.wp.com\/noticiasribeiraopreto.com.br\/wp-content\/uploads\/2023\/12\/santa-lydia.jpg?fit=1200%2C800&ssl=1&resize=350%2C200 1x, https:\/\/i0.wp.com\/noticiasribeiraopreto.com.br\/wp-content\/uploads\/2023\/12\/santa-lydia.jpg?fit=1200%2C800&ssl=1&resize=525%2C300 1.5x, https:\/\/i0.wp.com\/noticiasribeiraopreto.com.br\/wp-content\/uploads\/2023\/12\/santa-lydia.jpg?fit=1200%2C800&ssl=1&resize=700%2C400 2x, https:\/\/i0.wp.com\/noticiasribeiraopreto.com.br\/wp-content\/uploads\/2023\/12\/santa-lydia.jpg?fit=1200%2C800&ssl=1&resize=1050%2C600 3x"},"classes":[]},{"id":35590,"url":"https:\/\/noticiasribeiraopreto.com.br\/index.php\/2024\/02\/06\/hospital-santa-lydia-abre-processo-seletivo-em-ribeirao-preto-veja-as-vagas\/","url_meta":{"origin":83187,"position":1},"title":"Hospital Santa Lydia abre processo seletivo em Ribeir\u00e3o Preto; Veja as vagas","author":"noticiasribeiraopreto.com.br","date":"6 de February de 2024","format":false,"excerpt":"A Funda\u00e7\u00e3o Hospital Santa Lydia de Ribeir\u00e3o Preto abriu um processo seletivo emergencial com quatro vagas de n\u00edvel m\u00e9dio e t\u00e9cnico com sal\u00e1rios que variam de R$ 1,4 mil e R$ 2,3 mil. As inscri\u00e7\u00f5es come\u00e7aram nesta ter\u00e7a-feira (6) e devem ser realizadas at\u00e9 as 16h do dia 15 de\u2026","rel":"","context":"In &quot;Not\u00edcias de Ribeir\u00e3o Preto-SP e Regi\u00e3o&quot;","block_context":{"text":"Not\u00edcias de Ribeir\u00e3o Preto-SP e Regi\u00e3o","link":"https:\/\/noticiasribeiraopreto.com.br\/index.php\/category\/noticias-de-ribeirao-preto-sp-e-regiao-ismael-colosi\/"},"img":{"alt_text":"","src":"https:\/\/i0.wp.com\/noticiasribeiraopreto.com.br\/wp-content\/uploads\/2024\/02\/hospital_santa_1200x675_10022022125527.jpg?fit=1200%2C675&ssl=1&resize=350%2C200","width":350,"height":200,"srcset":"https:\/\/i0.wp.com\/noticiasribeiraopreto.com.br\/wp-content\/uploads\/2024\/02\/hospital_santa_1200x675_10022022125527.jpg?fit=1200%2C675&ssl=1&resize=350%2C200 1x, https:\/\/i0.wp.com\/noticiasribeiraopreto.com.br\/wp-content\/uploads\/2024\/02\/hospital_santa_1200x675_10022022125527.jpg?fit=1200%2C675&ssl=1&resize=525%2C300 1.5x, https:\/\/i0.wp.com\/noticiasribeiraopreto.com.br\/wp-content\/uploads\/2024\/02\/hospital_santa_1200x675_10022022125527.jpg?fit=1200%2C675&ssl=1&resize=700%2C400 2x, https:\/\/i0.wp.com\/noticiasribeiraopreto.com.br\/wp-content\/uploads\/2024\/02\/hospital_santa_1200x675_10022022125527.jpg?fit=1200%2C675&ssl=1&resize=1050%2C600 3x"},"classes":[]},{"id":65970,"url":"https:\/\/noticiasribeiraopreto.com.br\/index.php\/2025\/03\/26\/santa-lydia-abre-processo-seletivo-com-salarios-de-ate-r-10-mil-em-ribeirao-preto\/","url_meta":{"origin":83187,"position":2},"title":"Santa Lydia abre processo seletivo com sal\u00e1rios de at\u00e9 R$ 10 mil em Ribeir\u00e3o Preto","author":"noticiasribeiraopreto.com.br","date":"26 de March de 2025","format":false,"excerpt":"A Funda\u00e7\u00e3o Hospital Santa Lydia de Ribeir\u00e3o Preto est\u00e1 com as inscri\u00e7\u00f5es abertas para processo seletivo com cinco vagas de n\u00edvel fundamental, m\u00e9dio e superior. Os sal\u00e1rios variam entre R$ 996,18 e R$ 10.965,05. As inscri\u00e7\u00f5es devem ser realizadas pela internet (clique aqui) at\u00e9 as 13h do dia 6 de\u2026","rel":"","context":"In &quot;Not\u00edcias de Ribeir\u00e3o Preto-SP e Regi\u00e3o&quot;","block_context":{"text":"Not\u00edcias de Ribeir\u00e3o Preto-SP e Regi\u00e3o","link":"https:\/\/noticiasribeiraopreto.com.br\/index.php\/category\/noticias-de-ribeirao-preto-sp-e-regiao-ismael-colosi\/"},"img":{"alt_text":"","src":"https:\/\/i0.wp.com\/noticiasribeiraopreto.com.br\/wp-content\/uploads\/2024\/10\/santa-lydia-1024x683-1_2024-10-31_21-06-50_jpg_2024-10-31_21-06-50.webp.webp?fit=1024%2C683&ssl=1&resize=350%2C200","width":350,"height":200,"srcset":"https:\/\/i0.wp.com\/noticiasribeiraopreto.com.br\/wp-content\/uploads\/2024\/10\/santa-lydia-1024x683-1_2024-10-31_21-06-50_jpg_2024-10-31_21-06-50.webp.webp?fit=1024%2C683&ssl=1&resize=350%2C200 1x, https:\/\/i0.wp.com\/noticiasribeiraopreto.com.br\/wp-content\/uploads\/2024\/10\/santa-lydia-1024x683-1_2024-10-31_21-06-50_jpg_2024-10-31_21-06-50.webp.webp?fit=1024%2C683&ssl=1&resize=525%2C300 1.5x, https:\/\/i0.wp.com\/noticiasribeiraopreto.com.br\/wp-content\/uploads\/2024\/10\/santa-lydia-1024x683-1_2024-10-31_21-06-50_jpg_2024-10-31_21-06-50.webp.webp?fit=1024%2C683&ssl=1&resize=700%2C400 2x"},"classes":[]},{"id":46587,"url":"https:\/\/noticiasribeiraopreto.com.br\/index.php\/2024\/04\/12\/hospital-santa-lydia-de-ribeirao-preto-tem-processo-seletivo-com-salarios-de-r-4-mil\/","url_meta":{"origin":83187,"position":3},"title":"Hospital Santa Lydia de Ribeir\u00e3o Preto tem processo seletivo com sal\u00e1rios de R$ 4 mil","author":"noticiasribeiraopreto.com.br","date":"12 de April de 2024","format":false,"excerpt":"A Funda\u00e7\u00e3o Hospital Santa Lydia de Ribeir\u00e3o Preto abriu processo seletivo com seis vagas, al\u00e9m de oportunidades para o cadastro de reserva. As vagas s\u00e3o de n\u00edvel fundamental, m\u00e9dio e superior e os sal\u00e1rios variam entre R$ 1.426,98 e R$ 4.096,98. S\u00e3o dois editais e o valor da taxa de\u2026","rel":"","context":"In &quot;Not\u00edcias de Ribeir\u00e3o Preto-SP e Regi\u00e3o&quot;","block_context":{"text":"Not\u00edcias de Ribeir\u00e3o Preto-SP e Regi\u00e3o","link":"https:\/\/noticiasribeiraopreto.com.br\/index.php\/category\/noticias-de-ribeirao-preto-sp-e-regiao-ismael-colosi\/"},"img":{"alt_text":"","src":"https:\/\/i0.wp.com\/noticiasribeiraopreto.com.br\/wp-content\/uploads\/2024\/04\/santa-lydia.jpg?fit=1200%2C800&ssl=1&resize=350%2C200","width":350,"height":200,"srcset":"https:\/\/i0.wp.com\/noticiasribeiraopreto.com.br\/wp-content\/uploads\/2024\/04\/santa-lydia.jpg?fit=1200%2C800&ssl=1&resize=350%2C200 1x, https:\/\/i0.wp.com\/noticiasribeiraopreto.com.br\/wp-content\/uploads\/2024\/04\/santa-lydia.jpg?fit=1200%2C800&ssl=1&resize=525%2C300 1.5x, https:\/\/i0.wp.com\/noticiasribeiraopreto.com.br\/wp-content\/uploads\/2024\/04\/santa-lydia.jpg?fit=1200%2C800&ssl=1&resize=700%2C400 2x, https:\/\/i0.wp.com\/noticiasribeiraopreto.com.br\/wp-content\/uploads\/2024\/04\/santa-lydia.jpg?fit=1200%2C800&ssl=1&resize=1050%2C600 3x"},"classes":[]},{"id":64028,"url":"https:\/\/noticiasribeiraopreto.com.br\/index.php\/2025\/02\/27\/hospital-santa-lydia-abre-processo-seletivo-em-ribeirao-preto-veja-como-participar\/","url_meta":{"origin":83187,"position":4},"title":"Hospital Santa Lydia abre processo seletivo em Ribeir\u00e3o Preto; Veja como participar","author":"noticiasribeiraopreto.com.br","date":"27 de February de 2025","format":false,"excerpt":"A Funda\u00e7\u00e3o Hospital Santa Lydia publicou edital de processo seletivo com tr\u00eas vagas em Ribeir\u00e3o Preto. As oportunidades s\u00e3o de n\u00edvel fundamental e m\u00e9dio e os sal\u00e1rios variam entre R$ 1.479,78 e R$ 2.444,35. As inscri\u00e7\u00f5es devem ser realizadas no per\u00edodo entre 13h do dia 28 de fevereiro e 23h59\u2026","rel":"","context":"In &quot;Not\u00edcias de Ribeir\u00e3o Preto-SP e Regi\u00e3o&quot;","block_context":{"text":"Not\u00edcias de Ribeir\u00e3o Preto-SP e Regi\u00e3o","link":"https:\/\/noticiasribeiraopreto.com.br\/index.php\/category\/noticias-de-ribeirao-preto-sp-e-regiao-ismael-colosi\/"},"img":{"alt_text":"","src":"https:\/\/i0.wp.com\/noticiasribeiraopreto.com.br\/wp-content\/uploads\/2025\/02\/1740691384_santa-lydia.jpg?fit=1200%2C800&ssl=1&resize=350%2C200","width":350,"height":200,"srcset":"https:\/\/i0.wp.com\/noticiasribeiraopreto.com.br\/wp-content\/uploads\/2025\/02\/1740691384_santa-lydia.jpg?fit=1200%2C800&ssl=1&resize=350%2C200 1x, https:\/\/i0.wp.com\/noticiasribeiraopreto.com.br\/wp-content\/uploads\/2025\/02\/1740691384_santa-lydia.jpg?fit=1200%2C800&ssl=1&resize=525%2C300 1.5x, https:\/\/i0.wp.com\/noticiasribeiraopreto.com.br\/wp-content\/uploads\/2025\/02\/1740691384_santa-lydia.jpg?fit=1200%2C800&ssl=1&resize=700%2C400 2x, https:\/\/i0.wp.com\/noticiasribeiraopreto.com.br\/wp-content\/uploads\/2025\/02\/1740691384_santa-lydia.jpg?fit=1200%2C800&ssl=1&resize=1050%2C600 3x"},"classes":[]},{"id":42203,"url":"https:\/\/noticiasribeiraopreto.com.br\/index.php\/2024\/03\/13\/hospital-santa-lydia-de-ribeirao-preto-abre-processo-seletivo-com-seis-vagas\/","url_meta":{"origin":83187,"position":5},"title":"Hospital Santa Lydia de Ribeir\u00e3o Preto abre processo seletivo com seis vagas","author":"noticiasribeiraopreto.com.br","date":"13 de March de 2024","format":false,"excerpt":"A Funda\u00e7\u00e3o Hospital Santa Lydia de Ribeir\u00e3o Preto abriu processo seletivo emergencial com seis vagas de n\u00edvel m\u00e9dio, t\u00e9cnico e superior. Al\u00e9m disso, h\u00e1 oportunidades para o cadastro de reserva. Os sal\u00e1rios variam entre R$ 1.403,95 e R$ 2.313,77. As inscri\u00e7\u00f5es devem ser realizadas pela internet (clique aqui) at\u00e9 as\u2026","rel":"","context":"In &quot;Not\u00edcias de Ribeir\u00e3o Preto-SP e Regi\u00e3o&quot;","block_context":{"text":"Not\u00edcias de Ribeir\u00e3o Preto-SP e Regi\u00e3o","link":"https:\/\/noticiasribeiraopreto.com.br\/index.php\/category\/noticias-de-ribeirao-preto-sp-e-regiao-ismael-colosi\/"},"img":{"alt_text":"","src":"https:\/\/i0.wp.com\/noticiasribeiraopreto.com.br\/wp-content\/uploads\/2024\/03\/santa-lydia.jpg?fit=1200%2C800&ssl=1&resize=350%2C200","width":350,"height":200,"srcset":"https:\/\/i0.wp.com\/noticiasribeiraopreto.com.br\/wp-content\/uploads\/2024\/03\/santa-lydia.jpg?fit=1200%2C800&ssl=1&resize=350%2C200 1x, https:\/\/i0.wp.com\/noticiasribeiraopreto.com.br\/wp-content\/uploads\/2024\/03\/santa-lydia.jpg?fit=1200%2C800&ssl=1&resize=525%2C300 1.5x, https:\/\/i0.wp.com\/noticiasribeiraopreto.com.br\/wp-content\/uploads\/2024\/03\/santa-lydia.jpg?fit=1200%2C800&ssl=1&resize=700%2C400 2x, https:\/\/i0.wp.com\/noticiasribeiraopreto.com.br\/wp-content\/uploads\/2024\/03\/santa-lydia.jpg?fit=1200%2C800&ssl=1&resize=1050%2C600 3x"},"classes":[]}],"jetpack_sharing_enabled":true,"jetpack_shortlink":"https:\/\/wp.me\/peQAOb-lDJ","_links":{"self":[{"href":"https:\/\/noticiasribeiraopreto.com.br\/index.php\/wp-json\/wp\/v2\/posts\/83187","targetHints":{"allow":["GET"]}}],"collection":[{"href":"https:\/\/noticiasribeiraopreto.com.br\/index.php\/wp-json\/wp\/v2\/posts"}],"about":[{"href":"https:\/\/noticiasribeiraopreto.com.br\/index.php\/wp-json\/wp\/v2\/types\/post"}],"author":[{"embeddable":true,"href":"https:\/\/noticiasribeiraopreto.com.br\/index.php\/wp-json\/wp\/v2\/users\/1"}],"replies":[{"embeddable":true,"href":"https:\/\/noticiasribeiraopreto.com.br\/index.php\/wp-json\/wp\/v2\/comments?post=83187"}],"version-history":[{"count":0,"href":"https:\/\/noticiasribeiraopreto.com.br\/index.php\/wp-json\/wp\/v2\/posts\/83187\/revisions"}],"wp:featuredmedia":[{"embeddable":true,"href":"https:\/\/noticiasribeiraopreto.com.br\/index.php\/wp-json\/wp\/v2\/media\/83188"}],"wp:attachment":[{"href":"https:\/\/noticiasribeiraopreto.com.br\/index.php\/wp-json\/wp\/v2\/media?parent=83187"}],"wp:term":[{"taxonomy":"category","embeddable":true,"href":"https:\/\/noticiasribeiraopreto.com.br\/index.php\/wp-json\/wp\/v2\/categories?post=83187"},{"taxonomy":"post_tag","embeddable":true,"href":"https:\/\/noticiasribeiraopreto.com.br\/index.php\/wp-json\/wp\/v2\/tags?post=83187"}],"curies":[{"name":"wp","href":"https:\/\/api.w.org\/{rel}","templated":true}]}}