{"id":83189,"date":"2026-03-12T10:21:24","date_gmt":"2026-03-12T13:21:24","guid":{"rendered":"https:\/\/noticiasribeiraopreto.com.br\/index.php\/2026\/03\/12\/avenida-adelmo-perdizza-e-liberada-apos-chuva-causar-alagamento-em-ribeirao-preto\/"},"modified":"2026-03-12T10:21:24","modified_gmt":"2026-03-12T13:21:24","slug":"avenida-adelmo-perdizza-e-liberada-apos-chuva-causar-alagamento-em-ribeirao-preto","status":"publish","type":"post","link":"https:\/\/noticiasribeiraopreto.com.br\/index.php\/2026\/03\/12\/avenida-adelmo-perdizza-e-liberada-apos-chuva-causar-alagamento-em-ribeirao-preto\/","title":{"rendered":"Avenida Adelmo Perdizza \u00e9 liberada ap\u00f3s chuva causar alagamento em Ribeir\u00e3o Preto"},"content":{"rendered":"<div class='code-block code-block-1' style='margin: 8px 0 8px auto; text-align: right; display: block; clear: both;'>\n<p><a href=\"https:\/\/wa.link\/vpicfd\"><img data-recalc-dims=\"1\" class=\"wp-image-4922\" style=\"aspect-ratio: 2.0253164556962027; width: 561px; height: auto;\" src=\"https:\/\/i0.wp.com\/ismaelcolosi.com.br\/wp-content\/uploads\/2023\/11\/grupo-de-empregos-whatsapp-e-facebook-ismael-colosi-vagas.jpg?ssl=1\" alt=\"\" \/><\/a><\/p>\n<!-- \/wp:image -->\n<\/div>\n<p> <br \/>\n<\/p>\n<p><strong>A avenida Adelmo Perdizza foi liberada ao tr\u00e2nsito nesta quinta-feira (12), depois de um alagamento provocado pela chuva, que bloqueou a via nesta quarta-feira (11), em Ribeir\u00e3o Preto.<\/strong> <\/p>\n<p>Segundo a&nbsp;<a href=\"https:\/\/www.ribeiraopreto.sp.gov.br\/portal\/rpmobi\/\" data-type=\"link\" data-id=\"https:\/\/www.ribeiraopreto.sp.gov.br\/portal\/rpmobi\/\" target=\"_blank\" rel=\"noopener\">RP Mobi<\/a>, o <strong>alagamento <\/strong>foi registrado na&nbsp;altura do n\u00famero 1.231, no <strong>bairro Residencial Florida<\/strong>.<\/p>\n<p>H\u00e1 um m\u00eas, a avenida tamb\u00e9m foi fechada por causa de alagamento no trecho.<\/p>\n<p>SAIBA MAIS<\/p>\n<p>Batida envolve dois carros em cruzamento na zona Norte de Ribeir\u00e3o Preto; V\u00eddeo<\/p>\n<h2 class=\"wp-block-heading\"><strong>FIQUE ON<\/strong><\/h2>\n<p>Fique ligado em tudo que acontece em Ribeir\u00e3o Preto e regi\u00e3o. Siga os perfis do&nbsp;<strong>acidade on<\/strong>&nbsp;no&nbsp;<a href=\"https:\/\/www.instagram.com\/acidadeonribeirao\" target=\"_blank\" rel=\"noreferrer noopener\">Instagram<\/a>&nbsp;e no<a href=\"https:\/\/www.facebook.com\/acidadeonribeirao\/\" target=\"_blank\" rel=\"noreferrer noopener\">&nbsp;Facebook<\/a>.<\/p>\n<p>Receba not\u00edcias do&nbsp;<strong>acidade on<\/strong>&nbsp;no WhatsApp. Para entrar no grupo,&nbsp;basta<a href=\"https:\/\/chat.whatsapp.com\/GFH9HUMUTHNFJdnyEd0xxq\" target=\"_blank\" rel=\"noreferrer noopener\">&nbsp;clicar aqui<\/a>. Ou, acesse o nosso&nbsp;Canal&nbsp;<a href=\"https:\/\/whatsapp.com\/channel\/0029Vb6IQl1JENyAeS57fk2p\" target=\"_blank\" rel=\"noreferrer noopener\">clicando aqui<\/a>.<\/p>\n<p>Fa\u00e7a uma den\u00fancia ou sugira uma reportagem sobre Ribeir\u00e3o Preto e regi\u00e3o pelo WhatsApp: 16 99117 7802.<\/p>\n<p>VEJA TAMB\u00c9M<\/p>\n<p>IA preditiva e generativa: entenda as diferen\u00e7as e quando as empresas podem usar cada uma delas<\/p>\n<p>O post Avenida Adelmo Perdizza \u00e9 liberada ap\u00f3s chuva causar alagamento em Ribeir\u00e3o Preto apareceu primeiro em ACidade ON Ribeir\u00e3o Preto.<\/p>\n<p><script async src=\"\/\/www.instagram.com\/embed.js\"><\/script><br \/>\n<br \/><br \/>\n<br \/><a href=\"https:\/\/www.acidadeon.com\/ribeiraopreto\/cotidiano\/avenida-adelmo-perdizza-e-liberada-apos-chuva-causar-alagamento-em-ribeirao-preto\/\">Source link <\/a><\/p>\n<!-- CONTENT END 1 -->\n","protected":false},"excerpt":{"rendered":"<p>A avenida Adelmo Perdizza foi liberada ao tr\u00e2nsito nesta quinta-feira (12), depois de um alagamento provocado pela chuva, que bloqueou a via nesta quarta-feira (11),&#8230;<\/p>\n","protected":false},"author":1,"featured_media":82347,"comment_status":"open","ping_status":"open","sticky":false,"template":"","format":"standard","meta":{"advanced_seo_description":"","jetpack_seo_html_title":"","jetpack_seo_noindex":false,"jetpack_post_was_ever_published":false,"_jetpack_newsletter_access":"","_jetpack_dont_email_post_to_subs":false,"_jetpack_newsletter_tier_id":0,"_jetpack_memberships_contains_paywalled_content":false,"_jetpack_memberships_contains_paid_content":false,"footnotes":"","jetpack_publicize_message":"","jetpack_publicize_feature_enabled":true,"jetpack_social_post_already_shared":true,"jetpack_social_options":{"image_generator_settings":{"template":"highway","default_image_id":0,"font":"","enabled":false},"version":2}},"categories":[11],"tags":[],"class_list":["post-83189","post","type-post","status-publish","format-standard","has-post-thumbnail","hentry","category-noticias-de-ribeirao-preto-sp-e-regiao-ismael-colosi"],"jetpack_publicize_connections":[],"jetpack_featured_media_url":"https:\/\/i0.wp.com\/noticiasribeiraopreto.com.br\/wp-content\/uploads\/2026\/02\/adelmo-perdizza_2026-02-10_20-52-37.webp.webp?fit=899%2C612&ssl=1","jetpack-related-posts":[{"id":82298,"url":"https:\/\/noticiasribeiraopreto.com.br\/index.php\/2026\/02\/10\/saiba-quais-ruas-e-avenidas-estao-interditadas-em-ribeirao-preto-por-causa-da-chuva\/","url_meta":{"origin":83189,"position":0},"title":"Saiba quais ruas e avenidas est\u00e3o interditadas em Ribeir\u00e3o Preto por causa da chuva","author":"noticiasribeiraopreto.com.br","date":"10 de February de 2026","format":false,"excerpt":"Dois trechos da zona Norte de Ribeir\u00e3o Preto precisaram ser interditados na manh\u00e3 desta ter\u00e7a-feira (10), ap\u00f3s o registro de um alagamento na avenida Cavalheiro Paschoal Innecchi, pr\u00f3ximo ao n\u00famero 1.633, no bairro Jardim Independ\u00eancia. De acordo com a RP Mobi, devido a quantidade de \u00e1gua no local, o acesso\u2026","rel":"","context":"In &quot;Not\u00edcias de Ribeir\u00e3o Preto-SP e Regi\u00e3o&quot;","block_context":{"text":"Not\u00edcias de Ribeir\u00e3o Preto-SP e Regi\u00e3o","link":"https:\/\/noticiasribeiraopreto.com.br\/index.php\/category\/noticias-de-ribeirao-preto-sp-e-regiao-ismael-colosi\/"},"img":{"alt_text":"","src":"https:\/\/i0.wp.com\/noticiasribeiraopreto.com.br\/wp-content\/uploads\/2026\/02\/domingo_2026-02-10_11-51-32.webp.webp?fit=1200%2C675&ssl=1&resize=350%2C200","width":350,"height":200,"srcset":"https:\/\/i0.wp.com\/noticiasribeiraopreto.com.br\/wp-content\/uploads\/2026\/02\/domingo_2026-02-10_11-51-32.webp.webp?fit=1200%2C675&ssl=1&resize=350%2C200 1x, https:\/\/i0.wp.com\/noticiasribeiraopreto.com.br\/wp-content\/uploads\/2026\/02\/domingo_2026-02-10_11-51-32.webp.webp?fit=1200%2C675&ssl=1&resize=525%2C300 1.5x, https:\/\/i0.wp.com\/noticiasribeiraopreto.com.br\/wp-content\/uploads\/2026\/02\/domingo_2026-02-10_11-51-32.webp.webp?fit=1200%2C675&ssl=1&resize=700%2C400 2x, https:\/\/i0.wp.com\/noticiasribeiraopreto.com.br\/wp-content\/uploads\/2026\/02\/domingo_2026-02-10_11-51-32.webp.webp?fit=1200%2C675&ssl=1&resize=1050%2C600 3x"},"classes":[]},{"id":82346,"url":"https:\/\/noticiasribeiraopreto.com.br\/index.php\/2026\/02\/11\/avenida-de-ribeirao-preto-esta-totalmente-liberada-apos-alagamento\/","url_meta":{"origin":83189,"position":1},"title":"Avenida de Ribeir\u00e3o Preto est\u00e1 totalmente liberada ap\u00f3s alagamento","author":"noticiasribeiraopreto.com.br","date":"11 de February de 2026","format":false,"excerpt":"A RP Mobi, empresa respons\u00e1vel pelo gerenciamento do tr\u00e2nsito em Ribeir\u00e3o Preto, informou no final da tarde desta ter\u00e7a-feira (10) que a avenida Adelmo Perdizza est\u00e1 totalmente liberada para o tr\u00e1fego de ve\u00edculos nos dois sentidos. A via foi bloqueada por conta de um alagamento ap\u00f3s as fortes chuvas que\u2026","rel":"","context":"In &quot;Not\u00edcias de Ribeir\u00e3o Preto-SP e Regi\u00e3o&quot;","block_context":{"text":"Not\u00edcias de Ribeir\u00e3o Preto-SP e Regi\u00e3o","link":"https:\/\/noticiasribeiraopreto.com.br\/index.php\/category\/noticias-de-ribeirao-preto-sp-e-regiao-ismael-colosi\/"},"img":{"alt_text":"","src":"https:\/\/i0.wp.com\/noticiasribeiraopreto.com.br\/wp-content\/uploads\/2026\/02\/adelmo-perdizza_2026-02-10_20-52-37.webp.webp?fit=899%2C612&ssl=1&resize=350%2C200","width":350,"height":200,"srcset":"https:\/\/i0.wp.com\/noticiasribeiraopreto.com.br\/wp-content\/uploads\/2026\/02\/adelmo-perdizza_2026-02-10_20-52-37.webp.webp?fit=899%2C612&ssl=1&resize=350%2C200 1x, https:\/\/i0.wp.com\/noticiasribeiraopreto.com.br\/wp-content\/uploads\/2026\/02\/adelmo-perdizza_2026-02-10_20-52-37.webp.webp?fit=899%2C612&ssl=1&resize=525%2C300 1.5x, https:\/\/i0.wp.com\/noticiasribeiraopreto.com.br\/wp-content\/uploads\/2026\/02\/adelmo-perdizza_2026-02-10_20-52-37.webp.webp?fit=899%2C612&ssl=1&resize=700%2C400 2x"},"classes":[]},{"id":82302,"url":"https:\/\/noticiasribeiraopreto.com.br\/index.php\/2026\/02\/10\/avenida-adelmo-perdizza-fica-alagada-apos-chuva-intensa-na-madrugada-veja-video\/","url_meta":{"origin":83189,"position":2},"title":"Avenida Adelmo Perdizza fica alagada ap\u00f3s chuva intensa na madrugada; Veja v\u00eddeo","author":"noticiasribeiraopreto.com.br","date":"10 de February de 2026","format":false,"excerpt":"A avenida Adelmo Perdizza ficou debaixo d\u2019\u00e1gua com a forte chuva durante a madrugada desta ter\u00e7a-feira (10), na altura do viaduto de acesso para o Anel Vi\u00e1rio Sul de Ribeir\u00e3o Preto. O local est\u00e1 totalmente interditado para quem vem da rodovia e quer acessar a avenida. No sentido contr\u00e1rio, quem\u2026","rel":"","context":"In &quot;Not\u00edcias de Ribeir\u00e3o Preto-SP e Regi\u00e3o&quot;","block_context":{"text":"Not\u00edcias de Ribeir\u00e3o Preto-SP e Regi\u00e3o","link":"https:\/\/noticiasribeiraopreto.com.br\/index.php\/category\/noticias-de-ribeirao-preto-sp-e-regiao-ismael-colosi\/"},"img":{"alt_text":"","src":"https:\/\/i0.wp.com\/noticiasribeiraopreto.com.br\/wp-content\/uploads\/2026\/02\/20260210_071320.jpg_2026-02-10_11-01-56.webp.webp?fit=1200%2C675&ssl=1&resize=350%2C200","width":350,"height":200,"srcset":"https:\/\/i0.wp.com\/noticiasribeiraopreto.com.br\/wp-content\/uploads\/2026\/02\/20260210_071320.jpg_2026-02-10_11-01-56.webp.webp?fit=1200%2C675&ssl=1&resize=350%2C200 1x, https:\/\/i0.wp.com\/noticiasribeiraopreto.com.br\/wp-content\/uploads\/2026\/02\/20260210_071320.jpg_2026-02-10_11-01-56.webp.webp?fit=1200%2C675&ssl=1&resize=525%2C300 1.5x, https:\/\/i0.wp.com\/noticiasribeiraopreto.com.br\/wp-content\/uploads\/2026\/02\/20260210_071320.jpg_2026-02-10_11-01-56.webp.webp?fit=1200%2C675&ssl=1&resize=700%2C400 2x, https:\/\/i0.wp.com\/noticiasribeiraopreto.com.br\/wp-content\/uploads\/2026\/02\/20260210_071320.jpg_2026-02-10_11-01-56.webp.webp?fit=1200%2C675&ssl=1&resize=1050%2C600 3x"},"classes":[]},{"id":62908,"url":"https:\/\/noticiasribeiraopreto.com.br\/index.php\/2025\/01\/28\/alagamento-queda-de-arvore-e-de-poste-interditam-avenida-de-ribeirao-preto\/","url_meta":{"origin":83189,"position":3},"title":"Alagamento, queda de \u00e1rvore e de poste interditam avenida de Ribeir\u00e3o Preto","author":"noticiasribeiraopreto.com.br","date":"28 de January de 2025","format":false,"excerpt":"Parte da avenida Adelmo Perdizza, na zona Sul de Ribeir\u00e3o Preto, foi interditada na manh\u00e3 desta ter\u00e7a-feira (28), por conta da queda de uma \u00e1rvore e de um poste, al\u00e9m de um alagamento no acesso da via. Veja os locais dos bloqueios, segundo a RP Mobi: Faixa de rolagem da\u2026","rel":"","context":"In &quot;Not\u00edcias de Ribeir\u00e3o Preto-SP e Regi\u00e3o&quot;","block_context":{"text":"Not\u00edcias de Ribeir\u00e3o Preto-SP e Regi\u00e3o","link":"https:\/\/noticiasribeiraopreto.com.br\/index.php\/category\/noticias-de-ribeirao-preto-sp-e-regiao-ismael-colosi\/"},"img":{"alt_text":"","src":"https:\/\/i0.wp.com\/noticiasribeiraopreto.com.br\/wp-content\/uploads\/2025\/01\/WhatsApp-Image-2025-01-28-at-10.39.24_2025-01-28_14-01-42_jpeg_2025-01-28_14-01-42.webp.webp?fit=1200%2C675&ssl=1&resize=350%2C200","width":350,"height":200,"srcset":"https:\/\/i0.wp.com\/noticiasribeiraopreto.com.br\/wp-content\/uploads\/2025\/01\/WhatsApp-Image-2025-01-28-at-10.39.24_2025-01-28_14-01-42_jpeg_2025-01-28_14-01-42.webp.webp?fit=1200%2C675&ssl=1&resize=350%2C200 1x, https:\/\/i0.wp.com\/noticiasribeiraopreto.com.br\/wp-content\/uploads\/2025\/01\/WhatsApp-Image-2025-01-28-at-10.39.24_2025-01-28_14-01-42_jpeg_2025-01-28_14-01-42.webp.webp?fit=1200%2C675&ssl=1&resize=525%2C300 1.5x, https:\/\/i0.wp.com\/noticiasribeiraopreto.com.br\/wp-content\/uploads\/2025\/01\/WhatsApp-Image-2025-01-28-at-10.39.24_2025-01-28_14-01-42_jpeg_2025-01-28_14-01-42.webp.webp?fit=1200%2C675&ssl=1&resize=700%2C400 2x, https:\/\/i0.wp.com\/noticiasribeiraopreto.com.br\/wp-content\/uploads\/2025\/01\/WhatsApp-Image-2025-01-28-at-10.39.24_2025-01-28_14-01-42_jpeg_2025-01-28_14-01-42.webp.webp?fit=1200%2C675&ssl=1&resize=1050%2C600 3x"},"classes":[]},{"id":60182,"url":"https:\/\/noticiasribeiraopreto.com.br\/index.php\/2024\/11\/07\/saiba-como-esta-a-situacao-do-transito-de-ribeirao-preto-apos-temporal\/","url_meta":{"origin":83189,"position":4},"title":"Saiba como est\u00e1 a situa\u00e7\u00e3o do tr\u00e2nsito de Ribeir\u00e3o Preto ap\u00f3s temporal","author":"noticiasribeiraopreto.com.br","date":"7 de November de 2024","format":false,"excerpt":"Ap\u00f3s o\u00a0temporal\u00a0que atingiu\u00a0Ribeir\u00e3o Preto\u00a0no in\u00edcio desta quinta-feira (7), a\u00a0RP Mobi atualizou a situa\u00e7\u00e3o do tr\u00e2nsito e os principais pontos de alagamentos na cidade. Confira: Vias com interdi\u00e7\u00f5es e alagamentos: Avenida Eduardo Andrea Matarazzo (Via Norte)No trecho entre estrada Vicente Canuto e avenida Euclides Figueiredo, a Via Norte est\u00e1 liberada somente\u2026","rel":"","context":"In &quot;Not\u00edcias de Ribeir\u00e3o Preto-SP e Regi\u00e3o&quot;","block_context":{"text":"Not\u00edcias de Ribeir\u00e3o Preto-SP e Regi\u00e3o","link":"https:\/\/noticiasribeiraopreto.com.br\/index.php\/category\/noticias-de-ribeirao-preto-sp-e-regiao-ismael-colosi\/"},"img":{"alt_text":"","src":"https:\/\/i0.wp.com\/noticiasribeiraopreto.com.br\/wp-content\/uploads\/2024\/11\/VIA-NORTE_2024-11-07_12-31-56_jpg_2024-11-07_12-31-57.webp.webp?fit=1200%2C707&ssl=1&resize=350%2C200","width":350,"height":200,"srcset":"https:\/\/i0.wp.com\/noticiasribeiraopreto.com.br\/wp-content\/uploads\/2024\/11\/VIA-NORTE_2024-11-07_12-31-56_jpg_2024-11-07_12-31-57.webp.webp?fit=1200%2C707&ssl=1&resize=350%2C200 1x, https:\/\/i0.wp.com\/noticiasribeiraopreto.com.br\/wp-content\/uploads\/2024\/11\/VIA-NORTE_2024-11-07_12-31-56_jpg_2024-11-07_12-31-57.webp.webp?fit=1200%2C707&ssl=1&resize=525%2C300 1.5x, https:\/\/i0.wp.com\/noticiasribeiraopreto.com.br\/wp-content\/uploads\/2024\/11\/VIA-NORTE_2024-11-07_12-31-56_jpg_2024-11-07_12-31-57.webp.webp?fit=1200%2C707&ssl=1&resize=700%2C400 2x, https:\/\/i0.wp.com\/noticiasribeiraopreto.com.br\/wp-content\/uploads\/2024\/11\/VIA-NORTE_2024-11-07_12-31-56_jpg_2024-11-07_12-31-57.webp.webp?fit=1200%2C707&ssl=1&resize=1050%2C600 3x"},"classes":[]},{"id":60185,"url":"https:\/\/noticiasribeiraopreto.com.br\/index.php\/2024\/11\/07\/saiba-como-esta-a-situacao-do-transito-de-ribeirao-preto-apos-temporal-2\/","url_meta":{"origin":83189,"position":5},"title":"Saiba como est\u00e1 a situa\u00e7\u00e3o do tr\u00e2nsito de Ribeir\u00e3o Preto ap\u00f3s temporal","author":"noticiasribeiraopreto.com.br","date":"7 de November de 2024","format":false,"excerpt":"Ap\u00f3s o\u00a0temporal\u00a0que atingiu\u00a0Ribeir\u00e3o Preto\u00a0no in\u00edcio desta quinta-feira (7), a\u00a0RP Mobi atualizou a situa\u00e7\u00e3o do tr\u00e2nsito e os principais pontos de alagamentos na cidade. Confira: Vias com interdi\u00e7\u00f5es e alagamentos: Avenida Eduardo Andrea Matarazzo (Via Norte)No trecho entre estrada Vicente Canuto e avenida Euclides Figueiredo, a Via Norte est\u00e1 liberada somente\u2026","rel":"","context":"In &quot;Not\u00edcias de Ribeir\u00e3o Preto-SP e Regi\u00e3o&quot;","block_context":{"text":"Not\u00edcias de Ribeir\u00e3o Preto-SP e Regi\u00e3o","link":"https:\/\/noticiasribeiraopreto.com.br\/index.php\/category\/noticias-de-ribeirao-preto-sp-e-regiao-ismael-colosi\/"},"img":{"alt_text":"","src":"https:\/\/i0.wp.com\/noticiasribeiraopreto.com.br\/wp-content\/uploads\/2024\/11\/Copia-de-Copia-de-Copia-de-TAMANHO-EXATO-PARA-FOTOS-NO-SISTEMA-NOVO-75_2024-11-07_19-54-56_png_2024-11-07_19-54-56.webp.webp?fit=1200%2C675&ssl=1&resize=350%2C200","width":350,"height":200,"srcset":"https:\/\/i0.wp.com\/noticiasribeiraopreto.com.br\/wp-content\/uploads\/2024\/11\/Copia-de-Copia-de-Copia-de-TAMANHO-EXATO-PARA-FOTOS-NO-SISTEMA-NOVO-75_2024-11-07_19-54-56_png_2024-11-07_19-54-56.webp.webp?fit=1200%2C675&ssl=1&resize=350%2C200 1x, https:\/\/i0.wp.com\/noticiasribeiraopreto.com.br\/wp-content\/uploads\/2024\/11\/Copia-de-Copia-de-Copia-de-TAMANHO-EXATO-PARA-FOTOS-NO-SISTEMA-NOVO-75_2024-11-07_19-54-56_png_2024-11-07_19-54-56.webp.webp?fit=1200%2C675&ssl=1&resize=525%2C300 1.5x, https:\/\/i0.wp.com\/noticiasribeiraopreto.com.br\/wp-content\/uploads\/2024\/11\/Copia-de-Copia-de-Copia-de-TAMANHO-EXATO-PARA-FOTOS-NO-SISTEMA-NOVO-75_2024-11-07_19-54-56_png_2024-11-07_19-54-56.webp.webp?fit=1200%2C675&ssl=1&resize=700%2C400 2x, https:\/\/i0.wp.com\/noticiasribeiraopreto.com.br\/wp-content\/uploads\/2024\/11\/Copia-de-Copia-de-Copia-de-TAMANHO-EXATO-PARA-FOTOS-NO-SISTEMA-NOVO-75_2024-11-07_19-54-56_png_2024-11-07_19-54-56.webp.webp?fit=1200%2C675&ssl=1&resize=1050%2C600 3x"},"classes":[]}],"jetpack_sharing_enabled":true,"jetpack_shortlink":"https:\/\/wp.me\/peQAOb-lDL","_links":{"self":[{"href":"https:\/\/noticiasribeiraopreto.com.br\/index.php\/wp-json\/wp\/v2\/posts\/83189","targetHints":{"allow":["GET"]}}],"collection":[{"href":"https:\/\/noticiasribeiraopreto.com.br\/index.php\/wp-json\/wp\/v2\/posts"}],"about":[{"href":"https:\/\/noticiasribeiraopreto.com.br\/index.php\/wp-json\/wp\/v2\/types\/post"}],"author":[{"embeddable":true,"href":"https:\/\/noticiasribeiraopreto.com.br\/index.php\/wp-json\/wp\/v2\/users\/1"}],"replies":[{"embeddable":true,"href":"https:\/\/noticiasribeiraopreto.com.br\/index.php\/wp-json\/wp\/v2\/comments?post=83189"}],"version-history":[{"count":0,"href":"https:\/\/noticiasribeiraopreto.com.br\/index.php\/wp-json\/wp\/v2\/posts\/83189\/revisions"}],"wp:featuredmedia":[{"embeddable":true,"href":"https:\/\/noticiasribeiraopreto.com.br\/index.php\/wp-json\/wp\/v2\/media\/82347"}],"wp:attachment":[{"href":"https:\/\/noticiasribeiraopreto.com.br\/index.php\/wp-json\/wp\/v2\/media?parent=83189"}],"wp:term":[{"taxonomy":"category","embeddable":true,"href":"https:\/\/noticiasribeiraopreto.com.br\/index.php\/wp-json\/wp\/v2\/categories?post=83189"},{"taxonomy":"post_tag","embeddable":true,"href":"https:\/\/noticiasribeiraopreto.com.br\/index.php\/wp-json\/wp\/v2\/tags?post=83189"}],"curies":[{"name":"wp","href":"https:\/\/api.w.org\/{rel}","templated":true}]}}