{"id":83192,"date":"2026-03-12T10:35:33","date_gmt":"2026-03-12T13:35:33","guid":{"rendered":"https:\/\/noticiasribeiraopreto.com.br\/index.php\/2026\/03\/12\/dia-mundial-do-rim-cuide-dos-seus-rins-antes-que-deem-sinais-alerta-medico\/"},"modified":"2026-03-12T10:35:33","modified_gmt":"2026-03-12T13:35:33","slug":"dia-mundial-do-rim-cuide-dos-seus-rins-antes-que-deem-sinais-alerta-medico","status":"publish","type":"post","link":"https:\/\/noticiasribeiraopreto.com.br\/index.php\/2026\/03\/12\/dia-mundial-do-rim-cuide-dos-seus-rins-antes-que-deem-sinais-alerta-medico\/","title":{"rendered":"Dia Mundial do Rim: \u2018Cuide dos seus rins antes que deem sinais\u2019, alerta m\u00e9dico"},"content":{"rendered":"<div class='code-block code-block-1' style='margin: 8px 0 8px auto; text-align: right; display: block; clear: both;'>\n<p><a href=\"https:\/\/wa.link\/vpicfd\"><img data-recalc-dims=\"1\" class=\"wp-image-4922\" style=\"aspect-ratio: 2.0253164556962027; width: 561px; height: auto;\" src=\"https:\/\/i0.wp.com\/ismaelcolosi.com.br\/wp-content\/uploads\/2023\/11\/grupo-de-empregos-whatsapp-e-facebook-ismael-colosi-vagas.jpg?ssl=1\" alt=\"\" \/><\/a><\/p>\n<!-- \/wp:image -->\n<\/div>\n<p> <br \/>\n<\/p>\n<div>\n<p><strong>Celebrado nesta quinta-feira (12), o Dia Mundial do Rim chama a aten\u00e7\u00e3o para a import\u00e2ncia do diagn\u00f3stico precoce da doen\u00e7a renal cr\u00f4nica, condi\u00e7\u00e3o que afeta aproximadamente 10% da popula\u00e7\u00e3o brasileira.<\/strong> <\/p>\n<p>O <strong>m\u00e9dico nefrologista Filipe Miranda Bernardes<\/strong>, do <strong>Grupo S\u00e3o Lucas Ribeir\u00e3o Preto<\/strong>, <mark style=\"background-color:#fcb900\" class=\"has-inline-color has-black-color\">explica que a doen\u00e7a renal costuma evoluir de forma silenciosa, mas pode ter sua progress\u00e3o evitada quando identificada nas fases iniciais.<\/mark> Entre as principais causas est\u00e3o o <strong>diabetes <\/strong>e a <strong>hipertens\u00e3o arterial<\/strong>. <strong>Assista <\/strong>ao <strong>v\u00eddeo <\/strong>abaixo.<\/p>\n<p>\u201cA doen\u00e7a renal cr\u00f4nica n\u00e3o costuma causar dor ou sinais espec\u00edficos no come\u00e7o. O rim vai perdendo fun\u00e7\u00e3o lentamente e o organismo compensa por muito tempo. Quando surgem sintomas como incha\u00e7o, anemia ou press\u00e3o descontrolada, muitas vezes a fun\u00e7\u00e3o j\u00e1 est\u00e1 bastante comprometida\u201d, explica.\u00a0<\/p>\n<h2 class=\"wp-block-heading\"><strong>Exames de rotina<\/strong><\/h2>\n<p>Segundo o especialista Filipe Miranda Bernardes, exames simples e acess\u00edveis podem identificar precocemente altera\u00e7\u00f5es na fun\u00e7\u00e3o dos rins. Entre eles est\u00e3o a dosagem de creatinina no sangue, a estimativa da taxa de filtra\u00e7\u00e3o glomerular (TFG) e a pesquisa de albumina na urina.<\/p>\n<p>Quando o diagn\u00f3stico ocorre de forma tardia, podem surgir complica\u00e7\u00f5es cardiovasculares e at\u00e9 a necessidade de tratamentos mais complexos, como di\u00e1lise ou transplante renal.<\/p>\n<p>\u201cNa minha rotina como m\u00e9dico nefrologista, atendo muitos pacientes com doen\u00e7a renal cr\u00f4nica que desconheciam seu diagn\u00f3stico. Cuide dos seus rins antes que eles deem sinais de que algo n\u00e3o vai bem. Controlar a press\u00e3o e a diabetes, e realizar exames simples de rotina podem fazer toda a diferen\u00e7a para preservar os seus rins\u201d, destaca.<\/p>\n<h3 class=\"wp-block-heading\"><strong>Dia Mundial do Rim 2026<\/strong><\/h3>\n<p>Com o tema\u00a0\u201cCuidar de pessoas e proteger o planeta\u201d, a campanha do Dia Mundial do Rim em 2026\u00a0quer destacar a rela\u00e7\u00e3o entre sa\u00fade renal e o meio ambiente. <\/p>\n<p>A a\u00e7\u00e3o quer mostrar o impacto dos fatores ambientais sobre o risco de doen\u00e7a renal e pr\u00e1ticas sustent\u00e1veis nos cuidados. <\/p>\n<blockquote class=\"instagram-media\" data-instgrm-permalink=\"https:\/\/www.instagram.com\/reel\/DVyJpPcxZnO\/?utm_source=ig_embed&amp;utm_campaign=loading\" data-instgrm-version=\"14\" style=\" background:#FFF; border:0; border-radius:3px; box-shadow:0 0 1px 0 rgba(0,0,0,0.5),0 1px 10px 0 rgba(0,0,0,0.15); margin: 1px; max-width:540px; min-width:326px; padding:0; width:99.375%; width:-webkit-calc(100% - 2px); width:calc(100% - 2px);\"\/>\n<p>SAIBA MAIS<\/p>\n<p>Encontro em Ribeir\u00e3o Preto aborda o papel do parceiro na gesta\u00e7\u00e3o; Veja como participar<\/p>\n<h4 class=\"wp-block-heading\"><strong>FIQUE ON<\/strong><\/h4>\n<p>Fique ligado em tudo que acontece em Ribeir\u00e3o Preto e regi\u00e3o. Siga os perfis do<strong>\u00a0acidade on\u00a0<\/strong>no<a href=\"https:\/\/www.instagram.com\/acidadeonribeirao\" target=\"_blank\" rel=\"noreferrer noopener\">\u00a0Instagram<\/a>\u00a0e no<a href=\"https:\/\/www.facebook.com\/acidadeonribeirao\/\" target=\"_blank\" rel=\"noreferrer noopener\">\u00a0Facebook<\/a>.<\/p>\n<p>Receba not\u00edcias do<strong>\u00a0acidade on\u00a0<\/strong>no WhatsApp. Para entrar no grupo,\u00a0basta<a href=\"https:\/\/chat.whatsapp.com\/GFH9HUMUTHNFJdnyEd0xxq\" target=\"_blank\" rel=\"noreferrer noopener\">\u00a0clicar aqui<\/a>. Ou, acesse o nosso\u00a0Canal\u00a0<a href=\"https:\/\/whatsapp.com\/channel\/0029Vb6IQl1JENyAeS57fk2p\" target=\"_blank\" rel=\"noreferrer noopener\">clicando aqui<\/a>.<\/p>\n<p>Fa\u00e7a uma den\u00fancia ou sugira uma reportagem sobre Ribeir\u00e3o Preto e regi\u00e3o pelo WhatsApp: 16 99117 7802.<\/p>\n<p>VEJA TAMB\u00c9M<\/p>\n<p>Lentilha: 3 receitas surpreendentes para o lanche da tarde<\/p>\n<p><!-- AI CONTENT END 1 -->\n<\/div>\n<p><script async src=\"\/\/www.instagram.com\/embed.js\"><\/script><br \/>\n<br \/><br \/>\n<br \/><a href=\"https:\/\/www.acidadeon.com\/ribeiraopreto\/cotidiano\/dia-mundial-do-rim-cuide-dos-seus-rins-antes-que-deem-sinais-alerta-medico\/\">Source link <\/a><\/p>\n<!-- CONTENT END 1 -->\n","protected":false},"excerpt":{"rendered":"<p>Celebrado nesta quinta-feira (12), o Dia Mundial do Rim chama a aten\u00e7\u00e3o para a import\u00e2ncia do diagn\u00f3stico precoce da doen\u00e7a renal cr\u00f4nica, condi\u00e7\u00e3o que afeta&#8230;<\/p>\n","protected":false},"author":1,"featured_media":83193,"comment_status":"open","ping_status":"open","sticky":false,"template":"","format":"standard","meta":{"advanced_seo_description":"","jetpack_seo_html_title":"","jetpack_seo_noindex":false,"jetpack_post_was_ever_published":false,"_jetpack_newsletter_access":"","_jetpack_dont_email_post_to_subs":false,"_jetpack_newsletter_tier_id":0,"_jetpack_memberships_contains_paywalled_content":false,"_jetpack_memberships_contains_paid_content":false,"footnotes":"","jetpack_publicize_message":"","jetpack_publicize_feature_enabled":true,"jetpack_social_post_already_shared":true,"jetpack_social_options":{"image_generator_settings":{"template":"highway","default_image_id":0,"font":"","enabled":false},"version":2}},"categories":[11],"tags":[],"class_list":["post-83192","post","type-post","status-publish","format-standard","has-post-thumbnail","hentry","category-noticias-de-ribeirao-preto-sp-e-regiao-ismael-colosi"],"jetpack_publicize_connections":[],"jetpack_featured_media_url":"https:\/\/i0.wp.com\/noticiasribeiraopreto.com.br\/wp-content\/uploads\/2026\/03\/WhatsApp-Image-2026-03-11-at-14.19.48_2026-03-11_17-20-37.webp.webp?fit=1200%2C675&ssl=1","jetpack-related-posts":[{"id":42817,"url":"https:\/\/noticiasribeiraopreto.com.br\/index.php\/2024\/03\/17\/doacao-de-orgaos-ato-de-amor-salvou-a-vida-do-irmao\/","url_meta":{"origin":83192,"position":0},"title":"Doa\u00e7\u00e3o de \u00f3rg\u00e3os: ato de amor salvou a vida do irm\u00e3o\u00a0","author":"noticiasribeiraopreto.com.br","date":"17 de March de 2024","format":false,"excerpt":"Em uma noite, o guarda civil metropolitano, M\u00e1rio Luchetti, de 43 anos, teve um sonho diferente. Sonhou que estava em uma cama de hospital e ao acordar viu o irm\u00e3o ao lado. Perguntou a uma pessoa que n\u00e3o conseguiu identificar e recebeu a informa\u00e7\u00e3o que havia doado um rim ao\u2026","rel":"","context":"In &quot;Not\u00edcias de Ribeir\u00e3o Preto-SP e Regi\u00e3o&quot;","block_context":{"text":"Not\u00edcias de Ribeir\u00e3o Preto-SP e Regi\u00e3o","link":"https:\/\/noticiasribeiraopreto.com.br\/index.php\/category\/noticias-de-ribeirao-preto-sp-e-regiao-ismael-colosi\/"},"img":{"alt_text":"","src":"https:\/\/i0.wp.com\/noticiasribeiraopreto.com.br\/wp-content\/uploads\/2024\/03\/foto-2.jpeg?fit=591%2C637&ssl=1&resize=350%2C200","width":350,"height":200,"srcset":"https:\/\/i0.wp.com\/noticiasribeiraopreto.com.br\/wp-content\/uploads\/2024\/03\/foto-2.jpeg?fit=591%2C637&ssl=1&resize=350%2C200 1x, https:\/\/i0.wp.com\/noticiasribeiraopreto.com.br\/wp-content\/uploads\/2024\/03\/foto-2.jpeg?fit=591%2C637&ssl=1&resize=525%2C300 1.5x"},"classes":[]},{"id":74282,"url":"https:\/\/noticiasribeiraopreto.com.br\/index.php\/2025\/07\/19\/doenca-de-trump-chama-atencao-para-problema-comum-especialista-explica\/","url_meta":{"origin":83192,"position":1},"title":"Doen\u00e7a de Trump chama aten\u00e7\u00e3o para problema comum: especialista explica","author":"noticiasribeiraopreto.com.br","date":"19 de July de 2025","format":false,"excerpt":"A informa\u00e7\u00e3o de que o ex-presidente dos Estados Unidos, Donald Trump, enfrenta um quadro de insufici\u00eancia venosa cr\u00f4nica reacendeu a aten\u00e7\u00e3o para uma doen\u00e7a comum, mas que muitas vezes passa despercebida. A condi\u00e7\u00e3o afeta milh\u00f5es de pessoas no mundo e pode limitar a qualidade de vida se n\u00e3o for tratada\u2026","rel":"","context":"In &quot;Not\u00edcias de Ribeir\u00e3o Preto-SP e Regi\u00e3o&quot;","block_context":{"text":"Not\u00edcias de Ribeir\u00e3o Preto-SP e Regi\u00e3o","link":"https:\/\/noticiasribeiraopreto.com.br\/index.php\/category\/noticias-de-ribeirao-preto-sp-e-regiao-ismael-colosi\/"},"img":{"alt_text":"","src":"https:\/\/i0.wp.com\/noticiasribeiraopreto.com.br\/wp-content\/uploads\/2025\/07\/Copia-de-Copia-de-Copia-de-TAMANHO-EXATO-PARA-FOTOS-NO-SISTEMA-NOVO-2025-07-18T194849.427_2025-07-18_22-48-58.webp.webp?fit=1200%2C675&ssl=1&resize=350%2C200","width":350,"height":200,"srcset":"https:\/\/i0.wp.com\/noticiasribeiraopreto.com.br\/wp-content\/uploads\/2025\/07\/Copia-de-Copia-de-Copia-de-TAMANHO-EXATO-PARA-FOTOS-NO-SISTEMA-NOVO-2025-07-18T194849.427_2025-07-18_22-48-58.webp.webp?fit=1200%2C675&ssl=1&resize=350%2C200 1x, https:\/\/i0.wp.com\/noticiasribeiraopreto.com.br\/wp-content\/uploads\/2025\/07\/Copia-de-Copia-de-Copia-de-TAMANHO-EXATO-PARA-FOTOS-NO-SISTEMA-NOVO-2025-07-18T194849.427_2025-07-18_22-48-58.webp.webp?fit=1200%2C675&ssl=1&resize=525%2C300 1.5x, https:\/\/i0.wp.com\/noticiasribeiraopreto.com.br\/wp-content\/uploads\/2025\/07\/Copia-de-Copia-de-Copia-de-TAMANHO-EXATO-PARA-FOTOS-NO-SISTEMA-NOVO-2025-07-18T194849.427_2025-07-18_22-48-58.webp.webp?fit=1200%2C675&ssl=1&resize=700%2C400 2x, https:\/\/i0.wp.com\/noticiasribeiraopreto.com.br\/wp-content\/uploads\/2025\/07\/Copia-de-Copia-de-Copia-de-TAMANHO-EXATO-PARA-FOTOS-NO-SISTEMA-NOVO-2025-07-18T194849.427_2025-07-18_22-48-58.webp.webp?fit=1200%2C675&ssl=1&resize=1050%2C600 3x"},"classes":[]},{"id":71670,"url":"https:\/\/noticiasribeiraopreto.com.br\/index.php\/2025\/06\/08\/jornal-da-franca-veja-os-sinais-silenciosos-dados-pelos-cachorros-quando-estao-ficando-doentes\/","url_meta":{"origin":83192,"position":2},"title":"Jornal da Franca &#8211; Veja os sinais silenciosos dados pelos cachorros quando est\u00e3o ficando doentes","author":"noticiasribeiraopreto.com.br","date":"8 de June de 2025","format":false,"excerpt":"compartilhar no whatsapp compartilhar no telegram compartilhar no facebook compartilhar no linkedin Especialista explica os sinais sutis que podem indicar doen\u00e7as em cachorros para voc\u00ea ficar de olho e cuidar bem do seu Sintomas como tosse leve, perda de apetite espor\u00e1dica e sonol\u00eancia fora do habitual podem passar despercebidos em\u2026","rel":"","context":"In &quot;Not\u00edcias de Franca-SP&quot;","block_context":{"text":"Not\u00edcias de Franca-SP","link":"https:\/\/noticiasribeiraopreto.com.br\/index.php\/category\/noticias-de-ribeirao-preto-sp-e-regiao-ismael-colosi\/noticias-franca-sp\/"},"img":{"alt_text":"","src":"https:\/\/i0.wp.com\/noticiasribeiraopreto.com.br\/wp-content\/uploads\/2025\/06\/freepik__the-style-is-candid-image-photography-with-natural__46519.jpeg?fit=1200%2C686&ssl=1&resize=350%2C200","width":350,"height":200,"srcset":"https:\/\/i0.wp.com\/noticiasribeiraopreto.com.br\/wp-content\/uploads\/2025\/06\/freepik__the-style-is-candid-image-photography-with-natural__46519.jpeg?fit=1200%2C686&ssl=1&resize=350%2C200 1x, https:\/\/i0.wp.com\/noticiasribeiraopreto.com.br\/wp-content\/uploads\/2025\/06\/freepik__the-style-is-candid-image-photography-with-natural__46519.jpeg?fit=1200%2C686&ssl=1&resize=525%2C300 1.5x, https:\/\/i0.wp.com\/noticiasribeiraopreto.com.br\/wp-content\/uploads\/2025\/06\/freepik__the-style-is-candid-image-photography-with-natural__46519.jpeg?fit=1200%2C686&ssl=1&resize=700%2C400 2x, https:\/\/i0.wp.com\/noticiasribeiraopreto.com.br\/wp-content\/uploads\/2025\/06\/freepik__the-style-is-candid-image-photography-with-natural__46519.jpeg?fit=1200%2C686&ssl=1&resize=1050%2C600 3x"},"classes":[]},{"id":13269,"url":"https:\/\/noticiasribeiraopreto.com.br\/index.php\/2023\/12\/09\/corpo-da-sinal-que-indica-danos-nos-rins\/","url_meta":{"origin":83192,"position":3},"title":"corpo d\u00e1 sinal que indica danos nos rins","author":"noticiasribeiraopreto.com.br","date":"9 de December de 2023","format":false,"excerpt":"Cr\u00e9ditos: Getty ImagesUma das poss\u00edveis complica\u00e7\u00f5es do diabetes tipo 1 e tipo 2, a protein\u00faria \u00e9 considerada um dos primeiros sinais de deteriora\u00e7\u00e3o da fun\u00e7\u00e3o renal \u2013 iStock\/Getty Images Considerada um dos primeiros sinais de deteriora\u00e7\u00e3o da fun\u00e7\u00e3o renal, a protein\u00faria \u00e9 uma presen\u00e7a anormal de prote\u00ednas na urina, geralmente\u2026","rel":"","context":"In &quot;Variedades&quot;","block_context":{"text":"Variedades","link":"https:\/\/noticiasribeiraopreto.com.br\/index.php\/category\/variedades\/"},"img":{"alt_text":"","src":"https:\/\/i0.wp.com\/noticiasribeiraopreto.com.br\/wp-content\/uploads\/2023\/12\/istock-1219516944.jpg?fit=1200%2C638&ssl=1&resize=350%2C200","width":350,"height":200,"srcset":"https:\/\/i0.wp.com\/noticiasribeiraopreto.com.br\/wp-content\/uploads\/2023\/12\/istock-1219516944.jpg?fit=1200%2C638&ssl=1&resize=350%2C200 1x, https:\/\/i0.wp.com\/noticiasribeiraopreto.com.br\/wp-content\/uploads\/2023\/12\/istock-1219516944.jpg?fit=1200%2C638&ssl=1&resize=525%2C300 1.5x, https:\/\/i0.wp.com\/noticiasribeiraopreto.com.br\/wp-content\/uploads\/2023\/12\/istock-1219516944.jpg?fit=1200%2C638&ssl=1&resize=700%2C400 2x, https:\/\/i0.wp.com\/noticiasribeiraopreto.com.br\/wp-content\/uploads\/2023\/12\/istock-1219516944.jpg?fit=1200%2C638&ssl=1&resize=1050%2C600 3x"},"classes":[]},{"id":46345,"url":"https:\/\/noticiasribeiraopreto.com.br\/index.php\/2024\/04\/11\/ribeirao-preto-realiza-campanha-de-vacinacao-no-final-de-semana-veja-quem-pode-participar\/","url_meta":{"origin":83192,"position":4},"title":"Ribeir\u00e3o Preto realiza campanha de vacina\u00e7\u00e3o no final de semana; Veja quem pode participar","author":"noticiasribeiraopreto.com.br","date":"11 de April de 2024","format":false,"excerpt":"A Secretaria Municipal da Sa\u00fade promove neste s\u00e1bado (13), o Dia \u201cD\u201d de vacina\u00e7\u00e3o contra Gripe Influenza em Ribeir\u00e3o Preto, das 8h \u00e0s 16h30. A meta \u00e9 vacinar 90% das pessoas de cada grupo priorit\u00e1rio. A imuniza\u00e7\u00e3o acontece nas 36 salas de vacina que funcionam em unidades de sa\u00fade diversas\u2026","rel":"","context":"In &quot;Not\u00edcias de Ribeir\u00e3o Preto-SP e Regi\u00e3o&quot;","block_context":{"text":"Not\u00edcias de Ribeir\u00e3o Preto-SP e Regi\u00e3o","link":"https:\/\/noticiasribeiraopreto.com.br\/index.php\/category\/noticias-de-ribeirao-preto-sp-e-regiao-ismael-colosi\/"},"img":{"alt_text":"","src":"https:\/\/i0.wp.com\/noticiasribeiraopreto.com.br\/wp-content\/uploads\/2024\/04\/AnyConv.com__2021_07_15_vacinacao_otoniel_motta_-_foto_guilherme_sircili_99.webp.webp?fit=1200%2C800&ssl=1&resize=350%2C200","width":350,"height":200,"srcset":"https:\/\/i0.wp.com\/noticiasribeiraopreto.com.br\/wp-content\/uploads\/2024\/04\/AnyConv.com__2021_07_15_vacinacao_otoniel_motta_-_foto_guilherme_sircili_99.webp.webp?fit=1200%2C800&ssl=1&resize=350%2C200 1x, https:\/\/i0.wp.com\/noticiasribeiraopreto.com.br\/wp-content\/uploads\/2024\/04\/AnyConv.com__2021_07_15_vacinacao_otoniel_motta_-_foto_guilherme_sircili_99.webp.webp?fit=1200%2C800&ssl=1&resize=525%2C300 1.5x, https:\/\/i0.wp.com\/noticiasribeiraopreto.com.br\/wp-content\/uploads\/2024\/04\/AnyConv.com__2021_07_15_vacinacao_otoniel_motta_-_foto_guilherme_sircili_99.webp.webp?fit=1200%2C800&ssl=1&resize=700%2C400 2x, https:\/\/i0.wp.com\/noticiasribeiraopreto.com.br\/wp-content\/uploads\/2024\/04\/AnyConv.com__2021_07_15_vacinacao_otoniel_motta_-_foto_guilherme_sircili_99.webp.webp?fit=1200%2C800&ssl=1&resize=1050%2C600 3x"},"classes":[]},{"id":39990,"url":"https:\/\/noticiasribeiraopreto.com.br\/index.php\/2024\/02\/29\/faustao-fala-sobre-transplante-de-rim\/","url_meta":{"origin":83192,"position":5},"title":"Faust\u00e3o fala sobre transplante de rim \u00a0","author":"noticiasribeiraopreto.com.br","date":"29 de February de 2024","format":false,"excerpt":"O apresentador Fausto Silva, conhecido como Faust\u00e3o, de 73 anos, falou pela primeira vez sobre o transplante de rim ao qual foi submetido na segunda-feira, 26 de fevereiro. Em declara\u00e7\u00e3o ao colunista Lauro Jardim, do jornal O Globo, disse que \u201cpara quem fez um transplante do cora\u00e7\u00e3o, o de rim\u2026","rel":"","context":"In &quot;Not\u00edcias de Ribeir\u00e3o Preto-SP e Regi\u00e3o&quot;","block_context":{"text":"Not\u00edcias de Ribeir\u00e3o Preto-SP e Regi\u00e3o","link":"https:\/\/noticiasribeiraopreto.com.br\/index.php\/category\/noticias-de-ribeirao-preto-sp-e-regiao-ismael-colosi\/"},"img":{"alt_text":"","src":"https:\/\/i0.wp.com\/noticiasribeiraopreto.com.br\/wp-content\/uploads\/2024\/02\/Faustao-Instagram-Fausto-Silva-scaled.jpg?fit=1000%2C598&ssl=1&resize=350%2C200","width":350,"height":200,"srcset":"https:\/\/i0.wp.com\/noticiasribeiraopreto.com.br\/wp-content\/uploads\/2024\/02\/Faustao-Instagram-Fausto-Silva-scaled.jpg?fit=1000%2C598&ssl=1&resize=350%2C200 1x, https:\/\/i0.wp.com\/noticiasribeiraopreto.com.br\/wp-content\/uploads\/2024\/02\/Faustao-Instagram-Fausto-Silva-scaled.jpg?fit=1000%2C598&ssl=1&resize=525%2C300 1.5x, https:\/\/i0.wp.com\/noticiasribeiraopreto.com.br\/wp-content\/uploads\/2024\/02\/Faustao-Instagram-Fausto-Silva-scaled.jpg?fit=1000%2C598&ssl=1&resize=700%2C400 2x"},"classes":[]}],"jetpack_sharing_enabled":true,"jetpack_shortlink":"https:\/\/wp.me\/peQAOb-lDO","_links":{"self":[{"href":"https:\/\/noticiasribeiraopreto.com.br\/index.php\/wp-json\/wp\/v2\/posts\/83192","targetHints":{"allow":["GET"]}}],"collection":[{"href":"https:\/\/noticiasribeiraopreto.com.br\/index.php\/wp-json\/wp\/v2\/posts"}],"about":[{"href":"https:\/\/noticiasribeiraopreto.com.br\/index.php\/wp-json\/wp\/v2\/types\/post"}],"author":[{"embeddable":true,"href":"https:\/\/noticiasribeiraopreto.com.br\/index.php\/wp-json\/wp\/v2\/users\/1"}],"replies":[{"embeddable":true,"href":"https:\/\/noticiasribeiraopreto.com.br\/index.php\/wp-json\/wp\/v2\/comments?post=83192"}],"version-history":[{"count":0,"href":"https:\/\/noticiasribeiraopreto.com.br\/index.php\/wp-json\/wp\/v2\/posts\/83192\/revisions"}],"wp:featuredmedia":[{"embeddable":true,"href":"https:\/\/noticiasribeiraopreto.com.br\/index.php\/wp-json\/wp\/v2\/media\/83193"}],"wp:attachment":[{"href":"https:\/\/noticiasribeiraopreto.com.br\/index.php\/wp-json\/wp\/v2\/media?parent=83192"}],"wp:term":[{"taxonomy":"category","embeddable":true,"href":"https:\/\/noticiasribeiraopreto.com.br\/index.php\/wp-json\/wp\/v2\/categories?post=83192"},{"taxonomy":"post_tag","embeddable":true,"href":"https:\/\/noticiasribeiraopreto.com.br\/index.php\/wp-json\/wp\/v2\/tags?post=83192"}],"curies":[{"name":"wp","href":"https:\/\/api.w.org\/{rel}","templated":true}]}}