{"id":83196,"date":"2026-03-12T10:49:40","date_gmt":"2026-03-12T13:49:40","guid":{"rendered":"https:\/\/noticiasribeiraopreto.com.br\/index.php\/2026\/03\/12\/video-caminhoes-derrubam-semaforo-e-arrancam-fios-no-centro\/"},"modified":"2026-03-12T10:49:40","modified_gmt":"2026-03-12T13:49:40","slug":"video-caminhoes-derrubam-semaforo-e-arrancam-fios-no-centro","status":"publish","type":"post","link":"https:\/\/noticiasribeiraopreto.com.br\/index.php\/2026\/03\/12\/video-caminhoes-derrubam-semaforo-e-arrancam-fios-no-centro\/","title":{"rendered":"V\u00cdDEO &#8211; Caminh\u00f5es derrubam sem\u00e1foro e arrancam fios no Centro"},"content":{"rendered":"<div class='code-block code-block-1' style='margin: 8px 0 8px auto; text-align: right; display: block; clear: both;'>\n<p><a href=\"https:\/\/wa.link\/vpicfd\"><img data-recalc-dims=\"1\" class=\"wp-image-4922\" style=\"aspect-ratio: 2.0253164556962027; width: 561px; height: auto;\" src=\"https:\/\/i0.wp.com\/ismaelcolosi.com.br\/wp-content\/uploads\/2023\/11\/grupo-de-empregos-whatsapp-e-facebook-ismael-colosi-vagas.jpg?ssl=1\" alt=\"\" \/><\/a><\/p>\n<!-- \/wp:image -->\n<\/div>\n<p> <br \/>\n<\/p>\n<div id=\"post-457170\">&#13;<br \/>\n&#13;<\/p>\n<header class=\"entry-header penci-entry-header penci-title-center\">&#13;<\/p>\n<h2 class=\"penci-post-subtitle\">Um dos caminh\u00f5es derrubou poste com sem\u00e1foro quando manobrava para entrar em posto de combust\u00edveis<\/h2>\n<p>&#13;<\/p>\n<p>&#13;<br \/>\n\t\t\t\t\t\t\t\t\t<span class=\"entry-meta-item penci-posted-on\"><i class=\"fa fa-clock-o\"\/><time class=\"entry-date published\" datetime=\"2026-03-12T10:46:06-03:00\">12 de mar\u00e7o de 2026 10:46<\/time><time class=\"updated\" datetime=\"2026-03-12T10:46:44-03:00\">12 de mar\u00e7o de 2026 10:46<\/time><\/span><span class=\"entry-meta-item penci-post-countview\"\/>\t\t\t\t\t\t\t\t<\/p>\n<p><!-- .entry-meta -->&#13;<br \/>\n\t\t\t\t\t\t\t\t<span class=\"penci-social-buttons penci-social-share-footer\"><span class=\"penci-social-share-text\">Compartilhar<\/span><a href=\"#\" class=\"penci-post-like penci_post-meta_item  single-like-button penci-social-item like\" data-post_id=\"457170\" title=\"Like\" data-like=\"Like\" data-unlike=\"Unlike\"><i class=\"fa fa-thumbs-o-up\"\/><span class=\"penci-share-number\">2<\/span><\/a><i class=\"fa fa-facebook\"\/><a class=\"penci-social-item twitter\" target=\"_blank\" rel=\"noopener\" title=\"\" href=\"https:\/\/twitter.com\/intent\/tweet?text=V\u00cdDEO%20-%20Caminh\u00f5es%20derrubam%20sem\u00e1foro%20e%20arrancam%20fios%20no%20Centro%20-%20https:\/\/www.tribunaribeirao.com.br\/video-caminhoes-derrubam-semaforo-e-arrancam-fios-no-centro\/\"><i class=\"fa fa-twitter\"\/><\/a><i class=\"fa fa-linkedin\"\/><i class=\"fa fa-whatsapp\"\/><i class=\"fa fa-telegram\"\/><i class=\"fa fa-envelope\"\/><\/span>\t\t\t\t\t\t\t<\/header>\n<p><!-- .entry-header -->&#13;<\/p>\n<div class=\"entry-media penci-entry-media\">\n<p><iframe loading=\"lazy\" title=\"Caminh\u00f5es cruzamento\" width=\"500\" height=\"281\" src=\"https:\/\/www.youtube.com\/embed\/VESGmcX2aDw?feature=oembed\" frameborder=\"0\" allow=\"accelerometer; autoplay; clipboard-write; encrypted-media; gyroscope; picture-in-picture; web-share\" referrerpolicy=\"strict-origin-when-cross-origin\" allowfullscreen><\/iframe><\/p>\n<\/p><\/div>\n<div class=\"penci-entry-content entry-content\">\n<p>Por: Alfredo Risk e Adalberto Luque \u2013<\/p>\n<p>Uma carreta derrubou um poste com sem\u00e1foro e um caminh\u00e3o arrancou parte da fia\u00e7\u00e3o em um cruzamento, na manh\u00e3 desta quinta-feira (12). O acidente ocorreu no cruzamento das ruas Saldanha Marinho e Rui Barbosa, Centro de Ribeir\u00e3o Preto.<\/p>\n<figure id=\"attachment_457172\" aria-describedby=\"caption-attachment-457172\" style=\"width: 1170px\" class=\"wp-caption alignnone\"><img data-recalc-dims=\"1\" loading=\"lazy\" decoding=\"async\" class=\"size-full wp-image-457172 lazyload\" src=\"https:\/\/i0.wp.com\/www.tribunaribeirao.com.br\/wp-content\/uploads\/2026\/03\/12-mar-2026-cruzamentoacidentes1-scaled.jpg?resize=1170%2C780&#038;ssl=1\" alt=\"\" width=\"1170\" height=\"780\" srcset=\"https:\/\/www.tribunaribeirao.com.br\/wp-content\/uploads\/2026\/03\/12-mar-2026-cruzamentoacidentes1-scaled.jpg 1170w, https:\/\/www.tribunaribeirao.com.br\/wp-content\/uploads\/2026\/03\/12-mar-2026-cruzamentoacidentes1-300x200.jpg 300w, https:\/\/www.tribunaribeirao.com.br\/wp-content\/uploads\/2026\/03\/12-mar-2026-cruzamentoacidentes1-1024x683.jpg 1024w, https:\/\/www.tribunaribeirao.com.br\/wp-content\/uploads\/2026\/03\/12-mar-2026-cruzamentoacidentes1-768x512.jpg 768w, https:\/\/www.tribunaribeirao.com.br\/wp-content\/uploads\/2026\/03\/12-mar-2026-cruzamentoacidentes1-1536x1024.jpg 1536w, https:\/\/www.tribunaribeirao.com.br\/wp-content\/uploads\/2026\/03\/12-mar-2026-cruzamentoacidentes1-480x320.jpg 480w, https:\/\/www.tribunaribeirao.com.br\/wp-content\/uploads\/2026\/03\/12-mar-2026-cruzamentoacidentes1-280x186.jpg 280w, https:\/\/www.tribunaribeirao.com.br\/wp-content\/uploads\/2026\/03\/12-mar-2026-cruzamentoacidentes1-960x640.jpg 960w, https:\/\/www.tribunaribeirao.com.br\/wp-content\/uploads\/2026\/03\/12-mar-2026-cruzamentoacidentes1-600x400.jpg 600w, https:\/\/www.tribunaribeirao.com.br\/wp-content\/uploads\/2026\/03\/12-mar-2026-cruzamentoacidentes1-585x390.jpg 585w\" data-sizes=\"(max-width: 1170px) 100vw, 1170px\" style=\"--smush-placeholder-width: 1170px; --smush-placeholder-aspect-ratio: 1170\/780;\"\/><figcaption id=\"caption-attachment-457172\" class=\"wp-caption-text\">Carreta carregada com combust\u00edvel derrubou poste com sem\u00e1foro ao manobrar para entrar em posto de abastecimento (Foto: Alfredo Risk)<\/figcaption><\/figure>\n<p>Uma carrega carregada com combust\u00edveis vinha pela rua Saldanha Marinho e manobrou para entrar no posto de combust\u00edveis da esquina. Ao manobrar, a carreta arrancou o poste met\u00e1lico que dava sustenta\u00e7\u00e3o a um sem\u00e1foro, que tamb\u00e9m caiu.<\/p>\n<p>Com a queda, os fios ficaram pendurados. Um caminh\u00e3o, que descia a rua Rui Barbosa n\u00e3o percebeu e arrancou parte da fia\u00e7\u00e3o.<\/p>\n<figure id=\"attachment_457173\" aria-describedby=\"caption-attachment-457173\" style=\"width: 1170px\" class=\"wp-caption alignnone\"><img data-recalc-dims=\"1\" loading=\"lazy\" decoding=\"async\" class=\"size-full wp-image-457173 lazyload\" src=\"https:\/\/i0.wp.com\/www.tribunaribeirao.com.br\/wp-content\/uploads\/2026\/03\/12-mar-2026-cruzamentoacidentes2-scaled.jpg?resize=1170%2C780&#038;ssl=1\" alt=\"\" width=\"1170\" height=\"780\" srcset=\"https:\/\/www.tribunaribeirao.com.br\/wp-content\/uploads\/2026\/03\/12-mar-2026-cruzamentoacidentes2-scaled.jpg 1170w, https:\/\/www.tribunaribeirao.com.br\/wp-content\/uploads\/2026\/03\/12-mar-2026-cruzamentoacidentes2-300x200.jpg 300w, https:\/\/www.tribunaribeirao.com.br\/wp-content\/uploads\/2026\/03\/12-mar-2026-cruzamentoacidentes2-1024x683.jpg 1024w, https:\/\/www.tribunaribeirao.com.br\/wp-content\/uploads\/2026\/03\/12-mar-2026-cruzamentoacidentes2-768x512.jpg 768w, https:\/\/www.tribunaribeirao.com.br\/wp-content\/uploads\/2026\/03\/12-mar-2026-cruzamentoacidentes2-1536x1024.jpg 1536w, https:\/\/www.tribunaribeirao.com.br\/wp-content\/uploads\/2026\/03\/12-mar-2026-cruzamentoacidentes2-480x320.jpg 480w, https:\/\/www.tribunaribeirao.com.br\/wp-content\/uploads\/2026\/03\/12-mar-2026-cruzamentoacidentes2-280x186.jpg 280w, https:\/\/www.tribunaribeirao.com.br\/wp-content\/uploads\/2026\/03\/12-mar-2026-cruzamentoacidentes2-960x640.jpg 960w, https:\/\/www.tribunaribeirao.com.br\/wp-content\/uploads\/2026\/03\/12-mar-2026-cruzamentoacidentes2-600x400.jpg 600w, https:\/\/www.tribunaribeirao.com.br\/wp-content\/uploads\/2026\/03\/12-mar-2026-cruzamentoacidentes2-585x390.jpg 585w\" data-sizes=\"(max-width: 1170px) 100vw, 1170px\" style=\"--smush-placeholder-width: 1170px; --smush-placeholder-aspect-ratio: 1170\/780;\"\/><figcaption id=\"caption-attachment-457173\" class=\"wp-caption-text\">Caminh\u00e3o que seguia para a avenida Caramuru n\u00e3o viu fia\u00e7\u00e3o pendurada e arrancou os fios do cruzamento (Foto: Alfredo Risk)<\/figcaption><\/figure>\n<p>Agentes da RP Mobi chegaram rapidamente at\u00e9 o local e sinalizaram o cruzamento, orientando o tr\u00e2nsito. A equipe de manuten\u00e7\u00e3o semaf\u00f3rica da empresa de tr\u00e2nsito e uma equipe da CPFL Paulista foram at\u00e9 o local para restabelecer o sem\u00e1foro e a fia\u00e7\u00e3o.<\/p>\n<p>Ainda no per\u00edodo da manh\u00e3 tudo foi normalizado. Ningu\u00e9m ficou ferido no incidente. Contudo, as responsabilidades ser\u00e3o apuradas pela Pol\u00edcia Civil.<\/p>\n<\/div>\n<p><!-- .entry-content -->&#13;<br \/>\n&#13;<\/p>\n<footer class=\"penci-entry-footer\">&#13;<br \/>\n\t\t\t\t\t\t\t\t<span class=\"penci-social-buttons penci-social-share-footer\"><span class=\"penci-social-share-text\">Compartilhar<\/span><a href=\"#\" class=\"penci-post-like penci_post-meta_item  single-like-button penci-social-item like\" data-post_id=\"457170\" title=\"Like\" data-like=\"Like\" data-unlike=\"Unlike\"><i class=\"fa fa-thumbs-o-up\"\/><span class=\"penci-share-number\">2<\/span><\/a><i class=\"fa fa-facebook\"\/><a class=\"penci-social-item twitter\" target=\"_blank\" rel=\"noopener\" title=\"\" href=\"https:\/\/twitter.com\/intent\/tweet?text=V\u00cdDEO%20-%20Caminh\u00f5es%20derrubam%20sem\u00e1foro%20e%20arrancam%20fios%20no%20Centro%20-%20https:\/\/www.tribunaribeirao.com.br\/video-caminhoes-derrubam-semaforo-e-arrancam-fios-no-centro\/\"><i class=\"fa fa-twitter\"\/><\/a><i class=\"fa fa-linkedin\"\/><i class=\"fa fa-whatsapp\"\/><i class=\"fa fa-telegram\"\/><i class=\"fa fa-envelope\"\/><\/span>\t\t\t\t\t\t\t<\/footer>\n<p><!-- .entry-footer -->&#13;\n\t\t\t\t\t\t<\/div>\n<p><script async src=\"\/\/platform.twitter.com\/widgets.js\" charset=\"utf-8\"><\/script><br \/>\n<br \/><br \/>\n<br \/><a href=\"https:\/\/www.tribunaribeirao.com.br\/video-caminhoes-derrubam-semaforo-e-arrancam-fios-no-centro\/\">Source link <\/a><\/p>\n<!-- CONTENT END 1 -->\n","protected":false},"excerpt":{"rendered":"<p>&#13; &#13; &#13; Um dos caminh\u00f5es derrubou poste com sem\u00e1foro quando manobrava para entrar em posto de combust\u00edveis &#13; &#13; 12 de mar\u00e7o de 2026&#8230;<\/p>\n","protected":false},"author":1,"featured_media":83198,"comment_status":"open","ping_status":"open","sticky":false,"template":"","format":"standard","meta":{"advanced_seo_description":"","jetpack_seo_html_title":"","jetpack_seo_noindex":false,"jetpack_post_was_ever_published":false,"_jetpack_newsletter_access":"","_jetpack_dont_email_post_to_subs":false,"_jetpack_newsletter_tier_id":0,"_jetpack_memberships_contains_paywalled_content":false,"_jetpack_memberships_contains_paid_content":false,"footnotes":"","jetpack_publicize_message":"","jetpack_publicize_feature_enabled":true,"jetpack_social_post_already_shared":true,"jetpack_social_options":{"image_generator_settings":{"template":"highway","default_image_id":0,"font":"","enabled":false},"version":2}},"categories":[11],"tags":[],"class_list":["post-83196","post","type-post","status-publish","format-standard","has-post-thumbnail","hentry","category-noticias-de-ribeirao-preto-sp-e-regiao-ismael-colosi"],"jetpack_publicize_connections":[],"jetpack_featured_media_url":"https:\/\/i0.wp.com\/noticiasribeiraopreto.com.br\/wp-content\/uploads\/2026\/03\/12-mar-2026-cruzamentoacidentes2-scaled.jpg?fit=1170%2C780&ssl=1","jetpack-related-posts":[{"id":83205,"url":"https:\/\/noticiasribeiraopreto.com.br\/index.php\/2026\/03\/12\/video-caminhao-derruba-semaforo-e-arranca-fios-no-centro\/","url_meta":{"origin":83196,"position":0},"title":"V\u00cdDEO &#8211; Caminh\u00e3o derruba sem\u00e1foro e arranca fios no Centro","author":"noticiasribeiraopreto.com.br","date":"12 de March de 2026","format":false,"excerpt":"\r \r \r Um dos caminh\u00f5es derrubou poste com sem\u00e1foro quando manobrava para entrar em posto de combust\u00edveis\r \r 12 de mar\u00e7o de 2026 10:4612 de mar\u00e7o de 2026 11:13 \r Compartilhar2 \r Por: Alfredo Risk e Adalberto Luque \u2013 Uma carreta derrubou um poste com sem\u00e1foro e um caminh\u00e3o\u2026","rel":"","context":"In &quot;Not\u00edcias de Ribeir\u00e3o Preto-SP e Regi\u00e3o&quot;","block_context":{"text":"Not\u00edcias de Ribeir\u00e3o Preto-SP e Regi\u00e3o","link":"https:\/\/noticiasribeiraopreto.com.br\/index.php\/category\/noticias-de-ribeirao-preto-sp-e-regiao-ismael-colosi\/"},"img":{"alt_text":"","src":"https:\/\/i0.wp.com\/noticiasribeiraopreto.com.br\/wp-content\/uploads\/2026\/03\/1773324906_12-mar-2026-cruzamentoacidentes2-scaled.jpg?fit=1170%2C780&ssl=1&resize=350%2C200","width":350,"height":200,"srcset":"https:\/\/i0.wp.com\/noticiasribeiraopreto.com.br\/wp-content\/uploads\/2026\/03\/1773324906_12-mar-2026-cruzamentoacidentes2-scaled.jpg?fit=1170%2C780&ssl=1&resize=350%2C200 1x, https:\/\/i0.wp.com\/noticiasribeiraopreto.com.br\/wp-content\/uploads\/2026\/03\/1773324906_12-mar-2026-cruzamentoacidentes2-scaled.jpg?fit=1170%2C780&ssl=1&resize=525%2C300 1.5x, https:\/\/i0.wp.com\/noticiasribeiraopreto.com.br\/wp-content\/uploads\/2026\/03\/1773324906_12-mar-2026-cruzamentoacidentes2-scaled.jpg?fit=1170%2C780&ssl=1&resize=700%2C400 2x, https:\/\/i0.wp.com\/noticiasribeiraopreto.com.br\/wp-content\/uploads\/2026\/03\/1773324906_12-mar-2026-cruzamentoacidentes2-scaled.jpg?fit=1170%2C780&ssl=1&resize=1050%2C600 3x"},"classes":[]},{"id":83391,"url":"https:\/\/noticiasribeiraopreto.com.br\/index.php\/2026\/03\/17\/chuva-provoca-queda-de-arvores-falhas-em-semaforos-e-interdicoes-em-ribeirao-preto\/","url_meta":{"origin":83196,"position":1},"title":"Chuva provoca queda de \u00e1rvores, falhas em sem\u00e1foros e interdi\u00e7\u00f5es em Ribeir\u00e3o Preto","author":"noticiasribeiraopreto.com.br","date":"17 de March de 2026","format":false,"excerpt":"\r \r \r 17 de mar\u00e7o de 2026 17:32 \r Compartilhar0 A forte chuva que atingiu Ribeir\u00e3o Preto na tarde desta ter\u00e7a-feira (17) causou uma s\u00e9rie de transtornos no tr\u00e2nsito, com quedas de \u00e1rvores, interrup\u00e7\u00f5es de vias e problemas na sinaliza\u00e7\u00e3o semaf\u00f3rica em diferentes regi\u00f5es da cidade. De acordo com\u2026","rel":"","context":"In &quot;Not\u00edcias de Ribeir\u00e3o Preto-SP e Regi\u00e3o&quot;","block_context":{"text":"Not\u00edcias de Ribeir\u00e3o Preto-SP e Regi\u00e3o","link":"https:\/\/noticiasribeiraopreto.com.br\/index.php\/category\/noticias-de-ribeirao-preto-sp-e-regiao-ismael-colosi\/"},"img":{"alt_text":"","src":"https:\/\/i0.wp.com\/noticiasribeiraopreto.com.br\/wp-content\/uploads\/2026\/03\/chuva-17-mar-scaled.jpg?fit=1200%2C675&ssl=1&resize=350%2C200","width":350,"height":200,"srcset":"https:\/\/i0.wp.com\/noticiasribeiraopreto.com.br\/wp-content\/uploads\/2026\/03\/chuva-17-mar-scaled.jpg?fit=1200%2C675&ssl=1&resize=350%2C200 1x, https:\/\/i0.wp.com\/noticiasribeiraopreto.com.br\/wp-content\/uploads\/2026\/03\/chuva-17-mar-scaled.jpg?fit=1200%2C675&ssl=1&resize=525%2C300 1.5x, https:\/\/i0.wp.com\/noticiasribeiraopreto.com.br\/wp-content\/uploads\/2026\/03\/chuva-17-mar-scaled.jpg?fit=1200%2C675&ssl=1&resize=700%2C400 2x, https:\/\/i0.wp.com\/noticiasribeiraopreto.com.br\/wp-content\/uploads\/2026\/03\/chuva-17-mar-scaled.jpg?fit=1200%2C675&ssl=1&resize=1050%2C600 3x"},"classes":[]},{"id":40202,"url":"https:\/\/noticiasribeiraopreto.com.br\/index.php\/2024\/03\/01\/video-adolescente-e-atropelado-em-faixa-de-pedestre-na-costa-e-silva\/","url_meta":{"origin":83196,"position":2},"title":"V\u00cdDEO &#8211; Adolescente \u00e9 atropelado em faixa de pedestre na Costa e Silva","author":"noticiasribeiraopreto.com.br","date":"1 de March de 2024","format":false,"excerpt":"Sem\u00e1foro em frente escola estava desligado por conta de furto de fios 1 de mar\u00e7o de 2024 | 10:481 de mar\u00e7o de 2024 | 10:49 2Por: Adalberto LuqueUm estudante foi atropelado, na tarde desta quinta-feira (29), quando atravessava na faixa de pedestres em frente \u00e0 Escola Municipal de Ensino Fundamental\u2026","rel":"","context":"In &quot;Not\u00edcias de Ribeir\u00e3o Preto-SP e Regi\u00e3o&quot;","block_context":{"text":"Not\u00edcias de Ribeir\u00e3o Preto-SP e Regi\u00e3o","link":"https:\/\/noticiasribeiraopreto.com.br\/index.php\/category\/noticias-de-ribeirao-preto-sp-e-regiao-ismael-colosi\/"},"img":{"alt_text":"","src":"https:\/\/i0.wp.com\/noticiasribeiraopreto.com.br\/wp-content\/uploads\/2024\/03\/00-01-mar-2024-atropelamento-escola-foto-x-tudo-scaled.jpg?fit=1000%2C564&ssl=1&resize=350%2C200","width":350,"height":200,"srcset":"https:\/\/i0.wp.com\/noticiasribeiraopreto.com.br\/wp-content\/uploads\/2024\/03\/00-01-mar-2024-atropelamento-escola-foto-x-tudo-scaled.jpg?fit=1000%2C564&ssl=1&resize=350%2C200 1x, https:\/\/i0.wp.com\/noticiasribeiraopreto.com.br\/wp-content\/uploads\/2024\/03\/00-01-mar-2024-atropelamento-escola-foto-x-tudo-scaled.jpg?fit=1000%2C564&ssl=1&resize=525%2C300 1.5x, https:\/\/i0.wp.com\/noticiasribeiraopreto.com.br\/wp-content\/uploads\/2024\/03\/00-01-mar-2024-atropelamento-escola-foto-x-tudo-scaled.jpg?fit=1000%2C564&ssl=1&resize=700%2C400 2x"},"classes":[]},{"id":42386,"url":"https:\/\/noticiasribeiraopreto.com.br\/index.php\/2024\/03\/14\/duplo-verde-motoristas-culpam-semaforo-por-colisao\/","url_meta":{"origin":83196,"position":3},"title":"Duplo verde? Motoristas culpam sem\u00e1foro por colis\u00e3o","author":"noticiasribeiraopreto.com.br","date":"14 de March de 2024","format":false,"excerpt":"Acidente ocorreu em movimentada avenida da zona Sul e RP Mobi nega ter ocorrido falha no equipamento 14 de mar\u00e7o de 2024 | 11:24 0Por: Adalberto LuqueUm carro capotou ap\u00f3s uma colis\u00e3o, na manh\u00e3 desta quinta-feira (14). O acidente ocorreu no cruzamento da Avenida Independ\u00eancia com Avenida Nove de Julho,\u2026","rel":"","context":"In &quot;Not\u00edcias de Ribeir\u00e3o Preto-SP e Regi\u00e3o&quot;","block_context":{"text":"Not\u00edcias de Ribeir\u00e3o Preto-SP e Regi\u00e3o","link":"https:\/\/noticiasribeiraopreto.com.br\/index.php\/category\/noticias-de-ribeirao-preto-sp-e-regiao-ismael-colosi\/"},"img":{"alt_text":"","src":"https:\/\/i0.wp.com\/noticiasribeiraopreto.com.br\/wp-content\/uploads\/2024\/03\/00-14-mar-2024-acidente-nove-com-independencia-foto-x-tudo-scaled.jpg?fit=860%2C645&ssl=1&resize=350%2C200","width":350,"height":200,"srcset":"https:\/\/i0.wp.com\/noticiasribeiraopreto.com.br\/wp-content\/uploads\/2024\/03\/00-14-mar-2024-acidente-nove-com-independencia-foto-x-tudo-scaled.jpg?fit=860%2C645&ssl=1&resize=350%2C200 1x, https:\/\/i0.wp.com\/noticiasribeiraopreto.com.br\/wp-content\/uploads\/2024\/03\/00-14-mar-2024-acidente-nove-com-independencia-foto-x-tudo-scaled.jpg?fit=860%2C645&ssl=1&resize=525%2C300 1.5x, https:\/\/i0.wp.com\/noticiasribeiraopreto.com.br\/wp-content\/uploads\/2024\/03\/00-14-mar-2024-acidente-nove-com-independencia-foto-x-tudo-scaled.jpg?fit=860%2C645&ssl=1&resize=700%2C400 2x"},"classes":[]},{"id":41467,"url":"https:\/\/noticiasribeiraopreto.com.br\/index.php\/2024\/03\/08\/motoqueiro-fica-ferido-nos-campos-eliseos\/","url_meta":{"origin":83196,"position":4},"title":"Motoqueiro fica ferido nos Campos El\u00edseos","author":"noticiasribeiraopreto.com.br","date":"8 de March de 2024","format":false,"excerpt":"Acidente ocorreu em avenida movimentada e suspeita \u00e9 que um dos ve\u00edculos envolvidos n\u00e3o respeitou sem\u00e1foro 8 de mar\u00e7o de 2024 | 11:488 de mar\u00e7o de 2024 | 12:25 1Por: Adalberto LuqueUm motociclista ficou ferido, na manh\u00e3 desta sexta-feira (8), ap\u00f3s um acidente envolvendo moto e carro. A colis\u00e3o ocorreu\u2026","rel":"","context":"In &quot;Not\u00edcias de Ribeir\u00e3o Preto-SP e Regi\u00e3o&quot;","block_context":{"text":"Not\u00edcias de Ribeir\u00e3o Preto-SP e Regi\u00e3o","link":"https:\/\/noticiasribeiraopreto.com.br\/index.php\/category\/noticias-de-ribeirao-preto-sp-e-regiao-ismael-colosi\/"},"img":{"alt_text":"","src":"https:\/\/i0.wp.com\/noticiasribeiraopreto.com.br\/wp-content\/uploads\/2024\/03\/00-08-mar-2024-acidente-motoqueiro-01-foto-max-gallao-mesquita-scaled.jpg?fit=967%2C645&ssl=1&resize=350%2C200","width":350,"height":200,"srcset":"https:\/\/i0.wp.com\/noticiasribeiraopreto.com.br\/wp-content\/uploads\/2024\/03\/00-08-mar-2024-acidente-motoqueiro-01-foto-max-gallao-mesquita-scaled.jpg?fit=967%2C645&ssl=1&resize=350%2C200 1x, https:\/\/i0.wp.com\/noticiasribeiraopreto.com.br\/wp-content\/uploads\/2024\/03\/00-08-mar-2024-acidente-motoqueiro-01-foto-max-gallao-mesquita-scaled.jpg?fit=967%2C645&ssl=1&resize=525%2C300 1.5x, https:\/\/i0.wp.com\/noticiasribeiraopreto.com.br\/wp-content\/uploads\/2024\/03\/00-08-mar-2024-acidente-motoqueiro-01-foto-max-gallao-mesquita-scaled.jpg?fit=967%2C645&ssl=1&resize=700%2C400 2x"},"classes":[]},{"id":78603,"url":"https:\/\/noticiasribeiraopreto.com.br\/index.php\/2025\/10\/14\/novo-semaforo-e-instalado-na-zona-norte-de-ribeirao-veja-onde\/","url_meta":{"origin":83196,"position":5},"title":"Novo sem\u00e1foro \u00e9 instalado na zona Norte de Ribeir\u00e3o; Veja onde","author":"noticiasribeiraopreto.com.br","date":"14 de October de 2025","format":false,"excerpt":"A RP Mobi, respons\u00e1vel pela gest\u00e3o do tr\u00e2nsito em Ribeir\u00e3o Preto, informou que a regi\u00e3o Norte do munic\u00edpio recebeu um novo sem\u00e1foro nesta ter\u00e7a-feira (14). Conforme as informa\u00e7\u00f5es, o equipamento foi instalado no cruzamento da avenida Brasil com a rua Equador, entre os viadutos da Vila Mariana. Segundo a RP\u2026","rel":"","context":"In &quot;Not\u00edcias de Ribeir\u00e3o Preto-SP e Regi\u00e3o&quot;","block_context":{"text":"Not\u00edcias de Ribeir\u00e3o Preto-SP e Regi\u00e3o","link":"https:\/\/noticiasribeiraopreto.com.br\/index.php\/category\/noticias-de-ribeirao-preto-sp-e-regiao-ismael-colosi\/"},"img":{"alt_text":"","src":"https:\/\/i0.wp.com\/noticiasribeiraopreto.com.br\/wp-content\/uploads\/2025\/10\/WhatsApp-Image-2025-10-14-at-14.54.34_2025-10-14_19-36-31.webp.webp?fit=1200%2C675&ssl=1&resize=350%2C200","width":350,"height":200,"srcset":"https:\/\/i0.wp.com\/noticiasribeiraopreto.com.br\/wp-content\/uploads\/2025\/10\/WhatsApp-Image-2025-10-14-at-14.54.34_2025-10-14_19-36-31.webp.webp?fit=1200%2C675&ssl=1&resize=350%2C200 1x, https:\/\/i0.wp.com\/noticiasribeiraopreto.com.br\/wp-content\/uploads\/2025\/10\/WhatsApp-Image-2025-10-14-at-14.54.34_2025-10-14_19-36-31.webp.webp?fit=1200%2C675&ssl=1&resize=525%2C300 1.5x, https:\/\/i0.wp.com\/noticiasribeiraopreto.com.br\/wp-content\/uploads\/2025\/10\/WhatsApp-Image-2025-10-14-at-14.54.34_2025-10-14_19-36-31.webp.webp?fit=1200%2C675&ssl=1&resize=700%2C400 2x, https:\/\/i0.wp.com\/noticiasribeiraopreto.com.br\/wp-content\/uploads\/2025\/10\/WhatsApp-Image-2025-10-14-at-14.54.34_2025-10-14_19-36-31.webp.webp?fit=1200%2C675&ssl=1&resize=1050%2C600 3x"},"classes":[]}],"jetpack_sharing_enabled":true,"jetpack_shortlink":"https:\/\/wp.me\/peQAOb-lDS","_links":{"self":[{"href":"https:\/\/noticiasribeiraopreto.com.br\/index.php\/wp-json\/wp\/v2\/posts\/83196","targetHints":{"allow":["GET"]}}],"collection":[{"href":"https:\/\/noticiasribeiraopreto.com.br\/index.php\/wp-json\/wp\/v2\/posts"}],"about":[{"href":"https:\/\/noticiasribeiraopreto.com.br\/index.php\/wp-json\/wp\/v2\/types\/post"}],"author":[{"embeddable":true,"href":"https:\/\/noticiasribeiraopreto.com.br\/index.php\/wp-json\/wp\/v2\/users\/1"}],"replies":[{"embeddable":true,"href":"https:\/\/noticiasribeiraopreto.com.br\/index.php\/wp-json\/wp\/v2\/comments?post=83196"}],"version-history":[{"count":0,"href":"https:\/\/noticiasribeiraopreto.com.br\/index.php\/wp-json\/wp\/v2\/posts\/83196\/revisions"}],"wp:featuredmedia":[{"embeddable":true,"href":"https:\/\/noticiasribeiraopreto.com.br\/index.php\/wp-json\/wp\/v2\/media\/83198"}],"wp:attachment":[{"href":"https:\/\/noticiasribeiraopreto.com.br\/index.php\/wp-json\/wp\/v2\/media?parent=83196"}],"wp:term":[{"taxonomy":"category","embeddable":true,"href":"https:\/\/noticiasribeiraopreto.com.br\/index.php\/wp-json\/wp\/v2\/categories?post=83196"},{"taxonomy":"post_tag","embeddable":true,"href":"https:\/\/noticiasribeiraopreto.com.br\/index.php\/wp-json\/wp\/v2\/tags?post=83196"}],"curies":[{"name":"wp","href":"https:\/\/api.w.org\/{rel}","templated":true}]}}