{"id":8320,"date":"2023-11-29T22:10:29","date_gmt":"2023-11-30T01:10:29","guid":{"rendered":"https:\/\/noticiasribeiraopreto.com.br\/index.php\/2023\/11\/29\/medicamento-que-prolonga-a-vida-de-cachorro-esta-perto-de-ser-aprovado\/"},"modified":"2023-11-29T22:10:29","modified_gmt":"2023-11-30T01:10:29","slug":"medicamento-que-prolonga-a-vida-de-cachorro-esta-perto-de-ser-aprovado","status":"publish","type":"post","link":"https:\/\/noticiasribeiraopreto.com.br\/index.php\/2023\/11\/29\/medicamento-que-prolonga-a-vida-de-cachorro-esta-perto-de-ser-aprovado\/","title":{"rendered":"Medicamento que prolonga a vida de cachorro est\u00e1 perto de ser aprovado"},"content":{"rendered":"<div class='code-block code-block-1' style='margin: 8px 0 8px auto; text-align: right; display: block; clear: both;'>\n<p><a href=\"https:\/\/wa.link\/vpicfd\"><img data-recalc-dims=\"1\" class=\"wp-image-4922\" style=\"aspect-ratio: 2.0253164556962027; width: 561px; height: auto;\" src=\"https:\/\/i0.wp.com\/ismaelcolosi.com.br\/wp-content\/uploads\/2023\/11\/grupo-de-empregos-whatsapp-e-facebook-ismael-colosi-vagas.jpg?ssl=1\" alt=\"\" \/><\/a><\/p>\n<!-- \/wp:image -->\n<\/div>\n<p> <br \/>\n<\/p>\n<div>\n<p>Um medicamento que poderia prolongar a expectativa de vida de <a href=\"https:\/\/catracalivre.com.br\/cidadania\/cachorro-conforta-outro-cao-em-clinica-veterinaria-e-viraliza\/\">cachorros<\/a> grandes est\u00e1 um passo mais perto de se tornar uma realidade.<\/p>\n<p>\u00c9 sabido que c\u00e3es maiores vivem vidas mais curtas do que c\u00e3es menores.<\/p>\n<div id=\"attachment_2315391\" class=\"wp-caption alignnone\">\n<div class=\"d-flex justify-content-center\" data-attachment-id=\"2315391\">\n<div class=\"position-relative d-inline-block\"><img data-recalc-dims=\"1\" data-portal-copyright=\"RalfWeigel\/istock\" decoding=\"async\" fetchpriority=\"high\" class=\"size-large wp-image-2315391\" src=\"https:\/\/i0.wp.com\/catracalivre.com.br\/wp-content\/uploads\/2023\/11\/istock-179050736-910x607.jpg?resize=910%2C607&#038;ssl=1\" alt=\"Medicamento poderia aumentar expectativa de cachorros de porte grande\" width=\"910\" height=\"607\" srcset=\"https:\/\/catracalivre.com.br\/wp-content\/uploads\/2023\/11\/istock-179050736-910x607.jpg 910w, https:\/\/catracalivre.com.br\/wp-content\/uploads\/2023\/11\/istock-179050736-450x300.jpg 450w, https:\/\/catracalivre.com.br\/wp-content\/uploads\/2023\/11\/istock-179050736-768x512.jpg 768w\" sizes=\"(max-width: 910px) 100vw, 910px\"\/><\/p>\n<p>Cr\u00e9ditos: RalfWeigel\/istock<\/p>\n<\/div>\n<\/div>\n<p><span class=\"post-imagem__legenda\">Medicamento poderia aumentar expectativa de cachorros de porte grande<\/span><\/p>\n<\/div>\n<p>Um dogue alem\u00e3o, por exemplo, vive de 8 a 10 anos. J\u00e1 a m\u00e9dia da expectativa de vida de ra\u00e7as pequenas \u00e9 de 10 a 15 anos \u2013 embora\u00a0os chihuahuas\u00a0possam viver at\u00e9 20 anos.<\/p>\n<p>O medicamento da Loyal for Dogs superou um obst\u00e1culo regulat\u00f3rio importante do <a href=\"https:\/\/catracalivre.com.br\/quem-inova\/fda-aprova-primeiro-remedio-produzido-em-impressora-3d\/\">FDA<\/a>, ag\u00eancia reguladora dos EUA equivalente \u00e0 Anvisa, exigido no processo de aprova\u00e7\u00e3o.<\/p>\n<p>A empresa de biotecnologia sediada em S\u00e3o Francisco, nos EUA, disse que o medicamento experimental que ainda precisa ser submetido a testes cl\u00ednicos atendeu ao requisito da se\u00e7\u00e3o de \u201cexpectativa razo\u00e1vel de efic\u00e1cia\u201d para a aprova\u00e7\u00e3o condicional ampliada do FDA.<\/p>\n<h2>Detalhes do medicamento<\/h2>\n<p>O medicamento administrado por veterin\u00e1rio \u00e9 projetado para ser um produto de a\u00e7\u00e3o prolongada. Que poder\u00e1 ser aplicada a cada tr\u00eas a seis meses.<\/p>\n<p>O FDA baseou sua decis\u00e3o em dados de estudos que mostram a capacidade do medicamento de reduzir os n\u00edveis do principal horm\u00f4nio de crescimento, fator de crescimento de insulina-1 (IGF-1) \u201ce o impacto ben\u00e9fico nos resultados funcionais em c\u00e3es\u201d.<\/p>\n<p>\u201cIsso foi ainda apoiado por um grande estudo observacional dos impactos funcionais e de biomarcadores do envelhecimento canino. O estudo envolveu 452 c\u00e3es de companhia de 84 ra\u00e7as diferentes, com idades entre dois e 18 anos.<\/p>\n<p>Mas para o rem\u00e9dio chegar ao mercado ainda pode levar uns anos. A\u00a0 Loyal espera obter a aprova\u00e7\u00e3o da FDA at\u00e9 2026.<\/p>\n<\/div>\n<p><script>\n\t\t! function(f, b, e, v, n, t, s) {\n\t\t\tif (f.fbq) return;\n\t\t\tn = f.fbq = function() {\n\t\t\t\tn.callMethod ?\n\t\t\t\t\tn.callMethod.apply(n, arguments) : n.queue.push(arguments)\n\t\t\t};\n\t\t\tif (!f._fbq) f._fbq = n;\n\t\t\tn.push = n;\n\t\t\tn.loaded = !0;\n\t\t\tn.version = '2.0';\n\t\t\tn.queue = [];\n\t\t\tt = b.createElement(e);\n\t\t\tt.async = !0;\n\t\t\tt.src = v;\n\t\t\ts = b.getElementsByTagName(e)[0];\n\t\t\ts.parentNode.insertBefore(t, s)\n\t\t}(window, document, 'script',\n\t\t\t'https:\/\/connect.facebook.net\/en_US\/fbevents.js');\n\t\tfbq('init', '338315473262380');\n\t\tfbq('track', 'PageView');\n\t<\/script><br \/>\n<br \/><br \/>\n<br \/><a href=\"https:\/\/catracalivre.com.br\/saude-bem-estar\/medicamento-que-prolonga-a-vida-de-cachorro-esta-perto-de-ser-aprovado\/\">Source link <\/a><\/p>\n<!-- CONTENT END 1 -->\n","protected":false},"excerpt":{"rendered":"<p>Um medicamento que poderia prolongar a expectativa de vida de cachorros grandes est\u00e1 um passo mais perto de se tornar uma realidade. \u00c9 sabido que&#8230;<\/p>\n","protected":false},"author":1,"featured_media":8321,"comment_status":"open","ping_status":"open","sticky":false,"template":"","format":"standard","meta":{"advanced_seo_description":"","jetpack_seo_html_title":"","jetpack_seo_noindex":false,"jetpack_post_was_ever_published":false,"_jetpack_newsletter_access":"","_jetpack_dont_email_post_to_subs":false,"_jetpack_newsletter_tier_id":0,"_jetpack_memberships_contains_paywalled_content":false,"_jetpack_memberships_contains_paid_content":false,"footnotes":"","jetpack_publicize_message":"","jetpack_publicize_feature_enabled":true,"jetpack_social_post_already_shared":true,"jetpack_social_options":{"image_generator_settings":{"template":"highway","default_image_id":0,"font":"","enabled":false},"version":2}},"categories":[19],"tags":[],"class_list":["post-8320","post","type-post","status-publish","format-standard","has-post-thumbnail","hentry","category-variedades"],"jetpack_publicize_connections":[],"jetpack_featured_media_url":"https:\/\/i0.wp.com\/noticiasribeiraopreto.com.br\/wp-content\/uploads\/2023\/11\/istock-179050736.jpg?fit=1200%2C638&ssl=1","jetpack-related-posts":[{"id":70398,"url":"https:\/\/noticiasribeiraopreto.com.br\/index.php\/2025\/05\/25\/jornal-da-franca-descubra-por-que-os-cachorros-tem-medo-de-fumaca-e-outras-fobias\/","url_meta":{"origin":8320,"position":0},"title":"Jornal da Franca &#8211; Descubra por que os cachorros t\u00eam medo de fuma\u00e7a e outras fobias!","author":"noticiasribeiraopreto.com.br","date":"25 de May de 2025","format":false,"excerpt":"compartilhar no whatsapp compartilhar no telegram compartilhar no facebook compartilhar no linkedin Uma das maneiras de ajudar o\u00a0cachorro que est\u00e1 assustado\u00a0\u00e9 preparar um \u201ccantinho da seguran\u00e7a\u201d na casa para ele Por que cachorro tem medo de fuma\u00e7a? Porque onde h\u00e1 fuma\u00e7a, h\u00e1 fogo! Brincadeiras \u00e0 parte, o medo \u00e9 uma\u2026","rel":"","context":"In &quot;Not\u00edcias de Franca-SP&quot;","block_context":{"text":"Not\u00edcias de Franca-SP","link":"https:\/\/noticiasribeiraopreto.com.br\/index.php\/category\/noticias-de-ribeirao-preto-sp-e-regiao-ismael-colosi\/noticias-franca-sp\/"},"img":{"alt_text":"","src":"https:\/\/i0.wp.com\/noticiasribeiraopreto.com.br\/wp-content\/uploads\/2025\/05\/2149872923.jpg?fit=1000%2C665&ssl=1&resize=350%2C200","width":350,"height":200,"srcset":"https:\/\/i0.wp.com\/noticiasribeiraopreto.com.br\/wp-content\/uploads\/2025\/05\/2149872923.jpg?fit=1000%2C665&ssl=1&resize=350%2C200 1x, https:\/\/i0.wp.com\/noticiasribeiraopreto.com.br\/wp-content\/uploads\/2025\/05\/2149872923.jpg?fit=1000%2C665&ssl=1&resize=525%2C300 1.5x, https:\/\/i0.wp.com\/noticiasribeiraopreto.com.br\/wp-content\/uploads\/2025\/05\/2149872923.jpg?fit=1000%2C665&ssl=1&resize=700%2C400 2x"},"classes":[]},{"id":16194,"url":"https:\/\/noticiasribeiraopreto.com.br\/index.php\/2023\/12\/15\/10-motivos-para-voce-adotar-um-caozinho-vira-lata-meu-valor-digital\/","url_meta":{"origin":8320,"position":1},"title":"10 motivos para voc\u00ea adotar um c\u00e3ozinho vira-lata &#8211; Meu Valor Digital","author":"noticiasribeiraopreto.com.br","date":"15 de December de 2023","format":false,"excerpt":"Em meio aos n\u00fameros alarmantes de animais abandonados nas ruas do Brasil, 2022 registrou um cen\u00e1rio desolador com cerca de 30 milh\u00f5es de animais sem lar, de acordo com dados da Organiza\u00e7\u00e3o Mundial da Sa\u00fade (OMS). Dentre esses n\u00fameros, 10 milh\u00f5es representam gatos e os restantes 20 milh\u00f5es s\u00e3o c\u00e3es.\u2026","rel":"","context":"In &quot;Vagas de Emprego em Ribeir\u00e3o Preto-SP&quot;","block_context":{"text":"Vagas de Emprego em Ribeir\u00e3o Preto-SP","link":"https:\/\/noticiasribeiraopreto.com.br\/index.php\/category\/empregos-classificados-vagas-trabalho\/vagas-de-empregos-em-ribeirao-preto-regiao-brasil\/"},"img":{"alt_text":"","src":"https:\/\/i0.wp.com\/noticiasribeiraopreto.com.br\/wp-content\/uploads\/2023\/12\/Vira-Lata.jpg?fit=1200%2C773&ssl=1&resize=350%2C200","width":350,"height":200,"srcset":"https:\/\/i0.wp.com\/noticiasribeiraopreto.com.br\/wp-content\/uploads\/2023\/12\/Vira-Lata.jpg?fit=1200%2C773&ssl=1&resize=350%2C200 1x, https:\/\/i0.wp.com\/noticiasribeiraopreto.com.br\/wp-content\/uploads\/2023\/12\/Vira-Lata.jpg?fit=1200%2C773&ssl=1&resize=525%2C300 1.5x, https:\/\/i0.wp.com\/noticiasribeiraopreto.com.br\/wp-content\/uploads\/2023\/12\/Vira-Lata.jpg?fit=1200%2C773&ssl=1&resize=700%2C400 2x, https:\/\/i0.wp.com\/noticiasribeiraopreto.com.br\/wp-content\/uploads\/2023\/12\/Vira-Lata.jpg?fit=1200%2C773&ssl=1&resize=1050%2C600 3x"},"classes":[]},{"id":72507,"url":"https:\/\/noticiasribeiraopreto.com.br\/index.php\/2025\/06\/17\/jornal-da-franca-seu-cachorro-fica-te-encarando-parado-especialistas-explicam-qual-e-o-motivo\/","url_meta":{"origin":8320,"position":2},"title":"Jornal da Franca &#8211; Seu cachorro fica te encarando parado? Especialistas explicam qual \u00e9 o motivo","author":"noticiasribeiraopreto.com.br","date":"17 de June de 2025","format":false,"excerpt":"compartilhar no whatsapp compartilhar no telegram compartilhar no facebook compartilhar no linkedin Seu cachorro fica te encarando parado? Saiba o que esse comportamento revela sobre emo\u00e7\u00f5es, v\u00ednculo e comunica\u00e7\u00e3o silenciosa. Voc\u00ea j\u00e1 teve a sensa\u00e7\u00e3o de estar sendo observado e, ao virar, se deparou com seu cachorro parado, te encarando\u2026","rel":"","context":"In &quot;Not\u00edcias de Franca-SP&quot;","block_context":{"text":"Not\u00edcias de Franca-SP","link":"https:\/\/noticiasribeiraopreto.com.br\/index.php\/category\/noticias-de-ribeirao-preto-sp-e-regiao-ismael-colosi\/noticias-franca-sp\/"},"img":{"alt_text":"","src":"https:\/\/i0.wp.com\/noticiasribeiraopreto.com.br\/wp-content\/uploads\/2025\/06\/30737.jpg?fit=1000%2C667&ssl=1&resize=350%2C200","width":350,"height":200,"srcset":"https:\/\/i0.wp.com\/noticiasribeiraopreto.com.br\/wp-content\/uploads\/2025\/06\/30737.jpg?fit=1000%2C667&ssl=1&resize=350%2C200 1x, https:\/\/i0.wp.com\/noticiasribeiraopreto.com.br\/wp-content\/uploads\/2025\/06\/30737.jpg?fit=1000%2C667&ssl=1&resize=525%2C300 1.5x, https:\/\/i0.wp.com\/noticiasribeiraopreto.com.br\/wp-content\/uploads\/2025\/06\/30737.jpg?fit=1000%2C667&ssl=1&resize=700%2C400 2x"},"classes":[]},{"id":22078,"url":"https:\/\/noticiasribeiraopreto.com.br\/index.php\/2023\/12\/29\/8-racas-de-cachorro-mais-populares-do-brasil-meu-valor-digital\/","url_meta":{"origin":8320,"position":3},"title":"8 ra\u00e7as de cachorro mais populares do Brasil &#8211; Meu Valor Digital","author":"noticiasribeiraopreto.com.br","date":"29 de December de 2023","format":false,"excerpt":"N\u00e3o \u00e9 novidade para ningu\u00e9m que o povo brasileiro ama cachorros, famosos pela sua lealdade, os caninos fazem sucesso nos lares do todo o Brasil. O melhor amigo do homem n\u00e3o possui esse t\u00edtulo \u00e0 toa, os cachorros s\u00e3o protetores, cuidam dos seus at\u00e9 seus \u00faltimos dias, al\u00e9m\u00a0 de serem\u2026","rel":"","context":"In &quot;Vagas de Emprego em Ribeir\u00e3o Preto-SP&quot;","block_context":{"text":"Vagas de Emprego em Ribeir\u00e3o Preto-SP","link":"https:\/\/noticiasribeiraopreto.com.br\/index.php\/category\/empregos-classificados-vagas-trabalho\/vagas-de-empregos-em-ribeirao-preto-regiao-brasil\/"},"img":{"alt_text":"","src":"https:\/\/i0.wp.com\/noticiasribeiraopreto.com.br\/wp-content\/uploads\/2023\/12\/cachorro-pequenino-estiloso.jpg?fit=1200%2C979&ssl=1&resize=350%2C200","width":350,"height":200,"srcset":"https:\/\/i0.wp.com\/noticiasribeiraopreto.com.br\/wp-content\/uploads\/2023\/12\/cachorro-pequenino-estiloso.jpg?fit=1200%2C979&ssl=1&resize=350%2C200 1x, https:\/\/i0.wp.com\/noticiasribeiraopreto.com.br\/wp-content\/uploads\/2023\/12\/cachorro-pequenino-estiloso.jpg?fit=1200%2C979&ssl=1&resize=525%2C300 1.5x, https:\/\/i0.wp.com\/noticiasribeiraopreto.com.br\/wp-content\/uploads\/2023\/12\/cachorro-pequenino-estiloso.jpg?fit=1200%2C979&ssl=1&resize=700%2C400 2x, https:\/\/i0.wp.com\/noticiasribeiraopreto.com.br\/wp-content\/uploads\/2023\/12\/cachorro-pequenino-estiloso.jpg?fit=1200%2C979&ssl=1&resize=1050%2C600 3x"},"classes":[]},{"id":68593,"url":"https:\/\/noticiasribeiraopreto.com.br\/index.php\/2025\/04\/26\/jornal-da-franca-revelada-a-raca-de-cachorro-mais-fiel-do-mundo-veja-o-ranking-da-lealdade-canina\/","url_meta":{"origin":8320,"position":4},"title":"Jornal da Franca &#8211; Revelada a ra\u00e7a de cachorro mais fiel do mundo. Veja o ranking da lealdade canina","author":"noticiasribeiraopreto.com.br","date":"26 de April de 2025","format":false,"excerpt":"compartilhar no whatsapp compartilhar no telegram compartilhar no facebook compartilhar no linkedin O v\u00ednculo entre humanos e os c\u00e3es \u00e9 \u00fanico e especial, e cada animal de estima\u00e7\u00e3o pode ser o mais fiel do mundo para seu tutor. Os\u00a0c\u00e3es\u00a0s\u00e3o conhecidos por sua lealdade inabal\u00e1vel, um tra\u00e7o que os tornou companheiros\u2026","rel":"","context":"In &quot;Not\u00edcias de Franca-SP&quot;","block_context":{"text":"Not\u00edcias de Franca-SP","link":"https:\/\/noticiasribeiraopreto.com.br\/index.php\/category\/noticias-de-ribeirao-preto-sp-e-regiao-ismael-colosi\/noticias-franca-sp\/"},"img":{"alt_text":"","src":"https:\/\/i0.wp.com\/noticiasribeiraopreto.com.br\/wp-content\/uploads\/2025\/04\/36837.jpg?fit=1000%2C666&ssl=1&resize=350%2C200","width":350,"height":200,"srcset":"https:\/\/i0.wp.com\/noticiasribeiraopreto.com.br\/wp-content\/uploads\/2025\/04\/36837.jpg?fit=1000%2C666&ssl=1&resize=350%2C200 1x, https:\/\/i0.wp.com\/noticiasribeiraopreto.com.br\/wp-content\/uploads\/2025\/04\/36837.jpg?fit=1000%2C666&ssl=1&resize=525%2C300 1.5x, https:\/\/i0.wp.com\/noticiasribeiraopreto.com.br\/wp-content\/uploads\/2025\/04\/36837.jpg?fit=1000%2C666&ssl=1&resize=700%2C400 2x"},"classes":[]},{"id":14536,"url":"https:\/\/noticiasribeiraopreto.com.br\/index.php\/2023\/12\/12\/10-problemas-de-saude-mais-comuns-em-caes-meu-valor-digital\/","url_meta":{"origin":8320,"position":5},"title":"10 problemas de sa\u00fade mais comuns em c\u00e3es &#8211; Meu Valor Digital","author":"noticiasribeiraopreto.com.br","date":"12 de December de 2023","format":false,"excerpt":"Quando se trata de cuidar de nossos amigos caninos, entender os problemas de sa\u00fade que podem afet\u00e1-los \u00e9 t\u00e3o importante quanto fornecer amor e carinho. C\u00e3es, assim como humanos, est\u00e3o sujeitos a uma variedade de problemas de sa\u00fade que podem impactar significativamente sua qualidade de vida. Exploramos os 10 problemas\u2026","rel":"","context":"In &quot;Vagas de Emprego em Ribeir\u00e3o Preto-SP&quot;","block_context":{"text":"Vagas de Emprego em Ribeir\u00e3o Preto-SP","link":"https:\/\/noticiasribeiraopreto.com.br\/index.php\/category\/empregos-classificados-vagas-trabalho\/vagas-de-empregos-em-ribeirao-preto-regiao-brasil\/"},"img":{"alt_text":"","src":"https:\/\/i0.wp.com\/noticiasribeiraopreto.com.br\/wp-content\/uploads\/2023\/12\/Doencas-caes.jpg?fit=1200%2C773&ssl=1&resize=350%2C200","width":350,"height":200,"srcset":"https:\/\/i0.wp.com\/noticiasribeiraopreto.com.br\/wp-content\/uploads\/2023\/12\/Doencas-caes.jpg?fit=1200%2C773&ssl=1&resize=350%2C200 1x, https:\/\/i0.wp.com\/noticiasribeiraopreto.com.br\/wp-content\/uploads\/2023\/12\/Doencas-caes.jpg?fit=1200%2C773&ssl=1&resize=525%2C300 1.5x, https:\/\/i0.wp.com\/noticiasribeiraopreto.com.br\/wp-content\/uploads\/2023\/12\/Doencas-caes.jpg?fit=1200%2C773&ssl=1&resize=700%2C400 2x, https:\/\/i0.wp.com\/noticiasribeiraopreto.com.br\/wp-content\/uploads\/2023\/12\/Doencas-caes.jpg?fit=1200%2C773&ssl=1&resize=1050%2C600 3x"},"classes":[]}],"jetpack_sharing_enabled":true,"jetpack_shortlink":"https:\/\/wp.me\/peQAOb-2ac","_links":{"self":[{"href":"https:\/\/noticiasribeiraopreto.com.br\/index.php\/wp-json\/wp\/v2\/posts\/8320","targetHints":{"allow":["GET"]}}],"collection":[{"href":"https:\/\/noticiasribeiraopreto.com.br\/index.php\/wp-json\/wp\/v2\/posts"}],"about":[{"href":"https:\/\/noticiasribeiraopreto.com.br\/index.php\/wp-json\/wp\/v2\/types\/post"}],"author":[{"embeddable":true,"href":"https:\/\/noticiasribeiraopreto.com.br\/index.php\/wp-json\/wp\/v2\/users\/1"}],"replies":[{"embeddable":true,"href":"https:\/\/noticiasribeiraopreto.com.br\/index.php\/wp-json\/wp\/v2\/comments?post=8320"}],"version-history":[{"count":0,"href":"https:\/\/noticiasribeiraopreto.com.br\/index.php\/wp-json\/wp\/v2\/posts\/8320\/revisions"}],"wp:featuredmedia":[{"embeddable":true,"href":"https:\/\/noticiasribeiraopreto.com.br\/index.php\/wp-json\/wp\/v2\/media\/8321"}],"wp:attachment":[{"href":"https:\/\/noticiasribeiraopreto.com.br\/index.php\/wp-json\/wp\/v2\/media?parent=8320"}],"wp:term":[{"taxonomy":"category","embeddable":true,"href":"https:\/\/noticiasribeiraopreto.com.br\/index.php\/wp-json\/wp\/v2\/categories?post=8320"},{"taxonomy":"post_tag","embeddable":true,"href":"https:\/\/noticiasribeiraopreto.com.br\/index.php\/wp-json\/wp\/v2\/tags?post=8320"}],"curies":[{"name":"wp","href":"https:\/\/api.w.org\/{rel}","templated":true}]}}