{"id":83201,"date":"2026-03-12T11:00:36","date_gmt":"2026-03-12T14:00:36","guid":{"rendered":"https:\/\/noticiasribeiraopreto.com.br\/index.php\/2026\/03\/12\/barretao-2026-tera-gusttavo-lima-como-embaixador-e-dois-shows-do-cantor\/"},"modified":"2026-03-12T11:00:36","modified_gmt":"2026-03-12T14:00:36","slug":"barretao-2026-tera-gusttavo-lima-como-embaixador-e-dois-shows-do-cantor","status":"publish","type":"post","link":"https:\/\/noticiasribeiraopreto.com.br\/index.php\/2026\/03\/12\/barretao-2026-tera-gusttavo-lima-como-embaixador-e-dois-shows-do-cantor\/","title":{"rendered":"Barret\u00e3o 2026 ter\u00e1 Gusttavo Lima como &#8216;Embaixador&#8217; e dois shows do cantor"},"content":{"rendered":"<div class='code-block code-block-1' style='margin: 8px 0 8px auto; text-align: right; display: block; clear: both;'>\n<p><a href=\"https:\/\/wa.link\/vpicfd\"><img data-recalc-dims=\"1\" class=\"wp-image-4922\" style=\"aspect-ratio: 2.0253164556962027; width: 561px; height: auto;\" src=\"https:\/\/i0.wp.com\/ismaelcolosi.com.br\/wp-content\/uploads\/2023\/11\/grupo-de-empregos-whatsapp-e-facebook-ismael-colosi-vagas.jpg?ssl=1\" alt=\"\" \/><\/a><\/p>\n<!-- \/wp:image -->\n<\/div>\n<p> <br \/>\n<\/p>\n<div>\n<p>O cantor <strong>Gusttavo Lima<\/strong> foi anunciado como <strong>Embaixador da Festa do Pe\u00e3o de Barretos 2026<\/strong>, que chega \u00e0 sua <strong>71\u00aa edi\u00e7\u00e3o<\/strong> neste ano. Al\u00e9m de receber novamente o t\u00edtulo, o artista tamb\u00e9m confirmou que far\u00e1 <strong>duas apresenta\u00e7\u00f5es durante o Barret\u00e3o<\/strong>, nos dias <strong>22 e 29 de agosto<\/strong>, ambos aos s\u00e1bados.<\/p>\n<h3 class=\"wp-block-heading\"><strong>Live Barret\u00e3o<\/strong><\/h3>\n<p>O an\u00fancio foi feito durante uma <a href=\"https:\/\/www.youtube.com\/watch?v=1c3NfBR8qJI\" data-type=\"link\" data-id=\"https:\/\/www.youtube.com\/watch?v=1c3NfBR8qJI\" target=\"_blank\" rel=\"noopener\">transmiss\u00e3o ao vivo nas redes sociais oficiais do evento<\/a>, com a participa\u00e7\u00e3o do cantor. Durante a live, Gusttavo Lima comemorou o retorno ao posto de embaixador e destacou a import\u00e2ncia da festa em sua trajet\u00f3ria art\u00edstica.<\/p>\n<div class=\"wp-block-image\">\n<figure class=\"aligncenter size-large is-resized\"><img data-recalc-dims=\"1\" fetchpriority=\"high\" decoding=\"async\" width=\"1024\" height=\"576\" src=\"https:\/\/i0.wp.com\/cdn.media-acidadeon.com.br\/ribeiraopreto\/wp-content\/uploads\/sites\/3\/2026\/03\/image_2026-03-11_22-17-38-1024x576.webp?resize=1024%2C576&#038;ssl=1\" alt=\"image 2026 03 11 22 17 38\" class=\"wp-image-148533\" style=\"width:871px;height:auto\" title=\"Barret\u00e3o 2026 ter\u00e1 Gusttavo Lima como 'Embaixador' e dois shows do cantor 1\" srcset=\"https:\/\/cdn.media-acidadeon.com.br\/ribeiraopreto\/wp-content\/uploads\/sites\/3\/2026\/03\/image_2026-03-11_22-17-38-1024x576.webp 1024w, https:\/\/cdn.media-acidadeon.com.br\/ribeiraopreto\/wp-content\/uploads\/sites\/3\/2026\/03\/image_2026-03-11_22-17-38-300x169.webp 300w, https:\/\/cdn.media-acidadeon.com.br\/ribeiraopreto\/wp-content\/uploads\/sites\/3\/2026\/03\/image_2026-03-11_22-17-38-768x432.webp 768w, https:\/\/cdn.media-acidadeon.com.br\/ribeiraopreto\/wp-content\/uploads\/sites\/3\/2026\/03\/image_2026-03-11_22-17-38-696x392.webp 696w, https:\/\/cdn.media-acidadeon.com.br\/ribeiraopreto\/wp-content\/uploads\/sites\/3\/2026\/03\/image_2026-03-11_22-17-38-1068x601.webp 1068w, https:\/\/cdn.media-acidadeon.com.br\/ribeiraopreto\/wp-content\/uploads\/sites\/3\/2026\/03\/image_2026-03-11_22-17-38.webp 1200w\" sizes=\"(max-width: 1024px) 100vw, 1024px\"\/><figcaption class=\"wp-element-caption\">Foto: Reprodu\u00e7\u00e3o\/ Youtube<\/figcaption><\/figure>\n<\/div>\n<h3 class=\"wp-block-heading\"><strong>Gusttavo Lima na Festa do Pe\u00e3o<\/strong><\/h3>\n<p>A primeira participa\u00e7\u00e3o de Gusttavo Lima na Festa do Pe\u00e3o de Barretos aconteceu em <strong>2009<\/strong>, quando o cantor tinha apenas <strong>19 anos<\/strong> e se apresentou no palco do <strong>Berrant\u00e3o<\/strong>. Em <strong>2011<\/strong>, ele j\u00e1 fazia parte da programa\u00e7\u00e3o da <strong>arena principal do evento<\/strong>.<\/p>\n<div class=\"wp-block-image\">\n<figure class=\"aligncenter size-full\"><img data-recalc-dims=\"1\" loading=\"lazy\" decoding=\"async\" width=\"1008\" height=\"672\" src=\"https:\/\/i0.wp.com\/cdn.media-acidadeon.com.br\/ribeiraopreto\/wp-content\/uploads\/sites\/3\/2026\/03\/image_2026-03-11_22-13-04.webp?resize=1008%2C672&#038;ssl=1\" alt=\"image 2026 03 11 22 13 04\" class=\"wp-image-148527\" title=\"Barret\u00e3o 2026 ter\u00e1 Gusttavo Lima como 'Embaixador' e dois shows do cantor 2\" srcset=\"https:\/\/cdn.media-acidadeon.com.br\/ribeiraopreto\/wp-content\/uploads\/sites\/3\/2026\/03\/image_2026-03-11_22-13-04.webp 1008w, https:\/\/cdn.media-acidadeon.com.br\/ribeiraopreto\/wp-content\/uploads\/sites\/3\/2026\/03\/image_2026-03-11_22-13-04-300x200.webp 300w, https:\/\/cdn.media-acidadeon.com.br\/ribeiraopreto\/wp-content\/uploads\/sites\/3\/2026\/03\/image_2026-03-11_22-13-04-768x512.webp 768w, https:\/\/cdn.media-acidadeon.com.br\/ribeiraopreto\/wp-content\/uploads\/sites\/3\/2026\/03\/image_2026-03-11_22-13-04-696x464.webp 696w\" sizes=\"auto, (max-width: 1008px) 100vw, 1008px\"\/><figcaption class=\"wp-element-caption\">Gusttavo Lima no Barret\u00e3o 2018 \u2014 Foto: Ricardo Nasi\/G1<\/figcaption><\/figure>\n<\/div>\n<p>Desde ent\u00e3o, o artista acumula diversas apresenta\u00e7\u00f5es na festa e momentos marcantes. Ele tamb\u00e9m foi o <strong>primeiro cantor a ocupar o cargo de Embaixador por dois anos consecutivos<\/strong>, em <strong>2017 e 2018<\/strong>.<\/p>\n<p>Em 2017, seu show ficou marcado por atravessar a madrugada e seguir at\u00e9 o amanhecer. J\u00e1 em 2018, o sertanejo gravou um <strong>DVD durante o evento<\/strong>, em uma apresenta\u00e7\u00e3o que durou cerca de <strong>5 horas e 40 minutos<\/strong>, encerrada pela manh\u00e3 com o p\u00fablico cantando em coro.<\/p>\n<h3 class=\"wp-block-heading\"><strong>Line-up completo e venda de ingressos<\/strong><\/h3>\n<p>A organiza\u00e7\u00e3o do Barret\u00e3o informou que o <strong>line-up completo da Festa do Pe\u00e3o de Barretos 2026<\/strong> ser\u00e1 anunciado em breve. Al\u00e9m das atra\u00e7\u00f5es da arena principal, o evento tamb\u00e9m contar\u00e1 com shows no <strong>Palco Amanhecer<\/strong>.<\/p>\n<div class=\"wp-block-image\">\n<figure class=\"aligncenter size-large\"><img data-recalc-dims=\"1\" loading=\"lazy\" decoding=\"async\" width=\"1024\" height=\"683\" src=\"https:\/\/i0.wp.com\/cdn.media-acidadeon.com.br\/ribeiraopreto\/wp-content\/uploads\/sites\/3\/2025\/07\/Imagem-do-WhatsApp-de-2025-07-01-as-16.18.28_57460c98_2025-07-01_19-43-10-1024x683.webp?resize=1024%2C683&#038;ssl=1\" alt=\"Arena de Barretos - Foto: Alisson Dem\u00e9trio\" class=\"wp-image-121357\" title=\"Barret\u00e3o 2026 ter\u00e1 Gusttavo Lima como 'Embaixador' e dois shows do cantor 3\" srcset=\"https:\/\/cdn.media-acidadeon.com.br\/ribeiraopreto\/wp-content\/uploads\/sites\/3\/2025\/07\/Imagem-do-WhatsApp-de-2025-07-01-as-16.18.28_57460c98_2025-07-01_19-43-10-1024x683.webp 1024w, https:\/\/cdn.media-acidadeon.com.br\/ribeiraopreto\/wp-content\/uploads\/sites\/3\/2025\/07\/Imagem-do-WhatsApp-de-2025-07-01-as-16.18.28_57460c98_2025-07-01_19-43-10-300x200.webp 300w, https:\/\/cdn.media-acidadeon.com.br\/ribeiraopreto\/wp-content\/uploads\/sites\/3\/2025\/07\/Imagem-do-WhatsApp-de-2025-07-01-as-16.18.28_57460c98_2025-07-01_19-43-10-768x512.webp 768w, https:\/\/cdn.media-acidadeon.com.br\/ribeiraopreto\/wp-content\/uploads\/sites\/3\/2025\/07\/Imagem-do-WhatsApp-de-2025-07-01-as-16.18.28_57460c98_2025-07-01_19-43-10-696x464.webp 696w, https:\/\/cdn.media-acidadeon.com.br\/ribeiraopreto\/wp-content\/uploads\/sites\/3\/2025\/07\/Imagem-do-WhatsApp-de-2025-07-01-as-16.18.28_57460c98_2025-07-01_19-43-10-1068x712.webp 1068w, https:\/\/cdn.media-acidadeon.com.br\/ribeiraopreto\/wp-content\/uploads\/sites\/3\/2025\/07\/Imagem-do-WhatsApp-de-2025-07-01-as-16.18.28_57460c98_2025-07-01_19-43-10.webp 1200w\" sizes=\"auto, (max-width: 1024px) 100vw, 1024px\"\/><figcaption class=\"wp-element-caption\">Festa do Pe\u00e3o de Barretos come\u00e7a nesta quinta-feira (21) \u2013 Foto: Alisson Dem\u00e9trio<\/figcaption><\/figure>\n<\/div>\n<p>A venda de ingressos para a 71\u00aa edi\u00e7\u00e3o do evento come\u00e7a <strong>no dia 16 de mar\u00e7o, ao meio-dia<\/strong>, com <strong>pr\u00e9-venda exclusiva para clientes Sicoob<\/strong> com cart\u00e3o de cr\u00e9dito da cooperativa. Essa etapa vai at\u00e9 <strong>18 de mar\u00e7o, \u00e0s 23h59<\/strong>.<\/p>\n<p>J\u00e1 a <strong>venda geral<\/strong> para o p\u00fablico ser\u00e1 liberada <strong>no dia 19 de mar\u00e7o<\/strong>, tamb\u00e9m a partir das <strong>12h<\/strong>. Os ingressos estar\u00e3o dispon\u00edveis exclusivamente pela internet, no site oficial de vendas do evento.<\/p>\n<hr class=\"wp-block-separator has-alpha-channel-opacity\"\/>\n<p>SAIBA MAIS<\/p>\n<p>Alerta na sa\u00fade: Estado de S\u00e3o Paulo registra caso importado de sarampo<\/p>\n<h3 class=\"wp-block-heading\"><strong>FIQUE ON<\/strong><\/h3>\n<p>Fique ligado em tudo que acontece em Ribeir\u00e3o Preto e regi\u00e3o. Siga os perfis do\u00a0<strong>acidade on<\/strong>\u00a0no\u00a0<a href=\"https:\/\/www.instagram.com\/acidadeonribeirao\" target=\"_blank\" rel=\"noreferrer noopener\">Instagram<\/a>\u00a0e no<a href=\"https:\/\/www.facebook.com\/acidadeonribeirao\/\" target=\"_blank\" rel=\"noreferrer noopener\">\u00a0Facebook<\/a>.<\/p>\n<p>Receba not\u00edcias do\u00a0<strong>acidade on<\/strong>\u00a0no WhatsApp. Para entrar no grupo,\u00a0basta<a href=\"https:\/\/chat.whatsapp.com\/GFH9HUMUTHNFJdnyEd0xxq\" target=\"_blank\" rel=\"noreferrer noopener\">\u00a0clicar aqui<\/a>. Ou, acesse o nosso\u00a0Canal\u00a0<a href=\"https:\/\/whatsapp.com\/channel\/0029Vb6IQl1JENyAeS57fk2p\" target=\"_blank\" rel=\"noreferrer noopener\">clicando aqui<\/a>.<\/p>\n<p>Fa\u00e7a uma den\u00fancia ou sugira uma reportagem sobre Ribeir\u00e3o Preto e regi\u00e3o pelo WhatsApp: 16 99117 7802.<\/p>\n<p>VEJA TAMB\u00c9M<\/p>\n<p>IA preditiva e generativa: entenda as diferen\u00e7as e quando as empresas podem usar cada uma delas<\/p>\n<p><!-- AI CONTENT END 1 -->\n<\/div>\n<p><script async src=\"\/\/www.instagram.com\/embed.js\"><\/script><br \/>\n<br \/><br \/>\n<br \/><a href=\"https:\/\/www.acidadeon.com\/ribeiraopreto\/lazer-e-cultura\/barretao-2026-tera-gusttavo-lima-como-embaixador-e-dois-shows-do-cantor\/\">Source link <\/a><\/p>\n<!-- CONTENT END 1 -->\n","protected":false},"excerpt":{"rendered":"<p>O cantor Gusttavo Lima foi anunciado como Embaixador da Festa do Pe\u00e3o de Barretos 2026, que chega \u00e0 sua 71\u00aa edi\u00e7\u00e3o neste ano. Al\u00e9m de&#8230;<\/p>\n","protected":false},"author":1,"featured_media":83202,"comment_status":"open","ping_status":"open","sticky":false,"template":"","format":"standard","meta":{"advanced_seo_description":"","jetpack_seo_html_title":"","jetpack_seo_noindex":false,"jetpack_post_was_ever_published":false,"_jetpack_newsletter_access":"","_jetpack_dont_email_post_to_subs":false,"_jetpack_newsletter_tier_id":0,"_jetpack_memberships_contains_paywalled_content":false,"_jetpack_memberships_contains_paid_content":false,"footnotes":"","jetpack_publicize_message":"","jetpack_publicize_feature_enabled":true,"jetpack_social_post_already_shared":true,"jetpack_social_options":{"image_generator_settings":{"template":"highway","default_image_id":0,"font":"","enabled":false},"version":2}},"categories":[11],"tags":[],"class_list":["post-83201","post","type-post","status-publish","format-standard","has-post-thumbnail","hentry","category-noticias-de-ribeirao-preto-sp-e-regiao-ismael-colosi"],"jetpack_publicize_connections":[],"jetpack_featured_media_url":"https:\/\/i0.wp.com\/noticiasribeiraopreto.com.br\/wp-content\/uploads\/2026\/03\/Copia-de-Copia-de-Copia-de-TAMANHO-EXATO-PARA-FOTOS-NO-SISTEMA-NOVO-40_2024-09-23_19-17-41_png_2024-09-23_19-17-41-e1735844682796.webp.webp?fit=966%2C675&ssl=1","jetpack-related-posts":[{"id":83511,"url":"https:\/\/noticiasribeiraopreto.com.br\/index.php\/2026\/03\/19\/ingressos-para-a-festa-do-peao-de-barretos-ja-estao-a-venda-veja-os-setores\/","url_meta":{"origin":83201,"position":0},"title":"Ingressos para a Festa do Pe\u00e3o de Barretos j\u00e1 est\u00e3o \u00e0 venda; Veja os setores","author":"noticiasribeiraopreto.com.br","date":"19 de March de 2026","format":false,"excerpt":"Come\u00e7ou nesta quinta-feira (19) a venda de ingressos para a 71\u00aa edi\u00e7\u00e3o da Festa do Pe\u00e3o de Barretos, que ser\u00e1 realizada entre os dias 20 e 30 de agosto de 2026. Os interessados podem adquirir as entradas de forma online (clique aqui), com valores a partir de R$ 75. Ao\u2026","rel":"","context":"In &quot;Not\u00edcias de Ribeir\u00e3o Preto-SP e Regi\u00e3o&quot;","block_context":{"text":"Not\u00edcias de Ribeir\u00e3o Preto-SP e Regi\u00e3o","link":"https:\/\/noticiasribeiraopreto.com.br\/index.php\/category\/noticias-de-ribeirao-preto-sp-e-regiao-ismael-colosi\/"},"img":{"alt_text":"","src":"https:\/\/i0.wp.com\/noticiasribeiraopreto.com.br\/wp-content\/uploads\/2026\/03\/arena-peao-barretos_2025-08-23_09-00-47.webp.webp?fit=700%2C500&ssl=1&resize=350%2C200","width":350,"height":200,"srcset":"https:\/\/i0.wp.com\/noticiasribeiraopreto.com.br\/wp-content\/uploads\/2026\/03\/arena-peao-barretos_2025-08-23_09-00-47.webp.webp?fit=700%2C500&ssl=1&resize=350%2C200 1x, https:\/\/i0.wp.com\/noticiasribeiraopreto.com.br\/wp-content\/uploads\/2026\/03\/arena-peao-barretos_2025-08-23_09-00-47.webp.webp?fit=700%2C500&ssl=1&resize=525%2C300 1.5x, https:\/\/i0.wp.com\/noticiasribeiraopreto.com.br\/wp-content\/uploads\/2026\/03\/arena-peao-barretos_2025-08-23_09-00-47.webp.webp?fit=700%2C500&ssl=1&resize=700%2C400 2x"},"classes":[]},{"id":84375,"url":"https:\/\/noticiasribeiraopreto.com.br\/index.php\/2026\/04\/08\/matheus-e-kauan-abrem-a-festa-do-peao-de-barretos-2026-veja-atracoes-confirmadas\/","url_meta":{"origin":83201,"position":1},"title":"Matheus e Kauan abrem a Festa do Pe\u00e3o de Barretos 2026; Veja atra\u00e7\u00f5es confirmadas","author":"noticiasribeiraopreto.com.br","date":"8 de April de 2026","format":false,"excerpt":"Ler o resumo da not\u00edcia Matheus e Kauan abrem a 71\u00aa Festa do Pe\u00e3o de Barretos no dia 20 de agosto, mesma data da apresenta\u00e7\u00e3o de Panda no Est\u00e1dio de Rodeios. Ser\u00e1 a quarta vez que a dupla se apresenta no evento, ap\u00f3s edi\u00e7\u00f5es destacadas em 2023, 2024 e 2025.\u2026","rel":"","context":"In &quot;Not\u00edcias de Ribeir\u00e3o Preto-SP e Regi\u00e3o&quot;","block_context":{"text":"Not\u00edcias de Ribeir\u00e3o Preto-SP e Regi\u00e3o","link":"https:\/\/noticiasribeiraopreto.com.br\/index.php\/category\/noticias-de-ribeirao-preto-sp-e-regiao-ismael-colosi\/"},"img":{"alt_text":"","src":"https:\/\/i0.wp.com\/noticiasribeiraopreto.com.br\/wp-content\/uploads\/2026\/04\/matheus-e-kauan_2025-08-25_13-20-22.webp.webp?fit=1075%2C826&ssl=1&resize=350%2C200","width":350,"height":200,"srcset":"https:\/\/i0.wp.com\/noticiasribeiraopreto.com.br\/wp-content\/uploads\/2026\/04\/matheus-e-kauan_2025-08-25_13-20-22.webp.webp?fit=1075%2C826&ssl=1&resize=350%2C200 1x, https:\/\/i0.wp.com\/noticiasribeiraopreto.com.br\/wp-content\/uploads\/2026\/04\/matheus-e-kauan_2025-08-25_13-20-22.webp.webp?fit=1075%2C826&ssl=1&resize=525%2C300 1.5x, https:\/\/i0.wp.com\/noticiasribeiraopreto.com.br\/wp-content\/uploads\/2026\/04\/matheus-e-kauan_2025-08-25_13-20-22.webp.webp?fit=1075%2C826&ssl=1&resize=700%2C400 2x, https:\/\/i0.wp.com\/noticiasribeiraopreto.com.br\/wp-content\/uploads\/2026\/04\/matheus-e-kauan_2025-08-25_13-20-22.webp.webp?fit=1075%2C826&ssl=1&resize=1050%2C600 3x"},"classes":[]},{"id":83432,"url":"https:\/\/noticiasribeiraopreto.com.br\/index.php\/2026\/03\/18\/volta-de-gusttavo-lima-primeira-atracao-internacional-e-estreias-aguardadas-o-que-vem-por-ai-no-ribeirao-rodeo-music-2026\/","url_meta":{"origin":83201,"position":2},"title":"Volta de Gusttavo Lima, primeira atra\u00e7\u00e3o internacional e estreias aguardadas: o que vem por a\u00ed no Ribeir\u00e3o Rodeo Music 2026","author":"noticiasribeiraopreto.com.br","date":"18 de March de 2026","format":false,"excerpt":"Faltam menos de 50 dias para uma das maiores festas sertanejas do pa\u00eds e a ansiedade dos f\u00e3s de m\u00fasica sertaneja come\u00e7a a ganhar forma. O Ribeir\u00e3o Rodeo Music 2026, trar\u00e1, em sua 20\u00aa edi\u00e7\u00e3o, 17 grandes shows, entre eles Gusttavo Lima, que volta ao palco em Ribeir\u00e3o ap\u00f3s ser\u2026","rel":"","context":"In &quot;Not\u00edcias de Ribeir\u00e3o Preto-SP e Regi\u00e3o&quot;","block_context":{"text":"Not\u00edcias de Ribeir\u00e3o Preto-SP e Regi\u00e3o","link":"https:\/\/noticiasribeiraopreto.com.br\/index.php\/category\/noticias-de-ribeirao-preto-sp-e-regiao-ismael-colosi\/"},"img":{"alt_text":"","src":"https:\/\/i0.wp.com\/noticiasribeiraopreto.com.br\/wp-content\/uploads\/2026\/03\/Design-sem-nome-8_2026-03-13_17-07-24.webp.webp?fit=1200%2C675&ssl=1&resize=350%2C200","width":350,"height":200,"srcset":"https:\/\/i0.wp.com\/noticiasribeiraopreto.com.br\/wp-content\/uploads\/2026\/03\/Design-sem-nome-8_2026-03-13_17-07-24.webp.webp?fit=1200%2C675&ssl=1&resize=350%2C200 1x, https:\/\/i0.wp.com\/noticiasribeiraopreto.com.br\/wp-content\/uploads\/2026\/03\/Design-sem-nome-8_2026-03-13_17-07-24.webp.webp?fit=1200%2C675&ssl=1&resize=525%2C300 1.5x, https:\/\/i0.wp.com\/noticiasribeiraopreto.com.br\/wp-content\/uploads\/2026\/03\/Design-sem-nome-8_2026-03-13_17-07-24.webp.webp?fit=1200%2C675&ssl=1&resize=700%2C400 2x, https:\/\/i0.wp.com\/noticiasribeiraopreto.com.br\/wp-content\/uploads\/2026\/03\/Design-sem-nome-8_2026-03-13_17-07-24.webp.webp?fit=1200%2C675&ssl=1&resize=1050%2C600 3x"},"classes":[]},{"id":45506,"url":"https:\/\/noticiasribeiraopreto.com.br\/index.php\/2024\/04\/04\/gusttavo-lima-desembarca-em-sorocaba-com-novo-show\/","url_meta":{"origin":83201,"position":3},"title":"Gusttavo Lima desembarca em Sorocaba com novo show","author":"noticiasribeiraopreto.com.br","date":"4 de April de 2024","format":false,"excerpt":"Gusttavo Lima desembarca em Sorocaba com novo showS\u00e3o mais de 1,6 bilh\u00e3o de plays no Spotify e mais de 3,3 bilh\u00f5es de visualiza\u00e7\u00f5es no YouTube conquistados apenas durante 2023. Consagrado como o artista mais ouvido nas r\u00e1dios do Brasil pela sexta vez consecutiva, com mais de 3 milh\u00f5es de reprodu\u00e7\u00f5es\u2026","rel":"","context":"In &quot;Not\u00edcias de Ribeir\u00e3o Preto-SP e Regi\u00e3o&quot;","block_context":{"text":"Not\u00edcias de Ribeir\u00e3o Preto-SP e Regi\u00e3o","link":"https:\/\/noticiasribeiraopreto.com.br\/index.php\/category\/noticias-de-ribeirao-preto-sp-e-regiao-ismael-colosi\/"},"img":{"alt_text":"","src":"https:\/\/i0.wp.com\/noticiasribeiraopreto.com.br\/wp-content\/uploads\/2024\/04\/Gusttavo-Lima-1.jpg?fit=1200%2C800&ssl=1&resize=350%2C200","width":350,"height":200,"srcset":"https:\/\/i0.wp.com\/noticiasribeiraopreto.com.br\/wp-content\/uploads\/2024\/04\/Gusttavo-Lima-1.jpg?fit=1200%2C800&ssl=1&resize=350%2C200 1x, https:\/\/i0.wp.com\/noticiasribeiraopreto.com.br\/wp-content\/uploads\/2024\/04\/Gusttavo-Lima-1.jpg?fit=1200%2C800&ssl=1&resize=525%2C300 1.5x, https:\/\/i0.wp.com\/noticiasribeiraopreto.com.br\/wp-content\/uploads\/2024\/04\/Gusttavo-Lima-1.jpg?fit=1200%2C800&ssl=1&resize=700%2C400 2x, https:\/\/i0.wp.com\/noticiasribeiraopreto.com.br\/wp-content\/uploads\/2024\/04\/Gusttavo-Lima-1.jpg?fit=1200%2C800&ssl=1&resize=1050%2C600 3x"},"classes":[]},{"id":83872,"url":"https:\/\/noticiasribeiraopreto.com.br\/index.php\/2026\/03\/27\/serestao-do-ze-estreia-no-ribeirao-rodeo-music-e-leva-arrocha-ao-palco-da-festa\/","url_meta":{"origin":83201,"position":4},"title":"Serest\u00e3o do Z\u00e9 estreia no Ribeir\u00e3o Rodeo Music e leva arrocha ao palco da festa","author":"noticiasribeiraopreto.com.br","date":"27 de March de 2026","format":false,"excerpt":"O projeto Serest\u00e3o do Z\u00e9 faz sua estreia no Ribeir\u00e3o Rodeo Music 2026, levando a festa um repert\u00f3rio baseado no arrocha e em releituras de m\u00fasicas populares. A apresenta\u00e7\u00e3o acontece no dia 9 de maio, no Parque Permanente de Exposi\u00e7\u00f5es, em Ribeir\u00e3o Preto.\u00a0 \u00c0 frente do projeto est\u00e1 o cantor\u2026","rel":"","context":"In &quot;Not\u00edcias de Ribeir\u00e3o Preto-SP e Regi\u00e3o&quot;","block_context":{"text":"Not\u00edcias de Ribeir\u00e3o Preto-SP e Regi\u00e3o","link":"https:\/\/noticiasribeiraopreto.com.br\/index.php\/category\/noticias-de-ribeirao-preto-sp-e-regiao-ismael-colosi\/"},"img":{"alt_text":"","src":"https:\/\/i0.wp.com\/noticiasribeiraopreto.com.br\/wp-content\/uploads\/2026\/03\/serestao-do-ze_2026-03-27_17-02-55.webp.webp?fit=1200%2C675&ssl=1&resize=350%2C200","width":350,"height":200,"srcset":"https:\/\/i0.wp.com\/noticiasribeiraopreto.com.br\/wp-content\/uploads\/2026\/03\/serestao-do-ze_2026-03-27_17-02-55.webp.webp?fit=1200%2C675&ssl=1&resize=350%2C200 1x, https:\/\/i0.wp.com\/noticiasribeiraopreto.com.br\/wp-content\/uploads\/2026\/03\/serestao-do-ze_2026-03-27_17-02-55.webp.webp?fit=1200%2C675&ssl=1&resize=525%2C300 1.5x, https:\/\/i0.wp.com\/noticiasribeiraopreto.com.br\/wp-content\/uploads\/2026\/03\/serestao-do-ze_2026-03-27_17-02-55.webp.webp?fit=1200%2C675&ssl=1&resize=700%2C400 2x, https:\/\/i0.wp.com\/noticiasribeiraopreto.com.br\/wp-content\/uploads\/2026\/03\/serestao-do-ze_2026-03-27_17-02-55.webp.webp?fit=1200%2C675&ssl=1&resize=1050%2C600 3x"},"classes":[]},{"id":73061,"url":"https:\/\/noticiasribeiraopreto.com.br\/index.php\/2025\/06\/24\/gusttavo-lima-chega-a-ribeirao-preto-com-o-projeto-embaixador-classic-ainda-ha-ingressos\/","url_meta":{"origin":83201,"position":5},"title":"Gusttavo Lima chega a Ribeir\u00e3o Preto com o projeto Embaixador Classic; ainda h\u00e1 ingressos","author":"noticiasribeiraopreto.com.br","date":"24 de June de 2025","format":false,"excerpt":"O cantor Gusttavo Lima se apresenta neste s\u00e1bado (28), a partir das 17h, no Est\u00e1dio Santa Cruz, em Ribeir\u00e3o Preto. O show faz parte do projeto Embaixador Classic, que traz o artista acompanhado de uma orquestra ao vivo. Ainda h\u00e1 ingressos dispon\u00edveis; os valores variam conforme o setor escolhido, com\u2026","rel":"","context":"In &quot;Not\u00edcias de Ribeir\u00e3o Preto-SP e Regi\u00e3o&quot;","block_context":{"text":"Not\u00edcias de Ribeir\u00e3o Preto-SP e Regi\u00e3o","link":"https:\/\/noticiasribeiraopreto.com.br\/index.php\/category\/noticias-de-ribeirao-preto-sp-e-regiao-ismael-colosi\/"},"img":{"alt_text":"","src":"https:\/\/i0.wp.com\/noticiasribeiraopreto.com.br\/wp-content\/uploads\/2025\/06\/IMG_9753-scaled-1_2025-01-21_15-41-41_jpg_2025-01-21_15-41-42.webp.webp?fit=1200%2C801&ssl=1&resize=350%2C200","width":350,"height":200,"srcset":"https:\/\/i0.wp.com\/noticiasribeiraopreto.com.br\/wp-content\/uploads\/2025\/06\/IMG_9753-scaled-1_2025-01-21_15-41-41_jpg_2025-01-21_15-41-42.webp.webp?fit=1200%2C801&ssl=1&resize=350%2C200 1x, https:\/\/i0.wp.com\/noticiasribeiraopreto.com.br\/wp-content\/uploads\/2025\/06\/IMG_9753-scaled-1_2025-01-21_15-41-41_jpg_2025-01-21_15-41-42.webp.webp?fit=1200%2C801&ssl=1&resize=525%2C300 1.5x, https:\/\/i0.wp.com\/noticiasribeiraopreto.com.br\/wp-content\/uploads\/2025\/06\/IMG_9753-scaled-1_2025-01-21_15-41-41_jpg_2025-01-21_15-41-42.webp.webp?fit=1200%2C801&ssl=1&resize=700%2C400 2x, https:\/\/i0.wp.com\/noticiasribeiraopreto.com.br\/wp-content\/uploads\/2025\/06\/IMG_9753-scaled-1_2025-01-21_15-41-41_jpg_2025-01-21_15-41-42.webp.webp?fit=1200%2C801&ssl=1&resize=1050%2C600 3x"},"classes":[]}],"jetpack_sharing_enabled":true,"jetpack_shortlink":"https:\/\/wp.me\/peQAOb-lDX","_links":{"self":[{"href":"https:\/\/noticiasribeiraopreto.com.br\/index.php\/wp-json\/wp\/v2\/posts\/83201","targetHints":{"allow":["GET"]}}],"collection":[{"href":"https:\/\/noticiasribeiraopreto.com.br\/index.php\/wp-json\/wp\/v2\/posts"}],"about":[{"href":"https:\/\/noticiasribeiraopreto.com.br\/index.php\/wp-json\/wp\/v2\/types\/post"}],"author":[{"embeddable":true,"href":"https:\/\/noticiasribeiraopreto.com.br\/index.php\/wp-json\/wp\/v2\/users\/1"}],"replies":[{"embeddable":true,"href":"https:\/\/noticiasribeiraopreto.com.br\/index.php\/wp-json\/wp\/v2\/comments?post=83201"}],"version-history":[{"count":0,"href":"https:\/\/noticiasribeiraopreto.com.br\/index.php\/wp-json\/wp\/v2\/posts\/83201\/revisions"}],"wp:featuredmedia":[{"embeddable":true,"href":"https:\/\/noticiasribeiraopreto.com.br\/index.php\/wp-json\/wp\/v2\/media\/83202"}],"wp:attachment":[{"href":"https:\/\/noticiasribeiraopreto.com.br\/index.php\/wp-json\/wp\/v2\/media?parent=83201"}],"wp:term":[{"taxonomy":"category","embeddable":true,"href":"https:\/\/noticiasribeiraopreto.com.br\/index.php\/wp-json\/wp\/v2\/categories?post=83201"},{"taxonomy":"post_tag","embeddable":true,"href":"https:\/\/noticiasribeiraopreto.com.br\/index.php\/wp-json\/wp\/v2\/tags?post=83201"}],"curies":[{"name":"wp","href":"https:\/\/api.w.org\/{rel}","templated":true}]}}