{"id":83203,"date":"2026-03-12T11:08:05","date_gmt":"2026-03-12T14:08:05","guid":{"rendered":"https:\/\/noticiasribeiraopreto.com.br\/index.php\/2026\/03\/12\/ministerio-publico-diz-que-vai-apurar-caso-de-bebe-que-aparece-com-cigarro-em-video-no-interior-de-sp\/"},"modified":"2026-03-12T11:08:05","modified_gmt":"2026-03-12T14:08:05","slug":"ministerio-publico-diz-que-vai-apurar-caso-de-bebe-que-aparece-com-cigarro-em-video-no-interior-de-sp","status":"publish","type":"post","link":"https:\/\/noticiasribeiraopreto.com.br\/index.php\/2026\/03\/12\/ministerio-publico-diz-que-vai-apurar-caso-de-bebe-que-aparece-com-cigarro-em-video-no-interior-de-sp\/","title":{"rendered":"Minist\u00e9rio P\u00fablico diz que vai apurar caso de beb\u00ea que aparece com cigarro em v\u00eddeo no interior de SP"},"content":{"rendered":"<div class='code-block code-block-1' style='margin: 8px 0 8px auto; text-align: right; display: block; clear: both;'>\n<p><a href=\"https:\/\/wa.link\/vpicfd\"><img data-recalc-dims=\"1\" class=\"wp-image-4922\" style=\"aspect-ratio: 2.0253164556962027; width: 561px; height: auto;\" src=\"https:\/\/i0.wp.com\/ismaelcolosi.com.br\/wp-content\/uploads\/2023\/11\/grupo-de-empregos-whatsapp-e-facebook-ismael-colosi-vagas.jpg?ssl=1\" alt=\"\" \/><\/a><\/p>\n<!-- \/wp:image -->\n<\/div>\n<p> <br \/>\n<\/p>\n<div>\n<p>A <strong>Pol\u00edcia Civil<\/strong> investiga uma suspeita de maus-tratos contra uma <strong>beb\u00ea de 1 ano e 1 m\u00eas<\/strong> em <strong>S\u00e3o Jos\u00e9 da Bela Vista<\/strong>, cidade a cerca de 84 quil\u00f4metros de <strong>Ribeir\u00e3o Preto<\/strong>.<\/p>\n<p>O caso foi registrado nesta ter\u00e7a-feira (10) e ganhou repercuss\u00e3o ap\u00f3s a <mark style=\"background-color:#fcb900\" class=\"has-inline-color\"><strong>circula\u00e7\u00e3o de um v\u00eddeo nas redes sociais <\/strong>que mostra a crian\u00e7a com um cigarro na boca \u2013 veja abaixo.<\/mark><\/p>\n<p>De acordo com o <strong>boletim de ocorr\u00eancia (BO)<\/strong>, a adolescente \u00e9 irm\u00e3 da beb\u00ea e filha da mulher que mora na casa. No entanto, ela n\u00e3o vive no local, pois sua guarda est\u00e1 com a av\u00f3. <strong>\u00c0 pol\u00edcia, a m\u00e3e da crian\u00e7a disse que a adolescente foi at\u00e9 a resid\u00eancia, pegou a beb\u00ea no colo sem que ela percebesse e gravou o v\u00eddeo. O pai afirmou que estava trabalhando no momento do ocorrido.<\/strong><\/p>\n<p>Ap\u00f3s tomarem conhecimento da grava\u00e7\u00e3o circulando em aplicativos de mensagens, os pais procuraram o<strong> Conselho Tutelar<\/strong>, receberam orienta\u00e7\u00f5es e depois foram encaminhados \u00e0 delegacia para prestar esclarecimentos.<\/p>\n<p>Ainda de acordo com o registro da ocorr\u00eancia, nas imagens analisadas pelas autoridades, o objeto colocado na boca da beb\u00ea parece ser um cigarro de palha ou possivelmente de maconha, mas a composi\u00e7\u00e3o ainda n\u00e3o foi confirmada.<\/p>\n<p><mark style=\"background-color:#fcb900\" class=\"has-inline-color\">\u00c0 <strong>EPTV<\/strong>, o <strong>Minist\u00e9rio P\u00fablico de Franca<\/strong> informou que a situa\u00e7\u00e3o da adolescente ser\u00e1 definida ap\u00f3s o fim das investiga\u00e7\u00f5es da pol\u00edcia e que tamb\u00e9m pretende avaliar se o caso foi um fato isolado ou n\u00e3o.<\/mark><\/p>\n<figure class=\"wp-block-pullquote\">\n<blockquote>\n<p>Eu entendo que \u00e9 um caso grave sim e ele \u00e9 grave n\u00e3o s\u00f3 pelo cigarro ser dado a esse bebe, mas \u00e9 grave tamb\u00e9m porque essa adolescente que tamb\u00e9m n\u00e3o devia ter acesso ao cigarro tinha o cigarro. Ent\u00e3o ele \u00e9 grave em v\u00e1rios aspectos<\/p>\n<p><cite>disse Luiza Gouveia, presidente da OAB (Ordem dos Advogados Brasileiros) de Franca.<\/cite><\/p><\/blockquote>\n<\/figure>\n<h2 class=\"wp-block-heading\"><strong>Minist\u00e9rio P\u00fablico <\/strong><\/h2>\n<p>Segundo o delegado respons\u00e1vel pela investiga\u00e7\u00e3o, <strong>Eduardo Lopes Bonfim<\/strong>, a pol\u00edcia busca esclarecer como a adolescente teve acesso ao cigarro e em quais circunst\u00e2ncias o v\u00eddeo foi gravado.<\/p>\n<figure class=\"wp-block-pullquote\">\n<blockquote>\n<p>N\u00f3s vamos apurar mais a fundo quais as circunst\u00e2ncias e por que essa crian\u00e7a estava com cigarro, se o cigarro era da casa, se foi ela [adolescente] que comprou ou algu\u00e9m comprou e passou para ela. S\u00e3o alguns pontos que ainda t\u00eam de ser esclarecidos<\/p>\n<p><cite><strong>Eduardo Lopes Bonfim<\/strong><\/cite><\/p><\/blockquote>\n<\/figure>\n<p>A av\u00f3 da adolescente, que possui a guarda legal da jovem, tamb\u00e9m foi ouvida e afirmou que n\u00e3o tinha conhecimento do ocorrido, j\u00e1 que trabalha na zona rural e passa o dia fora de casa.<\/p>\n<p><em>*Com informa\u00e7\u00f5es da EPTV<\/em><\/p>\n<figure class=\"wp-block-video\"><video controls=\"\" src=\"https:\/\/www.acidadeon.com\/ribeiraopreto\/wp-content\/uploads\/sites\/3\/2026\/03\/0311-4.mp4\"\/><\/figure>\n<hr class=\"wp-block-separator has-alpha-channel-opacity\"\/>\n<p>SAIBA MAIS<\/p>\n<p>USP Ribeir\u00e3o Preto abre inscri\u00e7\u00f5es para oficinas culturais de fotografia, forr\u00f3 e teatro<\/p>\n<h3 class=\"wp-block-heading\"><strong>FIQUE ON<\/strong><\/h3>\n<p>Fique ligado em tudo que acontece em Ribeir\u00e3o Preto e regi\u00e3o. Siga os perfis do\u00a0<strong>acidade on<\/strong>\u00a0no\u00a0<a href=\"https:\/\/www.instagram.com\/acidadeonribeirao\" target=\"_blank\" rel=\"noreferrer noopener\">Instagram<\/a>\u00a0e no<a href=\"https:\/\/www.facebook.com\/acidadeonribeirao\/\" target=\"_blank\" rel=\"noreferrer noopener\">\u00a0Facebook<\/a>.<\/p>\n<p>Receba not\u00edcias do\u00a0<strong>acidade on<\/strong>\u00a0no WhatsApp. Para entrar no grupo,\u00a0basta<a href=\"https:\/\/chat.whatsapp.com\/GFH9HUMUTHNFJdnyEd0xxq\" target=\"_blank\" rel=\"noreferrer noopener\">\u00a0clicar aqui<\/a>. Ou, acesse o nosso\u00a0Canal\u00a0<a href=\"https:\/\/whatsapp.com\/channel\/0029Vb6IQl1JENyAeS57fk2p\" target=\"_blank\" rel=\"noreferrer noopener\">clicando aqui<\/a>.<\/p>\n<p>Fa\u00e7a uma den\u00fancia ou sugira uma reportagem sobre Ribeir\u00e3o Preto e regi\u00e3o pelo WhatsApp: 16 99117 7802.<\/p>\n<p>VEJA TAMB\u00c9M<\/p>\n<p>IA preditiva e generativa: entenda as diferen\u00e7as e quando as empresas podem usar cada uma delas<\/p>\n<p><!-- AI CONTENT END 1 -->\n<\/div>\n<p><script async src=\"\/\/www.instagram.com\/embed.js\"><\/script><br \/>\n<br \/><br \/>\n<br \/><a href=\"https:\/\/www.acidadeon.com\/ribeiraopreto\/cotidiano\/ministerio-publico-diz-que-vai-apurar-caso-de-bebe-que-aparece-com-cigarro-em-video-no-interior-de-sp\/\">Source link <\/a><\/p>\n<!-- CONTENT END 1 -->\n","protected":false},"excerpt":{"rendered":"<p>A Pol\u00edcia Civil investiga uma suspeita de maus-tratos contra uma beb\u00ea de 1 ano e 1 m\u00eas em S\u00e3o Jos\u00e9 da Bela Vista, cidade a&#8230;<\/p>\n","protected":false},"author":1,"featured_media":83204,"comment_status":"open","ping_status":"open","sticky":false,"template":"","format":"standard","meta":{"advanced_seo_description":"","jetpack_seo_html_title":"","jetpack_seo_noindex":false,"jetpack_post_was_ever_published":false,"_jetpack_newsletter_access":"","_jetpack_dont_email_post_to_subs":false,"_jetpack_newsletter_tier_id":0,"_jetpack_memberships_contains_paywalled_content":false,"_jetpack_memberships_contains_paid_content":false,"footnotes":"","jetpack_publicize_message":"","jetpack_publicize_feature_enabled":true,"jetpack_social_post_already_shared":true,"jetpack_social_options":{"image_generator_settings":{"template":"highway","default_image_id":0,"font":"","enabled":false},"version":2}},"categories":[11],"tags":[],"class_list":["post-83203","post","type-post","status-publish","format-standard","has-post-thumbnail","hentry","category-noticias-de-ribeirao-preto-sp-e-regiao-ismael-colosi"],"jetpack_publicize_connections":[],"jetpack_featured_media_url":"https:\/\/i0.wp.com\/noticiasribeiraopreto.com.br\/wp-content\/uploads\/2026\/03\/palace-38_2026-03-11_22-16-29.webp.webp?fit=1200%2C675&ssl=1","jetpack-related-posts":[{"id":82750,"url":"https:\/\/noticiasribeiraopreto.com.br\/index.php\/2026\/02\/25\/adolescente-que-abandonou-bebe-em-lixeira-e-identificada\/","url_meta":{"origin":83203,"position":0},"title":"Adolescente que abandonou beb\u00ea em lixeira \u00e9 identificada","author":"noticiasribeiraopreto.com.br","date":"25 de February de 2026","format":false,"excerpt":"\r Segundo delegado, jovem escondeu gravidez da m\u00e3e e do padrasto e, ap\u00f3s nascimento, deixou em lixeira para que fam\u00edlia n\u00e3o soubesse\r \r 25 de fevereiro de 2026 12:53 \r Compartilhar1 Por: Adalberto Luque \u2013 Reginaldo Felix, delegado de Guariba, cidade da regi\u00e3o metropolitana, identificou a m\u00e3e da rec\u00e9m-nascida que\u2026","rel":"","context":"In &quot;Not\u00edcias de Ribeir\u00e3o Preto-SP e Regi\u00e3o&quot;","block_context":{"text":"Not\u00edcias de Ribeir\u00e3o Preto-SP e Regi\u00e3o","link":"https:\/\/noticiasribeiraopreto.com.br\/index.php\/category\/noticias-de-ribeirao-preto-sp-e-regiao-ismael-colosi\/"},"img":{"alt_text":"","src":"https:\/\/i0.wp.com\/noticiasribeiraopreto.com.br\/wp-content\/uploads\/2026\/02\/1772034878_25-fev-2026-bebeabandonado.jpg?fit=815%2C471&ssl=1&resize=350%2C200","width":350,"height":200,"srcset":"https:\/\/i0.wp.com\/noticiasribeiraopreto.com.br\/wp-content\/uploads\/2026\/02\/1772034878_25-fev-2026-bebeabandonado.jpg?fit=815%2C471&ssl=1&resize=350%2C200 1x, https:\/\/i0.wp.com\/noticiasribeiraopreto.com.br\/wp-content\/uploads\/2026\/02\/1772034878_25-fev-2026-bebeabandonado.jpg?fit=815%2C471&ssl=1&resize=525%2C300 1.5x, https:\/\/i0.wp.com\/noticiasribeiraopreto.com.br\/wp-content\/uploads\/2026\/02\/1772034878_25-fev-2026-bebeabandonado.jpg?fit=815%2C471&ssl=1&resize=700%2C400 2x"},"classes":[]},{"id":59998,"url":"https:\/\/noticiasribeiraopreto.com.br\/index.php\/2024\/11\/04\/casal-e-preso-apos-morte-de-bebe-por-desnutricao-na-regiao-de-ribeirao-preto\/","url_meta":{"origin":83203,"position":1},"title":"Casal \u00e9 preso ap\u00f3s morte de beb\u00ea por desnutri\u00e7\u00e3o na regi\u00e3o de Ribeir\u00e3o Preto","author":"noticiasribeiraopreto.com.br","date":"4 de November de 2024","format":false,"excerpt":"Os pais de um beb\u00ea de apenas dois meses foram presos ap\u00f3s a morte da crian\u00e7a no \u00faltimo final de semana em Franca, na regi\u00e3o de Ribeir\u00e3o Preto. Segundo o B.O. (boletim de ocorr\u00eancia), o beb\u00ea sofreu uma parada cardiorrespirat\u00f3ria e apresentava sinais de desnutri\u00e7\u00e3o. O casal foi preso acusado\u2026","rel":"","context":"In &quot;Not\u00edcias de Ribeir\u00e3o Preto-SP e Regi\u00e3o&quot;","block_context":{"text":"Not\u00edcias de Ribeir\u00e3o Preto-SP e Regi\u00e3o","link":"https:\/\/noticiasribeiraopreto.com.br\/index.php\/category\/noticias-de-ribeirao-preto-sp-e-regiao-ismael-colosi\/"},"img":{"alt_text":"","src":"https:\/\/i0.wp.com\/noticiasribeiraopreto.com.br\/wp-content\/uploads\/2024\/11\/santa_casa_500x320_10122019110753.jpg?fit=500%2C322&ssl=1&resize=350%2C200","width":350,"height":200},"classes":[]},{"id":60006,"url":"https:\/\/noticiasribeiraopreto.com.br\/index.php\/2024\/11\/04\/casal-e-preso-apos-morte-de-bebe-por-desnutricao-na-regiao-de-ribeirao-preto-2\/","url_meta":{"origin":83203,"position":2},"title":"Casal \u00e9 preso ap\u00f3s morte de beb\u00ea por desnutri\u00e7\u00e3o na regi\u00e3o de Ribeir\u00e3o Preto","author":"noticiasribeiraopreto.com.br","date":"4 de November de 2024","format":false,"excerpt":"Os pais de um beb\u00ea de apenas dois meses foram presos ap\u00f3s a morte da crian\u00e7a no \u00faltimo final de semana em Franca, na regi\u00e3o de Ribeir\u00e3o Preto. Segundo o B.O. (boletim de ocorr\u00eancia), o beb\u00ea sofreu uma parada cardiorrespirat\u00f3ria e apresentava sinais de desnutri\u00e7\u00e3o. O casal foi preso acusado\u2026","rel":"","context":"In &quot;Not\u00edcias de Ribeir\u00e3o Preto-SP e Regi\u00e3o&quot;","block_context":{"text":"Not\u00edcias de Ribeir\u00e3o Preto-SP e Regi\u00e3o","link":"https:\/\/noticiasribeiraopreto.com.br\/index.php\/category\/noticias-de-ribeirao-preto-sp-e-regiao-ismael-colosi\/"},"img":{"alt_text":"","src":"https:\/\/i0.wp.com\/noticiasribeiraopreto.com.br\/wp-content\/uploads\/2024\/11\/franca_2024-11-04_15-11-54_jpg_2024-11-04_15-11-54.webp.webp?fit=865%2C558&ssl=1&resize=350%2C200","width":350,"height":200,"srcset":"https:\/\/i0.wp.com\/noticiasribeiraopreto.com.br\/wp-content\/uploads\/2024\/11\/franca_2024-11-04_15-11-54_jpg_2024-11-04_15-11-54.webp.webp?fit=865%2C558&ssl=1&resize=350%2C200 1x, https:\/\/i0.wp.com\/noticiasribeiraopreto.com.br\/wp-content\/uploads\/2024\/11\/franca_2024-11-04_15-11-54_jpg_2024-11-04_15-11-54.webp.webp?fit=865%2C558&ssl=1&resize=525%2C300 1.5x, https:\/\/i0.wp.com\/noticiasribeiraopreto.com.br\/wp-content\/uploads\/2024\/11\/franca_2024-11-04_15-11-54_jpg_2024-11-04_15-11-54.webp.webp?fit=865%2C558&ssl=1&resize=700%2C400 2x"},"classes":[]},{"id":80540,"url":"https:\/\/noticiasribeiraopreto.com.br\/index.php\/2025\/12\/05\/mulher-e-detida-usando-crianca-e-bebe-em-furto-no-calcadao\/","url_meta":{"origin":83203,"position":3},"title":"Mulher \u00e9 detida usando crian\u00e7a e beb\u00ea em furto no cal\u00e7ad\u00e3o","author":"noticiasribeiraopreto.com.br","date":"5 de December de 2025","format":false,"excerpt":"\r Ela havia furtado dois vestidos, uma bermuda e uma blusa, usando a crian\u00e7a mais velha para esconder as roupas no carrinho do beb\u00ea\r \r 5 de dezembro de 2025 10:07 \r Compartilhar1 Por: Adalberto Luque Uma mulher foi presa, no in\u00edcio da noite desta quinta-feira (4), por furto. Ela\u2026","rel":"","context":"In &quot;Not\u00edcias de Ribeir\u00e3o Preto-SP e Regi\u00e3o&quot;","block_context":{"text":"Not\u00edcias de Ribeir\u00e3o Preto-SP e Regi\u00e3o","link":"https:\/\/noticiasribeiraopreto.com.br\/index.php\/category\/noticias-de-ribeirao-preto-sp-e-regiao-ismael-colosi\/"},"img":{"alt_text":"","src":"https:\/\/i0.wp.com\/noticiasribeiraopreto.com.br\/wp-content\/uploads\/2025\/12\/05-dez-2025-furtocalcadao1-scaled.jpg?fit=1200%2C503&ssl=1&resize=350%2C200","width":350,"height":200,"srcset":"https:\/\/i0.wp.com\/noticiasribeiraopreto.com.br\/wp-content\/uploads\/2025\/12\/05-dez-2025-furtocalcadao1-scaled.jpg?fit=1200%2C503&ssl=1&resize=350%2C200 1x, https:\/\/i0.wp.com\/noticiasribeiraopreto.com.br\/wp-content\/uploads\/2025\/12\/05-dez-2025-furtocalcadao1-scaled.jpg?fit=1200%2C503&ssl=1&resize=525%2C300 1.5x, https:\/\/i0.wp.com\/noticiasribeiraopreto.com.br\/wp-content\/uploads\/2025\/12\/05-dez-2025-furtocalcadao1-scaled.jpg?fit=1200%2C503&ssl=1&resize=700%2C400 2x, https:\/\/i0.wp.com\/noticiasribeiraopreto.com.br\/wp-content\/uploads\/2025\/12\/05-dez-2025-furtocalcadao1-scaled.jpg?fit=1200%2C503&ssl=1&resize=1050%2C600 3x"},"classes":[]},{"id":52563,"url":"https:\/\/noticiasribeiraopreto.com.br\/index.php\/2024\/06\/09\/pm-resgata-bebe-preso-dentro-de-carro-na-regiao-de-ribeirao-preto\/","url_meta":{"origin":83203,"position":4},"title":"PM resgata beb\u00ea preso dentro\u00a0de carro na regi\u00e3o de Ribeir\u00e3o Preto","author":"noticiasribeiraopreto.com.br","date":"9 de June de 2024","format":false,"excerpt":"Uma equipe da Pol\u00edcia Militar (PM) resgatou, neste domingo (09), um beb\u00ea de 1 ano e 5 meses que ficou preso dentro de um carro em Sert\u00e3ozinho, cidade a aproximadamente 20 quil\u00f4metros de Ribeir\u00e3o Preto. O caso aconteceu dentro da garagem de uma resid\u00eancia na rua Francisco Ferreira da Mata.\u2026","rel":"","context":"In &quot;Not\u00edcias de Ribeir\u00e3o Preto-SP e Regi\u00e3o&quot;","block_context":{"text":"Not\u00edcias de Ribeir\u00e3o Preto-SP e Regi\u00e3o","link":"https:\/\/noticiasribeiraopreto.com.br\/index.php\/category\/noticias-de-ribeirao-preto-sp-e-regiao-ismael-colosi\/"},"img":{"alt_text":"","src":"https:\/\/i0.wp.com\/noticiasribeiraopreto.com.br\/wp-content\/uploads\/2024\/06\/Capturar-11.jpg?fit=730%2C480&ssl=1&resize=350%2C200","width":350,"height":200,"srcset":"https:\/\/i0.wp.com\/noticiasribeiraopreto.com.br\/wp-content\/uploads\/2024\/06\/Capturar-11.jpg?fit=730%2C480&ssl=1&resize=350%2C200 1x, https:\/\/i0.wp.com\/noticiasribeiraopreto.com.br\/wp-content\/uploads\/2024\/06\/Capturar-11.jpg?fit=730%2C480&ssl=1&resize=525%2C300 1.5x, https:\/\/i0.wp.com\/noticiasribeiraopreto.com.br\/wp-content\/uploads\/2024\/06\/Capturar-11.jpg?fit=730%2C480&ssl=1&resize=700%2C400 2x"},"classes":[]},{"id":61784,"url":"https:\/\/noticiasribeiraopreto.com.br\/index.php\/2024\/12\/21\/policia-investiga-morte-de-bebe-durante-confraternizacao-na-regiao-de-ribeirao\/","url_meta":{"origin":83203,"position":5},"title":"Pol\u00edcia investiga morte de beb\u00ea durante confraterniza\u00e7\u00e3o na regi\u00e3o de Ribeir\u00e3o","author":"noticiasribeiraopreto.com.br","date":"21 de December de 2024","format":false,"excerpt":"A Pol\u00edcia Civil investiga a morte de uma beb\u00ea de seis meses durante uma confraterniza\u00e7\u00e3o em Sert\u00e3ozinho, cidade na regi\u00e3o de Ribeir\u00e3o Preto, na manh\u00e3 deste s\u00e1bado (21). Os pais foram detidos e o caso foi registrado como homic\u00eddio culposo, quando n\u00e3o h\u00e1 inten\u00e7\u00e3o de matar. De acordo com o\u2026","rel":"","context":"In &quot;Not\u00edcias de Ribeir\u00e3o Preto-SP e Regi\u00e3o&quot;","block_context":{"text":"Not\u00edcias de Ribeir\u00e3o Preto-SP e Regi\u00e3o","link":"https:\/\/noticiasribeiraopreto.com.br\/index.php\/category\/noticias-de-ribeirao-preto-sp-e-regiao-ismael-colosi\/"},"img":{"alt_text":"","src":"https:\/\/i0.wp.com\/noticiasribeiraopreto.com.br\/wp-content\/uploads\/2024\/12\/giroflex_policia_1024x576_23032020103807.jpg?fit=1024%2C576&ssl=1&resize=350%2C200","width":350,"height":200,"srcset":"https:\/\/i0.wp.com\/noticiasribeiraopreto.com.br\/wp-content\/uploads\/2024\/12\/giroflex_policia_1024x576_23032020103807.jpg?fit=1024%2C576&ssl=1&resize=350%2C200 1x, https:\/\/i0.wp.com\/noticiasribeiraopreto.com.br\/wp-content\/uploads\/2024\/12\/giroflex_policia_1024x576_23032020103807.jpg?fit=1024%2C576&ssl=1&resize=525%2C300 1.5x, https:\/\/i0.wp.com\/noticiasribeiraopreto.com.br\/wp-content\/uploads\/2024\/12\/giroflex_policia_1024x576_23032020103807.jpg?fit=1024%2C576&ssl=1&resize=700%2C400 2x"},"classes":[]}],"jetpack_sharing_enabled":true,"jetpack_shortlink":"https:\/\/wp.me\/peQAOb-lDZ","_links":{"self":[{"href":"https:\/\/noticiasribeiraopreto.com.br\/index.php\/wp-json\/wp\/v2\/posts\/83203","targetHints":{"allow":["GET"]}}],"collection":[{"href":"https:\/\/noticiasribeiraopreto.com.br\/index.php\/wp-json\/wp\/v2\/posts"}],"about":[{"href":"https:\/\/noticiasribeiraopreto.com.br\/index.php\/wp-json\/wp\/v2\/types\/post"}],"author":[{"embeddable":true,"href":"https:\/\/noticiasribeiraopreto.com.br\/index.php\/wp-json\/wp\/v2\/users\/1"}],"replies":[{"embeddable":true,"href":"https:\/\/noticiasribeiraopreto.com.br\/index.php\/wp-json\/wp\/v2\/comments?post=83203"}],"version-history":[{"count":0,"href":"https:\/\/noticiasribeiraopreto.com.br\/index.php\/wp-json\/wp\/v2\/posts\/83203\/revisions"}],"wp:featuredmedia":[{"embeddable":true,"href":"https:\/\/noticiasribeiraopreto.com.br\/index.php\/wp-json\/wp\/v2\/media\/83204"}],"wp:attachment":[{"href":"https:\/\/noticiasribeiraopreto.com.br\/index.php\/wp-json\/wp\/v2\/media?parent=83203"}],"wp:term":[{"taxonomy":"category","embeddable":true,"href":"https:\/\/noticiasribeiraopreto.com.br\/index.php\/wp-json\/wp\/v2\/categories?post=83203"},{"taxonomy":"post_tag","embeddable":true,"href":"https:\/\/noticiasribeiraopreto.com.br\/index.php\/wp-json\/wp\/v2\/tags?post=83203"}],"curies":[{"name":"wp","href":"https:\/\/api.w.org\/{rel}","templated":true}]}}