{"id":83207,"date":"2026-03-12T11:19:17","date_gmt":"2026-03-12T14:19:17","guid":{"rendered":"https:\/\/noticiasribeiraopreto.com.br\/index.php\/2026\/03\/12\/usp-ribeirao-preto-abre-inscricoes-para-oficinas-culturais-de-fotografia-forro-e-teatro\/"},"modified":"2026-03-12T11:19:17","modified_gmt":"2026-03-12T14:19:17","slug":"usp-ribeirao-preto-abre-inscricoes-para-oficinas-culturais-de-fotografia-forro-e-teatro","status":"publish","type":"post","link":"https:\/\/noticiasribeiraopreto.com.br\/index.php\/2026\/03\/12\/usp-ribeirao-preto-abre-inscricoes-para-oficinas-culturais-de-fotografia-forro-e-teatro\/","title":{"rendered":"USP Ribeir\u00e3o Preto abre inscri\u00e7\u00f5es para oficinas culturais de fotografia, forr\u00f3 e teatro"},"content":{"rendered":"<div class='code-block code-block-1' style='margin: 8px 0 8px auto; text-align: right; display: block; clear: both;'>\n<p><a href=\"https:\/\/wa.link\/vpicfd\"><img data-recalc-dims=\"1\" class=\"wp-image-4922\" style=\"aspect-ratio: 2.0253164556962027; width: 561px; height: auto;\" src=\"https:\/\/i0.wp.com\/ismaelcolosi.com.br\/wp-content\/uploads\/2023\/11\/grupo-de-empregos-whatsapp-e-facebook-ismael-colosi-vagas.jpg?ssl=1\" alt=\"\" \/><\/a><\/p>\n<!-- \/wp:image -->\n<\/div>\n<p> <br \/>\n<\/p>\n<div>\n<p>A Universidade de S\u00e3o Paulo (USP) em Ribeir\u00e3o Preto est\u00e1 com <strong>inscri\u00e7\u00f5es abertas para as primeiras oficinas culturais de 2026<\/strong>, promovidas pela Se\u00e7\u00e3o de Atividades Culturais da Prefeitura do campus. As vagas s\u00e3o limitadas e, nesta primeira etapa, est\u00e3o dispon\u00edveis cursos de <strong>Fotografia B\u00e1sica, Forr\u00f3 Universit\u00e1rio e atividades do N\u00facleo de Teatro da USP (Tusp)<\/strong>.<\/p>\n<p>As <strong>inscri\u00e7\u00f5es devem ser feitas exclusivamente on-line<\/strong> \u2013<a href=\"https:\/\/www.prefeiturarp.usp.br\/cultura\/AC01oficinas.html\" data-type=\"link\" data-id=\"https:\/\/www.prefeiturarp.usp.br\/cultura\/AC01oficinas.html\" target=\"_blank\" rel=\"noopener\"> clique aqui.<\/a><\/p>\n<h3 class=\"wp-block-heading\"><strong>Fotografia B\u00e1sica<\/strong><\/h3>\n<p>A oficina de <strong>Fotografia B\u00e1sica<\/strong>, coordenada pelo professor <strong>Carlos de Arajo Arantes<\/strong>, \u00e9 destinada a participantes com <strong>idade m\u00ednima de 16 anos<\/strong> que possuam <strong>c\u00e2mera digital SLR com regulagem manual e objetiva intercambi\u00e1vel<\/strong>.<\/p>\n<p>As aulas ser\u00e3o realizadas <strong>\u00e0s ter\u00e7as e quintas-feiras, das 16h \u00e0s 18h<\/strong>, na <strong>Se\u00e7\u00e3o de Atividades Culturais<\/strong>, localizada na rua Pedreira de Freitas, casa 4, no campus da USP Ribeir\u00e3o Preto.<\/p>\n<p>O curso ocorre <strong>de 17 de mar\u00e7o a 25 de junho<\/strong> e oferece <strong>20 vagas<\/strong> (Turma 551).<\/p>\n<h3 class=\"wp-block-heading\"><strong>Forr\u00f3 Universit\u00e1rio ter\u00e1 duas turmas<\/strong><\/h3>\n<p>A oficina de <strong>Forr\u00f3 Universit\u00e1rio<\/strong>, coordenada pelo professor <strong>Carlos Dellavechia de Carvalho<\/strong>, \u00e9 voltada para <strong>maiores de 18 anos<\/strong> e contar\u00e1 com <strong>duas turmas \u00e0s quintas-feiras<\/strong>:<\/p>\n<ul class=\"wp-block-list\">\n<li><strong>Turma 552:<\/strong> das <strong>19h \u00e0s 20h<\/strong><\/li>\n<li><strong>Turma 553:<\/strong> das <strong>20h \u00e0s 21h<\/strong><\/li>\n<\/ul>\n<div class=\"wp-block-image\">\n<figure class=\"aligncenter size-large is-resized\"><img data-recalc-dims=\"1\" fetchpriority=\"high\" decoding=\"async\" width=\"1024\" height=\"683\" src=\"https:\/\/i0.wp.com\/cdn.media-acidadeon.com.br\/ribeiraopreto\/wp-content\/uploads\/sites\/3\/2026\/03\/young-beautiful-couple-dancing-with-passion-1_2026-03-11_21-20-18-1024x683.webp?resize=1024%2C683&#038;ssl=1\" alt=\"oficina\" class=\"wp-image-148519\" style=\"width:724px;height:auto\" title=\"USP Ribeir\u00e3o Preto abre inscri\u00e7\u00f5es para oficinas culturais de fotografia, forr\u00f3 e teatro 1\" srcset=\"https:\/\/cdn.media-acidadeon.com.br\/ribeiraopreto\/wp-content\/uploads\/sites\/3\/2026\/03\/young-beautiful-couple-dancing-with-passion-1_2026-03-11_21-20-18-1024x683.webp 1024w, https:\/\/cdn.media-acidadeon.com.br\/ribeiraopreto\/wp-content\/uploads\/sites\/3\/2026\/03\/young-beautiful-couple-dancing-with-passion-1_2026-03-11_21-20-18-300x200.webp 300w, https:\/\/cdn.media-acidadeon.com.br\/ribeiraopreto\/wp-content\/uploads\/sites\/3\/2026\/03\/young-beautiful-couple-dancing-with-passion-1_2026-03-11_21-20-18-768x512.webp 768w, https:\/\/cdn.media-acidadeon.com.br\/ribeiraopreto\/wp-content\/uploads\/sites\/3\/2026\/03\/young-beautiful-couple-dancing-with-passion-1_2026-03-11_21-20-18-696x464.webp 696w, https:\/\/cdn.media-acidadeon.com.br\/ribeiraopreto\/wp-content\/uploads\/sites\/3\/2026\/03\/young-beautiful-couple-dancing-with-passion-1_2026-03-11_21-20-18-1068x712.webp 1068w, https:\/\/cdn.media-acidadeon.com.br\/ribeiraopreto\/wp-content\/uploads\/sites\/3\/2026\/03\/young-beautiful-couple-dancing-with-passion-1_2026-03-11_21-20-18.webp 1200w\" sizes=\"(max-width: 1024px) 100vw, 1024px\"\/><\/figure>\n<\/div>\n<p>As atividades tamb\u00e9m acontecem na <strong>Se\u00e7\u00e3o de Atividades Culturais<\/strong> e ser\u00e3o realizadas <strong>de 19 de mar\u00e7o a 25 de junho<\/strong>. Cada turma ter\u00e1 <strong>20 vagas dispon\u00edveis<\/strong>.<\/p>\n<h3 class=\"wp-block-heading\"><strong>N\u00facleo de Teatro da USP <\/strong><\/h3>\n<p>O <strong>N\u00facleo de Teatro da USP (Tusp)<\/strong>, coordenado pelo professor <strong>Dilson Rufino<\/strong>, oferece um espa\u00e7o de experimenta\u00e7\u00e3o e troca de processos criativos para interessados em teatro, <strong>com ou sem experi\u00eancia anterior<\/strong>.<\/p>\n<p>Durante os encontros, os participantes desenvolvem <strong>atividades expressivas, jogos teatrais e leituras dram\u00e1ticas<\/strong>, estimulando a cria\u00e7\u00e3o art\u00edstica e a intera\u00e7\u00e3o entre os participantes.<\/p>\n<figure class=\"wp-block-gallery has-nested-images columns-default is-cropped wp-block-gallery-1 is-layout-flex wp-block-gallery-is-layout-flex\">\n<figure class=\"wp-block-image size-large\"><img data-recalc-dims=\"1\" loading=\"lazy\" decoding=\"async\" width=\"1024\" height=\"576\" data-id=\"148521\" src=\"https:\/\/i0.wp.com\/cdn.media-acidadeon.com.br\/ribeiraopreto\/wp-content\/uploads\/sites\/3\/2026\/03\/palace-64_2026-03-11_21-23-37-1024x576.webp?resize=1024%2C576&#038;ssl=1\" alt=\"curso\" class=\"wp-image-148521\" title=\"USP Ribeir\u00e3o Preto abre inscri\u00e7\u00f5es para oficinas culturais de fotografia, forr\u00f3 e teatro 2\" srcset=\"https:\/\/cdn.media-acidadeon.com.br\/ribeiraopreto\/wp-content\/uploads\/sites\/3\/2026\/03\/palace-64_2026-03-11_21-23-37-1024x576.webp 1024w, https:\/\/cdn.media-acidadeon.com.br\/ribeiraopreto\/wp-content\/uploads\/sites\/3\/2026\/03\/palace-64_2026-03-11_21-23-37-300x169.webp 300w, https:\/\/cdn.media-acidadeon.com.br\/ribeiraopreto\/wp-content\/uploads\/sites\/3\/2026\/03\/palace-64_2026-03-11_21-23-37-768x432.webp 768w, https:\/\/cdn.media-acidadeon.com.br\/ribeiraopreto\/wp-content\/uploads\/sites\/3\/2026\/03\/palace-64_2026-03-11_21-23-37-696x392.webp 696w, https:\/\/cdn.media-acidadeon.com.br\/ribeiraopreto\/wp-content\/uploads\/sites\/3\/2026\/03\/palace-64_2026-03-11_21-23-37-1068x601.webp 1068w, https:\/\/cdn.media-acidadeon.com.br\/ribeiraopreto\/wp-content\/uploads\/sites\/3\/2026\/03\/palace-64_2026-03-11_21-23-37.webp 1200w\" sizes=\"auto, (max-width: 1024px) 100vw, 1024px\"\/><\/figure>\n<figure class=\"wp-block-image size-large\"><img data-recalc-dims=\"1\" loading=\"lazy\" decoding=\"async\" width=\"1024\" height=\"683\" data-id=\"148522\" src=\"https:\/\/i0.wp.com\/cdn.media-acidadeon.com.br\/ribeiraopreto\/wp-content\/uploads\/sites\/3\/2026\/03\/couple-mime-artist-performing-stage-auditorium_2026-03-11_21-23-40-1024x683.webp?resize=1024%2C683&#038;ssl=1\" alt=\"teatro\" class=\"wp-image-148522\" title=\"USP Ribeir\u00e3o Preto abre inscri\u00e7\u00f5es para oficinas culturais de fotografia, forr\u00f3 e teatro 3\" srcset=\"https:\/\/cdn.media-acidadeon.com.br\/ribeiraopreto\/wp-content\/uploads\/sites\/3\/2026\/03\/couple-mime-artist-performing-stage-auditorium_2026-03-11_21-23-40-1024x683.webp 1024w, https:\/\/cdn.media-acidadeon.com.br\/ribeiraopreto\/wp-content\/uploads\/sites\/3\/2026\/03\/couple-mime-artist-performing-stage-auditorium_2026-03-11_21-23-40-300x200.webp 300w, https:\/\/cdn.media-acidadeon.com.br\/ribeiraopreto\/wp-content\/uploads\/sites\/3\/2026\/03\/couple-mime-artist-performing-stage-auditorium_2026-03-11_21-23-40-768x512.webp 768w, https:\/\/cdn.media-acidadeon.com.br\/ribeiraopreto\/wp-content\/uploads\/sites\/3\/2026\/03\/couple-mime-artist-performing-stage-auditorium_2026-03-11_21-23-40-696x464.webp 696w, https:\/\/cdn.media-acidadeon.com.br\/ribeiraopreto\/wp-content\/uploads\/sites\/3\/2026\/03\/couple-mime-artist-performing-stage-auditorium_2026-03-11_21-23-40-1068x712.webp 1068w, https:\/\/cdn.media-acidadeon.com.br\/ribeiraopreto\/wp-content\/uploads\/sites\/3\/2026\/03\/couple-mime-artist-performing-stage-auditorium_2026-03-11_21-23-40.webp 1200w\" sizes=\"auto, (max-width: 1024px) 100vw, 1024px\"\/><\/figure>\n<\/figure>\n<p>As aulas ser\u00e3o realizadas no <strong>Espa\u00e7o de Arte e Cultura<\/strong>, pr\u00f3ximo \u00e0 ag\u00eancia do Banco do Brasil, na Avenida Professor Doutor H\u00e9lio Louren\u00e7o, com duas turmas:<\/p>\n<ul class=\"wp-block-list\">\n<li><strong>Turma 554:<\/strong> ter\u00e7as-feiras, das <strong>18h \u00e0s 20h<\/strong>, de <strong>17 de mar\u00e7o a 23 de mar\u00e7o<\/strong> \u2013 <strong>30 vagas<\/strong><\/li>\n<li><strong>Turma 555:<\/strong> quartas-feiras, das <strong>17h \u00e0s 18h45<\/strong>, de <strong>18 de mar\u00e7o a 24 de junho<\/strong> \u2013 <strong>30 vagas<\/strong><\/li>\n<\/ul>\n<hr class=\"wp-block-separator has-alpha-channel-opacity\"\/>\n<p><!-- AI CONTENT END 1 -->\n<\/div>\n<p><br \/>\n<br \/><a href=\"https:\/\/www.acidadeon.com\/ribeiraopreto\/lazer-e-cultura\/usp-ribeirao-preto-abre-inscricoes-para-oficinas-culturais-de-fotografia-forro-e-teatro\/\">Source link <\/a><\/p>\n<!-- CONTENT END 1 -->\n","protected":false},"excerpt":{"rendered":"<p>A Universidade de S\u00e3o Paulo (USP) em Ribeir\u00e3o Preto est\u00e1 com inscri\u00e7\u00f5es abertas para as primeiras oficinas culturais de 2026, promovidas pela Se\u00e7\u00e3o de Atividades&#8230;<\/p>\n","protected":false},"author":1,"featured_media":83208,"comment_status":"open","ping_status":"open","sticky":false,"template":"","format":"standard","meta":{"advanced_seo_description":"","jetpack_seo_html_title":"","jetpack_seo_noindex":false,"jetpack_post_was_ever_published":false,"_jetpack_newsletter_access":"","_jetpack_dont_email_post_to_subs":false,"_jetpack_newsletter_tier_id":0,"_jetpack_memberships_contains_paywalled_content":false,"_jetpack_memberships_contains_paid_content":false,"footnotes":"","jetpack_publicize_message":"","jetpack_publicize_feature_enabled":true,"jetpack_social_post_already_shared":true,"jetpack_social_options":{"image_generator_settings":{"template":"highway","default_image_id":0,"font":"","enabled":false},"version":2}},"categories":[11],"tags":[],"class_list":["post-83207","post","type-post","status-publish","format-standard","has-post-thumbnail","hentry","category-noticias-de-ribeirao-preto-sp-e-regiao-ismael-colosi"],"jetpack_publicize_connections":[],"jetpack_featured_media_url":"https:\/\/i0.wp.com\/noticiasribeiraopreto.com.br\/wp-content\/uploads\/2026\/03\/palace-65_2026-03-11_21-26-26.webp.webp?fit=1200%2C675&ssl=1","jetpack-related-posts":[{"id":2675,"url":"https:\/\/noticiasribeiraopreto.com.br\/index.php\/2023\/11\/16\/teatro-de-ribeirao-preto-promove-oficina-gratuita-de-fotografia\/","url_meta":{"origin":83207,"position":0},"title":"Teatro de Ribeir\u00e3o Preto promove oficina gratuita de fotografia \u00a0","author":"noticiasribeiraopreto.com.br","date":"16 de November de 2023","format":false,"excerpt":"O Teatro Sesi, localizado no Jardim Castelo Branco, em Ribeir\u00e3o Preto recebe, nos dias 17 e 24 de novembro, a oficina de fotografia \u2018Light Painting\u2019, \u00e0s 19h. \u00a0 A entrada \u00e9 gratuita e aberta ao p\u00fablico, mas \u00e9 necess\u00e1rio reservar os ingressos on-line (aqui). Para realizar a reserva, o cadastro\u2026","rel":"","context":"In &quot;Not\u00edcias de Ribeir\u00e3o Preto-SP e Regi\u00e3o&quot;","block_context":{"text":"Not\u00edcias de Ribeir\u00e3o Preto-SP e Regi\u00e3o","link":"https:\/\/noticiasribeiraopreto.com.br\/index.php\/category\/noticias-de-ribeirao-preto-sp-e-regiao-ismael-colosi\/"},"img":{"alt_text":"","src":"https:\/\/i0.wp.com\/noticiasribeiraopreto.com.br\/wp-content\/uploads\/2023\/11\/uma-jovem-com-uma-camera-profissional-tira-uma-foto-na-natureza-scaled.jpg?fit=1081%2C1200&ssl=1&resize=350%2C200","width":350,"height":200,"srcset":"https:\/\/i0.wp.com\/noticiasribeiraopreto.com.br\/wp-content\/uploads\/2023\/11\/uma-jovem-com-uma-camera-profissional-tira-uma-foto-na-natureza-scaled.jpg?fit=1081%2C1200&ssl=1&resize=350%2C200 1x, https:\/\/i0.wp.com\/noticiasribeiraopreto.com.br\/wp-content\/uploads\/2023\/11\/uma-jovem-com-uma-camera-profissional-tira-uma-foto-na-natureza-scaled.jpg?fit=1081%2C1200&ssl=1&resize=525%2C300 1.5x, https:\/\/i0.wp.com\/noticiasribeiraopreto.com.br\/wp-content\/uploads\/2023\/11\/uma-jovem-com-uma-camera-profissional-tira-uma-foto-na-natureza-scaled.jpg?fit=1081%2C1200&ssl=1&resize=700%2C400 2x, https:\/\/i0.wp.com\/noticiasribeiraopreto.com.br\/wp-content\/uploads\/2023\/11\/uma-jovem-com-uma-camera-profissional-tira-uma-foto-na-natureza-scaled.jpg?fit=1081%2C1200&ssl=1&resize=1050%2C600 3x"},"classes":[]},{"id":8474,"url":"https:\/\/noticiasribeiraopreto.com.br\/index.php\/2023\/11\/30\/biblioteca-de-ribeirao-preto-tem-programacao-gratuita-de-natal\/","url_meta":{"origin":83207,"position":1},"title":"Biblioteca de Ribeir\u00e3o Preto tem programa\u00e7\u00e3o gratuita de Natal\u00a0","author":"noticiasribeiraopreto.com.br","date":"30 de November de 2023","format":false,"excerpt":"A Biblioteca Sinh\u00e1 Junqueira, localizada no Centro de Ribeir\u00e3o Preto, ir\u00e1 realizar no m\u00eas de dezembro uma programa\u00e7\u00e3o especial de Natal e voltada para as f\u00e9rias das crian\u00e7as. \u00a0 Com a tem\u00e1tica \u2018F\u00e9rias Natalinas\u2019, haver\u00e1 oficinas, shows e atividades para todos os gostos e idades. \u00a0 Confira a programa\u00e7\u00e3o \u00a0\u2026","rel":"","context":"In &quot;Not\u00edcias de Ribeir\u00e3o Preto-SP e Regi\u00e3o&quot;","block_context":{"text":"Not\u00edcias de Ribeir\u00e3o Preto-SP e Regi\u00e3o","link":"https:\/\/noticiasribeiraopreto.com.br\/index.php\/category\/noticias-de-ribeirao-preto-sp-e-regiao-ismael-colosi\/"},"img":{"alt_text":"","src":"https:\/\/i0.wp.com\/noticiasribeiraopreto.com.br\/wp-content\/uploads\/2023\/11\/20220203-130306-1-scaled.jpg?fit=1200%2C900&ssl=1&resize=350%2C200","width":350,"height":200,"srcset":"https:\/\/i0.wp.com\/noticiasribeiraopreto.com.br\/wp-content\/uploads\/2023\/11\/20220203-130306-1-scaled.jpg?fit=1200%2C900&ssl=1&resize=350%2C200 1x, https:\/\/i0.wp.com\/noticiasribeiraopreto.com.br\/wp-content\/uploads\/2023\/11\/20220203-130306-1-scaled.jpg?fit=1200%2C900&ssl=1&resize=525%2C300 1.5x, https:\/\/i0.wp.com\/noticiasribeiraopreto.com.br\/wp-content\/uploads\/2023\/11\/20220203-130306-1-scaled.jpg?fit=1200%2C900&ssl=1&resize=700%2C400 2x, https:\/\/i0.wp.com\/noticiasribeiraopreto.com.br\/wp-content\/uploads\/2023\/11\/20220203-130306-1-scaled.jpg?fit=1200%2C900&ssl=1&resize=1050%2C600 3x"},"classes":[]},{"id":43625,"url":"https:\/\/noticiasribeiraopreto.com.br\/index.php\/2024\/03\/22\/prefeitura-municipal-de-ribeirao-preto\/","url_meta":{"origin":83207,"position":2},"title":"Inscri\u00e7\u00f5es abertas para a oficina de teatro gratuita \u201cOutros Contos: Contando Teatro\u201d","author":"noticiasribeiraopreto.com.br","date":"22 de March de 2024","format":false,"excerpt":"30\/04\/2024 15:31 - Cultura Inscri\u00e7\u00f5es abertas para a oficina de teatro gratuita \u201cOutros Contos: Contando Teatro\u201d Ser\u00e3o disponibilizadas 20 vagas para quatro op\u00e7\u00f5es de dias e hor\u00e1rios na Arena Por\u00e3o\r \r \u00a0\r \r Est\u00e3o\u00a0abertas as inscri\u00e7\u00f5es\u00a0para a oficina de teatro gratuita \u201cOutros Contos: Contando Teatro\u201d que acontece nos dias 3,\u2026","rel":"","context":"In &quot;Vagas de Emprego em Ribeir\u00e3o Preto-SP&quot;","block_context":{"text":"Vagas de Emprego em Ribeir\u00e3o Preto-SP","link":"https:\/\/noticiasribeiraopreto.com.br\/index.php\/category\/empregos-classificados-vagas-trabalho\/vagas-de-empregos-em-ribeirao-preto-regiao-brasil\/"},"img":{"alt_text":"","src":"https:\/\/i0.wp.com\/noticiasribeiraopreto.com.br\/wp-content\/uploads\/2024\/05\/outros_contos.jpeg?fit=969%2C1080&ssl=1&resize=350%2C200","width":350,"height":200,"srcset":"https:\/\/i0.wp.com\/noticiasribeiraopreto.com.br\/wp-content\/uploads\/2024\/05\/outros_contos.jpeg?fit=969%2C1080&ssl=1&resize=350%2C200 1x, https:\/\/i0.wp.com\/noticiasribeiraopreto.com.br\/wp-content\/uploads\/2024\/05\/outros_contos.jpeg?fit=969%2C1080&ssl=1&resize=525%2C300 1.5x, https:\/\/i0.wp.com\/noticiasribeiraopreto.com.br\/wp-content\/uploads\/2024\/05\/outros_contos.jpeg?fit=969%2C1080&ssl=1&resize=700%2C400 2x"},"classes":[]},{"id":84165,"url":"https:\/\/noticiasribeiraopreto.com.br\/index.php\/2026\/04\/03\/encenacao-da-paixao-de-cristo-chega-a-41a-edicao-com-espetaculo-no-teatro-de-arena\/","url_meta":{"origin":83207,"position":3},"title":"Encena\u00e7\u00e3o da Paix\u00e3o de Cristo chega \u00e0 41\u00aa edi\u00e7\u00e3o com espet\u00e1culo no Teatro de Arena","author":"noticiasribeiraopreto.com.br","date":"3 de April de 2026","format":false,"excerpt":"Ler o resumo da not\u00edcia Encena\u00e7\u00e3o da Paix\u00e3o de Cristo chega \u00e0 41\u00aa edi\u00e7\u00e3o com espet\u00e1culo no Teatro de Arena A Secretaria Municipal da Cultura e Turismo de Ribeir\u00e3o Preto, em parceria com a Cia Minaz, realiza nesta sexta-feira (3), \u00e0s 18h, a 41\u00aa edi\u00e7\u00e3o da Paix\u00e3o de Cristo. O\u2026","rel":"","context":"In &quot;Not\u00edcias de Ribeir\u00e3o Preto-SP e Regi\u00e3o&quot;","block_context":{"text":"Not\u00edcias de Ribeir\u00e3o Preto-SP e Regi\u00e3o","link":"https:\/\/noticiasribeiraopreto.com.br\/index.php\/category\/noticias-de-ribeirao-preto-sp-e-regiao-ismael-colosi\/"},"img":{"alt_text":"","src":"https:\/\/i0.wp.com\/noticiasribeiraopreto.com.br\/wp-content\/uploads\/2026\/04\/caminhada_do_calvario_-_foto_amigos_da_fotografia_1_2026-04-03_12-24-54.webp.webp?fit=1200%2C797&ssl=1&resize=350%2C200","width":350,"height":200,"srcset":"https:\/\/i0.wp.com\/noticiasribeiraopreto.com.br\/wp-content\/uploads\/2026\/04\/caminhada_do_calvario_-_foto_amigos_da_fotografia_1_2026-04-03_12-24-54.webp.webp?fit=1200%2C797&ssl=1&resize=350%2C200 1x, https:\/\/i0.wp.com\/noticiasribeiraopreto.com.br\/wp-content\/uploads\/2026\/04\/caminhada_do_calvario_-_foto_amigos_da_fotografia_1_2026-04-03_12-24-54.webp.webp?fit=1200%2C797&ssl=1&resize=525%2C300 1.5x, https:\/\/i0.wp.com\/noticiasribeiraopreto.com.br\/wp-content\/uploads\/2026\/04\/caminhada_do_calvario_-_foto_amigos_da_fotografia_1_2026-04-03_12-24-54.webp.webp?fit=1200%2C797&ssl=1&resize=700%2C400 2x, https:\/\/i0.wp.com\/noticiasribeiraopreto.com.br\/wp-content\/uploads\/2026\/04\/caminhada_do_calvario_-_foto_amigos_da_fotografia_1_2026-04-03_12-24-54.webp.webp?fit=1200%2C797&ssl=1&resize=1050%2C600 3x"},"classes":[]},{"id":66474,"url":"https:\/\/noticiasribeiraopreto.com.br\/index.php\/2025\/04\/01\/ribeirao-preto-recebe-espetaculo-cavalos-pretos-sao-imensos-entrada-e-gratuita\/","url_meta":{"origin":83207,"position":4},"title":"Ribeir\u00e3o Preto recebe espet\u00e1culo \u2018Cavalos Pretos S\u00e3o Imensos\u2019; Entrada \u00e9 gratuita","author":"noticiasribeiraopreto.com.br","date":"1 de April de 2025","format":false,"excerpt":"O espet\u00e1culo teatral \u201cCavalos Pretos S\u00e3o Imensos\u201d chega a Ribeir\u00e3o Preto para duas apresenta\u00e7\u00f5es no Teatro do Campus da USP Ribeir\u00e3o Preto, nos dias 12 e 13 de abril. A pe\u00e7a \u00e9 um retrato da realidade do encarceramento feminino no Brasil. Com dire\u00e7\u00e3o de Tha\u00eds Dias, o espet\u00e1culo mergulha nas\u2026","rel":"","context":"In &quot;Not\u00edcias de Ribeir\u00e3o Preto-SP e Regi\u00e3o&quot;","block_context":{"text":"Not\u00edcias de Ribeir\u00e3o Preto-SP e Regi\u00e3o","link":"https:\/\/noticiasribeiraopreto.com.br\/index.php\/category\/noticias-de-ribeirao-preto-sp-e-regiao-ismael-colosi\/"},"img":{"alt_text":"","src":"https:\/\/i0.wp.com\/noticiasribeiraopreto.com.br\/wp-content\/uploads\/2025\/04\/8027972f-6616-423d-b95e-915b55c1d1ce_2025-04-01_14-13-34_jpg_2025-04-01_14-13-35-scaled.webp.webp?fit=1200%2C800&ssl=1&resize=350%2C200","width":350,"height":200,"srcset":"https:\/\/i0.wp.com\/noticiasribeiraopreto.com.br\/wp-content\/uploads\/2025\/04\/8027972f-6616-423d-b95e-915b55c1d1ce_2025-04-01_14-13-34_jpg_2025-04-01_14-13-35-scaled.webp.webp?fit=1200%2C800&ssl=1&resize=350%2C200 1x, https:\/\/i0.wp.com\/noticiasribeiraopreto.com.br\/wp-content\/uploads\/2025\/04\/8027972f-6616-423d-b95e-915b55c1d1ce_2025-04-01_14-13-34_jpg_2025-04-01_14-13-35-scaled.webp.webp?fit=1200%2C800&ssl=1&resize=525%2C300 1.5x, https:\/\/i0.wp.com\/noticiasribeiraopreto.com.br\/wp-content\/uploads\/2025\/04\/8027972f-6616-423d-b95e-915b55c1d1ce_2025-04-01_14-13-34_jpg_2025-04-01_14-13-35-scaled.webp.webp?fit=1200%2C800&ssl=1&resize=700%2C400 2x, https:\/\/i0.wp.com\/noticiasribeiraopreto.com.br\/wp-content\/uploads\/2025\/04\/8027972f-6616-423d-b95e-915b55c1d1ce_2025-04-01_14-13-34_jpg_2025-04-01_14-13-35-scaled.webp.webp?fit=1200%2C800&ssl=1&resize=1050%2C600 3x"},"classes":[]},{"id":40196,"url":"https:\/\/noticiasribeiraopreto.com.br\/index.php\/2024\/03\/01\/teatro-de-arena-de-ribeirao-recebe-atividades-culturais-gratuitas-neste-sabado\/","url_meta":{"origin":83207,"position":5},"title":"Teatro de Arena de Ribeir\u00e3o recebe atividades culturais gratuitas neste s\u00e1bado","author":"noticiasribeiraopreto.com.br","date":"1 de March de 2024","format":false,"excerpt":"Neste s\u00e1bado (2), acontece a reabertura do Teatro de Arena de Ribeir\u00e3o Preto e o projeto \u201cCultura em Todo Lugar\u201d levar\u00e1 atividades culturais gratuitas ao espa\u00e7o p\u00fablico, localizado no Morro do S\u00e3o Bento, a partir das 9h. Entre as atra\u00e7\u00f5es, haver\u00e1 brinquedos infl\u00e1veis, oficinas de desenho, pintura facial, conta\u00e7\u00e3o de\u2026","rel":"","context":"In &quot;Not\u00edcias de Ribeir\u00e3o Preto-SP e Regi\u00e3o&quot;","block_context":{"text":"Not\u00edcias de Ribeir\u00e3o Preto-SP e Regi\u00e3o","link":"https:\/\/noticiasribeiraopreto.com.br\/index.php\/category\/noticias-de-ribeirao-preto-sp-e-regiao-ismael-colosi\/"},"img":{"alt_text":"","src":"https:\/\/i0.wp.com\/noticiasribeiraopreto.com.br\/wp-content\/uploads\/2024\/03\/cultura_em_todo_lugar_foto_max_mesquita_2.jpeg?fit=1200%2C800&ssl=1&resize=350%2C200","width":350,"height":200,"srcset":"https:\/\/i0.wp.com\/noticiasribeiraopreto.com.br\/wp-content\/uploads\/2024\/03\/cultura_em_todo_lugar_foto_max_mesquita_2.jpeg?fit=1200%2C800&ssl=1&resize=350%2C200 1x, https:\/\/i0.wp.com\/noticiasribeiraopreto.com.br\/wp-content\/uploads\/2024\/03\/cultura_em_todo_lugar_foto_max_mesquita_2.jpeg?fit=1200%2C800&ssl=1&resize=525%2C300 1.5x, https:\/\/i0.wp.com\/noticiasribeiraopreto.com.br\/wp-content\/uploads\/2024\/03\/cultura_em_todo_lugar_foto_max_mesquita_2.jpeg?fit=1200%2C800&ssl=1&resize=700%2C400 2x, https:\/\/i0.wp.com\/noticiasribeiraopreto.com.br\/wp-content\/uploads\/2024\/03\/cultura_em_todo_lugar_foto_max_mesquita_2.jpeg?fit=1200%2C800&ssl=1&resize=1050%2C600 3x"},"classes":[]}],"jetpack_sharing_enabled":true,"jetpack_shortlink":"https:\/\/wp.me\/peQAOb-lE3","_links":{"self":[{"href":"https:\/\/noticiasribeiraopreto.com.br\/index.php\/wp-json\/wp\/v2\/posts\/83207","targetHints":{"allow":["GET"]}}],"collection":[{"href":"https:\/\/noticiasribeiraopreto.com.br\/index.php\/wp-json\/wp\/v2\/posts"}],"about":[{"href":"https:\/\/noticiasribeiraopreto.com.br\/index.php\/wp-json\/wp\/v2\/types\/post"}],"author":[{"embeddable":true,"href":"https:\/\/noticiasribeiraopreto.com.br\/index.php\/wp-json\/wp\/v2\/users\/1"}],"replies":[{"embeddable":true,"href":"https:\/\/noticiasribeiraopreto.com.br\/index.php\/wp-json\/wp\/v2\/comments?post=83207"}],"version-history":[{"count":0,"href":"https:\/\/noticiasribeiraopreto.com.br\/index.php\/wp-json\/wp\/v2\/posts\/83207\/revisions"}],"wp:featuredmedia":[{"embeddable":true,"href":"https:\/\/noticiasribeiraopreto.com.br\/index.php\/wp-json\/wp\/v2\/media\/83208"}],"wp:attachment":[{"href":"https:\/\/noticiasribeiraopreto.com.br\/index.php\/wp-json\/wp\/v2\/media?parent=83207"}],"wp:term":[{"taxonomy":"category","embeddable":true,"href":"https:\/\/noticiasribeiraopreto.com.br\/index.php\/wp-json\/wp\/v2\/categories?post=83207"},{"taxonomy":"post_tag","embeddable":true,"href":"https:\/\/noticiasribeiraopreto.com.br\/index.php\/wp-json\/wp\/v2\/tags?post=83207"}],"curies":[{"name":"wp","href":"https:\/\/api.w.org\/{rel}","templated":true}]}}