{"id":83209,"date":"2026-03-12T11:26:54","date_gmt":"2026-03-12T14:26:54","guid":{"rendered":"https:\/\/noticiasribeiraopreto.com.br\/index.php\/2026\/03\/12\/rua-no-centro-de-ribeirao-sera-interditada-para-conserto-de-vazamentos-na-rede-de-agua\/"},"modified":"2026-03-12T11:26:54","modified_gmt":"2026-03-12T14:26:54","slug":"rua-no-centro-de-ribeirao-sera-interditada-para-conserto-de-vazamentos-na-rede-de-agua","status":"publish","type":"post","link":"https:\/\/noticiasribeiraopreto.com.br\/index.php\/2026\/03\/12\/rua-no-centro-de-ribeirao-sera-interditada-para-conserto-de-vazamentos-na-rede-de-agua\/","title":{"rendered":"Rua no Centro de Ribeir\u00e3o ser\u00e1 interditada para conserto de vazamentos na rede de \u00e1gua"},"content":{"rendered":"<div class='code-block code-block-1' style='margin: 8px 0 8px auto; text-align: right; display: block; clear: both;'>\n<p><a href=\"https:\/\/wa.link\/vpicfd\"><img data-recalc-dims=\"1\" class=\"wp-image-4922\" style=\"aspect-ratio: 2.0253164556962027; width: 561px; height: auto;\" src=\"https:\/\/i0.wp.com\/ismaelcolosi.com.br\/wp-content\/uploads\/2023\/11\/grupo-de-empregos-whatsapp-e-facebook-ismael-colosi-vagas.jpg?ssl=1\" alt=\"\" \/><\/a><\/p>\n<!-- \/wp:image -->\n<\/div>\n<p> <br \/>\n<\/p>\n<div data-td-block-uid=\"tdi_95\">\n<div class=\"tdb-block-inner td-fix-index\">\n<p>A <strong>Prefeitura de Ribeir\u00e3o Preto<\/strong> informou que realizar\u00e1 nesta <strong>quinta-feira (12)<\/strong> uma <strong>interven\u00e7\u00e3o emergencial no Centro do munic\u00edpio<\/strong> devido \u00e0<strong> falta d\u2019\u00e1gua<\/strong> registrada nos \u00faltimos dias, por meio da Central de Atendimento.<\/p>\n<p>Segundo a administra\u00e7\u00e3o, equipes da <strong>Secretaria de \u00c1gua e Esgoto (Saerp)<\/strong> <mark style=\"background-color:#fcb900\" class=\"has-inline-color\">identificaram <strong>cinco vazamentos ocultos<\/strong> na rua Sete de Setembro, entre as ruas Visconde do Rio Branco e Duque de Caxias.<\/mark><\/p>\n<p>A localiza\u00e7\u00e3o desses vazamentos foi feita por <strong>geofonagem<\/strong>, t\u00e9cnica que usa aparelhos de escuta para detectar vazamentos subterr\u00e2neos que n\u00e3o aparecem na superf\u00edcie.<\/p>\n<figure class=\"wp-block-pullquote\">\n<blockquote>\n<p>Os trabalhos de reparo dever come\u00e7ar \u00e0s 9h e t\u00eam previs\u00e3o de conclus\u00e3o para as 15h, mas o prazo possa ser estendido ou alterado caso ocorram intercorr\u00eancias durante as escava\u00e7\u00f5es ou por conta da chuva<\/p>\n<\/blockquote>\n<\/figure>\n<p>A RP Mobi acompanhar\u00e1 toda a execu\u00e7\u00e3o do servi\u00e7o, realizando a interdi\u00e7\u00e3o da via e orientando pedestres e motoristas para garantir a seguran\u00e7a no local.<\/p>\n<h2 class=\"wp-block-heading\"><strong>O que fazer?<\/strong><\/h2>\n<p>Caso o seu bairro apresente falhas no abastecimento, entre em contato com a\u00a0<strong>Saerp\u00a0<\/strong>pelo telefone 0800 115 0115 ou procure por um posto de atendimento (<a href=\"https:\/\/www.ribeiraopreto.sp.gov.br\/portal\/saerp\/\" target=\"_blank\" rel=\"noreferrer noopener\">clique aqui<\/a>).<\/p>\n<hr class=\"wp-block-separator has-alpha-channel-opacity\"\/>\n<p>SAIBA MAIS<\/p>\n<p>Alerta na sa\u00fade: Estado de S\u00e3o Paulo registra caso importado de sarampo<\/p>\n<h3 class=\"wp-block-heading\"><strong>FIQUE ON<\/strong><\/h3>\n<p>Fique ligado em tudo que acontece em Ribeir\u00e3o Preto e regi\u00e3o. Siga os perfis do\u00a0<strong>acidade on<\/strong>\u00a0no\u00a0<a href=\"https:\/\/www.instagram.com\/acidadeonribeirao\" target=\"_blank\" rel=\"noreferrer noopener\">Instagram<\/a>\u00a0e no<a href=\"https:\/\/www.facebook.com\/acidadeonribeirao\/\" target=\"_blank\" rel=\"noreferrer noopener\">\u00a0Facebook<\/a>.<\/p>\n<p>Receba not\u00edcias do\u00a0<strong>acidade on<\/strong>\u00a0no WhatsApp. Para entrar no grupo,\u00a0basta<a href=\"https:\/\/chat.whatsapp.com\/GFH9HUMUTHNFJdnyEd0xxq\" target=\"_blank\" rel=\"noreferrer noopener\">\u00a0clicar aqui<\/a>. Ou, acesse o nosso\u00a0Canal\u00a0<a href=\"https:\/\/whatsapp.com\/channel\/0029Vb6IQl1JENyAeS57fk2p\" target=\"_blank\" rel=\"noreferrer noopener\">clicando aqui<\/a>.<\/p>\n<p>Fa\u00e7a uma den\u00fancia ou sugira uma reportagem sobre Ribeir\u00e3o Preto e regi\u00e3o pelo WhatsApp: 16 99117 7802.<\/p>\n<p>VEJA TAMB\u00c9M<\/p>\n<p>IA preditiva e generativa: entenda as diferen\u00e7as e quando as empresas podem usar cada uma delas<\/p>\n<p><!-- AI CONTENT END 1 -->\n<\/div>\n<\/div>\n<p><script async src=\"\/\/www.instagram.com\/embed.js\"><\/script><br \/>\n<br \/><br \/>\n<br \/><a href=\"https:\/\/www.acidadeon.com\/ribeiraopreto\/cotidiano\/rua-no-centro-de-ribeirao-sera-interditada-para-conserto-de-vazamentos-na-rede-de-agua\/\">Source link <\/a><\/p>\n<!-- CONTENT END 1 -->\n","protected":false},"excerpt":{"rendered":"<p>A Prefeitura de Ribeir\u00e3o Preto informou que realizar\u00e1 nesta quinta-feira (12) uma interven\u00e7\u00e3o emergencial no Centro do munic\u00edpio devido \u00e0 falta d\u2019\u00e1gua registrada nos \u00faltimos&#8230;<\/p>\n","protected":false},"author":1,"featured_media":74950,"comment_status":"open","ping_status":"open","sticky":false,"template":"","format":"standard","meta":{"advanced_seo_description":"","jetpack_seo_html_title":"","jetpack_seo_noindex":false,"jetpack_post_was_ever_published":false,"_jetpack_newsletter_access":"","_jetpack_dont_email_post_to_subs":false,"_jetpack_newsletter_tier_id":0,"_jetpack_memberships_contains_paywalled_content":false,"_jetpack_memberships_contains_paid_content":false,"footnotes":"","jetpack_publicize_message":"","jetpack_publicize_feature_enabled":true,"jetpack_social_post_already_shared":true,"jetpack_social_options":{"image_generator_settings":{"template":"highway","default_image_id":0,"font":"","enabled":false},"version":2}},"categories":[11],"tags":[],"class_list":["post-83209","post","type-post","status-publish","format-standard","has-post-thumbnail","hentry","category-noticias-de-ribeirao-preto-sp-e-regiao-ismael-colosi"],"jetpack_publicize_connections":[],"jetpack_featured_media_url":"https:\/\/i0.wp.com\/noticiasribeiraopreto.com.br\/wp-content\/uploads\/2025\/07\/falta-de-agua-1_2024-12-03_12-50-33.webp.webp?fit=1024%2C585&ssl=1","jetpack-related-posts":[{"id":78632,"url":"https:\/\/noticiasribeiraopreto.com.br\/index.php\/2025\/10\/15\/vazamento-de-agua-chama-atencao-no-centro-de-ribeirao-preto-video\/","url_meta":{"origin":83209,"position":0},"title":"Vazamento de \u00e1gua chama aten\u00e7\u00e3o no Centro de Ribeir\u00e3o Preto; V\u00eddeo","author":"noticiasribeiraopreto.com.br","date":"15 de October de 2025","format":false,"excerpt":"Um vazamento de \u00e1gua limpa no cruzamento das ruas Duque de Caxias e Bar\u00e3o do Amazonas, no Centro de Ribeir\u00e3o Preto, chamou a aten\u00e7\u00e3o de moradores na manh\u00e3 desta quarta-feira (15). Em v\u00eddeo enviado ao acidade on, \u00e9 poss\u00edvel ver uma grande parte da rua Duque de Caxias molhada por\u2026","rel":"","context":"In &quot;Not\u00edcias de Ribeir\u00e3o Preto-SP e Regi\u00e3o&quot;","block_context":{"text":"Not\u00edcias de Ribeir\u00e3o Preto-SP e Regi\u00e3o","link":"https:\/\/noticiasribeiraopreto.com.br\/index.php\/category\/noticias-de-ribeirao-preto-sp-e-regiao-ismael-colosi\/"},"img":{"alt_text":"","src":"https:\/\/i0.wp.com\/noticiasribeiraopreto.com.br\/wp-content\/uploads\/2025\/10\/Copia-de-Copia-de-Copia-de-TAMANHO-EXATO-PARA-FOTOS-NO-SISTEMA-NOVO-2025-10-15T110812.265_2025-10-15_14-16-10.webp.webp?fit=1200%2C675&ssl=1&resize=350%2C200","width":350,"height":200,"srcset":"https:\/\/i0.wp.com\/noticiasribeiraopreto.com.br\/wp-content\/uploads\/2025\/10\/Copia-de-Copia-de-Copia-de-TAMANHO-EXATO-PARA-FOTOS-NO-SISTEMA-NOVO-2025-10-15T110812.265_2025-10-15_14-16-10.webp.webp?fit=1200%2C675&ssl=1&resize=350%2C200 1x, https:\/\/i0.wp.com\/noticiasribeiraopreto.com.br\/wp-content\/uploads\/2025\/10\/Copia-de-Copia-de-Copia-de-TAMANHO-EXATO-PARA-FOTOS-NO-SISTEMA-NOVO-2025-10-15T110812.265_2025-10-15_14-16-10.webp.webp?fit=1200%2C675&ssl=1&resize=525%2C300 1.5x, https:\/\/i0.wp.com\/noticiasribeiraopreto.com.br\/wp-content\/uploads\/2025\/10\/Copia-de-Copia-de-Copia-de-TAMANHO-EXATO-PARA-FOTOS-NO-SISTEMA-NOVO-2025-10-15T110812.265_2025-10-15_14-16-10.webp.webp?fit=1200%2C675&ssl=1&resize=700%2C400 2x, https:\/\/i0.wp.com\/noticiasribeiraopreto.com.br\/wp-content\/uploads\/2025\/10\/Copia-de-Copia-de-Copia-de-TAMANHO-EXATO-PARA-FOTOS-NO-SISTEMA-NOVO-2025-10-15T110812.265_2025-10-15_14-16-10.webp.webp?fit=1200%2C675&ssl=1&resize=1050%2C600 3x"},"classes":[]},{"id":65446,"url":"https:\/\/noticiasribeiraopreto.com.br\/index.php\/2025\/03\/20\/vazamento-de-agua-limpa-forma-enxurrada-em-rua-na-zona-sul-de-ribeirao-preto-video\/","url_meta":{"origin":83209,"position":1},"title":"Vazamento de \u00e1gua limpa forma enxurrada em rua na zona Sul de Ribeir\u00e3o Preto; V\u00eddeo","author":"noticiasribeiraopreto.com.br","date":"20 de March de 2025","format":false,"excerpt":"Uma moradora registrou um grande vazamento de \u00e1gua limpa na manh\u00e3 desta quinta-feira (20), na equina das ruas\u00a0Sir\u00f3\u00a0K\u00e1ku\u00a0e Newton\u00a0Stilac\u00a0Leal, no Jardim Bot\u00e2nico, zona Sul de Ribeir\u00e3o Preto.Rosilene Almeida disse que o vazamento\u00a0come\u00e7ou h\u00e1\u00a0dois dias e aumentou at\u00e9 formar uma enxurrada pela rua\u00a0Sir\u00f3\u00a0K\u00e1ku. Outro lado A\u00a0Saerp\u00a0(Secretaria de \u00c1gua e Esgoto de\u2026","rel":"","context":"In &quot;Not\u00edcias de Ribeir\u00e3o Preto-SP e Regi\u00e3o&quot;","block_context":{"text":"Not\u00edcias de Ribeir\u00e3o Preto-SP e Regi\u00e3o","link":"https:\/\/noticiasribeiraopreto.com.br\/index.php\/category\/noticias-de-ribeirao-preto-sp-e-regiao-ismael-colosi\/"},"img":{"alt_text":"","src":"https:\/\/i0.wp.com\/noticiasribeiraopreto.com.br\/wp-content\/uploads\/2025\/03\/WhatsApp-Image-2025-03-20-at-09.23.27_2025-03-20_12-23-48_jpeg_2025-03-20_12-23-48.webp.webp?fit=1200%2C675&ssl=1&resize=350%2C200","width":350,"height":200,"srcset":"https:\/\/i0.wp.com\/noticiasribeiraopreto.com.br\/wp-content\/uploads\/2025\/03\/WhatsApp-Image-2025-03-20-at-09.23.27_2025-03-20_12-23-48_jpeg_2025-03-20_12-23-48.webp.webp?fit=1200%2C675&ssl=1&resize=350%2C200 1x, https:\/\/i0.wp.com\/noticiasribeiraopreto.com.br\/wp-content\/uploads\/2025\/03\/WhatsApp-Image-2025-03-20-at-09.23.27_2025-03-20_12-23-48_jpeg_2025-03-20_12-23-48.webp.webp?fit=1200%2C675&ssl=1&resize=525%2C300 1.5x, https:\/\/i0.wp.com\/noticiasribeiraopreto.com.br\/wp-content\/uploads\/2025\/03\/WhatsApp-Image-2025-03-20-at-09.23.27_2025-03-20_12-23-48_jpeg_2025-03-20_12-23-48.webp.webp?fit=1200%2C675&ssl=1&resize=700%2C400 2x, https:\/\/i0.wp.com\/noticiasribeiraopreto.com.br\/wp-content\/uploads\/2025\/03\/WhatsApp-Image-2025-03-20-at-09.23.27_2025-03-20_12-23-48_jpeg_2025-03-20_12-23-48.webp.webp?fit=1200%2C675&ssl=1&resize=1050%2C600 3x"},"classes":[]},{"id":53074,"url":"https:\/\/noticiasribeiraopreto.com.br\/index.php\/2024\/06\/15\/obra-tem-vazamento-de-agua-limpa-no-centro-de-ribeirao-preto-veja-video\/","url_meta":{"origin":83209,"position":2},"title":"Obra tem vazamento de \u00e1gua limpa no Centro de Ribeir\u00e3o Preto; Veja v\u00eddeo","author":"noticiasribeiraopreto.com.br","date":"15 de June de 2024","format":false,"excerpt":"Um vazamento de \u00e1gua da rede da Saerp (Secretaria de \u00c1gua e Esgoto de Ribeir\u00e3o Preto) foi registrado na manh\u00e3 deste s\u00e1bado (15), em uma obra do corredor de \u00f4nibus no cruzamento das\u00a0ruas Flor\u00eancio de Abreu e Sete de Setembro, no\u00a0Centro da cidade. Assista ao v\u00eddeo abaixo. Moradores relataram que\u2026","rel":"","context":"In &quot;Not\u00edcias de Ribeir\u00e3o Preto-SP e Regi\u00e3o&quot;","block_context":{"text":"Not\u00edcias de Ribeir\u00e3o Preto-SP e Regi\u00e3o","link":"https:\/\/noticiasribeiraopreto.com.br\/index.php\/category\/noticias-de-ribeirao-preto-sp-e-regiao-ismael-colosi\/"},"img":{"alt_text":"","src":"https:\/\/i0.wp.com\/noticiasribeiraopreto.com.br\/wp-content\/uploads\/2024\/06\/WhatsApp-Image-2024-06-15-at-08.56.27_2024-06-15_14-53-00_jpeg_2024-06-15_14-53-00.webp.webp?fit=1200%2C675&ssl=1&resize=350%2C200","width":350,"height":200,"srcset":"https:\/\/i0.wp.com\/noticiasribeiraopreto.com.br\/wp-content\/uploads\/2024\/06\/WhatsApp-Image-2024-06-15-at-08.56.27_2024-06-15_14-53-00_jpeg_2024-06-15_14-53-00.webp.webp?fit=1200%2C675&ssl=1&resize=350%2C200 1x, https:\/\/i0.wp.com\/noticiasribeiraopreto.com.br\/wp-content\/uploads\/2024\/06\/WhatsApp-Image-2024-06-15-at-08.56.27_2024-06-15_14-53-00_jpeg_2024-06-15_14-53-00.webp.webp?fit=1200%2C675&ssl=1&resize=525%2C300 1.5x, https:\/\/i0.wp.com\/noticiasribeiraopreto.com.br\/wp-content\/uploads\/2024\/06\/WhatsApp-Image-2024-06-15-at-08.56.27_2024-06-15_14-53-00_jpeg_2024-06-15_14-53-00.webp.webp?fit=1200%2C675&ssl=1&resize=700%2C400 2x, https:\/\/i0.wp.com\/noticiasribeiraopreto.com.br\/wp-content\/uploads\/2024\/06\/WhatsApp-Image-2024-06-15-at-08.56.27_2024-06-15_14-53-00_jpeg_2024-06-15_14-53-00.webp.webp?fit=1200%2C675&ssl=1&resize=1050%2C600 3x"},"classes":[]},{"id":63734,"url":"https:\/\/noticiasribeiraopreto.com.br\/index.php\/2025\/02\/20\/vazamento-de-agua-vira-chafariz-no-meio-de-rua-na-zona-sul-de-ribeirao-preto-video\/","url_meta":{"origin":83209,"position":3},"title":"Vazamento de \u00e1gua vira chafariz no meio de rua na zona Sul de Ribeir\u00e3o Preto; V\u00eddeo","author":"noticiasribeiraopreto.com.br","date":"20 de February de 2025","format":false,"excerpt":"Um vazamento de \u00e1gua limpa formou um chafariz na manh\u00e3 desta quinta-feira (20), no meio da rua Conde Afonso Celso, no Jardim Sumar\u00e9, zona Sul de Ribeir\u00e3o Preto. Assista ao v\u00eddeo abaixo. A \u00e1gua jorrava de um buraco na via, na altura do n\u00famero 230. A\u00a0Saerp\u00a0(Secretaria de \u00c1gua e Esgoto\u2026","rel":"","context":"In &quot;Not\u00edcias de Ribeir\u00e3o Preto-SP e Regi\u00e3o&quot;","block_context":{"text":"Not\u00edcias de Ribeir\u00e3o Preto-SP e Regi\u00e3o","link":"https:\/\/noticiasribeiraopreto.com.br\/index.php\/category\/noticias-de-ribeirao-preto-sp-e-regiao-ismael-colosi\/"},"img":{"alt_text":"","src":"https:\/\/i0.wp.com\/noticiasribeiraopreto.com.br\/wp-content\/uploads\/2025\/02\/CHAFARIZ_2025-02-20_13-03-23_jpg_2025-02-20_13-03-23.webp.webp?fit=1200%2C781&ssl=1&resize=350%2C200","width":350,"height":200,"srcset":"https:\/\/i0.wp.com\/noticiasribeiraopreto.com.br\/wp-content\/uploads\/2025\/02\/CHAFARIZ_2025-02-20_13-03-23_jpg_2025-02-20_13-03-23.webp.webp?fit=1200%2C781&ssl=1&resize=350%2C200 1x, https:\/\/i0.wp.com\/noticiasribeiraopreto.com.br\/wp-content\/uploads\/2025\/02\/CHAFARIZ_2025-02-20_13-03-23_jpg_2025-02-20_13-03-23.webp.webp?fit=1200%2C781&ssl=1&resize=525%2C300 1.5x, https:\/\/i0.wp.com\/noticiasribeiraopreto.com.br\/wp-content\/uploads\/2025\/02\/CHAFARIZ_2025-02-20_13-03-23_jpg_2025-02-20_13-03-23.webp.webp?fit=1200%2C781&ssl=1&resize=700%2C400 2x, https:\/\/i0.wp.com\/noticiasribeiraopreto.com.br\/wp-content\/uploads\/2025\/02\/CHAFARIZ_2025-02-20_13-03-23_jpg_2025-02-20_13-03-23.webp.webp?fit=1200%2C781&ssl=1&resize=1050%2C600 3x"},"classes":[]},{"id":9612,"url":"https:\/\/noticiasribeiraopreto.com.br\/index.php\/2023\/12\/02\/obra-no-centro-de-ribeirao-causa-vazamento-de-agua-limpa-veja-o-video\/","url_meta":{"origin":83209,"position":4},"title":"Obra no Centro de Ribeir\u00e3o causa vazamento de \u00e1gua limpa; Veja o v\u00eddeo","author":"noticiasribeiraopreto.com.br","date":"2 de December de 2023","format":false,"excerpt":"O rompimento de uma tubula\u00e7\u00e3o da rede de \u00e1gua em frente \u00e0 pra\u00e7a 7 de Setembro, entre as ruas Lafaiete e Marechal Deodoro, no Centro de Ribeir\u00e3o Preto, chamou a aten\u00e7\u00e3o dos moradores da cidade neste s\u00e1bado (2). O local foi interditado pela Prefeitura de Ribeir\u00e3o, na \u00faltima sexta-feira (1\u00ba),\u2026","rel":"","context":"In &quot;Not\u00edcias de Ribeir\u00e3o Preto-SP e Regi\u00e3o&quot;","block_context":{"text":"Not\u00edcias de Ribeir\u00e3o Preto-SP e Regi\u00e3o","link":"https:\/\/noticiasribeiraopreto.com.br\/index.php\/category\/noticias-de-ribeirao-preto-sp-e-regiao-ismael-colosi\/"},"img":{"alt_text":"","src":"https:\/\/i0.wp.com\/noticiasribeiraopreto.com.br\/wp-content\/uploads\/2023\/12\/WhatsApp-Image-2023-12-02-at-11.11.02.jpeg?fit=1200%2C900&ssl=1&resize=350%2C200","width":350,"height":200,"srcset":"https:\/\/i0.wp.com\/noticiasribeiraopreto.com.br\/wp-content\/uploads\/2023\/12\/WhatsApp-Image-2023-12-02-at-11.11.02.jpeg?fit=1200%2C900&ssl=1&resize=350%2C200 1x, https:\/\/i0.wp.com\/noticiasribeiraopreto.com.br\/wp-content\/uploads\/2023\/12\/WhatsApp-Image-2023-12-02-at-11.11.02.jpeg?fit=1200%2C900&ssl=1&resize=525%2C300 1.5x, https:\/\/i0.wp.com\/noticiasribeiraopreto.com.br\/wp-content\/uploads\/2023\/12\/WhatsApp-Image-2023-12-02-at-11.11.02.jpeg?fit=1200%2C900&ssl=1&resize=700%2C400 2x, https:\/\/i0.wp.com\/noticiasribeiraopreto.com.br\/wp-content\/uploads\/2023\/12\/WhatsApp-Image-2023-12-02-at-11.11.02.jpeg?fit=1200%2C900&ssl=1&resize=1050%2C600 3x"},"classes":[]},{"id":50603,"url":"https:\/\/noticiasribeiraopreto.com.br\/index.php\/2024\/05\/17\/obra-no-centro-de-ribeirao-preto-enfrenta-vazamento-de-agua\/","url_meta":{"origin":83209,"position":5},"title":"Obra no Centro de Ribeir\u00e3o Preto enfrenta vazamento de \u00e1gua","author":"noticiasribeiraopreto.com.br","date":"17 de May de 2024","format":false,"excerpt":"Um morador flagrou um vazamento de \u00e1gua na obra de constru\u00e7\u00e3o do corredor de \u00f4nibus na rua Lafaiete, no Centro de Ribeir\u00e3o Preto. O problema acontece, pelo menos, desde a \u00faltima quarta-feira (15). De acordo com a Saerp (Secretaria de \u00c1gua e Esgoto de Ribeir\u00e3o Preto), equipes foram enviadas at\u00e9\u2026","rel":"","context":"In &quot;Not\u00edcias de Ribeir\u00e3o Preto-SP e Regi\u00e3o&quot;","block_context":{"text":"Not\u00edcias de Ribeir\u00e3o Preto-SP e Regi\u00e3o","link":"https:\/\/noticiasribeiraopreto.com.br\/index.php\/category\/noticias-de-ribeirao-preto-sp-e-regiao-ismael-colosi\/"},"img":{"alt_text":"","src":"https:\/\/i0.wp.com\/noticiasribeiraopreto.com.br\/wp-content\/uploads\/2024\/05\/Copia-de-Copia-de-TAMANHO-EXATO-PARA-FOTOS-NO-SISTEMA-NOVO-4_2024-05-17_14-48-09_jpg_2024-05-17_14-48-09.webp.webp?fit=1200%2C675&ssl=1&resize=350%2C200","width":350,"height":200,"srcset":"https:\/\/i0.wp.com\/noticiasribeiraopreto.com.br\/wp-content\/uploads\/2024\/05\/Copia-de-Copia-de-TAMANHO-EXATO-PARA-FOTOS-NO-SISTEMA-NOVO-4_2024-05-17_14-48-09_jpg_2024-05-17_14-48-09.webp.webp?fit=1200%2C675&ssl=1&resize=350%2C200 1x, https:\/\/i0.wp.com\/noticiasribeiraopreto.com.br\/wp-content\/uploads\/2024\/05\/Copia-de-Copia-de-TAMANHO-EXATO-PARA-FOTOS-NO-SISTEMA-NOVO-4_2024-05-17_14-48-09_jpg_2024-05-17_14-48-09.webp.webp?fit=1200%2C675&ssl=1&resize=525%2C300 1.5x, https:\/\/i0.wp.com\/noticiasribeiraopreto.com.br\/wp-content\/uploads\/2024\/05\/Copia-de-Copia-de-TAMANHO-EXATO-PARA-FOTOS-NO-SISTEMA-NOVO-4_2024-05-17_14-48-09_jpg_2024-05-17_14-48-09.webp.webp?fit=1200%2C675&ssl=1&resize=700%2C400 2x, https:\/\/i0.wp.com\/noticiasribeiraopreto.com.br\/wp-content\/uploads\/2024\/05\/Copia-de-Copia-de-TAMANHO-EXATO-PARA-FOTOS-NO-SISTEMA-NOVO-4_2024-05-17_14-48-09_jpg_2024-05-17_14-48-09.webp.webp?fit=1200%2C675&ssl=1&resize=1050%2C600 3x"},"classes":[]}],"jetpack_sharing_enabled":true,"jetpack_shortlink":"https:\/\/wp.me\/peQAOb-lE5","_links":{"self":[{"href":"https:\/\/noticiasribeiraopreto.com.br\/index.php\/wp-json\/wp\/v2\/posts\/83209","targetHints":{"allow":["GET"]}}],"collection":[{"href":"https:\/\/noticiasribeiraopreto.com.br\/index.php\/wp-json\/wp\/v2\/posts"}],"about":[{"href":"https:\/\/noticiasribeiraopreto.com.br\/index.php\/wp-json\/wp\/v2\/types\/post"}],"author":[{"embeddable":true,"href":"https:\/\/noticiasribeiraopreto.com.br\/index.php\/wp-json\/wp\/v2\/users\/1"}],"replies":[{"embeddable":true,"href":"https:\/\/noticiasribeiraopreto.com.br\/index.php\/wp-json\/wp\/v2\/comments?post=83209"}],"version-history":[{"count":0,"href":"https:\/\/noticiasribeiraopreto.com.br\/index.php\/wp-json\/wp\/v2\/posts\/83209\/revisions"}],"wp:featuredmedia":[{"embeddable":true,"href":"https:\/\/noticiasribeiraopreto.com.br\/index.php\/wp-json\/wp\/v2\/media\/74950"}],"wp:attachment":[{"href":"https:\/\/noticiasribeiraopreto.com.br\/index.php\/wp-json\/wp\/v2\/media?parent=83209"}],"wp:term":[{"taxonomy":"category","embeddable":true,"href":"https:\/\/noticiasribeiraopreto.com.br\/index.php\/wp-json\/wp\/v2\/categories?post=83209"},{"taxonomy":"post_tag","embeddable":true,"href":"https:\/\/noticiasribeiraopreto.com.br\/index.php\/wp-json\/wp\/v2\/tags?post=83209"}],"curies":[{"name":"wp","href":"https:\/\/api.w.org\/{rel}","templated":true}]}}