{"id":83210,"date":"2026-03-12T12:05:46","date_gmt":"2026-03-12T15:05:46","guid":{"rendered":"https:\/\/noticiasribeiraopreto.com.br\/index.php\/2026\/03\/12\/video-camera-flagra-furto-de-moto-na-zona-leste\/"},"modified":"2026-03-12T12:05:46","modified_gmt":"2026-03-12T15:05:46","slug":"video-camera-flagra-furto-de-moto-na-zona-leste","status":"publish","type":"post","link":"https:\/\/noticiasribeiraopreto.com.br\/index.php\/2026\/03\/12\/video-camera-flagra-furto-de-moto-na-zona-leste\/","title":{"rendered":"V\u00cdDEO &#8211; C\u00e2mera flagra furto de moto na zona Leste"},"content":{"rendered":"<div class='code-block code-block-1' style='margin: 8px 0 8px auto; text-align: right; display: block; clear: both;'>\n<p><a href=\"https:\/\/wa.link\/vpicfd\"><img data-recalc-dims=\"1\" class=\"wp-image-4922\" style=\"aspect-ratio: 2.0253164556962027; width: 561px; height: auto;\" src=\"https:\/\/i0.wp.com\/ismaelcolosi.com.br\/wp-content\/uploads\/2023\/11\/grupo-de-empregos-whatsapp-e-facebook-ismael-colosi-vagas.jpg?ssl=1\" alt=\"\" \/><\/a><\/p>\n<!-- \/wp:image -->\n<\/div>\n<p> <br \/>\n<\/p>\n<div id=\"post-457198\">&#13;<br \/>\n&#13;<\/p>\n<header class=\"entry-header penci-entry-header penci-title-center\">&#13;<\/p>\n<h2 class=\"penci-post-subtitle\">Tr\u00eas homens com duas bicicletas se aproximaram, quebraram a trava e fugiram levando a motocicleta<\/h2>\n<p>&#13;<\/p>\n<p>&#13;<br \/>\n\t\t\t\t\t\t\t\t\t<span class=\"entry-meta-item penci-posted-on\"><i class=\"fa fa-clock-o\"\/><time class=\"entry-date published\" datetime=\"2026-03-12T12:01:12-03:00\">12 de mar\u00e7o de 2026 12:01<\/time><time class=\"updated\" datetime=\"2026-03-12T12:01:37-03:00\">12 de mar\u00e7o de 2026 12:01<\/time><\/span><span class=\"entry-meta-item penci-post-countview\"\/>\t\t\t\t\t\t\t\t<\/p>\n<p><!-- .entry-meta -->&#13;<br \/>\n\t\t\t\t\t\t\t\t<span class=\"penci-social-buttons penci-social-share-footer\"><span class=\"penci-social-share-text\">Compartilhar<\/span><a href=\"#\" class=\"penci-post-like penci_post-meta_item  single-like-button penci-social-item like\" data-post_id=\"457198\" title=\"Like\" data-like=\"Like\" data-unlike=\"Unlike\"><i class=\"fa fa-thumbs-o-up\"\/><span class=\"penci-share-number\">2<\/span><\/a><i class=\"fa fa-facebook\"\/><a class=\"penci-social-item twitter\" target=\"_blank\" rel=\"noopener\" title=\"\" href=\"https:\/\/twitter.com\/intent\/tweet?text=V\u00cdDEO%20-%20C\u00e2mera%20flagra%20furto%20de%20moto%20na%20zona%20Leste%20-%20https:\/\/www.tribunaribeirao.com.br\/video-camera-flagra-furto-de-moto-na-zona-leste\/\"><i class=\"fa fa-twitter\"\/><\/a><i class=\"fa fa-linkedin\"\/><i class=\"fa fa-whatsapp\"\/><i class=\"fa fa-telegram\"\/><i class=\"fa fa-envelope\"\/><\/span>\t\t\t\t\t\t\t<\/header>\n<p><!-- .entry-header -->&#13;<\/p>\n<div class=\"entry-media penci-entry-media\">\n<p><iframe loading=\"lazy\" title=\"Moto levada\" width=\"500\" height=\"375\" src=\"https:\/\/www.youtube.com\/embed\/J0aN1JNKo9I?feature=oembed\" frameborder=\"0\" allow=\"accelerometer; autoplay; clipboard-write; encrypted-media; gyroscope; picture-in-picture; web-share\" referrerpolicy=\"strict-origin-when-cross-origin\" allowfullscreen><\/iframe><\/p>\n<\/p><\/div>\n<div class=\"penci-entry-content entry-content\">\n<p>Por: Adalberto Luque<\/p>\n<p>Uma motocicleta estacionada na rua foi furtada, nesta quarta-feira (11). O ve\u00edculo estava parado na rua Jos\u00e9 Ant\u00f4nio Rosas, Lagoinha, zona Leste de Ribeir\u00e3o Preto. Uma c\u00e2mera de seguran\u00e7a de um pr\u00e9dio em frente registrou o crime.<\/p>\n<p>Tr\u00eas homens chegam em duas bicicletas em plena luz do dia. Eles usavam moletons e um dos ciclistas trazia um capacete branco. Um dos homens vai at\u00e9 uma motocicleta e come\u00e7a a for\u00e7ar a trava.<\/p>\n<figure id=\"attachment_457200\" aria-describedby=\"caption-attachment-457200\" style=\"width: 779px\" class=\"wp-caption alignnone\"><img data-recalc-dims=\"1\" loading=\"lazy\" decoding=\"async\" class=\"size-full wp-image-457200 lazyload\" src=\"https:\/\/i0.wp.com\/www.tribunaribeirao.com.br\/wp-content\/uploads\/2026\/03\/12-mar-2026-furtomoto2.jpg?resize=779%2C650&#038;ssl=1\" alt=\"\" width=\"779\" height=\"650\" srcset=\"https:\/\/www.tribunaribeirao.com.br\/wp-content\/uploads\/2026\/03\/12-mar-2026-furtomoto2.jpg 779w, https:\/\/www.tribunaribeirao.com.br\/wp-content\/uploads\/2026\/03\/12-mar-2026-furtomoto2-300x250.jpg 300w, https:\/\/www.tribunaribeirao.com.br\/wp-content\/uploads\/2026\/03\/12-mar-2026-furtomoto2-768x641.jpg 768w, https:\/\/www.tribunaribeirao.com.br\/wp-content\/uploads\/2026\/03\/12-mar-2026-furtomoto2-479x400.jpg 479w, https:\/\/www.tribunaribeirao.com.br\/wp-content\/uploads\/2026\/03\/12-mar-2026-furtomoto2-585x488.jpg 585w\" data-sizes=\"(max-width: 779px) 100vw, 779px\" style=\"--smush-placeholder-width: 779px; --smush-placeholder-aspect-ratio: 779\/650;\"\/><figcaption id=\"caption-attachment-457200\" class=\"wp-caption-text\">Trio que usava moletons levou segundos para destravar e sair com a moto (Foto: Portal Not\u00edcias Ribeir\u00e3o Preto)<\/figcaption><\/figure>\n<p>Em segundos, ele consegue destravar e sobe na moto. Um dos homens que estava de bicicleta se aproxima e d\u00e1 um capacete.<\/p>\n<p>O homem consegue dar partida na moto e sai, seguido pelos dois ciclistas. A moto furtada n\u00e3o foi localizada e os suspeitos n\u00e3o foram identificados. A Pol\u00edcia Civil investiga o caso para tentar capturar os envolvidos e recuperar a motocicleta.<\/p>\n<\/div>\n<p><!-- .entry-content -->&#13;<br \/>\n&#13;<\/p>\n<footer class=\"penci-entry-footer\">&#13;<br \/>\n\t\t\t\t\t\t\t\t<span class=\"penci-social-buttons penci-social-share-footer\"><span class=\"penci-social-share-text\">Compartilhar<\/span><a href=\"#\" class=\"penci-post-like penci_post-meta_item  single-like-button penci-social-item like\" data-post_id=\"457198\" title=\"Like\" data-like=\"Like\" data-unlike=\"Unlike\"><i class=\"fa fa-thumbs-o-up\"\/><span class=\"penci-share-number\">2<\/span><\/a><i class=\"fa fa-facebook\"\/><a class=\"penci-social-item twitter\" target=\"_blank\" rel=\"noopener\" title=\"\" href=\"https:\/\/twitter.com\/intent\/tweet?text=V\u00cdDEO%20-%20C\u00e2mera%20flagra%20furto%20de%20moto%20na%20zona%20Leste%20-%20https:\/\/www.tribunaribeirao.com.br\/video-camera-flagra-furto-de-moto-na-zona-leste\/\"><i class=\"fa fa-twitter\"\/><\/a><i class=\"fa fa-linkedin\"\/><i class=\"fa fa-whatsapp\"\/><i class=\"fa fa-telegram\"\/><i class=\"fa fa-envelope\"\/><\/span>\t\t\t\t\t\t\t<\/footer>\n<p><!-- .entry-footer -->&#13;\n\t\t\t\t\t\t<\/div>\n<p><script async src=\"\/\/platform.twitter.com\/widgets.js\" charset=\"utf-8\"><\/script><br \/>\n<br \/><br \/>\n<br \/><a href=\"https:\/\/www.tribunaribeirao.com.br\/video-camera-flagra-furto-de-moto-na-zona-leste\/\">Source link <\/a><\/p>\n<!-- CONTENT END 1 -->\n","protected":false},"excerpt":{"rendered":"<p>&#13; &#13; &#13; Tr\u00eas homens com duas bicicletas se aproximaram, quebraram a trava e fugiram levando a motocicleta &#13; &#13; 12 de mar\u00e7o de 2026&#8230;<\/p>\n","protected":false},"author":1,"featured_media":83212,"comment_status":"open","ping_status":"open","sticky":false,"template":"","format":"standard","meta":{"advanced_seo_description":"","jetpack_seo_html_title":"","jetpack_seo_noindex":false,"jetpack_post_was_ever_published":false,"_jetpack_newsletter_access":"","_jetpack_dont_email_post_to_subs":false,"_jetpack_newsletter_tier_id":0,"_jetpack_memberships_contains_paywalled_content":false,"_jetpack_memberships_contains_paid_content":false,"footnotes":"","jetpack_publicize_message":"","jetpack_publicize_feature_enabled":true,"jetpack_social_post_already_shared":true,"jetpack_social_options":{"image_generator_settings":{"template":"highway","default_image_id":0,"font":"","enabled":false},"version":2}},"categories":[11],"tags":[],"class_list":["post-83210","post","type-post","status-publish","format-standard","has-post-thumbnail","hentry","category-noticias-de-ribeirao-preto-sp-e-regiao-ismael-colosi"],"jetpack_publicize_connections":[],"jetpack_featured_media_url":"https:\/\/i0.wp.com\/noticiasribeiraopreto.com.br\/wp-content\/uploads\/2026\/03\/12-mar-2026-furtomoto1-scaled.jpg?fit=941%2C780&ssl=1","jetpack-related-posts":[{"id":80723,"url":"https:\/\/noticiasribeiraopreto.com.br\/index.php\/2025\/12\/12\/comercial-conhece-tabela-da-1a-fase-do-paulistao-a4-2026-confira\/","url_meta":{"origin":83210,"position":0},"title":"Comercial conhece tabela da 1\u00aa fase do Paulist\u00e3o A4 2026; Confira","author":"noticiasribeiraopreto.com.br","date":"12 de December de 2025","format":false,"excerpt":"A tabela b\u00e1sica de jogos do Paulist\u00e3o A4 2026 est\u00e1 definida. O Comercial estreia contra o Ecus, fora de casa \u2013 veja a tabela abaixo. A competi\u00e7\u00e3o tem in\u00edcio no primeiro final de semana de fevereiro e a decis\u00e3o est\u00e1 prevista para o dia 10 de maio. Regulamento Com a\u2026","rel":"","context":"In &quot;Not\u00edcias de Ribeir\u00e3o Preto-SP e Regi\u00e3o&quot;","block_context":{"text":"Not\u00edcias de Ribeir\u00e3o Preto-SP e Regi\u00e3o","link":"https:\/\/noticiasribeiraopreto.com.br\/index.php\/category\/noticias-de-ribeirao-preto-sp-e-regiao-ismael-colosi\/"},"img":{"alt_text":"","src":"https:\/\/i0.wp.com\/noticiasribeiraopreto.com.br\/wp-content\/uploads\/2025\/12\/roberval_2025-12-11_21-03-39.webp.webp?fit=1200%2C903&ssl=1&resize=350%2C200","width":350,"height":200,"srcset":"https:\/\/i0.wp.com\/noticiasribeiraopreto.com.br\/wp-content\/uploads\/2025\/12\/roberval_2025-12-11_21-03-39.webp.webp?fit=1200%2C903&ssl=1&resize=350%2C200 1x, https:\/\/i0.wp.com\/noticiasribeiraopreto.com.br\/wp-content\/uploads\/2025\/12\/roberval_2025-12-11_21-03-39.webp.webp?fit=1200%2C903&ssl=1&resize=525%2C300 1.5x, https:\/\/i0.wp.com\/noticiasribeiraopreto.com.br\/wp-content\/uploads\/2025\/12\/roberval_2025-12-11_21-03-39.webp.webp?fit=1200%2C903&ssl=1&resize=700%2C400 2x, https:\/\/i0.wp.com\/noticiasribeiraopreto.com.br\/wp-content\/uploads\/2025\/12\/roberval_2025-12-11_21-03-39.webp.webp?fit=1200%2C903&ssl=1&resize=1050%2C600 3x"},"classes":[]},{"id":83207,"url":"https:\/\/noticiasribeiraopreto.com.br\/index.php\/2026\/03\/12\/usp-ribeirao-preto-abre-inscricoes-para-oficinas-culturais-de-fotografia-forro-e-teatro\/","url_meta":{"origin":83210,"position":1},"title":"USP Ribeir\u00e3o Preto abre inscri\u00e7\u00f5es para oficinas culturais de fotografia, forr\u00f3 e teatro","author":"noticiasribeiraopreto.com.br","date":"12 de March de 2026","format":false,"excerpt":"A Universidade de S\u00e3o Paulo (USP) em Ribeir\u00e3o Preto est\u00e1 com inscri\u00e7\u00f5es abertas para as primeiras oficinas culturais de 2026, promovidas pela Se\u00e7\u00e3o de Atividades Culturais da Prefeitura do campus. As vagas s\u00e3o limitadas e, nesta primeira etapa, est\u00e3o dispon\u00edveis cursos de Fotografia B\u00e1sica, Forr\u00f3 Universit\u00e1rio e atividades do N\u00facleo\u2026","rel":"","context":"In &quot;Not\u00edcias de Ribeir\u00e3o Preto-SP e Regi\u00e3o&quot;","block_context":{"text":"Not\u00edcias de Ribeir\u00e3o Preto-SP e Regi\u00e3o","link":"https:\/\/noticiasribeiraopreto.com.br\/index.php\/category\/noticias-de-ribeirao-preto-sp-e-regiao-ismael-colosi\/"},"img":{"alt_text":"","src":"https:\/\/i0.wp.com\/noticiasribeiraopreto.com.br\/wp-content\/uploads\/2026\/03\/palace-65_2026-03-11_21-26-26.webp.webp?fit=1200%2C675&ssl=1&resize=350%2C200","width":350,"height":200,"srcset":"https:\/\/i0.wp.com\/noticiasribeiraopreto.com.br\/wp-content\/uploads\/2026\/03\/palace-65_2026-03-11_21-26-26.webp.webp?fit=1200%2C675&ssl=1&resize=350%2C200 1x, https:\/\/i0.wp.com\/noticiasribeiraopreto.com.br\/wp-content\/uploads\/2026\/03\/palace-65_2026-03-11_21-26-26.webp.webp?fit=1200%2C675&ssl=1&resize=525%2C300 1.5x, https:\/\/i0.wp.com\/noticiasribeiraopreto.com.br\/wp-content\/uploads\/2026\/03\/palace-65_2026-03-11_21-26-26.webp.webp?fit=1200%2C675&ssl=1&resize=700%2C400 2x, https:\/\/i0.wp.com\/noticiasribeiraopreto.com.br\/wp-content\/uploads\/2026\/03\/palace-65_2026-03-11_21-26-26.webp.webp?fit=1200%2C675&ssl=1&resize=1050%2C600 3x"},"classes":[]},{"id":82804,"url":"https:\/\/noticiasribeiraopreto.com.br\/index.php\/2026\/02\/27\/quer-se-qualificar-ribeirao-preto-abre-600-vagas-em-cursos-gratuitos\/","url_meta":{"origin":83210,"position":2},"title":"Quer se qualificar? Ribeir\u00e3o Preto abre 600 vagas em cursos gratuitos","author":"noticiasribeiraopreto.com.br","date":"27 de February de 2026","format":false,"excerpt":"Ribeir\u00e3o Preto passa a contar com 600 vagas em cursos gratuitos de qualifica\u00e7\u00e3o profissional promovidos pelo iBEE (Instituto Brasileiro do Emprego e Empreendedorismo), em parceria com o Governo do Estado de S\u00e3o Paulo e a Etec Jos\u00e9 Martimiano da Silva. Ao final das aulas, os alunos recebem certificado e podem\u2026","rel":"","context":"In &quot;Not\u00edcias de Ribeir\u00e3o Preto-SP e Regi\u00e3o&quot;","block_context":{"text":"Not\u00edcias de Ribeir\u00e3o Preto-SP e Regi\u00e3o","link":"https:\/\/noticiasribeiraopreto.com.br\/index.php\/category\/noticias-de-ribeirao-preto-sp-e-regiao-ismael-colosi\/"},"img":{"alt_text":"","src":"https:\/\/i0.wp.com\/noticiasribeiraopreto.com.br\/wp-content\/uploads\/2026\/02\/curso-programacao_2026-02-09_14-25-03.webp.webp?fit=1200%2C800&ssl=1&resize=350%2C200","width":350,"height":200,"srcset":"https:\/\/i0.wp.com\/noticiasribeiraopreto.com.br\/wp-content\/uploads\/2026\/02\/curso-programacao_2026-02-09_14-25-03.webp.webp?fit=1200%2C800&ssl=1&resize=350%2C200 1x, https:\/\/i0.wp.com\/noticiasribeiraopreto.com.br\/wp-content\/uploads\/2026\/02\/curso-programacao_2026-02-09_14-25-03.webp.webp?fit=1200%2C800&ssl=1&resize=525%2C300 1.5x, https:\/\/i0.wp.com\/noticiasribeiraopreto.com.br\/wp-content\/uploads\/2026\/02\/curso-programacao_2026-02-09_14-25-03.webp.webp?fit=1200%2C800&ssl=1&resize=700%2C400 2x, https:\/\/i0.wp.com\/noticiasribeiraopreto.com.br\/wp-content\/uploads\/2026\/02\/curso-programacao_2026-02-09_14-25-03.webp.webp?fit=1200%2C800&ssl=1&resize=1050%2C600 3x"},"classes":[]},{"id":83782,"url":"https:\/\/noticiasribeiraopreto.com.br\/index.php\/2026\/03\/25\/servidores-rejeitam-proposta-de-reajuste-salarial-proposto-pela-prefeitura\/","url_meta":{"origin":83210,"position":3},"title":"Servidores rejeitam proposta de reajuste salarial proposto pela prefeitura","author":"noticiasribeiraopreto.com.br","date":"25 de March de 2026","format":false,"excerpt":"\r \r \r 25 de mar\u00e7o de 2026 23:10 \r Compartilhar0 Prefeitura ser\u00e1 comunicada oficialmente da rejei\u00e7\u00e3o nesta quinta-feira; servidores esperam que governo fa\u00e7a uma nova proposta Em assembleia na noite desta quarta-feira, 25 de mar\u00e7o, os servidores municipais de Ribeir\u00e3o Preto rejeitaram a proposta de reajuste salarial, oferecido pela\u2026","rel":"","context":"In &quot;Not\u00edcias de Ribeir\u00e3o Preto-SP e Regi\u00e3o&quot;","block_context":{"text":"Not\u00edcias de Ribeir\u00e3o Preto-SP e Regi\u00e3o","link":"https:\/\/noticiasribeiraopreto.com.br\/index.php\/category\/noticias-de-ribeirao-preto-sp-e-regiao-ismael-colosi\/"},"img":{"alt_text":"","src":"https:\/\/i0.wp.com\/noticiasribeiraopreto.com.br\/wp-content\/uploads\/2026\/03\/assembleia-scaled.jpeg?fit=1177%2C780&ssl=1&resize=350%2C200","width":350,"height":200,"srcset":"https:\/\/i0.wp.com\/noticiasribeiraopreto.com.br\/wp-content\/uploads\/2026\/03\/assembleia-scaled.jpeg?fit=1177%2C780&ssl=1&resize=350%2C200 1x, https:\/\/i0.wp.com\/noticiasribeiraopreto.com.br\/wp-content\/uploads\/2026\/03\/assembleia-scaled.jpeg?fit=1177%2C780&ssl=1&resize=525%2C300 1.5x, https:\/\/i0.wp.com\/noticiasribeiraopreto.com.br\/wp-content\/uploads\/2026\/03\/assembleia-scaled.jpeg?fit=1177%2C780&ssl=1&resize=700%2C400 2x, https:\/\/i0.wp.com\/noticiasribeiraopreto.com.br\/wp-content\/uploads\/2026\/03\/assembleia-scaled.jpeg?fit=1177%2C780&ssl=1&resize=1050%2C600 3x"},"classes":[]},{"id":41099,"url":"https:\/\/noticiasribeiraopreto.com.br\/index.php\/2024\/03\/06\/artesaos-vao-promover-quatro-feiras-em-marco\/","url_meta":{"origin":83210,"position":4},"title":"Artes\u00e3os v\u00e3o promover\u00a0quatro feiras em mar\u00e7o\u00a0","author":"noticiasribeiraopreto.com.br","date":"6 de March de 2024","format":false,"excerpt":"6 de mar\u00e7o de 2024 | 16:006 de mar\u00e7o de 2024 | 12:23 0Com objetivo de apresentar os trabalhos desenvolvidos pelas v\u00e1rias associa\u00e7\u00f5es de artes\u00e3os de Ribeir\u00e3o Preto e celebrar o Dia do Artes\u00e3o e do Artesanato, comemorado oficialmente em 19 de mar\u00e7o, a Feira de Artesanato preparou uma s\u00e9rie\u2026","rel":"","context":"In &quot;Not\u00edcias de Ribeir\u00e3o Preto-SP e Regi\u00e3o&quot;","block_context":{"text":"Not\u00edcias de Ribeir\u00e3o Preto-SP e Regi\u00e3o","link":"https:\/\/noticiasribeiraopreto.com.br\/index.php\/category\/noticias-de-ribeirao-preto-sp-e-regiao-ismael-colosi\/"},"img":{"alt_text":"","src":"https:\/\/i0.wp.com\/noticiasribeiraopreto.com.br\/wp-content\/uploads\/2024\/03\/Artesaos-Divulgacao-02-scaled.jpg?fit=860%2C645&ssl=1&resize=350%2C200","width":350,"height":200,"srcset":"https:\/\/i0.wp.com\/noticiasribeiraopreto.com.br\/wp-content\/uploads\/2024\/03\/Artesaos-Divulgacao-02-scaled.jpg?fit=860%2C645&ssl=1&resize=350%2C200 1x, https:\/\/i0.wp.com\/noticiasribeiraopreto.com.br\/wp-content\/uploads\/2024\/03\/Artesaos-Divulgacao-02-scaled.jpg?fit=860%2C645&ssl=1&resize=525%2C300 1.5x, https:\/\/i0.wp.com\/noticiasribeiraopreto.com.br\/wp-content\/uploads\/2024\/03\/Artesaos-Divulgacao-02-scaled.jpg?fit=860%2C645&ssl=1&resize=700%2C400 2x"},"classes":[]},{"id":80745,"url":"https:\/\/noticiasribeiraopreto.com.br\/index.php\/2025\/12\/12\/fpf-divulga-tabela-basica-da-serie-a4-e-comercial-estreia-fora\/","url_meta":{"origin":83210,"position":5},"title":"FPF divulga tabela b\u00e1sica da S\u00e9rie A4 e Comercial estreia fora","author":"noticiasribeiraopreto.com.br","date":"12 de December de 2025","format":false,"excerpt":"\r \r \r 12 de dezembro de 2025 14:20 \r Compartilhar0 Le\u00e3o do Norte come\u00e7a a sua retomada em busca do acesso\u00a0 fora de casa, contra o Ecus Na manh\u00e3 desta sexta-feira a tabela b\u00e1sica de jogos do Campeonato Paulista S\u00e9rie A4 foi divulgada pela Federa\u00e7\u00e3o Paulista de Futebol. A\u2026","rel":"","context":"In &quot;Not\u00edcias de Ribeir\u00e3o Preto-SP e Regi\u00e3o&quot;","block_context":{"text":"Not\u00edcias de Ribeir\u00e3o Preto-SP e Regi\u00e3o","link":"https:\/\/noticiasribeiraopreto.com.br\/index.php\/category\/noticias-de-ribeirao-preto-sp-e-regiao-ismael-colosi\/"},"img":{"alt_text":"","src":"https:\/\/i0.wp.com\/noticiasribeiraopreto.com.br\/wp-content\/uploads\/2025\/12\/1-Palma-Travassos-Raul-Ramos-4.jpg?fit=799%2C533&ssl=1&resize=350%2C200","width":350,"height":200,"srcset":"https:\/\/i0.wp.com\/noticiasribeiraopreto.com.br\/wp-content\/uploads\/2025\/12\/1-Palma-Travassos-Raul-Ramos-4.jpg?fit=799%2C533&ssl=1&resize=350%2C200 1x, https:\/\/i0.wp.com\/noticiasribeiraopreto.com.br\/wp-content\/uploads\/2025\/12\/1-Palma-Travassos-Raul-Ramos-4.jpg?fit=799%2C533&ssl=1&resize=525%2C300 1.5x, https:\/\/i0.wp.com\/noticiasribeiraopreto.com.br\/wp-content\/uploads\/2025\/12\/1-Palma-Travassos-Raul-Ramos-4.jpg?fit=799%2C533&ssl=1&resize=700%2C400 2x"},"classes":[]}],"jetpack_sharing_enabled":true,"jetpack_shortlink":"https:\/\/wp.me\/peQAOb-lE6","_links":{"self":[{"href":"https:\/\/noticiasribeiraopreto.com.br\/index.php\/wp-json\/wp\/v2\/posts\/83210","targetHints":{"allow":["GET"]}}],"collection":[{"href":"https:\/\/noticiasribeiraopreto.com.br\/index.php\/wp-json\/wp\/v2\/posts"}],"about":[{"href":"https:\/\/noticiasribeiraopreto.com.br\/index.php\/wp-json\/wp\/v2\/types\/post"}],"author":[{"embeddable":true,"href":"https:\/\/noticiasribeiraopreto.com.br\/index.php\/wp-json\/wp\/v2\/users\/1"}],"replies":[{"embeddable":true,"href":"https:\/\/noticiasribeiraopreto.com.br\/index.php\/wp-json\/wp\/v2\/comments?post=83210"}],"version-history":[{"count":0,"href":"https:\/\/noticiasribeiraopreto.com.br\/index.php\/wp-json\/wp\/v2\/posts\/83210\/revisions"}],"wp:featuredmedia":[{"embeddable":true,"href":"https:\/\/noticiasribeiraopreto.com.br\/index.php\/wp-json\/wp\/v2\/media\/83212"}],"wp:attachment":[{"href":"https:\/\/noticiasribeiraopreto.com.br\/index.php\/wp-json\/wp\/v2\/media?parent=83210"}],"wp:term":[{"taxonomy":"category","embeddable":true,"href":"https:\/\/noticiasribeiraopreto.com.br\/index.php\/wp-json\/wp\/v2\/categories?post=83210"},{"taxonomy":"post_tag","embeddable":true,"href":"https:\/\/noticiasribeiraopreto.com.br\/index.php\/wp-json\/wp\/v2\/tags?post=83210"}],"curies":[{"name":"wp","href":"https:\/\/api.w.org\/{rel}","templated":true}]}}