{"id":83214,"date":"2026-03-12T22:00:05","date_gmt":"2026-03-13T01:00:05","guid":{"rendered":"https:\/\/noticiasribeiraopreto.com.br\/index.php\/2026\/03\/12\/pinho-surpreende-e-deixa-o-comercial-apos-um-jogo\/"},"modified":"2026-03-12T22:00:05","modified_gmt":"2026-03-13T01:00:05","slug":"pinho-surpreende-e-deixa-o-comercial-apos-um-jogo","status":"publish","type":"post","link":"https:\/\/noticiasribeiraopreto.com.br\/index.php\/2026\/03\/12\/pinho-surpreende-e-deixa-o-comercial-apos-um-jogo\/","title":{"rendered":"Pinho surpreende e deixa o Comercial ap\u00f3s um jogo"},"content":{"rendered":"<div class='code-block code-block-1' style='margin: 8px 0 8px auto; text-align: right; display: block; clear: both;'>\n<p><a href=\"https:\/\/wa.link\/vpicfd\"><img data-recalc-dims=\"1\" class=\"wp-image-4922\" style=\"aspect-ratio: 2.0253164556962027; width: 561px; height: auto;\" src=\"https:\/\/i0.wp.com\/ismaelcolosi.com.br\/wp-content\/uploads\/2023\/11\/grupo-de-empregos-whatsapp-e-facebook-ismael-colosi-vagas.jpg?ssl=1\" alt=\"\" \/><\/a><\/p>\n<!-- \/wp:image -->\n<\/div>\n<p> <br \/>\n<\/p>\n<div id=\"post-457197\">&#13;<br \/>\n&#13;<\/p>\n<header class=\"entry-header penci-entry-header penci-title-center\">&#13;<br \/>\n\t\t\t\t\t\t\t\t&#13;<\/p>\n<p>&#13;<br \/>\n\t\t\t\t\t\t\t\t\t<span class=\"entry-meta-item penci-posted-on\"><i class=\"fa fa-clock-o\"\/><time class=\"entry-date published updated\" datetime=\"2026-03-12T21:53:39-03:00\">12 de mar\u00e7o de 2026 21:53<\/time><\/span><span class=\"entry-meta-item penci-post-countview\"\/>\t\t\t\t\t\t\t\t<\/p>\n<p><!-- .entry-meta -->&#13;<br \/>\n\t\t\t\t\t\t\t\t<span class=\"penci-social-buttons penci-social-share-footer\"><span class=\"penci-social-share-text\">Compartilhar<\/span><a href=\"#\" class=\"penci-post-like penci_post-meta_item  single-like-button penci-social-item like\" data-post_id=\"457197\" title=\"Like\" data-like=\"Like\" data-unlike=\"Unlike\"><i class=\"fa fa-thumbs-o-up\"\/><span class=\"penci-share-number\">0<\/span><\/a><i class=\"fa fa-facebook\"\/><a class=\"penci-social-item twitter\" target=\"_blank\" rel=\"noopener\" title=\"\" href=\"https:\/\/twitter.com\/intent\/tweet?text=Pinho%20surpreende%20e%20deixa%20o%20Comercial%20%20ap\u00f3s%20um%20jogo%20-%20https:\/\/www.tribunaribeirao.com.br\/pinho-surpreende-e-deixa-o-comercial-apos-um-jogo\/\"><i class=\"fa fa-twitter\"\/><\/a><i class=\"fa fa-linkedin\"\/><i class=\"fa fa-whatsapp\"\/><i class=\"fa fa-telegram\"\/><i class=\"fa fa-envelope\"\/><\/span>\t\t\t\t\t\t\t<\/header>\n<p><!-- .entry-header -->&#13;<\/p>\n<div class=\"penci-entry-content entry-content\">\n<p class=\"p1\"><em>Treinador alegou diverg\u00eancias internas com membros da comiss\u00e3o t\u00e9cnica<\/em><\/p>\n<p class=\"p3\"><span class=\"s1\">Na noite desta quinta-feira o Comercial foi surpreendido com a sa\u00edda do t\u00e9cnico Pinho. Ele deixou o clube alegando diverg\u00eancias com membros da comiss\u00e3o t\u00e9cnica. Ele sequer foi registrado no BID e contra<span class=\"Apple-converted-space\">\u00a0 <\/span>Nacional ficou como auxiliar. Pinho<span class=\"Apple-converted-space\">\u00a0 <\/span>foi o terceiro t\u00e9cnico do Comercial na S\u00e9rie A4 do Campeonato Paulista. <\/span><\/p>\n<p class=\"p3\"><span class=\"s1\">O primeiro foi Roberval Davino, que saiu ap\u00f3s tr\u00eas jogos. Depois, o auxiliar Osny assumiu como interino e Raphael Pereira ficou por mais quatro partidas e foi demitido. <\/span><\/p>\n<p class=\"p3\"><span class=\"s1\">Foi a quinta passagem de Pinho pelo clube, a terceira como t\u00e9cnico. Nas outras duas, atuou como diretor.<\/span><\/p>\n<p class=\"p3\"><span class=\"s1\">Nesta sexta-feira o clube deve fazer um pronunciamento sobre a decis\u00e3o do treinador e o poss\u00edvel substituto nas pr\u00f3ximas seis rodadas, inclusive amanh\u00e3 contra o Ara\u00e7atuba.<\/span><\/p>\n<\/div>\n<p><!-- .entry-content -->&#13;<br \/>\n&#13;<\/p>\n<footer class=\"penci-entry-footer\">&#13;<br \/>\n\t\t\t\t\t\t\t\t<span class=\"penci-social-buttons penci-social-share-footer\"><span class=\"penci-social-share-text\">Compartilhar<\/span><a href=\"#\" class=\"penci-post-like penci_post-meta_item  single-like-button penci-social-item like\" data-post_id=\"457197\" title=\"Like\" data-like=\"Like\" data-unlike=\"Unlike\"><i class=\"fa fa-thumbs-o-up\"\/><span class=\"penci-share-number\">0<\/span><\/a><i class=\"fa fa-facebook\"\/><a class=\"penci-social-item twitter\" target=\"_blank\" rel=\"noopener\" title=\"\" href=\"https:\/\/twitter.com\/intent\/tweet?text=Pinho%20surpreende%20e%20deixa%20o%20Comercial%20%20ap\u00f3s%20um%20jogo%20-%20https:\/\/www.tribunaribeirao.com.br\/pinho-surpreende-e-deixa-o-comercial-apos-um-jogo\/\"><i class=\"fa fa-twitter\"\/><\/a><i class=\"fa fa-linkedin\"\/><i class=\"fa fa-whatsapp\"\/><i class=\"fa fa-telegram\"\/><i class=\"fa fa-envelope\"\/><\/span>\t\t\t\t\t\t\t<\/footer>\n<p><!-- .entry-footer -->&#13;\n\t\t\t\t\t\t<\/div>\n<p><script async src=\"\/\/platform.twitter.com\/widgets.js\" charset=\"utf-8\"><\/script><br \/>\n<br \/><br \/>\n<br \/><a href=\"https:\/\/www.tribunaribeirao.com.br\/pinho-surpreende-e-deixa-o-comercial-apos-um-jogo\/\">Source link <\/a><\/p>\n<!-- CONTENT END 1 -->\n","protected":false},"excerpt":{"rendered":"<p>&#13; &#13; &#13; &#13; &#13; 12 de mar\u00e7o de 2026 21:53 &#13; Compartilhar0 &#13; Treinador alegou diverg\u00eancias internas com membros da comiss\u00e3o t\u00e9cnica Na noite&#8230;<\/p>\n","protected":false},"author":1,"featured_media":83215,"comment_status":"open","ping_status":"open","sticky":false,"template":"","format":"standard","meta":{"advanced_seo_description":"","jetpack_seo_html_title":"","jetpack_seo_noindex":false,"jetpack_post_was_ever_published":false,"_jetpack_newsletter_access":"","_jetpack_dont_email_post_to_subs":false,"_jetpack_newsletter_tier_id":0,"_jetpack_memberships_contains_paywalled_content":false,"_jetpack_memberships_contains_paid_content":false,"footnotes":"","jetpack_publicize_message":"","jetpack_publicize_feature_enabled":true,"jetpack_social_post_already_shared":true,"jetpack_social_options":{"image_generator_settings":{"template":"highway","default_image_id":0,"font":"","enabled":false},"version":2}},"categories":[11],"tags":[],"class_list":["post-83214","post","type-post","status-publish","format-standard","has-post-thumbnail","hentry","category-noticias-de-ribeirao-preto-sp-e-regiao-ismael-colosi"],"jetpack_publicize_connections":[],"jetpack_featured_media_url":"https:\/\/i0.wp.com\/noticiasribeiraopreto.com.br\/wp-content\/uploads\/2026\/03\/coemrcial-scaled.jpg?fit=1170%2C780&ssl=1","jetpack-related-posts":[{"id":83237,"url":"https:\/\/noticiasribeiraopreto.com.br\/index.php\/2026\/03\/13\/seria-a4-pinho-nao-e-mais-tecnico-do-comercial\/","url_meta":{"origin":83214,"position":0},"title":"S\u00e9ria A4: Pinho n\u00e3o \u00e9 mais t\u00e9cnico do Comercial","author":"noticiasribeiraopreto.com.br","date":"13 de March de 2026","format":false,"excerpt":"O t\u00e9cnico Ol\u00edmpio Batista Ferreira J\u00fanior, conhecido como Pinho, deixou o comando do Comercial poucos dias ap\u00f3s assumir o cargo. A demiss\u00e3o foi confirmada pelo t\u00e9cnico na noite desta quinta-feira (12). O treinador tinha sido anunciado oficialmente no dia 4 de mar\u00e7o, ap\u00f3s a demiss\u00e3o de Raphael Pereira. A mudan\u00e7a\u2026","rel":"","context":"In &quot;Not\u00edcias de Ribeir\u00e3o Preto-SP e Regi\u00e3o&quot;","block_context":{"text":"Not\u00edcias de Ribeir\u00e3o Preto-SP e Regi\u00e3o","link":"https:\/\/noticiasribeiraopreto.com.br\/index.php\/category\/noticias-de-ribeirao-preto-sp-e-regiao-ismael-colosi\/"},"img":{"alt_text":"","src":"https:\/\/i0.wp.com\/noticiasribeiraopreto.com.br\/wp-content\/uploads\/2026\/03\/pinho-comercial_2025-04-25_20-26-36.webp.webp?fit=1200%2C900&ssl=1&resize=350%2C200","width":350,"height":200,"srcset":"https:\/\/i0.wp.com\/noticiasribeiraopreto.com.br\/wp-content\/uploads\/2026\/03\/pinho-comercial_2025-04-25_20-26-36.webp.webp?fit=1200%2C900&ssl=1&resize=350%2C200 1x, https:\/\/i0.wp.com\/noticiasribeiraopreto.com.br\/wp-content\/uploads\/2026\/03\/pinho-comercial_2025-04-25_20-26-36.webp.webp?fit=1200%2C900&ssl=1&resize=525%2C300 1.5x, https:\/\/i0.wp.com\/noticiasribeiraopreto.com.br\/wp-content\/uploads\/2026\/03\/pinho-comercial_2025-04-25_20-26-36.webp.webp?fit=1200%2C900&ssl=1&resize=700%2C400 2x, https:\/\/i0.wp.com\/noticiasribeiraopreto.com.br\/wp-content\/uploads\/2026\/03\/pinho-comercial_2025-04-25_20-26-36.webp.webp?fit=1200%2C900&ssl=1&resize=1050%2C600 3x"},"classes":[]},{"id":82966,"url":"https:\/\/noticiasribeiraopreto.com.br\/index.php\/2026\/03\/04\/comercial-perde-de-virada-demite-tecnico-e-contrata-pinho\/","url_meta":{"origin":83214,"position":1},"title":"Comercial perde de virada, demite t\u00e9cnico e contrata Pinho","author":"noticiasribeiraopreto.com.br","date":"4 de March de 2026","format":false,"excerpt":"\r Mesmo com um a mais, Bafo \u00e9 superado pelo S\u00e3o Caetano e enfrenta crise\r \r 4 de mar\u00e7o de 2026 17:164 de mar\u00e7o de 2026 17:21 \r Compartilhar1 Por Hugo Luque O Comercial perdeu de virada para o S\u00e3o Caetano por 2 a 1 nesta quarta-feira (4), pela oitava\u2026","rel":"","context":"In &quot;Not\u00edcias de Ribeir\u00e3o Preto-SP e Regi\u00e3o&quot;","block_context":{"text":"Not\u00edcias de Ribeir\u00e3o Preto-SP e Regi\u00e3o","link":"https:\/\/noticiasribeiraopreto.com.br\/index.php\/category\/noticias-de-ribeirao-preto-sp-e-regiao-ismael-colosi\/"},"img":{"alt_text":"","src":"https:\/\/i0.wp.com\/noticiasribeiraopreto.com.br\/wp-content\/uploads\/2026\/03\/1772656083_1-Sao-Caetano-x-Comercial-Barbara-Pires_Comercial-FC-scaled.jpeg?fit=1169%2C780&ssl=1&resize=350%2C200","width":350,"height":200,"srcset":"https:\/\/i0.wp.com\/noticiasribeiraopreto.com.br\/wp-content\/uploads\/2026\/03\/1772656083_1-Sao-Caetano-x-Comercial-Barbara-Pires_Comercial-FC-scaled.jpeg?fit=1169%2C780&ssl=1&resize=350%2C200 1x, https:\/\/i0.wp.com\/noticiasribeiraopreto.com.br\/wp-content\/uploads\/2026\/03\/1772656083_1-Sao-Caetano-x-Comercial-Barbara-Pires_Comercial-FC-scaled.jpeg?fit=1169%2C780&ssl=1&resize=525%2C300 1.5x, https:\/\/i0.wp.com\/noticiasribeiraopreto.com.br\/wp-content\/uploads\/2026\/03\/1772656083_1-Sao-Caetano-x-Comercial-Barbara-Pires_Comercial-FC-scaled.jpeg?fit=1169%2C780&ssl=1&resize=700%2C400 2x, https:\/\/i0.wp.com\/noticiasribeiraopreto.com.br\/wp-content\/uploads\/2026\/03\/1772656083_1-Sao-Caetano-x-Comercial-Barbara-Pires_Comercial-FC-scaled.jpeg?fit=1169%2C780&ssl=1&resize=1050%2C600 3x"},"classes":[]},{"id":83275,"url":"https:\/\/noticiasribeiraopreto.com.br\/index.php\/2026\/03\/14\/comercial-fica-no-empate-em-aracatuba\/","url_meta":{"origin":83214,"position":2},"title":"Comercial fica no empate em Ara\u00e7atuba","author":"noticiasribeiraopreto.com.br","date":"14 de March de 2026","format":false,"excerpt":"\r \r \r 14 de mar\u00e7o de 2026 19:31 \r Compartilhar0 Deu empate sem gols no jogo entre Ara\u00e7atuba e Comercial, realizado na tarde deste s\u00e1bado no est\u00e1dio Doutor Adhemar de Barros, em Ara\u00e7atuba, pela d\u00e9cima rodada da S\u00e9rie A4 do Campeonato Paulista. No jogo de hoje o Le\u00e3o foi\u2026","rel":"","context":"In &quot;Not\u00edcias de Ribeir\u00e3o Preto-SP e Regi\u00e3o&quot;","block_context":{"text":"Not\u00edcias de Ribeir\u00e3o Preto-SP e Regi\u00e3o","link":"https:\/\/noticiasribeiraopreto.com.br\/index.php\/category\/noticias-de-ribeirao-preto-sp-e-regiao-ismael-colosi\/"},"img":{"alt_text":"","src":"https:\/\/i0.wp.com\/noticiasribeiraopreto.com.br\/wp-content\/uploads\/2026\/03\/AEA-0-x-0-CFC-scaled.jpg?fit=975%2C780&ssl=1&resize=350%2C200","width":350,"height":200,"srcset":"https:\/\/i0.wp.com\/noticiasribeiraopreto.com.br\/wp-content\/uploads\/2026\/03\/AEA-0-x-0-CFC-scaled.jpg?fit=975%2C780&ssl=1&resize=350%2C200 1x, https:\/\/i0.wp.com\/noticiasribeiraopreto.com.br\/wp-content\/uploads\/2026\/03\/AEA-0-x-0-CFC-scaled.jpg?fit=975%2C780&ssl=1&resize=525%2C300 1.5x, https:\/\/i0.wp.com\/noticiasribeiraopreto.com.br\/wp-content\/uploads\/2026\/03\/AEA-0-x-0-CFC-scaled.jpg?fit=975%2C780&ssl=1&resize=700%2C400 2x"},"classes":[]},{"id":82987,"url":"https:\/\/noticiasribeiraopreto.com.br\/index.php\/2026\/03\/05\/comercial-perde-mais-uma-na-serie-a4-demite-tecnico-e-anuncia-pinho\/","url_meta":{"origin":83214,"position":3},"title":"Comercial perde mais uma na S\u00e9rie A4, demite t\u00e9cnico e anuncia Pinho","author":"noticiasribeiraopreto.com.br","date":"5 de March de 2026","format":false,"excerpt":"Na tarde desta quarta-feira (4), o Comercial foi derrotado por 2 a 1 pelo S\u00e3o Caetano, no est\u00e1dio Anacleto Campanella, em partida v\u00e1lida pela S\u00e9rie A4 do Campeonato Paulista. No final do jogo, a assessoria do clube anunciou a demiss\u00e3o do t\u00e9cnico Raphael Pereira. O clube passa a ser comandado\u2026","rel":"","context":"In &quot;Not\u00edcias de Ribeir\u00e3o Preto-SP e Regi\u00e3o&quot;","block_context":{"text":"Not\u00edcias de Ribeir\u00e3o Preto-SP e Regi\u00e3o","link":"https:\/\/noticiasribeiraopreto.com.br\/index.php\/category\/noticias-de-ribeirao-preto-sp-e-regiao-ismael-colosi\/"},"img":{"alt_text":"","src":"https:\/\/i0.wp.com\/noticiasribeiraopreto.com.br\/wp-content\/uploads\/2026\/03\/WhatsApp-Image-2026-03-04-at-16.45.46-1_2026-03-04_20-16-02.webp.webp?fit=1200%2C801&ssl=1&resize=350%2C200","width":350,"height":200,"srcset":"https:\/\/i0.wp.com\/noticiasribeiraopreto.com.br\/wp-content\/uploads\/2026\/03\/WhatsApp-Image-2026-03-04-at-16.45.46-1_2026-03-04_20-16-02.webp.webp?fit=1200%2C801&ssl=1&resize=350%2C200 1x, https:\/\/i0.wp.com\/noticiasribeiraopreto.com.br\/wp-content\/uploads\/2026\/03\/WhatsApp-Image-2026-03-04-at-16.45.46-1_2026-03-04_20-16-02.webp.webp?fit=1200%2C801&ssl=1&resize=525%2C300 1.5x, https:\/\/i0.wp.com\/noticiasribeiraopreto.com.br\/wp-content\/uploads\/2026\/03\/WhatsApp-Image-2026-03-04-at-16.45.46-1_2026-03-04_20-16-02.webp.webp?fit=1200%2C801&ssl=1&resize=700%2C400 2x, https:\/\/i0.wp.com\/noticiasribeiraopreto.com.br\/wp-content\/uploads\/2026\/03\/WhatsApp-Image-2026-03-04-at-16.45.46-1_2026-03-04_20-16-02.webp.webp?fit=1200%2C801&ssl=1&resize=1050%2C600 3x"},"classes":[]},{"id":80723,"url":"https:\/\/noticiasribeiraopreto.com.br\/index.php\/2025\/12\/12\/comercial-conhece-tabela-da-1a-fase-do-paulistao-a4-2026-confira\/","url_meta":{"origin":83214,"position":4},"title":"Comercial conhece tabela da 1\u00aa fase do Paulist\u00e3o A4 2026; Confira","author":"noticiasribeiraopreto.com.br","date":"12 de December de 2025","format":false,"excerpt":"A tabela b\u00e1sica de jogos do Paulist\u00e3o A4 2026 est\u00e1 definida. O Comercial estreia contra o Ecus, fora de casa \u2013 veja a tabela abaixo. A competi\u00e7\u00e3o tem in\u00edcio no primeiro final de semana de fevereiro e a decis\u00e3o est\u00e1 prevista para o dia 10 de maio. Regulamento Com a\u2026","rel":"","context":"In &quot;Not\u00edcias de Ribeir\u00e3o Preto-SP e Regi\u00e3o&quot;","block_context":{"text":"Not\u00edcias de Ribeir\u00e3o Preto-SP e Regi\u00e3o","link":"https:\/\/noticiasribeiraopreto.com.br\/index.php\/category\/noticias-de-ribeirao-preto-sp-e-regiao-ismael-colosi\/"},"img":{"alt_text":"","src":"https:\/\/i0.wp.com\/noticiasribeiraopreto.com.br\/wp-content\/uploads\/2025\/12\/roberval_2025-12-11_21-03-39.webp.webp?fit=1200%2C903&ssl=1&resize=350%2C200","width":350,"height":200,"srcset":"https:\/\/i0.wp.com\/noticiasribeiraopreto.com.br\/wp-content\/uploads\/2025\/12\/roberval_2025-12-11_21-03-39.webp.webp?fit=1200%2C903&ssl=1&resize=350%2C200 1x, https:\/\/i0.wp.com\/noticiasribeiraopreto.com.br\/wp-content\/uploads\/2025\/12\/roberval_2025-12-11_21-03-39.webp.webp?fit=1200%2C903&ssl=1&resize=525%2C300 1.5x, https:\/\/i0.wp.com\/noticiasribeiraopreto.com.br\/wp-content\/uploads\/2025\/12\/roberval_2025-12-11_21-03-39.webp.webp?fit=1200%2C903&ssl=1&resize=700%2C400 2x, https:\/\/i0.wp.com\/noticiasribeiraopreto.com.br\/wp-content\/uploads\/2025\/12\/roberval_2025-12-11_21-03-39.webp.webp?fit=1200%2C903&ssl=1&resize=1050%2C600 3x"},"classes":[]},{"id":83539,"url":"https:\/\/noticiasribeiraopreto.com.br\/index.php\/2026\/03\/20\/homem-sai-engatinhando-apos-furtar-loja-na-zona-sul\/","url_meta":{"origin":83214,"position":5},"title":"Homem sai engatinhando ap\u00f3s furtar loja na zona Sul","author":"noticiasribeiraopreto.com.br","date":"20 de March de 2026","format":false,"excerpt":"\r \r \r Suspeito invadiu loja de colch\u00f5es e procurou dificultar sua identifica\u00e7\u00e3o atrav\u00e9s das c\u00e2meras de monitoramento\r \r 20 de mar\u00e7o de 2026 11:1820 de mar\u00e7o de 2026 11:19 \r Compartilhar3 \r Por: Adalberto Luque \u2013 A Pol\u00edcia Civil procura um homem, suspeito de furtar um estabelecimento comercial. O\u2026","rel":"","context":"In &quot;Not\u00edcias de Ribeir\u00e3o Preto-SP e Regi\u00e3o&quot;","block_context":{"text":"Not\u00edcias de Ribeir\u00e3o Preto-SP e Regi\u00e3o","link":"https:\/\/noticiasribeiraopreto.com.br\/index.php\/category\/noticias-de-ribeirao-preto-sp-e-regiao-ismael-colosi\/"},"img":{"alt_text":"","src":"https:\/\/i0.wp.com\/noticiasribeiraopreto.com.br\/wp-content\/uploads\/2026\/03\/20-mar-2026-furtocolchoes-scaled.jpg?fit=1200%2C716&ssl=1&resize=350%2C200","width":350,"height":200,"srcset":"https:\/\/i0.wp.com\/noticiasribeiraopreto.com.br\/wp-content\/uploads\/2026\/03\/20-mar-2026-furtocolchoes-scaled.jpg?fit=1200%2C716&ssl=1&resize=350%2C200 1x, https:\/\/i0.wp.com\/noticiasribeiraopreto.com.br\/wp-content\/uploads\/2026\/03\/20-mar-2026-furtocolchoes-scaled.jpg?fit=1200%2C716&ssl=1&resize=525%2C300 1.5x, https:\/\/i0.wp.com\/noticiasribeiraopreto.com.br\/wp-content\/uploads\/2026\/03\/20-mar-2026-furtocolchoes-scaled.jpg?fit=1200%2C716&ssl=1&resize=700%2C400 2x, https:\/\/i0.wp.com\/noticiasribeiraopreto.com.br\/wp-content\/uploads\/2026\/03\/20-mar-2026-furtocolchoes-scaled.jpg?fit=1200%2C716&ssl=1&resize=1050%2C600 3x"},"classes":[]}],"jetpack_sharing_enabled":true,"jetpack_shortlink":"https:\/\/wp.me\/peQAOb-lEa","_links":{"self":[{"href":"https:\/\/noticiasribeiraopreto.com.br\/index.php\/wp-json\/wp\/v2\/posts\/83214","targetHints":{"allow":["GET"]}}],"collection":[{"href":"https:\/\/noticiasribeiraopreto.com.br\/index.php\/wp-json\/wp\/v2\/posts"}],"about":[{"href":"https:\/\/noticiasribeiraopreto.com.br\/index.php\/wp-json\/wp\/v2\/types\/post"}],"author":[{"embeddable":true,"href":"https:\/\/noticiasribeiraopreto.com.br\/index.php\/wp-json\/wp\/v2\/users\/1"}],"replies":[{"embeddable":true,"href":"https:\/\/noticiasribeiraopreto.com.br\/index.php\/wp-json\/wp\/v2\/comments?post=83214"}],"version-history":[{"count":0,"href":"https:\/\/noticiasribeiraopreto.com.br\/index.php\/wp-json\/wp\/v2\/posts\/83214\/revisions"}],"wp:featuredmedia":[{"embeddable":true,"href":"https:\/\/noticiasribeiraopreto.com.br\/index.php\/wp-json\/wp\/v2\/media\/83215"}],"wp:attachment":[{"href":"https:\/\/noticiasribeiraopreto.com.br\/index.php\/wp-json\/wp\/v2\/media?parent=83214"}],"wp:term":[{"taxonomy":"category","embeddable":true,"href":"https:\/\/noticiasribeiraopreto.com.br\/index.php\/wp-json\/wp\/v2\/categories?post=83214"},{"taxonomy":"post_tag","embeddable":true,"href":"https:\/\/noticiasribeiraopreto.com.br\/index.php\/wp-json\/wp\/v2\/tags?post=83214"}],"curies":[{"name":"wp","href":"https:\/\/api.w.org\/{rel}","templated":true}]}}