{"id":83216,"date":"2026-03-12T22:25:16","date_gmt":"2026-03-13T01:25:16","guid":{"rendered":"https:\/\/noticiasribeiraopreto.com.br\/index.php\/2026\/03\/12\/sao-paulo-vence-chapecoense-na-estreia-de-roger-machado-e-assume-a-lideranca\/"},"modified":"2026-03-12T22:25:16","modified_gmt":"2026-03-13T01:25:16","slug":"sao-paulo-vence-chapecoense-na-estreia-de-roger-machado-e-assume-a-lideranca","status":"publish","type":"post","link":"https:\/\/noticiasribeiraopreto.com.br\/index.php\/2026\/03\/12\/sao-paulo-vence-chapecoense-na-estreia-de-roger-machado-e-assume-a-lideranca\/","title":{"rendered":"S\u00e3o Paulo vence Chapecoense na estreia de Roger Machado e assume a lideran\u00e7a"},"content":{"rendered":"<div class='code-block code-block-1' style='margin: 8px 0 8px auto; text-align: right; display: block; clear: both;'>\n<p><a href=\"https:\/\/wa.link\/vpicfd\"><img data-recalc-dims=\"1\" class=\"wp-image-4922\" style=\"aspect-ratio: 2.0253164556962027; width: 561px; height: auto;\" src=\"https:\/\/i0.wp.com\/ismaelcolosi.com.br\/wp-content\/uploads\/2023\/11\/grupo-de-empregos-whatsapp-e-facebook-ismael-colosi-vagas.jpg?ssl=1\" alt=\"\" \/><\/a><\/p>\n<!-- \/wp:image -->\n<\/div>\n<p> <br \/>\n<\/p>\n<div>\n<p class=\"p1\"><span class=\"s1\">Na estreia do t\u00e9cnico Roger Machado, o S\u00e3o Paulo assumiu a lideran\u00e7a do Campeonato Brasileiro, nesta quinta-feira, ao derrotar a Chapecoense, por 2 a 0, no Canind\u00e9, em duelo v\u00e1lido pela quinta rodada. O time tricolor chegou aos 13 pontos e superou o Palmeiras, que permaneceu com dez, ao perder para o Vasco, no Rio. J\u00e1 o time de Chapec\u00f3 fica na zona intermedi\u00e1ria da tabela, com cinco jogo e apenas quatro partidas disputadas.<\/span><\/p>\n<p class=\"p1\"><span class=\"s1\">Sob chuva constante, o S\u00e3o Paulo se imp\u00f4s desde o apito inicial, ocupando o campo defensivo encharcado da Chapecoense. Apesar do dom\u00ednio territorial, o time tricolor encontrou dificuldade inicial para infiltrar na zaga catarinense.<\/span><\/p>\n<p class=\"p1\"><span class=\"s1\">Apesar da press\u00e3o sofrida, a Chapecoense se mostrou muito objetiva, ao conseguir organizar suas jogadas e levar a bola at\u00e9 dentro da \u00e1rea do S\u00e3o Paulo. <\/span><\/p>\n<p class=\"p1\"><span class=\"s1\">Com 15 minutos, os times come\u00e7aram a sofrer com o gramado escorregadio. V\u00e1rias jogadas foram prejudicadas pelo excesso de \u00e1gua. Desta forma, o \u2018chut\u00e3o\u2019 passou a ser mais utilizado para o in\u00edcio das jogadas.<\/span><\/p>\n<p class=\"p1\"><span class=\"s1\">Aos 27 minutos, a primeira oportunidade de gol do jogo foi de Bobadilla, que acabou travado no momento do chute. Aos 36, foi a vez de Lucas Ramon tentar abrir o placar, mas L\u00e9o Oliveira fez boa defesa.<\/span><\/p>\n<p class=\"p1\"><span class=\"s1\">O lance animou o S\u00e3o Paulo, que imprimiu maior ritmo. Aos 39, L\u00e9o Oliveira voltou a fazer boa defesa, desta vez em cabe\u00e7ada de Luciano. A press\u00e3o foi grande e Calleri, aos 47, tamb\u00e9m teve cabe\u00e7ada defendida pelo goleiro catarinense.<\/span><\/p>\n<p class=\"p1\"><span class=\"s1\">Aos 48, a Chapecoense quase surpreendeu com um belo chute de Everton, de p\u00e9 esquerdo e de fora da \u00e1rea. Rafael fez boa defesa<\/span><\/p>\n<p class=\"p1\"><span class=\"s1\">O S\u00e3o Paulo voltou mais agressivo para o segundo tempo e logo teve sucesso. Aos dois minutos, Marcos Antonio fez \u00f3timo lan\u00e7amento por tr\u00e1s da zaga para Luciano, que completou de cabe\u00e7a: 1 a 0. Foi o gol 106 do atacante com a camisa do S\u00e3o Paulo. Ele se tornou o 17\u00ba maior artilheiro da hist\u00f3ria do clube<\/span><\/p>\n<p class=\"p1\"><span class=\"s1\">Em desvantagem, a Chapecoense foi ao ataque e deixou espa\u00e7os para o S\u00e3o Paulo, que n\u00e3o desperdi\u00e7ou a oportunidade. Aos 14, Calleri ampliou para a equipe tricolor. <\/span><\/p>\n<p class=\"p1\"><span class=\"s1\">O dom\u00ednio do S\u00e3o Paulo foi total para del\u00edrio das arquibancadas. Bobadilla teve duas chances e acertou duas \u2018bombas\u2019 uma delas na trave.<\/span><\/p>\n<p class=\"p1\"><span class=\"s1\">O jogo estava tranquilo e controlado pelo S\u00e3o Paulo. Aos 31 minutos, durante a parada para hidrata\u00e7\u00e3o, uma das torres de ilumina\u00e7\u00e3o do Canind\u00e9 apagou. Aos 35, a luz voltou.<\/span><\/p>\n<p class=\"p1\"><span class=\"s1\">Nos minutos finais, o S\u00e3o Paulo diminuiu o ritmo, enquanto a valente Chapecoense tentou diminuir o preju\u00edzo, mas n\u00e3o teve sucesso.<\/span><\/p>\n<p class=\"p1\"><span class=\"s1\">FICHA T\u00c9CNICA<\/span><\/p>\n<p class=\"p1\"><span class=\"s1\">S\u00c3O PAULO 2 X 0 CHAPECOENSE <\/span><\/p>\n<p class=\"p1\"><span class=\"s1\">S\u00c3O PAULO \u2013 Rafael; Lucas Ramon, Alan Franco, Sabino e Wendell (; Danielzinho, Marcos Ant\u00f4nio e Bobadilla (Pablo Maia); Lucas (Cauly), Luciano (Andr\u00e9 Silva) e Calleri. T\u00e9cnico: Roger Machado<\/span><\/p>\n<p class=\"p1\"><span class=\"s1\">CHAPECOENSE \u2013 L\u00e9o Vieira; Everton (Rubens), Victor Caetano, Eduardo Doma e Walter Clar; Bruno Leonardo, Rafael Carvalheira (Jo\u00e3o Vitor), Camilo e Jean Carlos (Giovanni Augusto); Marcinho (Italo) e Bolasie (Neto Pessoa). T\u00e9cnico: Gilmar Dal Pozzo.<\/span><\/p>\n<p class=\"p1\"><span class=\"s1\">GOLS \u2013 Luciano aos dois e Calleri aos 14 minutos do segundo tempo.<\/span><\/p>\n<p class=\"p1\"><span class=\"s1\">CART\u00d5ES AMARELOS \u2013 Rafael Carvalheira.<\/span><\/p>\n<p class=\"p1\"><span class=\"s1\">\u00c1RBITRO \u2013 Lucas Casagrande (PR).<\/span><\/p>\n<p class=\"p1\"><span class=\"s1\">RENDA \u2013 R$ 542.204,00.<\/span><\/p>\n<p class=\"p1\"><span class=\"s1\">P\u00daBLICO \u2013 13.493 torcedores.<\/span><\/p>\n<p class=\"p1\"><span class=\"s1\">LOCAL \u2013 Canind\u00e9, em S\u00e3o Paulo (SP). <\/span><\/p>\n<\/div>\n<p><br \/>\n<br \/><a href=\"https:\/\/www.tribunaribeirao.com.br\/sao-paulo-vence-chapecoense-na-estreia-de-roger-machado-e-assume-a-lideranca\/\">Source link <\/a><\/p>\n<!-- CONTENT END 1 -->\n","protected":false},"excerpt":{"rendered":"<p>Na estreia do t\u00e9cnico Roger Machado, o S\u00e3o Paulo assumiu a lideran\u00e7a do Campeonato Brasileiro, nesta quinta-feira, ao derrotar a Chapecoense, por 2 a 0,&#8230;<\/p>\n","protected":false},"author":1,"featured_media":83217,"comment_status":"open","ping_status":"open","sticky":false,"template":"","format":"standard","meta":{"advanced_seo_description":"","jetpack_seo_html_title":"","jetpack_seo_noindex":false,"jetpack_post_was_ever_published":false,"_jetpack_newsletter_access":"","_jetpack_dont_email_post_to_subs":false,"_jetpack_newsletter_tier_id":0,"_jetpack_memberships_contains_paywalled_content":false,"_jetpack_memberships_contains_paid_content":false,"footnotes":"","jetpack_publicize_message":"","jetpack_publicize_feature_enabled":true,"jetpack_social_post_already_shared":true,"jetpack_social_options":{"image_generator_settings":{"template":"highway","default_image_id":0,"font":"","enabled":false},"version":2}},"categories":[11],"tags":[],"class_list":["post-83216","post","type-post","status-publish","format-standard","has-post-thumbnail","hentry","category-noticias-de-ribeirao-preto-sp-e-regiao-ismael-colosi"],"jetpack_publicize_connections":[],"jetpack_featured_media_url":"https:\/\/i0.wp.com\/noticiasribeiraopreto.com.br\/wp-content\/uploads\/2026\/03\/WhatsApp-Image-2026-03-12-at-22.05.59-scaled.jpeg?fit=1170%2C780&ssl=1","jetpack-related-posts":[{"id":24404,"url":"https:\/\/noticiasribeiraopreto.com.br\/index.php\/2024\/01\/04\/comercial-estreia-com-derrota-na-copa-sao-paulo\/","url_meta":{"origin":83216,"position":0},"title":"Comercial estreia com derrota na Copa S\u00e3o Paulo\u00a0\u00a0","author":"noticiasribeiraopreto.com.br","date":"4 de January de 2024","format":false,"excerpt":"4 de janeiro de 2024 | 9:474 de janeiro de 2024 | 9:50 0O Comercial iniciou sua campanha na Copa S\u00e3o Paulo com derrota. O Le\u00e3o do Norte perdeu para o Novorizontino com o placar de 3 a 1 na tarde desta quarta-feira. O confronto foi realizado no est\u00e1dio Bela\u2026","rel":"","context":"In &quot;Not\u00edcias de Ribeir\u00e3o Preto-SP e Regi\u00e3o&quot;","block_context":{"text":"Not\u00edcias de Ribeir\u00e3o Preto-SP e Regi\u00e3o","link":"https:\/\/noticiasribeiraopreto.com.br\/index.php\/category\/noticias-de-ribeirao-preto-sp-e-regiao-ismael-colosi\/"},"img":{"alt_text":"","src":"https:\/\/i0.wp.com\/noticiasribeiraopreto.com.br\/wp-content\/uploads\/2024\/01\/Comercial-4-scaled.jpeg?fit=970%2C645&ssl=1&resize=350%2C200","width":350,"height":200,"srcset":"https:\/\/i0.wp.com\/noticiasribeiraopreto.com.br\/wp-content\/uploads\/2024\/01\/Comercial-4-scaled.jpeg?fit=970%2C645&ssl=1&resize=350%2C200 1x, https:\/\/i0.wp.com\/noticiasribeiraopreto.com.br\/wp-content\/uploads\/2024\/01\/Comercial-4-scaled.jpeg?fit=970%2C645&ssl=1&resize=525%2C300 1.5x, https:\/\/i0.wp.com\/noticiasribeiraopreto.com.br\/wp-content\/uploads\/2024\/01\/Comercial-4-scaled.jpeg?fit=970%2C645&ssl=1&resize=700%2C400 2x"},"classes":[]},{"id":1336,"url":"https:\/\/noticiasribeiraopreto.com.br\/index.php\/2023\/11\/11\/botafogo-perde-para-a-chapecoense-em-santa-catarina\/","url_meta":{"origin":83216,"position":1},"title":"Botafogo perde para a Chapecoense em Santa Catarina","author":"noticiasribeiraopreto.com.br","date":"11 de November de 2023","format":false,"excerpt":"O Botafogo perdeu, por 2 a 0, para a Chapecoense, na noite deste s\u00e1bado (11), na Aren\u00e1 Cond\u00e1, em Santa Catarina. O jogo foi v\u00e1lido pela 36\u00aa rodada do Campeonato Brasileiro da S\u00e9rie B. Para a Chape, a vit\u00f3ria foi vital na luta contra o rebaixamento \u2013 chegou aos 36\u2026","rel":"","context":"In &quot;Not\u00edcias de Ribeir\u00e3o Preto-SP e Regi\u00e3o&quot;","block_context":{"text":"Not\u00edcias de Ribeir\u00e3o Preto-SP e Regi\u00e3o","link":"https:\/\/noticiasribeiraopreto.com.br\/index.php\/category\/noticias-de-ribeirao-preto-sp-e-regiao-ismael-colosi\/"},"img":{"alt_text":"","src":"https:\/\/i0.wp.com\/noticiasribeiraopreto.com.br\/wp-content\/uploads\/2023\/11\/WhatsApp-Image-2023-11-11-at-18.09.29.jpeg?fit=1200%2C800&ssl=1&resize=350%2C200","width":350,"height":200,"srcset":"https:\/\/i0.wp.com\/noticiasribeiraopreto.com.br\/wp-content\/uploads\/2023\/11\/WhatsApp-Image-2023-11-11-at-18.09.29.jpeg?fit=1200%2C800&ssl=1&resize=350%2C200 1x, https:\/\/i0.wp.com\/noticiasribeiraopreto.com.br\/wp-content\/uploads\/2023\/11\/WhatsApp-Image-2023-11-11-at-18.09.29.jpeg?fit=1200%2C800&ssl=1&resize=525%2C300 1.5x, https:\/\/i0.wp.com\/noticiasribeiraopreto.com.br\/wp-content\/uploads\/2023\/11\/WhatsApp-Image-2023-11-11-at-18.09.29.jpeg?fit=1200%2C800&ssl=1&resize=700%2C400 2x, https:\/\/i0.wp.com\/noticiasribeiraopreto.com.br\/wp-content\/uploads\/2023\/11\/WhatsApp-Image-2023-11-11-at-18.09.29.jpeg?fit=1200%2C800&ssl=1&resize=1050%2C600 3x"},"classes":[]},{"id":78619,"url":"https:\/\/noticiasribeiraopreto.com.br\/index.php\/2025\/10\/14\/botafogo-marca-leva-gol-nos-acrescimos-e-empata-com-a-chapecoense\/","url_meta":{"origin":83216,"position":2},"title":"Botafogo marca, leva gol nos acr\u00e9scimos e empata com a Chapecoense","author":"noticiasribeiraopreto.com.br","date":"14 de October de 2025","format":false,"excerpt":"O Botafogo-SP empatou em 1 a 1 com a Chapecoense na noite desta ter\u00e7a-feira (14), na Arena Cond\u00e1, em Chapec\u00f3, em partida v\u00e1lida pela 32\u00aa rodada da S\u00e9rie B do Campeonato Brasileiro. No final da partida, o lateral Gabriel Risso marcou um gol contra, mas o lance foi anulado porque\u2026","rel":"","context":"In &quot;Not\u00edcias de Ribeir\u00e3o Preto-SP e Regi\u00e3o&quot;","block_context":{"text":"Not\u00edcias de Ribeir\u00e3o Preto-SP e Regi\u00e3o","link":"https:\/\/noticiasribeiraopreto.com.br\/index.php\/category\/noticias-de-ribeirao-preto-sp-e-regiao-ismael-colosi\/"},"img":{"alt_text":"","src":"https:\/\/i0.wp.com\/noticiasribeiraopreto.com.br\/wp-content\/uploads\/2025\/10\/WhatsApp-Image-2025-10-14-at-20.28.26_2025-10-15_00-05-24.webp.webp?fit=1200%2C823&ssl=1&resize=350%2C200","width":350,"height":200,"srcset":"https:\/\/i0.wp.com\/noticiasribeiraopreto.com.br\/wp-content\/uploads\/2025\/10\/WhatsApp-Image-2025-10-14-at-20.28.26_2025-10-15_00-05-24.webp.webp?fit=1200%2C823&ssl=1&resize=350%2C200 1x, https:\/\/i0.wp.com\/noticiasribeiraopreto.com.br\/wp-content\/uploads\/2025\/10\/WhatsApp-Image-2025-10-14-at-20.28.26_2025-10-15_00-05-24.webp.webp?fit=1200%2C823&ssl=1&resize=525%2C300 1.5x, https:\/\/i0.wp.com\/noticiasribeiraopreto.com.br\/wp-content\/uploads\/2025\/10\/WhatsApp-Image-2025-10-14-at-20.28.26_2025-10-15_00-05-24.webp.webp?fit=1200%2C823&ssl=1&resize=700%2C400 2x, https:\/\/i0.wp.com\/noticiasribeiraopreto.com.br\/wp-content\/uploads\/2025\/10\/WhatsApp-Image-2025-10-14-at-20.28.26_2025-10-15_00-05-24.webp.webp?fit=1200%2C823&ssl=1&resize=1050%2C600 3x"},"classes":[]},{"id":57436,"url":"https:\/\/noticiasribeiraopreto.com.br\/index.php\/2024\/08\/31\/chapecoense-sai-na-frente-mas-faz-gol-contra-e-empata-com-o-botafogo\/","url_meta":{"origin":83216,"position":3},"title":"Chapecoense sai na frente, mas faz gol contra e empata com o Botafogo","author":"noticiasribeiraopreto.com.br","date":"31 de August de 2024","format":false,"excerpt":"O Botafogo empatou em 1 a 1 com a Chapecoense na tarde deste s\u00e1bado (31) em disputa realizada na Arena Cond\u00e1, em Chapec\u00f3-SC, pela 24\u00aa rodada do Campeonato Brasileiro S\u00e9rie B. O atacante Rafael Carvalheira foi quem abriu o placar para os donos da casa aos 24 minutos da partida.\u2026","rel":"","context":"In &quot;Not\u00edcias de Ribeir\u00e3o Preto-SP e Regi\u00e3o&quot;","block_context":{"text":"Not\u00edcias de Ribeir\u00e3o Preto-SP e Regi\u00e3o","link":"https:\/\/noticiasribeiraopreto.com.br\/index.php\/category\/noticias-de-ribeirao-preto-sp-e-regiao-ismael-colosi\/"},"img":{"alt_text":"","src":"https:\/\/i0.wp.com\/noticiasribeiraopreto.com.br\/wp-content\/uploads\/2024\/08\/WhatsApp-Image-2024-08-31-at-17.48.29_2024-08-31_22-14-28_jpeg_2024-08-31_22-14-28.webp.webp?fit=1200%2C800&ssl=1&resize=350%2C200","width":350,"height":200,"srcset":"https:\/\/i0.wp.com\/noticiasribeiraopreto.com.br\/wp-content\/uploads\/2024\/08\/WhatsApp-Image-2024-08-31-at-17.48.29_2024-08-31_22-14-28_jpeg_2024-08-31_22-14-28.webp.webp?fit=1200%2C800&ssl=1&resize=350%2C200 1x, https:\/\/i0.wp.com\/noticiasribeiraopreto.com.br\/wp-content\/uploads\/2024\/08\/WhatsApp-Image-2024-08-31-at-17.48.29_2024-08-31_22-14-28_jpeg_2024-08-31_22-14-28.webp.webp?fit=1200%2C800&ssl=1&resize=525%2C300 1.5x, https:\/\/i0.wp.com\/noticiasribeiraopreto.com.br\/wp-content\/uploads\/2024\/08\/WhatsApp-Image-2024-08-31-at-17.48.29_2024-08-31_22-14-28_jpeg_2024-08-31_22-14-28.webp.webp?fit=1200%2C800&ssl=1&resize=700%2C400 2x, https:\/\/i0.wp.com\/noticiasribeiraopreto.com.br\/wp-content\/uploads\/2024\/08\/WhatsApp-Image-2024-08-31-at-17.48.29_2024-08-31_22-14-28_jpeg_2024-08-31_22-14-28.webp.webp?fit=1200%2C800&ssl=1&resize=1050%2C600 3x"},"classes":[]},{"id":78617,"url":"https:\/\/noticiasribeiraopreto.com.br\/index.php\/2025\/10\/14\/botafogo-marca-no-fim-mas-cede-empate-a-chapecoense\/","url_meta":{"origin":83216,"position":4},"title":"Botafogo marca no fim, mas cede empate \u00e0 Chapecoense","author":"noticiasribeiraopreto.com.br","date":"14 de October de 2025","format":false,"excerpt":"Pantera faz bom jogo fora de casa e soma ponto importante na S\u00e9rie B 14 de outubro de 2025 21:501 Compartilhar0 Por Hugo Luque O Botafogo passou perto da vit\u00f3ria, mas cedeu o empate em 1 a 1 \u00e0 Chapecoense nesta ter\u00e7a-feira (14), na Arena Cond\u00e1, em duelo v\u00e1lido pela\u2026","rel":"","context":"In &quot;Not\u00edcias de Ribeir\u00e3o Preto-SP e Regi\u00e3o&quot;","block_context":{"text":"Not\u00edcias de Ribeir\u00e3o Preto-SP e Regi\u00e3o","link":"https:\/\/noticiasribeiraopreto.com.br\/index.php\/category\/noticias-de-ribeirao-preto-sp-e-regiao-ismael-colosi\/"},"img":{"alt_text":"","src":"https:\/\/i0.wp.com\/noticiasribeiraopreto.com.br\/wp-content\/uploads\/2025\/10\/1-Chapecoense-x-Botafogo-Liamara-Polli_Polli-Imagens_Divulgacao_Agencia-Botafogo-scaled.jpg?fit=1137%2C780&ssl=1&resize=350%2C200","width":350,"height":200,"srcset":"https:\/\/i0.wp.com\/noticiasribeiraopreto.com.br\/wp-content\/uploads\/2025\/10\/1-Chapecoense-x-Botafogo-Liamara-Polli_Polli-Imagens_Divulgacao_Agencia-Botafogo-scaled.jpg?fit=1137%2C780&ssl=1&resize=350%2C200 1x, https:\/\/i0.wp.com\/noticiasribeiraopreto.com.br\/wp-content\/uploads\/2025\/10\/1-Chapecoense-x-Botafogo-Liamara-Polli_Polli-Imagens_Divulgacao_Agencia-Botafogo-scaled.jpg?fit=1137%2C780&ssl=1&resize=525%2C300 1.5x, https:\/\/i0.wp.com\/noticiasribeiraopreto.com.br\/wp-content\/uploads\/2025\/10\/1-Chapecoense-x-Botafogo-Liamara-Polli_Polli-Imagens_Divulgacao_Agencia-Botafogo-scaled.jpg?fit=1137%2C780&ssl=1&resize=700%2C400 2x, https:\/\/i0.wp.com\/noticiasribeiraopreto.com.br\/wp-content\/uploads\/2025\/10\/1-Chapecoense-x-Botafogo-Liamara-Polli_Polli-Imagens_Divulgacao_Agencia-Botafogo-scaled.jpg?fit=1137%2C780&ssl=1&resize=1050%2C600 3x"},"classes":[]},{"id":50160,"url":"https:\/\/noticiasribeiraopreto.com.br\/index.php\/2024\/05\/14\/botafogo-empata-com-a-chapecoense-em-partida-realizada-em-ribeirao-preto\/","url_meta":{"origin":83216,"position":5},"title":"Botafogo empata com a Chapecoense em partida realizada em Ribeir\u00e3o Preto","author":"noticiasribeiraopreto.com.br","date":"14 de May de 2024","format":false,"excerpt":"O Botafogo empatou em 0 a 0 com a Chapecoense, na noite desta ter\u00e7a-feira (14), em disputa realizada no est\u00e1dio Santa Cruz Arena NicNet, em Ribeir\u00e3o Preto. Essa foi a quinta rodada do Campeonato Brasileiro S\u00e9rie B. O Tricolor n\u00e3o possui nenhuma vit\u00f3ria na competi\u00e7\u00e3o e ocupa o 16\u00b0 lugar\u2026","rel":"","context":"In &quot;Not\u00edcias de Ribeir\u00e3o Preto-SP e Regi\u00e3o&quot;","block_context":{"text":"Not\u00edcias de Ribeir\u00e3o Preto-SP e Regi\u00e3o","link":"https:\/\/noticiasribeiraopreto.com.br\/index.php\/category\/noticias-de-ribeirao-preto-sp-e-regiao-ismael-colosi\/"},"img":{"alt_text":"","src":"https:\/\/i0.wp.com\/noticiasribeiraopreto.com.br\/wp-content\/uploads\/2024\/05\/WhatsApp-Image-2024-05-14-at-22.29.34_2024-05-15_02-12-55_jpeg_2024-05-15_02-12-55.webp.webp?fit=1200%2C800&ssl=1&resize=350%2C200","width":350,"height":200,"srcset":"https:\/\/i0.wp.com\/noticiasribeiraopreto.com.br\/wp-content\/uploads\/2024\/05\/WhatsApp-Image-2024-05-14-at-22.29.34_2024-05-15_02-12-55_jpeg_2024-05-15_02-12-55.webp.webp?fit=1200%2C800&ssl=1&resize=350%2C200 1x, https:\/\/i0.wp.com\/noticiasribeiraopreto.com.br\/wp-content\/uploads\/2024\/05\/WhatsApp-Image-2024-05-14-at-22.29.34_2024-05-15_02-12-55_jpeg_2024-05-15_02-12-55.webp.webp?fit=1200%2C800&ssl=1&resize=525%2C300 1.5x, https:\/\/i0.wp.com\/noticiasribeiraopreto.com.br\/wp-content\/uploads\/2024\/05\/WhatsApp-Image-2024-05-14-at-22.29.34_2024-05-15_02-12-55_jpeg_2024-05-15_02-12-55.webp.webp?fit=1200%2C800&ssl=1&resize=700%2C400 2x, https:\/\/i0.wp.com\/noticiasribeiraopreto.com.br\/wp-content\/uploads\/2024\/05\/WhatsApp-Image-2024-05-14-at-22.29.34_2024-05-15_02-12-55_jpeg_2024-05-15_02-12-55.webp.webp?fit=1200%2C800&ssl=1&resize=1050%2C600 3x"},"classes":[]}],"jetpack_sharing_enabled":true,"jetpack_shortlink":"https:\/\/wp.me\/peQAOb-lEc","_links":{"self":[{"href":"https:\/\/noticiasribeiraopreto.com.br\/index.php\/wp-json\/wp\/v2\/posts\/83216","targetHints":{"allow":["GET"]}}],"collection":[{"href":"https:\/\/noticiasribeiraopreto.com.br\/index.php\/wp-json\/wp\/v2\/posts"}],"about":[{"href":"https:\/\/noticiasribeiraopreto.com.br\/index.php\/wp-json\/wp\/v2\/types\/post"}],"author":[{"embeddable":true,"href":"https:\/\/noticiasribeiraopreto.com.br\/index.php\/wp-json\/wp\/v2\/users\/1"}],"replies":[{"embeddable":true,"href":"https:\/\/noticiasribeiraopreto.com.br\/index.php\/wp-json\/wp\/v2\/comments?post=83216"}],"version-history":[{"count":0,"href":"https:\/\/noticiasribeiraopreto.com.br\/index.php\/wp-json\/wp\/v2\/posts\/83216\/revisions"}],"wp:featuredmedia":[{"embeddable":true,"href":"https:\/\/noticiasribeiraopreto.com.br\/index.php\/wp-json\/wp\/v2\/media\/83217"}],"wp:attachment":[{"href":"https:\/\/noticiasribeiraopreto.com.br\/index.php\/wp-json\/wp\/v2\/media?parent=83216"}],"wp:term":[{"taxonomy":"category","embeddable":true,"href":"https:\/\/noticiasribeiraopreto.com.br\/index.php\/wp-json\/wp\/v2\/categories?post=83216"},{"taxonomy":"post_tag","embeddable":true,"href":"https:\/\/noticiasribeiraopreto.com.br\/index.php\/wp-json\/wp\/v2\/tags?post=83216"}],"curies":[{"name":"wp","href":"https:\/\/api.w.org\/{rel}","templated":true}]}}