{"id":83218,"date":"2026-03-12T22:33:18","date_gmt":"2026-03-13T01:33:18","guid":{"rendered":"https:\/\/noticiasribeiraopreto.com.br\/index.php\/2026\/03\/12\/palmeiras-joga-em-baixa-rotacao-leva-virada-e-perde-para-o-vasco\/"},"modified":"2026-03-12T22:33:18","modified_gmt":"2026-03-13T01:33:18","slug":"palmeiras-joga-em-baixa-rotacao-leva-virada-e-perde-para-o-vasco","status":"publish","type":"post","link":"https:\/\/noticiasribeiraopreto.com.br\/index.php\/2026\/03\/12\/palmeiras-joga-em-baixa-rotacao-leva-virada-e-perde-para-o-vasco\/","title":{"rendered":"Palmeiras joga em baixa rota\u00e7\u00e3o, leva virada e perde para o Vasco"},"content":{"rendered":"<div class='code-block code-block-1' style='margin: 8px 0 8px auto; text-align: right; display: block; clear: both;'>\n<p><a href=\"https:\/\/wa.link\/vpicfd\"><img data-recalc-dims=\"1\" class=\"wp-image-4922\" style=\"aspect-ratio: 2.0253164556962027; width: 561px; height: auto;\" src=\"https:\/\/i0.wp.com\/ismaelcolosi.com.br\/wp-content\/uploads\/2023\/11\/grupo-de-empregos-whatsapp-e-facebook-ismael-colosi-vagas.jpg?ssl=1\" alt=\"\" \/><\/a><\/p>\n<!-- \/wp:image -->\n<\/div>\n<p> <br \/>\n<\/p>\n<div id=\"Corpo\">\n<p>Por Bruno Accorsi<\/p>\n<p>O campe\u00e3o paulista Palmeiras teve uma atua\u00e7\u00e3o de pouco brilho em sua primeira partida ap\u00f3s o t\u00edtulo estadual, conquistado sobre o Novorizontino, no domingo. De virada, perdeu por 2 a 1 para o Vasco em S\u00e3o Janu\u00e1rio, nesta quinta-feira, em duelo da quinta rodada do Brasileir\u00e3o, no qual foi encerrado um jejum de 10 anos sem o time carioca vencer o advers\u00e1rio paulistano. Depois de abrir o placar com Flaco L\u00f3pez no primeiro tempo, viu os vasca\u00ednos Thiago Mendes e Cuiabano irem \u00e0 rede.<\/p>\n<p>Com 10 pontos, o time de Abel Ferreira, substitu\u00eddo pelo auxiliar Jo\u00e3o Martins nesta noite porque est\u00e1 suspenso, continua dentro do G-4. O Vasco de Renato Ga\u00facho, que estreou no comando do clube ap\u00f3s ser contratado para substituir Fernando Diniz, celebra a primeira vit\u00f3ria no campeonato e chega aos quatro pontos, fora da zona de rebaixamento.<\/p>\n<p>O in\u00edcio do primeiro tempo foi de equil\u00edbrio e dificuldades ofensivas para as duas equipes. O Vasco come\u00e7ou com linhas mais avan\u00e7adas e maior intensidade nas disputas no meio-campo, tentando acelerar a transi\u00e7\u00e3o ofensiva principalmente pelos lados do campo.<\/p>\n<p>O Palmeiras, por sua vez, adotou postura mais paciente, valorizando a circula\u00e7\u00e3o de bola e esperando brechas na defesa carioca para infiltrar. A equipe alviverde jogava com algumas modifica\u00e7\u00f5es na escala\u00e7\u00e3o, como Ram\u00f3n Sosa no lugar do poupado Vitor Roque.<\/p>\n<p>Com o tempo, o jogo ficou mais truncado e marcado por muitas disputas f\u00edsicas no setor central. O Vasco conseguiu algumas aproxima\u00e7\u00f5es em finaliza\u00e7\u00f5es de m\u00e9dia dist\u00e2ncia e jogadas constru\u00eddas em velocidade, mas encontrou dificuldades diante do sistema defensivo bem organizado do time paulista.<\/p>\n<p>Embora pouco prol\u00edfico, o ataque palmeirense foi eficiente, e um chute com efeito de Flaco L\u00f3pez, ap\u00f3s passar por Lucas Piton pelo lado direita da \u00e1rea, tirou o zero do placar. Os minutos at\u00e9 o apito do intervalo foram de nervosismo para os vasca\u00ednos, que, nas arquibancadas, descontaram a frustra\u00e7\u00e3o em Piton, muito vaiado na sa\u00edda para o vesti\u00e1rio.<\/p>\n<p>O lateral-esquerdo sequer voltou para o segundo tempo, substitu\u00eddo por Cuiabano. O Vasco retornou com maior presen\u00e7a no campo de ataque, mesmo sem a bola, j\u00e1 que subiu a marca\u00e7\u00e3o para dificultar a sa\u00edda palmeirense. Enquanto isso, a equipe paulista parecia muito acomodada, o que facilitou a remontada vasca\u00edna.<\/p>\n<p>O time de Renato Ga\u00facho passou encaixar troca de passe r\u00e1pidas para penetrar a defesa palmeirense. Ap\u00f3s tabelinha com David, Thiago Mendes fez o gol de empate, ao colocar a bola no cantinho, de chapa. Cerca de 10 minutos depois, \u00f3tima triangula\u00e7\u00e3o da equipe cruzmaltina terminou em gol de Cuiabano.<\/p>\n<p>FICHA T\u00c9CNICA<\/p>\n<p>VASCO 2 X 1 PALMEIRAS<\/p>\n<p>VASCO \u2013 L\u00e9o Jardim; Paulo Henrique, Saldivia, Robern Renan e Lucas Piton (Cuiabano); Hugo Moura (Barros), Thiago Mendes e Tch\u00ea Tch\u00ea (Johan Rojas); Nuno Moreira (Adson), David (Spinelli) e Andr\u00e9s G\u00f3mez. T\u00e9cnico: Renato Ga\u00facho.<\/p>\n<p>PALMEIRAS \u2013 Carlos Miguel; Khellven (Giay), Gustavo G\u00f3mez, Bruno Fuchs e Jeft\u00e9 (Giay); Marlon Freitas, Andreas Pereira, Felipe Anderson (Luighi) e Jhon Arias; Ram\u00f3n Sosa (Lucas Evangelista) e Flaco L\u00f3pez (Allan). T\u00e9cnico: Jo\u00e3o Martins (auxiliar)<\/p>\n<p>GOLS \u2013 Flaco L\u00f3pez, aos 40 minutos do primeiro tempo. Thiago Mendes, aos 17, e Cuiabano, aos 27 minutos do segundo tempo.<\/p>\n<p>\u00c1RBITRO: Savio Pereira Sampaio (DF)<\/p>\n<p>CART\u00d5ES AMARELOS: Tch\u00ea Tch\u00ea, Thiago Mendes (Vasco); Allan e Luighi (Palmeiras).<\/p>\n<p>RENDA: R$ 1.187.398,00.<\/p>\n<p>P\u00daBLICO: 17.291 presentes (16.647 pagantes).<\/p>\n<p>LOCAL: S\u00e3o Janu\u00e1rio, no Rio (RJ).<\/p>\n<\/div>\n<p><br \/>\n<br \/><a href=\"https:\/\/www.tribunaribeirao.com.br\/palmeiras-joga-em-baixa-rotacao-leva-virada-e-perde-para-o-vasco\/\">Source link <\/a><\/p>\n<!-- CONTENT END 1 -->\n","protected":false},"excerpt":{"rendered":"<p>Por Bruno Accorsi O campe\u00e3o paulista Palmeiras teve uma atua\u00e7\u00e3o de pouco brilho em sua primeira partida ap\u00f3s o t\u00edtulo estadual, conquistado sobre o Novorizontino,&#8230;<\/p>\n","protected":false},"author":1,"featured_media":83219,"comment_status":"open","ping_status":"open","sticky":false,"template":"","format":"standard","meta":{"advanced_seo_description":"","jetpack_seo_html_title":"","jetpack_seo_noindex":false,"jetpack_post_was_ever_published":false,"_jetpack_newsletter_access":"","_jetpack_dont_email_post_to_subs":false,"_jetpack_newsletter_tier_id":0,"_jetpack_memberships_contains_paywalled_content":false,"_jetpack_memberships_contains_paid_content":false,"footnotes":"","jetpack_publicize_message":"","jetpack_publicize_feature_enabled":true,"jetpack_social_post_already_shared":true,"jetpack_social_options":{"image_generator_settings":{"template":"highway","default_image_id":0,"font":"","enabled":false},"version":2}},"categories":[11],"tags":[],"class_list":["post-83218","post","type-post","status-publish","format-standard","has-post-thumbnail","hentry","category-noticias-de-ribeirao-preto-sp-e-regiao-ismael-colosi"],"jetpack_publicize_connections":[],"jetpack_featured_media_url":"https:\/\/i0.wp.com\/noticiasribeiraopreto.com.br\/wp-content\/uploads\/2026\/03\/Palmeiras-1-2-vasco-scaled.jpg?fit=1200%2C676&ssl=1","jetpack-related-posts":[{"id":78097,"url":"https:\/\/noticiasribeiraopreto.com.br\/index.php\/2025\/10\/02\/palmeiras-bate-vasco-e-retoma-vice-lideranca-do-brasileirao\/","url_meta":{"origin":83218,"position":0},"title":"Palmeiras bate Vasco e retoma vice-lideran\u00e7a do Brasileir\u00e3o","author":"noticiasribeiraopreto.com.br","date":"2 de October de 2025","format":false,"excerpt":"2 de outubro de 2025 07:530 Compartilhar0 Verd\u00e3o domina e decide o jogo no primeiro tempo O Palmeiras reassumiu a vice-lideran\u00e7a do Brasileir\u00e3o ao ganhar com sobras do Vasco nesta quarta-feira (1\u00ba), por 3 a 0, no Allianz Parque. O triunfo foi de novo conquistado gra\u00e7as \u00e0 dupla mais inspirada\u2026","rel":"","context":"In &quot;Not\u00edcias de Ribeir\u00e3o Preto-SP e Regi\u00e3o&quot;","block_context":{"text":"Not\u00edcias de Ribeir\u00e3o Preto-SP e Regi\u00e3o","link":"https:\/\/noticiasribeiraopreto.com.br\/index.php\/category\/noticias-de-ribeirao-preto-sp-e-regiao-ismael-colosi\/"},"img":{"alt_text":"","src":"https:\/\/i0.wp.com\/noticiasribeiraopreto.com.br\/wp-content\/uploads\/2025\/10\/3-ATA-Flaco-Lopez-e-ATA-Vitor-Roque-Cesar-Greco_Palmeiras-scaled.jpg?fit=1200%2C676&ssl=1&resize=350%2C200","width":350,"height":200,"srcset":"https:\/\/i0.wp.com\/noticiasribeiraopreto.com.br\/wp-content\/uploads\/2025\/10\/3-ATA-Flaco-Lopez-e-ATA-Vitor-Roque-Cesar-Greco_Palmeiras-scaled.jpg?fit=1200%2C676&ssl=1&resize=350%2C200 1x, https:\/\/i0.wp.com\/noticiasribeiraopreto.com.br\/wp-content\/uploads\/2025\/10\/3-ATA-Flaco-Lopez-e-ATA-Vitor-Roque-Cesar-Greco_Palmeiras-scaled.jpg?fit=1200%2C676&ssl=1&resize=525%2C300 1.5x, https:\/\/i0.wp.com\/noticiasribeiraopreto.com.br\/wp-content\/uploads\/2025\/10\/3-ATA-Flaco-Lopez-e-ATA-Vitor-Roque-Cesar-Greco_Palmeiras-scaled.jpg?fit=1200%2C676&ssl=1&resize=700%2C400 2x, https:\/\/i0.wp.com\/noticiasribeiraopreto.com.br\/wp-content\/uploads\/2025\/10\/3-ATA-Flaco-Lopez-e-ATA-Vitor-Roque-Cesar-Greco_Palmeiras-scaled.jpg?fit=1200%2C676&ssl=1&resize=1050%2C600 3x"},"classes":[]},{"id":77747,"url":"https:\/\/noticiasribeiraopreto.com.br\/index.php\/2025\/09\/25\/palmeiras-bate-o-river-de-virada-e-vai-as-semifinais-da-libertadores\/","url_meta":{"origin":83218,"position":1},"title":"Palmeiras bate o River de virada e vai \u00e0s semifinais da Libertadores","author":"noticiasribeiraopreto.com.br","date":"25 de September de 2025","format":false,"excerpt":"25 de setembro de 2025 00:3010 Compartilhar0 Por Ricardo Magatti (AE) Em um jogo tenso, brigado, com sete amarelos e uma expuls\u00e3o, o Palmeiras fez um primeiro tempo ruim, mas acordou no segundo e confirmou a classifica\u00e7\u00e3o \u00e0s semifinais da Libertadores ao vencer mais uma vez o River Plate mais\u2026","rel":"","context":"In &quot;Not\u00edcias de Ribeir\u00e3o Preto-SP e Regi\u00e3o&quot;","block_context":{"text":"Not\u00edcias de Ribeir\u00e3o Preto-SP e Regi\u00e3o","link":"https:\/\/noticiasribeiraopreto.com.br\/index.php\/category\/noticias-de-ribeirao-preto-sp-e-regiao-ismael-colosi\/"},"img":{"alt_text":"","src":"https:\/\/i0.wp.com\/noticiasribeiraopreto.com.br\/wp-content\/uploads\/2025\/09\/2-Verdao-Cesar-Greco-Agencia-Palmeiras-01-scaled.jpg?fit=1200%2C676&ssl=1&resize=350%2C200","width":350,"height":200,"srcset":"https:\/\/i0.wp.com\/noticiasribeiraopreto.com.br\/wp-content\/uploads\/2025\/09\/2-Verdao-Cesar-Greco-Agencia-Palmeiras-01-scaled.jpg?fit=1200%2C676&ssl=1&resize=350%2C200 1x, https:\/\/i0.wp.com\/noticiasribeiraopreto.com.br\/wp-content\/uploads\/2025\/09\/2-Verdao-Cesar-Greco-Agencia-Palmeiras-01-scaled.jpg?fit=1200%2C676&ssl=1&resize=525%2C300 1.5x, https:\/\/i0.wp.com\/noticiasribeiraopreto.com.br\/wp-content\/uploads\/2025\/09\/2-Verdao-Cesar-Greco-Agencia-Palmeiras-01-scaled.jpg?fit=1200%2C676&ssl=1&resize=700%2C400 2x, https:\/\/i0.wp.com\/noticiasribeiraopreto.com.br\/wp-content\/uploads\/2025\/09\/2-Verdao-Cesar-Greco-Agencia-Palmeiras-01-scaled.jpg?fit=1200%2C676&ssl=1&resize=1050%2C600 3x"},"classes":[]},{"id":67258,"url":"https:\/\/noticiasribeiraopreto.com.br\/index.php\/2025\/04\/11\/jornal-da-franca-em-casa-sesi-franca-atropela-vasco-e-chega-a-12-vitorias-seguidas-no-nbb\/","url_meta":{"origin":83218,"position":2},"title":"Jornal da Franca &#8211; Em casa, Sesi Franca atropela Vasco e chega a 12 vit\u00f3rias seguidas no NBB","author":"noticiasribeiraopreto.com.br","date":"11 de April de 2025","format":false,"excerpt":"compartilhar no whatsapp compartilhar no telegram compartilhar no facebook compartilhar no linkedin Time paulista domina do in\u00edcio ao fim e vence com confort\u00e1vel diferen\u00e7a no Pedroc\u00e3o O Sesi Franca Basquete conquistou sua 12\u00aa vit\u00f3ria consecutiva no NBB 2024\/2025 ao vencer o Vasco por 91 a 66 na noite desta quinta-feira\u2026","rel":"","context":"In &quot;Not\u00edcias de Franca-SP&quot;","block_context":{"text":"Not\u00edcias de Franca-SP","link":"https:\/\/noticiasribeiraopreto.com.br\/index.php\/category\/noticias-de-ribeirao-preto-sp-e-regiao-ismael-colosi\/noticias-franca-sp\/"},"img":{"alt_text":"","src":"https:\/\/i0.wp.com\/noticiasribeiraopreto.com.br\/wp-content\/uploads\/2025\/04\/pLENARIO-7.jpg?fit=688%2C458&ssl=1&resize=350%2C200","width":350,"height":200,"srcset":"https:\/\/i0.wp.com\/noticiasribeiraopreto.com.br\/wp-content\/uploads\/2025\/04\/pLENARIO-7.jpg?fit=688%2C458&ssl=1&resize=350%2C200 1x, https:\/\/i0.wp.com\/noticiasribeiraopreto.com.br\/wp-content\/uploads\/2025\/04\/pLENARIO-7.jpg?fit=688%2C458&ssl=1&resize=525%2C300 1.5x"},"classes":[]},{"id":79193,"url":"https:\/\/noticiasribeiraopreto.com.br\/index.php\/2025\/10\/27\/lider-palmeiras-empata-e-termina-rodada-um-ponto-a-frente-do-flamengo\/","url_meta":{"origin":83218,"position":3},"title":"L\u00edder Palmeiras empata e termina rodada um ponto \u00e0 frente do Flamengo","author":"noticiasribeiraopreto.com.br","date":"27 de October de 2025","format":false,"excerpt":"\u00a0 O Palmeiras teve a chance de abrir tr\u00eas pontos para o Flamengo na lideran\u00e7a do Campeonato Brasileiro. N\u00e3o aproveitou como gostaria, mas pelo menos colocou um ponto de vantagem sobre o rival direto. Na partida que encerrou a 30\u00aa rodada da competi\u00e7\u00e3o, na noite do \u00faltimo domingo (26), o\u2026","rel":"","context":"In &quot;Not\u00edcias de Ribeir\u00e3o Preto-SP e Regi\u00e3o&quot;","block_context":{"text":"Not\u00edcias de Ribeir\u00e3o Preto-SP e Regi\u00e3o","link":"https:\/\/noticiasribeiraopreto.com.br\/index.php\/category\/noticias-de-ribeirao-preto-sp-e-regiao-ismael-colosi\/"},"img":{"alt_text":"","src":"https:\/\/i0.wp.com\/noticiasribeiraopreto.com.br\/wp-content\/uploads\/2025\/10\/palmeiras-cruzeiro-750x375-1.webp.webp?fit=750%2C375&ssl=1&resize=350%2C200","width":350,"height":200,"srcset":"https:\/\/i0.wp.com\/noticiasribeiraopreto.com.br\/wp-content\/uploads\/2025\/10\/palmeiras-cruzeiro-750x375-1.webp.webp?fit=750%2C375&ssl=1&resize=350%2C200 1x, https:\/\/i0.wp.com\/noticiasribeiraopreto.com.br\/wp-content\/uploads\/2025\/10\/palmeiras-cruzeiro-750x375-1.webp.webp?fit=750%2C375&ssl=1&resize=525%2C300 1.5x, https:\/\/i0.wp.com\/noticiasribeiraopreto.com.br\/wp-content\/uploads\/2025\/10\/palmeiras-cruzeiro-750x375-1.webp.webp?fit=750%2C375&ssl=1&resize=700%2C400 2x"},"classes":[]},{"id":80832,"url":"https:\/\/noticiasribeiraopreto.com.br\/index.php\/2025\/12\/14\/vasco-sera-o-adversario-do-corinthians-na-final\/","url_meta":{"origin":83218,"position":4},"title":"Vasco ser\u00e1 o advers\u00e1rio do Corinthians na final","author":"noticiasribeiraopreto.com.br","date":"14 de December de 2025","format":false,"excerpt":"\u00a0 O Vasco est\u00e1 de volta \u00e0 final da Copa do Brasil. Mesmo derrotado por 1 a 0 pelo Fluminense neste domingo, no Maracan\u00e3, o time cruz-maltino levou a decis\u00e3o para os p\u00eanaltis ap\u00f3s empate no placar agregado e confirmou a classifica\u00e7\u00e3o com atua\u00e7\u00e3o decisiva de L\u00e9o Jardim. Com a\u2026","rel":"","context":"In &quot;Not\u00edcias de Ribeir\u00e3o Preto-SP e Regi\u00e3o&quot;","block_context":{"text":"Not\u00edcias de Ribeir\u00e3o Preto-SP e Regi\u00e3o","link":"https:\/\/noticiasribeiraopreto.com.br\/index.php\/category\/noticias-de-ribeirao-preto-sp-e-regiao-ismael-colosi\/"},"img":{"alt_text":"","src":"https:\/\/i0.wp.com\/noticiasribeiraopreto.com.br\/wp-content\/uploads\/2025\/12\/54978767166_beaac88fdc_c.jpg?fit=624%2C780&ssl=1&resize=350%2C200","width":350,"height":200,"srcset":"https:\/\/i0.wp.com\/noticiasribeiraopreto.com.br\/wp-content\/uploads\/2025\/12\/54978767166_beaac88fdc_c.jpg?fit=624%2C780&ssl=1&resize=350%2C200 1x, https:\/\/i0.wp.com\/noticiasribeiraopreto.com.br\/wp-content\/uploads\/2025\/12\/54978767166_beaac88fdc_c.jpg?fit=624%2C780&ssl=1&resize=525%2C300 1.5x"},"classes":[]},{"id":81025,"url":"https:\/\/noticiasribeiraopreto.com.br\/index.php\/2025\/12\/21\/corinthians-e-vasco-decidem-a-copa-do-brasil\/","url_meta":{"origin":83218,"position":5},"title":"Corinthians e Vasco decidem a Copa do Brasil","author":"noticiasribeiraopreto.com.br","date":"21 de December de 2025","format":false,"excerpt":"\r \r \r 21 de dezembro de 2025 08:3520 de dezembro de 2025 03:23 \r Compartilhar0 Por Hugo Luque No fechamento da temporada de 2025 do futebol brasileiro, o Corinthians encara o Vasco neste domingo (21), \u00e0s 18h, no Maracan\u00e3, pela grande final da Copa do Brasil. Ap\u00f3s o empate\u2026","rel":"","context":"In &quot;Not\u00edcias de Ribeir\u00e3o Preto-SP e Regi\u00e3o&quot;","block_context":{"text":"Not\u00edcias de Ribeir\u00e3o Preto-SP e Regi\u00e3o","link":"https:\/\/noticiasribeiraopreto.com.br\/index.php\/category\/noticias-de-ribeirao-preto-sp-e-regiao-ismael-colosi\/"},"img":{"alt_text":"","src":"https:\/\/i0.wp.com\/noticiasribeiraopreto.com.br\/wp-content\/uploads\/2025\/12\/2-copa-br-Foto-01-Rodrigo-Coca_Ag.-Corinthians.jpg?fit=400%2C271&ssl=1&resize=350%2C200","width":350,"height":200},"classes":[]}],"jetpack_sharing_enabled":true,"jetpack_shortlink":"https:\/\/wp.me\/peQAOb-lEe","_links":{"self":[{"href":"https:\/\/noticiasribeiraopreto.com.br\/index.php\/wp-json\/wp\/v2\/posts\/83218","targetHints":{"allow":["GET"]}}],"collection":[{"href":"https:\/\/noticiasribeiraopreto.com.br\/index.php\/wp-json\/wp\/v2\/posts"}],"about":[{"href":"https:\/\/noticiasribeiraopreto.com.br\/index.php\/wp-json\/wp\/v2\/types\/post"}],"author":[{"embeddable":true,"href":"https:\/\/noticiasribeiraopreto.com.br\/index.php\/wp-json\/wp\/v2\/users\/1"}],"replies":[{"embeddable":true,"href":"https:\/\/noticiasribeiraopreto.com.br\/index.php\/wp-json\/wp\/v2\/comments?post=83218"}],"version-history":[{"count":0,"href":"https:\/\/noticiasribeiraopreto.com.br\/index.php\/wp-json\/wp\/v2\/posts\/83218\/revisions"}],"wp:featuredmedia":[{"embeddable":true,"href":"https:\/\/noticiasribeiraopreto.com.br\/index.php\/wp-json\/wp\/v2\/media\/83219"}],"wp:attachment":[{"href":"https:\/\/noticiasribeiraopreto.com.br\/index.php\/wp-json\/wp\/v2\/media?parent=83218"}],"wp:term":[{"taxonomy":"category","embeddable":true,"href":"https:\/\/noticiasribeiraopreto.com.br\/index.php\/wp-json\/wp\/v2\/categories?post=83218"},{"taxonomy":"post_tag","embeddable":true,"href":"https:\/\/noticiasribeiraopreto.com.br\/index.php\/wp-json\/wp\/v2\/tags?post=83218"}],"curies":[{"name":"wp","href":"https:\/\/api.w.org\/{rel}","templated":true}]}}