{"id":83220,"date":"2026-03-13T08:31:40","date_gmt":"2026-03-13T11:31:40","guid":{"rendered":"https:\/\/noticiasribeiraopreto.com.br\/index.php\/2026\/03\/13\/julio-balieiro-deixa-a-gestao-ricardo-silva\/"},"modified":"2026-03-13T08:31:40","modified_gmt":"2026-03-13T11:31:40","slug":"julio-balieiro-deixa-a-gestao-ricardo-silva","status":"publish","type":"post","link":"https:\/\/noticiasribeiraopreto.com.br\/index.php\/2026\/03\/13\/julio-balieiro-deixa-a-gestao-ricardo-silva\/","title":{"rendered":"Julio Balieiro deixa a \u2028gest\u00e3o Ricardo Silva"},"content":{"rendered":"<div class='code-block code-block-1' style='margin: 8px 0 8px auto; text-align: right; display: block; clear: both;'>\n<p><a href=\"https:\/\/wa.link\/vpicfd\"><img data-recalc-dims=\"1\" class=\"wp-image-4922\" style=\"aspect-ratio: 2.0253164556962027; width: 561px; height: auto;\" src=\"https:\/\/i0.wp.com\/ismaelcolosi.com.br\/wp-content\/uploads\/2023\/11\/grupo-de-empregos-whatsapp-e-facebook-ismael-colosi-vagas.jpg?ssl=1\" alt=\"\" \/><\/a><\/p>\n<!-- \/wp:image -->\n<\/div>\n<p> <br \/>\n<\/p>\n<div>\n<p class=\"p1\"><i>Maur\u00edcio Godinho assume interinamente a pasta e continua \u00e0 frente da Secretaria de Sa\u00fade<\/i><\/p>\n<p>J\u00falio Balieiro deixou o cargo de secret\u00e1rio municipal de Assist\u00eancia Social por motivos de ordem pessoal, segundo informou na tarde desta quinta-feira, 12 de mar\u00e7o, a prefeitura de Ribeir\u00e3o Preto. \u201cO prefeito Ricardo Silva (PSD) agradece ao ex-secret\u00e1rio pela dedica\u00e7\u00e3o e pelo trabalho realizado \u00e0 frente da pasta, destacando sua contribui\u00e7\u00e3o para o desenvolvimento das a\u00e7\u00f5es e pol\u00edticas p\u00fablicas voltadas \u00e0 \u00e1rea social no munic\u00edpio\u201d, diz a nota.<\/p>\n<p>O titular da pasta Sa\u00fade, Maur\u00edcio Godinho, assumir\u00e1 interinamente a Secretaria Municipal de Assist\u00eancia Social (Semas), acumulando temporariamente os dois cargos. A medida garante a continuidade das a\u00e7\u00f5es, programas e atendimentos prestados \u00e0 popula\u00e7\u00e3o, sem qualquer preju\u00edzo ao funcionamento dos servi\u00e7os.<\/p>\n<p>A portaria de exonera\u00e7\u00e3o \u2013 a pedido \u2013 foi publicada no Di\u00e1rio Oficial do Munic\u00edpio (DOM). Desde junho do ano passado, cinco integrantes do alto escal\u00e3o deixaram o governo Ricardo Silva por motivos pessoais.<span class=\"Apple-converted-space\">\u00a0 <\/span><br \/>Em 26 de fevereiro, Cl\u00e1udio Romualdo deixou a Secretaria Municipal da Cidadania, Pessoa com Defici\u00eancia e Inclus\u00e3o Social e a Superintend\u00eancia da Funda\u00e7\u00e3o Instituto do Livro.<\/p>\n<p>A decis\u00e3o foi motivada por raz\u00f5es de ordem pessoal e profissional. A secret\u00e1ria adjunta da Cidadania, Pessoa com Defici\u00eancia e Inclus\u00e3o Social, Dulce Neves, assumiu a pasta interinamente<span class=\"Apple-converted-space\">\u00a0 <\/span>mas o Instituto do Livre n\u00e3o tem superintendente, por enquanto.<\/p>\n<figure id=\"attachment_457254\" aria-describedby=\"caption-attachment-457254\" style=\"width: 200px\" class=\"wp-caption alignright\"><img data-recalc-dims=\"1\" loading=\"lazy\" decoding=\"async\" class=\"size-medium wp-image-457254 lazyload\" src=\"https:\/\/i0.wp.com\/www.tribunaribeirao.com.br\/wp-content\/uploads\/2026\/03\/SecreRP-Mau-Divulgacao-200x300.jpg?resize=200%2C300&#038;ssl=1\" alt=\"\" width=\"200\" height=\"300\" srcset=\"https:\/\/www.tribunaribeirao.com.br\/wp-content\/uploads\/2026\/03\/SecreRP-Mau-Divulgacao-200x300.jpg 200w, https:\/\/www.tribunaribeirao.com.br\/wp-content\/uploads\/2026\/03\/SecreRP-Mau-Divulgacao-682x1024.jpg 682w, https:\/\/www.tribunaribeirao.com.br\/wp-content\/uploads\/2026\/03\/SecreRP-Mau-Divulgacao-768x1153.jpg 768w, https:\/\/www.tribunaribeirao.com.br\/wp-content\/uploads\/2026\/03\/SecreRP-Mau-Divulgacao-1023x1536.jpg 1023w, https:\/\/www.tribunaribeirao.com.br\/wp-content\/uploads\/2026\/03\/SecreRP-Mau-Divulgacao-960x1441.jpg 960w, https:\/\/www.tribunaribeirao.com.br\/wp-content\/uploads\/2026\/03\/SecreRP-Mau-Divulgacao-267x400.jpg 267w, https:\/\/www.tribunaribeirao.com.br\/wp-content\/uploads\/2026\/03\/SecreRP-Mau-Divulgacao-585x878.jpg 585w, https:\/\/www.tribunaribeirao.com.br\/wp-content\/uploads\/2026\/03\/SecreRP-Mau-Divulgacao-scaled.jpg 520w\" data-sizes=\"(max-width: 200px) 100vw, 200px\" style=\"--smush-placeholder-width: 200px; --smush-placeholder-aspect-ratio: 200\/300;\"\/><figcaption id=\"caption-attachment-457254\" class=\"wp-caption-text\">Maur\u00edcio Godinho<\/figcaption><\/figure>\n<p class=\"p1\">\nNo final de outubro, o secret\u00e1rio municipal da Educa\u00e7\u00e3o, Valdir Martins, deixou o cargo por motivos pessoais. A Secretaria Municipal da Educa\u00e7\u00e3o passou a ser conduzida interinamente por Christian Viana Oliveira, servidor da rede desde 2009. Ricardo Silva j\u00e1 havia anunciado outras altera\u00e7\u00f5es em seu secretariado.<\/p>\n<p>Em 10 de outubro, Antonio Carlos Moretti Junior assumiu a Secretaria de Tecnologia e Governo Digital, pasta criada para consolidar as a\u00e7\u00f5es de transforma\u00e7\u00e3o tecnol\u00f3gica e digital de Ribeir\u00e3o Preto. Ele respondia pela Secretaria de Planejamento, Desenvolvimento Urbano e Habita\u00e7\u00e3o.<\/p>\n<p>Com o remanejamento, Claudio Almeida, titular de Meio Ambiente, Agricultura e Sustentabilidade, passou a acumular tamb\u00e9m a secretaria deixada por Moretti, fortalecendo a integra\u00e7\u00e3o entre pol\u00edticas de desenvolvimento urbano e sustentabilidade.<span class=\"Apple-converted-space\">\u00a0 <\/span>Ele j\u00e1 havia exercido a fun\u00e7\u00e3o interinamente por 20 dias.<\/p>\n<p>Em 22 de setembro, o prefeito sancionou as leis municipais que tratam da reforma administrativa na prefeitura de Ribeir\u00e3o Preto, exigidas pelo Tribunal de Justi\u00e7a de S\u00e3o Paulo (TJSP). A reda\u00e7\u00e3o final dos projetos do Executivo foi aprovada na C\u00e2mara, em, duas vota\u00e7\u00f5es, por 16 votos a favor e quatro contr\u00e1rios.<\/p>\n<p>A reforma criou tr\u00eas novas secretarias municipais: de Cidadania e das Pessoas com Defici\u00eancia, do Governo Digital e de Comunica\u00e7\u00e3o. Atende a decis\u00f5es do Tribunal de Justi\u00e7a. Silva j\u00e1 havia nomeado dois dos novos secret\u00e1rios em 29 de setembro: Luciana Oliveira assumiu a pasta de Comunica\u00e7\u00e3o e o professor Claudio Romualdo.<\/p>\n<p>A de Desenvolvimento Urbano passou a ser Secretaria de Desenvolvimento Urbano e Habita\u00e7\u00e3o, integrando planejamento urbano e pol\u00edtica habitacional.<span class=\"Apple-converted-space\">\u00a0 <\/span>J\u00e1 a Secretaria de Infraestrutura agora se chama Secretaria de Infraestrutura e Zeladoria, com atua\u00e7\u00e3o ampliada na conserva\u00e7\u00e3o e manuten\u00e7\u00e3o di\u00e1ria da cidade. \u00c9 comandada por Juliana Ogawa<\/p>\n<p>Em 4 de julho, Ricardo Silva nomeou o jornalista Jean Vicente como novo secret\u00e1rio de Governo, em substitui\u00e7\u00e3o ao tamb\u00e9m jornalista, poeta e cientista pol\u00edtico Jo\u00e3o Augusto do Carmo, que deixou o cargo em 17 de junho para se dedicar a novos projetos profissionais.<\/p>\n<p>Em junho, al\u00e9m de Jo\u00e3o Augusto, Jos\u00e9 Roberto Geraldine J\u00fanior (Planejamento e Desenvolvimento Urbano) tamb\u00e9m pediu exonera\u00e7\u00e3o por motivos pessoais e foi substitu\u00eddo por Moreti Junior, que j\u00e1 deixou o carhgo.<\/p>\n<p>Em mar\u00e7o do ano passado, Walter Telli, anunciado pelo prefeito janeiro como secret\u00e1rio de Obras P\u00fablicas de Ribeir\u00e3o Preto, assumiu o cargo. Ele n\u00e3o havia assumido oficialmente a fun\u00e7\u00e3o devido aos tr\u00e2mites para afastamento do cargo de t\u00e9cnico federal de controle externo do Tribunal de Contas da Uni\u00e3o (TCU). Com a posse de Telli, Juliana Ogawa, que acumulava a interinamente a pasta, ficou no comando apenas da Secretaria Municipal de Infraestrutura.<\/p>\n<\/div>\n<p><br \/>\n<br \/><a href=\"https:\/\/www.tribunaribeirao.com.br\/julio-balieiro-deixa-a-gestao-ricardo-silva\/\">Source link <\/a><\/p>\n<!-- CONTENT END 1 -->\n","protected":false},"excerpt":{"rendered":"<p>Maur\u00edcio Godinho assume interinamente a pasta e continua \u00e0 frente da Secretaria de Sa\u00fade J\u00falio Balieiro deixou o cargo de secret\u00e1rio municipal de Assist\u00eancia Social&#8230;<\/p>\n","protected":false},"author":1,"featured_media":83221,"comment_status":"open","ping_status":"open","sticky":false,"template":"","format":"standard","meta":{"advanced_seo_description":"","jetpack_seo_html_title":"","jetpack_seo_noindex":false,"jetpack_post_was_ever_published":false,"_jetpack_newsletter_access":"","_jetpack_dont_email_post_to_subs":false,"_jetpack_newsletter_tier_id":0,"_jetpack_memberships_contains_paywalled_content":false,"_jetpack_memberships_contains_paid_content":false,"footnotes":"","jetpack_publicize_message":"","jetpack_publicize_feature_enabled":true,"jetpack_social_post_already_shared":true,"jetpack_social_options":{"image_generator_settings":{"template":"highway","default_image_id":0,"font":"","enabled":false},"version":2}},"categories":[11],"tags":[],"class_list":["post-83220","post","type-post","status-publish","format-standard","has-post-thumbnail","hentry","category-noticias-de-ribeirao-preto-sp-e-regiao-ismael-colosi"],"jetpack_publicize_connections":[],"jetpack_featured_media_url":"https:\/\/i0.wp.com\/noticiasribeiraopreto.com.br\/wp-content\/uploads\/2026\/03\/SecreRP-Jul-Divulgacao-scaled.jpg?fit=520%2C780&ssl=1","jetpack-related-posts":[{"id":83248,"url":"https:\/\/noticiasribeiraopreto.com.br\/index.php\/2026\/03\/13\/prefeitura-anuncia-saida-de-secretario-da-assistencia-social-godinho-acumula-funcoes\/","url_meta":{"origin":83220,"position":0},"title":"Prefeitura anuncia sa\u00edda de secret\u00e1rio da Assist\u00eancia Social; Godinho acumula fun\u00e7\u00f5es","author":"noticiasribeiraopreto.com.br","date":"13 de March de 2026","format":false,"excerpt":"A Prefeitura de Ribeir\u00e3o Preto informou na tarde desta quinta-feira (12) que Julio Balieiro deixou o cargo de secret\u00e1rio de Assist\u00eancia Social (Semas). No lugar dele assume interinamente o secret\u00e1rio da Sa\u00fade, Maur\u00edcio Godinho, que vai acumular as fun\u00e7\u00f5es. Em comunicado, a Administra\u00e7\u00e3o Municipal aponta que J\u00falio Balieiro deixa o\u2026","rel":"","context":"In &quot;Not\u00edcias de Ribeir\u00e3o Preto-SP e Regi\u00e3o&quot;","block_context":{"text":"Not\u00edcias de Ribeir\u00e3o Preto-SP e Regi\u00e3o","link":"https:\/\/noticiasribeiraopreto.com.br\/index.php\/category\/noticias-de-ribeirao-preto-sp-e-regiao-ismael-colosi\/"},"img":{"alt_text":"","src":"https:\/\/i0.wp.com\/noticiasribeiraopreto.com.br\/wp-content\/uploads\/2026\/03\/balieiro-godinho_2026-03-12_20-01-18.webp.webp?fit=1200%2C674&ssl=1&resize=350%2C200","width":350,"height":200,"srcset":"https:\/\/i0.wp.com\/noticiasribeiraopreto.com.br\/wp-content\/uploads\/2026\/03\/balieiro-godinho_2026-03-12_20-01-18.webp.webp?fit=1200%2C674&ssl=1&resize=350%2C200 1x, https:\/\/i0.wp.com\/noticiasribeiraopreto.com.br\/wp-content\/uploads\/2026\/03\/balieiro-godinho_2026-03-12_20-01-18.webp.webp?fit=1200%2C674&ssl=1&resize=525%2C300 1.5x, https:\/\/i0.wp.com\/noticiasribeiraopreto.com.br\/wp-content\/uploads\/2026\/03\/balieiro-godinho_2026-03-12_20-01-18.webp.webp?fit=1200%2C674&ssl=1&resize=700%2C400 2x, https:\/\/i0.wp.com\/noticiasribeiraopreto.com.br\/wp-content\/uploads\/2026\/03\/balieiro-godinho_2026-03-12_20-01-18.webp.webp?fit=1200%2C674&ssl=1&resize=1050%2C600 3x"},"classes":[]},{"id":82808,"url":"https:\/\/noticiasribeiraopreto.com.br\/index.php\/2026\/02\/27\/secretario-da-cidadania-de-ribeirao-deixa-o-cargo-dulce-neves-assume-interinamente-a-pasta\/","url_meta":{"origin":83220,"position":1},"title":"Secret\u00e1rio da Cidadania de Ribeir\u00e3o deixa o cargo; Dulce Neves assume interinamente a pasta","author":"noticiasribeiraopreto.com.br","date":"27 de February de 2026","format":false,"excerpt":"Foi publicada no Di\u00e1rio Oficial do Munic\u00edpio desta quinta-feira (26) a exonera\u00e7\u00e3o do professor Claudio Romualdo do cargo de secret\u00e1rio municipal da Cidadania, Pessoa com Defici\u00eancia e Inclus\u00e3o Social. Em nota encaminhada, a Prefeitura informou que a decis\u00e3o foi motivada por raz\u00f5es de ordem pessoal e profissional. Claudio Romualdo estava\u2026","rel":"","context":"In &quot;Not\u00edcias de Ribeir\u00e3o Preto-SP e Regi\u00e3o&quot;","block_context":{"text":"Not\u00edcias de Ribeir\u00e3o Preto-SP e Regi\u00e3o","link":"https:\/\/noticiasribeiraopreto.com.br\/index.php\/category\/noticias-de-ribeirao-preto-sp-e-regiao-ismael-colosi\/"},"img":{"alt_text":"","src":"https:\/\/i0.wp.com\/noticiasribeiraopreto.com.br\/wp-content\/uploads\/2026\/02\/domingo-6_2026-02-26_20-47-24.webp.webp?fit=1200%2C675&ssl=1&resize=350%2C200","width":350,"height":200,"srcset":"https:\/\/i0.wp.com\/noticiasribeiraopreto.com.br\/wp-content\/uploads\/2026\/02\/domingo-6_2026-02-26_20-47-24.webp.webp?fit=1200%2C675&ssl=1&resize=350%2C200 1x, https:\/\/i0.wp.com\/noticiasribeiraopreto.com.br\/wp-content\/uploads\/2026\/02\/domingo-6_2026-02-26_20-47-24.webp.webp?fit=1200%2C675&ssl=1&resize=525%2C300 1.5x, https:\/\/i0.wp.com\/noticiasribeiraopreto.com.br\/wp-content\/uploads\/2026\/02\/domingo-6_2026-02-26_20-47-24.webp.webp?fit=1200%2C675&ssl=1&resize=700%2C400 2x, https:\/\/i0.wp.com\/noticiasribeiraopreto.com.br\/wp-content\/uploads\/2026\/02\/domingo-6_2026-02-26_20-47-24.webp.webp?fit=1200%2C675&ssl=1&resize=1050%2C600 3x"},"classes":[]},{"id":84331,"url":"https:\/\/noticiasribeiraopreto.com.br\/index.php\/2026\/04\/07\/prefeitura-de-ribeirao-anuncia-exoneracao-de-secretaria-de-infraestrutura-adjunto-tambem-deixa-o-cargo\/","url_meta":{"origin":83220,"position":2},"title":"Prefeitura de Ribeir\u00e3o anuncia exonera\u00e7\u00e3o de secret\u00e1ria de Infraestrutura; adjunto tamb\u00e9m deixa o cargo","author":"noticiasribeiraopreto.com.br","date":"7 de April de 2026","format":false,"excerpt":"Ler o resumo da not\u00edcia A Prefeitura de Ribeir\u00e3o Preto anunciou na ter\u00e7a-feira (7) a exonera\u00e7\u00e3o de Juliana Ogawa do cargo de secret\u00e1ria de Infraestrutura e Zeladoria. O secretary adjunto, Rodrigo Leal, tamb\u00e9m pediu demiss\u00e3o do cargo. Cl\u00e1udio Almeida assumir\u00e1 interinamente a pasta, acumulando com a Secretaria de Planejamento e\u2026","rel":"","context":"In &quot;Not\u00edcias de Ribeir\u00e3o Preto-SP e Regi\u00e3o&quot;","block_context":{"text":"Not\u00edcias de Ribeir\u00e3o Preto-SP e Regi\u00e3o","link":"https:\/\/noticiasribeiraopreto.com.br\/index.php\/category\/noticias-de-ribeirao-preto-sp-e-regiao-ismael-colosi\/"},"img":{"alt_text":"","src":"https:\/\/i0.wp.com\/noticiasribeiraopreto.com.br\/wp-content\/uploads\/2026\/04\/palace-22_2026-04-07_18-21-02.webp.webp?fit=1200%2C675&ssl=1&resize=350%2C200","width":350,"height":200,"srcset":"https:\/\/i0.wp.com\/noticiasribeiraopreto.com.br\/wp-content\/uploads\/2026\/04\/palace-22_2026-04-07_18-21-02.webp.webp?fit=1200%2C675&ssl=1&resize=350%2C200 1x, https:\/\/i0.wp.com\/noticiasribeiraopreto.com.br\/wp-content\/uploads\/2026\/04\/palace-22_2026-04-07_18-21-02.webp.webp?fit=1200%2C675&ssl=1&resize=525%2C300 1.5x, https:\/\/i0.wp.com\/noticiasribeiraopreto.com.br\/wp-content\/uploads\/2026\/04\/palace-22_2026-04-07_18-21-02.webp.webp?fit=1200%2C675&ssl=1&resize=700%2C400 2x, https:\/\/i0.wp.com\/noticiasribeiraopreto.com.br\/wp-content\/uploads\/2026\/04\/palace-22_2026-04-07_18-21-02.webp.webp?fit=1200%2C675&ssl=1&resize=1050%2C600 3x"},"classes":[]},{"id":62032,"url":"https:\/\/noticiasribeiraopreto.com.br\/index.php\/2025\/01\/01\/ricardo-silva-completa-time-de-secretarios-em-ribeirao-preto-confira\/","url_meta":{"origin":83220,"position":3},"title":"Ricardo Silva completa time de secret\u00e1rios em Ribeir\u00e3o Preto; Confira","author":"noticiasribeiraopreto.com.br","date":"1 de January de 2025","format":false,"excerpt":"O novo prefeito de Ribeir\u00e3o Preto, Ricardo Silva (PSD), completou nesta quarta-feira (1\u00ba de janeiro) a lista de secret\u00e1rios do alto escal\u00e3o. Entre os nomes confirmados, est\u00e3o o da advogada Maria Eug\u00eania Biffi, na Secretaria de Cultura, Walter Teles, na Secretaria de Obras, Cl\u00e1udio Almeida, na Secretaria de Esportes, e\u2026","rel":"","context":"In &quot;Not\u00edcias de Ribeir\u00e3o Preto-SP e Regi\u00e3o&quot;","block_context":{"text":"Not\u00edcias de Ribeir\u00e3o Preto-SP e Regi\u00e3o","link":"https:\/\/noticiasribeiraopreto.com.br\/index.php\/category\/noticias-de-ribeirao-preto-sp-e-regiao-ismael-colosi\/"},"img":{"alt_text":"","src":"https:\/\/i0.wp.com\/noticiasribeiraopreto.com.br\/wp-content\/uploads\/2025\/01\/ricardo-maraca_2025-01-01_16-17-24_jpeg_2025-01-01_16-17-24.webp.webp?fit=1200%2C900&ssl=1&resize=350%2C200","width":350,"height":200,"srcset":"https:\/\/i0.wp.com\/noticiasribeiraopreto.com.br\/wp-content\/uploads\/2025\/01\/ricardo-maraca_2025-01-01_16-17-24_jpeg_2025-01-01_16-17-24.webp.webp?fit=1200%2C900&ssl=1&resize=350%2C200 1x, https:\/\/i0.wp.com\/noticiasribeiraopreto.com.br\/wp-content\/uploads\/2025\/01\/ricardo-maraca_2025-01-01_16-17-24_jpeg_2025-01-01_16-17-24.webp.webp?fit=1200%2C900&ssl=1&resize=525%2C300 1.5x, https:\/\/i0.wp.com\/noticiasribeiraopreto.com.br\/wp-content\/uploads\/2025\/01\/ricardo-maraca_2025-01-01_16-17-24_jpeg_2025-01-01_16-17-24.webp.webp?fit=1200%2C900&ssl=1&resize=700%2C400 2x, https:\/\/i0.wp.com\/noticiasribeiraopreto.com.br\/wp-content\/uploads\/2025\/01\/ricardo-maraca_2025-01-01_16-17-24_jpeg_2025-01-01_16-17-24.webp.webp?fit=1200%2C900&ssl=1&resize=1050%2C600 3x"},"classes":[]},{"id":61759,"url":"https:\/\/noticiasribeiraopreto.com.br\/index.php\/2024\/12\/21\/ricardo-silva-anuncia-sete-novos-nomes-para-compor-a-prefeitura-de-ribeirao-preto-em-2025\/","url_meta":{"origin":83220,"position":4},"title":"Ricardo Silva anuncia sete novos nomes para compor a Prefeitura de Ribeir\u00e3o Preto em 2025","author":"noticiasribeiraopreto.com.br","date":"21 de December de 2024","format":false,"excerpt":"O prefeito eleito Ricardo Silva revelou mais sete integrantes de seu governo para 2025, consolidando sua equipe para \u00e1reas chave da administra\u00e7\u00e3o municipal. Entre os novos nomes, Alessandro Maraca assume como vice-prefeito e secret\u00e1rio da Casa Civil, Suely Vilela como secret\u00e1ria de Inova\u00e7\u00e3o e Desenvolvimento, e Jos\u00e9 Ruy Infante Bonatto\u2026","rel":"","context":"In &quot;Not\u00edcias de Ribeir\u00e3o Preto-SP e Regi\u00e3o&quot;","block_context":{"text":"Not\u00edcias de Ribeir\u00e3o Preto-SP e Regi\u00e3o","link":"https:\/\/noticiasribeiraopreto.com.br\/index.php\/category\/noticias-de-ribeirao-preto-sp-e-regiao-ismael-colosi\/"},"img":{"alt_text":"","src":"https:\/\/i0.wp.com\/noticiasribeiraopreto.com.br\/wp-content\/uploads\/2024\/12\/863e10cd686f211677a189290d95a1a6.jpg?fit=605%2C454&ssl=1&resize=350%2C200","width":350,"height":200,"srcset":"https:\/\/i0.wp.com\/noticiasribeiraopreto.com.br\/wp-content\/uploads\/2024\/12\/863e10cd686f211677a189290d95a1a6.jpg?fit=605%2C454&ssl=1&resize=350%2C200 1x, https:\/\/i0.wp.com\/noticiasribeiraopreto.com.br\/wp-content\/uploads\/2024\/12\/863e10cd686f211677a189290d95a1a6.jpg?fit=605%2C454&ssl=1&resize=525%2C300 1.5x"},"classes":[]},{"id":61024,"url":"https:\/\/noticiasribeiraopreto.com.br\/index.php\/2024\/12\/02\/ricardo-silva-anuncia-os-primeiros-secretarios-em-ribeirao-preto-confira\/","url_meta":{"origin":83220,"position":5},"title":"Ricardo Silva anuncia os primeiros secret\u00e1rios em Ribeir\u00e3o Preto; Confira","author":"noticiasribeiraopreto.com.br","date":"2 de December de 2024","format":false,"excerpt":"O prefeito eleito de Ribeir\u00e3o Preto, Ricardo Silva (PSD), anunciou nesta segunda-feira (2), os primeiros secret\u00e1rios para gest\u00e3o que come\u00e7a no dia 1\u00ba de janeiro de 2025. J\u00e1 foram definidos os nomes das pastas da Sa\u00fade, Infraestrutura e Justi\u00e7a, al\u00e9m do novo corregedor-geral do Munic\u00edpio. A Secretaria da Sa\u00fade vai\u2026","rel":"","context":"In &quot;Not\u00edcias de Ribeir\u00e3o Preto-SP e Regi\u00e3o&quot;","block_context":{"text":"Not\u00edcias de Ribeir\u00e3o Preto-SP e Regi\u00e3o","link":"https:\/\/noticiasribeiraopreto.com.br\/index.php\/category\/noticias-de-ribeirao-preto-sp-e-regiao-ismael-colosi\/"},"img":{"alt_text":"","src":"https:\/\/i0.wp.com\/noticiasribeiraopreto.com.br\/wp-content\/uploads\/2024\/12\/secretarios_2024-12-02_13-07-50_jpeg_2024-12-02_13-07-50.webp.webp?fit=1200%2C675&ssl=1&resize=350%2C200","width":350,"height":200,"srcset":"https:\/\/i0.wp.com\/noticiasribeiraopreto.com.br\/wp-content\/uploads\/2024\/12\/secretarios_2024-12-02_13-07-50_jpeg_2024-12-02_13-07-50.webp.webp?fit=1200%2C675&ssl=1&resize=350%2C200 1x, https:\/\/i0.wp.com\/noticiasribeiraopreto.com.br\/wp-content\/uploads\/2024\/12\/secretarios_2024-12-02_13-07-50_jpeg_2024-12-02_13-07-50.webp.webp?fit=1200%2C675&ssl=1&resize=525%2C300 1.5x, https:\/\/i0.wp.com\/noticiasribeiraopreto.com.br\/wp-content\/uploads\/2024\/12\/secretarios_2024-12-02_13-07-50_jpeg_2024-12-02_13-07-50.webp.webp?fit=1200%2C675&ssl=1&resize=700%2C400 2x, https:\/\/i0.wp.com\/noticiasribeiraopreto.com.br\/wp-content\/uploads\/2024\/12\/secretarios_2024-12-02_13-07-50_jpeg_2024-12-02_13-07-50.webp.webp?fit=1200%2C675&ssl=1&resize=1050%2C600 3x"},"classes":[]}],"jetpack_sharing_enabled":true,"jetpack_shortlink":"https:\/\/wp.me\/peQAOb-lEg","_links":{"self":[{"href":"https:\/\/noticiasribeiraopreto.com.br\/index.php\/wp-json\/wp\/v2\/posts\/83220","targetHints":{"allow":["GET"]}}],"collection":[{"href":"https:\/\/noticiasribeiraopreto.com.br\/index.php\/wp-json\/wp\/v2\/posts"}],"about":[{"href":"https:\/\/noticiasribeiraopreto.com.br\/index.php\/wp-json\/wp\/v2\/types\/post"}],"author":[{"embeddable":true,"href":"https:\/\/noticiasribeiraopreto.com.br\/index.php\/wp-json\/wp\/v2\/users\/1"}],"replies":[{"embeddable":true,"href":"https:\/\/noticiasribeiraopreto.com.br\/index.php\/wp-json\/wp\/v2\/comments?post=83220"}],"version-history":[{"count":0,"href":"https:\/\/noticiasribeiraopreto.com.br\/index.php\/wp-json\/wp\/v2\/posts\/83220\/revisions"}],"wp:featuredmedia":[{"embeddable":true,"href":"https:\/\/noticiasribeiraopreto.com.br\/index.php\/wp-json\/wp\/v2\/media\/83221"}],"wp:attachment":[{"href":"https:\/\/noticiasribeiraopreto.com.br\/index.php\/wp-json\/wp\/v2\/media?parent=83220"}],"wp:term":[{"taxonomy":"category","embeddable":true,"href":"https:\/\/noticiasribeiraopreto.com.br\/index.php\/wp-json\/wp\/v2\/categories?post=83220"},{"taxonomy":"post_tag","embeddable":true,"href":"https:\/\/noticiasribeiraopreto.com.br\/index.php\/wp-json\/wp\/v2\/tags?post=83220"}],"curies":[{"name":"wp","href":"https:\/\/api.w.org\/{rel}","templated":true}]}}