{"id":83222,"date":"2026-03-13T08:39:04","date_gmt":"2026-03-13T11:39:04","guid":{"rendered":"https:\/\/noticiasribeiraopreto.com.br\/index.php\/2026\/03\/13\/hc-de-ribeirao-preto-faz-alerta-para-golpes\/"},"modified":"2026-03-13T08:39:04","modified_gmt":"2026-03-13T11:39:04","slug":"hc-de-ribeirao-preto-faz-alerta-para-golpes","status":"publish","type":"post","link":"https:\/\/noticiasribeiraopreto.com.br\/index.php\/2026\/03\/13\/hc-de-ribeirao-preto-faz-alerta-para-golpes\/","title":{"rendered":"HC de Ribeir\u00e3o Preto\u2028 faz alerta para golpes"},"content":{"rendered":"<div class='code-block code-block-1' style='margin: 8px 0 8px auto; text-align: right; display: block; clear: both;'>\n<p><a href=\"https:\/\/wa.link\/vpicfd\"><img data-recalc-dims=\"1\" class=\"wp-image-4922\" style=\"aspect-ratio: 2.0253164556962027; width: 561px; height: auto;\" src=\"https:\/\/i0.wp.com\/ismaelcolosi.com.br\/wp-content\/uploads\/2023\/11\/grupo-de-empregos-whatsapp-e-facebook-ismael-colosi-vagas.jpg?ssl=1\" alt=\"\" \/><\/a><\/p>\n<!-- \/wp:image -->\n<\/div>\n<p> <br \/>\n<\/p>\n<div id=\"post-457263\">&#13;<br \/>\n&#13;<\/p>\n<header class=\"entry-header penci-entry-header penci-title-center\">&#13;<br \/>\n\t\t\t\t\t\t\t\t&#13;<\/p>\n<p>&#13;<br \/>\n\t\t\t\t\t\t\t\t\t<span class=\"entry-meta-item penci-posted-on\"><i class=\"fa fa-clock-o\"\/><time class=\"entry-date published updated\" datetime=\"2026-03-13T08:38:09-03:00\">13 de mar\u00e7o de 2026 08:38<\/time><\/span><span class=\"entry-meta-item penci-post-countview\"\/>\t\t\t\t\t\t\t\t<\/p>\n<p><!-- .entry-meta -->&#13;<br \/>\n\t\t\t\t\t\t\t\t<span class=\"penci-social-buttons penci-social-share-footer\"><span class=\"penci-social-share-text\">Compartilhar<\/span><a href=\"#\" class=\"penci-post-like penci_post-meta_item  single-like-button penci-social-item like\" data-post_id=\"457263\" title=\"Like\" data-like=\"Like\" data-unlike=\"Unlike\"><i class=\"fa fa-thumbs-o-up\"\/><span class=\"penci-share-number\">0<\/span><\/a><i class=\"fa fa-facebook\"\/><a class=\"penci-social-item twitter\" target=\"_blank\" rel=\"noopener\" title=\"\" href=\"https:\/\/twitter.com\/intent\/tweet?text=HC%20de%20Ribeir\u00e3o%20Preto\u2028%20faz%20alerta%20para%20golpes%20-%20https:\/\/www.tribunaribeirao.com.br\/hc-de-ribeirao-preto-faz-alerta-para-golpes\/\"><i class=\"fa fa-twitter\"\/><\/a><i class=\"fa fa-linkedin\"\/><i class=\"fa fa-whatsapp\"\/><i class=\"fa fa-telegram\"\/><i class=\"fa fa-envelope\"\/><\/span>\t\t\t\t\t\t\t<\/header>\n<p><!-- .entry-header -->&#13;<\/p>\n<div class=\"penci-entry-content entry-content\">\n<p class=\"p1\">O Hospital das Cl\u00ednicas da Faculdade de Medicina de Ribeir\u00e3o Preto da Universidade de S\u00e3o Paulo (HCFMRP-USP) emitiu alerta de golpe envolvendo o nome da institui\u00e7\u00e3o. Informa que a comunica\u00e7\u00e3o com os familiares de pacientes ocorre exclusivamente de forma direta, por meio das equipes m\u00e9dicas e assistenciais devidamente identificadas.<\/p>\n<p>Houve registro de abordagem, na entrada da Unidade Campus do Hospital das Clinicas, a acompanhantes com solicita\u00e7\u00f5es de pagamento para transfer\u00eancias de ala ou melhorias no atendimento. O HC esclarece que tais cobran\u00e7as s\u00e3o inexistentes e ilegais<span class=\"Apple-converted-space\">\u00a0 <\/span>A institui\u00e7\u00e3o esclarece alguns pontos de seguran\u00e7a:<\/p>\n<p>Inexist\u00eancia de mediadores: o HC Ribeir\u00e3o n\u00e3o utiliza intermedi\u00e1rios ou terceiros para realizar o contato entre m\u00e9dicos e familiares.<\/p>\n<p>Gratuidade do servi\u00e7o: toda a assist\u00eancia prestada pelo Hospital \u00e9 gratuita. N\u00e3o h\u00e1 cobran\u00e7a de valores para transfer\u00eancias de ala, exames, medicamentos ou qualquer tipo de prioriza\u00e7\u00e3o no atendimento.<\/p>\n<p>Qualquer abordagem que condicione a assist\u00eancia ao pagamento de taxas deve ser reportada imediatamente \u00e0 seguran\u00e7a do Hospital das Cl\u00ednicas ou \u00e0 Pol\u00edcia Militar pelo telefone 190. O HC refor\u00e7a que as atualiza\u00e7\u00f5es sobre o estado de sa\u00fade dos pacientes s\u00e3o fornecidas apenas pelos profissionais de sa\u00fade respons\u00e1veis, nos hor\u00e1rios e locais estipulados pela rotina hospitalar.<\/p>\n<\/div>\n<p><!-- .entry-content -->&#13;<br \/>\n&#13;<\/p>\n<footer class=\"penci-entry-footer\">&#13;<br \/>\n\t\t\t\t\t\t\t\t<span class=\"penci-social-buttons penci-social-share-footer\"><span class=\"penci-social-share-text\">Compartilhar<\/span><a href=\"#\" class=\"penci-post-like penci_post-meta_item  single-like-button penci-social-item like\" data-post_id=\"457263\" title=\"Like\" data-like=\"Like\" data-unlike=\"Unlike\"><i class=\"fa fa-thumbs-o-up\"\/><span class=\"penci-share-number\">0<\/span><\/a><i class=\"fa fa-facebook\"\/><a class=\"penci-social-item twitter\" target=\"_blank\" rel=\"noopener\" title=\"\" href=\"https:\/\/twitter.com\/intent\/tweet?text=HC%20de%20Ribeir\u00e3o%20Preto\u2028%20faz%20alerta%20para%20golpes%20-%20https:\/\/www.tribunaribeirao.com.br\/hc-de-ribeirao-preto-faz-alerta-para-golpes\/\"><i class=\"fa fa-twitter\"\/><\/a><i class=\"fa fa-linkedin\"\/><i class=\"fa fa-whatsapp\"\/><i class=\"fa fa-telegram\"\/><i class=\"fa fa-envelope\"\/><\/span>\t\t\t\t\t\t\t<\/footer>\n<p><!-- .entry-footer -->&#13;\n\t\t\t\t\t\t<\/div>\n<p><script async src=\"\/\/platform.twitter.com\/widgets.js\" charset=\"utf-8\"><\/script><br \/>\n<br \/><br \/>\n<br \/><a href=\"https:\/\/www.tribunaribeirao.com.br\/hc-de-ribeirao-preto-faz-alerta-para-golpes\/\">Source link <\/a><\/p>\n<!-- CONTENT END 1 -->\n","protected":false},"excerpt":{"rendered":"<p>&#13; &#13; &#13; &#13; &#13; 13 de mar\u00e7o de 2026 08:38 &#13; Compartilhar0 &#13; O Hospital das Cl\u00ednicas da Faculdade de Medicina de Ribeir\u00e3o Preto&#8230;<\/p>\n","protected":false},"author":1,"featured_media":83223,"comment_status":"open","ping_status":"open","sticky":false,"template":"","format":"standard","meta":{"advanced_seo_description":"","jetpack_seo_html_title":"","jetpack_seo_noindex":false,"jetpack_post_was_ever_published":false,"_jetpack_newsletter_access":"","_jetpack_dont_email_post_to_subs":false,"_jetpack_newsletter_tier_id":0,"_jetpack_memberships_contains_paywalled_content":false,"_jetpack_memberships_contains_paid_content":false,"footnotes":"","jetpack_publicize_message":"","jetpack_publicize_feature_enabled":true,"jetpack_social_post_already_shared":true,"jetpack_social_options":{"image_generator_settings":{"template":"highway","default_image_id":0,"font":"","enabled":false},"version":2}},"categories":[11],"tags":[],"class_list":["post-83222","post","type-post","status-publish","format-standard","has-post-thumbnail","hentry","category-noticias-de-ribeirao-preto-sp-e-regiao-ismael-colosi"],"jetpack_publicize_connections":[],"jetpack_featured_media_url":"https:\/\/i0.wp.com\/noticiasribeiraopreto.com.br\/wp-content\/uploads\/2026\/03\/GolpeHC-Alfredo-Risk-Arquivo-scaled.jpg?fit=1200%2C675&ssl=1","jetpack-related-posts":[{"id":57091,"url":"https:\/\/noticiasribeiraopreto.com.br\/index.php\/2024\/08\/22\/detran-sp-alerta-para-novo-golpe-telefonico-veja-como-funciona\/","url_meta":{"origin":83222,"position":0},"title":"Detran-SP alerta para novo golpe telef\u00f4nico; Veja como funciona","author":"noticiasribeiraopreto.com.br","date":"22 de August de 2024","format":false,"excerpt":"O Departamento Estadual de Tr\u00e2nsito de S\u00e3o Paulo (Detran-SP) alertou para golpistas que est\u00e3o se passando por funcion\u00e1rios do \u00f3rg\u00e3o para aplicar golpes telef\u00f4nicos com cobran\u00e7as financeiras. Conforme o comunicado, os telefonemas amea\u00e7am empresas e profissionais credenciados \u00e0 autarquia com o bloqueio do cadastro, caso n\u00e3o efetuem o pagamento solicitado\u2026","rel":"","context":"In &quot;Not\u00edcias de Ribeir\u00e3o Preto-SP e Regi\u00e3o&quot;","block_context":{"text":"Not\u00edcias de Ribeir\u00e3o Preto-SP e Regi\u00e3o","link":"https:\/\/noticiasribeiraopreto.com.br\/index.php\/category\/noticias-de-ribeirao-preto-sp-e-regiao-ismael-colosi\/"},"img":{"alt_text":"","src":"https:\/\/i0.wp.com\/noticiasribeiraopreto.com.br\/wp-content\/uploads\/2024\/08\/28621055757_f2d751aa68_k_2024-08-22_21-24-53_jpg_2024-08-22_21-24-54.webp.webp?fit=1200%2C825&ssl=1&resize=350%2C200","width":350,"height":200,"srcset":"https:\/\/i0.wp.com\/noticiasribeiraopreto.com.br\/wp-content\/uploads\/2024\/08\/28621055757_f2d751aa68_k_2024-08-22_21-24-53_jpg_2024-08-22_21-24-54.webp.webp?fit=1200%2C825&ssl=1&resize=350%2C200 1x, https:\/\/i0.wp.com\/noticiasribeiraopreto.com.br\/wp-content\/uploads\/2024\/08\/28621055757_f2d751aa68_k_2024-08-22_21-24-53_jpg_2024-08-22_21-24-54.webp.webp?fit=1200%2C825&ssl=1&resize=525%2C300 1.5x, https:\/\/i0.wp.com\/noticiasribeiraopreto.com.br\/wp-content\/uploads\/2024\/08\/28621055757_f2d751aa68_k_2024-08-22_21-24-53_jpg_2024-08-22_21-24-54.webp.webp?fit=1200%2C825&ssl=1&resize=700%2C400 2x, https:\/\/i0.wp.com\/noticiasribeiraopreto.com.br\/wp-content\/uploads\/2024\/08\/28621055757_f2d751aa68_k_2024-08-22_21-24-53_jpg_2024-08-22_21-24-54.webp.webp?fit=1200%2C825&ssl=1&resize=1050%2C600 3x"},"classes":[]},{"id":83316,"url":"https:\/\/noticiasribeiraopreto.com.br\/index.php\/2026\/03\/16\/hc-de-ribeirao-preto-alerta-sobre-cobrancas-irregulares-a-acompanhantes\/","url_meta":{"origin":83222,"position":1},"title":"HC de Ribeir\u00e3o Preto alerta sobre cobran\u00e7as irregulares a acompanhantes","author":"noticiasribeiraopreto.com.br","date":"16 de March de 2026","format":false,"excerpt":"O Hospital das Cl\u00ednicas de Ribeir\u00e3o Preto (HC-RP) emitiu um novo alerta \u00e0 popula\u00e7\u00e3o sobre tentativas de cobran\u00e7a indevida de acompanhantes de pacientes. De acordo com o comunicado, houve registros de abordagens na entrada da unidade, onde era solicitado que acompanhantes realizassem pagamentos para obter transfer\u00eancias de ala ou melhorias\u2026","rel":"","context":"In &quot;Not\u00edcias de Ribeir\u00e3o Preto-SP e Regi\u00e3o&quot;","block_context":{"text":"Not\u00edcias de Ribeir\u00e3o Preto-SP e Regi\u00e3o","link":"https:\/\/noticiasribeiraopreto.com.br\/index.php\/category\/noticias-de-ribeirao-preto-sp-e-regiao-ismael-colosi\/"},"img":{"alt_text":"","src":"https:\/\/i0.wp.com\/noticiasribeiraopreto.com.br\/wp-content\/uploads\/2026\/03\/3372_31082010rphospitalclinicas001_2024-11-28_20-17-11_jpg_2024-11-28_20-17-12-1024x683.webp.webp?fit=1024%2C683&ssl=1&resize=350%2C200","width":350,"height":200,"srcset":"https:\/\/i0.wp.com\/noticiasribeiraopreto.com.br\/wp-content\/uploads\/2026\/03\/3372_31082010rphospitalclinicas001_2024-11-28_20-17-11_jpg_2024-11-28_20-17-12-1024x683.webp.webp?fit=1024%2C683&ssl=1&resize=350%2C200 1x, https:\/\/i0.wp.com\/noticiasribeiraopreto.com.br\/wp-content\/uploads\/2026\/03\/3372_31082010rphospitalclinicas001_2024-11-28_20-17-11_jpg_2024-11-28_20-17-12-1024x683.webp.webp?fit=1024%2C683&ssl=1&resize=525%2C300 1.5x, https:\/\/i0.wp.com\/noticiasribeiraopreto.com.br\/wp-content\/uploads\/2026\/03\/3372_31082010rphospitalclinicas001_2024-11-28_20-17-11_jpg_2024-11-28_20-17-12-1024x683.webp.webp?fit=1024%2C683&ssl=1&resize=700%2C400 2x"},"classes":[]},{"id":58177,"url":"https:\/\/noticiasribeiraopreto.com.br\/index.php\/2024\/09\/20\/entenda-o-que-e-o-golpe-do-agendamento-poupatempo-faz-alerta\/","url_meta":{"origin":83222,"position":2},"title":"Entenda o que \u00e9 o &#8216;Golpe do Agendamento&#8217;; Poupatempo faz alerta","author":"noticiasribeiraopreto.com.br","date":"20 de September de 2024","format":false,"excerpt":"O Poupatempo alerta a popula\u00e7\u00e3o de que n\u00e3o \u00e9 preciso pagar para realizar agendamento de servi\u00e7os\u00a0oferecidos pelo \u00f3rg\u00e3o. De acordo com a assessoria, alguns sites falsos est\u00e3o cobrando para realizar agendamentos de servi\u00e7os que s\u00e3o gratuitos. Caso algu\u00e9m se depare com sites que exijam pagamento, a orienta\u00e7\u00e3o \u00e9 desconfiar e\u2026","rel":"","context":"In &quot;Not\u00edcias de Ribeir\u00e3o Preto-SP e Regi\u00e3o&quot;","block_context":{"text":"Not\u00edcias de Ribeir\u00e3o Preto-SP e Regi\u00e3o","link":"https:\/\/noticiasribeiraopreto.com.br\/index.php\/category\/noticias-de-ribeirao-preto-sp-e-regiao-ismael-colosi\/"},"img":{"alt_text":"","src":"https:\/\/i0.wp.com\/noticiasribeiraopreto.com.br\/wp-content\/uploads\/2024\/09\/Copia-de-Copia-de-Copia-de-TAMANHO-EXATO-PARA-FOTOS-NO-SISTEMA-NOVO-32_2024-09-20_14-10-44_png_2024-09-20_14-10-45.webp.webp?fit=1200%2C675&ssl=1&resize=350%2C200","width":350,"height":200,"srcset":"https:\/\/i0.wp.com\/noticiasribeiraopreto.com.br\/wp-content\/uploads\/2024\/09\/Copia-de-Copia-de-Copia-de-TAMANHO-EXATO-PARA-FOTOS-NO-SISTEMA-NOVO-32_2024-09-20_14-10-44_png_2024-09-20_14-10-45.webp.webp?fit=1200%2C675&ssl=1&resize=350%2C200 1x, https:\/\/i0.wp.com\/noticiasribeiraopreto.com.br\/wp-content\/uploads\/2024\/09\/Copia-de-Copia-de-Copia-de-TAMANHO-EXATO-PARA-FOTOS-NO-SISTEMA-NOVO-32_2024-09-20_14-10-44_png_2024-09-20_14-10-45.webp.webp?fit=1200%2C675&ssl=1&resize=525%2C300 1.5x, https:\/\/i0.wp.com\/noticiasribeiraopreto.com.br\/wp-content\/uploads\/2024\/09\/Copia-de-Copia-de-Copia-de-TAMANHO-EXATO-PARA-FOTOS-NO-SISTEMA-NOVO-32_2024-09-20_14-10-44_png_2024-09-20_14-10-45.webp.webp?fit=1200%2C675&ssl=1&resize=700%2C400 2x, https:\/\/i0.wp.com\/noticiasribeiraopreto.com.br\/wp-content\/uploads\/2024\/09\/Copia-de-Copia-de-Copia-de-TAMANHO-EXATO-PARA-FOTOS-NO-SISTEMA-NOVO-32_2024-09-20_14-10-44_png_2024-09-20_14-10-45.webp.webp?fit=1200%2C675&ssl=1&resize=1050%2C600 3x"},"classes":[]},{"id":83995,"url":"https:\/\/noticiasribeiraopreto.com.br\/index.php\/2026\/03\/30\/ribeirao-preto-passa-a-contar-com-mais-opcoes-de-voos-para-sp\/","url_meta":{"origin":83222,"position":3},"title":"Ribeir\u00e3o Preto passa a contar com mais op\u00e7\u00f5es de voos para SP","author":"noticiasribeiraopreto.com.br","date":"30 de March de 2026","format":false,"excerpt":"Ler o resumo da not\u00edcia GOL Linhas A\u00e9reas ampliou a frequ\u00eancia de voos entre Ribeir\u00e3o Preto e Congonhas (SP) a partir de 29 de mar\u00e7o de 2026. A rota passou de 12 para 13 voos semanais em cada sentido, operando todos os dias da semana. O aumento representa crescimento de\u2026","rel":"","context":"In &quot;Not\u00edcias de Ribeir\u00e3o Preto-SP e Regi\u00e3o&quot;","block_context":{"text":"Not\u00edcias de Ribeir\u00e3o Preto-SP e Regi\u00e3o","link":"https:\/\/noticiasribeiraopreto.com.br\/index.php\/category\/noticias-de-ribeirao-preto-sp-e-regiao-ismael-colosi\/"},"img":{"alt_text":"","src":"https:\/\/i0.wp.com\/noticiasribeiraopreto.com.br\/wp-content\/uploads\/2026\/03\/gol_2025-10-01_19-10-00.webp.webp?fit=1200%2C791&ssl=1&resize=350%2C200","width":350,"height":200,"srcset":"https:\/\/i0.wp.com\/noticiasribeiraopreto.com.br\/wp-content\/uploads\/2026\/03\/gol_2025-10-01_19-10-00.webp.webp?fit=1200%2C791&ssl=1&resize=350%2C200 1x, https:\/\/i0.wp.com\/noticiasribeiraopreto.com.br\/wp-content\/uploads\/2026\/03\/gol_2025-10-01_19-10-00.webp.webp?fit=1200%2C791&ssl=1&resize=525%2C300 1.5x, https:\/\/i0.wp.com\/noticiasribeiraopreto.com.br\/wp-content\/uploads\/2026\/03\/gol_2025-10-01_19-10-00.webp.webp?fit=1200%2C791&ssl=1&resize=700%2C400 2x, https:\/\/i0.wp.com\/noticiasribeiraopreto.com.br\/wp-content\/uploads\/2026\/03\/gol_2025-10-01_19-10-00.webp.webp?fit=1200%2C791&ssl=1&resize=1050%2C600 3x"},"classes":[]},{"id":57149,"url":"https:\/\/noticiasribeiraopreto.com.br\/index.php\/2024\/08\/24\/ribeirao-preto-amanhece-com-muita-fumaca-e-prefeitura-faz-coletiva-de-imprensa\/","url_meta":{"origin":83222,"position":4},"title":"Ribeir\u00e3o Preto amanhece com muita fuma\u00e7a e prefeitura faz coletiva de imprensa","author":"noticiasribeiraopreto.com.br","date":"24 de August de 2024","format":false,"excerpt":"Ribeir\u00e3o Preto amanheceu neste s\u00e1bado (24) debaixo de muita fuma\u00e7a provocada por queimadas. Assista ao v\u00eddeo abaixo. A qualidade do ar est\u00e1 classificada pela Cetesb (Ag\u00eancia do Governo do Estado de S\u00e3o Paulo) como muito ruim, o que pode aumentar os sintomas respirat\u00f3rios na popula\u00e7\u00e3o em geral, especialmente em crian\u00e7as\u2026","rel":"","context":"In &quot;Not\u00edcias de Ribeir\u00e3o Preto-SP e Regi\u00e3o&quot;","block_context":{"text":"Not\u00edcias de Ribeir\u00e3o Preto-SP e Regi\u00e3o","link":"https:\/\/noticiasribeiraopreto.com.br\/index.php\/category\/noticias-de-ribeirao-preto-sp-e-regiao-ismael-colosi\/"},"img":{"alt_text":"","src":"https:\/\/i0.wp.com\/noticiasribeiraopreto.com.br\/wp-content\/uploads\/2024\/08\/FUMACA_2024-08-24_13-50-11_jpg_2024-08-24_13-50-11.webp.webp?fit=1200%2C685&ssl=1&resize=350%2C200","width":350,"height":200,"srcset":"https:\/\/i0.wp.com\/noticiasribeiraopreto.com.br\/wp-content\/uploads\/2024\/08\/FUMACA_2024-08-24_13-50-11_jpg_2024-08-24_13-50-11.webp.webp?fit=1200%2C685&ssl=1&resize=350%2C200 1x, https:\/\/i0.wp.com\/noticiasribeiraopreto.com.br\/wp-content\/uploads\/2024\/08\/FUMACA_2024-08-24_13-50-11_jpg_2024-08-24_13-50-11.webp.webp?fit=1200%2C685&ssl=1&resize=525%2C300 1.5x, https:\/\/i0.wp.com\/noticiasribeiraopreto.com.br\/wp-content\/uploads\/2024\/08\/FUMACA_2024-08-24_13-50-11_jpg_2024-08-24_13-50-11.webp.webp?fit=1200%2C685&ssl=1&resize=700%2C400 2x, https:\/\/i0.wp.com\/noticiasribeiraopreto.com.br\/wp-content\/uploads\/2024\/08\/FUMACA_2024-08-24_13-50-11_jpg_2024-08-24_13-50-11.webp.webp?fit=1200%2C685&ssl=1&resize=1050%2C600 3x"},"classes":[]},{"id":78556,"url":"https:\/\/noticiasribeiraopreto.com.br\/index.php\/2025\/10\/13\/ribeirao-preto-esta-em-atencao-para-chuva-intensa-e-ventos-fortes-veja-previsao\/","url_meta":{"origin":83222,"position":5},"title":"Ribeir\u00e3o Preto est\u00e1 em aten\u00e7\u00e3o para chuva intensa e ventos fortes; Veja previs\u00e3o","author":"noticiasribeiraopreto.com.br","date":"13 de October de 2025","format":false,"excerpt":"O Instituto Nacional de Meteorologia (Inmet) ampliou nesta segunda-feira (13) a \u00e1rea de alerta de \u201cperigo\u201d para tempestades no estado de S\u00e3o Paulo. A nova atualiza\u00e7\u00e3o inclui parte da regi\u00e3o de Ribeir\u00e3o Preto, que agora est\u00e1 entre as \u00e1reas com risco de chuva intensa. De acordo com o Inmet, o\u2026","rel":"","context":"In &quot;Not\u00edcias de Ribeir\u00e3o Preto-SP e Regi\u00e3o&quot;","block_context":{"text":"Not\u00edcias de Ribeir\u00e3o Preto-SP e Regi\u00e3o","link":"https:\/\/noticiasribeiraopreto.com.br\/index.php\/category\/noticias-de-ribeirao-preto-sp-e-regiao-ismael-colosi\/"},"img":{"alt_text":"","src":"https:\/\/i0.wp.com\/noticiasribeiraopreto.com.br\/wp-content\/uploads\/2025\/10\/Copia-de-Copia-de-Copia-de-TAMANHO-EXATO-PARA-FOTOS-NO-SISTEMA-NOVO-2025-10-13T145457.360_2025-10-13_17-55-10.webp.webp?fit=1200%2C675&ssl=1&resize=350%2C200","width":350,"height":200,"srcset":"https:\/\/i0.wp.com\/noticiasribeiraopreto.com.br\/wp-content\/uploads\/2025\/10\/Copia-de-Copia-de-Copia-de-TAMANHO-EXATO-PARA-FOTOS-NO-SISTEMA-NOVO-2025-10-13T145457.360_2025-10-13_17-55-10.webp.webp?fit=1200%2C675&ssl=1&resize=350%2C200 1x, https:\/\/i0.wp.com\/noticiasribeiraopreto.com.br\/wp-content\/uploads\/2025\/10\/Copia-de-Copia-de-Copia-de-TAMANHO-EXATO-PARA-FOTOS-NO-SISTEMA-NOVO-2025-10-13T145457.360_2025-10-13_17-55-10.webp.webp?fit=1200%2C675&ssl=1&resize=525%2C300 1.5x, https:\/\/i0.wp.com\/noticiasribeiraopreto.com.br\/wp-content\/uploads\/2025\/10\/Copia-de-Copia-de-Copia-de-TAMANHO-EXATO-PARA-FOTOS-NO-SISTEMA-NOVO-2025-10-13T145457.360_2025-10-13_17-55-10.webp.webp?fit=1200%2C675&ssl=1&resize=700%2C400 2x, https:\/\/i0.wp.com\/noticiasribeiraopreto.com.br\/wp-content\/uploads\/2025\/10\/Copia-de-Copia-de-Copia-de-TAMANHO-EXATO-PARA-FOTOS-NO-SISTEMA-NOVO-2025-10-13T145457.360_2025-10-13_17-55-10.webp.webp?fit=1200%2C675&ssl=1&resize=1050%2C600 3x"},"classes":[]}],"jetpack_sharing_enabled":true,"jetpack_shortlink":"https:\/\/wp.me\/peQAOb-lEi","_links":{"self":[{"href":"https:\/\/noticiasribeiraopreto.com.br\/index.php\/wp-json\/wp\/v2\/posts\/83222","targetHints":{"allow":["GET"]}}],"collection":[{"href":"https:\/\/noticiasribeiraopreto.com.br\/index.php\/wp-json\/wp\/v2\/posts"}],"about":[{"href":"https:\/\/noticiasribeiraopreto.com.br\/index.php\/wp-json\/wp\/v2\/types\/post"}],"author":[{"embeddable":true,"href":"https:\/\/noticiasribeiraopreto.com.br\/index.php\/wp-json\/wp\/v2\/users\/1"}],"replies":[{"embeddable":true,"href":"https:\/\/noticiasribeiraopreto.com.br\/index.php\/wp-json\/wp\/v2\/comments?post=83222"}],"version-history":[{"count":0,"href":"https:\/\/noticiasribeiraopreto.com.br\/index.php\/wp-json\/wp\/v2\/posts\/83222\/revisions"}],"wp:featuredmedia":[{"embeddable":true,"href":"https:\/\/noticiasribeiraopreto.com.br\/index.php\/wp-json\/wp\/v2\/media\/83223"}],"wp:attachment":[{"href":"https:\/\/noticiasribeiraopreto.com.br\/index.php\/wp-json\/wp\/v2\/media?parent=83222"}],"wp:term":[{"taxonomy":"category","embeddable":true,"href":"https:\/\/noticiasribeiraopreto.com.br\/index.php\/wp-json\/wp\/v2\/categories?post=83222"},{"taxonomy":"post_tag","embeddable":true,"href":"https:\/\/noticiasribeiraopreto.com.br\/index.php\/wp-json\/wp\/v2\/tags?post=83222"}],"curies":[{"name":"wp","href":"https:\/\/api.w.org\/{rel}","templated":true}]}}