{"id":83226,"date":"2026-03-13T09:01:29","date_gmt":"2026-03-13T12:01:29","guid":{"rendered":"https:\/\/noticiasribeiraopreto.com.br\/index.php\/2026\/03\/13\/refis-ribeirao-atinge-r-1262-mi\/"},"modified":"2026-03-13T09:01:29","modified_gmt":"2026-03-13T12:01:29","slug":"refis-ribeirao-atinge-r-1262-mi","status":"publish","type":"post","link":"https:\/\/noticiasribeiraopreto.com.br\/index.php\/2026\/03\/13\/refis-ribeirao-atinge-r-1262-mi\/","title":{"rendered":"Refis Ribeir\u00e3o atinge R$ 126,2 \u2028mi"},"content":{"rendered":"<div class='code-block code-block-1' style='margin: 8px 0 8px auto; text-align: right; display: block; clear: both;'>\n<p><a href=\"https:\/\/wa.link\/vpicfd\"><img data-recalc-dims=\"1\" class=\"wp-image-4922\" style=\"aspect-ratio: 2.0253164556962027; width: 561px; height: auto;\" src=\"https:\/\/i0.wp.com\/ismaelcolosi.com.br\/wp-content\/uploads\/2023\/11\/grupo-de-empregos-whatsapp-e-facebook-ismael-colosi-vagas.jpg?ssl=1\" alt=\"\" \/><\/a><\/p>\n<!-- \/wp:image -->\n<\/div>\n<p> <br \/>\n<\/p>\n<div>\n<p class=\"p1\"><i>Refis Ribeir\u00e3o renegociou 88.584 d\u00edvidas no valor de aproximadamente R$ 126 milh\u00f5es, aponta balan\u00e7o divulgado pela Secretaria da Fazenda<\/i><br \/><i><br \/><\/i>O novo Programa de Recupera\u00e7\u00e3o Fiscal (Refis), batizado de Refis Ribeir\u00e3o, renegociou 88.584 d\u00edvidas no montante de R$ 126.274.801, entre 1\u00ba de setembro e 23 de dezembro do ano passado, segundo balan\u00e7o divulgado pela Secretaria Municipal da Fazenda esta semana a pedido do Tribuna.<\/p>\n<p>O n\u00famero de contribuintes que aderiram ao Refis n\u00e3o foi divulgado, j\u00e1 que uma mesma pessoa pode ter negociado diferentes d\u00edvidas tribut\u00e1rias e n\u00e3o tributarias com a prefeitura de Ribeir\u00e3o Preto. Segundo dados da Secretaria da Fazenda, 31.655 d\u00e9bitos foram pagos \u00e0 vista, totalizando R$ 29.411.498,06.<\/p>\n<p>J\u00e1 o parcelamento atendeu 56.929 d\u00edvidas no valor global de R$ 96.863.302,94. Os casos envolvendo Imposto Predial e Territorial e Urbano (IPTU) lideraram os acordos, seguidos por taxas de funcionamento de empresas e pelo Imposto Sobre Servi\u00e7os de Qualquer Natureza (ISSQN).<\/p>\n<p>Nesta edi\u00e7\u00e3o do Programa de Recupera\u00e7\u00e3o Fiscal, foram oferecidas condi\u00e7\u00f5es mais vantajosas para a regulariza\u00e7\u00e3o de d\u00edvidas contra\u00eddas at\u00e9 31 de dezembro de 2024 com a prefeitura e a Secretaria de \u00c1gua e Esgoto de Ribeir\u00e3o Preto (Saerp).<span class=\"Apple-converted-space\">\u00a0 <\/span><\/p>\n<p>Para pagamento \u00e0 vista, o programa deu desconto de 100% da multa morat\u00f3ria e o cancelamento de 100% dos juros morat\u00f3rios dos d\u00e9bitos inscritos em D\u00edvida Ativa ou n\u00e3o, at\u00e9 o exerc\u00edcio de 2024, podendo o contribuinte optar pelo pagamento total do d\u00e9bito ou total por exerc\u00edcio.<\/p>\n<p>Para o pagamento em doze parcelas mensais houve desconto de 85% da multa morat\u00f3ria e o cancelamento de 85% dos juros morat\u00f3rios dos d\u00e9bitos. J\u00e1 quem optou por parcelar a d\u00edvida em at\u00e9 24 parcelas teve abatimento de 75% da multa morat\u00f3ria e o cancelamento de 75% dos juros morat\u00f3rios dos d\u00e9bitos.<\/p>\n<p>Em at\u00e9 36 parcelas o desconto foi de 65% da multa morat\u00f3ria e o cancelamento de 65% dos juros morat\u00f3rios, e em at\u00e9 60 parcelas mensais e consecutivas o abatimento foi de 55% da multa morat\u00f3ria e o cancelamento de 55% dos juros morat\u00f3rios dos d\u00e9bitos.<\/p>\n<p>Uma inova\u00e7\u00e3o do novo Refis \u00e9 que os grandes devedores, com valores a partir de R$ 500 mil, puderam renegociar as d\u00edvidas com desconto de juros e multas em at\u00e9 120 meses (dez anos). Nestas renegocia\u00e7\u00f5es, os prazos e os percentuais de desconto foram diferenciados dos d\u00e9bitos menores.<\/p>\n<p>Outra novidade foi o incentivo para a regulariza\u00e7\u00e3o de contratos de gaveta. Quem tinha transa\u00e7\u00f5es de im\u00f3veis formalizadas at\u00e9 31 de dezembro de 2024, pode regularizar com al\u00edquotas reduzidas no Imposto sobre Transfer\u00eancia de Bens Im\u00f3veis (ITBI), parcelar em at\u00e9 doze vezes e ter 100% de desconto em juros e multas. As al\u00edquotas seguem o modelo do Minha Casa, Minha Vida.<\/p>\n<p>O Refis Ribeir\u00e3o esperava beneficiar mais de 50 mil de contribuintes inadimplentes do IPTU. J\u00e1 o total de inadimplentes com contas de \u00e1gua e esgoto era de cerca de 30%, ou seja, cerca de 65 mil usu\u00e1rios. Ribeir\u00e3o Preto tem 217 mil liga\u00e7\u00f5es de \u00e1gua e 207 mil de esgoto.<\/p>\n<p><b>Retoma Ribeir\u00e3o 2\u2013 <\/b>Depois de dois anos consecutivos, em 2022 e 2023, a prefeitura de Ribeir\u00e3o Preto n\u00e3o pode lan\u00e7ar a terceira edi\u00e7\u00e3o do Retoma Ribeir\u00e3o, a vers\u00e3o municipal do popular \u201cRefis\u201d, em 2024. A legisla\u00e7\u00e3o eleitoral pro\u00edbe a concess\u00e3o desse tipo de benef\u00edcio.<span class=\"Apple-converted-space\">\u00a0 <\/span><\/p>\n<p>O mais recente Retoma Ribeir\u00e3o 2, que antecedeu o Refis Ribeir\u00e3o, terminou em 21 de dezembro de 2023. O balan\u00e7o foi divulgado em 16 de fevereiro de 2024 pelas secretarias Municipais da Fazenda e de \u00c1gua e Esgoto (Saerp). Foram arrecadados R$ 43.127.571,98, valor referente ao pagamento \u00e0 vista envolvendo as duas pastas.<\/p>\n<p>Ou seja, no ano passado os R$ 126.274.801 superaram o total de 2023 em R$ 83.147.229,02, crescimento de 192,79%, tr\u00eas vezes mais. De acordo com a gest\u00e3o Duarte Nogueira (ent\u00e3o no PSDB, hoje no PSD, R$ 34.227.571,98 foram da Fazenda.<\/p>\n<p>No total, o Fisco Municipal pretendia arrecadar R$ 72.541.751,72 em 2023, contado com o parcelamento de tributos atrasados. O valor pago \u00e0 vista representava 47,18% do total estimado. Tamb\u00e9m foram negociadas d\u00edvidas envolvendo IPTU, ISS-QN e Imposto sobre Transfer\u00eancia de Bens Im\u00f3veis (ITBI), al\u00e9m de taxas e multas ambientais e contratuais. A pasta negociou 88.907 t\u00edtulos. Foram 7.310 parcelamentos e 6.400 acordos para pagamento \u00e0 vista.<\/p>\n<p>J\u00e1 a Saerp arrecadou R$ 8.900.000 \u00e0 vista, valor equivalente a 29,18% do total de R$ 30.500.000 que deveria ser injetado com os contratos de parcelamento. A Secretaria de \u00c1gua e Esgoto fechou 4.871 acordos envolvendo contas de \u00e1gua e esgoto, multas e infra\u00e7\u00f5es.<\/p>\n<\/div>\n<p><br \/>\n<br \/><a href=\"https:\/\/www.tribunaribeirao.com.br\/refis-ribeirao-atinge-r-1262-mi\/\">Source link <\/a><\/p>\n<!-- CONTENT END 1 -->\n","protected":false},"excerpt":{"rendered":"<p>Refis Ribeir\u00e3o renegociou 88.584 d\u00edvidas no valor de aproximadamente R$ 126 milh\u00f5es, aponta balan\u00e7o divulgado pela Secretaria da FazendaO novo Programa de Recupera\u00e7\u00e3o Fiscal (Refis),&#8230;<\/p>\n","protected":false},"author":1,"featured_media":83227,"comment_status":"open","ping_status":"open","sticky":false,"template":"","format":"standard","meta":{"advanced_seo_description":"","jetpack_seo_html_title":"","jetpack_seo_noindex":false,"jetpack_post_was_ever_published":false,"_jetpack_newsletter_access":"","_jetpack_dont_email_post_to_subs":false,"_jetpack_newsletter_tier_id":0,"_jetpack_memberships_contains_paywalled_content":false,"_jetpack_memberships_contains_paid_content":false,"footnotes":"","jetpack_publicize_message":"","jetpack_publicize_feature_enabled":true,"jetpack_social_post_already_shared":true,"jetpack_social_options":{"image_generator_settings":{"template":"highway","default_image_id":0,"font":"","enabled":false},"version":2}},"categories":[11],"tags":[],"class_list":["post-83226","post","type-post","status-publish","format-standard","has-post-thumbnail","hentry","category-noticias-de-ribeirao-preto-sp-e-regiao-ismael-colosi"],"jetpack_publicize_connections":[],"jetpack_featured_media_url":"https:\/\/i0.wp.com\/noticiasribeiraopreto.com.br\/wp-content\/uploads\/2026\/03\/RefisRP-Divulgacao-01-scaled.jpg?fit=1170%2C780&ssl=1","jetpack-related-posts":[{"id":81088,"url":"https:\/\/noticiasribeiraopreto.com.br\/index.php\/2025\/12\/23\/adesao-ao-refis-termina-nesta-terca-feira\/","url_meta":{"origin":83226,"position":0},"title":"Ades\u00e3o ao Refis termina nesta ter\u00e7a-feira","author":"noticiasribeiraopreto.com.br","date":"23 de December de 2025","format":false,"excerpt":"\r \r \r 23 de dezembro de 2025 10:17 \r Compartilhar0 At\u00e9 a semana passada o Programa de Recupera\u00e7\u00e3o Fiscal da prefeitura havia renegociado um total de R$ 18 milh\u00f5es Termina nesta ter\u00e7a-feira, 23 de dezembro, o prazo para os contribuintes de Ribeir\u00e3o Preto, com d\u00edvidas tribut\u00e1rias e n\u00e3o tribut\u00e1rias,\u2026","rel":"","context":"In &quot;Not\u00edcias de Ribeir\u00e3o Preto-SP e Regi\u00e3o&quot;","block_context":{"text":"Not\u00edcias de Ribeir\u00e3o Preto-SP e Regi\u00e3o","link":"https:\/\/noticiasribeiraopreto.com.br\/index.php\/category\/noticias-de-ribeirao-preto-sp-e-regiao-ismael-colosi\/"},"img":{"alt_text":"","src":"https:\/\/i0.wp.com\/noticiasribeiraopreto.com.br\/wp-content\/uploads\/2025\/12\/1-refis.jpg?fit=960%2C640&ssl=1&resize=350%2C200","width":350,"height":200,"srcset":"https:\/\/i0.wp.com\/noticiasribeiraopreto.com.br\/wp-content\/uploads\/2025\/12\/1-refis.jpg?fit=960%2C640&ssl=1&resize=350%2C200 1x, https:\/\/i0.wp.com\/noticiasribeiraopreto.com.br\/wp-content\/uploads\/2025\/12\/1-refis.jpg?fit=960%2C640&ssl=1&resize=525%2C300 1.5x, https:\/\/i0.wp.com\/noticiasribeiraopreto.com.br\/wp-content\/uploads\/2025\/12\/1-refis.jpg?fit=960%2C640&ssl=1&resize=700%2C400 2x"},"classes":[]},{"id":37715,"url":"https:\/\/noticiasribeiraopreto.com.br\/index.php\/2024\/02\/17\/refis-injeta-r-431-milhoes-em-rp\/","url_meta":{"origin":83226,"position":1},"title":"\u2018Refis\u2019 injeta R$ 43,1 milh\u00f5es em RP\u00a0","author":"noticiasribeiraopreto.com.br","date":"17 de February de 2024","format":false,"excerpt":"A ades\u00e3o ao novo Programa de Regulariza\u00e7\u00e3o de D\u00e9bitos Tribut\u00e1rios, o popular \u201cRefis\u201d da prefeitura de Ribeir\u00e3o Preto, batizado de Retoma Ribeir\u00e3o 2, terminou em 21 de dezembro. Nesta sexta-feira, 16 de fevereiro, as secretarias Municipais da Fazenda e de \u00c1gua e Esgoto (Saerp) divulgaram o balan\u00e7o final, a pedido\u2026","rel":"","context":"In &quot;Not\u00edcias de Ribeir\u00e3o Preto-SP e Regi\u00e3o&quot;","block_context":{"text":"Not\u00edcias de Ribeir\u00e3o Preto-SP e Regi\u00e3o","link":"https:\/\/noticiasribeiraopreto.com.br\/index.php\/category\/noticias-de-ribeirao-preto-sp-e-regiao-ismael-colosi\/"},"img":{"alt_text":"","src":"https:\/\/i0.wp.com\/noticiasribeiraopreto.com.br\/wp-content\/uploads\/2024\/02\/RefisRP-Alfredo-Risk-Arquivo-scaled.jpg?fit=1000%2C640&ssl=1&resize=350%2C200","width":350,"height":200,"srcset":"https:\/\/i0.wp.com\/noticiasribeiraopreto.com.br\/wp-content\/uploads\/2024\/02\/RefisRP-Alfredo-Risk-Arquivo-scaled.jpg?fit=1000%2C640&ssl=1&resize=350%2C200 1x, https:\/\/i0.wp.com\/noticiasribeiraopreto.com.br\/wp-content\/uploads\/2024\/02\/RefisRP-Alfredo-Risk-Arquivo-scaled.jpg?fit=1000%2C640&ssl=1&resize=525%2C300 1.5x, https:\/\/i0.wp.com\/noticiasribeiraopreto.com.br\/wp-content\/uploads\/2024\/02\/RefisRP-Alfredo-Risk-Arquivo-scaled.jpg?fit=1000%2C640&ssl=1&resize=700%2C400 2x"},"classes":[]},{"id":11647,"url":"https:\/\/noticiasribeiraopreto.com.br\/index.php\/2023\/12\/06\/refis-rp-ja-renegociou-r-147-milhoes\/","url_meta":{"origin":83226,"position":2},"title":"Refis: RP j\u00e1 renegociou\u00a0R$ 14,7 milh\u00f5es \u00a0","author":"noticiasribeiraopreto.com.br","date":"6 de December de 2023","format":false,"excerpt":"6 de dezembro de 2023 | 15:006 de dezembro de 2023 | 9:21 0Em menos de 15 dias, desde seu lan\u00e7amento em 16 de novembro, o novo Programa de Regulariza\u00e7\u00e3o de D\u00e9bitos Tribut\u00e1rios, o popular \u201cRefis\u201d da prefeitura de Ribeir\u00e3o Preto, batizado de Retoma Ribeir\u00e3o 2, j\u00e1 auxiliou muitos contribuintes\u2026","rel":"","context":"In &quot;Not\u00edcias de Ribeir\u00e3o Preto-SP e Regi\u00e3o&quot;","block_context":{"text":"Not\u00edcias de Ribeir\u00e3o Preto-SP e Regi\u00e3o","link":"https:\/\/noticiasribeiraopreto.com.br\/index.php\/category\/noticias-de-ribeirao-preto-sp-e-regiao-ismael-colosi\/"},"img":{"alt_text":"","src":"https:\/\/i0.wp.com\/noticiasribeiraopreto.com.br\/wp-content\/uploads\/2023\/12\/Refis.png?fit=968%2C645&ssl=1&resize=350%2C200","width":350,"height":200,"srcset":"https:\/\/i0.wp.com\/noticiasribeiraopreto.com.br\/wp-content\/uploads\/2023\/12\/Refis.png?fit=968%2C645&ssl=1&resize=350%2C200 1x, https:\/\/i0.wp.com\/noticiasribeiraopreto.com.br\/wp-content\/uploads\/2023\/12\/Refis.png?fit=968%2C645&ssl=1&resize=525%2C300 1.5x, https:\/\/i0.wp.com\/noticiasribeiraopreto.com.br\/wp-content\/uploads\/2023\/12\/Refis.png?fit=968%2C645&ssl=1&resize=700%2C400 2x"},"classes":[]},{"id":76570,"url":"https:\/\/noticiasribeiraopreto.com.br\/index.php\/2025\/09\/01\/refis-ribeirao-comeca-nesta-segunda-feira\/","url_meta":{"origin":83226,"position":3},"title":"Refis Ribeir\u00e3o come\u00e7a nesta segunda-feira","author":"noticiasribeiraopreto.com.br","date":"1 de September de 2025","format":false,"excerpt":"1 de setembro de 2025 09:462 Compartilhar0 O prazo para ades\u00e3o ao novo Programa de Recupera\u00e7\u00e3o Fiscal de Ribeir\u00e3o Preto (Refis Ribeir\u00e3o) come\u00e7ou nesta segunda-feira, 1\u00ba de setembro, e seguir\u00e1 at\u00e9 23 de dezembro. Mais de 114 mil contribuintes inadimplentes poder\u00e3o renegociar d\u00e9bitos com a prefeitura e com a Saerp\u2026","rel":"","context":"In &quot;Not\u00edcias de Ribeir\u00e3o Preto-SP e Regi\u00e3o&quot;","block_context":{"text":"Not\u00edcias de Ribeir\u00e3o Preto-SP e Regi\u00e3o","link":"https:\/\/noticiasribeiraopreto.com.br\/index.php\/category\/noticias-de-ribeirao-preto-sp-e-regiao-ismael-colosi\/"},"img":{"alt_text":"","src":"https:\/\/i0.wp.com\/noticiasribeiraopreto.com.br\/wp-content\/uploads\/2025\/09\/PoupaRP-Prefeitura-de-Ribeirao-Preto-1-scaled.jpg?fit=750%2C500&ssl=1&resize=350%2C200","width":350,"height":200,"srcset":"https:\/\/i0.wp.com\/noticiasribeiraopreto.com.br\/wp-content\/uploads\/2025\/09\/PoupaRP-Prefeitura-de-Ribeirao-Preto-1-scaled.jpg?fit=750%2C500&ssl=1&resize=350%2C200 1x, https:\/\/i0.wp.com\/noticiasribeiraopreto.com.br\/wp-content\/uploads\/2025\/09\/PoupaRP-Prefeitura-de-Ribeirao-Preto-1-scaled.jpg?fit=750%2C500&ssl=1&resize=525%2C300 1.5x, https:\/\/i0.wp.com\/noticiasribeiraopreto.com.br\/wp-content\/uploads\/2025\/09\/PoupaRP-Prefeitura-de-Ribeirao-Preto-1-scaled.jpg?fit=750%2C500&ssl=1&resize=700%2C400 2x"},"classes":[]},{"id":76443,"url":"https:\/\/noticiasribeiraopreto.com.br\/index.php\/2025\/08\/29\/prefeito-sanciona-lei-do-refis\/","url_meta":{"origin":83226,"position":4},"title":"Prefeito sanciona lei do Refis","author":"noticiasribeiraopreto.com.br","date":"29 de August de 2025","format":false,"excerpt":"O prefeito Ricardo Silva (PSD) sancionou a lei complementar n\u00famero 3.276, que institui em Ribeir\u00e3o Preto novo Programa de Recupera\u00e7\u00e3o Fiscal (Refis) para devedores de tributos e taxas municipal, segundo consta no Di\u00e1rio Oficial do Munic\u00edpio (DOM) desta quinta-feira, 28 de agosto. A reda\u00e7\u00e3o final do projeto foi aprovada no\u2026","rel":"","context":"In &quot;Not\u00edcias de Ribeir\u00e3o Preto-SP e Regi\u00e3o&quot;","block_context":{"text":"Not\u00edcias de Ribeir\u00e3o Preto-SP e Regi\u00e3o","link":"https:\/\/noticiasribeiraopreto.com.br\/index.php\/category\/noticias-de-ribeirao-preto-sp-e-regiao-ismael-colosi\/"},"img":{"alt_text":"","src":"https:\/\/i0.wp.com\/noticiasribeiraopreto.com.br\/wp-content\/uploads\/2025\/08\/RefisRP-Alfredo-Risk-scaled.jpg?fit=1170%2C780&ssl=1&resize=350%2C200","width":350,"height":200,"srcset":"https:\/\/i0.wp.com\/noticiasribeiraopreto.com.br\/wp-content\/uploads\/2025\/08\/RefisRP-Alfredo-Risk-scaled.jpg?fit=1170%2C780&ssl=1&resize=350%2C200 1x, https:\/\/i0.wp.com\/noticiasribeiraopreto.com.br\/wp-content\/uploads\/2025\/08\/RefisRP-Alfredo-Risk-scaled.jpg?fit=1170%2C780&ssl=1&resize=525%2C300 1.5x, https:\/\/i0.wp.com\/noticiasribeiraopreto.com.br\/wp-content\/uploads\/2025\/08\/RefisRP-Alfredo-Risk-scaled.jpg?fit=1170%2C780&ssl=1&resize=700%2C400 2x, https:\/\/i0.wp.com\/noticiasribeiraopreto.com.br\/wp-content\/uploads\/2025\/08\/RefisRP-Alfredo-Risk-scaled.jpg?fit=1170%2C780&ssl=1&resize=1050%2C600 3x"},"classes":[]},{"id":75939,"url":"https:\/\/noticiasribeiraopreto.com.br\/index.php\/2025\/08\/19\/vereadores-aprovam-refis-ribeirao-tribuna-ribeirao\/","url_meta":{"origin":83226,"position":5},"title":"Vereadores aprovam Refis Ribeir\u00e3o\u00a0 &#8211; Tribuna Ribeir\u00e3o","author":"noticiasribeiraopreto.com.br","date":"19 de August de 2025","format":false,"excerpt":"Programa de renegocia\u00e7\u00e3o de d\u00edvidas conceder\u00e1 descontos de at\u00e9 100% nas multas e juros e parcelamento em at\u00e9 60 vezes; para valores acima de R$ 500 mil, ser\u00e3o 120 meses \u00a0 A C\u00e2mara de Vereadores aprovou, na sess\u00e3o desta segunda-feira, 18 de agosto, em primeira discuss\u00e3o, o projeto que cria\u2026","rel":"","context":"In &quot;Not\u00edcias de Ribeir\u00e3o Preto-SP e Regi\u00e3o&quot;","block_context":{"text":"Not\u00edcias de Ribeir\u00e3o Preto-SP e Regi\u00e3o","link":"https:\/\/noticiasribeiraopreto.com.br\/index.php\/category\/noticias-de-ribeirao-preto-sp-e-regiao-ismael-colosi\/"},"img":{"alt_text":"","src":"https:\/\/i0.wp.com\/noticiasribeiraopreto.com.br\/wp-content\/uploads\/2025\/08\/okRefisRP-Alfredo-Risk.jpg?fit=1000%2C667&ssl=1&resize=350%2C200","width":350,"height":200,"srcset":"https:\/\/i0.wp.com\/noticiasribeiraopreto.com.br\/wp-content\/uploads\/2025\/08\/okRefisRP-Alfredo-Risk.jpg?fit=1000%2C667&ssl=1&resize=350%2C200 1x, https:\/\/i0.wp.com\/noticiasribeiraopreto.com.br\/wp-content\/uploads\/2025\/08\/okRefisRP-Alfredo-Risk.jpg?fit=1000%2C667&ssl=1&resize=525%2C300 1.5x, https:\/\/i0.wp.com\/noticiasribeiraopreto.com.br\/wp-content\/uploads\/2025\/08\/okRefisRP-Alfredo-Risk.jpg?fit=1000%2C667&ssl=1&resize=700%2C400 2x"},"classes":[]}],"jetpack_sharing_enabled":true,"jetpack_shortlink":"https:\/\/wp.me\/peQAOb-lEm","_links":{"self":[{"href":"https:\/\/noticiasribeiraopreto.com.br\/index.php\/wp-json\/wp\/v2\/posts\/83226","targetHints":{"allow":["GET"]}}],"collection":[{"href":"https:\/\/noticiasribeiraopreto.com.br\/index.php\/wp-json\/wp\/v2\/posts"}],"about":[{"href":"https:\/\/noticiasribeiraopreto.com.br\/index.php\/wp-json\/wp\/v2\/types\/post"}],"author":[{"embeddable":true,"href":"https:\/\/noticiasribeiraopreto.com.br\/index.php\/wp-json\/wp\/v2\/users\/1"}],"replies":[{"embeddable":true,"href":"https:\/\/noticiasribeiraopreto.com.br\/index.php\/wp-json\/wp\/v2\/comments?post=83226"}],"version-history":[{"count":0,"href":"https:\/\/noticiasribeiraopreto.com.br\/index.php\/wp-json\/wp\/v2\/posts\/83226\/revisions"}],"wp:featuredmedia":[{"embeddable":true,"href":"https:\/\/noticiasribeiraopreto.com.br\/index.php\/wp-json\/wp\/v2\/media\/83227"}],"wp:attachment":[{"href":"https:\/\/noticiasribeiraopreto.com.br\/index.php\/wp-json\/wp\/v2\/media?parent=83226"}],"wp:term":[{"taxonomy":"category","embeddable":true,"href":"https:\/\/noticiasribeiraopreto.com.br\/index.php\/wp-json\/wp\/v2\/categories?post=83226"},{"taxonomy":"post_tag","embeddable":true,"href":"https:\/\/noticiasribeiraopreto.com.br\/index.php\/wp-json\/wp\/v2\/tags?post=83226"}],"curies":[{"name":"wp","href":"https:\/\/api.w.org\/{rel}","templated":true}]}}