{"id":83228,"date":"2026-03-13T10:13:53","date_gmt":"2026-03-13T13:13:53","guid":{"rendered":"https:\/\/noticiasribeiraopreto.com.br\/index.php\/2026\/03\/13\/caminhao-fica-atolado-e-bloqueia-transito-na-via-norte-em-ribeirao-preto-video\/"},"modified":"2026-03-13T10:13:53","modified_gmt":"2026-03-13T13:13:53","slug":"caminhao-fica-atolado-e-bloqueia-transito-na-via-norte-em-ribeirao-preto-video","status":"publish","type":"post","link":"https:\/\/noticiasribeiraopreto.com.br\/index.php\/2026\/03\/13\/caminhao-fica-atolado-e-bloqueia-transito-na-via-norte-em-ribeirao-preto-video\/","title":{"rendered":"Caminh\u00e3o fica atolado e bloqueia tr\u00e2nsito na Via Norte em Ribeir\u00e3o Preto; V\u00eddeo"},"content":{"rendered":"<div class='code-block code-block-1' style='margin: 8px 0 8px auto; text-align: right; display: block; clear: both;'>\n<p><a href=\"https:\/\/wa.link\/vpicfd\"><img data-recalc-dims=\"1\" class=\"wp-image-4922\" style=\"aspect-ratio: 2.0253164556962027; width: 561px; height: auto;\" src=\"https:\/\/i0.wp.com\/ismaelcolosi.com.br\/wp-content\/uploads\/2023\/11\/grupo-de-empregos-whatsapp-e-facebook-ismael-colosi-vagas.jpg?ssl=1\" alt=\"\" \/><\/a><\/p>\n<!-- \/wp:image -->\n<\/div>\n<p> <br \/>\n<\/p>\n<div data-td-block-uid=\"tdi_95\">\n<div class=\"tdb-block-inner td-fix-index\">\n<p><strong>Um caminh\u00e3o ficou atolado no canteiro central da Via Norte e causou interdi\u00e7\u00e3o no tr\u00e2nsito, na manh\u00e3 desta sexta-feira (13), em Ribeir\u00e3o Preto.<\/strong><\/p>\n<p>O ve\u00edculo ficou atravessado na pista sentido Centro-bairro, ap\u00f3s o viaduto da rua Capit\u00e3o Salom\u00e3o.<\/p>\n<p>Segundo informa\u00e7\u00f5es, o motorista teria tentado fazer uma manobra para entrar em uma empresa, quando o caminh\u00e3o atolou.<\/p>\n<p>Houve registro de congestionamento. O ve\u00edculo, por\u00e9m, j\u00e1 foi retirado e o tr\u00e2nsito liberado.<\/p>\n<p>De acordo com a RP Mobi, agentes atuaram no trecho com sinaliza\u00e7\u00e3o e desvios.<\/p>\n<blockquote class=\"instagram-media\" data-instgrm-permalink=\"https:\/\/www.instagram.com\/reel\/DV0z_FvDnI7\/?utm_source=ig_embed&amp;utm_campaign=loading\" data-instgrm-version=\"14\" style=\" background:#FFF; border:0; border-radius:3px; box-shadow:0 0 1px 0 rgba(0,0,0,0.5),0 1px 10px 0 rgba(0,0,0,0.15); margin: 1px; max-width:540px; min-width:326px; padding:0; width:99.375%; width:-webkit-calc(100% - 2px); width:calc(100% - 2px);\"\/>\n<p><!-- AI CONTENT END 1 -->\n<\/div>\n<\/div>\n<p><script async src=\"\/\/www.instagram.com\/embed.js\"><\/script><br \/>\n<br \/><br \/>\n<br \/><a href=\"https:\/\/www.acidadeon.com\/ribeiraopreto\/cotidiano\/caminhao-fica-atolado-e-bloqueia-transito-na-via-norte-em-ribeirao-preto-video\/\">Source link <\/a><\/p>\n<!-- CONTENT END 1 -->\n","protected":false},"excerpt":{"rendered":"<p>Um caminh\u00e3o ficou atolado no canteiro central da Via Norte e causou interdi\u00e7\u00e3o no tr\u00e2nsito, na manh\u00e3 desta sexta-feira (13), em Ribeir\u00e3o Preto. O ve\u00edculo&#8230;<\/p>\n","protected":false},"author":1,"featured_media":83229,"comment_status":"open","ping_status":"open","sticky":false,"template":"","format":"standard","meta":{"advanced_seo_description":"","jetpack_seo_html_title":"","jetpack_seo_noindex":false,"jetpack_post_was_ever_published":false,"_jetpack_newsletter_access":"","_jetpack_dont_email_post_to_subs":false,"_jetpack_newsletter_tier_id":0,"_jetpack_memberships_contains_paywalled_content":false,"_jetpack_memberships_contains_paid_content":false,"footnotes":"","jetpack_publicize_message":"","jetpack_publicize_feature_enabled":true,"jetpack_social_post_already_shared":true,"jetpack_social_options":{"image_generator_settings":{"template":"highway","default_image_id":0,"font":"","enabled":false},"version":2}},"categories":[11],"tags":[],"class_list":["post-83228","post","type-post","status-publish","format-standard","has-post-thumbnail","hentry","category-noticias-de-ribeirao-preto-sp-e-regiao-ismael-colosi"],"jetpack_publicize_connections":[],"jetpack_featured_media_url":"https:\/\/i0.wp.com\/noticiasribeiraopreto.com.br\/wp-content\/uploads\/2026\/03\/caminhao_2026-03-13_12-53-24.webp.webp?fit=1200%2C671&ssl=1","jetpack-related-posts":[{"id":77511,"url":"https:\/\/noticiasribeiraopreto.com.br\/index.php\/2025\/09\/19\/carreta-de-caminhao-fica-presa-em-avenida-da-zona-norte-e-interdita-transito-em-ribeirao-preto\/","url_meta":{"origin":83228,"position":0},"title":"Carreta de caminh\u00e3o fica presa em avenida da zona Norte e interdita tr\u00e2nsito em Ribeir\u00e3o Preto","author":"noticiasribeiraopreto.com.br","date":"19 de September de 2025","format":false,"excerpt":"O semirreboque de uma caminh\u00e3o ficou preso na avenida abaixo do Viaduto Jo\u00e3o Paulo II, zona Norte de Ribeir\u00e3o Preto, na tarde desta sexta-feira (19) \u2013 veja imagens abaixo. O caso aconteceu na entrada do bairro Quintino Facci II. De acordo com a RP Mobi, o local segue sob monitoramento\u2026","rel":"","context":"In &quot;Not\u00edcias de Ribeir\u00e3o Preto-SP e Regi\u00e3o&quot;","block_context":{"text":"Not\u00edcias de Ribeir\u00e3o Preto-SP e Regi\u00e3o","link":"https:\/\/noticiasribeiraopreto.com.br\/index.php\/category\/noticias-de-ribeirao-preto-sp-e-regiao-ismael-colosi\/"},"img":{"alt_text":"","src":"https:\/\/i0.wp.com\/noticiasribeiraopreto.com.br\/wp-content\/uploads\/2025\/09\/Copia-de-Copia-de-Copia-de-TAMANHO-EXATO-PARA-FOTOS-NO-SISTEMA-NOVO-2025-09-19T191520.950_2025-09-19_22-18-18.webp.webp?fit=1200%2C675&ssl=1&resize=350%2C200","width":350,"height":200,"srcset":"https:\/\/i0.wp.com\/noticiasribeiraopreto.com.br\/wp-content\/uploads\/2025\/09\/Copia-de-Copia-de-Copia-de-TAMANHO-EXATO-PARA-FOTOS-NO-SISTEMA-NOVO-2025-09-19T191520.950_2025-09-19_22-18-18.webp.webp?fit=1200%2C675&ssl=1&resize=350%2C200 1x, https:\/\/i0.wp.com\/noticiasribeiraopreto.com.br\/wp-content\/uploads\/2025\/09\/Copia-de-Copia-de-Copia-de-TAMANHO-EXATO-PARA-FOTOS-NO-SISTEMA-NOVO-2025-09-19T191520.950_2025-09-19_22-18-18.webp.webp?fit=1200%2C675&ssl=1&resize=525%2C300 1.5x, https:\/\/i0.wp.com\/noticiasribeiraopreto.com.br\/wp-content\/uploads\/2025\/09\/Copia-de-Copia-de-Copia-de-TAMANHO-EXATO-PARA-FOTOS-NO-SISTEMA-NOVO-2025-09-19T191520.950_2025-09-19_22-18-18.webp.webp?fit=1200%2C675&ssl=1&resize=700%2C400 2x, https:\/\/i0.wp.com\/noticiasribeiraopreto.com.br\/wp-content\/uploads\/2025\/09\/Copia-de-Copia-de-Copia-de-TAMANHO-EXATO-PARA-FOTOS-NO-SISTEMA-NOVO-2025-09-19T191520.950_2025-09-19_22-18-18.webp.webp?fit=1200%2C675&ssl=1&resize=1050%2C600 3x"},"classes":[]},{"id":70717,"url":"https:\/\/noticiasribeiraopreto.com.br\/index.php\/2025\/05\/29\/video-acidente-trava-transito-em-rodovia-de-rp\/","url_meta":{"origin":83228,"position":1},"title":"V\u00cdDEO &#8211; Acidente trava tr\u00e2nsito em rodovia de RP","author":"noticiasribeiraopreto.com.br","date":"29 de May de 2025","format":false,"excerpt":"Caminh\u00e3o e carreta bateram e ca\u00e7ambas ca\u00edram na pista do sentido oposto, interditando parcialmente as duas pistas 29 de maio de 2025 09:453 Compartilhar1 Por: Adalberto Luque Um acidente entre uma carreta e um caminh\u00e3o que carrega ca\u00e7ambas causou um grande congestionamento, na manh\u00e3 desta quinta-feira (28). A colis\u00e3o ocorreu\u2026","rel":"","context":"In &quot;Not\u00edcias de Ribeir\u00e3o Preto-SP e Regi\u00e3o&quot;","block_context":{"text":"Not\u00edcias de Ribeir\u00e3o Preto-SP e Regi\u00e3o","link":"https:\/\/noticiasribeiraopreto.com.br\/index.php\/category\/noticias-de-ribeirao-preto-sp-e-regiao-ismael-colosi\/"},"img":{"alt_text":"","src":"https:\/\/i0.wp.com\/noticiasribeiraopreto.com.br\/wp-content\/uploads\/2025\/05\/29-mai-2025-acidentebiagi4.jpg?fit=1059%2C842&ssl=1&resize=350%2C200","width":350,"height":200,"srcset":"https:\/\/i0.wp.com\/noticiasribeiraopreto.com.br\/wp-content\/uploads\/2025\/05\/29-mai-2025-acidentebiagi4.jpg?fit=1059%2C842&ssl=1&resize=350%2C200 1x, https:\/\/i0.wp.com\/noticiasribeiraopreto.com.br\/wp-content\/uploads\/2025\/05\/29-mai-2025-acidentebiagi4.jpg?fit=1059%2C842&ssl=1&resize=525%2C300 1.5x, https:\/\/i0.wp.com\/noticiasribeiraopreto.com.br\/wp-content\/uploads\/2025\/05\/29-mai-2025-acidentebiagi4.jpg?fit=1059%2C842&ssl=1&resize=700%2C400 2x, https:\/\/i0.wp.com\/noticiasribeiraopreto.com.br\/wp-content\/uploads\/2025\/05\/29-mai-2025-acidentebiagi4.jpg?fit=1059%2C842&ssl=1&resize=1050%2C600 3x"},"classes":[]},{"id":78930,"url":"https:\/\/noticiasribeiraopreto.com.br\/index.php\/2025\/10\/21\/motorista-enfrenta-caos-no-transito-apos-caminhao-cegonha-derrubar-fios\/","url_meta":{"origin":83228,"position":2},"title":"Motorista enfrenta caos no tr\u00e2nsito ap\u00f3s caminh\u00e3o-cegonha derrubar fios","author":"noticiasribeiraopreto.com.br","date":"21 de October de 2025","format":false,"excerpt":"Motoristas enfrentaram uma manh\u00e3 de caos no tr\u00e2nsito, depois de que um caminh\u00e3o-cegonha derrubou fios nesta ter\u00e7a-feira (21), na avenida Jos\u00e9 Ces\u00e1rio Monteiro da Silva, zona Sul de Ribeir\u00e3o Preto. Assista ao v\u00eddeo abaixo. O ve\u00edculo ficou parado no cruzamento da via com a rua Jo\u00e3o Gomes Frossard. A RP\u2026","rel":"","context":"In &quot;Not\u00edcias de Ribeir\u00e3o Preto-SP e Regi\u00e3o&quot;","block_context":{"text":"Not\u00edcias de Ribeir\u00e3o Preto-SP e Regi\u00e3o","link":"https:\/\/noticiasribeiraopreto.com.br\/index.php\/category\/noticias-de-ribeirao-preto-sp-e-regiao-ismael-colosi\/"},"img":{"alt_text":"","src":"https:\/\/i0.wp.com\/noticiasribeiraopreto.com.br\/wp-content\/uploads\/2025\/10\/WhatsApp-Image-2025-10-21-at-10.06.34_2025-10-21_13-11-51.webp.webp?fit=1200%2C675&ssl=1&resize=350%2C200","width":350,"height":200,"srcset":"https:\/\/i0.wp.com\/noticiasribeiraopreto.com.br\/wp-content\/uploads\/2025\/10\/WhatsApp-Image-2025-10-21-at-10.06.34_2025-10-21_13-11-51.webp.webp?fit=1200%2C675&ssl=1&resize=350%2C200 1x, https:\/\/i0.wp.com\/noticiasribeiraopreto.com.br\/wp-content\/uploads\/2025\/10\/WhatsApp-Image-2025-10-21-at-10.06.34_2025-10-21_13-11-51.webp.webp?fit=1200%2C675&ssl=1&resize=525%2C300 1.5x, https:\/\/i0.wp.com\/noticiasribeiraopreto.com.br\/wp-content\/uploads\/2025\/10\/WhatsApp-Image-2025-10-21-at-10.06.34_2025-10-21_13-11-51.webp.webp?fit=1200%2C675&ssl=1&resize=700%2C400 2x, https:\/\/i0.wp.com\/noticiasribeiraopreto.com.br\/wp-content\/uploads\/2025\/10\/WhatsApp-Image-2025-10-21-at-10.06.34_2025-10-21_13-11-51.webp.webp?fit=1200%2C675&ssl=1&resize=1050%2C600 3x"},"classes":[]},{"id":84367,"url":"https:\/\/noticiasribeiraopreto.com.br\/index.php\/2026\/04\/08\/motorista-tem-apagao-carreta-desce-de-marcha-a-re-e-bate-em-caminhao-na-anhanguera\/","url_meta":{"origin":83228,"position":3},"title":"Motorista tem &#8216;apag\u00e3o&#8217;, carreta desce de marcha \u00e0 r\u00e9 e bate em caminh\u00e3o na Anhanguera","author":"noticiasribeiraopreto.com.br","date":"8 de April de 2026","format":false,"excerpt":"Ler o resumo da not\u00edcia Acidente occurred on quarta-feira (8) no km 366 da rodovia Anhanguera (SP-330), em Orl\u00e2ndia, a 50 km de Ribeir\u00e3o Preto. Motorista de carreta sofreu \"apag\u00e3o\" (mal s\u00fabito), ve\u00edculo desceu de marcha \u00e0 r\u00e9 e atingiu lateral de caminh\u00e3o com perec\u00edveis. Carreta tombou ap\u00f3s bater na\u2026","rel":"","context":"In &quot;Not\u00edcias de Ribeir\u00e3o Preto-SP e Regi\u00e3o&quot;","block_context":{"text":"Not\u00edcias de Ribeir\u00e3o Preto-SP e Regi\u00e3o","link":"https:\/\/noticiasribeiraopreto.com.br\/index.php\/category\/noticias-de-ribeirao-preto-sp-e-regiao-ismael-colosi\/"},"img":{"alt_text":"","src":"https:\/\/i0.wp.com\/noticiasribeiraopreto.com.br\/wp-content\/uploads\/2026\/04\/WhatsApp-Image-2026-04-08-at-12.20.46_2026-04-08_15-21-29.webp.webp?fit=1200%2C833&ssl=1&resize=350%2C200","width":350,"height":200,"srcset":"https:\/\/i0.wp.com\/noticiasribeiraopreto.com.br\/wp-content\/uploads\/2026\/04\/WhatsApp-Image-2026-04-08-at-12.20.46_2026-04-08_15-21-29.webp.webp?fit=1200%2C833&ssl=1&resize=350%2C200 1x, https:\/\/i0.wp.com\/noticiasribeiraopreto.com.br\/wp-content\/uploads\/2026\/04\/WhatsApp-Image-2026-04-08-at-12.20.46_2026-04-08_15-21-29.webp.webp?fit=1200%2C833&ssl=1&resize=525%2C300 1.5x, https:\/\/i0.wp.com\/noticiasribeiraopreto.com.br\/wp-content\/uploads\/2026\/04\/WhatsApp-Image-2026-04-08-at-12.20.46_2026-04-08_15-21-29.webp.webp?fit=1200%2C833&ssl=1&resize=700%2C400 2x, https:\/\/i0.wp.com\/noticiasribeiraopreto.com.br\/wp-content\/uploads\/2026\/04\/WhatsApp-Image-2026-04-08-at-12.20.46_2026-04-08_15-21-29.webp.webp?fit=1200%2C833&ssl=1&resize=1050%2C600 3x"},"classes":[]},{"id":63994,"url":"https:\/\/noticiasribeiraopreto.com.br\/index.php\/2025\/02\/27\/caminhao-cegonha-fica-preso-e-bloqueia-acesso-na-zona-norte-de-ribeirao-preto-video\/","url_meta":{"origin":83228,"position":4},"title":"Caminh\u00e3o-cegonha fica preso e bloqueia acesso na zona Norte de Ribeir\u00e3o Preto; V\u00eddeo","author":"noticiasribeiraopreto.com.br","date":"27 de February de 2025","format":false,"excerpt":"Um caminh\u00e3o-cegonha ficou preso na manh\u00e3 desta quinta-feira (27), no acesso aos bairros Vila Albertina e Jardim Jandaia, pela\u00a0rua Ambr\u00f3sio\u00a0Chaguri, ao lado da Unidade de Vigil\u00e2ncia de Zoonoses, na zona Norte de Ribeir\u00e3o Preto. Assista ao v\u00eddeo abaixo. Segundo a RP Mobi, h\u00e1 um bloqueio na via e a orienta\u00e7\u00e3o\u2026","rel":"","context":"In &quot;Not\u00edcias de Ribeir\u00e3o Preto-SP e Regi\u00e3o&quot;","block_context":{"text":"Not\u00edcias de Ribeir\u00e3o Preto-SP e Regi\u00e3o","link":"https:\/\/noticiasribeiraopreto.com.br\/index.php\/category\/noticias-de-ribeirao-preto-sp-e-regiao-ismael-colosi\/"},"img":{"alt_text":"","src":"https:\/\/i0.wp.com\/noticiasribeiraopreto.com.br\/wp-content\/uploads\/2025\/02\/CAMINHA-CEGONHA_2025-02-27_12-02-25_jpg_2025-02-27_12-02-25.webp.webp?fit=1200%2C674&ssl=1&resize=350%2C200","width":350,"height":200,"srcset":"https:\/\/i0.wp.com\/noticiasribeiraopreto.com.br\/wp-content\/uploads\/2025\/02\/CAMINHA-CEGONHA_2025-02-27_12-02-25_jpg_2025-02-27_12-02-25.webp.webp?fit=1200%2C674&ssl=1&resize=350%2C200 1x, https:\/\/i0.wp.com\/noticiasribeiraopreto.com.br\/wp-content\/uploads\/2025\/02\/CAMINHA-CEGONHA_2025-02-27_12-02-25_jpg_2025-02-27_12-02-25.webp.webp?fit=1200%2C674&ssl=1&resize=525%2C300 1.5x, https:\/\/i0.wp.com\/noticiasribeiraopreto.com.br\/wp-content\/uploads\/2025\/02\/CAMINHA-CEGONHA_2025-02-27_12-02-25_jpg_2025-02-27_12-02-25.webp.webp?fit=1200%2C674&ssl=1&resize=700%2C400 2x, https:\/\/i0.wp.com\/noticiasribeiraopreto.com.br\/wp-content\/uploads\/2025\/02\/CAMINHA-CEGONHA_2025-02-27_12-02-25_jpg_2025-02-27_12-02-25.webp.webp?fit=1200%2C674&ssl=1&resize=1050%2C600 3x"},"classes":[]},{"id":72719,"url":"https:\/\/noticiasribeiraopreto.com.br\/index.php\/2025\/06\/20\/video-cegonheira-fica-presa-na-zona-norte\/","url_meta":{"origin":83228,"position":5},"title":"V\u00cdDEO &#8211; Cegonheira fica presa na zona Norte","author":"noticiasribeiraopreto.com.br","date":"20 de June de 2025","format":false,"excerpt":"Ve\u00edculo veio da Grande S\u00e3o Paulo para buscar autom\u00f3veis e acabou entalado em rua do bairro Ipiranga; guincho e betoneira n\u00e3o conseguiram tirar ve\u00edculo de desn\u00edvel 20 de junho de 2025 11:1920 de junho de 2025 12:1734 Compartilhar2 Por: Alfredo Risk e Adalberto Luque Uma carreta do tipo cegonheira, utilizada\u2026","rel":"","context":"In &quot;Not\u00edcias de Ribeir\u00e3o Preto-SP e Regi\u00e3o&quot;","block_context":{"text":"Not\u00edcias de Ribeir\u00e3o Preto-SP e Regi\u00e3o","link":"https:\/\/noticiasribeiraopreto.com.br\/index.php\/category\/noticias-de-ribeirao-preto-sp-e-regiao-ismael-colosi\/"},"img":{"alt_text":"","src":"https:\/\/i0.wp.com\/noticiasribeiraopreto.com.br\/wp-content\/uploads\/2025\/06\/20-jun-2025-carretaencalhada3-scaled.jpg?fit=800%2C451&ssl=1&resize=350%2C200","width":350,"height":200,"srcset":"https:\/\/i0.wp.com\/noticiasribeiraopreto.com.br\/wp-content\/uploads\/2025\/06\/20-jun-2025-carretaencalhada3-scaled.jpg?fit=800%2C451&ssl=1&resize=350%2C200 1x, https:\/\/i0.wp.com\/noticiasribeiraopreto.com.br\/wp-content\/uploads\/2025\/06\/20-jun-2025-carretaencalhada3-scaled.jpg?fit=800%2C451&ssl=1&resize=525%2C300 1.5x, https:\/\/i0.wp.com\/noticiasribeiraopreto.com.br\/wp-content\/uploads\/2025\/06\/20-jun-2025-carretaencalhada3-scaled.jpg?fit=800%2C451&ssl=1&resize=700%2C400 2x"},"classes":[]}],"jetpack_sharing_enabled":true,"jetpack_shortlink":"https:\/\/wp.me\/peQAOb-lEo","_links":{"self":[{"href":"https:\/\/noticiasribeiraopreto.com.br\/index.php\/wp-json\/wp\/v2\/posts\/83228","targetHints":{"allow":["GET"]}}],"collection":[{"href":"https:\/\/noticiasribeiraopreto.com.br\/index.php\/wp-json\/wp\/v2\/posts"}],"about":[{"href":"https:\/\/noticiasribeiraopreto.com.br\/index.php\/wp-json\/wp\/v2\/types\/post"}],"author":[{"embeddable":true,"href":"https:\/\/noticiasribeiraopreto.com.br\/index.php\/wp-json\/wp\/v2\/users\/1"}],"replies":[{"embeddable":true,"href":"https:\/\/noticiasribeiraopreto.com.br\/index.php\/wp-json\/wp\/v2\/comments?post=83228"}],"version-history":[{"count":0,"href":"https:\/\/noticiasribeiraopreto.com.br\/index.php\/wp-json\/wp\/v2\/posts\/83228\/revisions"}],"wp:featuredmedia":[{"embeddable":true,"href":"https:\/\/noticiasribeiraopreto.com.br\/index.php\/wp-json\/wp\/v2\/media\/83229"}],"wp:attachment":[{"href":"https:\/\/noticiasribeiraopreto.com.br\/index.php\/wp-json\/wp\/v2\/media?parent=83228"}],"wp:term":[{"taxonomy":"category","embeddable":true,"href":"https:\/\/noticiasribeiraopreto.com.br\/index.php\/wp-json\/wp\/v2\/categories?post=83228"},{"taxonomy":"post_tag","embeddable":true,"href":"https:\/\/noticiasribeiraopreto.com.br\/index.php\/wp-json\/wp\/v2\/tags?post=83228"}],"curies":[{"name":"wp","href":"https:\/\/api.w.org\/{rel}","templated":true}]}}