{"id":83232,"date":"2026-03-13T10:29:47","date_gmt":"2026-03-13T13:29:47","guid":{"rendered":"https:\/\/noticiasribeiraopreto.com.br\/index.php\/2026\/03\/13\/chuva-causa-alagamento-em-cidade-na-regiao-de-ribeirao-preto-video\/"},"modified":"2026-03-13T10:29:47","modified_gmt":"2026-03-13T13:29:47","slug":"chuva-causa-alagamento-em-cidade-na-regiao-de-ribeirao-preto-video","status":"publish","type":"post","link":"https:\/\/noticiasribeiraopreto.com.br\/index.php\/2026\/03\/13\/chuva-causa-alagamento-em-cidade-na-regiao-de-ribeirao-preto-video\/","title":{"rendered":"Chuva causa alagamento em cidade na regi\u00e3o de Ribeir\u00e3o Preto; V\u00eddeo"},"content":{"rendered":"<div class='code-block code-block-1' style='margin: 8px 0 8px auto; text-align: right; display: block; clear: both;'>\n<p><a href=\"https:\/\/wa.link\/vpicfd\"><img data-recalc-dims=\"1\" class=\"wp-image-4922\" style=\"aspect-ratio: 2.0253164556962027; width: 561px; height: auto;\" src=\"https:\/\/i0.wp.com\/ismaelcolosi.com.br\/wp-content\/uploads\/2023\/11\/grupo-de-empregos-whatsapp-e-facebook-ismael-colosi-vagas.jpg?ssl=1\" alt=\"\" \/><\/a><\/p>\n<!-- \/wp:image -->\n<\/div>\n<p> <br \/>\n<\/p>\n<div data-td-block-uid=\"tdi_95\">\n<div class=\"tdb-block-inner td-fix-index\">\n<p><strong>A chuva que atingiu Bebedouro nas \u00faltimas horas provocou pontos de alagamento pela cidade, na regi\u00e3o de Ribeir\u00e3o Preto.<\/strong> <\/p>\n<p>Segundo a Prefeitura de Bebedouro, casas foram atingidas pela \u00e1gua e moradores buscaram abrigo na resid\u00eancia de familiares. Apesar dos danos e transtornos, n\u00e3o houve registro de feridos. Um v\u00eddeo mostra a avenida Dr. Antonio Honorio da Fonseca e Castro Neto tomada pela \u00e1gua, no Jardim das Laranjeiras. Assista abaixo.<\/p>\n<p>Conforme a prefeitura, os locais mais afetados s\u00e3o: regi\u00e3o do lago, nas proximidades do Tiro de Guerra, al\u00e9m da \u00e1rea pr\u00f3xima \u00e0 variante Hamleto Stamato, Laranjeiras e o distrito de Botafogo.<\/p>\n<p>A prefeitura informou que equipes da Defesa Civil, Corpo de Bombeiros e GCM (Guarda Civil Municipal) estiveram nos locais para a libera\u00e7\u00e3o de vias e presta\u00e7\u00e3o de apoio aos moradores.<\/p>\n<p>A orienta\u00e7\u00e3o \u00e9 para que motoristas e pedestres evitem transitar por \u00e1reas alagadas.<\/p>\n<blockquote class=\"instagram-media\" data-instgrm-permalink=\"https:\/\/www.instagram.com\/reel\/DV0svFUjiLd\/?utm_source=ig_embed&amp;utm_campaign=loading\" data-instgrm-version=\"14\" style=\" background:#FFF; border:0; border-radius:3px; box-shadow:0 0 1px 0 rgba(0,0,0,0.5),0 1px 10px 0 rgba(0,0,0,0.15); margin: 1px; max-width:540px; min-width:326px; padding:0; width:99.375%; width:-webkit-calc(100% - 2px); width:calc(100% - 2px);\"\/>\n<p><!-- AI CONTENT END 1 -->\n<\/div>\n<\/div>\n<p><script async src=\"\/\/www.instagram.com\/embed.js\"><\/script><br \/>\n<br \/><br \/>\n<br \/><a href=\"https:\/\/www.acidadeon.com\/ribeiraopreto\/cotidiano\/chuva-causa-alagamento-em-cidade-na-regiao-de-ribeirao-preto-video\/\">Source link <\/a><\/p>\n<!-- CONTENT END 1 -->\n","protected":false},"excerpt":{"rendered":"<p>A chuva que atingiu Bebedouro nas \u00faltimas horas provocou pontos de alagamento pela cidade, na regi\u00e3o de Ribeir\u00e3o Preto. Segundo a Prefeitura de Bebedouro, casas&#8230;<\/p>\n","protected":false},"author":1,"featured_media":83233,"comment_status":"open","ping_status":"open","sticky":false,"template":"","format":"standard","meta":{"advanced_seo_description":"","jetpack_seo_html_title":"","jetpack_seo_noindex":false,"jetpack_post_was_ever_published":false,"_jetpack_newsletter_access":"","_jetpack_dont_email_post_to_subs":false,"_jetpack_newsletter_tier_id":0,"_jetpack_memberships_contains_paywalled_content":false,"_jetpack_memberships_contains_paid_content":false,"footnotes":"","jetpack_publicize_message":"","jetpack_publicize_feature_enabled":true,"jetpack_social_post_already_shared":true,"jetpack_social_options":{"image_generator_settings":{"template":"highway","default_image_id":0,"font":"","enabled":false},"version":2}},"categories":[11],"tags":[],"class_list":["post-83232","post","type-post","status-publish","format-standard","has-post-thumbnail","hentry","category-noticias-de-ribeirao-preto-sp-e-regiao-ismael-colosi"],"jetpack_publicize_connections":[],"jetpack_featured_media_url":"https:\/\/i0.wp.com\/noticiasribeiraopreto.com.br\/wp-content\/uploads\/2026\/03\/bebedouro_2026-03-13_11-50-20.webp.webp?fit=1200%2C668&ssl=1","jetpack-related-posts":[{"id":84058,"url":"https:\/\/noticiasribeiraopreto.com.br\/index.php\/2026\/03\/31\/chuva-forte-provoca-alagamento-em-avenida-de-ribeirao-preto-veja-video\/","url_meta":{"origin":83232,"position":0},"title":"Chuva forte provoca alagamento em avenida de Ribeir\u00e3o Preto; veja v\u00eddeo","author":"noticiasribeiraopreto.com.br","date":"31 de March de 2026","format":false,"excerpt":"Ler o resumo da not\u00edcia Chuva forte atingiu Ribeir\u00e3o Preto na tarde desta ter\u00e7a-feira (31), causando alagamentos em diversos pontos da cidade. A avenida Marechal Costa e Silva foi um dos locais mais afetados, com \u00e1gua acumulando-se na pista. A Defesa Civil de S\u00e3o Paulo emitiu alerta de chuva persistente\u2026","rel":"","context":"In &quot;Not\u00edcias de Ribeir\u00e3o Preto-SP e Regi\u00e3o&quot;","block_context":{"text":"Not\u00edcias de Ribeir\u00e3o Preto-SP e Regi\u00e3o","link":"https:\/\/noticiasribeiraopreto.com.br\/index.php\/category\/noticias-de-ribeirao-preto-sp-e-regiao-ismael-colosi\/"},"img":{"alt_text":"","src":"https:\/\/i0.wp.com\/noticiasribeiraopreto.com.br\/wp-content\/uploads\/2026\/03\/pjogjd_2026-03-31_21-23-21.webp.webp?fit=942%2C396&ssl=1&resize=350%2C200","width":350,"height":200,"srcset":"https:\/\/i0.wp.com\/noticiasribeiraopreto.com.br\/wp-content\/uploads\/2026\/03\/pjogjd_2026-03-31_21-23-21.webp.webp?fit=942%2C396&ssl=1&resize=350%2C200 1x, https:\/\/i0.wp.com\/noticiasribeiraopreto.com.br\/wp-content\/uploads\/2026\/03\/pjogjd_2026-03-31_21-23-21.webp.webp?fit=942%2C396&ssl=1&resize=525%2C300 1.5x, https:\/\/i0.wp.com\/noticiasribeiraopreto.com.br\/wp-content\/uploads\/2026\/03\/pjogjd_2026-03-31_21-23-21.webp.webp?fit=942%2C396&ssl=1&resize=700%2C400 2x"},"classes":[]},{"id":25579,"url":"https:\/\/noticiasribeiraopreto.com.br\/index.php\/2024\/01\/07\/chuva-com-vento-deixa-rastro-de-destruicao-na-zona-leste-de-ribeirao-preto\/","url_meta":{"origin":83232,"position":1},"title":"Chuva com vento deixa rastro de destrui\u00e7\u00e3o na zona Leste de Ribeir\u00e3o Preto","author":"noticiasribeiraopreto.com.br","date":"7 de January de 2024","format":false,"excerpt":"Uma chuva acompanhada de vento, no final da tarde deste domingo (7), deixou um rastro de destrui\u00e7\u00e3o em v\u00e1rios bairros da zona Leste de Ribeir\u00e3o Preto (veja v\u00eddeo ao final do texto). V\u00e1rias \u00e1rvores ca\u00edram, algumas sobre carros. A for\u00e7a do vento tamb\u00e9m destelhou casas. Na zona Leste, al\u00e9m do\u2026","rel":"","context":"In &quot;Not\u00edcias de Ribeir\u00e3o Preto-SP e Regi\u00e3o&quot;","block_context":{"text":"Not\u00edcias de Ribeir\u00e3o Preto-SP e Regi\u00e3o","link":"https:\/\/noticiasribeiraopreto.com.br\/index.php\/category\/noticias-de-ribeirao-preto-sp-e-regiao-ismael-colosi\/"},"img":{"alt_text":"","src":"https:\/\/i0.wp.com\/noticiasribeiraopreto.com.br\/wp-content\/uploads\/2024\/01\/WhatsApp-Image-2024-01-07-at-19.19.33.jpeg?fit=1079%2C753&ssl=1&resize=350%2C200","width":350,"height":200,"srcset":"https:\/\/i0.wp.com\/noticiasribeiraopreto.com.br\/wp-content\/uploads\/2024\/01\/WhatsApp-Image-2024-01-07-at-19.19.33.jpeg?fit=1079%2C753&ssl=1&resize=350%2C200 1x, https:\/\/i0.wp.com\/noticiasribeiraopreto.com.br\/wp-content\/uploads\/2024\/01\/WhatsApp-Image-2024-01-07-at-19.19.33.jpeg?fit=1079%2C753&ssl=1&resize=525%2C300 1.5x, https:\/\/i0.wp.com\/noticiasribeiraopreto.com.br\/wp-content\/uploads\/2024\/01\/WhatsApp-Image-2024-01-07-at-19.19.33.jpeg?fit=1079%2C753&ssl=1&resize=700%2C400 2x, https:\/\/i0.wp.com\/noticiasribeiraopreto.com.br\/wp-content\/uploads\/2024\/01\/WhatsApp-Image-2024-01-07-at-19.19.33.jpeg?fit=1079%2C753&ssl=1&resize=1050%2C600 3x"},"classes":[]},{"id":62769,"url":"https:\/\/noticiasribeiraopreto.com.br\/index.php\/2025\/01\/23\/temporal-provoca-alagamentos-e-estragos-em-ribeirao-preto-e-regiao-video\/","url_meta":{"origin":83232,"position":2},"title":"Temporal provoca alagamentos e estragos em Ribeir\u00e3o Preto e regi\u00e3o; V\u00eddeo","author":"noticiasribeiraopreto.com.br","date":"23 de January de 2025","format":false,"excerpt":"O\u00a0temporal que atingiu Ribeir\u00e3o Preto\u00a0na tarde desta quinta-feira (23)\u00a0causou transtornos em alguns pontos da cidade. Moradores registraram alagamentos em ruas da zona Norte e no Centro do munic\u00edpio. O portal entrou em contato com a RP Mobi e aguarda um posicionamento sobre poss\u00edveis interdi\u00e7\u00f5es. A Defesa Civil de Ribeir\u00e3o Preto\u2026","rel":"","context":"In &quot;Not\u00edcias de Ribeir\u00e3o Preto-SP e Regi\u00e3o&quot;","block_context":{"text":"Not\u00edcias de Ribeir\u00e3o Preto-SP e Regi\u00e3o","link":"https:\/\/noticiasribeiraopreto.com.br\/index.php\/category\/noticias-de-ribeirao-preto-sp-e-regiao-ismael-colosi\/"},"img":{"alt_text":"","src":"https:\/\/i0.wp.com\/noticiasribeiraopreto.com.br\/wp-content\/uploads\/2025\/01\/Copia-de-Copia-de-Copia-de-TAMANHO-EXATO-PARA-FOTOS-NO-SISTEMA-NOVO-2025-01-23T174554.223_2025-01-23_20-45-59_png_2025-01-23_20-45-59.webp.webp?fit=1200%2C675&ssl=1&resize=350%2C200","width":350,"height":200,"srcset":"https:\/\/i0.wp.com\/noticiasribeiraopreto.com.br\/wp-content\/uploads\/2025\/01\/Copia-de-Copia-de-Copia-de-TAMANHO-EXATO-PARA-FOTOS-NO-SISTEMA-NOVO-2025-01-23T174554.223_2025-01-23_20-45-59_png_2025-01-23_20-45-59.webp.webp?fit=1200%2C675&ssl=1&resize=350%2C200 1x, https:\/\/i0.wp.com\/noticiasribeiraopreto.com.br\/wp-content\/uploads\/2025\/01\/Copia-de-Copia-de-Copia-de-TAMANHO-EXATO-PARA-FOTOS-NO-SISTEMA-NOVO-2025-01-23T174554.223_2025-01-23_20-45-59_png_2025-01-23_20-45-59.webp.webp?fit=1200%2C675&ssl=1&resize=525%2C300 1.5x, https:\/\/i0.wp.com\/noticiasribeiraopreto.com.br\/wp-content\/uploads\/2025\/01\/Copia-de-Copia-de-Copia-de-TAMANHO-EXATO-PARA-FOTOS-NO-SISTEMA-NOVO-2025-01-23T174554.223_2025-01-23_20-45-59_png_2025-01-23_20-45-59.webp.webp?fit=1200%2C675&ssl=1&resize=700%2C400 2x, https:\/\/i0.wp.com\/noticiasribeiraopreto.com.br\/wp-content\/uploads\/2025\/01\/Copia-de-Copia-de-Copia-de-TAMANHO-EXATO-PARA-FOTOS-NO-SISTEMA-NOVO-2025-01-23T174554.223_2025-01-23_20-45-59_png_2025-01-23_20-45-59.webp.webp?fit=1200%2C675&ssl=1&resize=1050%2C600 3x"},"classes":[]},{"id":60153,"url":"https:\/\/noticiasribeiraopreto.com.br\/index.php\/2024\/11\/07\/muita-agua-ribeirao-preto-registra-100-milimetros-de-chuva-em-24-horas\/","url_meta":{"origin":83232,"position":3},"title":"Muita \u00e1gua: Ribeir\u00e3o Preto registra 100 mil\u00edmetros de chuva em 24 horas","author":"noticiasribeiraopreto.com.br","date":"7 de November de 2024","format":false,"excerpt":"A Defesa Civil de S\u00e3o Paulo informou que Ribeir\u00e3o Preto registrou 100 mil\u00edmetros de chuva em um per\u00edodo de 24 horas. Houve diversos pontos de alagamento pela cidade. A Via Norte, por exemplo, teve a pista tomada pela \u00e1gua da chuva no sentido Centro-bairro, entre o viaduto da Capit\u00e3o Salom\u00e3o\u2026","rel":"","context":"In &quot;Not\u00edcias de Ribeir\u00e3o Preto-SP e Regi\u00e3o&quot;","block_context":{"text":"Not\u00edcias de Ribeir\u00e3o Preto-SP e Regi\u00e3o","link":"https:\/\/noticiasribeiraopreto.com.br\/index.php\/category\/noticias-de-ribeirao-preto-sp-e-regiao-ismael-colosi\/"},"img":{"alt_text":"","src":"https:\/\/i0.wp.com\/noticiasribeiraopreto.com.br\/wp-content\/uploads\/2024\/11\/WhatsApp-Image-2024-11-07-at-09.00.51_2024-11-07_12-03-21_jpeg_2024-11-07_12-03-21.webp.webp?fit=1200%2C1060&ssl=1&resize=350%2C200","width":350,"height":200,"srcset":"https:\/\/i0.wp.com\/noticiasribeiraopreto.com.br\/wp-content\/uploads\/2024\/11\/WhatsApp-Image-2024-11-07-at-09.00.51_2024-11-07_12-03-21_jpeg_2024-11-07_12-03-21.webp.webp?fit=1200%2C1060&ssl=1&resize=350%2C200 1x, https:\/\/i0.wp.com\/noticiasribeiraopreto.com.br\/wp-content\/uploads\/2024\/11\/WhatsApp-Image-2024-11-07-at-09.00.51_2024-11-07_12-03-21_jpeg_2024-11-07_12-03-21.webp.webp?fit=1200%2C1060&ssl=1&resize=525%2C300 1.5x, https:\/\/i0.wp.com\/noticiasribeiraopreto.com.br\/wp-content\/uploads\/2024\/11\/WhatsApp-Image-2024-11-07-at-09.00.51_2024-11-07_12-03-21_jpeg_2024-11-07_12-03-21.webp.webp?fit=1200%2C1060&ssl=1&resize=700%2C400 2x, https:\/\/i0.wp.com\/noticiasribeiraopreto.com.br\/wp-content\/uploads\/2024\/11\/WhatsApp-Image-2024-11-07-at-09.00.51_2024-11-07_12-03-21_jpeg_2024-11-07_12-03-21.webp.webp?fit=1200%2C1060&ssl=1&resize=1050%2C600 3x"},"classes":[]},{"id":41187,"url":"https:\/\/noticiasribeiraopreto.com.br\/index.php\/2024\/03\/06\/chuva-provoca-alagamentos-e-causa-transtornos-em-ribeirao-preto-veja-videos\/","url_meta":{"origin":83232,"position":4},"title":"Chuva provoca alagamentos e causa transtornos em Ribeir\u00e3o Preto; Veja v\u00eddeos","author":"noticiasribeiraopreto.com.br","date":"6 de March de 2024","format":false,"excerpt":"A chuva que atingiu Ribeir\u00e3o Preto, no final da tarde desta quarta-feira (6), causou diversos transtornos pela cidade. Vale ressaltar que o Inmet (Instituto Nacional de Meteorologia) publicou um alerta de chuvas intensas para o interior de S\u00e3o Paulo v\u00e1lido at\u00e9 o final desta semana. Internautas registraram pontos de alagamentos\u2026","rel":"","context":"In &quot;Not\u00edcias de Ribeir\u00e3o Preto-SP e Regi\u00e3o&quot;","block_context":{"text":"Not\u00edcias de Ribeir\u00e3o Preto-SP e Regi\u00e3o","link":"https:\/\/noticiasribeiraopreto.com.br\/index.php\/category\/noticias-de-ribeirao-preto-sp-e-regiao-ismael-colosi\/"},"img":{"alt_text":"","src":"https:\/\/i0.wp.com\/noticiasribeiraopreto.com.br\/wp-content\/uploads\/2024\/03\/AnyConv.com__Copia-de-Copia-de-TAMANHO-EXATO-PARA-FOTOS-NO-SISTEMA-NOVO-65.webp.webp?fit=1200%2C675&ssl=1&resize=350%2C200","width":350,"height":200,"srcset":"https:\/\/i0.wp.com\/noticiasribeiraopreto.com.br\/wp-content\/uploads\/2024\/03\/AnyConv.com__Copia-de-Copia-de-TAMANHO-EXATO-PARA-FOTOS-NO-SISTEMA-NOVO-65.webp.webp?fit=1200%2C675&ssl=1&resize=350%2C200 1x, https:\/\/i0.wp.com\/noticiasribeiraopreto.com.br\/wp-content\/uploads\/2024\/03\/AnyConv.com__Copia-de-Copia-de-TAMANHO-EXATO-PARA-FOTOS-NO-SISTEMA-NOVO-65.webp.webp?fit=1200%2C675&ssl=1&resize=525%2C300 1.5x, https:\/\/i0.wp.com\/noticiasribeiraopreto.com.br\/wp-content\/uploads\/2024\/03\/AnyConv.com__Copia-de-Copia-de-TAMANHO-EXATO-PARA-FOTOS-NO-SISTEMA-NOVO-65.webp.webp?fit=1200%2C675&ssl=1&resize=700%2C400 2x, https:\/\/i0.wp.com\/noticiasribeiraopreto.com.br\/wp-content\/uploads\/2024\/03\/AnyConv.com__Copia-de-Copia-de-TAMANHO-EXATO-PARA-FOTOS-NO-SISTEMA-NOVO-65.webp.webp?fit=1200%2C675&ssl=1&resize=1050%2C600 3x"},"classes":[]},{"id":82015,"url":"https:\/\/noticiasribeiraopreto.com.br\/index.php\/2026\/02\/01\/chuva-alaga-pista-de-caminhada-de-parque-da-zona-leste-de-ribeirao-preto-veja-video\/","url_meta":{"origin":83232,"position":5},"title":"Chuva alaga pista de caminhada de parque da zona Leste de Ribeir\u00e3o Preto; Veja v\u00eddeo","author":"noticiasribeiraopreto.com.br","date":"1 de February de 2026","format":false,"excerpt":"As chuvas registradas nesta sexta-feira (30) em Ribeir\u00e3o Preto provocaram ac\u00famulo de \u00e1gua no Parque Curupira, na zona Leste da cidade, e a situa\u00e7\u00e3o registrada por moradores na manh\u00e3 deste s\u00e1bado (31). Nas imagens \u00e9 poss\u00edvel ver a grande quantidade de \u00e1gua em uma das pistas de caminhada do parque,\u2026","rel":"","context":"In &quot;Not\u00edcias de Ribeir\u00e3o Preto-SP e Regi\u00e3o&quot;","block_context":{"text":"Not\u00edcias de Ribeir\u00e3o Preto-SP e Regi\u00e3o","link":"https:\/\/noticiasribeiraopreto.com.br\/index.php\/category\/noticias-de-ribeirao-preto-sp-e-regiao-ismael-colosi\/"},"img":{"alt_text":"","src":"https:\/\/i0.wp.com\/noticiasribeiraopreto.com.br\/wp-content\/uploads\/2026\/02\/domingo-46_2026-01-31_14-24-17.webp.webp?fit=1200%2C675&ssl=1&resize=350%2C200","width":350,"height":200,"srcset":"https:\/\/i0.wp.com\/noticiasribeiraopreto.com.br\/wp-content\/uploads\/2026\/02\/domingo-46_2026-01-31_14-24-17.webp.webp?fit=1200%2C675&ssl=1&resize=350%2C200 1x, https:\/\/i0.wp.com\/noticiasribeiraopreto.com.br\/wp-content\/uploads\/2026\/02\/domingo-46_2026-01-31_14-24-17.webp.webp?fit=1200%2C675&ssl=1&resize=525%2C300 1.5x, https:\/\/i0.wp.com\/noticiasribeiraopreto.com.br\/wp-content\/uploads\/2026\/02\/domingo-46_2026-01-31_14-24-17.webp.webp?fit=1200%2C675&ssl=1&resize=700%2C400 2x, https:\/\/i0.wp.com\/noticiasribeiraopreto.com.br\/wp-content\/uploads\/2026\/02\/domingo-46_2026-01-31_14-24-17.webp.webp?fit=1200%2C675&ssl=1&resize=1050%2C600 3x"},"classes":[]}],"jetpack_sharing_enabled":true,"jetpack_shortlink":"https:\/\/wp.me\/peQAOb-lEs","_links":{"self":[{"href":"https:\/\/noticiasribeiraopreto.com.br\/index.php\/wp-json\/wp\/v2\/posts\/83232","targetHints":{"allow":["GET"]}}],"collection":[{"href":"https:\/\/noticiasribeiraopreto.com.br\/index.php\/wp-json\/wp\/v2\/posts"}],"about":[{"href":"https:\/\/noticiasribeiraopreto.com.br\/index.php\/wp-json\/wp\/v2\/types\/post"}],"author":[{"embeddable":true,"href":"https:\/\/noticiasribeiraopreto.com.br\/index.php\/wp-json\/wp\/v2\/users\/1"}],"replies":[{"embeddable":true,"href":"https:\/\/noticiasribeiraopreto.com.br\/index.php\/wp-json\/wp\/v2\/comments?post=83232"}],"version-history":[{"count":0,"href":"https:\/\/noticiasribeiraopreto.com.br\/index.php\/wp-json\/wp\/v2\/posts\/83232\/revisions"}],"wp:featuredmedia":[{"embeddable":true,"href":"https:\/\/noticiasribeiraopreto.com.br\/index.php\/wp-json\/wp\/v2\/media\/83233"}],"wp:attachment":[{"href":"https:\/\/noticiasribeiraopreto.com.br\/index.php\/wp-json\/wp\/v2\/media?parent=83232"}],"wp:term":[{"taxonomy":"category","embeddable":true,"href":"https:\/\/noticiasribeiraopreto.com.br\/index.php\/wp-json\/wp\/v2\/categories?post=83232"},{"taxonomy":"post_tag","embeddable":true,"href":"https:\/\/noticiasribeiraopreto.com.br\/index.php\/wp-json\/wp\/v2\/tags?post=83232"}],"curies":[{"name":"wp","href":"https:\/\/api.w.org\/{rel}","templated":true}]}}