{"id":83234,"date":"2026-03-13T10:38:50","date_gmt":"2026-03-13T13:38:50","guid":{"rendered":"https:\/\/noticiasribeiraopreto.com.br\/index.php\/2026\/03\/13\/vem-mais-chuva-veja-previsao-no-fim-de-semana-em-ribeirao-preto\/"},"modified":"2026-03-13T10:38:50","modified_gmt":"2026-03-13T13:38:50","slug":"vem-mais-chuva-veja-previsao-no-fim-de-semana-em-ribeirao-preto","status":"publish","type":"post","link":"https:\/\/noticiasribeiraopreto.com.br\/index.php\/2026\/03\/13\/vem-mais-chuva-veja-previsao-no-fim-de-semana-em-ribeirao-preto\/","title":{"rendered":"Vem mais chuva? Veja previs\u00e3o no fim de semana em Ribeir\u00e3o Preto"},"content":{"rendered":"<div class='code-block code-block-1' style='margin: 8px 0 8px auto; text-align: right; display: block; clear: both;'>\n<p><a href=\"https:\/\/wa.link\/vpicfd\"><img data-recalc-dims=\"1\" class=\"wp-image-4922\" style=\"aspect-ratio: 2.0253164556962027; width: 561px; height: auto;\" src=\"https:\/\/i0.wp.com\/ismaelcolosi.com.br\/wp-content\/uploads\/2023\/11\/grupo-de-empregos-whatsapp-e-facebook-ismael-colosi-vagas.jpg?ssl=1\" alt=\"\" \/><\/a><\/p>\n<!-- \/wp:image -->\n<\/div>\n<p> <br \/>\n<\/p>\n<div data-td-block-uid=\"tdi_95\">\n<div class=\"tdb-block-inner td-fix-index\">\n<p><strong>A semana termina com tempo inst\u00e1vel e alerta para o risco de chuva forte e temporais isolados nesta sexta-feira (13), na regi\u00e3o de Ribeir\u00e3o Preto, especialmente em \u00e1reas mais pr\u00f3ximas da divisa com o estado de Minas Gerais.<\/strong> <strong>Veja <\/strong>o <strong>mapa <\/strong>abaixo.<\/p>\n<p>Segundo a <a href=\"https:\/\/www.climatempo.com.br\/\" data-type=\"link\" data-id=\"https:\/\/www.climatempo.com.br\/\" target=\"_blank\" rel=\"noopener\">Climatempo<\/a>, <mark style=\"background-color:#fcb900\" class=\"has-inline-color has-black-color\">um cavado meteorol\u00f3gico ainda deve refor\u00e7ar a forma\u00e7\u00e3o de nuvens nesta sexta. Tamb\u00e9m h\u00e1 o desenvolvimento de uma \u00e1rea de baixa press\u00e3o na costa do Sudeste com uma frente fria associada, o que deve manter o fluxo de umidade ativo sobre o estado de S\u00e3o Paulo.<\/mark><\/p>\n<p>No s\u00e1bado (14), por\u00e9m, a chuva j\u00e1 deve diminuir sobre a regi\u00e3o, mas ainda pode ocorrer de forma pontual, principalmente \u00e0 tarde, sem risco de temporais.<\/p>\n<p>O domingo (15) deve seguir o mesmo padr\u00e3o do s\u00e1bado, com potencial reduzido para chuva na regi\u00e3o. A sensa\u00e7\u00e3o de ar abafado aumenta por causa de mais per\u00edodos com sol.<\/p>\n<figure class=\"wp-block-image\"><img data-recalc-dims=\"1\" fetchpriority=\"high\" decoding=\"async\" width=\"1200\" height=\"675\" src=\"https:\/\/i0.wp.com\/cdn.media-acidadeon.com.br\/ribeiraopreto\/wp-content\/uploads\/sites\/3\/2026\/03\/sudeste-temporal_2026-03-13_10-36-32.webp?resize=1200%2C675&#038;ssl=1\" alt=\"mapa da previsao do tempo\" class=\"wp-image-148669\" title=\"Vem mais chuva? Veja previs\u00e3o no fim de semana em Ribeir\u00e3o Preto 1\" srcset=\"https:\/\/cdn.media-acidadeon.com.br\/ribeiraopreto\/wp-content\/uploads\/sites\/3\/2026\/03\/sudeste-temporal_2026-03-13_10-36-32.webp 1200w, https:\/\/cdn.media-acidadeon.com.br\/ribeiraopreto\/wp-content\/uploads\/sites\/3\/2026\/03\/sudeste-temporal_2026-03-13_10-36-32-300x169.webp 300w, https:\/\/cdn.media-acidadeon.com.br\/ribeiraopreto\/wp-content\/uploads\/sites\/3\/2026\/03\/sudeste-temporal_2026-03-13_10-36-32-1024x576.webp 1024w, https:\/\/cdn.media-acidadeon.com.br\/ribeiraopreto\/wp-content\/uploads\/sites\/3\/2026\/03\/sudeste-temporal_2026-03-13_10-36-32-768x432.webp 768w, https:\/\/cdn.media-acidadeon.com.br\/ribeiraopreto\/wp-content\/uploads\/sites\/3\/2026\/03\/sudeste-temporal_2026-03-13_10-36-32-696x392.webp 696w, https:\/\/cdn.media-acidadeon.com.br\/ribeiraopreto\/wp-content\/uploads\/sites\/3\/2026\/03\/sudeste-temporal_2026-03-13_10-36-32-1068x601.webp 1068w\" sizes=\"(max-width: 1200px) 100vw, 1200px\"\/><figcaption class=\"wp-element-caption\">Reprodu\u00e7\u00e3o<\/figcaption><\/figure>\n<h2 class=\"wp-block-heading\"><strong>Confira a previs\u00e3o do tempo em Ribeir\u00e3o Preto:<\/strong><\/h2>\n<p>20\u00b0C \/ 25\u00b0C<br \/>Chuva: 21,6 mm \/ 89%<br \/>Umidade do ar: 99%<\/p>\n<p>19\u00b0C \/ 28\u00b0C<br \/>Chuva: 1,8 mm \/ 82%<br \/>Umidade do ar: 99%<\/p>\n<p>20\u00b0C \/ 29\u00b0C<br \/>Chuva: 0 mm \/ 0%<br \/>Umidade do ar: 97%<\/p>\n<p>Fonte: Climatempo<\/p>\n<p>SAIBA MAIS<\/p>\n<p>Minist\u00e9rio da Agricultura apreende 7,28 milh\u00f5es de litros de cacha\u00e7a sem registro\u00a0na regi\u00e3o<\/p>\n<h3 class=\"wp-block-heading\"><strong>FIQUE ON<\/strong><\/h3>\n<p>Fique ligado em tudo que acontece em Ribeir\u00e3o Preto e regi\u00e3o. Siga os perfis do<strong>\u00a0acidade on<\/strong>\u00a0no\u00a0<a href=\"https:\/\/www.instagram.com\/acidadeonribeirao\" target=\"_blank\" rel=\"noreferrer noopener\">Instagram\u00a0<\/a>e no\u00a0<a href=\"https:\/\/www.facebook.com\/acidadeonribeirao\/\" target=\"_blank\" rel=\"noreferrer noopener\">Facebook<\/a>.<\/p>\n<p>Receba not\u00edcias do\u00a0<strong>acidade on<\/strong>\u00a0no WhatsApp. Para entrar no grupo,\u00a0basta\u00a0<a href=\"https:\/\/chat.whatsapp.com\/GFH9HUMUTHNFJdnyEd0xxq\" target=\"_blank\" rel=\"noreferrer noopener\">clicar aqui<\/a>. Ou, acesse o nosso\u00a0Canal\u00a0<a href=\"https:\/\/whatsapp.com\/channel\/0029Vb6IQl1JENyAeS57fk2p\" target=\"_blank\" rel=\"noreferrer noopener\">clicando aqui<\/a>.<\/p>\n<p>Fa\u00e7a uma den\u00fancia ou sugira uma reportagem sobre Ribeir\u00e3o Preto e regi\u00e3o pelo WhatsApp: 16 99117 7802.<\/p>\n<p>VEJA TAMB\u00c9M<\/p>\n<p>Carlos Alberto de N\u00f3brega recebe alta do hospital ap\u00f3s tr\u00eas dias internado<\/p>\n<p><!-- AI CONTENT END 1 -->\n<\/div>\n<\/div>\n<p><script async src=\"\/\/www.instagram.com\/embed.js\"><\/script><br \/>\n<br \/><br \/>\n<br \/><a href=\"https:\/\/www.acidadeon.com\/ribeiraopreto\/cotidiano\/vem-mais-chuva-veja-previsao-no-fim-de-semana-em-ribeirao-preto\/\">Source link <\/a><\/p>\n<!-- CONTENT END 1 -->\n","protected":false},"excerpt":{"rendered":"<p>A semana termina com tempo inst\u00e1vel e alerta para o risco de chuva forte e temporais isolados nesta sexta-feira (13), na regi\u00e3o de Ribeir\u00e3o Preto,&#8230;<\/p>\n","protected":false},"author":1,"featured_media":79732,"comment_status":"open","ping_status":"open","sticky":false,"template":"","format":"standard","meta":{"advanced_seo_description":"","jetpack_seo_html_title":"","jetpack_seo_noindex":false,"jetpack_post_was_ever_published":false,"_jetpack_newsletter_access":"","_jetpack_dont_email_post_to_subs":false,"_jetpack_newsletter_tier_id":0,"_jetpack_memberships_contains_paywalled_content":false,"_jetpack_memberships_contains_paid_content":false,"footnotes":"","jetpack_publicize_message":"","jetpack_publicize_feature_enabled":true,"jetpack_social_post_already_shared":true,"jetpack_social_options":{"image_generator_settings":{"template":"highway","default_image_id":0,"font":"","enabled":false},"version":2}},"categories":[11],"tags":[],"class_list":["post-83234","post","type-post","status-publish","format-standard","has-post-thumbnail","hentry","category-noticias-de-ribeirao-preto-sp-e-regiao-ismael-colosi"],"jetpack_publicize_connections":[],"jetpack_featured_media_url":"https:\/\/i0.wp.com\/noticiasribeiraopreto.com.br\/wp-content\/uploads\/2025\/11\/tempestade_2025-11-06_17-07-30.webp.webp?fit=1200%2C900&ssl=1","jetpack-related-posts":[{"id":61459,"url":"https:\/\/noticiasribeiraopreto.com.br\/index.php\/2024\/12\/13\/interior-de-sp-com-risco-de-temporais-veja-regioes-afetadas-e-previsao-no-fim-de-semana\/","url_meta":{"origin":83234,"position":0},"title":"Interior de SP com risco de temporais; Veja regi\u00f5es afetadas e previs\u00e3o no fim de semana","author":"noticiasribeiraopreto.com.br","date":"13 de December de 2024","format":false,"excerpt":"Fortes pancadas de chuva est\u00e3o previstas nesta sexta-feira (13) em grande parte do interior de S\u00e3o Paulo. H\u00e1 risco de temporais. Segundo a Climatempo, a chuva mais volumosa deve ocorrer no Centro-Oeste e Noroeste do estado, principalmente \u00e0 tarde e \u00e0 noite. Veja as regi\u00f5es afetadas: Risco de temporais Chuva\u2026","rel":"","context":"In &quot;Not\u00edcias de Ribeir\u00e3o Preto-SP e Regi\u00e3o&quot;","block_context":{"text":"Not\u00edcias de Ribeir\u00e3o Preto-SP e Regi\u00e3o","link":"https:\/\/noticiasribeiraopreto.com.br\/index.php\/category\/noticias-de-ribeirao-preto-sp-e-regiao-ismael-colosi\/"},"img":{"alt_text":"","src":"https:\/\/i0.wp.com\/noticiasribeiraopreto.com.br\/wp-content\/uploads\/2024\/12\/WhatsApp-Image-2024-12-03-at-09.16.43_2024-12-03_12-22-10_jpeg_2024-12-03_12-22-10.webp.webp?fit=1200%2C540&ssl=1&resize=350%2C200","width":350,"height":200,"srcset":"https:\/\/i0.wp.com\/noticiasribeiraopreto.com.br\/wp-content\/uploads\/2024\/12\/WhatsApp-Image-2024-12-03-at-09.16.43_2024-12-03_12-22-10_jpeg_2024-12-03_12-22-10.webp.webp?fit=1200%2C540&ssl=1&resize=350%2C200 1x, https:\/\/i0.wp.com\/noticiasribeiraopreto.com.br\/wp-content\/uploads\/2024\/12\/WhatsApp-Image-2024-12-03-at-09.16.43_2024-12-03_12-22-10_jpeg_2024-12-03_12-22-10.webp.webp?fit=1200%2C540&ssl=1&resize=525%2C300 1.5x, https:\/\/i0.wp.com\/noticiasribeiraopreto.com.br\/wp-content\/uploads\/2024\/12\/WhatsApp-Image-2024-12-03-at-09.16.43_2024-12-03_12-22-10_jpeg_2024-12-03_12-22-10.webp.webp?fit=1200%2C540&ssl=1&resize=700%2C400 2x, https:\/\/i0.wp.com\/noticiasribeiraopreto.com.br\/wp-content\/uploads\/2024\/12\/WhatsApp-Image-2024-12-03-at-09.16.43_2024-12-03_12-22-10_jpeg_2024-12-03_12-22-10.webp.webp?fit=1200%2C540&ssl=1&resize=1050%2C600 3x"},"classes":[]},{"id":60203,"url":"https:\/\/noticiasribeiraopreto.com.br\/index.php\/2024\/11\/08\/alerta-de-temporais-continua-em-todo-o-estado-de-sp-nesta-sexta\/","url_meta":{"origin":83234,"position":1},"title":"Alerta de temporais continua em todo o estado de SP nesta sexta","author":"noticiasribeiraopreto.com.br","date":"8 de November de 2024","format":false,"excerpt":"O alerta emitido pela Defesa Civil Estadual para chuvas intensas e temporais continua nesta sexta-feira (7), em todo o estado de S\u00e3o Paulo. Nesta quinta-feira (6), uma forte chuva causou alagamentos em Ribeir\u00e3o Preto. A cidade registrou 100 mil\u00edmetros de precipita\u00e7\u00e3o em um per\u00edodo de 24 horas, segundo dados do\u2026","rel":"","context":"In &quot;Not\u00edcias de Ribeir\u00e3o Preto-SP e Regi\u00e3o&quot;","block_context":{"text":"Not\u00edcias de Ribeir\u00e3o Preto-SP e Regi\u00e3o","link":"https:\/\/noticiasribeiraopreto.com.br\/index.php\/category\/noticias-de-ribeirao-preto-sp-e-regiao-ismael-colosi\/"},"img":{"alt_text":"","src":"https:\/\/i0.wp.com\/noticiasribeiraopreto.com.br\/wp-content\/uploads\/2024\/10\/WhatsApp-Image-2024-10-23-at-18.14.43_2024-10-23_22-19-38_jpeg_2024-10-23_22-19-39-scaled.webp.webp?fit=1200%2C675&ssl=1&resize=350%2C200","width":350,"height":200,"srcset":"https:\/\/i0.wp.com\/noticiasribeiraopreto.com.br\/wp-content\/uploads\/2024\/10\/WhatsApp-Image-2024-10-23-at-18.14.43_2024-10-23_22-19-38_jpeg_2024-10-23_22-19-39-scaled.webp.webp?fit=1200%2C675&ssl=1&resize=350%2C200 1x, https:\/\/i0.wp.com\/noticiasribeiraopreto.com.br\/wp-content\/uploads\/2024\/10\/WhatsApp-Image-2024-10-23-at-18.14.43_2024-10-23_22-19-38_jpeg_2024-10-23_22-19-39-scaled.webp.webp?fit=1200%2C675&ssl=1&resize=525%2C300 1.5x, https:\/\/i0.wp.com\/noticiasribeiraopreto.com.br\/wp-content\/uploads\/2024\/10\/WhatsApp-Image-2024-10-23-at-18.14.43_2024-10-23_22-19-38_jpeg_2024-10-23_22-19-39-scaled.webp.webp?fit=1200%2C675&ssl=1&resize=700%2C400 2x, https:\/\/i0.wp.com\/noticiasribeiraopreto.com.br\/wp-content\/uploads\/2024\/10\/WhatsApp-Image-2024-10-23-at-18.14.43_2024-10-23_22-19-38_jpeg_2024-10-23_22-19-39-scaled.webp.webp?fit=1200%2C675&ssl=1&resize=1050%2C600 3x"},"classes":[]},{"id":80219,"url":"https:\/\/noticiasribeiraopreto.com.br\/index.php\/2025\/11\/18\/estado-de-sp-tem-risco-de-temporais-nesta-terca-veja-regioes\/","url_meta":{"origin":83234,"position":2},"title":"Estado de SP tem risco de temporais nesta ter\u00e7a; Veja regi\u00f5es","author":"noticiasribeiraopreto.com.br","date":"18 de November de 2025","format":false,"excerpt":"O estado de S\u00e3o Paulo tem risco de temporais nesta ter\u00e7a-feira (18), com possibilidade de transtornos em regi\u00f5es como o centro, sul e leste. Segundo a Climatempo, na regi\u00e3o de Ribeir\u00e3o Preto est\u00e3o previstas pancadas de chuva, com moderada a forte intensidade, al\u00e9m de ventos a qualquer hora. A partir\u2026","rel":"","context":"In &quot;Not\u00edcias de Ribeir\u00e3o Preto-SP e Regi\u00e3o&quot;","block_context":{"text":"Not\u00edcias de Ribeir\u00e3o Preto-SP e Regi\u00e3o","link":"https:\/\/noticiasribeiraopreto.com.br\/index.php\/category\/noticias-de-ribeirao-preto-sp-e-regiao-ismael-colosi\/"},"img":{"alt_text":"","src":"https:\/\/i0.wp.com\/noticiasribeiraopreto.com.br\/wp-content\/uploads\/2025\/07\/WhatsApp-Image-2024-10-15-at-08.25.28_2024-10-15_11-26-55_jpeg_2024-10-15_11-26-55.webp.webp?fit=1200%2C540&ssl=1&resize=350%2C200","width":350,"height":200,"srcset":"https:\/\/i0.wp.com\/noticiasribeiraopreto.com.br\/wp-content\/uploads\/2025\/07\/WhatsApp-Image-2024-10-15-at-08.25.28_2024-10-15_11-26-55_jpeg_2024-10-15_11-26-55.webp.webp?fit=1200%2C540&ssl=1&resize=350%2C200 1x, https:\/\/i0.wp.com\/noticiasribeiraopreto.com.br\/wp-content\/uploads\/2025\/07\/WhatsApp-Image-2024-10-15-at-08.25.28_2024-10-15_11-26-55_jpeg_2024-10-15_11-26-55.webp.webp?fit=1200%2C540&ssl=1&resize=525%2C300 1.5x, https:\/\/i0.wp.com\/noticiasribeiraopreto.com.br\/wp-content\/uploads\/2025\/07\/WhatsApp-Image-2024-10-15-at-08.25.28_2024-10-15_11-26-55_jpeg_2024-10-15_11-26-55.webp.webp?fit=1200%2C540&ssl=1&resize=700%2C400 2x, https:\/\/i0.wp.com\/noticiasribeiraopreto.com.br\/wp-content\/uploads\/2025\/07\/WhatsApp-Image-2024-10-15-at-08.25.28_2024-10-15_11-26-55_jpeg_2024-10-15_11-26-55.webp.webp?fit=1200%2C540&ssl=1&resize=1050%2C600 3x"},"classes":[]},{"id":80733,"url":"https:\/\/noticiasribeiraopreto.com.br\/index.php\/2025\/12\/12\/virada-no-tempo-com-risco-de-temporais-veja-previsao-para-o-fim-de-semana\/","url_meta":{"origin":83234,"position":3},"title":"Virada no tempo com risco de temporais; Veja previs\u00e3o para o fim de semana","author":"noticiasribeiraopreto.com.br","date":"12 de December de 2025","format":false,"excerpt":"A forma\u00e7\u00e3o de uma nova \u00e1rea de baixa press\u00e3o dever\u00e1 trazer chuva ao estado de S\u00e3o Paulo com risco de temporais neste fim de semana. Segundo a Climatempo, a baixa press\u00e3o atmosf\u00e9rica que se forma no Paraguai nesta sexta-feira (12) favorece a canaliza\u00e7\u00e3o de ar quente e \u00famido do Norte\u2026","rel":"","context":"In &quot;Not\u00edcias de Ribeir\u00e3o Preto-SP e Regi\u00e3o&quot;","block_context":{"text":"Not\u00edcias de Ribeir\u00e3o Preto-SP e Regi\u00e3o","link":"https:\/\/noticiasribeiraopreto.com.br\/index.php\/category\/noticias-de-ribeirao-preto-sp-e-regiao-ismael-colosi\/"},"img":{"alt_text":"","src":"https:\/\/i0.wp.com\/noticiasribeiraopreto.com.br\/wp-content\/uploads\/2025\/12\/WhatsApp-Image-2025-12-12-at-06.16.52_2025-12-12_09-58-38.webp.webp?fit=1200%2C675&ssl=1&resize=350%2C200","width":350,"height":200,"srcset":"https:\/\/i0.wp.com\/noticiasribeiraopreto.com.br\/wp-content\/uploads\/2025\/12\/WhatsApp-Image-2025-12-12-at-06.16.52_2025-12-12_09-58-38.webp.webp?fit=1200%2C675&ssl=1&resize=350%2C200 1x, https:\/\/i0.wp.com\/noticiasribeiraopreto.com.br\/wp-content\/uploads\/2025\/12\/WhatsApp-Image-2025-12-12-at-06.16.52_2025-12-12_09-58-38.webp.webp?fit=1200%2C675&ssl=1&resize=525%2C300 1.5x, https:\/\/i0.wp.com\/noticiasribeiraopreto.com.br\/wp-content\/uploads\/2025\/12\/WhatsApp-Image-2025-12-12-at-06.16.52_2025-12-12_09-58-38.webp.webp?fit=1200%2C675&ssl=1&resize=700%2C400 2x, https:\/\/i0.wp.com\/noticiasribeiraopreto.com.br\/wp-content\/uploads\/2025\/12\/WhatsApp-Image-2025-12-12-at-06.16.52_2025-12-12_09-58-38.webp.webp?fit=1200%2C675&ssl=1&resize=1050%2C600 3x"},"classes":[]},{"id":76451,"url":"https:\/\/noticiasribeiraopreto.com.br\/index.php\/2025\/08\/29\/chuva-marca-a-manha-em-ribeirao-preto-interior-de-sp-tem-alerta-de-temporais\/","url_meta":{"origin":83234,"position":4},"title":"Chuva marca a manh\u00e3 em Ribeir\u00e3o Preto; Interior de SP tem alerta de temporais","author":"noticiasribeiraopreto.com.br","date":"29 de August de 2025","format":false,"excerpt":"A \u00faltima sexta-feira (29) de agosto come\u00e7ou com chuva e c\u00e9u nublado em Ribeir\u00e3o Preto. As temperaturas variam entre 18\u00baC e 28\u00baC ao longo do dia. Segundo a Climatempo, a previs\u00e3o indica sol entre muitas nuvens pela manh\u00e3, com possibilidade de chuva a qualquer hora. Um cavado meteorol\u00f3gico, que avan\u00e7a\u2026","rel":"","context":"In &quot;Not\u00edcias de Ribeir\u00e3o Preto-SP e Regi\u00e3o&quot;","block_context":{"text":"Not\u00edcias de Ribeir\u00e3o Preto-SP e Regi\u00e3o","link":"https:\/\/noticiasribeiraopreto.com.br\/index.php\/category\/noticias-de-ribeirao-preto-sp-e-regiao-ismael-colosi\/"},"img":{"alt_text":"","src":"https:\/\/i0.wp.com\/noticiasribeiraopreto.com.br\/wp-content\/uploads\/2025\/08\/Copia-de-Copia-de-Copia-de-TAMANHO-EXATO-PARA-FOTOS-NO-SISTEMA-NOVO-2025-08-29T075213.748_2025-08-29_10-52-19.webp.webp?fit=1200%2C675&ssl=1&resize=350%2C200","width":350,"height":200,"srcset":"https:\/\/i0.wp.com\/noticiasribeiraopreto.com.br\/wp-content\/uploads\/2025\/08\/Copia-de-Copia-de-Copia-de-TAMANHO-EXATO-PARA-FOTOS-NO-SISTEMA-NOVO-2025-08-29T075213.748_2025-08-29_10-52-19.webp.webp?fit=1200%2C675&ssl=1&resize=350%2C200 1x, https:\/\/i0.wp.com\/noticiasribeiraopreto.com.br\/wp-content\/uploads\/2025\/08\/Copia-de-Copia-de-Copia-de-TAMANHO-EXATO-PARA-FOTOS-NO-SISTEMA-NOVO-2025-08-29T075213.748_2025-08-29_10-52-19.webp.webp?fit=1200%2C675&ssl=1&resize=525%2C300 1.5x, https:\/\/i0.wp.com\/noticiasribeiraopreto.com.br\/wp-content\/uploads\/2025\/08\/Copia-de-Copia-de-Copia-de-TAMANHO-EXATO-PARA-FOTOS-NO-SISTEMA-NOVO-2025-08-29T075213.748_2025-08-29_10-52-19.webp.webp?fit=1200%2C675&ssl=1&resize=700%2C400 2x, https:\/\/i0.wp.com\/noticiasribeiraopreto.com.br\/wp-content\/uploads\/2025\/08\/Copia-de-Copia-de-Copia-de-TAMANHO-EXATO-PARA-FOTOS-NO-SISTEMA-NOVO-2025-08-29T075213.748_2025-08-29_10-52-19.webp.webp?fit=1200%2C675&ssl=1&resize=1050%2C600 3x"},"classes":[]},{"id":59394,"url":"https:\/\/noticiasribeiraopreto.com.br\/index.php\/2024\/10\/23\/frente-fria-aumenta-risco-de-temporais-no-estado-de-sp-veja-previsao\/","url_meta":{"origin":83234,"position":5},"title":"Frente fria aumenta risco de temporais no estado de SP; Veja previs\u00e3o","author":"noticiasribeiraopreto.com.br","date":"23 de October de 2024","format":false,"excerpt":"O risco de temporais aumenta nesta quarta-feira (23), no estado de S\u00e3o Paulo. Segundo a Climatempo, h\u00e1 alerta para as regi\u00f5es Centro-Sul e Leste do estado. J\u00e1 nas regi\u00f5es do Centro-Norte, Noroeste e Oeste podem ocorrer pancadas fortes com raios e ventos entre 51 km\/h a 70 km\/h. \u201cA passagem\u2026","rel":"","context":"In &quot;Not\u00edcias de Ribeir\u00e3o Preto-SP e Regi\u00e3o&quot;","block_context":{"text":"Not\u00edcias de Ribeir\u00e3o Preto-SP e Regi\u00e3o","link":"https:\/\/noticiasribeiraopreto.com.br\/index.php\/category\/noticias-de-ribeirao-preto-sp-e-regiao-ismael-colosi\/"},"img":{"alt_text":"","src":"https:\/\/i0.wp.com\/noticiasribeiraopreto.com.br\/wp-content\/uploads\/2024\/10\/RIBEIRAO-PRETO_2024-07-29_16-25-16_jpg_2024-07-29_16-25-17.webp.webp?fit=1200%2C679&ssl=1&resize=350%2C200","width":350,"height":200,"srcset":"https:\/\/i0.wp.com\/noticiasribeiraopreto.com.br\/wp-content\/uploads\/2024\/10\/RIBEIRAO-PRETO_2024-07-29_16-25-16_jpg_2024-07-29_16-25-17.webp.webp?fit=1200%2C679&ssl=1&resize=350%2C200 1x, https:\/\/i0.wp.com\/noticiasribeiraopreto.com.br\/wp-content\/uploads\/2024\/10\/RIBEIRAO-PRETO_2024-07-29_16-25-16_jpg_2024-07-29_16-25-17.webp.webp?fit=1200%2C679&ssl=1&resize=525%2C300 1.5x, https:\/\/i0.wp.com\/noticiasribeiraopreto.com.br\/wp-content\/uploads\/2024\/10\/RIBEIRAO-PRETO_2024-07-29_16-25-16_jpg_2024-07-29_16-25-17.webp.webp?fit=1200%2C679&ssl=1&resize=700%2C400 2x, https:\/\/i0.wp.com\/noticiasribeiraopreto.com.br\/wp-content\/uploads\/2024\/10\/RIBEIRAO-PRETO_2024-07-29_16-25-16_jpg_2024-07-29_16-25-17.webp.webp?fit=1200%2C679&ssl=1&resize=1050%2C600 3x"},"classes":[]}],"jetpack_sharing_enabled":true,"jetpack_shortlink":"https:\/\/wp.me\/peQAOb-lEu","_links":{"self":[{"href":"https:\/\/noticiasribeiraopreto.com.br\/index.php\/wp-json\/wp\/v2\/posts\/83234","targetHints":{"allow":["GET"]}}],"collection":[{"href":"https:\/\/noticiasribeiraopreto.com.br\/index.php\/wp-json\/wp\/v2\/posts"}],"about":[{"href":"https:\/\/noticiasribeiraopreto.com.br\/index.php\/wp-json\/wp\/v2\/types\/post"}],"author":[{"embeddable":true,"href":"https:\/\/noticiasribeiraopreto.com.br\/index.php\/wp-json\/wp\/v2\/users\/1"}],"replies":[{"embeddable":true,"href":"https:\/\/noticiasribeiraopreto.com.br\/index.php\/wp-json\/wp\/v2\/comments?post=83234"}],"version-history":[{"count":0,"href":"https:\/\/noticiasribeiraopreto.com.br\/index.php\/wp-json\/wp\/v2\/posts\/83234\/revisions"}],"wp:featuredmedia":[{"embeddable":true,"href":"https:\/\/noticiasribeiraopreto.com.br\/index.php\/wp-json\/wp\/v2\/media\/79732"}],"wp:attachment":[{"href":"https:\/\/noticiasribeiraopreto.com.br\/index.php\/wp-json\/wp\/v2\/media?parent=83234"}],"wp:term":[{"taxonomy":"category","embeddable":true,"href":"https:\/\/noticiasribeiraopreto.com.br\/index.php\/wp-json\/wp\/v2\/categories?post=83234"},{"taxonomy":"post_tag","embeddable":true,"href":"https:\/\/noticiasribeiraopreto.com.br\/index.php\/wp-json\/wp\/v2\/tags?post=83234"}],"curies":[{"name":"wp","href":"https:\/\/api.w.org\/{rel}","templated":true}]}}