{"id":83235,"date":"2026-03-13T10:46:59","date_gmt":"2026-03-13T13:46:59","guid":{"rendered":"https:\/\/noticiasribeiraopreto.com.br\/index.php\/2026\/03\/13\/ministerio-da-agricultura-apreende-728-milhoes-de-litros-de-cachaca-sem-registro-na-regiao\/"},"modified":"2026-03-13T10:46:59","modified_gmt":"2026-03-13T13:46:59","slug":"ministerio-da-agricultura-apreende-728-milhoes-de-litros-de-cachaca-sem-registro-na-regiao","status":"publish","type":"post","link":"https:\/\/noticiasribeiraopreto.com.br\/index.php\/2026\/03\/13\/ministerio-da-agricultura-apreende-728-milhoes-de-litros-de-cachaca-sem-registro-na-regiao\/","title":{"rendered":"Minist\u00e9rio da Agricultura apreende 7,28 milh\u00f5es de litros de cacha\u00e7a sem registro\u00a0na regi\u00e3o"},"content":{"rendered":"<div class='code-block code-block-1' style='margin: 8px 0 8px auto; text-align: right; display: block; clear: both;'>\n<p><a href=\"https:\/\/wa.link\/vpicfd\"><img data-recalc-dims=\"1\" class=\"wp-image-4922\" style=\"aspect-ratio: 2.0253164556962027; width: 561px; height: auto;\" src=\"https:\/\/i0.wp.com\/ismaelcolosi.com.br\/wp-content\/uploads\/2023\/11\/grupo-de-empregos-whatsapp-e-facebook-ismael-colosi-vagas.jpg?ssl=1\" alt=\"\" \/><\/a><\/p>\n<!-- \/wp:image -->\n<\/div>\n<p> <br \/>\n<\/p>\n<div data-td-block-uid=\"tdi_95\">\n<div class=\"tdb-block-inner td-fix-index\">\n<p><strong>O Minist\u00e9rio da Agricultura e Pecu\u00e1ria (Mapa) apreendeu 7,28 milh\u00f5es de litros de aguardente de cana e cacha\u00e7a sem registro em uma empresa na regi\u00e3o de Ribeir\u00e3o Preto. <\/strong>A <strong>a\u00e7\u00e3o <\/strong>ocorreu no \u00faltimo dia <strong>5 de mar\u00e7o<\/strong>, mas somente foi <strong>divulgada <\/strong>nesta <strong>quinta-feira (12)<\/strong>. O <strong>local <\/strong>exato do <strong>estabelecimento<\/strong>, contudo, <strong>n\u00e3o <\/strong>foi <strong>informado<\/strong>.<\/p>\n<p>Segundo o <strong>Mapa<\/strong>, <mark style=\"background-color:#fcb900\" class=\"has-inline-color\">auditores fiscais federais agropecu\u00e1rios de unidades em Ribeir\u00e3o Preto e S\u00e3o Jos\u00e9 do Rio Preto constataram que o estabelecimento atuava como padronizador e atacadista dessas bebidas sem o devido registro legal no \u00f3rg\u00e3o.<\/mark><\/p>\n<p>Ainda conforme o Minist\u00e9rio, foi determinado a suspens\u00e3o tempor\u00e1ria das atividades de padroniza\u00e7\u00e3o e do com\u00e9rcio atacadista no local e tamb\u00e9m foi lavrado um auto de infra\u00e7\u00e3o.<\/p>\n<p>De acordo com o Mapa, a empresa ter\u00e1 prazo de 20 dias para apresentar defesa administrativa referente \u00e0s irregularidades.<\/p>\n<p>Os 7,28 milh\u00f5es de litros de bebidas apreendidos permaneceram armazenados nas instala\u00e7\u00f5es da pr\u00f3pria empresa, nomeada como fiel deposit\u00e1ria do produto at\u00e9 a conclus\u00e3o do processo administrativo.<\/p>\n<p>SAIBA MAIS<\/p>\n<p>USP demite professor acusado de ass\u00e9dio contra alunas em Ribeir\u00e3o Preto<\/p>\n<h2 class=\"wp-block-heading\"><strong>FIQUE ON<\/strong><\/h2>\n<p>Fique ligado em tudo que acontece em Ribeir\u00e3o Preto e regi\u00e3o. Siga os perfis do<strong>\u00a0acidade on<\/strong>\u00a0no\u00a0<a href=\"https:\/\/www.instagram.com\/acidadeonribeirao\" target=\"_blank\" rel=\"noreferrer noopener\">Instagram\u00a0<\/a>e no\u00a0<a href=\"https:\/\/www.facebook.com\/acidadeonribeirao\/\" target=\"_blank\" rel=\"noreferrer noopener\">Facebook<\/a>.<\/p>\n<p>Receba not\u00edcias do\u00a0<strong>acidade on<\/strong>\u00a0no WhatsApp. Para entrar no grupo,\u00a0basta\u00a0<a href=\"https:\/\/chat.whatsapp.com\/GFH9HUMUTHNFJdnyEd0xxq\" target=\"_blank\" rel=\"noreferrer noopener\">clicar aqui<\/a>. Ou, acesse o nosso\u00a0Canal\u00a0<a href=\"https:\/\/whatsapp.com\/channel\/0029Vb6IQl1JENyAeS57fk2p\" target=\"_blank\" rel=\"noreferrer noopener\">clicando aqui<\/a>.<\/p>\n<p>Fa\u00e7a uma den\u00fancia ou sugira uma reportagem sobre Ribeir\u00e3o Preto e regi\u00e3o pelo WhatsApp: 16 99117 7802.<\/p>\n<p>VEJA TAMB\u00c9M<\/p>\n<p>Carlos Alberto de N\u00f3brega recebe alta do hospital ap\u00f3s tr\u00eas dias internado<\/p>\n<p><!-- AI CONTENT END 1 -->\n<\/div>\n<\/div>\n<p><script async src=\"\/\/www.instagram.com\/embed.js\"><\/script><br \/>\n<br \/><br \/>\n<br \/><a href=\"https:\/\/www.acidadeon.com\/ribeiraopreto\/cotidiano\/ministerio-da-agricultura-apreende-728-milhoes-de-litros-de-cachaca-sem-registro-na-regiao\/\">Source link <\/a><\/p>\n<!-- CONTENT END 1 -->\n","protected":false},"excerpt":{"rendered":"<p>O Minist\u00e9rio da Agricultura e Pecu\u00e1ria (Mapa) apreendeu 7,28 milh\u00f5es de litros de aguardente de cana e cacha\u00e7a sem registro em uma empresa na regi\u00e3o&#8230;<\/p>\n","protected":false},"author":1,"featured_media":83236,"comment_status":"open","ping_status":"open","sticky":false,"template":"","format":"standard","meta":{"advanced_seo_description":"","jetpack_seo_html_title":"","jetpack_seo_noindex":false,"jetpack_post_was_ever_published":false,"_jetpack_newsletter_access":"","_jetpack_dont_email_post_to_subs":false,"_jetpack_newsletter_tier_id":0,"_jetpack_memberships_contains_paywalled_content":false,"_jetpack_memberships_contains_paid_content":false,"footnotes":"","jetpack_publicize_message":"","jetpack_publicize_feature_enabled":true,"jetpack_social_post_already_shared":true,"jetpack_social_options":{"image_generator_settings":{"template":"highway","default_image_id":0,"font":"","enabled":false},"version":2}},"categories":[11],"tags":[],"class_list":["post-83235","post","type-post","status-publish","format-standard","has-post-thumbnail","hentry","category-noticias-de-ribeirao-preto-sp-e-regiao-ismael-colosi"],"jetpack_publicize_connections":[],"jetpack_featured_media_url":"https:\/\/i0.wp.com\/noticiasribeiraopreto.com.br\/wp-content\/uploads\/2026\/03\/3d752bcf-5075-4197-8815-19c268590c13_2026-03-13_09-23-30.webp.webp?fit=768%2C431&ssl=1","jetpack-related-posts":[{"id":83234,"url":"https:\/\/noticiasribeiraopreto.com.br\/index.php\/2026\/03\/13\/vem-mais-chuva-veja-previsao-no-fim-de-semana-em-ribeirao-preto\/","url_meta":{"origin":83235,"position":0},"title":"Vem mais chuva? Veja previs\u00e3o no fim de semana em Ribeir\u00e3o Preto","author":"noticiasribeiraopreto.com.br","date":"13 de March de 2026","format":false,"excerpt":"A semana termina com tempo inst\u00e1vel e alerta para o risco de chuva forte e temporais isolados nesta sexta-feira (13), na regi\u00e3o de Ribeir\u00e3o Preto, especialmente em \u00e1reas mais pr\u00f3ximas da divisa com o estado de Minas Gerais. Veja o mapa abaixo. Segundo a Climatempo, um cavado meteorol\u00f3gico ainda deve\u2026","rel":"","context":"In &quot;Not\u00edcias de Ribeir\u00e3o Preto-SP e Regi\u00e3o&quot;","block_context":{"text":"Not\u00edcias de Ribeir\u00e3o Preto-SP e Regi\u00e3o","link":"https:\/\/noticiasribeiraopreto.com.br\/index.php\/category\/noticias-de-ribeirao-preto-sp-e-regiao-ismael-colosi\/"},"img":{"alt_text":"","src":"https:\/\/i0.wp.com\/noticiasribeiraopreto.com.br\/wp-content\/uploads\/2025\/11\/tempestade_2025-11-06_17-07-30.webp.webp?fit=1200%2C900&ssl=1&resize=350%2C200","width":350,"height":200,"srcset":"https:\/\/i0.wp.com\/noticiasribeiraopreto.com.br\/wp-content\/uploads\/2025\/11\/tempestade_2025-11-06_17-07-30.webp.webp?fit=1200%2C900&ssl=1&resize=350%2C200 1x, https:\/\/i0.wp.com\/noticiasribeiraopreto.com.br\/wp-content\/uploads\/2025\/11\/tempestade_2025-11-06_17-07-30.webp.webp?fit=1200%2C900&ssl=1&resize=525%2C300 1.5x, https:\/\/i0.wp.com\/noticiasribeiraopreto.com.br\/wp-content\/uploads\/2025\/11\/tempestade_2025-11-06_17-07-30.webp.webp?fit=1200%2C900&ssl=1&resize=700%2C400 2x, https:\/\/i0.wp.com\/noticiasribeiraopreto.com.br\/wp-content\/uploads\/2025\/11\/tempestade_2025-11-06_17-07-30.webp.webp?fit=1200%2C900&ssl=1&resize=1050%2C600 3x"},"classes":[]},{"id":42863,"url":"https:\/\/noticiasribeiraopreto.com.br\/index.php\/2024\/03\/17\/ministerio-da-agricultura-manda-recolher-dez-marcas-de-azeite\/","url_meta":{"origin":83235,"position":1},"title":"Minist\u00e9rio da Agricultura manda recolher dez marcas de azeite","author":"noticiasribeiraopreto.com.br","date":"17 de March de 2024","format":false,"excerpt":"17 de mar\u00e7o de 2024 | 18:0016 de mar\u00e7o de 2024 | 12:25 0O Minist\u00e9rio da Agricultura e Pecu\u00e1ria (Mapa) ordenou a todos comerciantes, varejistas ou atacadistas, recolherem de suas prateleiras dez marcas de azeite\u00a0de oliva extravirgem.Conforme determina\u00e7\u00e3o divulgada na \u00faltima sexta-feira (15), devem ser retiradas de circula\u00e7\u00e3o\u00a0as marcas: Terra\u2026","rel":"","context":"In &quot;Not\u00edcias de Ribeir\u00e3o Preto-SP e Regi\u00e3o&quot;","block_context":{"text":"Not\u00edcias de Ribeir\u00e3o Preto-SP e Regi\u00e3o","link":"https:\/\/noticiasribeiraopreto.com.br\/index.php\/category\/noticias-de-ribeirao-preto-sp-e-regiao-ismael-colosi\/"},"img":{"alt_text":"","src":"https:\/\/i0.wp.com\/noticiasribeiraopreto.com.br\/wp-content\/uploads\/2024\/03\/mapa-azeite-png.jpg?fit=768%2C467&ssl=1&resize=350%2C200","width":350,"height":200,"srcset":"https:\/\/i0.wp.com\/noticiasribeiraopreto.com.br\/wp-content\/uploads\/2024\/03\/mapa-azeite-png.jpg?fit=768%2C467&ssl=1&resize=350%2C200 1x, https:\/\/i0.wp.com\/noticiasribeiraopreto.com.br\/wp-content\/uploads\/2024\/03\/mapa-azeite-png.jpg?fit=768%2C467&ssl=1&resize=525%2C300 1.5x, https:\/\/i0.wp.com\/noticiasribeiraopreto.com.br\/wp-content\/uploads\/2024\/03\/mapa-azeite-png.jpg?fit=768%2C467&ssl=1&resize=700%2C400 2x"},"classes":[]},{"id":61489,"url":"https:\/\/noticiasribeiraopreto.com.br\/index.php\/2024\/12\/13\/azeite-falso-empresa-na-regiao-de-ribeirao-e-fechada-por-suspeita-de-fraude\/","url_meta":{"origin":83235,"position":2},"title":"Azeite falso? Empresa na regi\u00e3o de Ribeir\u00e3o \u00e9 fechada por suspeita de fraude","author":"noticiasribeiraopreto.com.br","date":"13 de December de 2024","format":false,"excerpt":"Uma empresa localizada em Cravinhos, na regi\u00e3o de Ribeir\u00e3o Preto, foi interditada pela Vigil\u00e2ncia Sanit\u00e1ria e pelo Minist\u00e9rio da Agricultura devido \u00e0 suspeita de fraude na comercializa\u00e7\u00e3o de azeite de oliva. De acordo com a Pol\u00edcia Civil, o estabelecimento estava vendendo \u00f3leo composto como se fosse azeite de oliva extra\u2026","rel":"","context":"In &quot;Not\u00edcias de Ribeir\u00e3o Preto-SP e Regi\u00e3o&quot;","block_context":{"text":"Not\u00edcias de Ribeir\u00e3o Preto-SP e Regi\u00e3o","link":"https:\/\/noticiasribeiraopreto.com.br\/index.php\/category\/noticias-de-ribeirao-preto-sp-e-regiao-ismael-colosi\/"},"img":{"alt_text":"","src":"https:\/\/i0.wp.com\/noticiasribeiraopreto.com.br\/wp-content\/uploads\/2024\/12\/Copia-de-Copia-de-Copia-de-TAMANHO-EXATO-PARA-FOTOS-NO-SISTEMA-NOVO-2024-12-13T192130.403_2024-12-13_22-21-42_png_2024-12-13_22-21-42.webp.webp?fit=1200%2C675&ssl=1&resize=350%2C200","width":350,"height":200,"srcset":"https:\/\/i0.wp.com\/noticiasribeiraopreto.com.br\/wp-content\/uploads\/2024\/12\/Copia-de-Copia-de-Copia-de-TAMANHO-EXATO-PARA-FOTOS-NO-SISTEMA-NOVO-2024-12-13T192130.403_2024-12-13_22-21-42_png_2024-12-13_22-21-42.webp.webp?fit=1200%2C675&ssl=1&resize=350%2C200 1x, https:\/\/i0.wp.com\/noticiasribeiraopreto.com.br\/wp-content\/uploads\/2024\/12\/Copia-de-Copia-de-Copia-de-TAMANHO-EXATO-PARA-FOTOS-NO-SISTEMA-NOVO-2024-12-13T192130.403_2024-12-13_22-21-42_png_2024-12-13_22-21-42.webp.webp?fit=1200%2C675&ssl=1&resize=525%2C300 1.5x, https:\/\/i0.wp.com\/noticiasribeiraopreto.com.br\/wp-content\/uploads\/2024\/12\/Copia-de-Copia-de-Copia-de-TAMANHO-EXATO-PARA-FOTOS-NO-SISTEMA-NOVO-2024-12-13T192130.403_2024-12-13_22-21-42_png_2024-12-13_22-21-42.webp.webp?fit=1200%2C675&ssl=1&resize=700%2C400 2x, https:\/\/i0.wp.com\/noticiasribeiraopreto.com.br\/wp-content\/uploads\/2024\/12\/Copia-de-Copia-de-Copia-de-TAMANHO-EXATO-PARA-FOTOS-NO-SISTEMA-NOVO-2024-12-13T192130.403_2024-12-13_22-21-42_png_2024-12-13_22-21-42.webp.webp?fit=1200%2C675&ssl=1&resize=1050%2C600 3x"},"classes":[]},{"id":82977,"url":"https:\/\/noticiasribeiraopreto.com.br\/index.php\/2026\/03\/05\/incendio-atinge-navio-que-levava-gado-da-regiao-de-ribeirao-preto-para-a-turquia\/","url_meta":{"origin":83235,"position":3},"title":"Inc\u00eandio atinge navio que levava gado da regi\u00e3o de Ribeir\u00e3o Preto para a Turquia","author":"noticiasribeiraopreto.com.br","date":"5 de March de 2026","format":false,"excerpt":"Um inc\u00eandio atingiu um navio que transportaria gado\u00a0de Barretos \u00e0 Turquia e estava atracado na noite desta ter\u00e7a-feira (3) no porto de\u00a0S\u00e3o Sebasti\u00e3o, no Litoral Norte de S\u00e3o Paulo. Cinco tripulantes e um bombeiro precisaram ser socorridos, ap\u00f3s inalarem fuma\u00e7a. Tr\u00eas bovinos morreram. O Minist\u00e9rio da Agricultura e Pecu\u00e1ria (Mapa)\u2026","rel":"","context":"In &quot;Not\u00edcias de Ribeir\u00e3o Preto-SP e Regi\u00e3o&quot;","block_context":{"text":"Not\u00edcias de Ribeir\u00e3o Preto-SP e Regi\u00e3o","link":"https:\/\/noticiasribeiraopreto.com.br\/index.php\/category\/noticias-de-ribeirao-preto-sp-e-regiao-ismael-colosi\/"},"img":{"alt_text":"","src":"https:\/\/i0.wp.com\/noticiasribeiraopreto.com.br\/wp-content\/uploads\/2026\/03\/navio_2026-03-05_09-38-34.webp.webp?fit=1200%2C934&ssl=1&resize=350%2C200","width":350,"height":200,"srcset":"https:\/\/i0.wp.com\/noticiasribeiraopreto.com.br\/wp-content\/uploads\/2026\/03\/navio_2026-03-05_09-38-34.webp.webp?fit=1200%2C934&ssl=1&resize=350%2C200 1x, https:\/\/i0.wp.com\/noticiasribeiraopreto.com.br\/wp-content\/uploads\/2026\/03\/navio_2026-03-05_09-38-34.webp.webp?fit=1200%2C934&ssl=1&resize=525%2C300 1.5x, https:\/\/i0.wp.com\/noticiasribeiraopreto.com.br\/wp-content\/uploads\/2026\/03\/navio_2026-03-05_09-38-34.webp.webp?fit=1200%2C934&ssl=1&resize=700%2C400 2x, https:\/\/i0.wp.com\/noticiasribeiraopreto.com.br\/wp-content\/uploads\/2026\/03\/navio_2026-03-05_09-38-34.webp.webp?fit=1200%2C934&ssl=1&resize=1050%2C600 3x"},"classes":[]},{"id":78208,"url":"https:\/\/noticiasribeiraopreto.com.br\/index.php\/2025\/10\/04\/dono-de-distribuidora-e-preso-por-vender-bebidas-falsificadas-na-regiao-de-ribeirao\/","url_meta":{"origin":83235,"position":4},"title":"Dono de distribuidora \u00e9 preso por vender bebidas falsificadas na regi\u00e3o de Ribeir\u00e3o","author":"noticiasribeiraopreto.com.br","date":"4 de October de 2025","format":false,"excerpt":"O propriet\u00e1rio de uma distribuidora de bebidas em S\u00e3o Joaquim da Barra, cidade na regi\u00e3o de Ribeir\u00e3o Preto, foi preso nesta sexta-feira (3) pela suspeita de comercializar bebidas falsificadas. Durante a opera\u00e7\u00e3o da Pol\u00edcia Civil, por meio da DISE (da Delegacia de Investiga\u00e7\u00f5es sobre Entorpecentes), o dono do estabelecimento que\u2026","rel":"","context":"In &quot;Not\u00edcias de Ribeir\u00e3o Preto-SP e Regi\u00e3o&quot;","block_context":{"text":"Not\u00edcias de Ribeir\u00e3o Preto-SP e Regi\u00e3o","link":"https:\/\/noticiasribeiraopreto.com.br\/index.php\/category\/noticias-de-ribeirao-preto-sp-e-regiao-ismael-colosi\/"},"img":{"alt_text":"","src":"https:\/\/i0.wp.com\/noticiasribeiraopreto.com.br\/wp-content\/uploads\/2025\/10\/Copia-de-Copia-de-Copia-de-TAMANHO-EXATO-PARA-FOTOS-NO-SISTEMA-NOVO-2025-10-04T125229.642_2025-10-04_15-52-35.webp.webp?fit=1200%2C675&ssl=1&resize=350%2C200","width":350,"height":200,"srcset":"https:\/\/i0.wp.com\/noticiasribeiraopreto.com.br\/wp-content\/uploads\/2025\/10\/Copia-de-Copia-de-Copia-de-TAMANHO-EXATO-PARA-FOTOS-NO-SISTEMA-NOVO-2025-10-04T125229.642_2025-10-04_15-52-35.webp.webp?fit=1200%2C675&ssl=1&resize=350%2C200 1x, https:\/\/i0.wp.com\/noticiasribeiraopreto.com.br\/wp-content\/uploads\/2025\/10\/Copia-de-Copia-de-Copia-de-TAMANHO-EXATO-PARA-FOTOS-NO-SISTEMA-NOVO-2025-10-04T125229.642_2025-10-04_15-52-35.webp.webp?fit=1200%2C675&ssl=1&resize=525%2C300 1.5x, https:\/\/i0.wp.com\/noticiasribeiraopreto.com.br\/wp-content\/uploads\/2025\/10\/Copia-de-Copia-de-Copia-de-TAMANHO-EXATO-PARA-FOTOS-NO-SISTEMA-NOVO-2025-10-04T125229.642_2025-10-04_15-52-35.webp.webp?fit=1200%2C675&ssl=1&resize=700%2C400 2x, https:\/\/i0.wp.com\/noticiasribeiraopreto.com.br\/wp-content\/uploads\/2025\/10\/Copia-de-Copia-de-Copia-de-TAMANHO-EXATO-PARA-FOTOS-NO-SISTEMA-NOVO-2025-10-04T125229.642_2025-10-04_15-52-35.webp.webp?fit=1200%2C675&ssl=1&resize=1050%2C600 3x"},"classes":[]},{"id":59372,"url":"https:\/\/noticiasribeiraopreto.com.br\/index.php\/2024\/10\/22\/ministerio-da-agricultura-divulga-lista-com-12-marcas-de-azeite-fraudadas-confira\/","url_meta":{"origin":83235,"position":5},"title":"Minist\u00e9rio da Agricultura divulga lista com 12 marcas de azeite fraudadas; Confira","author":"noticiasribeiraopreto.com.br","date":"22 de October de 2024","format":false,"excerpt":"O Minist\u00e9rio da Agricultura e Pecu\u00e1ria (Mapa) emitiu um novo comunicado de risco aos consumidores sobre a comercializa\u00e7\u00e3o de 12 marcas de azeite de oliva desclassificadas por fraude, nesta segunda-feira (22). De acordo com o \u00f3rg\u00e3o, foi detectada a presen\u00e7a de outros \u00f3leos vegetais, n\u00e3o identificados, na composi\u00e7\u00e3o desses produtos,\u2026","rel":"","context":"In &quot;Not\u00edcias de Ribeir\u00e3o Preto-SP e Regi\u00e3o&quot;","block_context":{"text":"Not\u00edcias de Ribeir\u00e3o Preto-SP e Regi\u00e3o","link":"https:\/\/noticiasribeiraopreto.com.br\/index.php\/category\/noticias-de-ribeirao-preto-sp-e-regiao-ismael-colosi\/"},"img":{"alt_text":"","src":"https:\/\/i0.wp.com\/noticiasribeiraopreto.com.br\/wp-content\/uploads\/2024\/10\/591e00dc-030e-4b5e-b37c-37e46683d54a_2024-10-22_17-04-18_png_2024-10-22_17-04-18.webp.webp?fit=768%2C467&ssl=1&resize=350%2C200","width":350,"height":200,"srcset":"https:\/\/i0.wp.com\/noticiasribeiraopreto.com.br\/wp-content\/uploads\/2024\/10\/591e00dc-030e-4b5e-b37c-37e46683d54a_2024-10-22_17-04-18_png_2024-10-22_17-04-18.webp.webp?fit=768%2C467&ssl=1&resize=350%2C200 1x, https:\/\/i0.wp.com\/noticiasribeiraopreto.com.br\/wp-content\/uploads\/2024\/10\/591e00dc-030e-4b5e-b37c-37e46683d54a_2024-10-22_17-04-18_png_2024-10-22_17-04-18.webp.webp?fit=768%2C467&ssl=1&resize=525%2C300 1.5x, https:\/\/i0.wp.com\/noticiasribeiraopreto.com.br\/wp-content\/uploads\/2024\/10\/591e00dc-030e-4b5e-b37c-37e46683d54a_2024-10-22_17-04-18_png_2024-10-22_17-04-18.webp.webp?fit=768%2C467&ssl=1&resize=700%2C400 2x"},"classes":[]}],"jetpack_sharing_enabled":true,"jetpack_shortlink":"https:\/\/wp.me\/peQAOb-lEv","_links":{"self":[{"href":"https:\/\/noticiasribeiraopreto.com.br\/index.php\/wp-json\/wp\/v2\/posts\/83235","targetHints":{"allow":["GET"]}}],"collection":[{"href":"https:\/\/noticiasribeiraopreto.com.br\/index.php\/wp-json\/wp\/v2\/posts"}],"about":[{"href":"https:\/\/noticiasribeiraopreto.com.br\/index.php\/wp-json\/wp\/v2\/types\/post"}],"author":[{"embeddable":true,"href":"https:\/\/noticiasribeiraopreto.com.br\/index.php\/wp-json\/wp\/v2\/users\/1"}],"replies":[{"embeddable":true,"href":"https:\/\/noticiasribeiraopreto.com.br\/index.php\/wp-json\/wp\/v2\/comments?post=83235"}],"version-history":[{"count":0,"href":"https:\/\/noticiasribeiraopreto.com.br\/index.php\/wp-json\/wp\/v2\/posts\/83235\/revisions"}],"wp:featuredmedia":[{"embeddable":true,"href":"https:\/\/noticiasribeiraopreto.com.br\/index.php\/wp-json\/wp\/v2\/media\/83236"}],"wp:attachment":[{"href":"https:\/\/noticiasribeiraopreto.com.br\/index.php\/wp-json\/wp\/v2\/media?parent=83235"}],"wp:term":[{"taxonomy":"category","embeddable":true,"href":"https:\/\/noticiasribeiraopreto.com.br\/index.php\/wp-json\/wp\/v2\/categories?post=83235"},{"taxonomy":"post_tag","embeddable":true,"href":"https:\/\/noticiasribeiraopreto.com.br\/index.php\/wp-json\/wp\/v2\/tags?post=83235"}],"curies":[{"name":"wp","href":"https:\/\/api.w.org\/{rel}","templated":true}]}}