{"id":83237,"date":"2026-03-13T10:54:08","date_gmt":"2026-03-13T13:54:08","guid":{"rendered":"https:\/\/noticiasribeiraopreto.com.br\/index.php\/2026\/03\/13\/seria-a4-pinho-nao-e-mais-tecnico-do-comercial\/"},"modified":"2026-03-13T10:54:08","modified_gmt":"2026-03-13T13:54:08","slug":"seria-a4-pinho-nao-e-mais-tecnico-do-comercial","status":"publish","type":"post","link":"https:\/\/noticiasribeiraopreto.com.br\/index.php\/2026\/03\/13\/seria-a4-pinho-nao-e-mais-tecnico-do-comercial\/","title":{"rendered":"S\u00e9ria A4: Pinho n\u00e3o \u00e9 mais t\u00e9cnico do Comercial"},"content":{"rendered":"<div class='code-block code-block-1' style='margin: 8px 0 8px auto; text-align: right; display: block; clear: both;'>\n<p><a href=\"https:\/\/wa.link\/vpicfd\"><img data-recalc-dims=\"1\" class=\"wp-image-4922\" style=\"aspect-ratio: 2.0253164556962027; width: 561px; height: auto;\" src=\"https:\/\/i0.wp.com\/ismaelcolosi.com.br\/wp-content\/uploads\/2023\/11\/grupo-de-empregos-whatsapp-e-facebook-ismael-colosi-vagas.jpg?ssl=1\" alt=\"\" \/><\/a><\/p>\n<!-- \/wp:image -->\n<\/div>\n<p> <br \/>\n<\/p>\n<div>\n<p>O <strong>t\u00e9cnico Ol\u00edmpio Batista Ferreira J\u00fanior<\/strong>, conhecido como <strong>Pinho<\/strong>, deixou o comando do Comercial poucos dias ap\u00f3s assumir o cargo. A demiss\u00e3o foi confirmada pelo t\u00e9cnico na noite desta quinta-feira (12). O treinador tinha sido anunciado oficialmente no dia 4 de mar\u00e7o, ap\u00f3s a demiss\u00e3o de Raphael Pereira.<\/p>\n<p>A mudan\u00e7a no comando t\u00e9cnico aconteceu no mesmo dia em que o Comercial foi derrotado por 2 a 1 pelo S\u00e3o Caetano. Na ocasi\u00e3o, a diretoria optou pela sa\u00edda de Raphael e acertou o retorno de Pinho para a sequ\u00eancia da temporada.<\/p>\n<div class=\"wp-block-image\">\n<figure class=\"aligncenter size-full\"><img data-recalc-dims=\"1\" fetchpriority=\"high\" decoding=\"async\" width=\"984\" height=\"656\" src=\"https:\/\/i0.wp.com\/cdn.media-acidadeon.com.br\/ribeiraopreto\/wp-content\/uploads\/sites\/3\/2026\/03\/image_2026-03-12_23-02-17.webp?resize=984%2C656&#038;ssl=1\" alt=\"Pinho\" class=\"wp-image-148648\" title=\"S\u00e9ria A4: Pinho n\u00e3o \u00e9 mais t\u00e9cnico do Comercial 1\" srcset=\"https:\/\/cdn.media-acidadeon.com.br\/ribeiraopreto\/wp-content\/uploads\/sites\/3\/2026\/03\/image_2026-03-12_23-02-17.webp 984w, https:\/\/cdn.media-acidadeon.com.br\/ribeiraopreto\/wp-content\/uploads\/sites\/3\/2026\/03\/image_2026-03-12_23-02-17-300x200.webp 300w, https:\/\/cdn.media-acidadeon.com.br\/ribeiraopreto\/wp-content\/uploads\/sites\/3\/2026\/03\/image_2026-03-12_23-02-17-768x512.webp 768w, https:\/\/cdn.media-acidadeon.com.br\/ribeiraopreto\/wp-content\/uploads\/sites\/3\/2026\/03\/image_2026-03-12_23-02-17-696x464.webp 696w\" sizes=\"(max-width: 984px) 100vw, 984px\"\/><figcaption class=\"wp-element-caption\">Foto: B\u00e1rbara Pires\/Comercial FC<\/figcaption><\/figure>\n<\/div>\n<p>Durante esta nova passagem, Pinho comandou o time em apenas uma partida. O \u00fanico jogo \u00e0 frente do Bafo foi contra o Nacional.<\/p>\n<h3 class=\"wp-block-heading\"><strong>Fora do BID<\/strong><\/h3>\n<p>Pinho n\u00e3o chegou a ter seu contrato registrado no Boletim Informativo Di\u00e1rio (BID) da CBF. Na partida contra o Nacional-SP, esteve no banco de reservas, por\u00e9m atuando na fun\u00e7\u00e3o de auxiliar.<\/p>\n<p>J\u00e1 Osny foi registrado um dia antes como treinador e assistente t\u00e9cnico, mas assinou a s\u00famula do jogo como massagista. Na fun\u00e7\u00e3o de treinador, nenhum profissional apareceu oficialmente vinculado ao clube.<\/p>\n<div class=\"wp-block-image\">\n<figure class=\"aligncenter size-full\"><img data-recalc-dims=\"1\" loading=\"lazy\" decoding=\"async\" width=\"984\" height=\"521\" src=\"https:\/\/i0.wp.com\/cdn.media-acidadeon.com.br\/ribeiraopreto\/wp-content\/uploads\/sites\/3\/2026\/03\/image_2026-03-12_23-26-59.webp?resize=984%2C521&#038;ssl=1\" alt=\"image 2026 03 12 23 26 59\" class=\"wp-image-148652\" title=\"S\u00e9ria A4: Pinho n\u00e3o \u00e9 mais t\u00e9cnico do Comercial 2\" srcset=\"https:\/\/cdn.media-acidadeon.com.br\/ribeiraopreto\/wp-content\/uploads\/sites\/3\/2026\/03\/image_2026-03-12_23-26-59.webp 984w, https:\/\/cdn.media-acidadeon.com.br\/ribeiraopreto\/wp-content\/uploads\/sites\/3\/2026\/03\/image_2026-03-12_23-26-59-300x159.webp 300w, https:\/\/cdn.media-acidadeon.com.br\/ribeiraopreto\/wp-content\/uploads\/sites\/3\/2026\/03\/image_2026-03-12_23-26-59-768x407.webp 768w, https:\/\/cdn.media-acidadeon.com.br\/ribeiraopreto\/wp-content\/uploads\/sites\/3\/2026\/03\/image_2026-03-12_23-26-59-696x369.webp 696w\" sizes=\"auto, (max-width: 984px) 100vw, 984px\"\/><figcaption class=\"wp-element-caption\">Foto: Reprodu\u00e7\u00e3o\/FPF<\/figcaption><\/figure>\n<\/div>\n<h4 class=\"wp-block-heading\"><strong>O que diz o Comercial?<\/strong><\/h4>\n<p>A reportagem do <strong>acidade on<\/strong> entrou em contato com a assessoria do Comercial. O clube informou que <strong>n\u00e3o divulgar\u00e1 nota hoje<\/strong> e que, <strong>nesta sexta-feira (13), haver\u00e1 uma reuni\u00e3o entre Pinho e o presidente, Campanelli<\/strong>.<\/p>\n<div class=\"wp-block-image\">\n<figure class=\"aligncenter size-full\"><img data-recalc-dims=\"1\" loading=\"lazy\" decoding=\"async\" width=\"984\" height=\"556\" src=\"https:\/\/i0.wp.com\/cdn.media-acidadeon.com.br\/ribeiraopreto\/wp-content\/uploads\/sites\/3\/2026\/03\/image_2026-03-12_23-03-12.webp?resize=984%2C556&#038;ssl=1\" alt=\"Pinho\" class=\"wp-image-148650\" title=\"S\u00e9ria A4: Pinho n\u00e3o \u00e9 mais t\u00e9cnico do Comercial 3\" srcset=\"https:\/\/cdn.media-acidadeon.com.br\/ribeiraopreto\/wp-content\/uploads\/sites\/3\/2026\/03\/image_2026-03-12_23-03-12.webp 984w, https:\/\/cdn.media-acidadeon.com.br\/ribeiraopreto\/wp-content\/uploads\/sites\/3\/2026\/03\/image_2026-03-12_23-03-12-300x170.webp 300w, https:\/\/cdn.media-acidadeon.com.br\/ribeiraopreto\/wp-content\/uploads\/sites\/3\/2026\/03\/image_2026-03-12_23-03-12-768x434.webp 768w, https:\/\/cdn.media-acidadeon.com.br\/ribeiraopreto\/wp-content\/uploads\/sites\/3\/2026\/03\/image_2026-03-12_23-03-12-696x393.webp 696w\" sizes=\"auto, (max-width: 984px) 100vw, 984px\"\/><figcaption class=\"wp-element-caption\">Foto: Reprodu\u00e7\u00e3o\/Comercial FC<\/figcaption><\/figure>\n<\/div>\n<h3 class=\"wp-block-heading\"><strong>S\u00e9rie A4<\/strong><\/h3>\n<p>O Comercial enfrenta a equipe do Ara\u00e7atuba no s\u00e1bado (14), \u00e0s 15h30, no Est\u00e1dio Adhemar de Barros, em Ara\u00e7atuba. Atualmente, o Bafo ocupa a 11\u00aa coloca\u00e7\u00e3o na tabela, com 7 pontos.<\/p>\n<hr class=\"wp-block-separator has-alpha-channel-opacity\"\/>\n<p>SAIBA MAIS<\/p>\n<p>Chuvas elevam n\u00edvel de barragem e deixam 170 fam\u00edlias em alerta em Ribeir\u00e3o Preto<\/p>\n<h3 class=\"wp-block-heading\"><strong>FIQUE ON<\/strong><\/h3>\n<p>Fique ligado em tudo que acontece em Ribeir\u00e3o Preto e regi\u00e3o. Siga os perfis do<strong>\u00a0acidade on<\/strong>\u00a0no\u00a0<a href=\"https:\/\/www.instagram.com\/acidadeonribeirao\" target=\"_blank\" rel=\"noreferrer noopener\">Instagram\u00a0<\/a>e no\u00a0<a href=\"https:\/\/www.facebook.com\/acidadeonribeirao\/\" target=\"_blank\" rel=\"noreferrer noopener\">Facebook<\/a>.<\/p>\n<p>Receba not\u00edcias do\u00a0<strong>acidade on<\/strong>\u00a0no WhatsApp. Para entrar no grupo,\u00a0basta\u00a0<a href=\"https:\/\/chat.whatsapp.com\/GFH9HUMUTHNFJdnyEd0xxq\" target=\"_blank\" rel=\"noreferrer noopener\">clicar aqui<\/a>. Ou, acesse o nosso\u00a0Canal\u00a0<a href=\"https:\/\/whatsapp.com\/channel\/0029Vb6IQl1JENyAeS57fk2p\" target=\"_blank\" rel=\"noreferrer noopener\">clicando aqui<\/a>.<\/p>\n<p>Fa\u00e7a uma den\u00fancia ou sugira uma reportagem sobre Ribeir\u00e3o Preto e regi\u00e3o pelo WhatsApp: 16 99117 7802.<\/p>\n<p>VEJA TAMB\u00c9M<\/p>\n<p>Carlos Alberto de N\u00f3brega recebe alta do hospital ap\u00f3s tr\u00eas dias internado<\/p>\n<p><!-- AI CONTENT END 1 -->\n<\/div>\n<p><script async src=\"\/\/www.instagram.com\/embed.js\"><\/script><br \/>\n<br \/><br \/>\n<br \/><a href=\"https:\/\/www.acidadeon.com\/ribeiraopreto\/esportes\/seria-a4-pinho-nao-e-mais-tecnico-do-comercial\/\">Source link <\/a><\/p>\n<!-- CONTENT END 1 -->\n","protected":false},"excerpt":{"rendered":"<p>O t\u00e9cnico Ol\u00edmpio Batista Ferreira J\u00fanior, conhecido como Pinho, deixou o comando do Comercial poucos dias ap\u00f3s assumir o cargo. A demiss\u00e3o foi confirmada pelo&#8230;<\/p>\n","protected":false},"author":1,"featured_media":83238,"comment_status":"open","ping_status":"open","sticky":false,"template":"","format":"standard","meta":{"advanced_seo_description":"","jetpack_seo_html_title":"","jetpack_seo_noindex":false,"jetpack_post_was_ever_published":false,"_jetpack_newsletter_access":"","_jetpack_dont_email_post_to_subs":false,"_jetpack_newsletter_tier_id":0,"_jetpack_memberships_contains_paywalled_content":false,"_jetpack_memberships_contains_paid_content":false,"footnotes":"","jetpack_publicize_message":"","jetpack_publicize_feature_enabled":true,"jetpack_social_post_already_shared":true,"jetpack_social_options":{"image_generator_settings":{"template":"highway","default_image_id":0,"font":"","enabled":false},"version":2}},"categories":[11],"tags":[],"class_list":["post-83237","post","type-post","status-publish","format-standard","has-post-thumbnail","hentry","category-noticias-de-ribeirao-preto-sp-e-regiao-ismael-colosi"],"jetpack_publicize_connections":[],"jetpack_featured_media_url":"https:\/\/i0.wp.com\/noticiasribeiraopreto.com.br\/wp-content\/uploads\/2026\/03\/pinho-comercial_2025-04-25_20-26-36.webp.webp?fit=1200%2C900&ssl=1","jetpack-related-posts":[{"id":83214,"url":"https:\/\/noticiasribeiraopreto.com.br\/index.php\/2026\/03\/12\/pinho-surpreende-e-deixa-o-comercial-apos-um-jogo\/","url_meta":{"origin":83237,"position":0},"title":"Pinho surpreende e deixa o Comercial ap\u00f3s um jogo","author":"noticiasribeiraopreto.com.br","date":"12 de March de 2026","format":false,"excerpt":"\r \r \r \r \r 12 de mar\u00e7o de 2026 21:53 \r Compartilhar0 \r Treinador alegou diverg\u00eancias internas com membros da comiss\u00e3o t\u00e9cnica Na noite desta quinta-feira o Comercial foi surpreendido com a sa\u00edda do t\u00e9cnico Pinho. Ele deixou o clube alegando diverg\u00eancias com membros da comiss\u00e3o t\u00e9cnica. Ele sequer\u2026","rel":"","context":"In &quot;Not\u00edcias de Ribeir\u00e3o Preto-SP e Regi\u00e3o&quot;","block_context":{"text":"Not\u00edcias de Ribeir\u00e3o Preto-SP e Regi\u00e3o","link":"https:\/\/noticiasribeiraopreto.com.br\/index.php\/category\/noticias-de-ribeirao-preto-sp-e-regiao-ismael-colosi\/"},"img":{"alt_text":"","src":"https:\/\/i0.wp.com\/noticiasribeiraopreto.com.br\/wp-content\/uploads\/2026\/03\/coemrcial-scaled.jpg?fit=1170%2C780&ssl=1&resize=350%2C200","width":350,"height":200,"srcset":"https:\/\/i0.wp.com\/noticiasribeiraopreto.com.br\/wp-content\/uploads\/2026\/03\/coemrcial-scaled.jpg?fit=1170%2C780&ssl=1&resize=350%2C200 1x, https:\/\/i0.wp.com\/noticiasribeiraopreto.com.br\/wp-content\/uploads\/2026\/03\/coemrcial-scaled.jpg?fit=1170%2C780&ssl=1&resize=525%2C300 1.5x, https:\/\/i0.wp.com\/noticiasribeiraopreto.com.br\/wp-content\/uploads\/2026\/03\/coemrcial-scaled.jpg?fit=1170%2C780&ssl=1&resize=700%2C400 2x, https:\/\/i0.wp.com\/noticiasribeiraopreto.com.br\/wp-content\/uploads\/2026\/03\/coemrcial-scaled.jpg?fit=1170%2C780&ssl=1&resize=1050%2C600 3x"},"classes":[]},{"id":82966,"url":"https:\/\/noticiasribeiraopreto.com.br\/index.php\/2026\/03\/04\/comercial-perde-de-virada-demite-tecnico-e-contrata-pinho\/","url_meta":{"origin":83237,"position":1},"title":"Comercial perde de virada, demite t\u00e9cnico e contrata Pinho","author":"noticiasribeiraopreto.com.br","date":"4 de March de 2026","format":false,"excerpt":"\r Mesmo com um a mais, Bafo \u00e9 superado pelo S\u00e3o Caetano e enfrenta crise\r \r 4 de mar\u00e7o de 2026 17:164 de mar\u00e7o de 2026 17:21 \r Compartilhar1 Por Hugo Luque O Comercial perdeu de virada para o S\u00e3o Caetano por 2 a 1 nesta quarta-feira (4), pela oitava\u2026","rel":"","context":"In &quot;Not\u00edcias de Ribeir\u00e3o Preto-SP e Regi\u00e3o&quot;","block_context":{"text":"Not\u00edcias de Ribeir\u00e3o Preto-SP e Regi\u00e3o","link":"https:\/\/noticiasribeiraopreto.com.br\/index.php\/category\/noticias-de-ribeirao-preto-sp-e-regiao-ismael-colosi\/"},"img":{"alt_text":"","src":"https:\/\/i0.wp.com\/noticiasribeiraopreto.com.br\/wp-content\/uploads\/2026\/03\/1772656083_1-Sao-Caetano-x-Comercial-Barbara-Pires_Comercial-FC-scaled.jpeg?fit=1169%2C780&ssl=1&resize=350%2C200","width":350,"height":200,"srcset":"https:\/\/i0.wp.com\/noticiasribeiraopreto.com.br\/wp-content\/uploads\/2026\/03\/1772656083_1-Sao-Caetano-x-Comercial-Barbara-Pires_Comercial-FC-scaled.jpeg?fit=1169%2C780&ssl=1&resize=350%2C200 1x, https:\/\/i0.wp.com\/noticiasribeiraopreto.com.br\/wp-content\/uploads\/2026\/03\/1772656083_1-Sao-Caetano-x-Comercial-Barbara-Pires_Comercial-FC-scaled.jpeg?fit=1169%2C780&ssl=1&resize=525%2C300 1.5x, https:\/\/i0.wp.com\/noticiasribeiraopreto.com.br\/wp-content\/uploads\/2026\/03\/1772656083_1-Sao-Caetano-x-Comercial-Barbara-Pires_Comercial-FC-scaled.jpeg?fit=1169%2C780&ssl=1&resize=700%2C400 2x, https:\/\/i0.wp.com\/noticiasribeiraopreto.com.br\/wp-content\/uploads\/2026\/03\/1772656083_1-Sao-Caetano-x-Comercial-Barbara-Pires_Comercial-FC-scaled.jpeg?fit=1169%2C780&ssl=1&resize=1050%2C600 3x"},"classes":[]},{"id":82987,"url":"https:\/\/noticiasribeiraopreto.com.br\/index.php\/2026\/03\/05\/comercial-perde-mais-uma-na-serie-a4-demite-tecnico-e-anuncia-pinho\/","url_meta":{"origin":83237,"position":2},"title":"Comercial perde mais uma na S\u00e9rie A4, demite t\u00e9cnico e anuncia Pinho","author":"noticiasribeiraopreto.com.br","date":"5 de March de 2026","format":false,"excerpt":"Na tarde desta quarta-feira (4), o Comercial foi derrotado por 2 a 1 pelo S\u00e3o Caetano, no est\u00e1dio Anacleto Campanella, em partida v\u00e1lida pela S\u00e9rie A4 do Campeonato Paulista. No final do jogo, a assessoria do clube anunciou a demiss\u00e3o do t\u00e9cnico Raphael Pereira. O clube passa a ser comandado\u2026","rel":"","context":"In &quot;Not\u00edcias de Ribeir\u00e3o Preto-SP e Regi\u00e3o&quot;","block_context":{"text":"Not\u00edcias de Ribeir\u00e3o Preto-SP e Regi\u00e3o","link":"https:\/\/noticiasribeiraopreto.com.br\/index.php\/category\/noticias-de-ribeirao-preto-sp-e-regiao-ismael-colosi\/"},"img":{"alt_text":"","src":"https:\/\/i0.wp.com\/noticiasribeiraopreto.com.br\/wp-content\/uploads\/2026\/03\/WhatsApp-Image-2026-03-04-at-16.45.46-1_2026-03-04_20-16-02.webp.webp?fit=1200%2C801&ssl=1&resize=350%2C200","width":350,"height":200,"srcset":"https:\/\/i0.wp.com\/noticiasribeiraopreto.com.br\/wp-content\/uploads\/2026\/03\/WhatsApp-Image-2026-03-04-at-16.45.46-1_2026-03-04_20-16-02.webp.webp?fit=1200%2C801&ssl=1&resize=350%2C200 1x, https:\/\/i0.wp.com\/noticiasribeiraopreto.com.br\/wp-content\/uploads\/2026\/03\/WhatsApp-Image-2026-03-04-at-16.45.46-1_2026-03-04_20-16-02.webp.webp?fit=1200%2C801&ssl=1&resize=525%2C300 1.5x, https:\/\/i0.wp.com\/noticiasribeiraopreto.com.br\/wp-content\/uploads\/2026\/03\/WhatsApp-Image-2026-03-04-at-16.45.46-1_2026-03-04_20-16-02.webp.webp?fit=1200%2C801&ssl=1&resize=700%2C400 2x, https:\/\/i0.wp.com\/noticiasribeiraopreto.com.br\/wp-content\/uploads\/2026\/03\/WhatsApp-Image-2026-03-04-at-16.45.46-1_2026-03-04_20-16-02.webp.webp?fit=1200%2C801&ssl=1&resize=1050%2C600 3x"},"classes":[]},{"id":85333,"url":"https:\/\/noticiasribeiraopreto.com.br\/index.php\/2026\/04\/29\/raphael-pereira-retorna-para-comandar-comercial-na-copa-paulista\/","url_meta":{"origin":83237,"position":3},"title":"Raphael Pereira retorna para comandar Comercial na Copa Paulista","author":"noticiasribeiraopreto.com.br","date":"29 de April de 2026","format":false,"excerpt":"\r T\u00e9cnico esteve \u00e0 frente do Bafo em quatro partidas na S\u00e9rie A4 deste ano\r \r 29 de abril de 2026 12:56 \r Compartilhar1 Por Hugo Luque O Comercial oficializou o retorno de Raphael Pereira para o cargo de t\u00e9cnico. Menos de dois meses ap\u00f3s sua demiss\u00e3o, o profissional de\u2026","rel":"","context":"In &quot;Not\u00edcias de Ribeir\u00e3o Preto-SP e Regi\u00e3o&quot;","block_context":{"text":"Not\u00edcias de Ribeir\u00e3o Preto-SP e Regi\u00e3o","link":"https:\/\/noticiasribeiraopreto.com.br\/index.php\/category\/noticias-de-ribeirao-preto-sp-e-regiao-ismael-colosi\/"},"img":{"alt_text":"","src":"https:\/\/i0.wp.com\/noticiasribeiraopreto.com.br\/wp-content\/uploads\/2026\/04\/2-TEC-Raphael-Pereira-Raul-Ramos.jpg?fit=799%2C533&ssl=1&resize=350%2C200","width":350,"height":200,"srcset":"https:\/\/i0.wp.com\/noticiasribeiraopreto.com.br\/wp-content\/uploads\/2026\/04\/2-TEC-Raphael-Pereira-Raul-Ramos.jpg?fit=799%2C533&ssl=1&resize=350%2C200 1x, https:\/\/i0.wp.com\/noticiasribeiraopreto.com.br\/wp-content\/uploads\/2026\/04\/2-TEC-Raphael-Pereira-Raul-Ramos.jpg?fit=799%2C533&ssl=1&resize=525%2C300 1.5x, https:\/\/i0.wp.com\/noticiasribeiraopreto.com.br\/wp-content\/uploads\/2026\/04\/2-TEC-Raphael-Pereira-Raul-Ramos.jpg?fit=799%2C533&ssl=1&resize=700%2C400 2x"},"classes":[]},{"id":68493,"url":"https:\/\/noticiasribeiraopreto.com.br\/index.php\/2025\/04\/25\/situacao-financeira-muito-pior-disse-pinho-na-apresentacao-como-gerente-do-comercial\/","url_meta":{"origin":83237,"position":4},"title":"\u2018Situa\u00e7\u00e3o financeira muito pior\u2019, disse Pinho na apresenta\u00e7\u00e3o como gerente do Comercial","author":"noticiasribeiraopreto.com.br","date":"25 de April de 2025","format":false,"excerpt":"O Comercial apresentou nesta sexta-feira (25) Pinho como novo gerente de futebol do clube. T\u00e9cnico com tr\u00eas passagens pelo Le\u00e3o do Norte, Pinho disse que a equipe de Ribeir\u00e3o Preto ter\u00e1 de recome\u00e7ar do zero no planejamento da Copa Paulista. Pinho foi treinador do alvinegro em 2006 e em 2018,\u2026","rel":"","context":"In &quot;Not\u00edcias de Ribeir\u00e3o Preto-SP e Regi\u00e3o&quot;","block_context":{"text":"Not\u00edcias de Ribeir\u00e3o Preto-SP e Regi\u00e3o","link":"https:\/\/noticiasribeiraopreto.com.br\/index.php\/category\/noticias-de-ribeirao-preto-sp-e-regiao-ismael-colosi\/"},"img":{"alt_text":"","src":"https:\/\/i0.wp.com\/noticiasribeiraopreto.com.br\/wp-content\/uploads\/2025\/04\/pinho-comercial_2025-04-25_20-26-36.webp.webp?fit=1200%2C900&ssl=1&resize=350%2C200","width":350,"height":200,"srcset":"https:\/\/i0.wp.com\/noticiasribeiraopreto.com.br\/wp-content\/uploads\/2025\/04\/pinho-comercial_2025-04-25_20-26-36.webp.webp?fit=1200%2C900&ssl=1&resize=350%2C200 1x, https:\/\/i0.wp.com\/noticiasribeiraopreto.com.br\/wp-content\/uploads\/2025\/04\/pinho-comercial_2025-04-25_20-26-36.webp.webp?fit=1200%2C900&ssl=1&resize=525%2C300 1.5x, https:\/\/i0.wp.com\/noticiasribeiraopreto.com.br\/wp-content\/uploads\/2025\/04\/pinho-comercial_2025-04-25_20-26-36.webp.webp?fit=1200%2C900&ssl=1&resize=700%2C400 2x, https:\/\/i0.wp.com\/noticiasribeiraopreto.com.br\/wp-content\/uploads\/2025\/04\/pinho-comercial_2025-04-25_20-26-36.webp.webp?fit=1200%2C900&ssl=1&resize=1050%2C600 3x"},"classes":[]},{"id":68450,"url":"https:\/\/noticiasribeiraopreto.com.br\/index.php\/2025\/04\/25\/comercial-oficializa-gerente-de-futebol\/","url_meta":{"origin":83237,"position":5},"title":"Comercial oficializa gerente de futebol","author":"noticiasribeiraopreto.com.br","date":"25 de April de 2025","format":false,"excerpt":"25 de abril de 2025 13:172 Compartilhar0 Por Hugo Luque O Comercial anunciou, na manh\u00e3 desta sexta-feira (25), a contrata\u00e7\u00e3o de seu novo gerente de futebol. Ex-t\u00e9cnico do clube, Pinho ser\u00e1 o respons\u00e1vel por comandar o futebol do Bafo de olho na Copa Paulista. O Le\u00e3o do Norte precisa montar\u2026","rel":"","context":"In &quot;Not\u00edcias de Ribeir\u00e3o Preto-SP e Regi\u00e3o&quot;","block_context":{"text":"Not\u00edcias de Ribeir\u00e3o Preto-SP e Regi\u00e3o","link":"https:\/\/noticiasribeiraopreto.com.br\/index.php\/category\/noticias-de-ribeirao-preto-sp-e-regiao-ismael-colosi\/"},"img":{"alt_text":"","src":"https:\/\/i0.wp.com\/noticiasribeiraopreto.com.br\/wp-content\/uploads\/2025\/04\/WhatsApp-Image-2025-04-25-at-13.15.28-scaled.jpeg?fit=749%2C500&ssl=1&resize=350%2C200","width":350,"height":200,"srcset":"https:\/\/i0.wp.com\/noticiasribeiraopreto.com.br\/wp-content\/uploads\/2025\/04\/WhatsApp-Image-2025-04-25-at-13.15.28-scaled.jpeg?fit=749%2C500&ssl=1&resize=350%2C200 1x, https:\/\/i0.wp.com\/noticiasribeiraopreto.com.br\/wp-content\/uploads\/2025\/04\/WhatsApp-Image-2025-04-25-at-13.15.28-scaled.jpeg?fit=749%2C500&ssl=1&resize=525%2C300 1.5x, https:\/\/i0.wp.com\/noticiasribeiraopreto.com.br\/wp-content\/uploads\/2025\/04\/WhatsApp-Image-2025-04-25-at-13.15.28-scaled.jpeg?fit=749%2C500&ssl=1&resize=700%2C400 2x"},"classes":[]}],"jetpack_sharing_enabled":true,"jetpack_shortlink":"https:\/\/wp.me\/peQAOb-lEx","_links":{"self":[{"href":"https:\/\/noticiasribeiraopreto.com.br\/index.php\/wp-json\/wp\/v2\/posts\/83237","targetHints":{"allow":["GET"]}}],"collection":[{"href":"https:\/\/noticiasribeiraopreto.com.br\/index.php\/wp-json\/wp\/v2\/posts"}],"about":[{"href":"https:\/\/noticiasribeiraopreto.com.br\/index.php\/wp-json\/wp\/v2\/types\/post"}],"author":[{"embeddable":true,"href":"https:\/\/noticiasribeiraopreto.com.br\/index.php\/wp-json\/wp\/v2\/users\/1"}],"replies":[{"embeddable":true,"href":"https:\/\/noticiasribeiraopreto.com.br\/index.php\/wp-json\/wp\/v2\/comments?post=83237"}],"version-history":[{"count":0,"href":"https:\/\/noticiasribeiraopreto.com.br\/index.php\/wp-json\/wp\/v2\/posts\/83237\/revisions"}],"wp:featuredmedia":[{"embeddable":true,"href":"https:\/\/noticiasribeiraopreto.com.br\/index.php\/wp-json\/wp\/v2\/media\/83238"}],"wp:attachment":[{"href":"https:\/\/noticiasribeiraopreto.com.br\/index.php\/wp-json\/wp\/v2\/media?parent=83237"}],"wp:term":[{"taxonomy":"category","embeddable":true,"href":"https:\/\/noticiasribeiraopreto.com.br\/index.php\/wp-json\/wp\/v2\/categories?post=83237"},{"taxonomy":"post_tag","embeddable":true,"href":"https:\/\/noticiasribeiraopreto.com.br\/index.php\/wp-json\/wp\/v2\/tags?post=83237"}],"curies":[{"name":"wp","href":"https:\/\/api.w.org\/{rel}","templated":true}]}}