{"id":83239,"date":"2026-03-13T11:01:15","date_gmt":"2026-03-13T14:01:15","guid":{"rendered":"https:\/\/noticiasribeiraopreto.com.br\/index.php\/2026\/03\/13\/orgaos-discutem-melhorias-no-acesso-a-avenida-presidente-vargas-em-ribeirao-preto\/"},"modified":"2026-03-13T11:01:15","modified_gmt":"2026-03-13T14:01:15","slug":"orgaos-discutem-melhorias-no-acesso-a-avenida-presidente-vargas-em-ribeirao-preto","status":"publish","type":"post","link":"https:\/\/noticiasribeiraopreto.com.br\/index.php\/2026\/03\/13\/orgaos-discutem-melhorias-no-acesso-a-avenida-presidente-vargas-em-ribeirao-preto\/","title":{"rendered":"\u00d3rg\u00e3os discutem melhorias no acesso \u00e0 avenida Presidente Vargas em Ribeir\u00e3o Preto"},"content":{"rendered":"<div class='code-block code-block-1' style='margin: 8px 0 8px auto; text-align: right; display: block; clear: both;'>\n<p><a href=\"https:\/\/wa.link\/vpicfd\"><img data-recalc-dims=\"1\" class=\"wp-image-4922\" style=\"aspect-ratio: 2.0253164556962027; width: 561px; height: auto;\" src=\"https:\/\/i0.wp.com\/ismaelcolosi.com.br\/wp-content\/uploads\/2023\/11\/grupo-de-empregos-whatsapp-e-facebook-ismael-colosi-vagas.jpg?ssl=1\" alt=\"\" \/><\/a><\/p>\n<!-- \/wp:image -->\n<\/div>\n<p> <br \/>\n<\/p>\n<div data-td-block-uid=\"tdi_95\">\n<div class=\"tdb-block-inner td-fix-index\">\n<p>Representantes da <strong>RP Mobi<\/strong>, da concession\u00e1ria <strong>Arteris ViaPaulista <\/strong>e do<strong> Departamento de Mobilidade Urbana da Prefeitura de Ribeir\u00e3o Preto<\/strong> realizaram, na quarta-feira (11), uma reuni\u00e3o para discutir o fluxo de ve\u00edculos no acesso \u00e0 avenida Presidente Vargas, um dos principais corredores vi\u00e1rios da cidade.<\/p>\n<p>O encontro aconteceu na sede da RP Mobi e reuniu equipes t\u00e9cnicas respons\u00e1veis pelo planejamento, opera\u00e7\u00e3o e seguran\u00e7a vi\u00e1ria, al\u00e9m de representantes da concession\u00e1ria que administra a rodovia Jos\u00e9 Fregonesi (SP-328).<\/p>\n<h3 class=\"wp-block-heading\"><strong>An\u00e1lise do fluxo de ve\u00edculos<\/strong><\/h3>\n<p>Durante a reuni\u00e3o, os <strong>participantes analisaram o cen\u00e1rio atual do tr\u00e1fego no local e debateram alternativas para melhorar a mobilidade e aumentar a fluidez do tr\u00e2nsito na regi\u00e3o.<\/strong> Entre os temas discutidos, os t\u00e9cnicos avaliaram poss\u00edveis ajustes no tempo do ciclo semaf\u00f3rico da rotat\u00f3ria que conecta a rodovia ao acesso urbano.<\/p>\n<div class=\"wp-block-image\">\n<figure class=\"aligncenter size-large\"><img data-recalc-dims=\"1\" fetchpriority=\"high\" decoding=\"async\" width=\"1024\" height=\"682\" src=\"https:\/\/i0.wp.com\/cdn.media-acidadeon.com.br\/ribeiraopreto\/wp-content\/uploads\/sites\/3\/2026\/03\/image_2026-03-12_21-15-46-1024x682.webp?resize=1024%2C682&#038;ssl=1\" alt=\"\u00f3rg\u00e3os\" class=\"wp-image-148643\" title=\"\u00d3rg\u00e3os discutem melhorias no acesso \u00e0 avenida Presidente Vargas em Ribeir\u00e3o Preto 1\" srcset=\"https:\/\/cdn.media-acidadeon.com.br\/ribeiraopreto\/wp-content\/uploads\/sites\/3\/2026\/03\/image_2026-03-12_21-15-46-1024x682.webp 1024w, https:\/\/cdn.media-acidadeon.com.br\/ribeiraopreto\/wp-content\/uploads\/sites\/3\/2026\/03\/image_2026-03-12_21-15-46-300x200.webp 300w, https:\/\/cdn.media-acidadeon.com.br\/ribeiraopreto\/wp-content\/uploads\/sites\/3\/2026\/03\/image_2026-03-12_21-15-46-768x511.webp 768w, https:\/\/cdn.media-acidadeon.com.br\/ribeiraopreto\/wp-content\/uploads\/sites\/3\/2026\/03\/image_2026-03-12_21-15-46-696x463.webp 696w, https:\/\/cdn.media-acidadeon.com.br\/ribeiraopreto\/wp-content\/uploads\/sites\/3\/2026\/03\/image_2026-03-12_21-15-46-1068x711.webp 1068w, https:\/\/cdn.media-acidadeon.com.br\/ribeiraopreto\/wp-content\/uploads\/sites\/3\/2026\/03\/image_2026-03-12_21-15-46.webp 1200w\" sizes=\"(max-width: 1024px) 100vw, 1024px\"\/><figcaption class=\"wp-element-caption\">Foto:\u00a0 Divulga\u00e7\u00e3o<\/figcaption><\/figure>\n<\/div>\n<p>O sistema j\u00e1 passou por altera\u00e7\u00f5es anteriores e agora integra uma nova etapa de an\u00e1lise, que deve considerar dados atualizados sobre o comportamento do tr\u00e1fego.<\/p>\n<h3 class=\"wp-block-heading\"><strong>Amplia\u00e7\u00e3o do monitoramento<\/strong><\/h3>\n<p>Outro ponto abordado envolveu a possibilidade de ampliar o monitoramento do tr\u00e1fego no trecho. A proposta prev\u00ea a coleta de dados mais detalhados sobre o volume e o perfil dos ve\u00edculos que utilizam o acesso \u00e0 cidade.<\/p>\n<p>As informa\u00e7\u00f5es devem apoiar avalia\u00e7\u00f5es t\u00e9cnicas e orientar futuras decis\u00f5es relacionadas \u00e0 mobilidade urbana.<\/p>\n<hr class=\"wp-block-separator has-alpha-channel-opacity\"\/>\n<p>SAIBA MAIS<\/p>\n<p>Chuvas elevam n\u00edvel de barragem e deixam 170 fam\u00edlias em alerta em Ribeir\u00e3o Preto<\/p>\n<h3 class=\"wp-block-heading\"><strong>FIQUE ON<\/strong><\/h3>\n<p>Fique ligado em tudo que acontece em Ribeir\u00e3o Preto e regi\u00e3o. Siga os perfis do<strong>\u00a0acidade on<\/strong>\u00a0no\u00a0<a href=\"https:\/\/www.instagram.com\/acidadeonribeirao\" target=\"_blank\" rel=\"noreferrer noopener\">Instagram\u00a0<\/a>e no\u00a0<a href=\"https:\/\/www.facebook.com\/acidadeonribeirao\/\" target=\"_blank\" rel=\"noreferrer noopener\">Facebook<\/a>.<\/p>\n<p>Receba not\u00edcias do\u00a0<strong>acidade on<\/strong>\u00a0no WhatsApp. Para entrar no grupo,\u00a0basta\u00a0<a href=\"https:\/\/chat.whatsapp.com\/GFH9HUMUTHNFJdnyEd0xxq\" target=\"_blank\" rel=\"noreferrer noopener\">clicar aqui<\/a>. Ou, acesse o nosso\u00a0Canal\u00a0<a href=\"https:\/\/whatsapp.com\/channel\/0029Vb6IQl1JENyAeS57fk2p\" target=\"_blank\" rel=\"noreferrer noopener\">clicando aqui<\/a>.<\/p>\n<p>Fa\u00e7a uma den\u00fancia ou sugira uma reportagem sobre Ribeir\u00e3o Preto e regi\u00e3o pelo WhatsApp: 16 99117 7802.<\/p>\n<p>VEJA TAMB\u00c9M<\/p>\n<p>Carlos Alberto de N\u00f3brega recebe alta do hospital ap\u00f3s tr\u00eas dias internado<\/p>\n<p><!-- AI CONTENT END 1 -->\n<\/div>\n<\/div>\n<p><script async src=\"\/\/www.instagram.com\/embed.js\"><\/script><br \/>\n<br \/><br \/>\n<br \/><a href=\"https:\/\/www.acidadeon.com\/ribeiraopreto\/politica\/orgaos-discutem-melhorias-no-acesso-a-avenida-presidente-vargas-em-ribeirao-preto\/\">Source link <\/a><\/p>\n<!-- CONTENT END 1 -->\n","protected":false},"excerpt":{"rendered":"<p>Representantes da RP Mobi, da concession\u00e1ria Arteris ViaPaulista e do Departamento de Mobilidade Urbana da Prefeitura de Ribeir\u00e3o Preto realizaram, na quarta-feira (11), uma reuni\u00e3o&#8230;<\/p>\n","protected":false},"author":1,"featured_media":83240,"comment_status":"open","ping_status":"open","sticky":false,"template":"","format":"standard","meta":{"advanced_seo_description":"","jetpack_seo_html_title":"","jetpack_seo_noindex":false,"jetpack_post_was_ever_published":false,"_jetpack_newsletter_access":"","_jetpack_dont_email_post_to_subs":false,"_jetpack_newsletter_tier_id":0,"_jetpack_memberships_contains_paywalled_content":false,"_jetpack_memberships_contains_paid_content":false,"footnotes":"","jetpack_publicize_message":"","jetpack_publicize_feature_enabled":true,"jetpack_social_post_already_shared":true,"jetpack_social_options":{"image_generator_settings":{"template":"highway","default_image_id":0,"font":"","enabled":false},"version":2}},"categories":[11],"tags":[],"class_list":["post-83239","post","type-post","status-publish","format-standard","has-post-thumbnail","hentry","category-noticias-de-ribeirao-preto-sp-e-regiao-ismael-colosi"],"jetpack_publicize_connections":[],"jetpack_featured_media_url":"https:\/\/i0.wp.com\/noticiasribeiraopreto.com.br\/wp-content\/uploads\/2026\/03\/transito-2_2026-02-27_14-16-48.webp.webp?fit=1200%2C868&ssl=1","jetpack-related-posts":[{"id":75815,"url":"https:\/\/noticiasribeiraopreto.com.br\/index.php\/2025\/08\/15\/rp-mobi-alerta-para-bloqueios-e-rotas-alternativas-durante-eventos-em-ribeirao\/","url_meta":{"origin":83239,"position":0},"title":"RP Mobi alerta para bloqueios e rotas alternativas durante eventos em Ribeir\u00e3o","author":"noticiasribeiraopreto.com.br","date":"15 de August de 2025","format":false,"excerpt":"O tr\u00e2nsito de Ribeir\u00e3o Preto sofrer\u00e1 altera\u00e7\u00f5es neste final de semana devido \u00e0 realiza\u00e7\u00e3o de tr\u00eas eventos no munic\u00edpio. Por esse motivo, a RP Mobi, empresa de mobilidade urbana da cidade, alerta os condutores a ficarem atentos aos bloqueios e a utilizarem rotas alternativas para evitar transtornos (veja abaixo). Bloqueios\u2026","rel":"","context":"In &quot;Not\u00edcias de Ribeir\u00e3o Preto-SP e Regi\u00e3o&quot;","block_context":{"text":"Not\u00edcias de Ribeir\u00e3o Preto-SP e Regi\u00e3o","link":"https:\/\/noticiasribeiraopreto.com.br\/index.php\/category\/noticias-de-ribeirao-preto-sp-e-regiao-ismael-colosi\/"},"img":{"alt_text":"","src":"https:\/\/i0.wp.com\/noticiasribeiraopreto.com.br\/wp-content\/uploads\/2025\/08\/a.ok_.interdicoestransito_2025-08-15_19-33-18.webp.webp?fit=1200%2C800&ssl=1&resize=350%2C200","width":350,"height":200,"srcset":"https:\/\/i0.wp.com\/noticiasribeiraopreto.com.br\/wp-content\/uploads\/2025\/08\/a.ok_.interdicoestransito_2025-08-15_19-33-18.webp.webp?fit=1200%2C800&ssl=1&resize=350%2C200 1x, https:\/\/i0.wp.com\/noticiasribeiraopreto.com.br\/wp-content\/uploads\/2025\/08\/a.ok_.interdicoestransito_2025-08-15_19-33-18.webp.webp?fit=1200%2C800&ssl=1&resize=525%2C300 1.5x, https:\/\/i0.wp.com\/noticiasribeiraopreto.com.br\/wp-content\/uploads\/2025\/08\/a.ok_.interdicoestransito_2025-08-15_19-33-18.webp.webp?fit=1200%2C800&ssl=1&resize=700%2C400 2x, https:\/\/i0.wp.com\/noticiasribeiraopreto.com.br\/wp-content\/uploads\/2025\/08\/a.ok_.interdicoestransito_2025-08-15_19-33-18.webp.webp?fit=1200%2C800&ssl=1&resize=1050%2C600 3x"},"classes":[]},{"id":4372,"url":"https:\/\/noticiasribeiraopreto.com.br\/index.php\/2023\/11\/21\/tunel-sera-interditado-novamente-em-ribeirao-preto-veja-o-motivo\/","url_meta":{"origin":83239,"position":1},"title":"T\u00fanel ser\u00e1 interditado novamente em Ribeir\u00e3o Preto; Veja o motivo","author":"noticiasribeiraopreto.com.br","date":"21 de November de 2023","format":false,"excerpt":"O t\u00fanel Jos\u00e9 Bonif\u00e1cio, entre as avenidas Independ\u00eancia e Presidente Vargas, em Ribeir\u00e3o Preto, ser\u00e1 interditado novamente na tarde desta ter\u00e7a-feira (21). De acordo com a RP Mobi, a interdi\u00e7\u00e3o \u00e9 necess\u00e1ria para pintura do t\u00fanel. A interdi\u00e7\u00e3o do dispositivo come\u00e7a \u00e0s 14h e a previs\u00e3o \u00e9 que a via\u2026","rel":"","context":"In &quot;Not\u00edcias de Ribeir\u00e3o Preto-SP e Regi\u00e3o&quot;","block_context":{"text":"Not\u00edcias de Ribeir\u00e3o Preto-SP e Regi\u00e3o","link":"https:\/\/noticiasribeiraopreto.com.br\/index.php\/category\/noticias-de-ribeirao-preto-sp-e-regiao-ismael-colosi\/"},"img":{"alt_text":"","src":"https:\/\/i0.wp.com\/noticiasribeiraopreto.com.br\/wp-content\/uploads\/2023\/11\/1700578607_tunel-jose-bonifacio.jpg?fit=1200%2C800&ssl=1&resize=350%2C200","width":350,"height":200,"srcset":"https:\/\/i0.wp.com\/noticiasribeiraopreto.com.br\/wp-content\/uploads\/2023\/11\/1700578607_tunel-jose-bonifacio.jpg?fit=1200%2C800&ssl=1&resize=350%2C200 1x, https:\/\/i0.wp.com\/noticiasribeiraopreto.com.br\/wp-content\/uploads\/2023\/11\/1700578607_tunel-jose-bonifacio.jpg?fit=1200%2C800&ssl=1&resize=525%2C300 1.5x, https:\/\/i0.wp.com\/noticiasribeiraopreto.com.br\/wp-content\/uploads\/2023\/11\/1700578607_tunel-jose-bonifacio.jpg?fit=1200%2C800&ssl=1&resize=700%2C400 2x, https:\/\/i0.wp.com\/noticiasribeiraopreto.com.br\/wp-content\/uploads\/2023\/11\/1700578607_tunel-jose-bonifacio.jpg?fit=1200%2C800&ssl=1&resize=1050%2C600 3x"},"classes":[]},{"id":79666,"url":"https:\/\/noticiasribeiraopreto.com.br\/index.php\/2025\/11\/05\/entenda-por-que-transito-ficou-congestionado-na-avenida-presidente-vargas\/","url_meta":{"origin":83239,"position":2},"title":"Entenda por que tr\u00e2nsito ficou congestionado na avenida Presidente Vargas","author":"noticiasribeiraopreto.com.br","date":"5 de November de 2025","format":false,"excerpt":"O motorista que passou pela avenida Presidente Vargas, na zona Sul de Ribeir\u00e3o Preto, na manh\u00e3 desta quarta-feira (5), enfrentou um momento de congestionamento perto da rotat\u00f3ria da avenida Jos\u00e9 Adolfo Bianco Molina. O local foi interditado por alguns minutos para uma grava\u00e7\u00e3o com os novos \u00f4nibus do transporte coletivo.\u2026","rel":"","context":"In &quot;Not\u00edcias de Ribeir\u00e3o Preto-SP e Regi\u00e3o&quot;","block_context":{"text":"Not\u00edcias de Ribeir\u00e3o Preto-SP e Regi\u00e3o","link":"https:\/\/noticiasribeiraopreto.com.br\/index.php\/category\/noticias-de-ribeirao-preto-sp-e-regiao-ismael-colosi\/"},"img":{"alt_text":"","src":"https:\/\/i0.wp.com\/noticiasribeiraopreto.com.br\/wp-content\/uploads\/2025\/11\/transito-ribeirao-preto_2025-11-05_14-36-27.webp.webp?fit=900%2C893&ssl=1&resize=350%2C200","width":350,"height":200,"srcset":"https:\/\/i0.wp.com\/noticiasribeiraopreto.com.br\/wp-content\/uploads\/2025\/11\/transito-ribeirao-preto_2025-11-05_14-36-27.webp.webp?fit=900%2C893&ssl=1&resize=350%2C200 1x, https:\/\/i0.wp.com\/noticiasribeiraopreto.com.br\/wp-content\/uploads\/2025\/11\/transito-ribeirao-preto_2025-11-05_14-36-27.webp.webp?fit=900%2C893&ssl=1&resize=525%2C300 1.5x, https:\/\/i0.wp.com\/noticiasribeiraopreto.com.br\/wp-content\/uploads\/2025\/11\/transito-ribeirao-preto_2025-11-05_14-36-27.webp.webp?fit=900%2C893&ssl=1&resize=700%2C400 2x"},"classes":[]},{"id":10442,"url":"https:\/\/noticiasribeiraopreto.com.br\/index.php\/2023\/12\/04\/ribeirao-preto-participa-de-audiencia-com-dirigentes-paulistas-de-mobilidade-urbana\/","url_meta":{"origin":83239,"position":3},"title":"Ribeir\u00e3o Preto participa de audi\u00eancia com dirigentes paulistas de mobilidade urbana \u2013 Folha de Ribeir\u00e3o","author":"noticiasribeiraopreto.com.br","date":"4 de December de 2023","format":false,"excerpt":"A RP Mobi, empresa da prefeitura de Ribeir\u00e3o Preto, representou o munic\u00edpio, na semana passada, em Praia Grande (SP), na 88\u00aa edi\u00e7\u00e3o da reuni\u00e3o do F\u00f3rum Paulista de Secret\u00e1rios e Dirigentes P\u00fablicos de Mobilidade Urbana. O evento reuniu representantes de 55 munic\u00edpios, do governo estadual, t\u00e9cnicos e gestores p\u00fablicos, al\u00e9m\u2026","rel":"","context":"In &quot;Not\u00edcias de Ribeir\u00e3o Preto-SP e Regi\u00e3o&quot;","block_context":{"text":"Not\u00edcias de Ribeir\u00e3o Preto-SP e Regi\u00e3o","link":"https:\/\/noticiasribeiraopreto.com.br\/index.php\/category\/noticias-de-ribeirao-preto-sp-e-regiao-ismael-colosi\/"},"img":{"alt_text":"","src":"https:\/\/i0.wp.com\/noticiasribeiraopreto.com.br\/wp-content\/uploads\/2023\/12\/forum-2757.jpg?fit=1200%2C800&ssl=1&resize=350%2C200","width":350,"height":200,"srcset":"https:\/\/i0.wp.com\/noticiasribeiraopreto.com.br\/wp-content\/uploads\/2023\/12\/forum-2757.jpg?fit=1200%2C800&ssl=1&resize=350%2C200 1x, https:\/\/i0.wp.com\/noticiasribeiraopreto.com.br\/wp-content\/uploads\/2023\/12\/forum-2757.jpg?fit=1200%2C800&ssl=1&resize=525%2C300 1.5x, https:\/\/i0.wp.com\/noticiasribeiraopreto.com.br\/wp-content\/uploads\/2023\/12\/forum-2757.jpg?fit=1200%2C800&ssl=1&resize=700%2C400 2x, https:\/\/i0.wp.com\/noticiasribeiraopreto.com.br\/wp-content\/uploads\/2023\/12\/forum-2757.jpg?fit=1200%2C800&ssl=1&resize=1050%2C600 3x"},"classes":[]},{"id":78920,"url":"https:\/\/noticiasribeiraopreto.com.br\/index.php\/2025\/10\/21\/caminhao-cegonha-tumultua-transito-na-zona-sul\/","url_meta":{"origin":83239,"position":4},"title":"Caminh\u00e3o-cegonha tumultua tr\u00e2nsito na zona Sul","author":"noticiasribeiraopreto.com.br","date":"21 de October de 2025","format":false,"excerpt":"Carreta derrubou fia\u00e7\u00e3o em cruzamento no Nova Alian\u00e7a e causou caos para motoristas daquela regi\u00e3o 21 de outubro de 2025 09:594 Compartilhar1 Por: Adalberto Luque Um caminh\u00e3o-cegonha causou transtorno no tr\u00e2nsito de v\u00e1rias ruas da zona Sul de Ribeir\u00e3o Preto, na manh\u00e3 desta ter\u00e7a-feira (21). A carreta, carregada com ve\u00edculos,\u2026","rel":"","context":"In &quot;Not\u00edcias de Ribeir\u00e3o Preto-SP e Regi\u00e3o&quot;","block_context":{"text":"Not\u00edcias de Ribeir\u00e3o Preto-SP e Regi\u00e3o","link":"https:\/\/noticiasribeiraopreto.com.br\/index.php\/category\/noticias-de-ribeirao-preto-sp-e-regiao-ismael-colosi\/"},"img":{"alt_text":"","src":"https:\/\/i0.wp.com\/noticiasribeiraopreto.com.br\/wp-content\/uploads\/2025\/10\/21-out-2025-acidenterotatoria2-scaled.jpg?fit=1170%2C780&ssl=1&resize=350%2C200","width":350,"height":200,"srcset":"https:\/\/i0.wp.com\/noticiasribeiraopreto.com.br\/wp-content\/uploads\/2025\/10\/21-out-2025-acidenterotatoria2-scaled.jpg?fit=1170%2C780&ssl=1&resize=350%2C200 1x, https:\/\/i0.wp.com\/noticiasribeiraopreto.com.br\/wp-content\/uploads\/2025\/10\/21-out-2025-acidenterotatoria2-scaled.jpg?fit=1170%2C780&ssl=1&resize=525%2C300 1.5x, https:\/\/i0.wp.com\/noticiasribeiraopreto.com.br\/wp-content\/uploads\/2025\/10\/21-out-2025-acidenterotatoria2-scaled.jpg?fit=1170%2C780&ssl=1&resize=700%2C400 2x, https:\/\/i0.wp.com\/noticiasribeiraopreto.com.br\/wp-content\/uploads\/2025\/10\/21-out-2025-acidenterotatoria2-scaled.jpg?fit=1170%2C780&ssl=1&resize=1050%2C600 3x"},"classes":[]},{"id":83049,"url":"https:\/\/noticiasribeiraopreto.com.br\/index.php\/2026\/03\/07\/eventos-provocam-bloqueios-no-transito-de-ribeirao-preto-veja-os-locais\/","url_meta":{"origin":83239,"position":5},"title":"Eventos provocam bloqueios no tr\u00e2nsito de Ribeir\u00e3o Preto; veja os locais","author":"noticiasribeiraopreto.com.br","date":"7 de March de 2026","format":false,"excerpt":"Motoristas de Ribeir\u00e3o Preto devem ficar atentos, pois o tr\u00e2nsito na cidade ter\u00e1 mudan\u00e7as neste domingo (8) por causa de dois eventos programados: a corrida de rua Santander Track&Field Run Series e a Cavalgada 2026. As atividades v\u00e3o acontecer em diferentes regi\u00f5es e provocar\u00e3o interdi\u00e7\u00f5es tempor\u00e1rias em avenidas importantes, o\u2026","rel":"","context":"In &quot;Not\u00edcias de Ribeir\u00e3o Preto-SP e Regi\u00e3o&quot;","block_context":{"text":"Not\u00edcias de Ribeir\u00e3o Preto-SP e Regi\u00e3o","link":"https:\/\/noticiasribeiraopreto.com.br\/index.php\/category\/noticias-de-ribeirao-preto-sp-e-regiao-ismael-colosi\/"},"img":{"alt_text":"","src":"https:\/\/i0.wp.com\/noticiasribeiraopreto.com.br\/wp-content\/uploads\/2025\/12\/interdicoes_004_2025-12-12_21-33-02.webp.webp?fit=1200%2C799&ssl=1&resize=350%2C200","width":350,"height":200,"srcset":"https:\/\/i0.wp.com\/noticiasribeiraopreto.com.br\/wp-content\/uploads\/2025\/12\/interdicoes_004_2025-12-12_21-33-02.webp.webp?fit=1200%2C799&ssl=1&resize=350%2C200 1x, https:\/\/i0.wp.com\/noticiasribeiraopreto.com.br\/wp-content\/uploads\/2025\/12\/interdicoes_004_2025-12-12_21-33-02.webp.webp?fit=1200%2C799&ssl=1&resize=525%2C300 1.5x, https:\/\/i0.wp.com\/noticiasribeiraopreto.com.br\/wp-content\/uploads\/2025\/12\/interdicoes_004_2025-12-12_21-33-02.webp.webp?fit=1200%2C799&ssl=1&resize=700%2C400 2x, https:\/\/i0.wp.com\/noticiasribeiraopreto.com.br\/wp-content\/uploads\/2025\/12\/interdicoes_004_2025-12-12_21-33-02.webp.webp?fit=1200%2C799&ssl=1&resize=1050%2C600 3x"},"classes":[]}],"jetpack_sharing_enabled":true,"jetpack_shortlink":"https:\/\/wp.me\/peQAOb-lEz","_links":{"self":[{"href":"https:\/\/noticiasribeiraopreto.com.br\/index.php\/wp-json\/wp\/v2\/posts\/83239","targetHints":{"allow":["GET"]}}],"collection":[{"href":"https:\/\/noticiasribeiraopreto.com.br\/index.php\/wp-json\/wp\/v2\/posts"}],"about":[{"href":"https:\/\/noticiasribeiraopreto.com.br\/index.php\/wp-json\/wp\/v2\/types\/post"}],"author":[{"embeddable":true,"href":"https:\/\/noticiasribeiraopreto.com.br\/index.php\/wp-json\/wp\/v2\/users\/1"}],"replies":[{"embeddable":true,"href":"https:\/\/noticiasribeiraopreto.com.br\/index.php\/wp-json\/wp\/v2\/comments?post=83239"}],"version-history":[{"count":0,"href":"https:\/\/noticiasribeiraopreto.com.br\/index.php\/wp-json\/wp\/v2\/posts\/83239\/revisions"}],"wp:featuredmedia":[{"embeddable":true,"href":"https:\/\/noticiasribeiraopreto.com.br\/index.php\/wp-json\/wp\/v2\/media\/83240"}],"wp:attachment":[{"href":"https:\/\/noticiasribeiraopreto.com.br\/index.php\/wp-json\/wp\/v2\/media?parent=83239"}],"wp:term":[{"taxonomy":"category","embeddable":true,"href":"https:\/\/noticiasribeiraopreto.com.br\/index.php\/wp-json\/wp\/v2\/categories?post=83239"},{"taxonomy":"post_tag","embeddable":true,"href":"https:\/\/noticiasribeiraopreto.com.br\/index.php\/wp-json\/wp\/v2\/tags?post=83239"}],"curies":[{"name":"wp","href":"https:\/\/api.w.org\/{rel}","templated":true}]}}