{"id":83241,"date":"2026-03-13T11:09:39","date_gmt":"2026-03-13T14:09:39","guid":{"rendered":"https:\/\/noticiasribeiraopreto.com.br\/index.php\/2026\/03\/13\/video-carro-invade-agencia-bancaria-na-regiao\/"},"modified":"2026-03-13T11:09:39","modified_gmt":"2026-03-13T14:09:39","slug":"video-carro-invade-agencia-bancaria-na-regiao","status":"publish","type":"post","link":"https:\/\/noticiasribeiraopreto.com.br\/index.php\/2026\/03\/13\/video-carro-invade-agencia-bancaria-na-regiao\/","title":{"rendered":"V\u00cdDEO &#8211; Carro invade ag\u00eancia banc\u00e1ria na regi\u00e3o"},"content":{"rendered":"<div class='code-block code-block-1' style='margin: 8px 0 8px auto; text-align: right; display: block; clear: both;'>\n<p><a href=\"https:\/\/wa.link\/vpicfd\"><img data-recalc-dims=\"1\" class=\"wp-image-4922\" style=\"aspect-ratio: 2.0253164556962027; width: 561px; height: auto;\" src=\"https:\/\/i0.wp.com\/ismaelcolosi.com.br\/wp-content\/uploads\/2023\/11\/grupo-de-empregos-whatsapp-e-facebook-ismael-colosi-vagas.jpg?ssl=1\" alt=\"\" \/><\/a><\/p>\n<!-- \/wp:image -->\n<\/div>\n<p> <br \/>\n<\/p>\n<div id=\"post-457293\">&#13;<br \/>\n&#13;<\/p>\n<header class=\"entry-header penci-entry-header penci-title-center\">&#13;<\/p>\n<h2 class=\"penci-post-subtitle\">Condutor perdeu o controle de dire\u00e7\u00e3o ap\u00f3s ser abalroado por carro estacionado que saiu em sua frente<\/h2>\n<p>&#13;<\/p>\n<p>&#13;<br \/>\n\t\t\t\t\t\t\t\t\t<span class=\"entry-meta-item penci-posted-on\"><i class=\"fa fa-clock-o\"\/><time class=\"entry-date published\" datetime=\"2026-03-13T11:04:12-03:00\">13 de mar\u00e7o de 2026 11:04<\/time><time class=\"updated\" datetime=\"2026-03-13T11:05:00-03:00\">13 de mar\u00e7o de 2026 11:05<\/time><\/span><span class=\"entry-meta-item penci-post-countview\"\/>\t\t\t\t\t\t\t\t<\/p>\n<p><!-- .entry-meta -->&#13;<br \/>\n\t\t\t\t\t\t\t\t<span class=\"penci-social-buttons penci-social-share-footer\"><span class=\"penci-social-share-text\">Compartilhar<\/span><a href=\"#\" class=\"penci-post-like penci_post-meta_item  single-like-button penci-social-item like\" data-post_id=\"457293\" title=\"Like\" data-like=\"Like\" data-unlike=\"Unlike\"><i class=\"fa fa-thumbs-o-up\"\/><span class=\"penci-share-number\">2<\/span><\/a><i class=\"fa fa-facebook\"\/><a class=\"penci-social-item twitter\" target=\"_blank\" rel=\"noopener\" title=\"\" href=\"https:\/\/twitter.com\/intent\/tweet?text=V\u00cdDEO%20-%20Carro%20invade%20ag\u00eancia%20banc\u00e1ria%20na%20regi\u00e3o%20-%20https:\/\/www.tribunaribeirao.com.br\/video-carro-invade-agencia-bancaria-na-regiao\/\"><i class=\"fa fa-twitter\"\/><\/a><i class=\"fa fa-linkedin\"\/><i class=\"fa fa-whatsapp\"\/><i class=\"fa fa-telegram\"\/><i class=\"fa fa-envelope\"\/><\/span>\t\t\t\t\t\t\t<\/header>\n<p><!-- .entry-header -->&#13;<\/p>\n<div class=\"entry-media penci-entry-media\">\n<p><iframe loading=\"lazy\" title=\"Carro no banco\" width=\"500\" height=\"281\" src=\"https:\/\/www.youtube.com\/embed\/Lp4m1p9-owY?feature=oembed\" frameborder=\"0\" allow=\"accelerometer; autoplay; clipboard-write; encrypted-media; gyroscope; picture-in-picture; web-share\" referrerpolicy=\"strict-origin-when-cross-origin\" allowfullscreen><\/iframe><\/p>\n<\/p><\/div>\n<div class=\"penci-entry-content entry-content\">\n<p>Por: Adalberto Luque<\/p>\n<p>Um carro entrou dentro de uma ag\u00eancia banc\u00e1ria, na tarde desta quinta-feira (12). O acidente ocorreu na ag\u00eancia do Banco Bradesco, na rua Prudente de Moraes, Centro de Taquaritinga, cidade a 85 km de Ribeir\u00e3o Preto, vizinha a Jaboticabal.<\/p>\n<p>Segundo apurado, o condutor de um Chevrolet Celta seguia pela rua quando um carro, que estava estacionado, entrou subitamente em sua frente. Os carros chegaram a bater de leve e, o impacto, fez com que o condutor do Celta perdesse o controle de dire\u00e7\u00e3o.<\/p>\n<figure id=\"attachment_457294\" aria-describedby=\"caption-attachment-457294\" style=\"width: 694px\" class=\"wp-caption alignnone\"><img data-recalc-dims=\"1\" loading=\"lazy\" decoding=\"async\" class=\"wp-image-457294 lazyload\" src=\"https:\/\/i0.wp.com\/www.tribunaribeirao.com.br\/wp-content\/uploads\/2026\/03\/13-mar-2026-carrotaquaritinga.jpg?resize=694%2C474&#038;ssl=1\" alt=\"\" width=\"694\" height=\"474\" srcset=\"https:\/\/www.tribunaribeirao.com.br\/wp-content\/uploads\/2026\/03\/13-mar-2026-carrotaquaritinga.jpg 596w, https:\/\/www.tribunaribeirao.com.br\/wp-content\/uploads\/2026\/03\/13-mar-2026-carrotaquaritinga-300x205.jpg 300w, https:\/\/www.tribunaribeirao.com.br\/wp-content\/uploads\/2026\/03\/13-mar-2026-carrotaquaritinga-586x400.jpg 586w, https:\/\/www.tribunaribeirao.com.br\/wp-content\/uploads\/2026\/03\/13-mar-2026-carrotaquaritinga-585x399.jpg 585w\" data-sizes=\"(max-width: 694px) 100vw, 694px\" style=\"--smush-placeholder-width: 694px; --smush-placeholder-aspect-ratio: 694\/474;\"\/><figcaption id=\"caption-attachment-457294\" class=\"wp-caption-text\">Ve\u00edculo foi abalroado por outro que saia de \u00e1rea de estacionamento e, desgovernado, invadiu ag\u00eancia banc\u00e1ria (Foto: Redes Sociais)<\/figcaption><\/figure>\n<p>O carro invadiu a \u00e1rea dos caixas eletr\u00f4nicos da ag\u00eancia. No momento do acidente, n\u00e3o havia nenhum cliente no local. Ningu\u00e9m se feriu no acidente. Um idoso, em estado de choque, foi atendido pela viatura do Corpo de Bombeiros. A ag\u00eancia foi temporariamente fechada. As circunst\u00e2ncias do acidente ser\u00e3o apuradas pela Pol\u00edcia Civil.<\/p>\n<\/div>\n<p><!-- .entry-content -->&#13;<br \/>\n&#13;<\/p>\n<footer class=\"penci-entry-footer\">&#13;<br \/>\n\t\t\t\t\t\t\t\t<span class=\"penci-social-buttons penci-social-share-footer\"><span class=\"penci-social-share-text\">Compartilhar<\/span><a href=\"#\" class=\"penci-post-like penci_post-meta_item  single-like-button penci-social-item like\" data-post_id=\"457293\" title=\"Like\" data-like=\"Like\" data-unlike=\"Unlike\"><i class=\"fa fa-thumbs-o-up\"\/><span class=\"penci-share-number\">2<\/span><\/a><i class=\"fa fa-facebook\"\/><a class=\"penci-social-item twitter\" target=\"_blank\" rel=\"noopener\" title=\"\" href=\"https:\/\/twitter.com\/intent\/tweet?text=V\u00cdDEO%20-%20Carro%20invade%20ag\u00eancia%20banc\u00e1ria%20na%20regi\u00e3o%20-%20https:\/\/www.tribunaribeirao.com.br\/video-carro-invade-agencia-bancaria-na-regiao\/\"><i class=\"fa fa-twitter\"\/><\/a><i class=\"fa fa-linkedin\"\/><i class=\"fa fa-whatsapp\"\/><i class=\"fa fa-telegram\"\/><i class=\"fa fa-envelope\"\/><\/span>\t\t\t\t\t\t\t<\/footer>\n<p><!-- .entry-footer -->&#13;\n\t\t\t\t\t\t<\/div>\n<p><script async src=\"\/\/platform.twitter.com\/widgets.js\" charset=\"utf-8\"><\/script><br \/>\n<br \/><br \/>\n<br \/><a href=\"https:\/\/www.tribunaribeirao.com.br\/video-carro-invade-agencia-bancaria-na-regiao\/\">Source link <\/a><\/p>\n<!-- CONTENT END 1 -->\n","protected":false},"excerpt":{"rendered":"<p>&#13; &#13; &#13; Condutor perdeu o controle de dire\u00e7\u00e3o ap\u00f3s ser abalroado por carro estacionado que saiu em sua frente &#13; &#13; 13 de mar\u00e7o&#8230;<\/p>\n","protected":false},"author":1,"featured_media":83243,"comment_status":"open","ping_status":"open","sticky":false,"template":"","format":"standard","meta":{"advanced_seo_description":"","jetpack_seo_html_title":"","jetpack_seo_noindex":false,"jetpack_post_was_ever_published":false,"_jetpack_newsletter_access":"","_jetpack_dont_email_post_to_subs":false,"_jetpack_newsletter_tier_id":0,"_jetpack_memberships_contains_paywalled_content":false,"_jetpack_memberships_contains_paid_content":false,"footnotes":"","jetpack_publicize_message":"","jetpack_publicize_feature_enabled":true,"jetpack_social_post_already_shared":true,"jetpack_social_options":{"image_generator_settings":{"template":"highway","default_image_id":0,"font":"","enabled":false},"version":2}},"categories":[11],"tags":[],"class_list":["post-83241","post","type-post","status-publish","format-standard","has-post-thumbnail","hentry","category-noticias-de-ribeirao-preto-sp-e-regiao-ismael-colosi"],"jetpack_publicize_connections":[],"jetpack_featured_media_url":"https:\/\/i0.wp.com\/noticiasribeiraopreto.com.br\/wp-content\/uploads\/2026\/03\/13-mar-2026-carrotaquaritinga1.jpg?fit=816%2C780&ssl=1","jetpack-related-posts":[{"id":41744,"url":"https:\/\/noticiasribeiraopreto.com.br\/index.php\/2024\/03\/11\/carro-derruba-dois-postes-na-zona-norte-de-rp\/","url_meta":{"origin":83241,"position":0},"title":"Carro derruba dois postes na zona Norte de RP","author":"noticiasribeiraopreto.com.br","date":"11 de March de 2024","format":false,"excerpt":"N\u00e3o houve feridos na colis\u00e3o e postes foram trocados pela concession\u00e1ria de energia 11 de mar\u00e7o de 2024 | 7:2010 de mar\u00e7o de 2024 | 21:36 1Por: Adalberto LuqueUm motorista derrubou dois postes ap\u00f3s uma colis\u00e3o, na manh\u00e3 deste domingo (10). O acidente ocorreu no cruzamento da Avenida Guido Golfeto\u2026","rel":"","context":"In &quot;Not\u00edcias de Ribeir\u00e3o Preto-SP e Regi\u00e3o&quot;","block_context":{"text":"Not\u00edcias de Ribeir\u00e3o Preto-SP e Regi\u00e3o","link":"https:\/\/noticiasribeiraopreto.com.br\/index.php\/category\/noticias-de-ribeirao-preto-sp-e-regiao-ismael-colosi\/"},"img":{"alt_text":"","src":"https:\/\/i0.wp.com\/noticiasribeiraopreto.com.br\/wp-content\/uploads\/2024\/03\/00-11-mar-2024-poste-caiu-02-foto-max-gallao-mesquita-scaled.jpg?fit=954%2C645&ssl=1&resize=350%2C200","width":350,"height":200,"srcset":"https:\/\/i0.wp.com\/noticiasribeiraopreto.com.br\/wp-content\/uploads\/2024\/03\/00-11-mar-2024-poste-caiu-02-foto-max-gallao-mesquita-scaled.jpg?fit=954%2C645&ssl=1&resize=350%2C200 1x, https:\/\/i0.wp.com\/noticiasribeiraopreto.com.br\/wp-content\/uploads\/2024\/03\/00-11-mar-2024-poste-caiu-02-foto-max-gallao-mesquita-scaled.jpg?fit=954%2C645&ssl=1&resize=525%2C300 1.5x, https:\/\/i0.wp.com\/noticiasribeiraopreto.com.br\/wp-content\/uploads\/2024\/03\/00-11-mar-2024-poste-caiu-02-foto-max-gallao-mesquita-scaled.jpg?fit=954%2C645&ssl=1&resize=700%2C400 2x"},"classes":[]},{"id":83105,"url":"https:\/\/noticiasribeiraopreto.com.br\/index.php\/2026\/03\/09\/mulher-fica-ferida-apos-capotar-veiculo\/","url_meta":{"origin":83241,"position":1},"title":"Mulher fica ferida ap\u00f3s capotar ve\u00edculo","author":"noticiasribeiraopreto.com.br","date":"9 de March de 2026","format":false,"excerpt":"\r Acidente envolveu \u00f4nibus do transporte coletivo urbano de Ribeir\u00e3o Preto\r \r 9 de mar\u00e7o de 2026 11:02 \r Compartilhar1 Por: Alfredo Risk e Adalberto Luque \u2013 Uma mulher ficou ferida ap\u00f3s sofrer um capotamento, na manh\u00e3 desta segunda-feira (8). O acidente ocorreu no final da avenida Dom Pedro, pr\u00f3ximo\u2026","rel":"","context":"In &quot;Not\u00edcias de Ribeir\u00e3o Preto-SP e Regi\u00e3o&quot;","block_context":{"text":"Not\u00edcias de Ribeir\u00e3o Preto-SP e Regi\u00e3o","link":"https:\/\/noticiasribeiraopreto.com.br\/index.php\/category\/noticias-de-ribeirao-preto-sp-e-regiao-ismael-colosi\/"},"img":{"alt_text":"","src":"https:\/\/i0.wp.com\/noticiasribeiraopreto.com.br\/wp-content\/uploads\/2026\/03\/09-mar-2026-acidentecocacola-scaled.jpg?fit=1170%2C780&ssl=1&resize=350%2C200","width":350,"height":200,"srcset":"https:\/\/i0.wp.com\/noticiasribeiraopreto.com.br\/wp-content\/uploads\/2026\/03\/09-mar-2026-acidentecocacola-scaled.jpg?fit=1170%2C780&ssl=1&resize=350%2C200 1x, https:\/\/i0.wp.com\/noticiasribeiraopreto.com.br\/wp-content\/uploads\/2026\/03\/09-mar-2026-acidentecocacola-scaled.jpg?fit=1170%2C780&ssl=1&resize=525%2C300 1.5x, https:\/\/i0.wp.com\/noticiasribeiraopreto.com.br\/wp-content\/uploads\/2026\/03\/09-mar-2026-acidentecocacola-scaled.jpg?fit=1170%2C780&ssl=1&resize=700%2C400 2x, https:\/\/i0.wp.com\/noticiasribeiraopreto.com.br\/wp-content\/uploads\/2026\/03\/09-mar-2026-acidentecocacola-scaled.jpg?fit=1170%2C780&ssl=1&resize=1050%2C600 3x"},"classes":[]},{"id":83991,"url":"https:\/\/noticiasribeiraopreto.com.br\/index.php\/2026\/03\/30\/video-acidente-entre-carro-e-caminhao-causa-morte-2\/","url_meta":{"origin":83241,"position":2},"title":"V\u00cdDEO &#8211; Acidente entre carro e caminh\u00e3o causa morte","author":"noticiasribeiraopreto.com.br","date":"30 de March de 2026","format":false,"excerpt":"\r \r \r \r \r 30 de mar\u00e7o de 2026 16:19 \r Compartilhar2 \r Um grave acidente registrado na tarde de quinta-feira, 19 de fevereiro, na Rodovia Savero Favaro, no trecho entre Santa Ernestina e Dobrada, terminou com a morte de um homem de 48 anos. A v\u00edtima foi identificada\u2026","rel":"","context":"In &quot;Not\u00edcias de Ribeir\u00e3o Preto-SP e Regi\u00e3o&quot;","block_context":{"text":"Not\u00edcias de Ribeir\u00e3o Preto-SP e Regi\u00e3o","link":"https:\/\/noticiasribeiraopreto.com.br\/index.php\/category\/noticias-de-ribeirao-preto-sp-e-regiao-ismael-colosi\/"},"img":{"alt_text":"","src":"https:\/\/i0.wp.com\/noticiasribeiraopreto.com.br\/wp-content\/uploads\/2026\/03\/Captura-de-tela-2026-02-20-102713.png?fit=1038%2C580&ssl=1&resize=350%2C200","width":350,"height":200,"srcset":"https:\/\/i0.wp.com\/noticiasribeiraopreto.com.br\/wp-content\/uploads\/2026\/03\/Captura-de-tela-2026-02-20-102713.png?fit=1038%2C580&ssl=1&resize=350%2C200 1x, https:\/\/i0.wp.com\/noticiasribeiraopreto.com.br\/wp-content\/uploads\/2026\/03\/Captura-de-tela-2026-02-20-102713.png?fit=1038%2C580&ssl=1&resize=525%2C300 1.5x, https:\/\/i0.wp.com\/noticiasribeiraopreto.com.br\/wp-content\/uploads\/2026\/03\/Captura-de-tela-2026-02-20-102713.png?fit=1038%2C580&ssl=1&resize=700%2C400 2x"},"classes":[]},{"id":83141,"url":"https:\/\/noticiasribeiraopreto.com.br\/index.php\/2026\/03\/10\/video-homem-morre-atropelado-sobre-faixa-de-pedestres\/","url_meta":{"origin":83241,"position":3},"title":"V\u00cdDEO &#8211; Homem morre atropelado sobre faixa de pedestres","author":"noticiasribeiraopreto.com.br","date":"10 de March de 2026","format":false,"excerpt":"\r \r \r \r \r 10 de mar\u00e7o de 2026 11:5810 de mar\u00e7o de 2026 12:02 \r Compartilhar2 \r Por: Adalberto Luque \u2013 Um homem de 52 anos morreu, na tarde desta segunda-feira (9), ao ser atropelado sobre uma faixa de pedestres. O atropelamento ocorreu na avenida Thomas Alberto Whately,\u2026","rel":"","context":"In &quot;Not\u00edcias de Ribeir\u00e3o Preto-SP e Regi\u00e3o&quot;","block_context":{"text":"Not\u00edcias de Ribeir\u00e3o Preto-SP e Regi\u00e3o","link":"https:\/\/noticiasribeiraopreto.com.br\/index.php\/category\/noticias-de-ribeirao-preto-sp-e-regiao-ismael-colosi\/"},"img":{"alt_text":"","src":"https:\/\/i0.wp.com\/noticiasribeiraopreto.com.br\/wp-content\/uploads\/2026\/03\/10-mar-2026-atropelamentociclisgta1-1-scaled.jpg?fit=968%2C780&ssl=1&resize=350%2C200","width":350,"height":200,"srcset":"https:\/\/i0.wp.com\/noticiasribeiraopreto.com.br\/wp-content\/uploads\/2026\/03\/10-mar-2026-atropelamentociclisgta1-1-scaled.jpg?fit=968%2C780&ssl=1&resize=350%2C200 1x, https:\/\/i0.wp.com\/noticiasribeiraopreto.com.br\/wp-content\/uploads\/2026\/03\/10-mar-2026-atropelamentociclisgta1-1-scaled.jpg?fit=968%2C780&ssl=1&resize=525%2C300 1.5x, https:\/\/i0.wp.com\/noticiasribeiraopreto.com.br\/wp-content\/uploads\/2026\/03\/10-mar-2026-atropelamentociclisgta1-1-scaled.jpg?fit=968%2C780&ssl=1&resize=700%2C400 2x"},"classes":[]},{"id":62597,"url":"https:\/\/noticiasribeiraopreto.com.br\/index.php\/2025\/01\/18\/ribeirao-preto-recebe-encontro-de-carros-antigos-para-celebrar-o-dia-do-fusca\/","url_meta":{"origin":83241,"position":4},"title":"Ribeir\u00e3o Preto recebe encontro de carros antigos para celebrar o dia do Fusca","author":"noticiasribeiraopreto.com.br","date":"18 de January de 2025","format":false,"excerpt":"A primeira edi\u00e7\u00e3o de 2025 do encontro de carros antigos de Ribeir\u00e3o Preto acontece neste domingo (19), a partir das 10h. O encontro acontece em celebra\u00e7\u00e3o ao Dia Nacional do Fusca, comemorado na segunda-feira (20). A entrada no evento \u00e9 gratuita. O evento ser\u00e1 realizado na rua Marcos Markarian, 377,\u2026","rel":"","context":"In &quot;Not\u00edcias de Ribeir\u00e3o Preto-SP e Regi\u00e3o&quot;","block_context":{"text":"Not\u00edcias de Ribeir\u00e3o Preto-SP e Regi\u00e3o","link":"https:\/\/noticiasribeiraopreto.com.br\/index.php\/category\/noticias-de-ribeirao-preto-sp-e-regiao-ismael-colosi\/"},"img":{"alt_text":"","src":"https:\/\/i0.wp.com\/noticiasribeiraopreto.com.br\/wp-content\/uploads\/2025\/01\/IMG-8262_2024-07-10_13-03-13_jpg_2024-07-10_13-03-15-scaled.webp.webp?fit=1200%2C800&ssl=1&resize=350%2C200","width":350,"height":200,"srcset":"https:\/\/i0.wp.com\/noticiasribeiraopreto.com.br\/wp-content\/uploads\/2025\/01\/IMG-8262_2024-07-10_13-03-13_jpg_2024-07-10_13-03-15-scaled.webp.webp?fit=1200%2C800&ssl=1&resize=350%2C200 1x, https:\/\/i0.wp.com\/noticiasribeiraopreto.com.br\/wp-content\/uploads\/2025\/01\/IMG-8262_2024-07-10_13-03-13_jpg_2024-07-10_13-03-15-scaled.webp.webp?fit=1200%2C800&ssl=1&resize=525%2C300 1.5x, https:\/\/i0.wp.com\/noticiasribeiraopreto.com.br\/wp-content\/uploads\/2025\/01\/IMG-8262_2024-07-10_13-03-13_jpg_2024-07-10_13-03-15-scaled.webp.webp?fit=1200%2C800&ssl=1&resize=700%2C400 2x, https:\/\/i0.wp.com\/noticiasribeiraopreto.com.br\/wp-content\/uploads\/2025\/01\/IMG-8262_2024-07-10_13-03-13_jpg_2024-07-10_13-03-15-scaled.webp.webp?fit=1200%2C800&ssl=1&resize=1050%2C600 3x"},"classes":[]},{"id":83554,"url":"https:\/\/noticiasribeiraopreto.com.br\/index.php\/2026\/03\/20\/video-suspeito-de-furtar-carro-luta-com-pms-foge-mas-e-preso\/","url_meta":{"origin":83241,"position":5},"title":"V\u00cdDEO &#8211; Suspeito de furtar carro luta com PMs, foge, mas \u00e9 preso","author":"noticiasribeiraopreto.com.br","date":"20 de March de 2026","format":false,"excerpt":"\r Ap\u00f3s se desvencilhar dos policiais, homem pulou alambrado de universidade e tentou fugir furtando carros estacionados\r \r 20 de mar\u00e7o de 2026 15:4620 de mar\u00e7o de 2026 15:47 \r Compartilhar2 Por: Adalberto Luque Um homem foi preso ap\u00f3s entrar em luta com policiais militares e conseguir fugir temporariamente, na\u2026","rel":"","context":"In &quot;Not\u00edcias de Ribeir\u00e3o Preto-SP e Regi\u00e3o&quot;","block_context":{"text":"Not\u00edcias de Ribeir\u00e3o Preto-SP e Regi\u00e3o","link":"https:\/\/noticiasribeiraopreto.com.br\/index.php\/category\/noticias-de-ribeirao-preto-sp-e-regiao-ismael-colosi\/"},"img":{"alt_text":"","src":"https:\/\/i0.wp.com\/noticiasribeiraopreto.com.br\/wp-content\/uploads\/2026\/03\/20-mar-2026-furtounaerp1-scaled.jpg?fit=1200%2C675&ssl=1&resize=350%2C200","width":350,"height":200,"srcset":"https:\/\/i0.wp.com\/noticiasribeiraopreto.com.br\/wp-content\/uploads\/2026\/03\/20-mar-2026-furtounaerp1-scaled.jpg?fit=1200%2C675&ssl=1&resize=350%2C200 1x, https:\/\/i0.wp.com\/noticiasribeiraopreto.com.br\/wp-content\/uploads\/2026\/03\/20-mar-2026-furtounaerp1-scaled.jpg?fit=1200%2C675&ssl=1&resize=525%2C300 1.5x, https:\/\/i0.wp.com\/noticiasribeiraopreto.com.br\/wp-content\/uploads\/2026\/03\/20-mar-2026-furtounaerp1-scaled.jpg?fit=1200%2C675&ssl=1&resize=700%2C400 2x, https:\/\/i0.wp.com\/noticiasribeiraopreto.com.br\/wp-content\/uploads\/2026\/03\/20-mar-2026-furtounaerp1-scaled.jpg?fit=1200%2C675&ssl=1&resize=1050%2C600 3x"},"classes":[]}],"jetpack_sharing_enabled":true,"jetpack_shortlink":"https:\/\/wp.me\/peQAOb-lEB","_links":{"self":[{"href":"https:\/\/noticiasribeiraopreto.com.br\/index.php\/wp-json\/wp\/v2\/posts\/83241","targetHints":{"allow":["GET"]}}],"collection":[{"href":"https:\/\/noticiasribeiraopreto.com.br\/index.php\/wp-json\/wp\/v2\/posts"}],"about":[{"href":"https:\/\/noticiasribeiraopreto.com.br\/index.php\/wp-json\/wp\/v2\/types\/post"}],"author":[{"embeddable":true,"href":"https:\/\/noticiasribeiraopreto.com.br\/index.php\/wp-json\/wp\/v2\/users\/1"}],"replies":[{"embeddable":true,"href":"https:\/\/noticiasribeiraopreto.com.br\/index.php\/wp-json\/wp\/v2\/comments?post=83241"}],"version-history":[{"count":0,"href":"https:\/\/noticiasribeiraopreto.com.br\/index.php\/wp-json\/wp\/v2\/posts\/83241\/revisions"}],"wp:featuredmedia":[{"embeddable":true,"href":"https:\/\/noticiasribeiraopreto.com.br\/index.php\/wp-json\/wp\/v2\/media\/83243"}],"wp:attachment":[{"href":"https:\/\/noticiasribeiraopreto.com.br\/index.php\/wp-json\/wp\/v2\/media?parent=83241"}],"wp:term":[{"taxonomy":"category","embeddable":true,"href":"https:\/\/noticiasribeiraopreto.com.br\/index.php\/wp-json\/wp\/v2\/categories?post=83241"},{"taxonomy":"post_tag","embeddable":true,"href":"https:\/\/noticiasribeiraopreto.com.br\/index.php\/wp-json\/wp\/v2\/tags?post=83241"}],"curies":[{"name":"wp","href":"https:\/\/api.w.org\/{rel}","templated":true}]}}