{"id":83244,"date":"2026-03-13T11:13:06","date_gmt":"2026-03-13T14:13:06","guid":{"rendered":"https:\/\/noticiasribeiraopreto.com.br\/index.php\/2026\/03\/13\/usp-demite-professor-acusado-de-assedio-contra-alunas-em-ribeirao-preto\/"},"modified":"2026-03-13T11:13:06","modified_gmt":"2026-03-13T14:13:06","slug":"usp-demite-professor-acusado-de-assedio-contra-alunas-em-ribeirao-preto","status":"publish","type":"post","link":"https:\/\/noticiasribeiraopreto.com.br\/index.php\/2026\/03\/13\/usp-demite-professor-acusado-de-assedio-contra-alunas-em-ribeirao-preto\/","title":{"rendered":"USP demite professor acusado de ass\u00e9dio contra alunas em Ribeir\u00e3o Preto"},"content":{"rendered":"<div class='code-block code-block-1' style='margin: 8px 0 8px auto; text-align: right; display: block; clear: both;'>\n<p><a href=\"https:\/\/wa.link\/vpicfd\"><img data-recalc-dims=\"1\" class=\"wp-image-4922\" style=\"aspect-ratio: 2.0253164556962027; width: 561px; height: auto;\" src=\"https:\/\/i0.wp.com\/ismaelcolosi.com.br\/wp-content\/uploads\/2023\/11\/grupo-de-empregos-whatsapp-e-facebook-ismael-colosi-vagas.jpg?ssl=1\" alt=\"\" \/><\/a><\/p>\n<!-- \/wp:image -->\n<\/div>\n<p> <br \/>\n<\/p>\n<div>\n<p>A <strong>Universidade de S\u00e3o Paulo (USP)<\/strong> determinou a <strong>demiss\u00e3o do professor Jos\u00e9 Maur\u00edcio Rosolen<\/strong>, acusado de ass\u00e9dio contra alunas de p\u00f3s-gradua\u00e7\u00e3o do departamento de qu\u00edmica no campus em <strong>Ribeir\u00e3o Preto<\/strong> entre 2021 e 2024, na tarde desta quinta-feira (12).<\/p>\n<p>A dire\u00e7\u00e3o da<strong> Faculdade de Filosofia, Ci\u00eancias e Letras (FFCLRP)<\/strong> aceitou a decis\u00e3o depois de um parecer da <strong>Procuradoria Geral da universidade<\/strong>, ao final de um processo administrativo contra o professor.<\/p>\n<p><strong><mark style=\"background-color:#fcb900;color:#0d6da5\" class=\"has-inline-color\">O caso do professor tamb\u00e9m ser\u00e1 reenviado \u00e0 Pol\u00edcia Civil<\/mark><\/strong>. A investiga\u00e7\u00e3o j\u00e1 havia sido conclu\u00edda e enviada \u00e0 Justi\u00e7a em setembro de 2025, segundo apurado pelo g1 Ribeir\u00e3o Preto e Franca, junto \u00e0 <strong>Secretaria de Seguran\u00e7a P\u00fablica de S\u00e3o Paulo (SSP-SP)<\/strong>.<\/p>\n<p><strong>O professor foi procurado, mas n\u00e3o se manifestou at\u00e9 a publica\u00e7\u00e3o deste material<\/strong>. A defesa do homem n\u00e3o foi localizada. Jos\u00e9 Maur\u00edcio Rosolen \u00e9 professor da USP desde 1997 e atua na \u00e1rea de nanotecnologia de carbono.<\/p>\n<div class=\"wp-block-image\">\n<figure class=\"aligncenter size-large is-resized\"><img data-recalc-dims=\"1\" fetchpriority=\"high\" decoding=\"async\" width=\"1024\" height=\"576\" src=\"https:\/\/i0.wp.com\/cdn.media-acidadeon.com.br\/ribeiraopreto\/wp-content\/uploads\/sites\/3\/2026\/03\/palace-44_2026-03-12_20-59-19-1024x576.webp?resize=1024%2C576&#038;ssl=1\" alt=\"Jos\u00e9 Maur\u00edcio Rosolen, acusado de ass\u00e9dio contra alunas de p\u00f3s-gradua\u00e7\u00e3o - Foto: reprodu\u00e7\u00e3o\/ redes sociais.\" class=\"wp-image-148639\" style=\"width:654px\" title=\"USP demite professor acusado de ass\u00e9dio contra alunas em Ribeir\u00e3o Preto 1\" srcset=\"https:\/\/cdn.media-acidadeon.com.br\/ribeiraopreto\/wp-content\/uploads\/sites\/3\/2026\/03\/palace-44_2026-03-12_20-59-19-1024x576.webp 1024w, https:\/\/cdn.media-acidadeon.com.br\/ribeiraopreto\/wp-content\/uploads\/sites\/3\/2026\/03\/palace-44_2026-03-12_20-59-19-300x169.webp 300w, https:\/\/cdn.media-acidadeon.com.br\/ribeiraopreto\/wp-content\/uploads\/sites\/3\/2026\/03\/palace-44_2026-03-12_20-59-19-768x432.webp 768w, https:\/\/cdn.media-acidadeon.com.br\/ribeiraopreto\/wp-content\/uploads\/sites\/3\/2026\/03\/palace-44_2026-03-12_20-59-19-696x392.webp 696w, https:\/\/cdn.media-acidadeon.com.br\/ribeiraopreto\/wp-content\/uploads\/sites\/3\/2026\/03\/palace-44_2026-03-12_20-59-19-1068x601.webp 1068w, https:\/\/cdn.media-acidadeon.com.br\/ribeiraopreto\/wp-content\/uploads\/sites\/3\/2026\/03\/palace-44_2026-03-12_20-59-19.webp 1200w\" sizes=\"(max-width: 1024px) 100vw, 1024px\"\/><figcaption class=\"wp-element-caption\">Jos\u00e9 Maur\u00edcio Rosolen, acusado de ass\u00e9dio contra alunas de p\u00f3s-gradua\u00e7\u00e3o \u2013 Foto: reprodu\u00e7\u00e3o\/ redes sociais.<\/figcaption><\/figure>\n<\/div>\n<h2 class=\"wp-block-heading\"><strong>O caso<\/strong><\/h2>\n<p>As primeiras den\u00fancias foram feitas em <strong>setembro de 2024<\/strong> para a diretoria <strong>FFCLRP<\/strong>. No ano passado, <strong>Rosolen <\/strong>chegou a ser afastado por 180 dias, no entanto, voltou \u00e0s atividades recentemente.<\/p>\n<p><mark style=\"background-color:#fcb900\" class=\"has-inline-color\">Na \u00e9poca do ocorrido, a <strong>USP informou que a apura\u00e7\u00e3o envolvia alega\u00e7\u00f5es de ass\u00e9dio moral e sexual contra o professor.<\/strong><\/mark><\/p>\n<p>As denunciantes, que preferiram permanecer an\u00f4nimas, afirmaram que o professor costumava tocar em lugares inadequados e fazia convites constrangedores, como propor que as alunas viajassem ou frequentassem a academia com ele, sugerindo at\u00e9 dividir um quarto de hotel.<\/p>\n<p>Ap\u00f3s recusas, o comportamento de <strong>Rosolen <\/strong>se tornava mais hostil, com <strong>amea\u00e7as de prejudicar a bolsa de estudo das alunas.<\/strong><\/p>\n<p><em>*Com informa\u00e7\u00f5es de g1 Ribeir\u00e3o Preto e Franca<\/em><\/p>\n<hr class=\"wp-block-separator has-alpha-channel-opacity\"\/>\n<p>SAIBA MAIS<\/p>\n<p>Chuvas elevam n\u00edvel de barragem e deixam 170 fam\u00edlias em alerta em Ribeir\u00e3o Preto<\/p>\n<h3 class=\"wp-block-heading\"><strong>FIQUE ON<\/strong><\/h3>\n<p>Fique ligado em tudo que acontece em Ribeir\u00e3o Preto e regi\u00e3o. Siga os perfis do<strong>\u00a0acidade on<\/strong>\u00a0no\u00a0<a href=\"https:\/\/www.instagram.com\/acidadeonribeirao\" target=\"_blank\" rel=\"noreferrer noopener\">Instagram\u00a0<\/a>e no\u00a0<a href=\"https:\/\/www.facebook.com\/acidadeonribeirao\/\" target=\"_blank\" rel=\"noreferrer noopener\">Facebook<\/a>.<\/p>\n<p>Receba not\u00edcias do\u00a0<strong>acidade on<\/strong>\u00a0no WhatsApp. Para entrar no grupo,\u00a0basta\u00a0<a href=\"https:\/\/chat.whatsapp.com\/GFH9HUMUTHNFJdnyEd0xxq\" target=\"_blank\" rel=\"noreferrer noopener\">clicar aqui<\/a>. Ou, acesse o nosso\u00a0Canal\u00a0<a href=\"https:\/\/whatsapp.com\/channel\/0029Vb6IQl1JENyAeS57fk2p\" target=\"_blank\" rel=\"noreferrer noopener\">clicando aqui<\/a>.<\/p>\n<p>Fa\u00e7a uma den\u00fancia ou sugira uma reportagem sobre Ribeir\u00e3o Preto e regi\u00e3o pelo WhatsApp: 16 99117 7802.<\/p>\n<p>VEJA TAMB\u00c9M<\/p>\n<p>Carlos Alberto de N\u00f3brega recebe alta do hospital ap\u00f3s tr\u00eas dias internado<\/p>\n<p><!-- AI CONTENT END 1 -->\n<\/div>\n<p><script async src=\"\/\/www.instagram.com\/embed.js\"><\/script><br \/>\n<br \/><br \/>\n<br \/><a href=\"https:\/\/www.acidadeon.com\/ribeiraopreto\/cotidiano\/usp-demite-professor-acusado-de-assedio-contra-alunas-em-ribeirao-preto\/\">Source link <\/a><\/p>\n<!-- CONTENT END 1 -->\n","protected":false},"excerpt":{"rendered":"<p>A Universidade de S\u00e3o Paulo (USP) determinou a demiss\u00e3o do professor Jos\u00e9 Maur\u00edcio Rosolen, acusado de ass\u00e9dio contra alunas de p\u00f3s-gradua\u00e7\u00e3o do departamento de qu\u00edmica&#8230;<\/p>\n","protected":false},"author":1,"featured_media":83245,"comment_status":"open","ping_status":"open","sticky":false,"template":"","format":"standard","meta":{"advanced_seo_description":"","jetpack_seo_html_title":"","jetpack_seo_noindex":false,"jetpack_post_was_ever_published":false,"_jetpack_newsletter_access":"","_jetpack_dont_email_post_to_subs":false,"_jetpack_newsletter_tier_id":0,"_jetpack_memberships_contains_paywalled_content":false,"_jetpack_memberships_contains_paid_content":false,"footnotes":"","jetpack_publicize_message":"","jetpack_publicize_feature_enabled":true,"jetpack_social_post_already_shared":true,"jetpack_social_options":{"image_generator_settings":{"template":"highway","default_image_id":0,"font":"","enabled":false},"version":2}},"categories":[11],"tags":[],"class_list":["post-83244","post","type-post","status-publish","format-standard","has-post-thumbnail","hentry","category-noticias-de-ribeirao-preto-sp-e-regiao-ismael-colosi"],"jetpack_publicize_connections":[],"jetpack_featured_media_url":"https:\/\/i0.wp.com\/noticiasribeiraopreto.com.br\/wp-content\/uploads\/2026\/03\/palace-45_2026-03-12_21-01-27.webp.webp?fit=1200%2C675&ssl=1","jetpack-related-posts":[{"id":65080,"url":"https:\/\/noticiasribeiraopreto.com.br\/index.php\/2025\/03\/15\/policia-investiga-professor-da-usp-acusado-de-assedio-em-ribeirao-preto\/","url_meta":{"origin":83244,"position":0},"title":"Pol\u00edcia investiga professor da USP acusado de ass\u00e9dio em Ribeir\u00e3o Preto","author":"noticiasribeiraopreto.com.br","date":"15 de March de 2025","format":false,"excerpt":"A DDM (Delegacia de Defesa da Mulher) abriu inqu\u00e9rito para investigar o professor Jos\u00e9 Maur\u00edcio Rosolen, do departamento de Qu\u00edmica da Faculdade de Filosofia, Ci\u00eancias e Letras de Ribeir\u00e3o Preto da USP (Universidade de S\u00e3o Paulo). O professor foi afastado pela universidade ap\u00f3s ter sido acusado por alunas e ex-alunas\u2026","rel":"","context":"In &quot;Not\u00edcias de Ribeir\u00e3o Preto-SP e Regi\u00e3o&quot;","block_context":{"text":"Not\u00edcias de Ribeir\u00e3o Preto-SP e Regi\u00e3o","link":"https:\/\/noticiasribeiraopreto.com.br\/index.php\/category\/noticias-de-ribeirao-preto-sp-e-regiao-ismael-colosi\/"},"img":{"alt_text":"","src":"https:\/\/i0.wp.com\/noticiasribeiraopreto.com.br\/wp-content\/uploads\/2025\/03\/ddm-ribeirao-preto_2025-03-07_18-48-54_jpg_2025-03-07_18-48-55.webp.webp?fit=1190%2C671&ssl=1&resize=350%2C200","width":350,"height":200,"srcset":"https:\/\/i0.wp.com\/noticiasribeiraopreto.com.br\/wp-content\/uploads\/2025\/03\/ddm-ribeirao-preto_2025-03-07_18-48-54_jpg_2025-03-07_18-48-55.webp.webp?fit=1190%2C671&ssl=1&resize=350%2C200 1x, https:\/\/i0.wp.com\/noticiasribeiraopreto.com.br\/wp-content\/uploads\/2025\/03\/ddm-ribeirao-preto_2025-03-07_18-48-54_jpg_2025-03-07_18-48-55.webp.webp?fit=1190%2C671&ssl=1&resize=525%2C300 1.5x, https:\/\/i0.wp.com\/noticiasribeiraopreto.com.br\/wp-content\/uploads\/2025\/03\/ddm-ribeirao-preto_2025-03-07_18-48-54_jpg_2025-03-07_18-48-55.webp.webp?fit=1190%2C671&ssl=1&resize=700%2C400 2x, https:\/\/i0.wp.com\/noticiasribeiraopreto.com.br\/wp-content\/uploads\/2025\/03\/ddm-ribeirao-preto_2025-03-07_18-48-54_jpg_2025-03-07_18-48-55.webp.webp?fit=1190%2C671&ssl=1&resize=1050%2C600 3x"},"classes":[]},{"id":64600,"url":"https:\/\/noticiasribeiraopreto.com.br\/index.php\/2025\/03\/10\/professor-da-usp-ribeirao-e-afastado-apos-denuncias-de-assedio-contra-alunas\/","url_meta":{"origin":83244,"position":1},"title":"Professor da USP Ribeir\u00e3o \u00e9 afastado ap\u00f3s den\u00fancias de ass\u00e9dio contra alunas","author":"noticiasribeiraopreto.com.br","date":"10 de March de 2025","format":false,"excerpt":"Um professor do Departamento de Qu\u00edmica da Faculdade de Filosofia, Ci\u00eancias e Letras de Ribeir\u00e3o Preto da Universidade de S\u00e3o Paulo (USP) foi afastado de suas fun\u00e7\u00f5es por 180 dias ap\u00f3s den\u00fancias de ass\u00e9dio contra alunas. O docente, identificado como Jos\u00e9 Maur\u00edcio Rosolen, est\u00e1 sendo alvo de um processo administrativo\u2026","rel":"","context":"In &quot;Not\u00edcias de Ribeir\u00e3o Preto-SP e Regi\u00e3o&quot;","block_context":{"text":"Not\u00edcias de Ribeir\u00e3o Preto-SP e Regi\u00e3o","link":"https:\/\/noticiasribeiraopreto.com.br\/index.php\/category\/noticias-de-ribeirao-preto-sp-e-regiao-ismael-colosi\/"},"img":{"alt_text":"","src":"https:\/\/i0.wp.com\/noticiasribeiraopreto.com.br\/wp-content\/uploads\/2025\/01\/campus-usp-ribeirao-preto_2025-01-27_15-21-07_jpg_2025-01-27_15-21-07.webp.webp?fit=1200%2C900&ssl=1&resize=350%2C200","width":350,"height":200,"srcset":"https:\/\/i0.wp.com\/noticiasribeiraopreto.com.br\/wp-content\/uploads\/2025\/01\/campus-usp-ribeirao-preto_2025-01-27_15-21-07_jpg_2025-01-27_15-21-07.webp.webp?fit=1200%2C900&ssl=1&resize=350%2C200 1x, https:\/\/i0.wp.com\/noticiasribeiraopreto.com.br\/wp-content\/uploads\/2025\/01\/campus-usp-ribeirao-preto_2025-01-27_15-21-07_jpg_2025-01-27_15-21-07.webp.webp?fit=1200%2C900&ssl=1&resize=525%2C300 1.5x, https:\/\/i0.wp.com\/noticiasribeiraopreto.com.br\/wp-content\/uploads\/2025\/01\/campus-usp-ribeirao-preto_2025-01-27_15-21-07_jpg_2025-01-27_15-21-07.webp.webp?fit=1200%2C900&ssl=1&resize=700%2C400 2x, https:\/\/i0.wp.com\/noticiasribeiraopreto.com.br\/wp-content\/uploads\/2025\/01\/campus-usp-ribeirao-preto_2025-01-27_15-21-07_jpg_2025-01-27_15-21-07.webp.webp?fit=1200%2C900&ssl=1&resize=1050%2C600 3x"},"classes":[]},{"id":59563,"url":"https:\/\/noticiasribeiraopreto.com.br\/index.php\/2024\/10\/25\/usp-ribeirao-preto-afasta-professor-acusado-de-transfobia-e-ameaca\/","url_meta":{"origin":83244,"position":2},"title":"USP Ribeir\u00e3o Preto afasta professor acusado de transfobia e amea\u00e7a","author":"noticiasribeiraopreto.com.br","date":"25 de October de 2024","format":false,"excerpt":"O professor Jyrson Guilherme Klamt,\u00a0acusado de transfobia contra duas alunas travestis da Universidade de S\u00e3o Paulo (USP) em Ribeir\u00e3o Preto, em novembro de 2023, foi suspenso das atividades por 90 dias. Em agosto deste ano,\u00a0o docente j\u00e1 tinha sido afastado do Hospital das Cl\u00ednicas de Ribeir\u00e3o Preto por 180 dias.\u2026","rel":"","context":"In &quot;Not\u00edcias de Ribeir\u00e3o Preto-SP e Regi\u00e3o&quot;","block_context":{"text":"Not\u00edcias de Ribeir\u00e3o Preto-SP e Regi\u00e3o","link":"https:\/\/noticiasribeiraopreto.com.br\/index.php\/category\/noticias-de-ribeirao-preto-sp-e-regiao-ismael-colosi\/"},"img":{"alt_text":"","src":"https:\/\/i0.wp.com\/noticiasribeiraopreto.com.br\/wp-content\/uploads\/2024\/10\/Copia-de-Copia-de-Copia-de-TAMANHO-EXATO-PARA-FOTOS-NO-SISTEMA-NOVO-47_2024-10-25_23-42-16_png_2024-10-25_23-42-17.webp.webp?fit=1200%2C675&ssl=1&resize=350%2C200","width":350,"height":200,"srcset":"https:\/\/i0.wp.com\/noticiasribeiraopreto.com.br\/wp-content\/uploads\/2024\/10\/Copia-de-Copia-de-Copia-de-TAMANHO-EXATO-PARA-FOTOS-NO-SISTEMA-NOVO-47_2024-10-25_23-42-16_png_2024-10-25_23-42-17.webp.webp?fit=1200%2C675&ssl=1&resize=350%2C200 1x, https:\/\/i0.wp.com\/noticiasribeiraopreto.com.br\/wp-content\/uploads\/2024\/10\/Copia-de-Copia-de-Copia-de-TAMANHO-EXATO-PARA-FOTOS-NO-SISTEMA-NOVO-47_2024-10-25_23-42-16_png_2024-10-25_23-42-17.webp.webp?fit=1200%2C675&ssl=1&resize=525%2C300 1.5x, https:\/\/i0.wp.com\/noticiasribeiraopreto.com.br\/wp-content\/uploads\/2024\/10\/Copia-de-Copia-de-Copia-de-TAMANHO-EXATO-PARA-FOTOS-NO-SISTEMA-NOVO-47_2024-10-25_23-42-16_png_2024-10-25_23-42-17.webp.webp?fit=1200%2C675&ssl=1&resize=700%2C400 2x, https:\/\/i0.wp.com\/noticiasribeiraopreto.com.br\/wp-content\/uploads\/2024\/10\/Copia-de-Copia-de-Copia-de-TAMANHO-EXATO-PARA-FOTOS-NO-SISTEMA-NOVO-47_2024-10-25_23-42-16_png_2024-10-25_23-42-17.webp.webp?fit=1200%2C675&ssl=1&resize=1050%2C600 3x"},"classes":[]},{"id":59568,"url":"https:\/\/noticiasribeiraopreto.com.br\/index.php\/2024\/10\/26\/professor-da-usp-em-ribeirao-preto-e-afastado-apos-acusacoes-de-preconceito-e-ameacas-contra-alunas-travestis\/","url_meta":{"origin":83244,"position":3},"title":"Professor da USP em Ribeir\u00e3o Preto \u00e9 Afastado Ap\u00f3s Acusa\u00e7\u00f5es de Preconceito e Amea\u00e7as Contra Alunas Travestis","author":"noticiasribeiraopreto.com.br","date":"26 de October de 2024","format":false,"excerpt":"A Universidade de S\u00e3o Paulo (USP), em Ribeir\u00e3o Preto, afastou um professor acusado de praticar preconceito e fazer amea\u00e7as contra alunas travestis. As den\u00fancias, feitas pelas pr\u00f3prias estudantes, apontam comportamentos transf\u00f3bicos e intimida\u00e7\u00f5es verbais durante aulas e atividades acad\u00eamicas, gerando grande repercuss\u00e3o dentro e fora da institui\u00e7\u00e3o. O caso, que\u2026","rel":"","context":"In &quot;Not\u00edcias de Ribeir\u00e3o Preto-SP e Regi\u00e3o&quot;","block_context":{"text":"Not\u00edcias de Ribeir\u00e3o Preto-SP e Regi\u00e3o","link":"https:\/\/noticiasribeiraopreto.com.br\/index.php\/category\/noticias-de-ribeirao-preto-sp-e-regiao-ismael-colosi\/"},"img":{"alt_text":"","src":"https:\/\/i0.wp.com\/noticiasribeiraopreto.com.br\/wp-content\/uploads\/2024\/10\/revalida_mcamgo_abr_100720211818.webp.webp?fit=1170%2C700&ssl=1&resize=350%2C200","width":350,"height":200,"srcset":"https:\/\/i0.wp.com\/noticiasribeiraopreto.com.br\/wp-content\/uploads\/2024\/10\/revalida_mcamgo_abr_100720211818.webp.webp?fit=1170%2C700&ssl=1&resize=350%2C200 1x, https:\/\/i0.wp.com\/noticiasribeiraopreto.com.br\/wp-content\/uploads\/2024\/10\/revalida_mcamgo_abr_100720211818.webp.webp?fit=1170%2C700&ssl=1&resize=525%2C300 1.5x, https:\/\/i0.wp.com\/noticiasribeiraopreto.com.br\/wp-content\/uploads\/2024\/10\/revalida_mcamgo_abr_100720211818.webp.webp?fit=1170%2C700&ssl=1&resize=700%2C400 2x, https:\/\/i0.wp.com\/noticiasribeiraopreto.com.br\/wp-content\/uploads\/2024\/10\/revalida_mcamgo_abr_100720211818.webp.webp?fit=1170%2C700&ssl=1&resize=1050%2C600 3x"},"classes":[]},{"id":68506,"url":"https:\/\/noticiasribeiraopreto.com.br\/index.php\/2025\/04\/25\/justica-acata-pedido-contra-professor-da-usp-acusado-de-discriminacao-racial\/","url_meta":{"origin":83244,"position":4},"title":"Justi\u00e7a acata pedido contra professor da USP acusado de discrimina\u00e7\u00e3o racial","author":"noticiasribeiraopreto.com.br","date":"25 de April de 2025","format":false,"excerpt":"A Justi\u00e7a tornou r\u00e9u o professor da Faculdade de Medicina da USP (Universidade de S\u00e3o Paulo) de Ribeir\u00e3o Preto, acusado de discrimina\u00e7\u00e3o racial contra duas alunas travestis. O caso aconteceu em novembro de 2023. Na decis\u00e3o, publicada na \u00faltima quarta-feira (23), o juiz da 5\u00aa Vara Criminal, Lucas Ducatti Marquez\u2026","rel":"","context":"In &quot;Not\u00edcias de Ribeir\u00e3o Preto-SP e Regi\u00e3o&quot;","block_context":{"text":"Not\u00edcias de Ribeir\u00e3o Preto-SP e Regi\u00e3o","link":"https:\/\/noticiasribeiraopreto.com.br\/index.php\/category\/noticias-de-ribeirao-preto-sp-e-regiao-ismael-colosi\/"},"img":{"alt_text":"","src":"https:\/\/i0.wp.com\/noticiasribeiraopreto.com.br\/wp-content\/uploads\/2024\/10\/Copia-de-Copia-de-Copia-de-TAMANHO-EXATO-PARA-FOTOS-NO-SISTEMA-NOVO-47_2024-10-25_23-42-16_png_2024-10-25_23-42-17.webp.webp?fit=1200%2C675&ssl=1&resize=350%2C200","width":350,"height":200,"srcset":"https:\/\/i0.wp.com\/noticiasribeiraopreto.com.br\/wp-content\/uploads\/2024\/10\/Copia-de-Copia-de-Copia-de-TAMANHO-EXATO-PARA-FOTOS-NO-SISTEMA-NOVO-47_2024-10-25_23-42-16_png_2024-10-25_23-42-17.webp.webp?fit=1200%2C675&ssl=1&resize=350%2C200 1x, https:\/\/i0.wp.com\/noticiasribeiraopreto.com.br\/wp-content\/uploads\/2024\/10\/Copia-de-Copia-de-Copia-de-TAMANHO-EXATO-PARA-FOTOS-NO-SISTEMA-NOVO-47_2024-10-25_23-42-16_png_2024-10-25_23-42-17.webp.webp?fit=1200%2C675&ssl=1&resize=525%2C300 1.5x, https:\/\/i0.wp.com\/noticiasribeiraopreto.com.br\/wp-content\/uploads\/2024\/10\/Copia-de-Copia-de-Copia-de-TAMANHO-EXATO-PARA-FOTOS-NO-SISTEMA-NOVO-47_2024-10-25_23-42-16_png_2024-10-25_23-42-17.webp.webp?fit=1200%2C675&ssl=1&resize=700%2C400 2x, https:\/\/i0.wp.com\/noticiasribeiraopreto.com.br\/wp-content\/uploads\/2024\/10\/Copia-de-Copia-de-Copia-de-TAMANHO-EXATO-PARA-FOTOS-NO-SISTEMA-NOVO-47_2024-10-25_23-42-16_png_2024-10-25_23-42-17.webp.webp?fit=1200%2C675&ssl=1&resize=1050%2C600 3x"},"classes":[]},{"id":784,"url":"https:\/\/noticiasribeiraopreto.com.br\/index.php\/2023\/11\/09\/alunas-de-medicina-da-usp-ribeirao-denunciam-professor-por-transfobia\/","url_meta":{"origin":83244,"position":5},"title":"Alunas de medicina da USP Ribeir\u00e3o denunciam professor por transfobia","author":"noticiasribeiraopreto.com.br","date":"9 de November de 2023","format":false,"excerpt":"Duas estudantes da FMRP (Faculdade de Medicina de Ribeir\u00e3o Preto) da USP (Universidade de S\u00e3o Paulo) registraram um Boletim de Ocorr\u00eancia (BO) contra um professor por transfobia. As duas mulheres, que s\u00e3o as primeiras alunas transexuais do curso, disseram que foram amea\u00e7adas e ofendidas pelo homem, um dia ap\u00f3s a\u2026","rel":"","context":"In &quot;Not\u00edcias de Ribeir\u00e3o Preto-SP e Regi\u00e3o&quot;","block_context":{"text":"Not\u00edcias de Ribeir\u00e3o Preto-SP e Regi\u00e3o","link":"https:\/\/noticiasribeiraopreto.com.br\/index.php\/category\/noticias-de-ribeirao-preto-sp-e-regiao-ismael-colosi\/"},"img":{"alt_text":"","src":"https:\/\/i0.wp.com\/noticiasribeiraopreto.com.br\/wp-content\/uploads\/2023\/11\/faculdade-de-medicina-da-usp-ribeirao-preto.jpg?fit=1000%2C525&ssl=1&resize=350%2C200","width":350,"height":200,"srcset":"https:\/\/i0.wp.com\/noticiasribeiraopreto.com.br\/wp-content\/uploads\/2023\/11\/faculdade-de-medicina-da-usp-ribeirao-preto.jpg?fit=1000%2C525&ssl=1&resize=350%2C200 1x, https:\/\/i0.wp.com\/noticiasribeiraopreto.com.br\/wp-content\/uploads\/2023\/11\/faculdade-de-medicina-da-usp-ribeirao-preto.jpg?fit=1000%2C525&ssl=1&resize=525%2C300 1.5x, https:\/\/i0.wp.com\/noticiasribeiraopreto.com.br\/wp-content\/uploads\/2023\/11\/faculdade-de-medicina-da-usp-ribeirao-preto.jpg?fit=1000%2C525&ssl=1&resize=700%2C400 2x"},"classes":[]}],"jetpack_sharing_enabled":true,"jetpack_shortlink":"https:\/\/wp.me\/peQAOb-lEE","_links":{"self":[{"href":"https:\/\/noticiasribeiraopreto.com.br\/index.php\/wp-json\/wp\/v2\/posts\/83244","targetHints":{"allow":["GET"]}}],"collection":[{"href":"https:\/\/noticiasribeiraopreto.com.br\/index.php\/wp-json\/wp\/v2\/posts"}],"about":[{"href":"https:\/\/noticiasribeiraopreto.com.br\/index.php\/wp-json\/wp\/v2\/types\/post"}],"author":[{"embeddable":true,"href":"https:\/\/noticiasribeiraopreto.com.br\/index.php\/wp-json\/wp\/v2\/users\/1"}],"replies":[{"embeddable":true,"href":"https:\/\/noticiasribeiraopreto.com.br\/index.php\/wp-json\/wp\/v2\/comments?post=83244"}],"version-history":[{"count":0,"href":"https:\/\/noticiasribeiraopreto.com.br\/index.php\/wp-json\/wp\/v2\/posts\/83244\/revisions"}],"wp:featuredmedia":[{"embeddable":true,"href":"https:\/\/noticiasribeiraopreto.com.br\/index.php\/wp-json\/wp\/v2\/media\/83245"}],"wp:attachment":[{"href":"https:\/\/noticiasribeiraopreto.com.br\/index.php\/wp-json\/wp\/v2\/media?parent=83244"}],"wp:term":[{"taxonomy":"category","embeddable":true,"href":"https:\/\/noticiasribeiraopreto.com.br\/index.php\/wp-json\/wp\/v2\/categories?post=83244"},{"taxonomy":"post_tag","embeddable":true,"href":"https:\/\/noticiasribeiraopreto.com.br\/index.php\/wp-json\/wp\/v2\/tags?post=83244"}],"curies":[{"name":"wp","href":"https:\/\/api.w.org\/{rel}","templated":true}]}}