{"id":83246,"date":"2026-03-13T11:22:29","date_gmt":"2026-03-13T14:22:29","guid":{"rendered":"https:\/\/noticiasribeiraopreto.com.br\/index.php\/2026\/03\/13\/chuvas-elevam-nivel-de-barragem-e-deixam-170-familias-em-alerta-em-ribeirao-preto\/"},"modified":"2026-03-13T11:22:29","modified_gmt":"2026-03-13T14:22:29","slug":"chuvas-elevam-nivel-de-barragem-e-deixam-170-familias-em-alerta-em-ribeirao-preto","status":"publish","type":"post","link":"https:\/\/noticiasribeiraopreto.com.br\/index.php\/2026\/03\/13\/chuvas-elevam-nivel-de-barragem-e-deixam-170-familias-em-alerta-em-ribeirao-preto\/","title":{"rendered":"Chuvas elevam n\u00edvel de barragem e deixam 170 fam\u00edlias em alerta em Ribeir\u00e3o Preto"},"content":{"rendered":"<div class='code-block code-block-1' style='margin: 8px 0 8px auto; text-align: right; display: block; clear: both;'>\n<p><a href=\"https:\/\/wa.link\/vpicfd\"><img data-recalc-dims=\"1\" class=\"wp-image-4922\" style=\"aspect-ratio: 2.0253164556962027; width: 561px; height: auto;\" src=\"https:\/\/i0.wp.com\/ismaelcolosi.com.br\/wp-content\/uploads\/2023\/11\/grupo-de-empregos-whatsapp-e-facebook-ismael-colosi-vagas.jpg?ssl=1\" alt=\"\" \/><\/a><\/p>\n<!-- \/wp:image -->\n<\/div>\n<p> <br \/>\n<\/p>\n<div>\n<p>As <strong>chuvas intensas registradas nos \u00faltimos dias elevaram o n\u00edvel da barragem Santa Teresa<\/strong>, na zona Oeste de Ribeir\u00e3o Preto, e deixaram cerca de<strong> 170 fam\u00edlias em estado de alerta<\/strong>. Moradores da comunidade Vida Nova relatam preocupa\u00e7\u00e3o com o risco de enchentes e com a possibilidade de agravamento da situa\u00e7\u00e3o durante novos temporais.<\/p>\n<p><strong>Imagens a\u00e9reas mostram o reservat\u00f3rio pr\u00f3ximo do limite de capacidade<\/strong>. O local tamb\u00e9m apresenta grande quantidade de lixo, troncos e galhos acumulados na \u00e1gua. Os res\u00edduos dificultam o escoamento e aumentam o risco de transbordamento em per\u00edodos de chuva forte.<\/p>\n<div class=\"wp-block-image\">\n<figure class=\"aligncenter size-full\"><img data-recalc-dims=\"1\" fetchpriority=\"high\" decoding=\"async\" width=\"1024\" height=\"576\" src=\"https:\/\/i0.wp.com\/cdn.media-acidadeon.com.br\/ribeiraopreto\/wp-content\/uploads\/sites\/3\/2026\/03\/image_2026-03-12_19-59-13.webp?resize=1024%2C576&#038;ssl=1\" alt=\"barragem\" class=\"wp-image-148628\" title=\"Chuvas elevam n\u00edvel de barragem e deixam 170 fam\u00edlias em alerta em Ribeir\u00e3o Preto 1\" srcset=\"https:\/\/cdn.media-acidadeon.com.br\/ribeiraopreto\/wp-content\/uploads\/sites\/3\/2026\/03\/image_2026-03-12_19-59-13.webp 1024w, https:\/\/cdn.media-acidadeon.com.br\/ribeiraopreto\/wp-content\/uploads\/sites\/3\/2026\/03\/image_2026-03-12_19-59-13-300x169.webp 300w, https:\/\/cdn.media-acidadeon.com.br\/ribeiraopreto\/wp-content\/uploads\/sites\/3\/2026\/03\/image_2026-03-12_19-59-13-768x432.webp 768w, https:\/\/cdn.media-acidadeon.com.br\/ribeiraopreto\/wp-content\/uploads\/sites\/3\/2026\/03\/image_2026-03-12_19-59-13-696x392.webp 696w\" sizes=\"(max-width: 1024px) 100vw, 1024px\"\/><figcaption class=\"wp-element-caption\">Foto: CBN\/Ribeir\u00e3o Preto<\/figcaption><\/figure>\n<\/div>\n<p>A l\u00edder comunit\u00e1ria Fernanda Aparecida, que mora no local h\u00e1 mais de 30 anos, afirma que o problema se repete h\u00e1 d\u00e9cadas. Segundo ela, o ac\u00famulo de lixo e entulho dentro do reservat\u00f3rio agrava a situa\u00e7\u00e3o e contribui para os alagamentos.<\/p>\n<figure class=\"wp-block-pullquote\">\n<blockquote>\n<p>Quando chove forte, a \u00e1gua sobe muito r\u00e1pido. O lixo que vem com a correnteza fica preso e impede a passagem da \u00e1gua<\/p>\n<p><cite>afirma<\/cite><\/p><\/blockquote>\n<\/figure>\n<h2 class=\"wp-block-heading\"><strong>Lixo e entulho<\/strong><\/h2>\n<p>O <strong>ac\u00famulo de res\u00edduos transportados pela chuva reduz a capacidade de vaz\u00e3o do reservat\u00f3rio<\/strong>. Parte do material fica presa na estrutura e impede o fluxo normal da \u00e1gua.<\/p>\n<p>Como consequ\u00eancia, <strong>alagamentos atingem pontos pr\u00f3ximos<\/strong>, principalmente a avenida Adelmo Perdiza, uma das vias que costuma registrar problemas durante per\u00edodos de chuva intensa em Ribeir\u00e3o Preto.<\/p>\n<div class=\"wp-block-image\">\n<figure class=\"aligncenter size-large is-resized\"><img data-recalc-dims=\"1\" loading=\"lazy\" decoding=\"async\" width=\"1024\" height=\"576\" src=\"https:\/\/i0.wp.com\/cdn.media-acidadeon.com.br\/ribeiraopreto\/wp-content\/uploads\/sites\/3\/2026\/03\/image_2026-03-12_20-18-13-1024x576.webp?resize=1024%2C576&#038;ssl=1\" alt=\"chuva\" class=\"wp-image-148635\" style=\"width:940px;height:auto\" title=\"Chuvas elevam n\u00edvel de barragem e deixam 170 fam\u00edlias em alerta em Ribeir\u00e3o Preto 2\" srcset=\"https:\/\/cdn.media-acidadeon.com.br\/ribeiraopreto\/wp-content\/uploads\/sites\/3\/2026\/03\/image_2026-03-12_20-18-13-1024x576.webp 1024w, https:\/\/cdn.media-acidadeon.com.br\/ribeiraopreto\/wp-content\/uploads\/sites\/3\/2026\/03\/image_2026-03-12_20-18-13-300x169.webp 300w, https:\/\/cdn.media-acidadeon.com.br\/ribeiraopreto\/wp-content\/uploads\/sites\/3\/2026\/03\/image_2026-03-12_20-18-13-768x432.webp 768w, https:\/\/cdn.media-acidadeon.com.br\/ribeiraopreto\/wp-content\/uploads\/sites\/3\/2026\/03\/image_2026-03-12_20-18-13-696x392.webp 696w, https:\/\/cdn.media-acidadeon.com.br\/ribeiraopreto\/wp-content\/uploads\/sites\/3\/2026\/03\/image_2026-03-12_20-18-13-1068x601.webp 1068w, https:\/\/cdn.media-acidadeon.com.br\/ribeiraopreto\/wp-content\/uploads\/sites\/3\/2026\/03\/image_2026-03-12_20-18-13.webp 1200w\" sizes=\"auto, (max-width: 1024px) 100vw, 1024px\"\/><figcaption class=\"wp-element-caption\">Foto: CBN Ribeir\u00e3o Preto <\/figcaption><\/figure>\n<\/div>\n<p>Moradores relatam que o cen\u00e1rio se repete todos os anos. A cada nova temporada de chuvas, o receio de enchentes aumenta entre as fam\u00edlias da comunidade Vida Nova.Prefeitura estuda obras para reduzir alagamentos<\/p>\n<h3 class=\"wp-block-heading\"><strong>O que diz a Prefeitura?<\/strong><\/h3>\n<p>Em nota, a Prefeitura de Ribeir\u00e3o Preto informou que estuda a constru\u00e7\u00e3o de novas barragens e a realiza\u00e7\u00e3o de obras de macrodrenagem na regi\u00e3o. O objetivo das interven\u00e7\u00f5es consiste em reduzir os alagamentos recorrentes na zona Oeste da cidade.<\/p>\n<hr class=\"wp-block-separator has-alpha-channel-opacity\"\/>\n<p>SAIBA MAIS<br \/>Dia Mundial do Rim: \u2018Cuide dos seus rins antes que deem sinais\u2019, alerta m\u00e9dico<\/p>\n<h2 class=\"wp-block-heading\"><strong>FIQUE ON<\/strong><\/h2>\n<p>Fique ligado em tudo que acontece em Ribeir\u00e3o Preto e regi\u00e3o. Siga os perfis do<strong>\u00a0acidade on<\/strong>\u00a0no\u00a0<a href=\"https:\/\/www.instagram.com\/acidadeonribeirao\" target=\"_blank\" rel=\"noreferrer noopener\">Instagram\u00a0<\/a>e no\u00a0<a href=\"https:\/\/www.facebook.com\/acidadeonribeirao\/\" target=\"_blank\" rel=\"noreferrer noopener\">Facebook<\/a>.<\/p>\n<p>Receba not\u00edcias do\u00a0<strong>acidade on<\/strong>\u00a0no WhatsApp. Para entrar no grupo,\u00a0basta\u00a0<a href=\"https:\/\/chat.whatsapp.com\/GFH9HUMUTHNFJdnyEd0xxq\" target=\"_blank\" rel=\"noreferrer noopener\">clicar aqui<\/a>. Ou, acesse o nosso\u00a0Canal\u00a0<a href=\"https:\/\/whatsapp.com\/channel\/0029Vb6IQl1JENyAeS57fk2p\" target=\"_blank\" rel=\"noreferrer noopener\">clicando aqui<\/a>.<\/p>\n<p>Fa\u00e7a uma den\u00fancia ou sugira uma reportagem sobre Ribeir\u00e3o Preto e regi\u00e3o pelo WhatsApp: 16 99117 7802.<\/p>\n<p>VEJA TAMB\u00c9M<br \/>Bolo de fub\u00e1: 7 receitas pr\u00e1ticas e deliciosas para o caf\u00e9 da tarde<\/p>\n<p><!-- AI CONTENT END 1 -->\n<\/div>\n<p><script async src=\"\/\/www.instagram.com\/embed.js\"><\/script><br \/>\n<br \/><br \/>\n<br \/><a href=\"https:\/\/www.acidadeon.com\/ribeiraopreto\/cotidiano\/chuvas-elevam-nivel-de-barragem-e-deixam-170-familias-em-alerta-em-ribeirao-preto\/\">Source link <\/a><\/p>\n<!-- CONTENT END 1 -->\n","protected":false},"excerpt":{"rendered":"<p>As chuvas intensas registradas nos \u00faltimos dias elevaram o n\u00edvel da barragem Santa Teresa, na zona Oeste de Ribeir\u00e3o Preto, e deixaram cerca de 170&#8230;<\/p>\n","protected":false},"author":1,"featured_media":83247,"comment_status":"open","ping_status":"open","sticky":false,"template":"","format":"standard","meta":{"advanced_seo_description":"","jetpack_seo_html_title":"","jetpack_seo_noindex":false,"jetpack_post_was_ever_published":false,"_jetpack_newsletter_access":"","_jetpack_dont_email_post_to_subs":false,"_jetpack_newsletter_tier_id":0,"_jetpack_memberships_contains_paywalled_content":false,"_jetpack_memberships_contains_paid_content":false,"footnotes":"","jetpack_publicize_message":"","jetpack_publicize_feature_enabled":true,"jetpack_social_post_already_shared":true,"jetpack_social_options":{"image_generator_settings":{"template":"highway","default_image_id":0,"font":"","enabled":false},"version":2}},"categories":[11],"tags":[],"class_list":["post-83246","post","type-post","status-publish","format-standard","has-post-thumbnail","hentry","category-noticias-de-ribeirao-preto-sp-e-regiao-ismael-colosi"],"jetpack_publicize_connections":[],"jetpack_featured_media_url":"https:\/\/i0.wp.com\/noticiasribeiraopreto.com.br\/wp-content\/uploads\/2026\/03\/palace-68_2026-03-12_20-13-27.webp.webp?fit=1200%2C675&ssl=1","jetpack-related-posts":[{"id":60230,"url":"https:\/\/noticiasribeiraopreto.com.br\/index.php\/2024\/11\/08\/barragem-em-ribeirao-preto-gera-preocupacao-em-moradores-medidas-de-seguranca-sao-reivindicadas\/","url_meta":{"origin":83246,"position":0},"title":"Barragem em Ribeir\u00e3o Preto Gera Preocupa\u00e7\u00e3o em Moradores: Medidas de Seguran\u00e7a S\u00e3o Reivindicadas","author":"noticiasribeiraopreto.com.br","date":"8 de November de 2024","format":false,"excerpt":"Moradores de Ribeir\u00e3o Preto est\u00e3o em alerta com a situa\u00e7\u00e3o de uma barragem na cidade, manifestando preocupa\u00e7\u00f5es sobre a seguran\u00e7a e integridade da estrutura. Localizada em uma regi\u00e3o residencial, a barragem apresenta sinais de deteriora\u00e7\u00e3o que levantam temores quanto \u00e0 possibilidade de um acidente, sobretudo ap\u00f3s os recentes per\u00edodos de\u2026","rel":"","context":"In &quot;Not\u00edcias de Ribeir\u00e3o Preto-SP e Regi\u00e3o&quot;","block_context":{"text":"Not\u00edcias de Ribeir\u00e3o Preto-SP e Regi\u00e3o","link":"https:\/\/noticiasribeiraopreto.com.br\/index.php\/category\/noticias-de-ribeirao-preto-sp-e-regiao-ismael-colosi\/"},"img":{"alt_text":"","src":"https:\/\/i0.wp.com\/noticiasribeiraopreto.com.br\/wp-content\/uploads\/2024\/11\/IMG_9388.jpeg?fit=739%2C415&ssl=1&resize=350%2C200","width":350,"height":200,"srcset":"https:\/\/i0.wp.com\/noticiasribeiraopreto.com.br\/wp-content\/uploads\/2024\/11\/IMG_9388.jpeg?fit=739%2C415&ssl=1&resize=350%2C200 1x, https:\/\/i0.wp.com\/noticiasribeiraopreto.com.br\/wp-content\/uploads\/2024\/11\/IMG_9388.jpeg?fit=739%2C415&ssl=1&resize=525%2C300 1.5x, https:\/\/i0.wp.com\/noticiasribeiraopreto.com.br\/wp-content\/uploads\/2024\/11\/IMG_9388.jpeg?fit=739%2C415&ssl=1&resize=700%2C400 2x"},"classes":[]},{"id":83239,"url":"https:\/\/noticiasribeiraopreto.com.br\/index.php\/2026\/03\/13\/orgaos-discutem-melhorias-no-acesso-a-avenida-presidente-vargas-em-ribeirao-preto\/","url_meta":{"origin":83246,"position":1},"title":"\u00d3rg\u00e3os discutem melhorias no acesso \u00e0 avenida Presidente Vargas em Ribeir\u00e3o Preto","author":"noticiasribeiraopreto.com.br","date":"13 de March de 2026","format":false,"excerpt":"Representantes da RP Mobi, da concession\u00e1ria Arteris ViaPaulista e do Departamento de Mobilidade Urbana da Prefeitura de Ribeir\u00e3o Preto realizaram, na quarta-feira (11), uma reuni\u00e3o para discutir o fluxo de ve\u00edculos no acesso \u00e0 avenida Presidente Vargas, um dos principais corredores vi\u00e1rios da cidade. O encontro aconteceu na sede da\u2026","rel":"","context":"In &quot;Not\u00edcias de Ribeir\u00e3o Preto-SP e Regi\u00e3o&quot;","block_context":{"text":"Not\u00edcias de Ribeir\u00e3o Preto-SP e Regi\u00e3o","link":"https:\/\/noticiasribeiraopreto.com.br\/index.php\/category\/noticias-de-ribeirao-preto-sp-e-regiao-ismael-colosi\/"},"img":{"alt_text":"","src":"https:\/\/i0.wp.com\/noticiasribeiraopreto.com.br\/wp-content\/uploads\/2026\/03\/transito-2_2026-02-27_14-16-48.webp.webp?fit=1200%2C868&ssl=1&resize=350%2C200","width":350,"height":200,"srcset":"https:\/\/i0.wp.com\/noticiasribeiraopreto.com.br\/wp-content\/uploads\/2026\/03\/transito-2_2026-02-27_14-16-48.webp.webp?fit=1200%2C868&ssl=1&resize=350%2C200 1x, https:\/\/i0.wp.com\/noticiasribeiraopreto.com.br\/wp-content\/uploads\/2026\/03\/transito-2_2026-02-27_14-16-48.webp.webp?fit=1200%2C868&ssl=1&resize=525%2C300 1.5x, https:\/\/i0.wp.com\/noticiasribeiraopreto.com.br\/wp-content\/uploads\/2026\/03\/transito-2_2026-02-27_14-16-48.webp.webp?fit=1200%2C868&ssl=1&resize=700%2C400 2x, https:\/\/i0.wp.com\/noticiasribeiraopreto.com.br\/wp-content\/uploads\/2026\/03\/transito-2_2026-02-27_14-16-48.webp.webp?fit=1200%2C868&ssl=1&resize=1050%2C600 3x"},"classes":[]},{"id":5043,"url":"https:\/\/noticiasribeiraopreto.com.br\/index.php\/2023\/11\/22\/interior-do-estado-de-sp-tem-alerta-da-defesa-civil-para-temporais-de-ate-170-milimetros\/","url_meta":{"origin":83246,"position":2},"title":"Interior do estado de SP tem alerta da Defesa Civil para temporais de at\u00e9 170 mil\u00edmetros","author":"noticiasribeiraopreto.com.br","date":"22 de November de 2023","format":false,"excerpt":"A Defesa Civil publicou um alerta nesta quarta-feira (22) para temporais que podem ocorrer no interior de S\u00e3o Paulo entre quinta-feira (23) e s\u00e1bado (25).\u00a0 As chuvas podem atingir o acumulado de 170 mil\u00edmetros e s\u00e3o motivadas por uma frente fria que chegou ao estado. De acordo com o \u00f3rg\u00e3o,\u2026","rel":"","context":"In &quot;Not\u00edcias de Ribeir\u00e3o Preto-SP e Regi\u00e3o&quot;","block_context":{"text":"Not\u00edcias de Ribeir\u00e3o Preto-SP e Regi\u00e3o","link":"https:\/\/noticiasribeiraopreto.com.br\/index.php\/category\/noticias-de-ribeirao-preto-sp-e-regiao-ismael-colosi\/"},"img":{"alt_text":"","src":"https:\/\/i0.wp.com\/noticiasribeiraopreto.com.br\/wp-content\/uploads\/2023\/11\/WhatsApp-Image-2023-10-27-at-06.48.27.jpeg?fit=1200%2C540&ssl=1&resize=350%2C200","width":350,"height":200,"srcset":"https:\/\/i0.wp.com\/noticiasribeiraopreto.com.br\/wp-content\/uploads\/2023\/11\/WhatsApp-Image-2023-10-27-at-06.48.27.jpeg?fit=1200%2C540&ssl=1&resize=350%2C200 1x, https:\/\/i0.wp.com\/noticiasribeiraopreto.com.br\/wp-content\/uploads\/2023\/11\/WhatsApp-Image-2023-10-27-at-06.48.27.jpeg?fit=1200%2C540&ssl=1&resize=525%2C300 1.5x, https:\/\/i0.wp.com\/noticiasribeiraopreto.com.br\/wp-content\/uploads\/2023\/11\/WhatsApp-Image-2023-10-27-at-06.48.27.jpeg?fit=1200%2C540&ssl=1&resize=700%2C400 2x, https:\/\/i0.wp.com\/noticiasribeiraopreto.com.br\/wp-content\/uploads\/2023\/11\/WhatsApp-Image-2023-10-27-at-06.48.27.jpeg?fit=1200%2C540&ssl=1&resize=1050%2C600 3x"},"classes":[]},{"id":84051,"url":"https:\/\/noticiasribeiraopreto.com.br\/index.php\/2026\/03\/31\/alerta-de-chuva-intensa-e-enviado-para-celulares-em-ribeirao-preto-entenda\/","url_meta":{"origin":83246,"position":3},"title":"Alerta de chuva intensa \u00e9 enviado para celulares em Ribeir\u00e3o Preto; Entenda","author":"noticiasribeiraopreto.com.br","date":"31 de March de 2026","format":false,"excerpt":"Ler o resumo da not\u00edcia A Defesa Civil de S\u00e3o Paulo emitiu alerta de chuva forte para Ribeir\u00e3o Preto, Cravinhos e Pontal na tarde desta ter\u00e7a-feira (31). O aviso foi enviado via Cell Broadcast para todos os celulares 4G e 5G dentro da \u00e1rea de risco. A alerta ocorreu devido\u2026","rel":"","context":"In &quot;Not\u00edcias de Ribeir\u00e3o Preto-SP e Regi\u00e3o&quot;","block_context":{"text":"Not\u00edcias de Ribeir\u00e3o Preto-SP e Regi\u00e3o","link":"https:\/\/noticiasribeiraopreto.com.br\/index.php\/category\/noticias-de-ribeirao-preto-sp-e-regiao-ismael-colosi\/"},"img":{"alt_text":"","src":"https:\/\/i0.wp.com\/noticiasribeiraopreto.com.br\/wp-content\/uploads\/2026\/03\/IMG_4434.JPG_2026-03-31_19-21-38.webp.webp?fit=1200%2C675&ssl=1&resize=350%2C200","width":350,"height":200,"srcset":"https:\/\/i0.wp.com\/noticiasribeiraopreto.com.br\/wp-content\/uploads\/2026\/03\/IMG_4434.JPG_2026-03-31_19-21-38.webp.webp?fit=1200%2C675&ssl=1&resize=350%2C200 1x, https:\/\/i0.wp.com\/noticiasribeiraopreto.com.br\/wp-content\/uploads\/2026\/03\/IMG_4434.JPG_2026-03-31_19-21-38.webp.webp?fit=1200%2C675&ssl=1&resize=525%2C300 1.5x, https:\/\/i0.wp.com\/noticiasribeiraopreto.com.br\/wp-content\/uploads\/2026\/03\/IMG_4434.JPG_2026-03-31_19-21-38.webp.webp?fit=1200%2C675&ssl=1&resize=700%2C400 2x, https:\/\/i0.wp.com\/noticiasribeiraopreto.com.br\/wp-content\/uploads\/2026\/03\/IMG_4434.JPG_2026-03-31_19-21-38.webp.webp?fit=1200%2C675&ssl=1&resize=1050%2C600 3x"},"classes":[]},{"id":82709,"url":"https:\/\/noticiasribeiraopreto.com.br\/index.php\/2026\/02\/24\/defesa-civil-mantem-gabinete-de-crise-e-alerta-para-chuva-no-interior-de-sp\/","url_meta":{"origin":83246,"position":4},"title":"Defesa Civil mant\u00e9m gabinete de crise e alerta para chuva no interior de SP","author":"noticiasribeiraopreto.com.br","date":"24 de February de 2026","format":false,"excerpt":"A Defesa Civil do Estado de S\u00e3o Paulo mant\u00e9m o gabinete de crise mobilizado at\u00e9 quinta-feira (26) e refor\u00e7a o alerta para chuvas intensas em diversas regi\u00f5es do interior paulista. A previs\u00e3o indica instabilidade entre ter\u00e7a-feira (24) e sexta-feira (27), com maior volume de precipita\u00e7\u00e3o previsto at\u00e9 quinta. A passagem\u2026","rel":"","context":"In &quot;Not\u00edcias de Ribeir\u00e3o Preto-SP e Regi\u00e3o&quot;","block_context":{"text":"Not\u00edcias de Ribeir\u00e3o Preto-SP e Regi\u00e3o","link":"https:\/\/noticiasribeiraopreto.com.br\/index.php\/category\/noticias-de-ribeirao-preto-sp-e-regiao-ismael-colosi\/"},"img":{"alt_text":"","src":"https:\/\/i0.wp.com\/noticiasribeiraopreto.com.br\/wp-content\/uploads\/2026\/02\/palace-1_2026-02-10_10-35-04.webp.webp?fit=1200%2C675&ssl=1&resize=350%2C200","width":350,"height":200,"srcset":"https:\/\/i0.wp.com\/noticiasribeiraopreto.com.br\/wp-content\/uploads\/2026\/02\/palace-1_2026-02-10_10-35-04.webp.webp?fit=1200%2C675&ssl=1&resize=350%2C200 1x, https:\/\/i0.wp.com\/noticiasribeiraopreto.com.br\/wp-content\/uploads\/2026\/02\/palace-1_2026-02-10_10-35-04.webp.webp?fit=1200%2C675&ssl=1&resize=525%2C300 1.5x, https:\/\/i0.wp.com\/noticiasribeiraopreto.com.br\/wp-content\/uploads\/2026\/02\/palace-1_2026-02-10_10-35-04.webp.webp?fit=1200%2C675&ssl=1&resize=700%2C400 2x, https:\/\/i0.wp.com\/noticiasribeiraopreto.com.br\/wp-content\/uploads\/2026\/02\/palace-1_2026-02-10_10-35-04.webp.webp?fit=1200%2C675&ssl=1&resize=1050%2C600 3x"},"classes":[]},{"id":83244,"url":"https:\/\/noticiasribeiraopreto.com.br\/index.php\/2026\/03\/13\/usp-demite-professor-acusado-de-assedio-contra-alunas-em-ribeirao-preto\/","url_meta":{"origin":83246,"position":5},"title":"USP demite professor acusado de ass\u00e9dio contra alunas em Ribeir\u00e3o Preto","author":"noticiasribeiraopreto.com.br","date":"13 de March de 2026","format":false,"excerpt":"A Universidade de S\u00e3o Paulo (USP) determinou a demiss\u00e3o do professor Jos\u00e9 Maur\u00edcio Rosolen, acusado de ass\u00e9dio contra alunas de p\u00f3s-gradua\u00e7\u00e3o do departamento de qu\u00edmica no campus em Ribeir\u00e3o Preto entre 2021 e 2024, na tarde desta quinta-feira (12). A dire\u00e7\u00e3o da Faculdade de Filosofia, Ci\u00eancias e Letras (FFCLRP) aceitou\u2026","rel":"","context":"In &quot;Not\u00edcias de Ribeir\u00e3o Preto-SP e Regi\u00e3o&quot;","block_context":{"text":"Not\u00edcias de Ribeir\u00e3o Preto-SP e Regi\u00e3o","link":"https:\/\/noticiasribeiraopreto.com.br\/index.php\/category\/noticias-de-ribeirao-preto-sp-e-regiao-ismael-colosi\/"},"img":{"alt_text":"","src":"https:\/\/i0.wp.com\/noticiasribeiraopreto.com.br\/wp-content\/uploads\/2026\/03\/palace-45_2026-03-12_21-01-27.webp.webp?fit=1200%2C675&ssl=1&resize=350%2C200","width":350,"height":200,"srcset":"https:\/\/i0.wp.com\/noticiasribeiraopreto.com.br\/wp-content\/uploads\/2026\/03\/palace-45_2026-03-12_21-01-27.webp.webp?fit=1200%2C675&ssl=1&resize=350%2C200 1x, https:\/\/i0.wp.com\/noticiasribeiraopreto.com.br\/wp-content\/uploads\/2026\/03\/palace-45_2026-03-12_21-01-27.webp.webp?fit=1200%2C675&ssl=1&resize=525%2C300 1.5x, https:\/\/i0.wp.com\/noticiasribeiraopreto.com.br\/wp-content\/uploads\/2026\/03\/palace-45_2026-03-12_21-01-27.webp.webp?fit=1200%2C675&ssl=1&resize=700%2C400 2x, https:\/\/i0.wp.com\/noticiasribeiraopreto.com.br\/wp-content\/uploads\/2026\/03\/palace-45_2026-03-12_21-01-27.webp.webp?fit=1200%2C675&ssl=1&resize=1050%2C600 3x"},"classes":[]}],"jetpack_sharing_enabled":true,"jetpack_shortlink":"https:\/\/wp.me\/peQAOb-lEG","_links":{"self":[{"href":"https:\/\/noticiasribeiraopreto.com.br\/index.php\/wp-json\/wp\/v2\/posts\/83246","targetHints":{"allow":["GET"]}}],"collection":[{"href":"https:\/\/noticiasribeiraopreto.com.br\/index.php\/wp-json\/wp\/v2\/posts"}],"about":[{"href":"https:\/\/noticiasribeiraopreto.com.br\/index.php\/wp-json\/wp\/v2\/types\/post"}],"author":[{"embeddable":true,"href":"https:\/\/noticiasribeiraopreto.com.br\/index.php\/wp-json\/wp\/v2\/users\/1"}],"replies":[{"embeddable":true,"href":"https:\/\/noticiasribeiraopreto.com.br\/index.php\/wp-json\/wp\/v2\/comments?post=83246"}],"version-history":[{"count":0,"href":"https:\/\/noticiasribeiraopreto.com.br\/index.php\/wp-json\/wp\/v2\/posts\/83246\/revisions"}],"wp:featuredmedia":[{"embeddable":true,"href":"https:\/\/noticiasribeiraopreto.com.br\/index.php\/wp-json\/wp\/v2\/media\/83247"}],"wp:attachment":[{"href":"https:\/\/noticiasribeiraopreto.com.br\/index.php\/wp-json\/wp\/v2\/media?parent=83246"}],"wp:term":[{"taxonomy":"category","embeddable":true,"href":"https:\/\/noticiasribeiraopreto.com.br\/index.php\/wp-json\/wp\/v2\/categories?post=83246"},{"taxonomy":"post_tag","embeddable":true,"href":"https:\/\/noticiasribeiraopreto.com.br\/index.php\/wp-json\/wp\/v2\/tags?post=83246"}],"curies":[{"name":"wp","href":"https:\/\/api.w.org\/{rel}","templated":true}]}}