{"id":83248,"date":"2026-03-13T11:28:51","date_gmt":"2026-03-13T14:28:51","guid":{"rendered":"https:\/\/noticiasribeiraopreto.com.br\/index.php\/2026\/03\/13\/prefeitura-anuncia-saida-de-secretario-da-assistencia-social-godinho-acumula-funcoes\/"},"modified":"2026-03-13T11:28:51","modified_gmt":"2026-03-13T14:28:51","slug":"prefeitura-anuncia-saida-de-secretario-da-assistencia-social-godinho-acumula-funcoes","status":"publish","type":"post","link":"https:\/\/noticiasribeiraopreto.com.br\/index.php\/2026\/03\/13\/prefeitura-anuncia-saida-de-secretario-da-assistencia-social-godinho-acumula-funcoes\/","title":{"rendered":"Prefeitura anuncia sa\u00edda de secret\u00e1rio da Assist\u00eancia Social; Godinho acumula fun\u00e7\u00f5es"},"content":{"rendered":"<div class='code-block code-block-1' style='margin: 8px 0 8px auto; text-align: right; display: block; clear: both;'>\n<p><a href=\"https:\/\/wa.link\/vpicfd\"><img data-recalc-dims=\"1\" class=\"wp-image-4922\" style=\"aspect-ratio: 2.0253164556962027; width: 561px; height: auto;\" src=\"https:\/\/i0.wp.com\/ismaelcolosi.com.br\/wp-content\/uploads\/2023\/11\/grupo-de-empregos-whatsapp-e-facebook-ismael-colosi-vagas.jpg?ssl=1\" alt=\"\" \/><\/a><\/p>\n<!-- \/wp:image -->\n<\/div>\n<p> <br \/>\n<\/p>\n<div data-td-block-uid=\"tdi_95\">\n<div class=\"tdb-block-inner td-fix-index\">\n<p>A<strong> Prefeitura de Ribeir\u00e3o Preto<\/strong> informou na tarde desta quinta-feira (12) que<strong> Julio Balieiro<\/strong> deixou o cargo de secret\u00e1rio de Assist\u00eancia Social (Semas). No lugar dele assume interinamente o secret\u00e1rio da Sa\u00fade,<strong> Maur\u00edcio Godinho<\/strong>, que vai acumular as fun\u00e7\u00f5es.<\/p>\n<p>Em comunicado, a Administra\u00e7\u00e3o Municipal aponta que J\u00falio Balieiro deixa o cargo \u201cpor motivos de ordem pessoal\u201d.<\/p>\n<p>\u201cO prefeito Ricardo Silva agradece ao ex-secret\u00e1rio pela dedica\u00e7\u00e3o e pelo trabalho realizado \u00e0 frente da pasta, destacando sua contribui\u00e7\u00e3o para o desenvolvimento das a\u00e7\u00f5es e pol\u00edticas p\u00fablicas voltadas \u00e0 \u00e1rea social no munic\u00edpio\u201d, aponta.<\/p>\n<p>Segundo a prefeitura, a indica\u00e7\u00e3o de Godinho \u201cgarante a continuidade das a\u00e7\u00f5es, programas e atendimentos prestados \u00e0 popula\u00e7\u00e3o, sem qualquer preju\u00edzo ao funcionamento dos servi\u00e7os\u201d.<\/p>\n<p>SAIBA MAIS<br \/>Dia Mundial do Rim: \u2018Cuide dos seus rins antes que deem sinais\u2019, alerta m\u00e9dico<\/p>\n<h2 class=\"wp-block-heading\"><strong>FIQUE ON<\/strong><\/h2>\n<p>Fique ligado em tudo que acontece em Ribeir\u00e3o Preto e regi\u00e3o. Siga os perfis do<strong>\u00a0acidade on<\/strong>\u00a0no\u00a0<a href=\"https:\/\/www.instagram.com\/acidadeonribeirao\" target=\"_blank\" rel=\"noreferrer noopener\">Instagram\u00a0<\/a>e no\u00a0<a href=\"https:\/\/www.facebook.com\/acidadeonribeirao\/\" target=\"_blank\" rel=\"noreferrer noopener\">Facebook<\/a>.<\/p>\n<p>Receba not\u00edcias do\u00a0<strong>acidade on<\/strong>\u00a0no WhatsApp. Para entrar no grupo,\u00a0basta\u00a0<a href=\"https:\/\/chat.whatsapp.com\/GFH9HUMUTHNFJdnyEd0xxq\" target=\"_blank\" rel=\"noreferrer noopener\">clicar aqui<\/a>. Ou, acesse o nosso\u00a0Canal\u00a0<a href=\"https:\/\/whatsapp.com\/channel\/0029Vb6IQl1JENyAeS57fk2p\" target=\"_blank\" rel=\"noreferrer noopener\">clicando aqui<\/a>.<\/p>\n<p>Fa\u00e7a uma den\u00fancia ou sugira uma reportagem sobre Ribeir\u00e3o Preto e regi\u00e3o pelo WhatsApp: 16 99117 7802.<\/p>\n<p>VEJA TAMB\u00c9M<br \/>Bolo de fub\u00e1: 7 receitas pr\u00e1ticas e deliciosas para o caf\u00e9 da tarde<\/p>\n<p><!-- AI CONTENT END 1 -->\n<\/div>\n<\/div>\n<p><script async src=\"\/\/www.instagram.com\/embed.js\"><\/script><br \/>\n<br \/><br \/>\n<br \/><a href=\"https:\/\/www.acidadeon.com\/ribeiraopreto\/politica\/prefeitura-anuncia-saida-de-secretario-da-assistencia-social-godinho-acumula-funcoes\/\">Source link <\/a><\/p>\n<!-- CONTENT END 1 -->\n","protected":false},"excerpt":{"rendered":"<p>A Prefeitura de Ribeir\u00e3o Preto informou na tarde desta quinta-feira (12) que Julio Balieiro deixou o cargo de secret\u00e1rio de Assist\u00eancia Social (Semas). No lugar&#8230;<\/p>\n","protected":false},"author":1,"featured_media":83249,"comment_status":"open","ping_status":"open","sticky":false,"template":"","format":"standard","meta":{"advanced_seo_description":"","jetpack_seo_html_title":"","jetpack_seo_noindex":false,"jetpack_post_was_ever_published":false,"_jetpack_newsletter_access":"","_jetpack_dont_email_post_to_subs":false,"_jetpack_newsletter_tier_id":0,"_jetpack_memberships_contains_paywalled_content":false,"_jetpack_memberships_contains_paid_content":false,"footnotes":"","jetpack_publicize_message":"","jetpack_publicize_feature_enabled":true,"jetpack_social_post_already_shared":true,"jetpack_social_options":{"image_generator_settings":{"template":"highway","default_image_id":0,"font":"","enabled":false},"version":2}},"categories":[11],"tags":[],"class_list":["post-83248","post","type-post","status-publish","format-standard","has-post-thumbnail","hentry","category-noticias-de-ribeirao-preto-sp-e-regiao-ismael-colosi"],"jetpack_publicize_connections":[],"jetpack_featured_media_url":"https:\/\/i0.wp.com\/noticiasribeiraopreto.com.br\/wp-content\/uploads\/2026\/03\/balieiro-godinho_2026-03-12_20-01-18.webp.webp?fit=1200%2C674&ssl=1","jetpack-related-posts":[{"id":83220,"url":"https:\/\/noticiasribeiraopreto.com.br\/index.php\/2026\/03\/13\/julio-balieiro-deixa-a-gestao-ricardo-silva\/","url_meta":{"origin":83248,"position":0},"title":"Julio Balieiro deixa a \u2028gest\u00e3o Ricardo Silva","author":"noticiasribeiraopreto.com.br","date":"13 de March de 2026","format":false,"excerpt":"Maur\u00edcio Godinho assume interinamente a pasta e continua \u00e0 frente da Secretaria de Sa\u00fade J\u00falio Balieiro deixou o cargo de secret\u00e1rio municipal de Assist\u00eancia Social por motivos de ordem pessoal, segundo informou na tarde desta quinta-feira, 12 de mar\u00e7o, a prefeitura de Ribeir\u00e3o Preto. \u201cO prefeito Ricardo Silva (PSD) agradece\u2026","rel":"","context":"In &quot;Not\u00edcias de Ribeir\u00e3o Preto-SP e Regi\u00e3o&quot;","block_context":{"text":"Not\u00edcias de Ribeir\u00e3o Preto-SP e Regi\u00e3o","link":"https:\/\/noticiasribeiraopreto.com.br\/index.php\/category\/noticias-de-ribeirao-preto-sp-e-regiao-ismael-colosi\/"},"img":{"alt_text":"","src":"https:\/\/i0.wp.com\/noticiasribeiraopreto.com.br\/wp-content\/uploads\/2026\/03\/SecreRP-Jul-Divulgacao-scaled.jpg?fit=520%2C780&ssl=1&resize=350%2C200","width":350,"height":200},"classes":[]},{"id":63559,"url":"https:\/\/noticiasribeiraopreto.com.br\/index.php\/2025\/02\/16\/secretario-de-assistencia-social-quer-novo-censo-sobre-populacao-de-rua-em-ribeirao-preto\/","url_meta":{"origin":83248,"position":1},"title":"Secret\u00e1rio de Assist\u00eancia Social quer novo censo sobre popula\u00e7\u00e3o de rua em Ribeir\u00e3o Preto","author":"noticiasribeiraopreto.com.br","date":"16 de February de 2025","format":false,"excerpt":"A Prefeitura de Ribeir\u00e3o Preto, por meio da secretaria de Assist\u00eancia Social, pretende criar um plano de a\u00e7\u00e3o mais eficaz para a popula\u00e7\u00e3o em situa\u00e7\u00e3o de rua e recuperar a regi\u00e3o da baixada, que envolve todo o Quadril\u00e1tero Central do munic\u00edpio. Em entrevista ao portal acidade on, o novo secret\u00e1rio\u2026","rel":"","context":"In &quot;Not\u00edcias de Ribeir\u00e3o Preto-SP e Regi\u00e3o&quot;","block_context":{"text":"Not\u00edcias de Ribeir\u00e3o Preto-SP e Regi\u00e3o","link":"https:\/\/noticiasribeiraopreto.com.br\/index.php\/category\/noticias-de-ribeirao-preto-sp-e-regiao-ismael-colosi\/"},"img":{"alt_text":"","src":"https:\/\/i0.wp.com\/noticiasribeiraopreto.com.br\/wp-content\/uploads\/2025\/02\/prefeitura_deve_1024x576_14072020092007.jpg?fit=1024%2C576&ssl=1&resize=350%2C200","width":350,"height":200,"srcset":"https:\/\/i0.wp.com\/noticiasribeiraopreto.com.br\/wp-content\/uploads\/2025\/02\/prefeitura_deve_1024x576_14072020092007.jpg?fit=1024%2C576&ssl=1&resize=350%2C200 1x, https:\/\/i0.wp.com\/noticiasribeiraopreto.com.br\/wp-content\/uploads\/2025\/02\/prefeitura_deve_1024x576_14072020092007.jpg?fit=1024%2C576&ssl=1&resize=525%2C300 1.5x, https:\/\/i0.wp.com\/noticiasribeiraopreto.com.br\/wp-content\/uploads\/2025\/02\/prefeitura_deve_1024x576_14072020092007.jpg?fit=1024%2C576&ssl=1&resize=700%2C400 2x"},"classes":[]},{"id":61759,"url":"https:\/\/noticiasribeiraopreto.com.br\/index.php\/2024\/12\/21\/ricardo-silva-anuncia-sete-novos-nomes-para-compor-a-prefeitura-de-ribeirao-preto-em-2025\/","url_meta":{"origin":83248,"position":2},"title":"Ricardo Silva anuncia sete novos nomes para compor a Prefeitura de Ribeir\u00e3o Preto em 2025","author":"noticiasribeiraopreto.com.br","date":"21 de December de 2024","format":false,"excerpt":"O prefeito eleito Ricardo Silva revelou mais sete integrantes de seu governo para 2025, consolidando sua equipe para \u00e1reas chave da administra\u00e7\u00e3o municipal. Entre os novos nomes, Alessandro Maraca assume como vice-prefeito e secret\u00e1rio da Casa Civil, Suely Vilela como secret\u00e1ria de Inova\u00e7\u00e3o e Desenvolvimento, e Jos\u00e9 Ruy Infante Bonatto\u2026","rel":"","context":"In &quot;Not\u00edcias de Ribeir\u00e3o Preto-SP e Regi\u00e3o&quot;","block_context":{"text":"Not\u00edcias de Ribeir\u00e3o Preto-SP e Regi\u00e3o","link":"https:\/\/noticiasribeiraopreto.com.br\/index.php\/category\/noticias-de-ribeirao-preto-sp-e-regiao-ismael-colosi\/"},"img":{"alt_text":"","src":"https:\/\/i0.wp.com\/noticiasribeiraopreto.com.br\/wp-content\/uploads\/2024\/12\/863e10cd686f211677a189290d95a1a6.jpg?fit=605%2C454&ssl=1&resize=350%2C200","width":350,"height":200,"srcset":"https:\/\/i0.wp.com\/noticiasribeiraopreto.com.br\/wp-content\/uploads\/2024\/12\/863e10cd686f211677a189290d95a1a6.jpg?fit=605%2C454&ssl=1&resize=350%2C200 1x, https:\/\/i0.wp.com\/noticiasribeiraopreto.com.br\/wp-content\/uploads\/2024\/12\/863e10cd686f211677a189290d95a1a6.jpg?fit=605%2C454&ssl=1&resize=525%2C300 1.5x"},"classes":[]},{"id":62032,"url":"https:\/\/noticiasribeiraopreto.com.br\/index.php\/2025\/01\/01\/ricardo-silva-completa-time-de-secretarios-em-ribeirao-preto-confira\/","url_meta":{"origin":83248,"position":3},"title":"Ricardo Silva completa time de secret\u00e1rios em Ribeir\u00e3o Preto; Confira","author":"noticiasribeiraopreto.com.br","date":"1 de January de 2025","format":false,"excerpt":"O novo prefeito de Ribeir\u00e3o Preto, Ricardo Silva (PSD), completou nesta quarta-feira (1\u00ba de janeiro) a lista de secret\u00e1rios do alto escal\u00e3o. Entre os nomes confirmados, est\u00e3o o da advogada Maria Eug\u00eania Biffi, na Secretaria de Cultura, Walter Teles, na Secretaria de Obras, Cl\u00e1udio Almeida, na Secretaria de Esportes, e\u2026","rel":"","context":"In &quot;Not\u00edcias de Ribeir\u00e3o Preto-SP e Regi\u00e3o&quot;","block_context":{"text":"Not\u00edcias de Ribeir\u00e3o Preto-SP e Regi\u00e3o","link":"https:\/\/noticiasribeiraopreto.com.br\/index.php\/category\/noticias-de-ribeirao-preto-sp-e-regiao-ismael-colosi\/"},"img":{"alt_text":"","src":"https:\/\/i0.wp.com\/noticiasribeiraopreto.com.br\/wp-content\/uploads\/2025\/01\/ricardo-maraca_2025-01-01_16-17-24_jpeg_2025-01-01_16-17-24.webp.webp?fit=1200%2C900&ssl=1&resize=350%2C200","width":350,"height":200,"srcset":"https:\/\/i0.wp.com\/noticiasribeiraopreto.com.br\/wp-content\/uploads\/2025\/01\/ricardo-maraca_2025-01-01_16-17-24_jpeg_2025-01-01_16-17-24.webp.webp?fit=1200%2C900&ssl=1&resize=350%2C200 1x, https:\/\/i0.wp.com\/noticiasribeiraopreto.com.br\/wp-content\/uploads\/2025\/01\/ricardo-maraca_2025-01-01_16-17-24_jpeg_2025-01-01_16-17-24.webp.webp?fit=1200%2C900&ssl=1&resize=525%2C300 1.5x, https:\/\/i0.wp.com\/noticiasribeiraopreto.com.br\/wp-content\/uploads\/2025\/01\/ricardo-maraca_2025-01-01_16-17-24_jpeg_2025-01-01_16-17-24.webp.webp?fit=1200%2C900&ssl=1&resize=700%2C400 2x, https:\/\/i0.wp.com\/noticiasribeiraopreto.com.br\/wp-content\/uploads\/2025\/01\/ricardo-maraca_2025-01-01_16-17-24_jpeg_2025-01-01_16-17-24.webp.webp?fit=1200%2C900&ssl=1&resize=1050%2C600 3x"},"classes":[]},{"id":61725,"url":"https:\/\/noticiasribeiraopreto.com.br\/index.php\/2024\/12\/20\/casa-civil-inovacao-e-saerp-tem-secretarios-definidos-veja-nomes-anunciados-por-ricardo-silva\/","url_meta":{"origin":83248,"position":4},"title":"Casa Civil, Inova\u00e7\u00e3o e Saerp t\u00eam secret\u00e1rios definidos; Veja nomes anunciados por Ricardo Silva","author":"noticiasribeiraopreto.com.br","date":"20 de December de 2024","format":false,"excerpt":"O prefeito eleito de Ribeir\u00e3o Preto, Ricardo Silva (PSD), anunciou nesta sexta-feira (20) os novos secret\u00e1rios da Casa Civil, Saerp, Assist\u00eancia Social, Planejamento e Inova\u00e7\u00e3o e Desenvolvimento Urbano. Tamb\u00e9m foram definidos os comandantes da Cohab-RP e da Fiscaliza\u00e7\u00e3o Geral. Novos secret\u00e1rios O vice-prefeito eleito Alessandro Maraca (MDB) ser\u00e1 o secret\u00e1rio\u2026","rel":"","context":"In &quot;Not\u00edcias de Ribeir\u00e3o Preto-SP e Regi\u00e3o&quot;","block_context":{"text":"Not\u00edcias de Ribeir\u00e3o Preto-SP e Regi\u00e3o","link":"https:\/\/noticiasribeiraopreto.com.br\/index.php\/category\/noticias-de-ribeirao-preto-sp-e-regiao-ismael-colosi\/"},"img":{"alt_text":"","src":"https:\/\/i0.wp.com\/noticiasribeiraopreto.com.br\/wp-content\/uploads\/2024\/12\/maraca-suely_2024-12-20_13-26-41_jpeg_2024-12-20_13-26-42.webp.webp?fit=1200%2C674&ssl=1&resize=350%2C200","width":350,"height":200,"srcset":"https:\/\/i0.wp.com\/noticiasribeiraopreto.com.br\/wp-content\/uploads\/2024\/12\/maraca-suely_2024-12-20_13-26-41_jpeg_2024-12-20_13-26-42.webp.webp?fit=1200%2C674&ssl=1&resize=350%2C200 1x, https:\/\/i0.wp.com\/noticiasribeiraopreto.com.br\/wp-content\/uploads\/2024\/12\/maraca-suely_2024-12-20_13-26-41_jpeg_2024-12-20_13-26-42.webp.webp?fit=1200%2C674&ssl=1&resize=525%2C300 1.5x, https:\/\/i0.wp.com\/noticiasribeiraopreto.com.br\/wp-content\/uploads\/2024\/12\/maraca-suely_2024-12-20_13-26-41_jpeg_2024-12-20_13-26-42.webp.webp?fit=1200%2C674&ssl=1&resize=700%2C400 2x, https:\/\/i0.wp.com\/noticiasribeiraopreto.com.br\/wp-content\/uploads\/2024\/12\/maraca-suely_2024-12-20_13-26-41_jpeg_2024-12-20_13-26-42.webp.webp?fit=1200%2C674&ssl=1&resize=1050%2C600 3x"},"classes":[]},{"id":62337,"url":"https:\/\/noticiasribeiraopreto.com.br\/index.php\/2025\/01\/10\/coordenador-de-upa-de-ribeirao-preto-demitido-faz-bo-apos-video-do-prefeito\/","url_meta":{"origin":83248,"position":5},"title":"Coordenador de UPA de Ribeir\u00e3o Preto demitido faz BO ap\u00f3s v\u00eddeo do prefeito","author":"noticiasribeiraopreto.com.br","date":"10 de January de 2025","format":false,"excerpt":"O coordenador administrativo da UPA (Unidade de Pronto Atendimento) Oeste, em Ribeir\u00e3o Preto, demitido na \u00faltima quarta-feira (8), registrou um BO (boletim de ocorr\u00eancia), que tem o prefeito Ricardo Silva (PSD) e o secret\u00e1rio da Sa\u00fade Maur\u00edcio Godinho como partes, ap\u00f3s v\u00eddeo publicado nas redes sociais do chefe do Executivo.\u2026","rel":"","context":"In &quot;Not\u00edcias de Ribeir\u00e3o Preto-SP e Regi\u00e3o&quot;","block_context":{"text":"Not\u00edcias de Ribeir\u00e3o Preto-SP e Regi\u00e3o","link":"https:\/\/noticiasribeiraopreto.com.br\/index.php\/category\/noticias-de-ribeirao-preto-sp-e-regiao-ismael-colosi\/"},"img":{"alt_text":"","src":"https:\/\/i0.wp.com\/noticiasribeiraopreto.com.br\/wp-content\/uploads\/2025\/01\/ricardo-silva-godinho_2025-01-10_19-25-05_jpeg_2025-01-10_19-25-06.webp.webp?fit=1200%2C674&ssl=1&resize=350%2C200","width":350,"height":200,"srcset":"https:\/\/i0.wp.com\/noticiasribeiraopreto.com.br\/wp-content\/uploads\/2025\/01\/ricardo-silva-godinho_2025-01-10_19-25-05_jpeg_2025-01-10_19-25-06.webp.webp?fit=1200%2C674&ssl=1&resize=350%2C200 1x, https:\/\/i0.wp.com\/noticiasribeiraopreto.com.br\/wp-content\/uploads\/2025\/01\/ricardo-silva-godinho_2025-01-10_19-25-05_jpeg_2025-01-10_19-25-06.webp.webp?fit=1200%2C674&ssl=1&resize=525%2C300 1.5x, https:\/\/i0.wp.com\/noticiasribeiraopreto.com.br\/wp-content\/uploads\/2025\/01\/ricardo-silva-godinho_2025-01-10_19-25-05_jpeg_2025-01-10_19-25-06.webp.webp?fit=1200%2C674&ssl=1&resize=700%2C400 2x, https:\/\/i0.wp.com\/noticiasribeiraopreto.com.br\/wp-content\/uploads\/2025\/01\/ricardo-silva-godinho_2025-01-10_19-25-05_jpeg_2025-01-10_19-25-06.webp.webp?fit=1200%2C674&ssl=1&resize=1050%2C600 3x"},"classes":[]}],"jetpack_sharing_enabled":true,"jetpack_shortlink":"https:\/\/wp.me\/peQAOb-lEI","_links":{"self":[{"href":"https:\/\/noticiasribeiraopreto.com.br\/index.php\/wp-json\/wp\/v2\/posts\/83248","targetHints":{"allow":["GET"]}}],"collection":[{"href":"https:\/\/noticiasribeiraopreto.com.br\/index.php\/wp-json\/wp\/v2\/posts"}],"about":[{"href":"https:\/\/noticiasribeiraopreto.com.br\/index.php\/wp-json\/wp\/v2\/types\/post"}],"author":[{"embeddable":true,"href":"https:\/\/noticiasribeiraopreto.com.br\/index.php\/wp-json\/wp\/v2\/users\/1"}],"replies":[{"embeddable":true,"href":"https:\/\/noticiasribeiraopreto.com.br\/index.php\/wp-json\/wp\/v2\/comments?post=83248"}],"version-history":[{"count":0,"href":"https:\/\/noticiasribeiraopreto.com.br\/index.php\/wp-json\/wp\/v2\/posts\/83248\/revisions"}],"wp:featuredmedia":[{"embeddable":true,"href":"https:\/\/noticiasribeiraopreto.com.br\/index.php\/wp-json\/wp\/v2\/media\/83249"}],"wp:attachment":[{"href":"https:\/\/noticiasribeiraopreto.com.br\/index.php\/wp-json\/wp\/v2\/media?parent=83248"}],"wp:term":[{"taxonomy":"category","embeddable":true,"href":"https:\/\/noticiasribeiraopreto.com.br\/index.php\/wp-json\/wp\/v2\/categories?post=83248"},{"taxonomy":"post_tag","embeddable":true,"href":"https:\/\/noticiasribeiraopreto.com.br\/index.php\/wp-json\/wp\/v2\/tags?post=83248"}],"curies":[{"name":"wp","href":"https:\/\/api.w.org\/{rel}","templated":true}]}}