{"id":83250,"date":"2026-03-13T13:11:49","date_gmt":"2026-03-13T16:11:49","guid":{"rendered":"https:\/\/noticiasribeiraopreto.com.br\/index.php\/2026\/03\/13\/familia-procura-mulher-e-filha-desaparecidas-em-sorocaba\/"},"modified":"2026-03-13T13:11:49","modified_gmt":"2026-03-13T16:11:49","slug":"familia-procura-mulher-e-filha-desaparecidas-em-sorocaba","status":"publish","type":"post","link":"https:\/\/noticiasribeiraopreto.com.br\/index.php\/2026\/03\/13\/familia-procura-mulher-e-filha-desaparecidas-em-sorocaba\/","title":{"rendered":"Fam\u00edlia procura mulher e filha desaparecidas em Sorocaba"},"content":{"rendered":"<div class='code-block code-block-1' style='margin: 8px 0 8px auto; text-align: right; display: block; clear: both;'>\n<p><a href=\"https:\/\/wa.link\/vpicfd\"><img data-recalc-dims=\"1\" class=\"wp-image-4922\" style=\"aspect-ratio: 2.0253164556962027; width: 561px; height: auto;\" src=\"https:\/\/i0.wp.com\/ismaelcolosi.com.br\/wp-content\/uploads\/2023\/11\/grupo-de-empregos-whatsapp-e-facebook-ismael-colosi-vagas.jpg?ssl=1\" alt=\"\" \/><\/a><\/p>\n<!-- \/wp:image -->\n<\/div>\n<p> <br \/>\n<\/p>\n<div id=\"\">&#13;<\/p>\n<h2 class=\"penci-post-subtitle\">Segundo a m\u00e3e, sua filha veio com a neta a convite de um homem que conheceu pelas redes sociais e seria residente na regi\u00e3o de RP<\/h2>\n<p>&#13;<\/p>\n<p>&#13;<br \/>\n\t\t\t\t\t\t\t\t\t<span class=\"entry-meta-item penci-posted-on\"><i class=\"fa fa-clock-o\"\/><time class=\"entry-date published updated\" datetime=\"2026-03-13T13:04:40-03:00\">13 de mar\u00e7o de 2026 13:04<\/time><\/span><span class=\"entry-meta-item penci-post-countview\"\/>\t\t\t\t\t\t\t\t<\/p>\n<p><!-- .entry-meta -->&#13;<br \/>\n\t\t\t\t\t\t\t\t<span class=\"penci-social-buttons penci-social-share-footer\"><span class=\"penci-social-share-text\">Compartilhar<\/span><a href=\"#\" class=\"penci-post-like penci_post-meta_item  single-like-button penci-social-item like\" data-post_id=\"457304\" title=\"Like\" data-like=\"Like\" data-unlike=\"Unlike\"><i class=\"fa fa-thumbs-o-up\"\/><span class=\"penci-share-number\">2<\/span><\/a><i class=\"fa fa-facebook\"\/><a class=\"penci-social-item twitter\" target=\"_blank\" rel=\"noopener\" title=\"\" href=\"https:\/\/twitter.com\/intent\/tweet?text=Fam\u00edlia%20procura%20mulher%20e%20filha%20desaparecidas%20em%20Sorocaba%20-%20https:\/\/www.tribunaribeirao.com.br\/familia-procura-mulher-e-filha-desaparecidas-em-sorocaba\/\"><i class=\"fa fa-twitter\"\/><\/a><i class=\"fa fa-linkedin\"\/><i class=\"fa fa-whatsapp\"\/><i class=\"fa fa-telegram\"\/><i class=\"fa fa-envelope\"\/><\/span>\t\t\t\t\t\t\t<\/div>\n<div>\n<p>A fam\u00edlia de Maria Vit\u00f3ria Fontes Sousa, de 22 anos, est\u00e1 \u00e0 sua procura. Ela desapareceu da casa onde vivia com o companheiro em Sorocaba, distante 300 km de Ribeir\u00e3o Preto. De acordo com o Boletim de Ocorr\u00eancia (B.O.), Maria Vit\u00f3ria trouxe junto sua filha de tr\u00eas anos.<\/p>\n<p>O registro foi feito pela m\u00e3e de Maria Vit\u00f3ria. A m\u00e3e chegou a divulgar um v\u00eddeo contando o drama da fam\u00edlia. A data exata em que Maria Vit\u00f3ria deixou Sorocaba n\u00e3o foi informada. No v\u00eddeo, a m\u00e3e disse que a filha teria feito tudo sem contar nada para ningu\u00e9m.<\/p>\n<p>Consta que ela teria pegado poucas roupas e vindo para o \u201cbairro Brodowski\u201d, em Ribeir\u00e3o Preto. Depois a fam\u00edlia descobriu que Brodowski \u00e9, na verdade, uma cidade vizinha de Ribeir\u00e3o Preto.<\/p>\n<p>O homem que convidou Maria Vit\u00f3ria para morar com ele se apresenta, nas redes sociais, como Matheu8s Oliveira. Assim que a m\u00e3e da desaparecida percebeu, manteve contato com a filha, que disse ter vindo para Ribeir\u00e3o Preto, mas estava tudo bem.<\/p>\n<p>A mulher chegou a falar com Oliveira, mas o \u00faltimo contato ocorreu no dia 03 de mar\u00e7o. Depois disso n\u00e3o houve mais retorno, nem no celular do homem, nem no celular da filha. Uma amiga relatou que recebeu uma mensagem no dia 02 de mar\u00e7o, onde Maria Vit\u00f3ria pedia um pix de R$ 10. Depois disso, sem contato.<\/p>\n<p>A m\u00e3e de Maria Vit\u00f3ria disse que o perfil do homem no Instagram teria sido apagado e n\u00e3o houve mais retorno. Informa\u00e7\u00f5es sobre o paradeiro de Maria Vit\u00f3ria Fontes Souza, de 22 anos, e de sua filha, de 3, pode ser feitas atrav\u00e9s do telefone 181, da Pol\u00edcia Civil, ou 190, da Pol\u00edcia Militar.<\/p>\n<\/div>\n<p><script async src=\"\/\/platform.twitter.com\/widgets.js\" charset=\"utf-8\"><\/script><br \/>\n<br \/><br \/>\n<br \/><a href=\"https:\/\/www.tribunaribeirao.com.br\/familia-procura-mulher-e-filha-desaparecidas-em-sorocaba\/\">Source link <\/a><\/p>\n<!-- CONTENT END 1 -->\n","protected":false},"excerpt":{"rendered":"<p>&#13; Segundo a m\u00e3e, sua filha veio com a neta a convite de um homem que conheceu pelas redes sociais e seria residente na regi\u00e3o&#8230;<\/p>\n","protected":false},"author":1,"featured_media":83251,"comment_status":"open","ping_status":"open","sticky":false,"template":"","format":"standard","meta":{"advanced_seo_description":"","jetpack_seo_html_title":"","jetpack_seo_noindex":false,"jetpack_post_was_ever_published":false,"_jetpack_newsletter_access":"","_jetpack_dont_email_post_to_subs":false,"_jetpack_newsletter_tier_id":0,"_jetpack_memberships_contains_paywalled_content":false,"_jetpack_memberships_contains_paid_content":false,"footnotes":"","jetpack_publicize_message":"","jetpack_publicize_feature_enabled":true,"jetpack_social_post_already_shared":true,"jetpack_social_options":{"image_generator_settings":{"template":"highway","default_image_id":0,"font":"","enabled":false},"version":2}},"categories":[11],"tags":[],"class_list":["post-83250","post","type-post","status-publish","format-standard","has-post-thumbnail","hentry","category-noticias-de-ribeirao-preto-sp-e-regiao-ismael-colosi"],"jetpack_publicize_connections":[],"jetpack_featured_media_url":"https:\/\/i0.wp.com\/noticiasribeiraopreto.com.br\/wp-content\/uploads\/2026\/03\/13-mar-2026-desaparecidasorocaba.jpg?fit=585%2C780&ssl=1","jetpack-related-posts":[{"id":52874,"url":"https:\/\/noticiasribeiraopreto.com.br\/index.php\/2024\/06\/13\/policia-investiga-morte-de-idosa-encontrada-em-piscina-na-casa-da-filha-na-regiao-de-ribeirao\/","url_meta":{"origin":83250,"position":0},"title":"Pol\u00edcia investiga morte de idosa encontrada em piscina na casa da filha na regi\u00e3o de Ribeir\u00e3o","author":"noticiasribeiraopreto.com.br","date":"13 de June de 2024","format":false,"excerpt":"A Pol\u00edcia Civil investiga a morte de uma mulher de 90 anos, encontrada na noite desta quinta-feira (12) na piscina da casa da filha em um condom\u00ednio de Franca, cidade a aproximadamente 80 quil\u00f4metros de Ribeir\u00e3o Preto. Segundo o boletim de ocorr\u00eancia (BO), os familiares informaram que a idosa havia\u2026","rel":"","context":"In &quot;Not\u00edcias de Ribeir\u00e3o Preto-SP e Regi\u00e3o&quot;","block_context":{"text":"Not\u00edcias de Ribeir\u00e3o Preto-SP e Regi\u00e3o","link":"https:\/\/noticiasribeiraopreto.com.br\/index.php\/category\/noticias-de-ribeirao-preto-sp-e-regiao-ismael-colosi\/"},"img":{"alt_text":"","src":"https:\/\/i0.wp.com\/noticiasribeiraopreto.com.br\/wp-content\/uploads\/2024\/06\/pool-3105769_1920.jpg?fit=1200%2C799&ssl=1&resize=350%2C200","width":350,"height":200,"srcset":"https:\/\/i0.wp.com\/noticiasribeiraopreto.com.br\/wp-content\/uploads\/2024\/06\/pool-3105769_1920.jpg?fit=1200%2C799&ssl=1&resize=350%2C200 1x, https:\/\/i0.wp.com\/noticiasribeiraopreto.com.br\/wp-content\/uploads\/2024\/06\/pool-3105769_1920.jpg?fit=1200%2C799&ssl=1&resize=525%2C300 1.5x, https:\/\/i0.wp.com\/noticiasribeiraopreto.com.br\/wp-content\/uploads\/2024\/06\/pool-3105769_1920.jpg?fit=1200%2C799&ssl=1&resize=700%2C400 2x, https:\/\/i0.wp.com\/noticiasribeiraopreto.com.br\/wp-content\/uploads\/2024\/06\/pool-3105769_1920.jpg?fit=1200%2C799&ssl=1&resize=1050%2C600 3x"},"classes":[]},{"id":5844,"url":"https:\/\/noticiasribeiraopreto.com.br\/index.php\/2023\/11\/24\/utm_sourcerssutm_mediumrssutm_campaignmulher-disse-que-dopou-e-matou-marido-por-que-a-filha-foi-abusada-em-serrana\/","url_meta":{"origin":83250,"position":1},"title":"Mulher disse que dopou e matou marido por que a filha foi abusada em Serrana \u2013 X Tudo Ribeir\u00e3o","author":"noticiasribeiraopreto.com.br","date":"24 de November de 2023","format":false,"excerpt":"A mulher que dopou e matou o marido com golpes de facadas e martelada contou em depoimento aos Policiais Civis da cidade de Serrana, que cometeu o crime ap\u00f3s descobrir que sua filha de apenas 13 anos, estava sendo abusada sexualmente pela v\u00edtima.\u00a0 Em depoimento aos Policiais Civis na Delegacia\u2026","rel":"","context":"In &quot;Not\u00edcias de Ribeir\u00e3o Preto-SP e Regi\u00e3o&quot;","block_context":{"text":"Not\u00edcias de Ribeir\u00e3o Preto-SP e Regi\u00e3o","link":"https:\/\/noticiasribeiraopreto.com.br\/index.php\/category\/noticias-de-ribeirao-preto-sp-e-regiao-ismael-colosi\/"},"img":{"alt_text":"","src":"https:\/\/i0.wp.com\/noticiasribeiraopreto.com.br\/wp-content\/uploads\/2023\/11\/1700845991_8cfba6d3-6af2-4ac4-8de3-8864f044afef.jpeg?fit=909%2C572&ssl=1&resize=350%2C200","width":350,"height":200,"srcset":"https:\/\/i0.wp.com\/noticiasribeiraopreto.com.br\/wp-content\/uploads\/2023\/11\/1700845991_8cfba6d3-6af2-4ac4-8de3-8864f044afef.jpeg?fit=909%2C572&ssl=1&resize=350%2C200 1x, https:\/\/i0.wp.com\/noticiasribeiraopreto.com.br\/wp-content\/uploads\/2023\/11\/1700845991_8cfba6d3-6af2-4ac4-8de3-8864f044afef.jpeg?fit=909%2C572&ssl=1&resize=525%2C300 1.5x, https:\/\/i0.wp.com\/noticiasribeiraopreto.com.br\/wp-content\/uploads\/2023\/11\/1700845991_8cfba6d3-6af2-4ac4-8de3-8864f044afef.jpeg?fit=909%2C572&ssl=1&resize=700%2C400 2x"},"classes":[]},{"id":46908,"url":"https:\/\/noticiasribeiraopreto.com.br\/index.php\/2024\/04\/15\/sertanejo-famoso-acusa-filha-de-extorsao-bo-foi-registrado-em-ribeirao-preto\/","url_meta":{"origin":83250,"position":2},"title":"Sertanejo famoso acusa filha de extors\u00e3o; BO foi registrado em Ribeir\u00e3o Preto","author":"noticiasribeiraopreto.com.br","date":"15 de April de 2024","format":false,"excerpt":"O cantor Arlindo Cassoli, da famosa dupla sertaneja Louren\u00e7o e Lourival, registrou um BO (boletim de ocorr\u00eancia) por extors\u00e3o contra uma filha que o teria amea\u00e7ado para que ele desse dinheiro para ela. O registro foi realizado no \u00faltimo s\u00e1bado (13) na CPJ (Central de Pol\u00edcia Judici\u00e1ria) de Ribeir\u00e3o Preto.\u2026","rel":"","context":"In &quot;Not\u00edcias de Ribeir\u00e3o Preto-SP e Regi\u00e3o&quot;","block_context":{"text":"Not\u00edcias de Ribeir\u00e3o Preto-SP e Regi\u00e3o","link":"https:\/\/noticiasribeiraopreto.com.br\/index.php\/category\/noticias-de-ribeirao-preto-sp-e-regiao-ismael-colosi\/"},"img":{"alt_text":"","src":"https:\/\/i0.wp.com\/noticiasribeiraopreto.com.br\/wp-content\/uploads\/2024\/04\/AnyConv.com__arlindo-lourenco.webp.webp?fit=1200%2C675&ssl=1&resize=350%2C200","width":350,"height":200,"srcset":"https:\/\/i0.wp.com\/noticiasribeiraopreto.com.br\/wp-content\/uploads\/2024\/04\/AnyConv.com__arlindo-lourenco.webp.webp?fit=1200%2C675&ssl=1&resize=350%2C200 1x, https:\/\/i0.wp.com\/noticiasribeiraopreto.com.br\/wp-content\/uploads\/2024\/04\/AnyConv.com__arlindo-lourenco.webp.webp?fit=1200%2C675&ssl=1&resize=525%2C300 1.5x, https:\/\/i0.wp.com\/noticiasribeiraopreto.com.br\/wp-content\/uploads\/2024\/04\/AnyConv.com__arlindo-lourenco.webp.webp?fit=1200%2C675&ssl=1&resize=700%2C400 2x, https:\/\/i0.wp.com\/noticiasribeiraopreto.com.br\/wp-content\/uploads\/2024\/04\/AnyConv.com__arlindo-lourenco.webp.webp?fit=1200%2C675&ssl=1&resize=1050%2C600 3x"},"classes":[]},{"id":69630,"url":"https:\/\/noticiasribeiraopreto.com.br\/index.php\/2025\/05\/07\/mulher-e-morta-a-facadas-na-frente-da-filha-na-regiao-de-ribeirao-preto\/","url_meta":{"origin":83250,"position":3},"title":"Mulher \u00e9 morta a facadas na frente da filha na regi\u00e3o de Ribeir\u00e3o Preto","author":"noticiasribeiraopreto.com.br","date":"7 de May de 2025","format":false,"excerpt":"Uma mulher de 29 anos foi morta a facadas na frente da filha menor de idade, na manh\u00e3 desta ter\u00e7a-feira (6), em Cajuru, cidade a aproximadamente 60 quil\u00f4metros de Ribeir\u00e3o Preto. O ex-marido, de 31 anos, \u00e9 o principal suspeito do crime. Segundo o boletim de ocorr\u00eancia (BO), Daiane Ta\u00eds\u2026","rel":"","context":"In &quot;Not\u00edcias de Ribeir\u00e3o Preto-SP e Regi\u00e3o&quot;","block_context":{"text":"Not\u00edcias de Ribeir\u00e3o Preto-SP e Regi\u00e3o","link":"https:\/\/noticiasribeiraopreto.com.br\/index.php\/category\/noticias-de-ribeirao-preto-sp-e-regiao-ismael-colosi\/"},"img":{"alt_text":"","src":"https:\/\/i0.wp.com\/noticiasribeiraopreto.com.br\/wp-content\/uploads\/2025\/05\/1746649727_20220620_114539075_policia_qru_1024x576_25052021184749_jpg_715985292.jpg?fit=1200%2C606&ssl=1&resize=350%2C200","width":350,"height":200,"srcset":"https:\/\/i0.wp.com\/noticiasribeiraopreto.com.br\/wp-content\/uploads\/2025\/05\/1746649727_20220620_114539075_policia_qru_1024x576_25052021184749_jpg_715985292.jpg?fit=1200%2C606&ssl=1&resize=350%2C200 1x, https:\/\/i0.wp.com\/noticiasribeiraopreto.com.br\/wp-content\/uploads\/2025\/05\/1746649727_20220620_114539075_policia_qru_1024x576_25052021184749_jpg_715985292.jpg?fit=1200%2C606&ssl=1&resize=525%2C300 1.5x, https:\/\/i0.wp.com\/noticiasribeiraopreto.com.br\/wp-content\/uploads\/2025\/05\/1746649727_20220620_114539075_policia_qru_1024x576_25052021184749_jpg_715985292.jpg?fit=1200%2C606&ssl=1&resize=700%2C400 2x, https:\/\/i0.wp.com\/noticiasribeiraopreto.com.br\/wp-content\/uploads\/2025\/05\/1746649727_20220620_114539075_policia_qru_1024x576_25052021184749_jpg_715985292.jpg?fit=1200%2C606&ssl=1&resize=1050%2C600 3x"},"classes":[]},{"id":59324,"url":"https:\/\/noticiasribeiraopreto.com.br\/index.php\/2024\/10\/21\/engenheiro-e-preso-apos-esfaquear-ex-mulher-filha-e-ex-sogra-na-regiao-de-ribeirao\/","url_meta":{"origin":83250,"position":4},"title":"Engenheiro \u00e9 preso ap\u00f3s esfaquear ex-mulher, filha e ex-sogra na regi\u00e3o de Ribeir\u00e3o","author":"noticiasribeiraopreto.com.br","date":"21 de October de 2024","format":false,"excerpt":"Um engenheiro civil foi preso ap\u00f3s esfaquear a ex-companheira, a filha e a ex-sogra, na manh\u00e3 desta segunda-feira (21), em Franca, cidade na regi\u00e3o de Ribeir\u00e3o Preto. O caso aconteceu dentro de um condom\u00ednio fechado, localizado na Vila Santa Cruz. Conforme apura\u00e7\u00e3o da EPTV, o homem n\u00e3o aceitava o fim\u2026","rel":"","context":"In &quot;Not\u00edcias de Ribeir\u00e3o Preto-SP e Regi\u00e3o&quot;","block_context":{"text":"Not\u00edcias de Ribeir\u00e3o Preto-SP e Regi\u00e3o","link":"https:\/\/noticiasribeiraopreto.com.br\/index.php\/category\/noticias-de-ribeirao-preto-sp-e-regiao-ismael-colosi\/"},"img":{"alt_text":"","src":"https:\/\/i0.wp.com\/noticiasribeiraopreto.com.br\/wp-content\/uploads\/2024\/10\/Capturar-11.jpg?fit=730%2C480&ssl=1&resize=350%2C200","width":350,"height":200,"srcset":"https:\/\/i0.wp.com\/noticiasribeiraopreto.com.br\/wp-content\/uploads\/2024\/10\/Capturar-11.jpg?fit=730%2C480&ssl=1&resize=350%2C200 1x, https:\/\/i0.wp.com\/noticiasribeiraopreto.com.br\/wp-content\/uploads\/2024\/10\/Capturar-11.jpg?fit=730%2C480&ssl=1&resize=525%2C300 1.5x, https:\/\/i0.wp.com\/noticiasribeiraopreto.com.br\/wp-content\/uploads\/2024\/10\/Capturar-11.jpg?fit=730%2C480&ssl=1&resize=700%2C400 2x"},"classes":[]},{"id":70280,"url":"https:\/\/noticiasribeiraopreto.com.br\/index.php\/2025\/05\/24\/homem-mata-a-mulher-e-a-propria-filha-na-regiao-de-ribeirao-preto\/","url_meta":{"origin":83250,"position":5},"title":"Homem mata a mulher e a pr\u00f3pria filha na regi\u00e3o de Ribeir\u00e3o Preto","author":"noticiasribeiraopreto.com.br","date":"24 de May de 2025","format":false,"excerpt":"Um homem de 37 anos matou a mulher a pr\u00f3pria filha de 5 anos na noite da \u00faltima sexta-feira (23) no distrito de Cruz das Posses, em Sert\u00e3ozinho, na regi\u00e3o de Ribeir\u00e3o Preto. O acusado atingiu as v\u00edtimas com golpes de faca. O caso aconteceu na casa da fam\u00edlia, que\u2026","rel":"","context":"In &quot;Not\u00edcias de Ribeir\u00e3o Preto-SP e Regi\u00e3o&quot;","block_context":{"text":"Not\u00edcias de Ribeir\u00e3o Preto-SP e Regi\u00e3o","link":"https:\/\/noticiasribeiraopreto.com.br\/index.php\/category\/noticias-de-ribeirao-preto-sp-e-regiao-ismael-colosi\/"},"img":{"alt_text":"","src":"https:\/\/i0.wp.com\/noticiasribeiraopreto.com.br\/wp-content\/uploads\/2025\/05\/delegacia-sertaozinho_2025-05-24_13-10-41.webp.webp?fit=975%2C551&ssl=1&resize=350%2C200","width":350,"height":200,"srcset":"https:\/\/i0.wp.com\/noticiasribeiraopreto.com.br\/wp-content\/uploads\/2025\/05\/delegacia-sertaozinho_2025-05-24_13-10-41.webp.webp?fit=975%2C551&ssl=1&resize=350%2C200 1x, https:\/\/i0.wp.com\/noticiasribeiraopreto.com.br\/wp-content\/uploads\/2025\/05\/delegacia-sertaozinho_2025-05-24_13-10-41.webp.webp?fit=975%2C551&ssl=1&resize=525%2C300 1.5x, https:\/\/i0.wp.com\/noticiasribeiraopreto.com.br\/wp-content\/uploads\/2025\/05\/delegacia-sertaozinho_2025-05-24_13-10-41.webp.webp?fit=975%2C551&ssl=1&resize=700%2C400 2x"},"classes":[]}],"jetpack_sharing_enabled":true,"jetpack_shortlink":"https:\/\/wp.me\/peQAOb-lEK","_links":{"self":[{"href":"https:\/\/noticiasribeiraopreto.com.br\/index.php\/wp-json\/wp\/v2\/posts\/83250","targetHints":{"allow":["GET"]}}],"collection":[{"href":"https:\/\/noticiasribeiraopreto.com.br\/index.php\/wp-json\/wp\/v2\/posts"}],"about":[{"href":"https:\/\/noticiasribeiraopreto.com.br\/index.php\/wp-json\/wp\/v2\/types\/post"}],"author":[{"embeddable":true,"href":"https:\/\/noticiasribeiraopreto.com.br\/index.php\/wp-json\/wp\/v2\/users\/1"}],"replies":[{"embeddable":true,"href":"https:\/\/noticiasribeiraopreto.com.br\/index.php\/wp-json\/wp\/v2\/comments?post=83250"}],"version-history":[{"count":0,"href":"https:\/\/noticiasribeiraopreto.com.br\/index.php\/wp-json\/wp\/v2\/posts\/83250\/revisions"}],"wp:featuredmedia":[{"embeddable":true,"href":"https:\/\/noticiasribeiraopreto.com.br\/index.php\/wp-json\/wp\/v2\/media\/83251"}],"wp:attachment":[{"href":"https:\/\/noticiasribeiraopreto.com.br\/index.php\/wp-json\/wp\/v2\/media?parent=83250"}],"wp:term":[{"taxonomy":"category","embeddable":true,"href":"https:\/\/noticiasribeiraopreto.com.br\/index.php\/wp-json\/wp\/v2\/categories?post=83250"},{"taxonomy":"post_tag","embeddable":true,"href":"https:\/\/noticiasribeiraopreto.com.br\/index.php\/wp-json\/wp\/v2\/tags?post=83250"}],"curies":[{"name":"wp","href":"https:\/\/api.w.org\/{rel}","templated":true}]}}