{"id":83252,"date":"2026-03-14T08:07:19","date_gmt":"2026-03-14T11:07:19","guid":{"rendered":"https:\/\/noticiasribeiraopreto.com.br\/index.php\/2026\/03\/14\/tj-acata-pedido-da-raizen\/"},"modified":"2026-03-14T08:07:19","modified_gmt":"2026-03-14T11:07:19","slug":"tj-acata-pedido-da-raizen","status":"publish","type":"post","link":"https:\/\/noticiasribeiraopreto.com.br\/index.php\/2026\/03\/14\/tj-acata-pedido-da-raizen\/","title":{"rendered":"TJ acata pedido da Ra\u00edzen"},"content":{"rendered":"<div class='code-block code-block-1' style='margin: 8px 0 8px auto; text-align: right; display: block; clear: both;'>\n<p><a href=\"https:\/\/wa.link\/vpicfd\"><img data-recalc-dims=\"1\" class=\"wp-image-4922\" style=\"aspect-ratio: 2.0253164556962027; width: 561px; height: auto;\" src=\"https:\/\/i0.wp.com\/ismaelcolosi.com.br\/wp-content\/uploads\/2023\/11\/grupo-de-empregos-whatsapp-e-facebook-ismael-colosi-vagas.jpg?ssl=1\" alt=\"\" \/><\/a><\/p>\n<!-- \/wp:image -->\n<\/div>\n<p> <br \/>\n<\/p>\n<div>\n<p>O juiz Paulo Furtado de Oliveira Filho, da 2\u00aa Vara de Fal\u00eancias e Recupera\u00e7\u00f5es Judiciais do Tribunal de Justi\u00e7a de S\u00e3o Paulo, aceitou o processamento do pedido de homologa\u00e7\u00e3o do plano de recupera\u00e7\u00e3o extrajudicial apresentado pela Ra\u00edzen, dando in\u00edcio formal ao procedimento de renegocia\u00e7\u00e3o de d\u00edvidas da companhia, a maior produtora mundial de etanol e biomassa de cana-de-a\u00e7\u00facar, dona da Shell e uma das gigantes do setor de agroenergia.<\/p>\n<p>A decis\u00e3o determina a comunica\u00e7\u00e3o aos credores e abre prazo para eventuais impugna\u00e7\u00f5es ao plano apresentado. O magistrado reconhece que a documenta\u00e7\u00e3o apresentada atende aos requisitos previstos na legisla\u00e7\u00e3o e afirma que o plano pode seguir para an\u00e1lise no \u00e2mbito do processo.<\/p>\n<p>Segundo o despacho, as empresas apresentaram os documentos exigidos pela lei e comprovaram as condi\u00e7\u00f5es necess\u00e1rias para o processamento do pedido.<br \/>Com isso, os credores ter\u00e3o 30 dias para contestar ou impugnar o plano. O edital eletr\u00f4nico de intima\u00e7\u00e3o prev\u00ea que os credores possam \u201capresentar impugna\u00e7\u00e3o ao plano\u201d dentro desse prazo.<\/p>\n<p>A decis\u00e3o segue o que foi estabelecido na Lei de Recupera\u00e7\u00e3o e Fal\u00eancias e tamb\u00e9m determina que as empresas comuniquem formalmente todos os credores sujeitos ao plano, informando sobre a distribui\u00e7\u00e3o do pedido, as condi\u00e7\u00f5es da proposta e o prazo para eventual contesta\u00e7\u00e3o.<\/p>\n<p>Outro ponto relevante \u00e9 a suspens\u00e3o da exigibilidade de cr\u00e9ditos abrangidos pela recupera\u00e7\u00e3o. Conforme a decis\u00e3o, ficam vedadas compensa\u00e7\u00f5es e medidas de constri\u00e7\u00e3o patrimonial relacionadas aos cr\u00e9ditos inclu\u00eddos no plano, preservando a negocia\u00e7\u00e3o com credores durante o processo.<\/p>\n<p>Al\u00e9m disso, o juiz fixou prazo de 90 dias para que as empresas apresentem aos autos documenta\u00e7\u00e3o que comprove a ades\u00e3o de credores necess\u00e1ria para validar o plano de recupera\u00e7\u00e3o extrajudicial.<\/p>\n<p>A decis\u00e3o tamb\u00e9m leva em conta o car\u00e1ter internacional da opera\u00e7\u00e3o, permitindo a indica\u00e7\u00e3o de representante estrangeiro para implementa\u00e7\u00e3o do plano fora do Brasil, diante da presen\u00e7a de credores internacionais e da execu\u00e7\u00e3o de parte das obriga\u00e7\u00f5es no exterior.<\/p>\n<p>Em fato relevante divulgado na quarta-feira, 11 de mar\u00e7o, a Ra\u00edzen informou que protocolou o pedido de recupera\u00e7\u00e3o extrajudicial para renegociar cerca de R$ 65,1 bilh\u00f5es em d\u00edvidas financeiras quirograf\u00e1rias. Segundo a companhia, o plano foi estruturado de forma consensual com seus principais credores e j\u00e1 conta com ades\u00e3o de detentores de mais de 47% desses cr\u00e9ditos.<\/p>\n<p>\u201cO Grupo Ra\u00edzen disp\u00f5e do prazo de 90 dias, a contar do processamento da Recupera\u00e7\u00e3o Extrajudicial, para obter o percentual m\u00ednimo necess\u00e1rio \u00e0 homologa\u00e7\u00e3o do seu plano de recupera\u00e7\u00e3o extrajudicial, assegurando, assim, a vincula\u00e7\u00e3o de 100% dos cr\u00e9ditos sujeitos aos novos termos e condi\u00e7\u00f5es de pagamento a serem definidos no Plano\u201d, explica a companhia em seu comunicado.<\/p>\n<p>Ainda segundo a companhia, a iniciativa tem escopo limitado, n\u00e3o abrangendo as d\u00edvidas e obriga\u00e7\u00f5es do Grupo Ra\u00edzen com clientes, fornecedores, revendedores e outros parceiros de neg\u00f3cios, que permanecem vigentes, sendo cumpridas normalmente, nos termos dos respectivos contratos.<\/p>\n<p>Com mais de 45 mil colaboradores e 15 mil parceiros de neg\u00f3cios espalhados por todo o Brasil, o Grupo Ra\u00edzen controla 35 usinas de produ\u00e7\u00e3o de a\u00e7\u00facar, etanol e bioenergia, tendo anunciado uma receita l\u00edquida de R$ 255,3 bilh\u00f5es na safra 2024\/2025.<\/p>\n<p>O Grupo Ra\u00edzen controla algumas das principais usinas da regi\u00e3o de Ribeir\u00e3o Preto, entre elas a Bonfim, em Guariba, uma das maiores plantas de biog\u00e1s do mundo e produ\u00e7\u00e3o de etanol de segunda gera\u00e7\u00e3o (E2G),e a Vale do Ros\u00e1rio, em Morro Agudo, onde administra unidade de produ\u00e7\u00e3o sucroenerg\u00e9tica.<\/p>\n<p>Tamb\u00e9m controla a Usina Araraquara (na cidade hom\u00f4nima), a Ibat\u00e9 (idem, focada na cogera\u00e7\u00e3o de energia) e a Usina Junqueira (Igarapava). A Usina Santa Elisa, em Sert\u00e3ozinho, teve encerrou as atividades em julho de 2025. Ainda controla a Costa Pinto, em Piracicaba.<\/p>\n<p>As outras unidades no estado s\u00e3o a Ben\u00e1lcool (em Bento de Abreu), Bom Retiro (Capivari), Destivale (Ara\u00e7atuba), Diamante (Ja\u00fa), Dois C\u00f3rregos (Dois C\u00f3rregos), Gasa (Andradina), Ipaussu (Ipaussu), Maraca\u00ed (Maraca\u00ed), Mundial (Mirand\u00f3polis), Paragua\u00e7u Paulista (Paragua\u00e7u Paulista), Para\u00edso (Brotas), Rafard (Rafard), Santa C\u00e2ndida (Bocaina), S\u00e3o Francisco (Elias Fausto), Tamoio (Araraquara), Tarum\u00e3 (Tarum\u00e3) e Univalem (Valpara\u00edso).<\/p>\n<p>\u201cAs opera\u00e7\u00f5es do Grupo Ra\u00edzen seguem sendo conduzidas normalmente, no atendimento a clientes, na rela\u00e7\u00e3o com fornecedores e na execu\u00e7\u00e3o de seus planos de neg\u00f3cios. A Ra\u00edzen manter\u00e1 seus acionistas e o mercado informados acerca de quaisquer desdobramentos relevantes relacionados a este tema\u201d, destaca a companhia, procurando tranquilizar seus acionistas e parceiros comerciais.<\/p>\n<\/div>\n<p><br \/>\n<br \/><a href=\"https:\/\/www.tribunaribeirao.com.br\/tj-acata-pedido-da-raizen\/\">Source link <\/a><\/p>\n<!-- CONTENT END 1 -->\n","protected":false},"excerpt":{"rendered":"<p>O juiz Paulo Furtado de Oliveira Filho, da 2\u00aa Vara de Fal\u00eancias e Recupera\u00e7\u00f5es Judiciais do Tribunal de Justi\u00e7a de S\u00e3o Paulo, aceitou o processamento&#8230;<\/p>\n","protected":false},"author":1,"featured_media":83253,"comment_status":"open","ping_status":"open","sticky":false,"template":"","format":"standard","meta":{"advanced_seo_description":"","jetpack_seo_html_title":"","jetpack_seo_noindex":false,"jetpack_post_was_ever_published":false,"_jetpack_newsletter_access":"","_jetpack_dont_email_post_to_subs":false,"_jetpack_newsletter_tier_id":0,"_jetpack_memberships_contains_paywalled_content":false,"_jetpack_memberships_contains_paid_content":false,"footnotes":"","jetpack_publicize_message":"","jetpack_publicize_feature_enabled":true,"jetpack_social_post_already_shared":true,"jetpack_social_options":{"image_generator_settings":{"template":"highway","default_image_id":0,"font":"","enabled":false},"version":2}},"categories":[11],"tags":[],"class_list":["post-83252","post","type-post","status-publish","format-standard","has-post-thumbnail","hentry","category-noticias-de-ribeirao-preto-sp-e-regiao-ismael-colosi"],"jetpack_publicize_connections":[],"jetpack_featured_media_url":"https:\/\/i0.wp.com\/noticiasribeiraopreto.com.br\/wp-content\/uploads\/2026\/03\/Raizen-Photo-Art-Fotografias-Raizen.jpg?fit=1170%2C700&ssl=1","jetpack-related-posts":[{"id":83177,"url":"https:\/\/noticiasribeiraopreto.com.br\/index.php\/2026\/03\/11\/grupo-raizen-pede-recuperacao-extrajudicial\/","url_meta":{"origin":83252,"position":0},"title":"Grupo Ra\u00edzen pede recupera\u00e7\u00e3o extrajudicial","author":"noticiasribeiraopreto.com.br","date":"11 de March de 2026","format":false,"excerpt":"Maior produtora mundial de etanol e biomassa de cana-de-a\u00e7\u00facar, dona da marca Shell e uma das gigantes do setor de agroenergia, a Ra\u00edzen apresentou pedido de recupera\u00e7\u00e3o extrajudicial nesta quarta-feira, 11 de mar\u00e7o. Segundo a companhia, a proposta de renegocia\u00e7\u00e3o de suas d\u00edvidas, que superam os R$ 65,1 bilh\u00f5es, foi\u2026","rel":"","context":"In &quot;Not\u00edcias de Ribeir\u00e3o Preto-SP e Regi\u00e3o&quot;","block_context":{"text":"Not\u00edcias de Ribeir\u00e3o Preto-SP e Regi\u00e3o","link":"https:\/\/noticiasribeiraopreto.com.br\/index.php\/category\/noticias-de-ribeirao-preto-sp-e-regiao-ismael-colosi\/"},"img":{"alt_text":"","src":"https:\/\/i0.wp.com\/noticiasribeiraopreto.com.br\/wp-content\/uploads\/2026\/03\/raizen.jpeg?fit=1170%2C700&ssl=1&resize=350%2C200","width":350,"height":200,"srcset":"https:\/\/i0.wp.com\/noticiasribeiraopreto.com.br\/wp-content\/uploads\/2026\/03\/raizen.jpeg?fit=1170%2C700&ssl=1&resize=350%2C200 1x, https:\/\/i0.wp.com\/noticiasribeiraopreto.com.br\/wp-content\/uploads\/2026\/03\/raizen.jpeg?fit=1170%2C700&ssl=1&resize=525%2C300 1.5x, https:\/\/i0.wp.com\/noticiasribeiraopreto.com.br\/wp-content\/uploads\/2026\/03\/raizen.jpeg?fit=1170%2C700&ssl=1&resize=700%2C400 2x, https:\/\/i0.wp.com\/noticiasribeiraopreto.com.br\/wp-content\/uploads\/2026\/03\/raizen.jpeg?fit=1170%2C700&ssl=1&resize=1050%2C600 3x"},"classes":[]},{"id":83179,"url":"https:\/\/noticiasribeiraopreto.com.br\/index.php\/2026\/03\/11\/grupo-raizen-pede-recuperacao-extrajudicial-2\/","url_meta":{"origin":83252,"position":1},"title":"Grupo Ra\u00edzen pede recupera\u00e7\u00e3o extrajudicial","author":"noticiasribeiraopreto.com.br","date":"11 de March de 2026","format":false,"excerpt":"Maior produtora mundial de etanol e biomassa de cana-de-a\u00e7\u00facar, dona da marca Shell e uma das gigantes do setor de agroenergia, a Ra\u00edzen apresentou pedido de recupera\u00e7\u00e3o extrajudicial nesta quarta-feira, 11 de mar\u00e7o. Segundo a companhia, a proposta de renegocia\u00e7\u00e3o de suas d\u00edvidas, que superam os R$ 65,1 bilh\u00f5es, foi\u2026","rel":"","context":"In &quot;Not\u00edcias de Ribeir\u00e3o Preto-SP e Regi\u00e3o&quot;","block_context":{"text":"Not\u00edcias de Ribeir\u00e3o Preto-SP e Regi\u00e3o","link":"https:\/\/noticiasribeiraopreto.com.br\/index.php\/category\/noticias-de-ribeirao-preto-sp-e-regiao-ismael-colosi\/"},"img":{"alt_text":"","src":"https:\/\/i0.wp.com\/noticiasribeiraopreto.com.br\/wp-content\/uploads\/2026\/03\/raizen.jpg?fit=1170%2C700&ssl=1&resize=350%2C200","width":350,"height":200,"srcset":"https:\/\/i0.wp.com\/noticiasribeiraopreto.com.br\/wp-content\/uploads\/2026\/03\/raizen.jpg?fit=1170%2C700&ssl=1&resize=350%2C200 1x, https:\/\/i0.wp.com\/noticiasribeiraopreto.com.br\/wp-content\/uploads\/2026\/03\/raizen.jpg?fit=1170%2C700&ssl=1&resize=525%2C300 1.5x, https:\/\/i0.wp.com\/noticiasribeiraopreto.com.br\/wp-content\/uploads\/2026\/03\/raizen.jpg?fit=1170%2C700&ssl=1&resize=700%2C400 2x, https:\/\/i0.wp.com\/noticiasribeiraopreto.com.br\/wp-content\/uploads\/2026\/03\/raizen.jpg?fit=1170%2C700&ssl=1&resize=1050%2C600 3x"},"classes":[]},{"id":83156,"url":"https:\/\/noticiasribeiraopreto.com.br\/index.php\/2026\/03\/11\/grupo-com-atuacao-na-regiao-de-ribeirao-confirma-pedido-de-recuperacao-extrajudicial\/","url_meta":{"origin":83252,"position":2},"title":"Grupo com atua\u00e7\u00e3o na regi\u00e3o de Ribeir\u00e3o confirma pedido de recupera\u00e7\u00e3o extrajudicial","author":"noticiasribeiraopreto.com.br","date":"11 de March de 2026","format":false,"excerpt":"O Grupo Ra\u00edzen confirmou nesta quarta-feira (11), que protocolou seu pedido de recupera\u00e7\u00e3o extrajudicial na Comarca da Capital de S\u00e3o Paulo para renegociar cerca de R$ 65,1 bilh\u00f5es em d\u00edvidas. A informa\u00e7\u00e3o foi antecipada pelo Broadcast, sistema de not\u00edcias em tempo real do Grupo Estado. O grupo mant\u00e9m atua\u00e7\u00e3o na\u2026","rel":"","context":"In &quot;Not\u00edcias de Ribeir\u00e3o Preto-SP e Regi\u00e3o&quot;","block_context":{"text":"Not\u00edcias de Ribeir\u00e3o Preto-SP e Regi\u00e3o","link":"https:\/\/noticiasribeiraopreto.com.br\/index.php\/category\/noticias-de-ribeirao-preto-sp-e-regiao-ismael-colosi\/"},"img":{"alt_text":"","src":"https:\/\/i0.wp.com\/noticiasribeiraopreto.com.br\/wp-content\/uploads\/2026\/03\/raizen-guariba_2026-03-11_12-36-06.webp.webp?fit=1200%2C586&ssl=1&resize=350%2C200","width":350,"height":200,"srcset":"https:\/\/i0.wp.com\/noticiasribeiraopreto.com.br\/wp-content\/uploads\/2026\/03\/raizen-guariba_2026-03-11_12-36-06.webp.webp?fit=1200%2C586&ssl=1&resize=350%2C200 1x, https:\/\/i0.wp.com\/noticiasribeiraopreto.com.br\/wp-content\/uploads\/2026\/03\/raizen-guariba_2026-03-11_12-36-06.webp.webp?fit=1200%2C586&ssl=1&resize=525%2C300 1.5x, https:\/\/i0.wp.com\/noticiasribeiraopreto.com.br\/wp-content\/uploads\/2026\/03\/raizen-guariba_2026-03-11_12-36-06.webp.webp?fit=1200%2C586&ssl=1&resize=700%2C400 2x, https:\/\/i0.wp.com\/noticiasribeiraopreto.com.br\/wp-content\/uploads\/2026\/03\/raizen-guariba_2026-03-11_12-36-06.webp.webp?fit=1200%2C586&ssl=1&resize=1050%2C600 3x"},"classes":[]},{"id":14682,"url":"https:\/\/noticiasribeiraopreto.com.br\/index.php\/2023\/12\/12\/justica-nega-pedido-do-safra-para-anular-assembleia-de-credores-da-americanas\/","url_meta":{"origin":83252,"position":3},"title":"Justi\u00e7a nega pedido do Safra para anular assembleia de credores da Americanas","author":"noticiasribeiraopreto.com.br","date":"12 de December de 2023","format":false,"excerpt":"A Justi\u00e7a do Rio de Janeiro negou o pedido do Banco Safra para anular a assembleia geral de credores que vai discutir o Plano de Recupera\u00e7\u00e3o Judicial da Americanas. Na peti\u00e7\u00e3o, o banco denunciava cinco tentativas de fraude no acordo e questionava a data da assembleia de credores. Para os\u2026","rel":"","context":"In &quot;Dinheiro e Investimento&quot;","block_context":{"text":"Dinheiro e Investimento","link":"https:\/\/noticiasribeiraopreto.com.br\/index.php\/category\/dinheiro-e-investimento-como-fazer-como-ganhar\/"},"img":{"alt_text":"","src":"https:\/\/i0.wp.com\/noticiasribeiraopreto.com.br\/wp-content\/uploads\/2023\/12\/Americanas-Foto-2021-Credito-Divulgacao-scaled-1-715x402.jpg?fit=715%2C402&ssl=1&resize=350%2C200","width":350,"height":200,"srcset":"https:\/\/i0.wp.com\/noticiasribeiraopreto.com.br\/wp-content\/uploads\/2023\/12\/Americanas-Foto-2021-Credito-Divulgacao-scaled-1-715x402.jpg?fit=715%2C402&ssl=1&resize=350%2C200 1x, https:\/\/i0.wp.com\/noticiasribeiraopreto.com.br\/wp-content\/uploads\/2023\/12\/Americanas-Foto-2021-Credito-Divulgacao-scaled-1-715x402.jpg?fit=715%2C402&ssl=1&resize=525%2C300 1.5x, https:\/\/i0.wp.com\/noticiasribeiraopreto.com.br\/wp-content\/uploads\/2023\/12\/Americanas-Foto-2021-Credito-Divulgacao-scaled-1-715x402.jpg?fit=715%2C402&ssl=1&resize=700%2C400 2x"},"classes":[]},{"id":74152,"url":"https:\/\/noticiasribeiraopreto.com.br\/index.php\/2025\/07\/16\/raizen-e-sindicato-fecham-acordo-para-demitidos-apos-fechamento-da-usina-santa-elisa\/","url_meta":{"origin":83252,"position":4},"title":"Ra\u00edzen e sindicato fecham acordo para demitidos ap\u00f3s fechamento da Usina Santa Elisa","author":"noticiasribeiraopreto.com.br","date":"16 de July de 2025","format":false,"excerpt":"O Sindicato dos Trabalhadores nas Ind\u00fastrias do A\u00e7\u00facar, da Alimenta\u00e7\u00e3o e Afins de Sert\u00e3ozinho e Regi\u00e3o fechou um acordo com a Ra\u00edzen nesta quarta-feira (16) para garantir os acertos aos trabalhadores demitidos da Usina Santa Elisa. A empresa anunciou, na ter\u00e7a-feira (15), a suspens\u00e3o das atividades da unidade em Sert\u00e3ozinho,\u2026","rel":"","context":"In &quot;Not\u00edcias de Ribeir\u00e3o Preto-SP e Regi\u00e3o&quot;","block_context":{"text":"Not\u00edcias de Ribeir\u00e3o Preto-SP e Regi\u00e3o","link":"https:\/\/noticiasribeiraopreto.com.br\/index.php\/category\/noticias-de-ribeirao-preto-sp-e-regiao-ismael-colosi\/"},"img":{"alt_text":"","src":"https:\/\/i0.wp.com\/noticiasribeiraopreto.com.br\/wp-content\/uploads\/2025\/07\/Copia-de-Copia-de-Copia-de-TAMANHO-EXATO-PARA-FOTOS-NO-SISTEMA-NOVO-2025-07-16T203247.379_2025-07-16_23-34-46.webp.webp?fit=1200%2C675&ssl=1&resize=350%2C200","width":350,"height":200,"srcset":"https:\/\/i0.wp.com\/noticiasribeiraopreto.com.br\/wp-content\/uploads\/2025\/07\/Copia-de-Copia-de-Copia-de-TAMANHO-EXATO-PARA-FOTOS-NO-SISTEMA-NOVO-2025-07-16T203247.379_2025-07-16_23-34-46.webp.webp?fit=1200%2C675&ssl=1&resize=350%2C200 1x, https:\/\/i0.wp.com\/noticiasribeiraopreto.com.br\/wp-content\/uploads\/2025\/07\/Copia-de-Copia-de-Copia-de-TAMANHO-EXATO-PARA-FOTOS-NO-SISTEMA-NOVO-2025-07-16T203247.379_2025-07-16_23-34-46.webp.webp?fit=1200%2C675&ssl=1&resize=525%2C300 1.5x, https:\/\/i0.wp.com\/noticiasribeiraopreto.com.br\/wp-content\/uploads\/2025\/07\/Copia-de-Copia-de-Copia-de-TAMANHO-EXATO-PARA-FOTOS-NO-SISTEMA-NOVO-2025-07-16T203247.379_2025-07-16_23-34-46.webp.webp?fit=1200%2C675&ssl=1&resize=700%2C400 2x, https:\/\/i0.wp.com\/noticiasribeiraopreto.com.br\/wp-content\/uploads\/2025\/07\/Copia-de-Copia-de-Copia-de-TAMANHO-EXATO-PARA-FOTOS-NO-SISTEMA-NOVO-2025-07-16T203247.379_2025-07-16_23-34-46.webp.webp?fit=1200%2C675&ssl=1&resize=1050%2C600 3x"},"classes":[]},{"id":74061,"url":"https:\/\/noticiasribeiraopreto.com.br\/index.php\/2025\/07\/15\/raizen-anuncia-descontinuacao-da-usina-santa-elisa-saiba-o-que-acontece-a-seguir\/","url_meta":{"origin":83252,"position":5},"title":"Ra\u00edzen anuncia descontinua\u00e7\u00e3o da Usina Santa Elisa; saiba o que acontece a seguir","author":"noticiasribeiraopreto.com.br","date":"15 de July de 2025","format":false,"excerpt":"A Ra\u00edzen anunciou nesta ter\u00e7a-feira (15) que vai descontinuar as opera\u00e7\u00f5es da Usina Santa Elisa, em Sert\u00e3ozinho, na regi\u00e3o de Ribeir\u00e3o Preto. O an\u00fancio foi realizado por meio de comunicado ao mercado no qual a companhia fala em \u201creciclagem de portf\u00f3lio\u201d. No comunicado, a Ra\u00edzen afirma que a opera\u00e7\u00e3o da\u2026","rel":"","context":"In &quot;Not\u00edcias de Ribeir\u00e3o Preto-SP e Regi\u00e3o&quot;","block_context":{"text":"Not\u00edcias de Ribeir\u00e3o Preto-SP e Regi\u00e3o","link":"https:\/\/noticiasribeiraopreto.com.br\/index.php\/category\/noticias-de-ribeirao-preto-sp-e-regiao-ismael-colosi\/"},"img":{"alt_text":"","src":"https:\/\/i0.wp.com\/noticiasribeiraopreto.com.br\/wp-content\/uploads\/2025\/07\/usina-santa-elisa_2025-07-15_12-47-16.webp.webp?fit=976%2C545&ssl=1&resize=350%2C200","width":350,"height":200,"srcset":"https:\/\/i0.wp.com\/noticiasribeiraopreto.com.br\/wp-content\/uploads\/2025\/07\/usina-santa-elisa_2025-07-15_12-47-16.webp.webp?fit=976%2C545&ssl=1&resize=350%2C200 1x, https:\/\/i0.wp.com\/noticiasribeiraopreto.com.br\/wp-content\/uploads\/2025\/07\/usina-santa-elisa_2025-07-15_12-47-16.webp.webp?fit=976%2C545&ssl=1&resize=525%2C300 1.5x, https:\/\/i0.wp.com\/noticiasribeiraopreto.com.br\/wp-content\/uploads\/2025\/07\/usina-santa-elisa_2025-07-15_12-47-16.webp.webp?fit=976%2C545&ssl=1&resize=700%2C400 2x"},"classes":[]}],"jetpack_sharing_enabled":true,"jetpack_shortlink":"https:\/\/wp.me\/peQAOb-lEM","_links":{"self":[{"href":"https:\/\/noticiasribeiraopreto.com.br\/index.php\/wp-json\/wp\/v2\/posts\/83252","targetHints":{"allow":["GET"]}}],"collection":[{"href":"https:\/\/noticiasribeiraopreto.com.br\/index.php\/wp-json\/wp\/v2\/posts"}],"about":[{"href":"https:\/\/noticiasribeiraopreto.com.br\/index.php\/wp-json\/wp\/v2\/types\/post"}],"author":[{"embeddable":true,"href":"https:\/\/noticiasribeiraopreto.com.br\/index.php\/wp-json\/wp\/v2\/users\/1"}],"replies":[{"embeddable":true,"href":"https:\/\/noticiasribeiraopreto.com.br\/index.php\/wp-json\/wp\/v2\/comments?post=83252"}],"version-history":[{"count":0,"href":"https:\/\/noticiasribeiraopreto.com.br\/index.php\/wp-json\/wp\/v2\/posts\/83252\/revisions"}],"wp:featuredmedia":[{"embeddable":true,"href":"https:\/\/noticiasribeiraopreto.com.br\/index.php\/wp-json\/wp\/v2\/media\/83253"}],"wp:attachment":[{"href":"https:\/\/noticiasribeiraopreto.com.br\/index.php\/wp-json\/wp\/v2\/media?parent=83252"}],"wp:term":[{"taxonomy":"category","embeddable":true,"href":"https:\/\/noticiasribeiraopreto.com.br\/index.php\/wp-json\/wp\/v2\/categories?post=83252"},{"taxonomy":"post_tag","embeddable":true,"href":"https:\/\/noticiasribeiraopreto.com.br\/index.php\/wp-json\/wp\/v2\/tags?post=83252"}],"curies":[{"name":"wp","href":"https:\/\/api.w.org\/{rel}","templated":true}]}}