{"id":83254,"date":"2026-03-14T09:09:37","date_gmt":"2026-03-14T12:09:37","guid":{"rendered":"https:\/\/noticiasribeiraopreto.com.br\/index.php\/2026\/03\/14\/chuva-derruba-marquise-de-loja\/"},"modified":"2026-03-14T09:09:37","modified_gmt":"2026-03-14T12:09:37","slug":"chuva-derruba-marquise-de-loja","status":"publish","type":"post","link":"https:\/\/noticiasribeiraopreto.com.br\/index.php\/2026\/03\/14\/chuva-derruba-marquise-de-loja\/","title":{"rendered":"Chuva derruba marquise de loja"},"content":{"rendered":"<div class='code-block code-block-1' style='margin: 8px 0 8px auto; text-align: right; display: block; clear: both;'>\n<p><a href=\"https:\/\/wa.link\/vpicfd\"><img data-recalc-dims=\"1\" class=\"wp-image-4922\" style=\"aspect-ratio: 2.0253164556962027; width: 561px; height: auto;\" src=\"https:\/\/i0.wp.com\/ismaelcolosi.com.br\/wp-content\/uploads\/2023\/11\/grupo-de-empregos-whatsapp-e-facebook-ismael-colosi-vagas.jpg?ssl=1\" alt=\"\" \/><\/a><\/p>\n<!-- \/wp:image -->\n<\/div>\n<p> <br \/>\n<\/p>\n<div>\n<p><u>Adalberto Luque <\/u><\/p>\n<p>A marquise de uma loja desabou, na madrugada desta sexta-feira , 13 de mar\u00e7o, na rua Vit\u00f3ria, no bairro Vila Virg\u00ednia, Zona Oeste de Ribeir\u00e3o Preto. De acordo com informa\u00e7\u00f5es, \u00e9 prov\u00e1vel que a \u00e1gua da chuva tenha acumulado. Com o aumento do peso, a estrutura n\u00e3o resistiu e veio abaixo.<\/p>\n<p>O desabamento da marquise causou danos em outros dois estabelecimentos vizinhos. A Defesa Civil Municipal esteve no local, na manh\u00e3 desta sexta-feira, e informou que o propriet\u00e1rio j\u00e1 estava fazendo a limpeza e os reparos. N\u00e3o deve haver interdi\u00e7\u00e3o das edifica\u00e7\u00f5es.<\/p>\n<p>Nesta sexta-feira, a temperatura oscilou entre 20 graus Celsius e 25\u00baC em Ribeir\u00e3o Preto, com sensa\u00e7\u00e3o t\u00e9rmica de 22\u00baC. Eram esperados 21,6 mil\u00edmetros de chuva, segundo a Climatempo. Neste fim de semana, a chuvarada deve dar uma tr\u00e9gua.<\/p>\n<p>A temperatura vai subir a partir deste s\u00e1bado (14), principalmente durante a tarde, mas o clima continuar\u00e1 ameno. Hoje, a m\u00ednima ser\u00e1 de 19 graus e a m\u00e1xima, de 28\u00baC e sensa\u00e7\u00e3o t\u00e9rmica de 23\u00baC . O volume de chuva estimado \u00e9 de 1,8 mil\u00edmetro. Sol com algumas nuvens. Chove r\u00e1pido durante o dia e \u00e0 noite.<\/p>\n<p>N\u00e3o h\u00e1 previs\u00e3o de chuva para domingo (15), quando os term\u00f4metros devem marcar entre 20\u00baC e 29\u00baC, com sensa\u00e7\u00e3o t\u00e9rmica de 24\u00baC. Dia de sol com muitas nuvens durante o dia e per\u00edodos de c\u00e9u nublado. Noite de c\u00e9u limpo, segundo a Climatempo.<\/p>\n<figure id=\"attachment_457327\" aria-describedby=\"caption-attachment-457327\" style=\"width: 451px\" class=\"wp-caption aligncenter\"><img data-recalc-dims=\"1\" loading=\"lazy\" decoding=\"async\" class=\"wp-image-457327 lazyload\" src=\"https:\/\/i0.wp.com\/www.tribunaribeirao.com.br\/wp-content\/uploads\/2026\/03\/ChuvaRP-Tri-Alfredo-Risk-300x200.jpg?resize=451%2C300&#038;ssl=1\" alt=\"\" width=\"451\" height=\"300\" srcset=\"https:\/\/www.tribunaribeirao.com.br\/wp-content\/uploads\/2026\/03\/ChuvaRP-Tri-Alfredo-Risk-300x200.jpg 300w, https:\/\/www.tribunaribeirao.com.br\/wp-content\/uploads\/2026\/03\/ChuvaRP-Tri-Alfredo-Risk-1024x683.jpg 1024w, https:\/\/www.tribunaribeirao.com.br\/wp-content\/uploads\/2026\/03\/ChuvaRP-Tri-Alfredo-Risk-768x512.jpg 768w, https:\/\/www.tribunaribeirao.com.br\/wp-content\/uploads\/2026\/03\/ChuvaRP-Tri-Alfredo-Risk-1536x1024.jpg 1536w, https:\/\/www.tribunaribeirao.com.br\/wp-content\/uploads\/2026\/03\/ChuvaRP-Tri-Alfredo-Risk-2048x1365.jpg 2048w, https:\/\/www.tribunaribeirao.com.br\/wp-content\/uploads\/2026\/03\/ChuvaRP-Tri-Alfredo-Risk-480x320.jpg 480w, https:\/\/www.tribunaribeirao.com.br\/wp-content\/uploads\/2026\/03\/ChuvaRP-Tri-Alfredo-Risk-280x186.jpg 280w, https:\/\/www.tribunaribeirao.com.br\/wp-content\/uploads\/2026\/03\/ChuvaRP-Tri-Alfredo-Risk-1920x1280.jpg 1920w, https:\/\/www.tribunaribeirao.com.br\/wp-content\/uploads\/2026\/03\/ChuvaRP-Tri-Alfredo-Risk-960x640.jpg 960w, https:\/\/www.tribunaribeirao.com.br\/wp-content\/uploads\/2026\/03\/ChuvaRP-Tri-Alfredo-Risk-600x400.jpg 600w, https:\/\/www.tribunaribeirao.com.br\/wp-content\/uploads\/2026\/03\/ChuvaRP-Tri-Alfredo-Risk-585x390.jpg 585w, https:\/\/www.tribunaribeirao.com.br\/wp-content\/uploads\/2026\/03\/ChuvaRP-Tri-Alfredo-Risk-scaled.jpg 1170w\" data-sizes=\"(max-width: 451px) 100vw, 451px\" style=\"--smush-placeholder-width: 451px; --smush-placeholder-aspect-ratio: 451\/300;\"\/><figcaption id=\"caption-attachment-457327\" class=\"wp-caption-text\">Desabamento da marquise causou danos em outros dois estabelecimentos vizinhos: Defesa Civil esteve no local e pr\u00e9dios n\u00e3o ser\u00e3o interditados | Foto: Alfredo Risk<\/figcaption><\/figure>\n<p>A m\u00e9dia de chuva para janeiro \u00e9 de 254 mil\u00edmetros, mas o volume passou de 300 mm em 2026. Para fevereiro, \u00e9 de 177 mil\u00edmetros, mas choveu 244 mm, cerca de 138% do previsto. Neste m\u00eas, com as \u00e1guas de mar\u00e7o fechando o ver\u00e3o, s\u00e3o esperados 164 mm, e at\u00e9 o in\u00edcio da noite de ontem estava em 67 mm, 40,85% do total, mas a intensidade deve ser superior.<\/p>\n<p>O ver\u00e3o come\u00e7ou \u00e0s 12h03 de 21 de dezembro e segue at\u00e9 20 de mar\u00e7o, quando tem in\u00edcio o outono. \u00a0Os dados da Climatempo foram atualizados \u00e0s 18 horas desta sexta-feira. O cen\u00e1rio pode mudar de uma hora para outra, de acordo com as informa\u00e7\u00f5es que chegam via sat\u00e9lite.<\/p>\n<p>Desde que a Opera\u00e7\u00e3o SP Sempre Alerta-Chuvas teve in\u00edcio, em dezembro de 2025, o estado paulista contabiliza 21 \u00f3bitos em decorr\u00eancia das intemp\u00e9ries. Do total, diz a Defesa Civil, onze mortes ocorreram por causa de enxurradas, mais de 50%.<\/p>\n<p>A Defesa Civil alerta que em caso de tempestades, a orienta\u00e7\u00e3o \u00e9 evitar \u00e1reas alagadas, n\u00e3o se abrigar debaixo de \u00e1rvores ou estacionar ve\u00edculos nesses pontos, afastar-se de janelas e estruturas met\u00e1licas e, se poss\u00edvel, permanecer em local seguro at\u00e9 o t\u00e9rmino da instabilidade.<\/p>\n<p>Recomenda ainda reduzir a velocidade, dirigir com aten\u00e7\u00e3o redobrada e n\u00e3o atravessar ruas alagadas. Em caso de emerg\u00eancia, a Defesa Civil deve ser acionada pelo telefone 199, o Corpo de Bombeiros pelo 193, e os servi\u00e7os emergenciais da Secretaria de Infraestrutura e Zeladoria, como limpeza de bocas de lobo e recolhimento de galhos ou \u00e1rvores ca\u00eddas, pelo n\u00famero 156.<\/p>\n<p>Em caso de muito calor e baixa umidade, a Defesa Civil recomenda que a popula\u00e7\u00e3o evite exposi\u00e7\u00e3o ao sol nos hor\u00e1rios mais quentes do dia. Principalmente das dez \u00e0s 16 horas, e utilize protetor solar, bon\u00e9s ou chap\u00e9us e roupas leves.<\/p>\n<p>Tamb\u00e9m \u00e9 essencial manter a hidrata\u00e7\u00e3o constante, bebendo bastante \u00e1gua ao longo do dia \u2013 muita \u00e1gua, suco ou \u00e1gua de coco.\u00a0 A hidrata\u00e7\u00e3o \u00e9 essencial para manter o corpo em equil\u00edbrio.\u00a0 Evite atividades f\u00edsicas intensas ao ar livre nos per\u00edodos de maior calor.<\/p>\n<\/div>\n<p><br \/>\n<br \/><a href=\"https:\/\/www.tribunaribeirao.com.br\/chuva-derruba-marquise-de-loja\/\">Source link <\/a><\/p>\n<!-- CONTENT END 1 -->\n","protected":false},"excerpt":{"rendered":"<p>Adalberto Luque A marquise de uma loja desabou, na madrugada desta sexta-feira , 13 de mar\u00e7o, na rua Vit\u00f3ria, no bairro Vila Virg\u00ednia, Zona Oeste&#8230;<\/p>\n","protected":false},"author":1,"featured_media":83255,"comment_status":"open","ping_status":"open","sticky":false,"template":"","format":"standard","meta":{"advanced_seo_description":"","jetpack_seo_html_title":"","jetpack_seo_noindex":false,"jetpack_post_was_ever_published":false,"_jetpack_newsletter_access":"","_jetpack_dont_email_post_to_subs":false,"_jetpack_newsletter_tier_id":0,"_jetpack_memberships_contains_paywalled_content":false,"_jetpack_memberships_contains_paid_content":false,"footnotes":"","jetpack_publicize_message":"","jetpack_publicize_feature_enabled":true,"jetpack_social_post_already_shared":true,"jetpack_social_options":{"image_generator_settings":{"template":"highway","default_image_id":0,"font":"","enabled":false},"version":2}},"categories":[11],"tags":[],"class_list":["post-83254","post","type-post","status-publish","format-standard","has-post-thumbnail","hentry","category-noticias-de-ribeirao-preto-sp-e-regiao-ismael-colosi"],"jetpack_publicize_connections":[],"jetpack_featured_media_url":"https:\/\/i0.wp.com\/noticiasribeiraopreto.com.br\/wp-content\/uploads\/2026\/03\/ChuvaRP-Mar-Alfredo-Risk-scaled.jpg?fit=1170%2C780&ssl=1","jetpack-related-posts":[{"id":82167,"url":"https:\/\/noticiasribeiraopreto.com.br\/index.php\/2026\/02\/06\/tregua-na-chuva-em-ribeirao-sexta-feira-comeca-com-sol-mas-previsao-indica-mudanca-no-tempo-no-fim-de-semana\/","url_meta":{"origin":83254,"position":0},"title":"Tr\u00e9gua na chuva em Ribeir\u00e3o? Sexta-feira come\u00e7a com sol, mas previs\u00e3o indica mudan\u00e7a no tempo no fim de semana","author":"noticiasribeiraopreto.com.br","date":"6 de February de 2026","format":false,"excerpt":"A sexta-feira (6) come\u00e7a com sol entre nuvens em Ribeir\u00e3o Preto. As temperaturas ficam mais amenas pela manh\u00e3, com m\u00ednima de 20\u00baC, e sobem gradualmente ao longo da manh\u00e3. A m\u00e1xima prevista \u00e9 de 28\u00baC. Embora o dia comece diferente dos \u00faltimos dias, a partir do per\u00edodo da tarde, a\u2026","rel":"","context":"In &quot;Not\u00edcias de Ribeir\u00e3o Preto-SP e Regi\u00e3o&quot;","block_context":{"text":"Not\u00edcias de Ribeir\u00e3o Preto-SP e Regi\u00e3o","link":"https:\/\/noticiasribeiraopreto.com.br\/index.php\/category\/noticias-de-ribeirao-preto-sp-e-regiao-ismael-colosi\/"},"img":{"alt_text":"","src":"https:\/\/i0.wp.com\/noticiasribeiraopreto.com.br\/wp-content\/uploads\/2026\/02\/WhatsApp-Image-2024-11-20-at-08.12.40_2024-11-21_10-00-09_jpeg_2024-11-21_10-00-09.webp.webp?fit=1200%2C540&ssl=1&resize=350%2C200","width":350,"height":200,"srcset":"https:\/\/i0.wp.com\/noticiasribeiraopreto.com.br\/wp-content\/uploads\/2026\/02\/WhatsApp-Image-2024-11-20-at-08.12.40_2024-11-21_10-00-09_jpeg_2024-11-21_10-00-09.webp.webp?fit=1200%2C540&ssl=1&resize=350%2C200 1x, https:\/\/i0.wp.com\/noticiasribeiraopreto.com.br\/wp-content\/uploads\/2026\/02\/WhatsApp-Image-2024-11-20-at-08.12.40_2024-11-21_10-00-09_jpeg_2024-11-21_10-00-09.webp.webp?fit=1200%2C540&ssl=1&resize=525%2C300 1.5x, https:\/\/i0.wp.com\/noticiasribeiraopreto.com.br\/wp-content\/uploads\/2026\/02\/WhatsApp-Image-2024-11-20-at-08.12.40_2024-11-21_10-00-09_jpeg_2024-11-21_10-00-09.webp.webp?fit=1200%2C540&ssl=1&resize=700%2C400 2x, https:\/\/i0.wp.com\/noticiasribeiraopreto.com.br\/wp-content\/uploads\/2026\/02\/WhatsApp-Image-2024-11-20-at-08.12.40_2024-11-21_10-00-09_jpeg_2024-11-21_10-00-09.webp.webp?fit=1200%2C540&ssl=1&resize=1050%2C600 3x"},"classes":[]},{"id":63471,"url":"https:\/\/noticiasribeiraopreto.com.br\/index.php\/2025\/02\/14\/frente-fria-deixa-interior-sp-em-alerta-para-chuva-forte-veja-cidades\/","url_meta":{"origin":83254,"position":1},"title":"Frente fria deixa interior SP em alerta para chuva forte; Veja cidades","author":"noticiasribeiraopreto.com.br","date":"14 de February de 2025","format":false,"excerpt":"A sexta-feira (14) ser\u00e1 mais um dia de aten\u00e7\u00e3o para o risco de chuva forte em regi\u00f5es do interior de S\u00e3o Paulo. Al\u00e9m do calor, uma frente fria que vem do Sul estar\u00e1 passando em alto-mar, na costa paulista. A passagem desta frente fria deve provocar uma mudan\u00e7a na circula\u00e7\u00e3o\u2026","rel":"","context":"In &quot;Not\u00edcias de Ribeir\u00e3o Preto-SP e Regi\u00e3o&quot;","block_context":{"text":"Not\u00edcias de Ribeir\u00e3o Preto-SP e Regi\u00e3o","link":"https:\/\/noticiasribeiraopreto.com.br\/index.php\/category\/noticias-de-ribeirao-preto-sp-e-regiao-ismael-colosi\/"},"img":{"alt_text":"","src":"https:\/\/i0.wp.com\/noticiasribeiraopreto.com.br\/wp-content\/uploads\/2024\/08\/WhatsApp-Image-2024-07-13-at-19.42.17_2024-07-13_22-42-51_jpeg_2024-07-13_22-42-51.webp.webp?fit=1200%2C553&ssl=1&resize=350%2C200","width":350,"height":200,"srcset":"https:\/\/i0.wp.com\/noticiasribeiraopreto.com.br\/wp-content\/uploads\/2024\/08\/WhatsApp-Image-2024-07-13-at-19.42.17_2024-07-13_22-42-51_jpeg_2024-07-13_22-42-51.webp.webp?fit=1200%2C553&ssl=1&resize=350%2C200 1x, https:\/\/i0.wp.com\/noticiasribeiraopreto.com.br\/wp-content\/uploads\/2024\/08\/WhatsApp-Image-2024-07-13-at-19.42.17_2024-07-13_22-42-51_jpeg_2024-07-13_22-42-51.webp.webp?fit=1200%2C553&ssl=1&resize=525%2C300 1.5x, https:\/\/i0.wp.com\/noticiasribeiraopreto.com.br\/wp-content\/uploads\/2024\/08\/WhatsApp-Image-2024-07-13-at-19.42.17_2024-07-13_22-42-51_jpeg_2024-07-13_22-42-51.webp.webp?fit=1200%2C553&ssl=1&resize=700%2C400 2x, https:\/\/i0.wp.com\/noticiasribeiraopreto.com.br\/wp-content\/uploads\/2024\/08\/WhatsApp-Image-2024-07-13-at-19.42.17_2024-07-13_22-42-51_jpeg_2024-07-13_22-42-51.webp.webp?fit=1200%2C553&ssl=1&resize=1050%2C600 3x"},"classes":[]},{"id":46472,"url":"https:\/\/noticiasribeiraopreto.com.br\/index.php\/2024\/04\/11\/frente-fria-nao-derruba-temperatura-no-interior-de-sp-mas-pode-trazer-chuva-entenda\/","url_meta":{"origin":83254,"position":2},"title":"Frente fria n\u00e3o derruba temperatura no interior de SP mas pode trazer chuva; Entenda","author":"noticiasribeiraopreto.com.br","date":"11 de April de 2024","format":false,"excerpt":"A frente fria que avan\u00e7ou da Argentina, se deslocou pelo alto mar em dire\u00e7\u00e3o ao Sudeste brasileiro, nesta quinta-feira (11), e causou chuva em algumas cidades do estado de S\u00e3o Paulo. No interior paulista, a chegada desse sistema n\u00e3o vai causar queda nas temperaturas, contudo, vai aumentar a umidade e\u2026","rel":"","context":"In &quot;Not\u00edcias de Ribeir\u00e3o Preto-SP e Regi\u00e3o&quot;","block_context":{"text":"Not\u00edcias de Ribeir\u00e3o Preto-SP e Regi\u00e3o","link":"https:\/\/noticiasribeiraopreto.com.br\/index.php\/category\/noticias-de-ribeirao-preto-sp-e-regiao-ismael-colosi\/"},"img":{"alt_text":"","src":"https:\/\/i0.wp.com\/noticiasribeiraopreto.com.br\/wp-content\/uploads\/2024\/04\/chuva.jpeg?fit=1200%2C903&ssl=1&resize=350%2C200","width":350,"height":200,"srcset":"https:\/\/i0.wp.com\/noticiasribeiraopreto.com.br\/wp-content\/uploads\/2024\/04\/chuva.jpeg?fit=1200%2C903&ssl=1&resize=350%2C200 1x, https:\/\/i0.wp.com\/noticiasribeiraopreto.com.br\/wp-content\/uploads\/2024\/04\/chuva.jpeg?fit=1200%2C903&ssl=1&resize=525%2C300 1.5x, https:\/\/i0.wp.com\/noticiasribeiraopreto.com.br\/wp-content\/uploads\/2024\/04\/chuva.jpeg?fit=1200%2C903&ssl=1&resize=700%2C400 2x, https:\/\/i0.wp.com\/noticiasribeiraopreto.com.br\/wp-content\/uploads\/2024\/04\/chuva.jpeg?fit=1200%2C903&ssl=1&resize=1050%2C600 3x"},"classes":[]},{"id":31626,"url":"https:\/\/noticiasribeiraopreto.com.br\/index.php\/2024\/01\/22\/frio-interior-de-sp-deve-ter-mudanca-de-temperatura-nos-proximos-dias-entenda\/","url_meta":{"origin":83254,"position":3},"title":"Frio? Interior de SP deve ter mudan\u00e7a de temperatura nos pr\u00f3ximos dias; Entenda","author":"noticiasribeiraopreto.com.br","date":"22 de January de 2024","format":false,"excerpt":"O calor intenso vai perder for\u00e7a em grande parte do interior de S\u00e3o Paulo ao longo desta semana, de acordo com a Climatempo. Contudo, n\u00e3o ser\u00e1 uma nova frente fria, mas sim a combina\u00e7\u00e3o de diversos fatores que ir\u00e3o dificultar a eleva\u00e7\u00e3o nas temperaturas. Em Ribeir\u00e3o Preto, por exemplo, a\u2026","rel":"","context":"In &quot;Not\u00edcias de Ribeir\u00e3o Preto-SP e Regi\u00e3o&quot;","block_context":{"text":"Not\u00edcias de Ribeir\u00e3o Preto-SP e Regi\u00e3o","link":"https:\/\/noticiasribeiraopreto.com.br\/index.php\/category\/noticias-de-ribeirao-preto-sp-e-regiao-ismael-colosi\/"},"img":{"alt_text":"","src":"https:\/\/i0.wp.com\/noticiasribeiraopreto.com.br\/wp-content\/uploads\/2024\/01\/nesta_tercafeira_1200x675_01022022071810.jpg?fit=1200%2C675&ssl=1&resize=350%2C200","width":350,"height":200,"srcset":"https:\/\/i0.wp.com\/noticiasribeiraopreto.com.br\/wp-content\/uploads\/2024\/01\/nesta_tercafeira_1200x675_01022022071810.jpg?fit=1200%2C675&ssl=1&resize=350%2C200 1x, https:\/\/i0.wp.com\/noticiasribeiraopreto.com.br\/wp-content\/uploads\/2024\/01\/nesta_tercafeira_1200x675_01022022071810.jpg?fit=1200%2C675&ssl=1&resize=525%2C300 1.5x, https:\/\/i0.wp.com\/noticiasribeiraopreto.com.br\/wp-content\/uploads\/2024\/01\/nesta_tercafeira_1200x675_01022022071810.jpg?fit=1200%2C675&ssl=1&resize=700%2C400 2x, https:\/\/i0.wp.com\/noticiasribeiraopreto.com.br\/wp-content\/uploads\/2024\/01\/nesta_tercafeira_1200x675_01022022071810.jpg?fit=1200%2C675&ssl=1&resize=1050%2C600 3x"},"classes":[]},{"id":2313,"url":"https:\/\/noticiasribeiraopreto.com.br\/index.php\/2023\/11\/15\/calor-vai-continuar-veja-a-previsao-do-tempo-para-os-proximos-5-dias-em-ribeirao\/","url_meta":{"origin":83254,"position":4},"title":"Calor vai continuar? Veja a previs\u00e3o do tempo para os pr\u00f3ximos 5 dias em Ribeir\u00e3o","author":"noticiasribeiraopreto.com.br","date":"15 de November de 2023","format":false,"excerpt":"O calor\u00e3o deve continuar nesta quarta-feira (15). Segundo a previs\u00e3o do tempo, Ribeir\u00e3o Preto deve ter temperatura m\u00e1xima de 40\u00b0C. A temperatura m\u00ednima foi de 22\u00b0C, \u00e0s 6h. Para quem espera chuva, a Climatempo aponta que h\u00e1 possibilidade de pancadas isoladas no per\u00edodo da tarde \u2013 pode chover at\u00e9 5\u2026","rel":"","context":"In &quot;Not\u00edcias de Ribeir\u00e3o Preto-SP e Regi\u00e3o&quot;","block_context":{"text":"Not\u00edcias de Ribeir\u00e3o Preto-SP e Regi\u00e3o","link":"https:\/\/noticiasribeiraopreto.com.br\/index.php\/category\/noticias-de-ribeirao-preto-sp-e-regiao-ismael-colosi\/"},"img":{"alt_text":"","src":"https:\/\/i0.wp.com\/noticiasribeiraopreto.com.br\/wp-content\/uploads\/2023\/11\/WhatsApp-Image-2023-11-15-at-09.05.42.jpeg?fit=1200%2C675&ssl=1&resize=350%2C200","width":350,"height":200,"srcset":"https:\/\/i0.wp.com\/noticiasribeiraopreto.com.br\/wp-content\/uploads\/2023\/11\/WhatsApp-Image-2023-11-15-at-09.05.42.jpeg?fit=1200%2C675&ssl=1&resize=350%2C200 1x, https:\/\/i0.wp.com\/noticiasribeiraopreto.com.br\/wp-content\/uploads\/2023\/11\/WhatsApp-Image-2023-11-15-at-09.05.42.jpeg?fit=1200%2C675&ssl=1&resize=525%2C300 1.5x, https:\/\/i0.wp.com\/noticiasribeiraopreto.com.br\/wp-content\/uploads\/2023\/11\/WhatsApp-Image-2023-11-15-at-09.05.42.jpeg?fit=1200%2C675&ssl=1&resize=700%2C400 2x, https:\/\/i0.wp.com\/noticiasribeiraopreto.com.br\/wp-content\/uploads\/2023\/11\/WhatsApp-Image-2023-11-15-at-09.05.42.jpeg?fit=1200%2C675&ssl=1&resize=1050%2C600 3x"},"classes":[]},{"id":46765,"url":"https:\/\/noticiasribeiraopreto.com.br\/index.php\/2024\/04\/14\/saiba-quando-frente-fria-se-aproxima-e-traz-instabilidade-no-estado-de-sp\/","url_meta":{"origin":83254,"position":5},"title":"Saiba quando frente fria se aproxima e traz instabilidade no estado de SP","author":"noticiasribeiraopreto.com.br","date":"14 de April de 2024","format":false,"excerpt":"A previs\u00e3o dos meteorologistas da Climatempo \u00e9 de que na quarta-feira (17) come\u00e7a se aproximar uma frente fria, associada a um ciclone extratropical, que vai trazer instabilidades em todo estado de S\u00e3o Paulo. Segundo a plataforma, h\u00e1 possibilidade de chover em todo territ\u00f3rio paulista e as temperaturas diminu\u00edrem a partir\u2026","rel":"","context":"In &quot;Not\u00edcias de Ribeir\u00e3o Preto-SP e Regi\u00e3o&quot;","block_context":{"text":"Not\u00edcias de Ribeir\u00e3o Preto-SP e Regi\u00e3o","link":"https:\/\/noticiasribeiraopreto.com.br\/index.php\/category\/noticias-de-ribeirao-preto-sp-e-regiao-ismael-colosi\/"},"img":{"alt_text":"","src":"https:\/\/i0.wp.com\/noticiasribeiraopreto.com.br\/wp-content\/uploads\/2024\/04\/Copia-de-Copia-de-TAMANHO-EXATO-PARA-FOTOS-NO-SISTEMA-NOVO-37.webp.webp?fit=1200%2C675&ssl=1&resize=350%2C200","width":350,"height":200,"srcset":"https:\/\/i0.wp.com\/noticiasribeiraopreto.com.br\/wp-content\/uploads\/2024\/04\/Copia-de-Copia-de-TAMANHO-EXATO-PARA-FOTOS-NO-SISTEMA-NOVO-37.webp.webp?fit=1200%2C675&ssl=1&resize=350%2C200 1x, https:\/\/i0.wp.com\/noticiasribeiraopreto.com.br\/wp-content\/uploads\/2024\/04\/Copia-de-Copia-de-TAMANHO-EXATO-PARA-FOTOS-NO-SISTEMA-NOVO-37.webp.webp?fit=1200%2C675&ssl=1&resize=525%2C300 1.5x, https:\/\/i0.wp.com\/noticiasribeiraopreto.com.br\/wp-content\/uploads\/2024\/04\/Copia-de-Copia-de-TAMANHO-EXATO-PARA-FOTOS-NO-SISTEMA-NOVO-37.webp.webp?fit=1200%2C675&ssl=1&resize=700%2C400 2x, https:\/\/i0.wp.com\/noticiasribeiraopreto.com.br\/wp-content\/uploads\/2024\/04\/Copia-de-Copia-de-TAMANHO-EXATO-PARA-FOTOS-NO-SISTEMA-NOVO-37.webp.webp?fit=1200%2C675&ssl=1&resize=1050%2C600 3x"},"classes":[]}],"jetpack_sharing_enabled":true,"jetpack_shortlink":"https:\/\/wp.me\/peQAOb-lEO","_links":{"self":[{"href":"https:\/\/noticiasribeiraopreto.com.br\/index.php\/wp-json\/wp\/v2\/posts\/83254","targetHints":{"allow":["GET"]}}],"collection":[{"href":"https:\/\/noticiasribeiraopreto.com.br\/index.php\/wp-json\/wp\/v2\/posts"}],"about":[{"href":"https:\/\/noticiasribeiraopreto.com.br\/index.php\/wp-json\/wp\/v2\/types\/post"}],"author":[{"embeddable":true,"href":"https:\/\/noticiasribeiraopreto.com.br\/index.php\/wp-json\/wp\/v2\/users\/1"}],"replies":[{"embeddable":true,"href":"https:\/\/noticiasribeiraopreto.com.br\/index.php\/wp-json\/wp\/v2\/comments?post=83254"}],"version-history":[{"count":0,"href":"https:\/\/noticiasribeiraopreto.com.br\/index.php\/wp-json\/wp\/v2\/posts\/83254\/revisions"}],"wp:featuredmedia":[{"embeddable":true,"href":"https:\/\/noticiasribeiraopreto.com.br\/index.php\/wp-json\/wp\/v2\/media\/83255"}],"wp:attachment":[{"href":"https:\/\/noticiasribeiraopreto.com.br\/index.php\/wp-json\/wp\/v2\/media?parent=83254"}],"wp:term":[{"taxonomy":"category","embeddable":true,"href":"https:\/\/noticiasribeiraopreto.com.br\/index.php\/wp-json\/wp\/v2\/categories?post=83254"},{"taxonomy":"post_tag","embeddable":true,"href":"https:\/\/noticiasribeiraopreto.com.br\/index.php\/wp-json\/wp\/v2\/tags?post=83254"}],"curies":[{"name":"wp","href":"https:\/\/api.w.org\/{rel}","templated":true}]}}