{"id":83271,"date":"2026-03-14T11:16:54","date_gmt":"2026-03-14T14:16:54","guid":{"rendered":"https:\/\/noticiasribeiraopreto.com.br\/index.php\/2026\/03\/14\/acidente-envolvendo-caminhoes-provoca-interdicao-na-anhanguera\/"},"modified":"2026-03-14T11:16:54","modified_gmt":"2026-03-14T14:16:54","slug":"acidente-envolvendo-caminhoes-provoca-interdicao-na-anhanguera","status":"publish","type":"post","link":"https:\/\/noticiasribeiraopreto.com.br\/index.php\/2026\/03\/14\/acidente-envolvendo-caminhoes-provoca-interdicao-na-anhanguera\/","title":{"rendered":"Acidente envolvendo caminh\u00f5es provoca interdi\u00e7\u00e3o na Anhanguera"},"content":{"rendered":"<div class='code-block code-block-1' style='margin: 8px 0 8px auto; text-align: right; display: block; clear: both;'>\n<p><a href=\"https:\/\/wa.link\/vpicfd\"><img data-recalc-dims=\"1\" class=\"wp-image-4922\" style=\"aspect-ratio: 2.0253164556962027; width: 561px; height: auto;\" src=\"https:\/\/i0.wp.com\/ismaelcolosi.com.br\/wp-content\/uploads\/2023\/11\/grupo-de-empregos-whatsapp-e-facebook-ismael-colosi-vagas.jpg?ssl=1\" alt=\"\" \/><\/a><\/p>\n<!-- \/wp:image -->\n<\/div>\n<p> <br \/>\n<\/p>\n<div data-td-block-uid=\"tdi_95\">\n<div class=\"tdb-block-inner td-fix-index\">\n<p>Um acidente envolvendo dois caminh\u00f5es provocou a interdi\u00e7\u00e3o total da<strong> rodovia Anhanguera<\/strong>, na tarde desta sexta-feira (13). Segundo a <strong>Pol\u00edcia Militar Rodovi\u00e1ria<\/strong>, n\u00e3o h\u00e1 v\u00edtimas.<\/p>\n<p>O acidente aconteceu no sentido norte (capital \u2013 interior) na<mark style=\"background-color:#fcb900\" class=\"has-inline-color has-black-color\"> altura do quil\u00f4metro 345+800, em Sales Oliveira<\/mark>, na regi\u00e3o de Ribeir\u00e3o Preto.<\/p>\n<p>Ainda n\u00e3o h\u00e1 informa\u00e7\u00f5es sobre as causas do acidente.<\/p>\n<p>Em breve, mais informa\u00e7\u00f5es.<\/p>\n<p>SAIBA MAIS<br \/>Vem mais chuva? Veja previs\u00e3o no fim de semana em Ribeir\u00e3o Preto<\/p>\n<h2 class=\"wp-block-heading\"><strong>FIQUE ON<\/strong><\/h2>\n<p>Fique ligado em tudo que acontece em Ribeir\u00e3o Preto e regi\u00e3o. Siga os perfis do\u00a0<strong>acidade on<\/strong>\u00a0no\u00a0<a href=\"https:\/\/www.instagram.com\/acidadeonribeirao\" target=\"_blank\" rel=\"noreferrer noopener\">Instagram<\/a>\u00a0e no<a href=\"https:\/\/www.facebook.com\/acidadeonribeirao\/\" target=\"_blank\" rel=\"noreferrer noopener\">\u00a0Facebook<\/a>.<\/p>\n<p>Receba not\u00edcias do\u00a0<strong>acidade on<\/strong>\u00a0no WhatsApp. Para entrar no grupo,\u00a0basta\u00a0<a href=\"https:\/\/whatsapp.com\/channel\/0029Vb6IQl1JENyAeS57fk2p\" target=\"_blank\" rel=\"noreferrer noopener\">clicar aqui<\/a>. Ou, acesse o nosso\u00a0Canal\u00a0<a href=\"https:\/\/chat.whatsapp.com\/GFH9HUMUTHNFJdnyEd0xxq\" target=\"_blank\" rel=\"noreferrer noopener\">clicando aqui<\/a>.<\/p>\n<p>Fa\u00e7a uma den\u00fancia ou sugira uma reportagem sobre Ribeir\u00e3o Preto e regi\u00e3o pelo WhatsApp: 16 99117 7802.<\/p>\n<p>VEJA TAMB\u00c9M<br \/>Sopas e cremes termog\u00eanicos: 10 receitas para ajudar a emagrecer no outono<\/p>\n<p><!-- AI CONTENT END 1 -->\n<\/div>\n<\/div>\n<p><script async src=\"\/\/www.instagram.com\/embed.js\"><\/script><br \/>\n<br \/><br \/>\n<br \/><a href=\"https:\/\/www.acidadeon.com\/ribeiraopreto\/cotidiano\/acidente-envolvendo-caminhoes-provoca-interdicao-na-anhanguera\/\">Source link <\/a><\/p>\n<!-- CONTENT END 1 -->\n","protected":false},"excerpt":{"rendered":"<p>Um acidente envolvendo dois caminh\u00f5es provocou a interdi\u00e7\u00e3o total da rodovia Anhanguera, na tarde desta sexta-feira (13). Segundo a Pol\u00edcia Militar Rodovi\u00e1ria, n\u00e3o h\u00e1 v\u00edtimas&#8230;.<\/p>\n","protected":false},"author":1,"featured_media":83272,"comment_status":"open","ping_status":"open","sticky":false,"template":"","format":"standard","meta":{"advanced_seo_description":"","jetpack_seo_html_title":"","jetpack_seo_noindex":false,"jetpack_post_was_ever_published":false,"_jetpack_newsletter_access":"","_jetpack_dont_email_post_to_subs":false,"_jetpack_newsletter_tier_id":0,"_jetpack_memberships_contains_paywalled_content":false,"_jetpack_memberships_contains_paid_content":false,"footnotes":"","jetpack_publicize_message":"","jetpack_publicize_feature_enabled":true,"jetpack_social_post_already_shared":true,"jetpack_social_options":{"image_generator_settings":{"template":"highway","default_image_id":0,"font":"","enabled":false},"version":2}},"categories":[11],"tags":[],"class_list":["post-83271","post","type-post","status-publish","format-standard","has-post-thumbnail","hentry","category-noticias-de-ribeirao-preto-sp-e-regiao-ismael-colosi"],"jetpack_publicize_connections":[],"jetpack_featured_media_url":"https:\/\/i0.wp.com\/noticiasribeiraopreto.com.br\/wp-content\/uploads\/2026\/03\/anhanguera-sales-oliveira_2026-03-13_17-49-38.webp.webp?fit=1200%2C674&ssl=1","jetpack-related-posts":[{"id":78522,"url":"https:\/\/noticiasribeiraopreto.com.br\/index.php\/2025\/10\/13\/acidente-envolve-caminhoes-e-causa-interdicao-na-anhanguera\/","url_meta":{"origin":83271,"position":0},"title":"Acidente envolve caminh\u00f5es e causa interdi\u00e7\u00e3o na Anhanguera","author":"noticiasribeiraopreto.com.br","date":"13 de October de 2025","format":false,"excerpt":"Um acidente entre dois caminh\u00f5es, no fim da madrugada desta segunda-feira (13), interditou uma faixa da rodovia Anhanguera (SP-330) pelo km 336+300 na pista sul (sentido Capital), em Jardin\u00f3polis, na regi\u00e3o de Ribeir\u00e3o Preto. Segundo a concession\u00e1ria Entrevias, equipes est\u00e3o no local e prestam atendimento junto ao policiamento rodovi\u00e1rio. Ainda\u2026","rel":"","context":"In &quot;Not\u00edcias de Ribeir\u00e3o Preto-SP e Regi\u00e3o&quot;","block_context":{"text":"Not\u00edcias de Ribeir\u00e3o Preto-SP e Regi\u00e3o","link":"https:\/\/noticiasribeiraopreto.com.br\/index.php\/category\/noticias-de-ribeirao-preto-sp-e-regiao-ismael-colosi\/"},"img":{"alt_text":"","src":"https:\/\/i0.wp.com\/noticiasribeiraopreto.com.br\/wp-content\/uploads\/2025\/10\/policai-rodovioviaria_2025-10-13_10-23-48.webp.webp?fit=1200%2C670&ssl=1&resize=350%2C200","width":350,"height":200,"srcset":"https:\/\/i0.wp.com\/noticiasribeiraopreto.com.br\/wp-content\/uploads\/2025\/10\/policai-rodovioviaria_2025-10-13_10-23-48.webp.webp?fit=1200%2C670&ssl=1&resize=350%2C200 1x, https:\/\/i0.wp.com\/noticiasribeiraopreto.com.br\/wp-content\/uploads\/2025\/10\/policai-rodovioviaria_2025-10-13_10-23-48.webp.webp?fit=1200%2C670&ssl=1&resize=525%2C300 1.5x, https:\/\/i0.wp.com\/noticiasribeiraopreto.com.br\/wp-content\/uploads\/2025\/10\/policai-rodovioviaria_2025-10-13_10-23-48.webp.webp?fit=1200%2C670&ssl=1&resize=700%2C400 2x, https:\/\/i0.wp.com\/noticiasribeiraopreto.com.br\/wp-content\/uploads\/2025\/10\/policai-rodovioviaria_2025-10-13_10-23-48.webp.webp?fit=1200%2C670&ssl=1&resize=1050%2C600 3x"},"classes":[]},{"id":74719,"url":"https:\/\/noticiasribeiraopreto.com.br\/index.php\/2025\/07\/28\/acidente-entre-carretas-provoca-interdicao-de-faixa-na-anhanguera\/","url_meta":{"origin":83271,"position":1},"title":"Acidente entre carretas provoca interdi\u00e7\u00e3o de faixa na Anhanguera","author":"noticiasribeiraopreto.com.br","date":"28 de July de 2025","format":false,"excerpt":"Uma carreta bateu na traseira de outra no final da manh\u00e3 desta segunda-feira (28) na rodovia Anhanguera, em Cravinhos, na regi\u00e3o de Ribeir\u00e3o Preto. A colis\u00e3o aconteceu na altura do quil\u00f4metro 294, no sentido Sul (Interior-Capital). O acidente entre os caminh\u00f5es aconteceu no mesmo lugar de outra colis\u00e3o que bloqueou\u2026","rel":"","context":"In &quot;Not\u00edcias de Ribeir\u00e3o Preto-SP e Regi\u00e3o&quot;","block_context":{"text":"Not\u00edcias de Ribeir\u00e3o Preto-SP e Regi\u00e3o","link":"https:\/\/noticiasribeiraopreto.com.br\/index.php\/category\/noticias-de-ribeirao-preto-sp-e-regiao-ismael-colosi\/"},"img":{"alt_text":"","src":"https:\/\/i0.wp.com\/noticiasribeiraopreto.com.br\/wp-content\/uploads\/2025\/07\/acidente-anhanguera_2025-07-28_15-47-50.webp.webp?fit=1200%2C768&ssl=1&resize=350%2C200","width":350,"height":200,"srcset":"https:\/\/i0.wp.com\/noticiasribeiraopreto.com.br\/wp-content\/uploads\/2025\/07\/acidente-anhanguera_2025-07-28_15-47-50.webp.webp?fit=1200%2C768&ssl=1&resize=350%2C200 1x, https:\/\/i0.wp.com\/noticiasribeiraopreto.com.br\/wp-content\/uploads\/2025\/07\/acidente-anhanguera_2025-07-28_15-47-50.webp.webp?fit=1200%2C768&ssl=1&resize=525%2C300 1.5x, https:\/\/i0.wp.com\/noticiasribeiraopreto.com.br\/wp-content\/uploads\/2025\/07\/acidente-anhanguera_2025-07-28_15-47-50.webp.webp?fit=1200%2C768&ssl=1&resize=700%2C400 2x, https:\/\/i0.wp.com\/noticiasribeiraopreto.com.br\/wp-content\/uploads\/2025\/07\/acidente-anhanguera_2025-07-28_15-47-50.webp.webp?fit=1200%2C768&ssl=1&resize=1050%2C600 3x"},"classes":[]},{"id":57969,"url":"https:\/\/noticiasribeiraopreto.com.br\/index.php\/2024\/09\/15\/acidente-envolvendo-sete-veiculos-deixa-feridos-na-rodovia-anhanguera\/","url_meta":{"origin":83271,"position":2},"title":"Acidente envolvendo sete ve\u00edculos deixa feridos na rodovia Anhanguera","author":"noticiasribeiraopreto.com.br","date":"15 de September de 2024","format":false,"excerpt":"Um acidente envolvendo sete ve\u00edculos foi registrado no inicio da tarde deste domingo (15), na rodovia Anhanguera, em S\u00e3o Joaquim da Barra, regi\u00e3o de Ribeir\u00e3o Preto. Duas pessoas foram socorridas em estado grave. De acordo com a Pol\u00edcia Rodovi\u00e1ria Federal, a fuma\u00e7a no local pode ter causado o acidente. A\u2026","rel":"","context":"In &quot;Not\u00edcias de Ribeir\u00e3o Preto-SP e Regi\u00e3o&quot;","block_context":{"text":"Not\u00edcias de Ribeir\u00e3o Preto-SP e Regi\u00e3o","link":"https:\/\/noticiasribeiraopreto.com.br\/index.php\/category\/noticias-de-ribeirao-preto-sp-e-regiao-ismael-colosi\/"},"img":{"alt_text":"","src":"https:\/\/i0.wp.com\/noticiasribeiraopreto.com.br\/wp-content\/uploads\/2024\/09\/Copia-de-Copia-de-Copia-de-TAMANHO-EXATO-PARA-FOTOS-NO-SISTEMA-NOVO-19_2024-09-15_16-19-48_png_2024-09-15_16-19-49.webp.webp?fit=1200%2C675&ssl=1&resize=350%2C200","width":350,"height":200,"srcset":"https:\/\/i0.wp.com\/noticiasribeiraopreto.com.br\/wp-content\/uploads\/2024\/09\/Copia-de-Copia-de-Copia-de-TAMANHO-EXATO-PARA-FOTOS-NO-SISTEMA-NOVO-19_2024-09-15_16-19-48_png_2024-09-15_16-19-49.webp.webp?fit=1200%2C675&ssl=1&resize=350%2C200 1x, https:\/\/i0.wp.com\/noticiasribeiraopreto.com.br\/wp-content\/uploads\/2024\/09\/Copia-de-Copia-de-Copia-de-TAMANHO-EXATO-PARA-FOTOS-NO-SISTEMA-NOVO-19_2024-09-15_16-19-48_png_2024-09-15_16-19-49.webp.webp?fit=1200%2C675&ssl=1&resize=525%2C300 1.5x, https:\/\/i0.wp.com\/noticiasribeiraopreto.com.br\/wp-content\/uploads\/2024\/09\/Copia-de-Copia-de-Copia-de-TAMANHO-EXATO-PARA-FOTOS-NO-SISTEMA-NOVO-19_2024-09-15_16-19-48_png_2024-09-15_16-19-49.webp.webp?fit=1200%2C675&ssl=1&resize=700%2C400 2x, https:\/\/i0.wp.com\/noticiasribeiraopreto.com.br\/wp-content\/uploads\/2024\/09\/Copia-de-Copia-de-Copia-de-TAMANHO-EXATO-PARA-FOTOS-NO-SISTEMA-NOVO-19_2024-09-15_16-19-48_png_2024-09-15_16-19-49.webp.webp?fit=1200%2C675&ssl=1&resize=1050%2C600 3x"},"classes":[]},{"id":68589,"url":"https:\/\/noticiasribeiraopreto.com.br\/index.php\/2025\/04\/26\/acidente-envolvendo-tres-carros-provoca-interdicao-de-rodovia-na-regiao-de-ribeirao-preto\/","url_meta":{"origin":83271,"position":3},"title":"Acidente envolvendo tr\u00eas carros provoca interdi\u00e7\u00e3o de rodovia na regi\u00e3o de Ribeir\u00e3o Preto","author":"noticiasribeiraopreto.com.br","date":"26 de April de 2025","format":false,"excerpt":"Um acidente provocou a interdi\u00e7\u00e3o da rodovia C\u00e2ndido Portinari, em Jardin\u00f3polis, na regi\u00e3o de Ribeir\u00e3o Preto, na tarde deste s\u00e1bado (26). Segundo o CCI (Centro de Controle de Informa\u00e7\u00f5es) da Artesp, pelo menos tr\u00eas ve\u00edculos se envolveram na batida. O acidente aconteceu por volta das 14h50 na altura do quil\u00f4metro\u2026","rel":"","context":"In &quot;Not\u00edcias de Ribeir\u00e3o Preto-SP e Regi\u00e3o&quot;","block_context":{"text":"Not\u00edcias de Ribeir\u00e3o Preto-SP e Regi\u00e3o","link":"https:\/\/noticiasribeiraopreto.com.br\/index.php\/category\/noticias-de-ribeirao-preto-sp-e-regiao-ismael-colosi\/"},"img":{"alt_text":"","src":"https:\/\/i0.wp.com\/noticiasribeiraopreto.com.br\/wp-content\/uploads\/2025\/04\/acidente-candido-portinari_2025-04-26_19-35-56.webp.webp?fit=1200%2C647&ssl=1&resize=350%2C200","width":350,"height":200,"srcset":"https:\/\/i0.wp.com\/noticiasribeiraopreto.com.br\/wp-content\/uploads\/2025\/04\/acidente-candido-portinari_2025-04-26_19-35-56.webp.webp?fit=1200%2C647&ssl=1&resize=350%2C200 1x, https:\/\/i0.wp.com\/noticiasribeiraopreto.com.br\/wp-content\/uploads\/2025\/04\/acidente-candido-portinari_2025-04-26_19-35-56.webp.webp?fit=1200%2C647&ssl=1&resize=525%2C300 1.5x, https:\/\/i0.wp.com\/noticiasribeiraopreto.com.br\/wp-content\/uploads\/2025\/04\/acidente-candido-portinari_2025-04-26_19-35-56.webp.webp?fit=1200%2C647&ssl=1&resize=700%2C400 2x, https:\/\/i0.wp.com\/noticiasribeiraopreto.com.br\/wp-content\/uploads\/2025\/04\/acidente-candido-portinari_2025-04-26_19-35-56.webp.webp?fit=1200%2C647&ssl=1&resize=1050%2C600 3x"},"classes":[]},{"id":76218,"url":"https:\/\/noticiasribeiraopreto.com.br\/index.php\/2025\/08\/25\/acidente-entre-caminhoes-deixa-uma-pessoa-em-estado-grave-na-rodovia-anhanguera\/","url_meta":{"origin":83271,"position":4},"title":"Acidente entre caminh\u00f5es deixa uma pessoa em estado grave na rodovia Anhanguera","author":"noticiasribeiraopreto.com.br","date":"25 de August de 2025","format":false,"excerpt":"Uma pessoa foi socorrida em estado grave ap\u00f3s um acidente envolvendo dois caminh\u00f5es no final da noite deste domingo (24), na rodovia Anhanguera (SP-330), em Ribeir\u00e3o Preto. Segundo o Centro de Informa\u00e7\u00f5es (CCI) da Artesp, a colis\u00e3o aconteceu perto do km 306. Os ve\u00edculos seguiam sentido norte quando, por motivos\u2026","rel":"","context":"In &quot;Not\u00edcias de Ribeir\u00e3o Preto-SP e Regi\u00e3o&quot;","block_context":{"text":"Not\u00edcias de Ribeir\u00e3o Preto-SP e Regi\u00e3o","link":"https:\/\/noticiasribeiraopreto.com.br\/index.php\/category\/noticias-de-ribeirao-preto-sp-e-regiao-ismael-colosi\/"},"img":{"alt_text":"","src":"https:\/\/i0.wp.com\/noticiasribeiraopreto.com.br\/wp-content\/uploads\/2025\/08\/download-28_2025-08-25_11-35-48.webp.webp?fit=600%2C338&ssl=1&resize=350%2C200","width":350,"height":200,"srcset":"https:\/\/i0.wp.com\/noticiasribeiraopreto.com.br\/wp-content\/uploads\/2025\/08\/download-28_2025-08-25_11-35-48.webp.webp?fit=600%2C338&ssl=1&resize=350%2C200 1x, https:\/\/i0.wp.com\/noticiasribeiraopreto.com.br\/wp-content\/uploads\/2025\/08\/download-28_2025-08-25_11-35-48.webp.webp?fit=600%2C338&ssl=1&resize=525%2C300 1.5x"},"classes":[]},{"id":84354,"url":"https:\/\/noticiasribeiraopreto.com.br\/index.php\/2026\/04\/08\/acidente-envolve-carreta-na-anhanguera-na-regiao-de-ribeirao-preto\/","url_meta":{"origin":83271,"position":5},"title":"Acidente envolve carreta na Anhanguera na regi\u00e3o de Ribeir\u00e3o Preto","author":"noticiasribeiraopreto.com.br","date":"8 de April de 2026","format":false,"excerpt":"Ler o resumo da not\u00edcia Acidente envolvendo uma carreta ocorreu na rodovia Anhanguera (SP-330), em Orl\u00e2ndia, a 50 km de Ribeir\u00e3o Preto, nesta quarta-feira (8). A carreta com um cont\u00eainer tombou na pista sentido norte (interior), e equipes da concession\u00e1ria Entrevias atuam no local. A rodovia ficou interdida por uma\u2026","rel":"","context":"In &quot;Not\u00edcias de Ribeir\u00e3o Preto-SP e Regi\u00e3o&quot;","block_context":{"text":"Not\u00edcias de Ribeir\u00e3o Preto-SP e Regi\u00e3o","link":"https:\/\/noticiasribeiraopreto.com.br\/index.php\/category\/noticias-de-ribeirao-preto-sp-e-regiao-ismael-colosi\/"},"img":{"alt_text":"","src":"https:\/\/i0.wp.com\/noticiasribeiraopreto.com.br\/wp-content\/uploads\/2026\/04\/WhatsApp-Image-2026-04-08-at-07.52.54_2026-04-08_11-04-57.webp.webp?fit=1200%2C900&ssl=1&resize=350%2C200","width":350,"height":200,"srcset":"https:\/\/i0.wp.com\/noticiasribeiraopreto.com.br\/wp-content\/uploads\/2026\/04\/WhatsApp-Image-2026-04-08-at-07.52.54_2026-04-08_11-04-57.webp.webp?fit=1200%2C900&ssl=1&resize=350%2C200 1x, https:\/\/i0.wp.com\/noticiasribeiraopreto.com.br\/wp-content\/uploads\/2026\/04\/WhatsApp-Image-2026-04-08-at-07.52.54_2026-04-08_11-04-57.webp.webp?fit=1200%2C900&ssl=1&resize=525%2C300 1.5x, https:\/\/i0.wp.com\/noticiasribeiraopreto.com.br\/wp-content\/uploads\/2026\/04\/WhatsApp-Image-2026-04-08-at-07.52.54_2026-04-08_11-04-57.webp.webp?fit=1200%2C900&ssl=1&resize=700%2C400 2x, https:\/\/i0.wp.com\/noticiasribeiraopreto.com.br\/wp-content\/uploads\/2026\/04\/WhatsApp-Image-2026-04-08-at-07.52.54_2026-04-08_11-04-57.webp.webp?fit=1200%2C900&ssl=1&resize=1050%2C600 3x"},"classes":[]}],"jetpack_sharing_enabled":true,"jetpack_shortlink":"https:\/\/wp.me\/peQAOb-lF5","_links":{"self":[{"href":"https:\/\/noticiasribeiraopreto.com.br\/index.php\/wp-json\/wp\/v2\/posts\/83271","targetHints":{"allow":["GET"]}}],"collection":[{"href":"https:\/\/noticiasribeiraopreto.com.br\/index.php\/wp-json\/wp\/v2\/posts"}],"about":[{"href":"https:\/\/noticiasribeiraopreto.com.br\/index.php\/wp-json\/wp\/v2\/types\/post"}],"author":[{"embeddable":true,"href":"https:\/\/noticiasribeiraopreto.com.br\/index.php\/wp-json\/wp\/v2\/users\/1"}],"replies":[{"embeddable":true,"href":"https:\/\/noticiasribeiraopreto.com.br\/index.php\/wp-json\/wp\/v2\/comments?post=83271"}],"version-history":[{"count":0,"href":"https:\/\/noticiasribeiraopreto.com.br\/index.php\/wp-json\/wp\/v2\/posts\/83271\/revisions"}],"wp:featuredmedia":[{"embeddable":true,"href":"https:\/\/noticiasribeiraopreto.com.br\/index.php\/wp-json\/wp\/v2\/media\/83272"}],"wp:attachment":[{"href":"https:\/\/noticiasribeiraopreto.com.br\/index.php\/wp-json\/wp\/v2\/media?parent=83271"}],"wp:term":[{"taxonomy":"category","embeddable":true,"href":"https:\/\/noticiasribeiraopreto.com.br\/index.php\/wp-json\/wp\/v2\/categories?post=83271"},{"taxonomy":"post_tag","embeddable":true,"href":"https:\/\/noticiasribeiraopreto.com.br\/index.php\/wp-json\/wp\/v2\/tags?post=83271"}],"curies":[{"name":"wp","href":"https:\/\/api.w.org\/{rel}","templated":true}]}}