{"id":83273,"date":"2026-03-14T12:27:03","date_gmt":"2026-03-14T15:27:03","guid":{"rendered":"https:\/\/noticiasribeiraopreto.com.br\/index.php\/2026\/03\/14\/com-investimento-inicial-de-r-25-milhoes-botafogo-inaugura-a-botafogo-academy-o-centro-de-treinamento-das-categorias-de-base\/"},"modified":"2026-03-14T12:27:03","modified_gmt":"2026-03-14T15:27:03","slug":"com-investimento-inicial-de-r-25-milhoes-botafogo-inaugura-a-botafogo-academy-o-centro-de-treinamento-das-categorias-de-base","status":"publish","type":"post","link":"https:\/\/noticiasribeiraopreto.com.br\/index.php\/2026\/03\/14\/com-investimento-inicial-de-r-25-milhoes-botafogo-inaugura-a-botafogo-academy-o-centro-de-treinamento-das-categorias-de-base\/","title":{"rendered":"Com investimento inicial de R$ 25 milh\u00f5es, Botafogo inaugura a Botafogo Academy, o Centro de Treinamento das categorias de base"},"content":{"rendered":"<div class='code-block code-block-1' style='margin: 8px 0 8px auto; text-align: right; display: block; clear: both;'>\n<p><a href=\"https:\/\/wa.link\/vpicfd\"><img data-recalc-dims=\"1\" class=\"wp-image-4922\" style=\"aspect-ratio: 2.0253164556962027; width: 561px; height: auto;\" src=\"https:\/\/i0.wp.com\/ismaelcolosi.com.br\/wp-content\/uploads\/2023\/11\/grupo-de-empregos-whatsapp-e-facebook-ismael-colosi-vagas.jpg?ssl=1\" alt=\"\" \/><\/a><\/p>\n<!-- \/wp:image -->\n<\/div>\n<p> <br \/>\n<\/p>\n<div id=\"\">&#13;<br \/>\n\t\t\t\t\t\t\t\t&#13;<\/p>\n<p>&#13;<br \/>\n\t\t\t\t\t\t\t\t\t<span class=\"entry-meta-item penci-posted-on\"><i class=\"fa fa-clock-o\"\/><time class=\"entry-date published updated\" datetime=\"2026-03-14T12:24:01-03:00\">14 de mar\u00e7o de 2026 12:24<\/time><\/span><span class=\"entry-meta-item penci-post-countview\"\/>\t\t\t\t\t\t\t\t<\/p>\n<p><!-- .entry-meta -->&#13;<br \/>\n\t\t\t\t\t\t\t\t<span class=\"penci-social-buttons penci-social-share-footer\"><span class=\"penci-social-share-text\">Compartilhar<\/span><a href=\"#\" class=\"penci-post-like penci_post-meta_item  single-like-button penci-social-item like\" data-post_id=\"457363\" title=\"Like\" data-like=\"Like\" data-unlike=\"Unlike\"><i class=\"fa fa-thumbs-o-up\"\/><span class=\"penci-share-number\">0<\/span><\/a><i class=\"fa fa-facebook\"\/><a class=\"penci-social-item twitter\" target=\"_blank\" rel=\"noopener\" title=\"\" href=\"https:\/\/twitter.com\/intent\/tweet?text=Com%20investimento%20inicial%20de%20R$%2025%20milh\u00f5es,%20Botafogo%20inaugura%20a%20Botafogo%20Academy,%20o%20Centro%20de%20Treinamento%20das%20categorias%20de%20base%20-%20https:\/\/www.tribunaribeirao.com.br\/com-investimento-inicial-de-r-25-milhoes-botafogo-inaugura-a-botafogo-academy-o-centro-de-treinamento-das-categorias-de-base\/\"><i class=\"fa fa-twitter\"\/><\/a><i class=\"fa fa-linkedin\"\/><i class=\"fa fa-whatsapp\"\/><i class=\"fa fa-telegram\"\/><i class=\"fa fa-envelope\"\/><\/span>\t\t\t\t\t\t\t<\/div>\n<div>\n<p>Com investimento inicial de R$ 25 milh\u00f5es, a Botafogo Futebol SA entregou neste s\u00e1bado (14) a primeira etapa da Botafogo Academy, o Centro de Treinamento das categorias de base do clube.<\/p>\n<p>A cerim\u00f4nia de inaugura\u00e7\u00e3o contou com a presen\u00e7a Reinaldo Carneiro Bastos, presidente da FPF (Federa\u00e7\u00e3o Paulista de Futebol), Mauro Silva, vice-presidente da entidade, Ricardo Silva, prefeito de Ribeir\u00e3o Preto,\u00a0Eduarfo Gussen, diretor da CBF (Confedera\u00e7\u00e3o Brasileira de Furebol) e Ant\u00f4nio Carlos Degan, prefeito de Jardin\u00f3polis, al\u00e9m de Adalberto Baptista, presidente do Conselho de Administra\u00e7\u00e3o da Botafogo Futebol SA, que descerrou a faixa.<\/p>\n<figure id=\"attachment_457365\" aria-describedby=\"caption-attachment-457365\" style=\"width: 300px\" class=\"wp-caption alignleft\"><img data-recalc-dims=\"1\" loading=\"lazy\" decoding=\"async\" class=\"size-medium wp-image-457365 lazyload\" src=\"https:\/\/i0.wp.com\/www.tribunaribeirao.com.br\/wp-content\/uploads\/2026\/03\/WhatsApp-Image-2026-03-14-at-12.17.19-300x225.jpeg?resize=300%2C225&#038;ssl=1\" alt=\"\" width=\"300\" height=\"225\" srcset=\"https:\/\/www.tribunaribeirao.com.br\/wp-content\/uploads\/2026\/03\/WhatsApp-Image-2026-03-14-at-12.17.19-300x225.jpeg 300w, https:\/\/www.tribunaribeirao.com.br\/wp-content\/uploads\/2026\/03\/WhatsApp-Image-2026-03-14-at-12.17.19-1024x768.jpeg 1024w, https:\/\/www.tribunaribeirao.com.br\/wp-content\/uploads\/2026\/03\/WhatsApp-Image-2026-03-14-at-12.17.19-768x576.jpeg 768w, https:\/\/www.tribunaribeirao.com.br\/wp-content\/uploads\/2026\/03\/WhatsApp-Image-2026-03-14-at-12.17.19-760x570.jpeg 760w, https:\/\/www.tribunaribeirao.com.br\/wp-content\/uploads\/2026\/03\/WhatsApp-Image-2026-03-14-at-12.17.19-960x720.jpeg 960w, https:\/\/www.tribunaribeirao.com.br\/wp-content\/uploads\/2026\/03\/WhatsApp-Image-2026-03-14-at-12.17.19-533x400.jpeg 533w, https:\/\/www.tribunaribeirao.com.br\/wp-content\/uploads\/2026\/03\/WhatsApp-Image-2026-03-14-at-12.17.19-585x439.jpeg 585w, https:\/\/www.tribunaribeirao.com.br\/wp-content\/uploads\/2026\/03\/WhatsApp-Image-2026-03-14-at-12.17.19-scaled.jpeg 1040w\" data-sizes=\"(max-width: 300px) 100vw, 300px\" style=\"--smush-placeholder-width: 300px; --smush-placeholder-aspect-ratio: 300\/225;\"\/><figcaption id=\"caption-attachment-457365\" class=\"wp-caption-text\">Presidente e vice da FPF estiveram no evento<\/figcaption><\/figure>\n<p>A etapa inicial contemplou a entrega de tr\u00eas campos de grama sint\u00e9tica. Um deles com medidas oficiais, al\u00e9m de vesti\u00e1rio e arquibancada com capacidade para 800 pessoas.<\/p>\n<p>O gramado recebeu o certificado FIFA Quality PRO, o mais alto n\u00edvel de aprova\u00e7\u00e3o concedido pela entidade m\u00e1xima do futebol mundial, que atesta a qualidade do campo para competi\u00e7\u00f5es oficiais e garante seguran\u00e7a, conforto e desempenho aos atletas.<\/p>\n<p>Os outros dois campos sint\u00e9ticos possuem dimens\u00f5es menores e s\u00e3o destinados a treinamentos espec\u00edficos das categorias de base.<\/p>\n<p>A segunda etapa inclui a constru\u00e7\u00e3o dos alojamentos, refeit\u00f3rio e academia, com estrutura para abrigar cerca de 90 atletas. J\u00e1 a terceira fase prev\u00ea a constru\u00e7\u00e3o de um campo oficial de grama natural, que funcionar\u00e1 como um miniest\u00e1dio com capacidade para aproximadamente 3.000 torcedores.<\/p>\n<p>No total, o investimento ser\u00e1 de R$ 40 milh\u00f5es.<\/p>\n<p>\u201c\u00c9 um projeto pensado para transformar a maneira como preparamos nossos atletas, oferecendo a eles uma infraestrutura de alto n\u00edvel e um ambiente que estimula o desenvolvimento humano e esportivo. Estamos investindo R$25 milh\u00f5es nesta primeira etapa do CT, que representa o futuro do Botafogo-SP e nosso compromisso com a forma\u00e7\u00e3o de talentos que poder\u00e3o brilhar no futebol\u201d, disse Adalberto Baptista, presidente do Conselho de Administra\u00e7\u00e3o da Botafogo Futebol SA.<\/p>\n<p>\u201cO Botafogo j\u00e1 revelou grandes atletas para o futebol brasileiro, como diz uma estrofe do nosso hino, Grandioso Botafogo, Celeiro de Campe\u00f5es\u201d, completou.<\/p>\n<p>Diretor de futebol, Andr\u00e9 Leite tamb\u00e9m enalteceu a nova estrutura do clube.<\/p>\n<p>\u201cA Botafogo Academy nos permite estruturar a base de forma completa, com mais categorias e um processo cont\u00ednuo de forma\u00e7\u00e3o. A ideia \u00e9 criar uma transi\u00e7\u00e3o mais natural e preparada at\u00e9 o profissional, dando ao atleta tempo, acompanhamento e estrutura para chegar pronto e competir em alto n\u00edvel no esporte\u201d, pontuou.<\/p>\n<p>Situado na Rodovia C\u00e2ndido Portinari, a Botafogo Academy tem 80 mil m\u00b2. A \u00e1rea foi adquirida no dia 24 de dezembro de 2024, o que foi considerado um presente de Natal para a torcida botafoguense, que sonhava com esse dia.<\/p>\n<\/div>\n<p><script async src=\"\/\/platform.twitter.com\/widgets.js\" charset=\"utf-8\"><\/script><br \/>\n<br \/><br \/>\n<br \/><a href=\"https:\/\/www.tribunaribeirao.com.br\/com-investimento-inicial-de-r-25-milhoes-botafogo-inaugura-a-botafogo-academy-o-centro-de-treinamento-das-categorias-de-base\/\">Source link <\/a><\/p>\n<!-- CONTENT END 1 -->\n","protected":false},"excerpt":{"rendered":"<p>&#13; &#13; &#13; 14 de mar\u00e7o de 2026 12:24 &#13; Compartilhar0 Com investimento inicial de R$ 25 milh\u00f5es, a Botafogo Futebol SA entregou neste s\u00e1bado&#8230;<\/p>\n","protected":false},"author":1,"featured_media":83274,"comment_status":"open","ping_status":"open","sticky":false,"template":"","format":"standard","meta":{"advanced_seo_description":"","jetpack_seo_html_title":"","jetpack_seo_noindex":false,"jetpack_post_was_ever_published":false,"_jetpack_newsletter_access":"","_jetpack_dont_email_post_to_subs":false,"_jetpack_newsletter_tier_id":0,"_jetpack_memberships_contains_paywalled_content":false,"_jetpack_memberships_contains_paid_content":false,"footnotes":"","jetpack_publicize_message":"","jetpack_publicize_feature_enabled":true,"jetpack_social_post_already_shared":true,"jetpack_social_options":{"image_generator_settings":{"template":"highway","default_image_id":0,"font":"","enabled":false},"version":2}},"categories":[11],"tags":[],"class_list":["post-83273","post","type-post","status-publish","format-standard","has-post-thumbnail","hentry","category-noticias-de-ribeirao-preto-sp-e-regiao-ismael-colosi"],"jetpack_publicize_connections":[],"jetpack_featured_media_url":"https:\/\/i0.wp.com\/noticiasribeiraopreto.com.br\/wp-content\/uploads\/2026\/03\/WhatsApp-Image-2026-03-14-at-12.11.25-scaled.jpeg?fit=1040%2C780&ssl=1","jetpack-related-posts":[{"id":78918,"url":"https:\/\/noticiasribeiraopreto.com.br\/index.php\/2025\/10\/21\/botafogo-comunica-a-saida-do-executivo-de-futebol-toninho-cecilio\/","url_meta":{"origin":83273,"position":0},"title":"Botafogo comunica a sa\u00edda do executivo de futebol Toninho Cec\u00edlio","author":"noticiasribeiraopreto.com.br","date":"21 de October de 2025","format":false,"excerpt":"21 de outubro de 2025 09:2521 de outubro de 2025 09:308 Compartilhar0 A Botafogo Futebol SA comunica\u00a0 nesta manh\u00e3 a sa\u00edda de Toninho Cec\u00edlio, que exercia o cargo de executivo de futebol. A decis\u00e3o\u00a0 da demiss\u00e3o de Toninho Cec\u00edlio \u00e9 mais um epis\u00f3dio do ano tenebroso do Botafogo e ocorreu\u2026","rel":"","context":"In &quot;Not\u00edcias de Ribeir\u00e3o Preto-SP e Regi\u00e3o&quot;","block_context":{"text":"Not\u00edcias de Ribeir\u00e3o Preto-SP e Regi\u00e3o","link":"https:\/\/noticiasribeiraopreto.com.br\/index.php\/category\/noticias-de-ribeirao-preto-sp-e-regiao-ismael-colosi\/"},"img":{"alt_text":"","src":"https:\/\/i0.wp.com\/noticiasribeiraopreto.com.br\/wp-content\/uploads\/2025\/10\/Cecilio-.jpg?fit=960%2C539&ssl=1&resize=350%2C200","width":350,"height":200,"srcset":"https:\/\/i0.wp.com\/noticiasribeiraopreto.com.br\/wp-content\/uploads\/2025\/10\/Cecilio-.jpg?fit=960%2C539&ssl=1&resize=350%2C200 1x, https:\/\/i0.wp.com\/noticiasribeiraopreto.com.br\/wp-content\/uploads\/2025\/10\/Cecilio-.jpg?fit=960%2C539&ssl=1&resize=525%2C300 1.5x, https:\/\/i0.wp.com\/noticiasribeiraopreto.com.br\/wp-content\/uploads\/2025\/10\/Cecilio-.jpg?fit=960%2C539&ssl=1&resize=700%2C400 2x"},"classes":[]},{"id":84239,"url":"https:\/\/noticiasribeiraopreto.com.br\/index.php\/2026\/04\/05\/botafogo-perde-de-virada-para-o-sao-bernardo-na-serie-b\/","url_meta":{"origin":83273,"position":1},"title":"Botafogo perde de virada para o S\u00e3o Bernardo na S\u00e9rie B","author":"noticiasribeiraopreto.com.br","date":"5 de April de 2026","format":false,"excerpt":"Ler o resumo da not\u00edcia Botafogo perde de virada para o S\u00e3o Bernardo na S\u00e9rie B O Botafogo perdeu de virada, por 2 a 1, para o S\u00e3o Bernardo na noite deste domingo (5), em partida realizada na Arena Nicnet\/Est\u00e1dio Santa Cruz, em Ribeir\u00e3o Preto. Os gols O Botafogo abriu\u2026","rel":"","context":"In &quot;Not\u00edcias de Ribeir\u00e3o Preto-SP e Regi\u00e3o&quot;","block_context":{"text":"Not\u00edcias de Ribeir\u00e3o Preto-SP e Regi\u00e3o","link":"https:\/\/noticiasribeiraopreto.com.br\/index.php\/category\/noticias-de-ribeirao-preto-sp-e-regiao-ismael-colosi\/"},"img":{"alt_text":"","src":"https:\/\/i0.wp.com\/noticiasribeiraopreto.com.br\/wp-content\/uploads\/2026\/04\/WhatsApp-Image-2026-04-05-at-21.38.19_2026-04-06_00-54-09.webp.webp?fit=1200%2C800&ssl=1&resize=350%2C200","width":350,"height":200,"srcset":"https:\/\/i0.wp.com\/noticiasribeiraopreto.com.br\/wp-content\/uploads\/2026\/04\/WhatsApp-Image-2026-04-05-at-21.38.19_2026-04-06_00-54-09.webp.webp?fit=1200%2C800&ssl=1&resize=350%2C200 1x, https:\/\/i0.wp.com\/noticiasribeiraopreto.com.br\/wp-content\/uploads\/2026\/04\/WhatsApp-Image-2026-04-05-at-21.38.19_2026-04-06_00-54-09.webp.webp?fit=1200%2C800&ssl=1&resize=525%2C300 1.5x, https:\/\/i0.wp.com\/noticiasribeiraopreto.com.br\/wp-content\/uploads\/2026\/04\/WhatsApp-Image-2026-04-05-at-21.38.19_2026-04-06_00-54-09.webp.webp?fit=1200%2C800&ssl=1&resize=700%2C400 2x, https:\/\/i0.wp.com\/noticiasribeiraopreto.com.br\/wp-content\/uploads\/2026\/04\/WhatsApp-Image-2026-04-05-at-21.38.19_2026-04-06_00-54-09.webp.webp?fit=1200%2C800&ssl=1&resize=1050%2C600 3x"},"classes":[]},{"id":61055,"url":"https:\/\/noticiasribeiraopreto.com.br\/index.php\/2024\/12\/02\/botafogo-recebe-o-sao-paulo-em-ribeirao-preto-no-paulistao-estreia-e-fora-de-casa\/","url_meta":{"origin":83273,"position":2},"title":"Botafogo recebe o S\u00e3o Paulo em Ribeir\u00e3o Preto no Paulist\u00e3o; Estreia \u00e9 fora de casa","author":"noticiasribeiraopreto.com.br","date":"2 de December de 2024","format":false,"excerpt":"A FPF (Federa\u00e7\u00e3o Paulista de Futebol) divulgou nesta segunda-feira (2), a tabela do Campeonato Paulista de 2025, com in\u00edcio em 15 de janeiro. O Botafogo vai receber o S\u00e3o Paulo no est\u00e1dio Santa Cruz, em Ribeir\u00e3o Preto. A estreia do Pantera acontece fora de casa, contra o Guarani. A partida\u2026","rel":"","context":"In &quot;Not\u00edcias de Ribeir\u00e3o Preto-SP e Regi\u00e3o&quot;","block_context":{"text":"Not\u00edcias de Ribeir\u00e3o Preto-SP e Regi\u00e3o","link":"https:\/\/noticiasribeiraopreto.com.br\/index.php\/category\/noticias-de-ribeirao-preto-sp-e-regiao-ismael-colosi\/"},"img":{"alt_text":"","src":"https:\/\/i0.wp.com\/noticiasribeiraopreto.com.br\/wp-content\/uploads\/2024\/11\/465744372_1068478434601391_7157362678131287389_n_2024-11-17_16-01-32_jpg_2024-11-17_16-01-32.webp.webp?fit=1080%2C1080&ssl=1&resize=350%2C200","width":350,"height":200,"srcset":"https:\/\/i0.wp.com\/noticiasribeiraopreto.com.br\/wp-content\/uploads\/2024\/11\/465744372_1068478434601391_7157362678131287389_n_2024-11-17_16-01-32_jpg_2024-11-17_16-01-32.webp.webp?fit=1080%2C1080&ssl=1&resize=350%2C200 1x, https:\/\/i0.wp.com\/noticiasribeiraopreto.com.br\/wp-content\/uploads\/2024\/11\/465744372_1068478434601391_7157362678131287389_n_2024-11-17_16-01-32_jpg_2024-11-17_16-01-32.webp.webp?fit=1080%2C1080&ssl=1&resize=525%2C300 1.5x, https:\/\/i0.wp.com\/noticiasribeiraopreto.com.br\/wp-content\/uploads\/2024\/11\/465744372_1068478434601391_7157362678131287389_n_2024-11-17_16-01-32_jpg_2024-11-17_16-01-32.webp.webp?fit=1080%2C1080&ssl=1&resize=700%2C400 2x, https:\/\/i0.wp.com\/noticiasribeiraopreto.com.br\/wp-content\/uploads\/2024\/11\/465744372_1068478434601391_7157362678131287389_n_2024-11-17_16-01-32_jpg_2024-11-17_16-01-32.webp.webp?fit=1080%2C1080&ssl=1&resize=1050%2C600 3x"},"classes":[]},{"id":84391,"url":"https:\/\/noticiasribeiraopreto.com.br\/index.php\/2026\/04\/08\/botafogo-conhece-tabela-da-6a-a-11a-rodada-da-serie-b-veja-os-detalhes\/","url_meta":{"origin":83273,"position":3},"title":"Botafogo conhece tabela da 6\u00aa \u00e0 11\u00aa rodada da S\u00e9rie B; veja os detalhes","author":"noticiasribeiraopreto.com.br","date":"8 de April de 2026","format":false,"excerpt":"Ler o resumo da not\u00edcia CBF publicou tabela da 6\u00aa \u00e0 11\u00aa rodada da S\u00e9rie B com jogos entre 22 de abril e 1\u00ba de junho. Botafogo de Ribeir\u00e3o Preto inicia sequ\u00eancia contra o Cuiab\u00e1, em 22\/4, \u00e0s 21h30, na Arena Pantanal. Advers\u00e1rios no per\u00edodo: N\u00e1utico, Novorizontino, Goi\u00e1s, Athletic-MG e\u2026","rel":"","context":"In &quot;Not\u00edcias de Ribeir\u00e3o Preto-SP e Regi\u00e3o&quot;","block_context":{"text":"Not\u00edcias de Ribeir\u00e3o Preto-SP e Regi\u00e3o","link":"https:\/\/noticiasribeiraopreto.com.br\/index.php\/category\/noticias-de-ribeirao-preto-sp-e-regiao-ismael-colosi\/"},"img":{"alt_text":"","src":"https:\/\/i0.wp.com\/noticiasribeiraopreto.com.br\/wp-content\/uploads\/2026\/04\/Imagem-do-WhatsApp-de-2025-12-01-as-13.18.24_26a34174_2025-12-01_16-21-16.webp.webp?fit=1200%2C675&ssl=1&resize=350%2C200","width":350,"height":200,"srcset":"https:\/\/i0.wp.com\/noticiasribeiraopreto.com.br\/wp-content\/uploads\/2026\/04\/Imagem-do-WhatsApp-de-2025-12-01-as-13.18.24_26a34174_2025-12-01_16-21-16.webp.webp?fit=1200%2C675&ssl=1&resize=350%2C200 1x, https:\/\/i0.wp.com\/noticiasribeiraopreto.com.br\/wp-content\/uploads\/2026\/04\/Imagem-do-WhatsApp-de-2025-12-01-as-13.18.24_26a34174_2025-12-01_16-21-16.webp.webp?fit=1200%2C675&ssl=1&resize=525%2C300 1.5x, https:\/\/i0.wp.com\/noticiasribeiraopreto.com.br\/wp-content\/uploads\/2026\/04\/Imagem-do-WhatsApp-de-2025-12-01-as-13.18.24_26a34174_2025-12-01_16-21-16.webp.webp?fit=1200%2C675&ssl=1&resize=700%2C400 2x, https:\/\/i0.wp.com\/noticiasribeiraopreto.com.br\/wp-content\/uploads\/2026\/04\/Imagem-do-WhatsApp-de-2025-12-01-as-13.18.24_26a34174_2025-12-01_16-21-16.webp.webp?fit=1200%2C675&ssl=1&resize=1050%2C600 3x"},"classes":[]},{"id":61992,"url":"https:\/\/noticiasribeiraopreto.com.br\/index.php\/2024\/12\/30\/veja-quando-o-sao-paulo-joga-em-ribeirao-preto-contra-o-botafogo\/","url_meta":{"origin":83273,"position":4},"title":"Veja quando o S\u00e3o Paulo joga em Ribeir\u00e3o Preto contra o Botafogo","author":"noticiasribeiraopreto.com.br","date":"30 de December de 2024","format":false,"excerpt":"A FPF (Federa\u00e7\u00e3o Paulista de Futebol) divulgou a tabela desmembrada da primeira fase do Campeonato Paulista de 2025, nesta segunda-feira (30). Com isso, ficou definido para o dia 20 de janeiro, \u00e0s 20h, a data em que o S\u00e3o Paulo vai jogar em Ribeir\u00e3o Preto contra o Botafogo. A disputa\u2026","rel":"","context":"In &quot;Not\u00edcias de Ribeir\u00e3o Preto-SP e Regi\u00e3o&quot;","block_context":{"text":"Not\u00edcias de Ribeir\u00e3o Preto-SP e Regi\u00e3o","link":"https:\/\/noticiasribeiraopreto.com.br\/index.php\/category\/noticias-de-ribeirao-preto-sp-e-regiao-ismael-colosi\/"},"img":{"alt_text":"","src":"https:\/\/i0.wp.com\/noticiasribeiraopreto.com.br\/wp-content\/uploads\/2024\/12\/WhatsApp-Image-2023-12-20-at-11.55.00.jpeg?fit=1200%2C676&ssl=1&resize=350%2C200","width":350,"height":200,"srcset":"https:\/\/i0.wp.com\/noticiasribeiraopreto.com.br\/wp-content\/uploads\/2024\/12\/WhatsApp-Image-2023-12-20-at-11.55.00.jpeg?fit=1200%2C676&ssl=1&resize=350%2C200 1x, https:\/\/i0.wp.com\/noticiasribeiraopreto.com.br\/wp-content\/uploads\/2024\/12\/WhatsApp-Image-2023-12-20-at-11.55.00.jpeg?fit=1200%2C676&ssl=1&resize=525%2C300 1.5x, https:\/\/i0.wp.com\/noticiasribeiraopreto.com.br\/wp-content\/uploads\/2024\/12\/WhatsApp-Image-2023-12-20-at-11.55.00.jpeg?fit=1200%2C676&ssl=1&resize=700%2C400 2x, https:\/\/i0.wp.com\/noticiasribeiraopreto.com.br\/wp-content\/uploads\/2024\/12\/WhatsApp-Image-2023-12-20-at-11.55.00.jpeg?fit=1200%2C676&ssl=1&resize=1050%2C600 3x"},"classes":[]},{"id":12899,"url":"https:\/\/noticiasribeiraopreto.com.br\/index.php\/2023\/12\/08\/botafogo-encara-o-santos-na-estreia-do-paulistao\/","url_meta":{"origin":83273,"position":5},"title":"Botafogo encara o Santos na estreia do Paulist\u00e3o\u00a0\u00a0","author":"noticiasribeiraopreto.com.br","date":"8 de December de 2023","format":false,"excerpt":"8 de dezembro de 2023 | 17:308 de dezembro de 2023 | 15:19 0O Botafogo estrear\u00e1 em casa no Campeonato Paulista-2024. A tabela foi divulgada oficialmente pela FPF (Federa\u00e7\u00e3o Paulista de Futebol) na tarde desta quinta-feira (7).\u00a0O primeiro advers\u00e1rio do Tricolor ser\u00e1 o Santos. A princ\u00edpio, a partida est\u00e1 marcada\u2026","rel":"","context":"In &quot;Not\u00edcias de Ribeir\u00e3o Preto-SP e Regi\u00e3o&quot;","block_context":{"text":"Not\u00edcias de Ribeir\u00e3o Preto-SP e Regi\u00e3o","link":"https:\/\/noticiasribeiraopreto.com.br\/index.php\/category\/noticias-de-ribeirao-preto-sp-e-regiao-ismael-colosi\/"},"img":{"alt_text":"","src":"https:\/\/i0.wp.com\/noticiasribeiraopreto.com.br\/wp-content\/uploads\/2023\/12\/Botafogo-Paulistao-scaled.jpg?fit=967%2C645&ssl=1&resize=350%2C200","width":350,"height":200,"srcset":"https:\/\/i0.wp.com\/noticiasribeiraopreto.com.br\/wp-content\/uploads\/2023\/12\/Botafogo-Paulistao-scaled.jpg?fit=967%2C645&ssl=1&resize=350%2C200 1x, https:\/\/i0.wp.com\/noticiasribeiraopreto.com.br\/wp-content\/uploads\/2023\/12\/Botafogo-Paulistao-scaled.jpg?fit=967%2C645&ssl=1&resize=525%2C300 1.5x, https:\/\/i0.wp.com\/noticiasribeiraopreto.com.br\/wp-content\/uploads\/2023\/12\/Botafogo-Paulistao-scaled.jpg?fit=967%2C645&ssl=1&resize=700%2C400 2x"},"classes":[]}],"jetpack_sharing_enabled":true,"jetpack_shortlink":"https:\/\/wp.me\/peQAOb-lF7","_links":{"self":[{"href":"https:\/\/noticiasribeiraopreto.com.br\/index.php\/wp-json\/wp\/v2\/posts\/83273","targetHints":{"allow":["GET"]}}],"collection":[{"href":"https:\/\/noticiasribeiraopreto.com.br\/index.php\/wp-json\/wp\/v2\/posts"}],"about":[{"href":"https:\/\/noticiasribeiraopreto.com.br\/index.php\/wp-json\/wp\/v2\/types\/post"}],"author":[{"embeddable":true,"href":"https:\/\/noticiasribeiraopreto.com.br\/index.php\/wp-json\/wp\/v2\/users\/1"}],"replies":[{"embeddable":true,"href":"https:\/\/noticiasribeiraopreto.com.br\/index.php\/wp-json\/wp\/v2\/comments?post=83273"}],"version-history":[{"count":0,"href":"https:\/\/noticiasribeiraopreto.com.br\/index.php\/wp-json\/wp\/v2\/posts\/83273\/revisions"}],"wp:featuredmedia":[{"embeddable":true,"href":"https:\/\/noticiasribeiraopreto.com.br\/index.php\/wp-json\/wp\/v2\/media\/83274"}],"wp:attachment":[{"href":"https:\/\/noticiasribeiraopreto.com.br\/index.php\/wp-json\/wp\/v2\/media?parent=83273"}],"wp:term":[{"taxonomy":"category","embeddable":true,"href":"https:\/\/noticiasribeiraopreto.com.br\/index.php\/wp-json\/wp\/v2\/categories?post=83273"},{"taxonomy":"post_tag","embeddable":true,"href":"https:\/\/noticiasribeiraopreto.com.br\/index.php\/wp-json\/wp\/v2\/tags?post=83273"}],"curies":[{"name":"wp","href":"https:\/\/api.w.org\/{rel}","templated":true}]}}