{"id":83275,"date":"2026-03-14T19:35:22","date_gmt":"2026-03-14T22:35:22","guid":{"rendered":"https:\/\/noticiasribeiraopreto.com.br\/index.php\/2026\/03\/14\/comercial-fica-no-empate-em-aracatuba\/"},"modified":"2026-03-14T19:35:22","modified_gmt":"2026-03-14T22:35:22","slug":"comercial-fica-no-empate-em-aracatuba","status":"publish","type":"post","link":"https:\/\/noticiasribeiraopreto.com.br\/index.php\/2026\/03\/14\/comercial-fica-no-empate-em-aracatuba\/","title":{"rendered":"Comercial fica no empate em Ara\u00e7atuba"},"content":{"rendered":"<div class='code-block code-block-1' style='margin: 8px 0 8px auto; text-align: right; display: block; clear: both;'>\n<p><a href=\"https:\/\/wa.link\/vpicfd\"><img data-recalc-dims=\"1\" class=\"wp-image-4922\" style=\"aspect-ratio: 2.0253164556962027; width: 561px; height: auto;\" src=\"https:\/\/i0.wp.com\/ismaelcolosi.com.br\/wp-content\/uploads\/2023\/11\/grupo-de-empregos-whatsapp-e-facebook-ismael-colosi-vagas.jpg?ssl=1\" alt=\"\" \/><\/a><\/p>\n<!-- \/wp:image -->\n<\/div>\n<p> <br \/>\n<\/p>\n<div id=\"\">&#13;<br \/>\n\t\t\t\t\t\t\t\t&#13;<\/p>\n<p>&#13;<br \/>\n\t\t\t\t\t\t\t\t\t<span class=\"entry-meta-item penci-posted-on\"><i class=\"fa fa-clock-o\"\/><time class=\"entry-date published updated\" datetime=\"2026-03-14T19:31:56-03:00\">14 de mar\u00e7o de 2026 19:31<\/time><\/span><span class=\"entry-meta-item penci-post-countview\"\/>\t\t\t\t\t\t\t\t<\/p>\n<p><!-- .entry-meta -->&#13;<br \/>\n\t\t\t\t\t\t\t\t<span class=\"penci-social-buttons penci-social-share-footer\"><span class=\"penci-social-share-text\">Compartilhar<\/span><a href=\"#\" class=\"penci-post-like penci_post-meta_item  single-like-button penci-social-item like\" data-post_id=\"457429\" title=\"Like\" data-like=\"Like\" data-unlike=\"Unlike\"><i class=\"fa fa-thumbs-o-up\"\/><span class=\"penci-share-number\">0<\/span><\/a><i class=\"fa fa-facebook\"\/><a class=\"penci-social-item twitter\" target=\"_blank\" rel=\"noopener\" title=\"\" href=\"https:\/\/twitter.com\/intent\/tweet?text=Comercial%20fica%20no%20empate%20em%20Ara\u00e7atuba%20-%20https:\/\/www.tribunaribeirao.com.br\/comercial-fica-no-empate-em-aracatuba\/\"><i class=\"fa fa-twitter\"\/><\/a><i class=\"fa fa-linkedin\"\/><i class=\"fa fa-whatsapp\"\/><i class=\"fa fa-telegram\"\/><i class=\"fa fa-envelope\"\/><\/span>\t\t\t\t\t\t\t<\/div>\n<div>\n<p class=\"p1\"><span class=\"s1\">Deu empate sem gols no jogo entre Ara\u00e7atuba e Comercial, realizado na tarde deste s\u00e1bado no est\u00e1dio Doutor Adhemar de Barros, em Ara\u00e7atuba, pela d\u00e9cima rodada da S\u00e9rie A4 do Campeonato Paulista.<\/span><\/p>\n<p class=\"p1\"><span class=\"s1\">No jogo de hoje o Le\u00e3o foi comandado pelo t\u00e9cnico Osny, que foi comunicado que ir\u00e1 dirigir o time at\u00e9 o final da S\u00e9rie A4 ap\u00f3s a sa\u00edda de Pinho.<\/span><\/p>\n<p class=\"p1\"><span class=\"s1\">As melhores chances de gols do Comercial foram duas bolas na trave.<\/span><\/p>\n<p class=\"p1\"><span class=\"s1\">Com resultado, o Le\u00e3o est\u00e1 com oito pontos, na 11\u00aa posi\u00e7\u00e3o, e segue na luta contra o rebaixamento. O AEA soma cinco pontos e se manteve na zona de rebaixamento, na vice-lanterna da competi\u00e7\u00e3o.<\/span><\/p>\n<p class=\"p1\"><span class=\"s1\">O Comercial volta a campo na pr\u00f3xima quarta-feira (18), \u00e0s 20h, contra o Vocem, no est\u00e1dio Palma Travassos. J\u00e1 o Ara\u00e7atuba recebe o lanterna Nacional-SP no mesmo dia e hor\u00e1rio, no Adhemar de Barros.<\/span><\/p>\n<\/div>\n<p><script async src=\"\/\/platform.twitter.com\/widgets.js\" charset=\"utf-8\"><\/script><br \/>\n<br \/><br \/>\n<br \/><a href=\"https:\/\/www.tribunaribeirao.com.br\/comercial-fica-no-empate-em-aracatuba\/\">Source link <\/a><\/p>\n<!-- CONTENT END 1 -->\n","protected":false},"excerpt":{"rendered":"<p>&#13; &#13; &#13; 14 de mar\u00e7o de 2026 19:31 &#13; Compartilhar0 Deu empate sem gols no jogo entre Ara\u00e7atuba e Comercial, realizado na tarde deste&#8230;<\/p>\n","protected":false},"author":1,"featured_media":83276,"comment_status":"open","ping_status":"open","sticky":false,"template":"","format":"standard","meta":{"advanced_seo_description":"","jetpack_seo_html_title":"","jetpack_seo_noindex":false,"jetpack_post_was_ever_published":false,"_jetpack_newsletter_access":"","_jetpack_dont_email_post_to_subs":false,"_jetpack_newsletter_tier_id":0,"_jetpack_memberships_contains_paywalled_content":false,"_jetpack_memberships_contains_paid_content":false,"footnotes":"","jetpack_publicize_message":"","jetpack_publicize_feature_enabled":true,"jetpack_social_post_already_shared":true,"jetpack_social_options":{"image_generator_settings":{"template":"highway","default_image_id":0,"font":"","enabled":false},"version":2}},"categories":[11],"tags":[],"class_list":["post-83275","post","type-post","status-publish","format-standard","has-post-thumbnail","hentry","category-noticias-de-ribeirao-preto-sp-e-regiao-ismael-colosi"],"jetpack_publicize_connections":[],"jetpack_featured_media_url":"https:\/\/i0.wp.com\/noticiasribeiraopreto.com.br\/wp-content\/uploads\/2026\/03\/AEA-0-x-0-CFC-scaled.jpg?fit=975%2C780&ssl=1","jetpack-related-posts":[{"id":83287,"url":"https:\/\/noticiasribeiraopreto.com.br\/index.php\/2026\/03\/15\/comercial-empata-sem-gols-com-o-aracatuba-fora-de-casa-na-a4\/","url_meta":{"origin":83275,"position":0},"title":"Comercial empata sem gols com o Ara\u00e7atuba fora de casa na A4","author":"noticiasribeiraopreto.com.br","date":"15 de March de 2026","format":false,"excerpt":"O Comercial empatou em 0 a 0 com o Ara\u00e7atuba neste s\u00e1bado (14), fora de casa, pela d\u00e9cima rodada da S\u00e9rie A4 do Campeonato Paulista. Ap\u00f3s a sa\u00edda de Pinho, Osny comandou o Le\u00e3o no est\u00e1dio Doutor Adhemar de Barros, em Ara\u00e7atuba. As melhores chances de gols do Comercial foram\u2026","rel":"","context":"In &quot;Not\u00edcias de Ribeir\u00e3o Preto-SP e Regi\u00e3o&quot;","block_context":{"text":"Not\u00edcias de Ribeir\u00e3o Preto-SP e Regi\u00e3o","link":"https:\/\/noticiasribeiraopreto.com.br\/index.php\/category\/noticias-de-ribeirao-preto-sp-e-regiao-ismael-colosi\/"},"img":{"alt_text":"","src":"https:\/\/i0.wp.com\/noticiasribeiraopreto.com.br\/wp-content\/uploads\/2026\/03\/DSC_5836.jpg_2026-03-14_20-29-58.webp.webp?fit=1200%2C960&ssl=1&resize=350%2C200","width":350,"height":200,"srcset":"https:\/\/i0.wp.com\/noticiasribeiraopreto.com.br\/wp-content\/uploads\/2026\/03\/DSC_5836.jpg_2026-03-14_20-29-58.webp.webp?fit=1200%2C960&ssl=1&resize=350%2C200 1x, https:\/\/i0.wp.com\/noticiasribeiraopreto.com.br\/wp-content\/uploads\/2026\/03\/DSC_5836.jpg_2026-03-14_20-29-58.webp.webp?fit=1200%2C960&ssl=1&resize=525%2C300 1.5x, https:\/\/i0.wp.com\/noticiasribeiraopreto.com.br\/wp-content\/uploads\/2026\/03\/DSC_5836.jpg_2026-03-14_20-29-58.webp.webp?fit=1200%2C960&ssl=1&resize=700%2C400 2x, https:\/\/i0.wp.com\/noticiasribeiraopreto.com.br\/wp-content\/uploads\/2026\/03\/DSC_5836.jpg_2026-03-14_20-29-58.webp.webp?fit=1200%2C960&ssl=1&resize=1050%2C600 3x"},"classes":[]},{"id":80723,"url":"https:\/\/noticiasribeiraopreto.com.br\/index.php\/2025\/12\/12\/comercial-conhece-tabela-da-1a-fase-do-paulistao-a4-2026-confira\/","url_meta":{"origin":83275,"position":1},"title":"Comercial conhece tabela da 1\u00aa fase do Paulist\u00e3o A4 2026; Confira","author":"noticiasribeiraopreto.com.br","date":"12 de December de 2025","format":false,"excerpt":"A tabela b\u00e1sica de jogos do Paulist\u00e3o A4 2026 est\u00e1 definida. O Comercial estreia contra o Ecus, fora de casa \u2013 veja a tabela abaixo. A competi\u00e7\u00e3o tem in\u00edcio no primeiro final de semana de fevereiro e a decis\u00e3o est\u00e1 prevista para o dia 10 de maio. Regulamento Com a\u2026","rel":"","context":"In &quot;Not\u00edcias de Ribeir\u00e3o Preto-SP e Regi\u00e3o&quot;","block_context":{"text":"Not\u00edcias de Ribeir\u00e3o Preto-SP e Regi\u00e3o","link":"https:\/\/noticiasribeiraopreto.com.br\/index.php\/category\/noticias-de-ribeirao-preto-sp-e-regiao-ismael-colosi\/"},"img":{"alt_text":"","src":"https:\/\/i0.wp.com\/noticiasribeiraopreto.com.br\/wp-content\/uploads\/2025\/12\/roberval_2025-12-11_21-03-39.webp.webp?fit=1200%2C903&ssl=1&resize=350%2C200","width":350,"height":200,"srcset":"https:\/\/i0.wp.com\/noticiasribeiraopreto.com.br\/wp-content\/uploads\/2025\/12\/roberval_2025-12-11_21-03-39.webp.webp?fit=1200%2C903&ssl=1&resize=350%2C200 1x, https:\/\/i0.wp.com\/noticiasribeiraopreto.com.br\/wp-content\/uploads\/2025\/12\/roberval_2025-12-11_21-03-39.webp.webp?fit=1200%2C903&ssl=1&resize=525%2C300 1.5x, https:\/\/i0.wp.com\/noticiasribeiraopreto.com.br\/wp-content\/uploads\/2025\/12\/roberval_2025-12-11_21-03-39.webp.webp?fit=1200%2C903&ssl=1&resize=700%2C400 2x, https:\/\/i0.wp.com\/noticiasribeiraopreto.com.br\/wp-content\/uploads\/2025\/12\/roberval_2025-12-11_21-03-39.webp.webp?fit=1200%2C903&ssl=1&resize=1050%2C600 3x"},"classes":[]},{"id":57284,"url":"https:\/\/noticiasribeiraopreto.com.br\/index.php\/2024\/08\/27\/comercial-sai-na-frente-mas-fica-no-empate-contra-o-primavera-em-ribeirao-preto\/","url_meta":{"origin":83275,"position":2},"title":"Comercial sai na frente, mas fica no empate contra o Primavera em Ribeir\u00e3o Preto","author":"noticiasribeiraopreto.com.br","date":"27 de August de 2024","format":false,"excerpt":"O Comercial empatou em 1 a 1 com o Primavera na noite desta ter\u00e7a-feira (27), no est\u00e1dio Palma Travassos, em Ribeir\u00e3o Preto. O confronto foi v\u00e1lido pela ida das oitavas de final da Copa Paulista. Gols O Comercial abriu o placar logo aos 6 minutos do primeiro tempo, com o\u2026","rel":"","context":"In &quot;Not\u00edcias de Ribeir\u00e3o Preto-SP e Regi\u00e3o&quot;","block_context":{"text":"Not\u00edcias de Ribeir\u00e3o Preto-SP e Regi\u00e3o","link":"https:\/\/noticiasribeiraopreto.com.br\/index.php\/category\/noticias-de-ribeirao-preto-sp-e-regiao-ismael-colosi\/"},"img":{"alt_text":"","src":"https:\/\/i0.wp.com\/noticiasribeiraopreto.com.br\/wp-content\/uploads\/2024\/08\/comercial-primavera_2024-08-28_00-46-50_jpg_2024-08-28_00-46-51.webp.webp?fit=1200%2C800&ssl=1&resize=350%2C200","width":350,"height":200,"srcset":"https:\/\/i0.wp.com\/noticiasribeiraopreto.com.br\/wp-content\/uploads\/2024\/08\/comercial-primavera_2024-08-28_00-46-50_jpg_2024-08-28_00-46-51.webp.webp?fit=1200%2C800&ssl=1&resize=350%2C200 1x, https:\/\/i0.wp.com\/noticiasribeiraopreto.com.br\/wp-content\/uploads\/2024\/08\/comercial-primavera_2024-08-28_00-46-50_jpg_2024-08-28_00-46-51.webp.webp?fit=1200%2C800&ssl=1&resize=525%2C300 1.5x, https:\/\/i0.wp.com\/noticiasribeiraopreto.com.br\/wp-content\/uploads\/2024\/08\/comercial-primavera_2024-08-28_00-46-50_jpg_2024-08-28_00-46-51.webp.webp?fit=1200%2C800&ssl=1&resize=700%2C400 2x, https:\/\/i0.wp.com\/noticiasribeiraopreto.com.br\/wp-content\/uploads\/2024\/08\/comercial-primavera_2024-08-28_00-46-50_jpg_2024-08-28_00-46-51.webp.webp?fit=1200%2C800&ssl=1&resize=1050%2C600 3x"},"classes":[]},{"id":83277,"url":"https:\/\/noticiasribeiraopreto.com.br\/index.php\/2026\/03\/14\/jogadores-do-comercial-relatam-ofensas-racistas-em-aracatuba\/","url_meta":{"origin":83275,"position":3},"title":"Jogadores do Comercial relatam ofensas racistas em Ara\u00e7atuba","author":"noticiasribeiraopreto.com.br","date":"14 de March de 2026","format":false,"excerpt":"\r \r \r 14 de mar\u00e7o de 2026 20:25 \r Compartilhar0 Comercial Futebol Clube informa que, ao t\u00e9rmino do jogo contra o Ara\u00e7atuba, torcedores advers\u00e1rios proferiram xingamentos racistas a alguns profissionais do clube. O fato foi ouvido pelo goleiro Wendel, pelo preparador de goleiros, Chibarro e tamb\u00e9m pelos \u00e1rbitros e\u2026","rel":"","context":"In &quot;Not\u00edcias de Ribeir\u00e3o Preto-SP e Regi\u00e3o&quot;","block_context":{"text":"Not\u00edcias de Ribeir\u00e3o Preto-SP e Regi\u00e3o","link":"https:\/\/noticiasribeiraopreto.com.br\/index.php\/category\/noticias-de-ribeirao-preto-sp-e-regiao-ismael-colosi\/"},"img":{"alt_text":"","src":"https:\/\/i0.wp.com\/noticiasribeiraopreto.com.br\/wp-content\/uploads\/2026\/03\/DSC_5701.jpg-scaled.jpeg?fit=975%2C780&ssl=1&resize=350%2C200","width":350,"height":200,"srcset":"https:\/\/i0.wp.com\/noticiasribeiraopreto.com.br\/wp-content\/uploads\/2026\/03\/DSC_5701.jpg-scaled.jpeg?fit=975%2C780&ssl=1&resize=350%2C200 1x, https:\/\/i0.wp.com\/noticiasribeiraopreto.com.br\/wp-content\/uploads\/2026\/03\/DSC_5701.jpg-scaled.jpeg?fit=975%2C780&ssl=1&resize=525%2C300 1.5x, https:\/\/i0.wp.com\/noticiasribeiraopreto.com.br\/wp-content\/uploads\/2026\/03\/DSC_5701.jpg-scaled.jpeg?fit=975%2C780&ssl=1&resize=700%2C400 2x"},"classes":[]},{"id":83483,"url":"https:\/\/noticiasribeiraopreto.com.br\/index.php\/2026\/03\/19\/video-caminhoneiro-fica-preso-as-ferragens-em-acidente\/","url_meta":{"origin":83275,"position":4},"title":"V\u00cdDEO &#8211; Caminhoneiro fica preso \u00e0s ferragens em acidente","author":"noticiasribeiraopreto.com.br","date":"19 de March de 2026","format":false,"excerpt":"\r \r \r Colis\u00e3o envolveu dois caminh\u00f5es em rodovia da regi\u00e3o de Ribeir\u00e3o Preto\r \r 19 de mar\u00e7o de 2026 11:2319 de mar\u00e7o de 2026 11:23 \r Compartilhar2 \r Por: Adalberto Luque Um acidente envolvendo dois caminh\u00f5es deixou uma pessoa ferida, na madrugada desta quinta-feira (19). A colis\u00e3o ocorreu na\u2026","rel":"","context":"In &quot;Not\u00edcias de Ribeir\u00e3o Preto-SP e Regi\u00e3o&quot;","block_context":{"text":"Not\u00edcias de Ribeir\u00e3o Preto-SP e Regi\u00e3o","link":"https:\/\/noticiasribeiraopreto.com.br\/index.php\/category\/noticias-de-ribeirao-preto-sp-e-regiao-ismael-colosi\/"},"img":{"alt_text":"","src":"https:\/\/i0.wp.com\/noticiasribeiraopreto.com.br\/wp-content\/uploads\/2026\/03\/19-mar-2026-acidenterodovia1.jpg?fit=920%2C780&ssl=1&resize=350%2C200","width":350,"height":200,"srcset":"https:\/\/i0.wp.com\/noticiasribeiraopreto.com.br\/wp-content\/uploads\/2026\/03\/19-mar-2026-acidenterodovia1.jpg?fit=920%2C780&ssl=1&resize=350%2C200 1x, https:\/\/i0.wp.com\/noticiasribeiraopreto.com.br\/wp-content\/uploads\/2026\/03\/19-mar-2026-acidenterodovia1.jpg?fit=920%2C780&ssl=1&resize=525%2C300 1.5x, https:\/\/i0.wp.com\/noticiasribeiraopreto.com.br\/wp-content\/uploads\/2026\/03\/19-mar-2026-acidenterodovia1.jpg?fit=920%2C780&ssl=1&resize=700%2C400 2x"},"classes":[]},{"id":64478,"url":"https:\/\/noticiasribeiraopreto.com.br\/index.php\/2025\/03\/08\/comercial-perde-de-goleada-para-o-rio-branco-e-fica-perto-do-rebaixamento\/","url_meta":{"origin":83275,"position":5},"title":"Comercial perde de goleada para o Rio Branco e fica perto do rebaixamento","author":"noticiasribeiraopreto.com.br","date":"8 de March de 2025","format":false,"excerpt":"O Comercial perdeu por 4 a 0 para o Rio Branco neste s\u00e1bado (8), no est\u00e1dio D\u00e9cio\u00a0Vitta, em Americana (SP), e se complicou para escapar do rebaixamento na S\u00e9rie A3 do Campeonato Paulista. O Le\u00e3o precisava vencer a partida. Com a derrota, depende de uma combina\u00e7\u00e3o de resultados para evitar\u2026","rel":"","context":"In &quot;Not\u00edcias de Ribeir\u00e3o Preto-SP e Regi\u00e3o&quot;","block_context":{"text":"Not\u00edcias de Ribeir\u00e3o Preto-SP e Regi\u00e3o","link":"https:\/\/noticiasribeiraopreto.com.br\/index.php\/category\/noticias-de-ribeirao-preto-sp-e-regiao-ismael-colosi\/"},"img":{"alt_text":"","src":"https:\/\/i0.wp.com\/noticiasribeiraopreto.com.br\/wp-content\/uploads\/2025\/03\/IMG_7421_2025-03-08_20-00-21_jpg_2025-03-08_20-00-24-scaled.webp.webp?fit=1200%2C800&ssl=1&resize=350%2C200","width":350,"height":200,"srcset":"https:\/\/i0.wp.com\/noticiasribeiraopreto.com.br\/wp-content\/uploads\/2025\/03\/IMG_7421_2025-03-08_20-00-21_jpg_2025-03-08_20-00-24-scaled.webp.webp?fit=1200%2C800&ssl=1&resize=350%2C200 1x, https:\/\/i0.wp.com\/noticiasribeiraopreto.com.br\/wp-content\/uploads\/2025\/03\/IMG_7421_2025-03-08_20-00-21_jpg_2025-03-08_20-00-24-scaled.webp.webp?fit=1200%2C800&ssl=1&resize=525%2C300 1.5x, https:\/\/i0.wp.com\/noticiasribeiraopreto.com.br\/wp-content\/uploads\/2025\/03\/IMG_7421_2025-03-08_20-00-21_jpg_2025-03-08_20-00-24-scaled.webp.webp?fit=1200%2C800&ssl=1&resize=700%2C400 2x, https:\/\/i0.wp.com\/noticiasribeiraopreto.com.br\/wp-content\/uploads\/2025\/03\/IMG_7421_2025-03-08_20-00-21_jpg_2025-03-08_20-00-24-scaled.webp.webp?fit=1200%2C800&ssl=1&resize=1050%2C600 3x"},"classes":[]}],"jetpack_sharing_enabled":true,"jetpack_shortlink":"https:\/\/wp.me\/peQAOb-lF9","_links":{"self":[{"href":"https:\/\/noticiasribeiraopreto.com.br\/index.php\/wp-json\/wp\/v2\/posts\/83275","targetHints":{"allow":["GET"]}}],"collection":[{"href":"https:\/\/noticiasribeiraopreto.com.br\/index.php\/wp-json\/wp\/v2\/posts"}],"about":[{"href":"https:\/\/noticiasribeiraopreto.com.br\/index.php\/wp-json\/wp\/v2\/types\/post"}],"author":[{"embeddable":true,"href":"https:\/\/noticiasribeiraopreto.com.br\/index.php\/wp-json\/wp\/v2\/users\/1"}],"replies":[{"embeddable":true,"href":"https:\/\/noticiasribeiraopreto.com.br\/index.php\/wp-json\/wp\/v2\/comments?post=83275"}],"version-history":[{"count":0,"href":"https:\/\/noticiasribeiraopreto.com.br\/index.php\/wp-json\/wp\/v2\/posts\/83275\/revisions"}],"wp:featuredmedia":[{"embeddable":true,"href":"https:\/\/noticiasribeiraopreto.com.br\/index.php\/wp-json\/wp\/v2\/media\/83276"}],"wp:attachment":[{"href":"https:\/\/noticiasribeiraopreto.com.br\/index.php\/wp-json\/wp\/v2\/media?parent=83275"}],"wp:term":[{"taxonomy":"category","embeddable":true,"href":"https:\/\/noticiasribeiraopreto.com.br\/index.php\/wp-json\/wp\/v2\/categories?post=83275"},{"taxonomy":"post_tag","embeddable":true,"href":"https:\/\/noticiasribeiraopreto.com.br\/index.php\/wp-json\/wp\/v2\/tags?post=83275"}],"curies":[{"name":"wp","href":"https:\/\/api.w.org\/{rel}","templated":true}]}}