{"id":83279,"date":"2026-03-15T08:11:03","date_gmt":"2026-03-15T11:11:03","guid":{"rendered":"https:\/\/noticiasribeiraopreto.com.br\/index.php\/2026\/03\/15\/misoginia-no-youtube-cresce-e-vira-nicho-de-negocio\/"},"modified":"2026-03-15T08:11:03","modified_gmt":"2026-03-15T11:11:03","slug":"misoginia-no-youtube-cresce-e-vira-nicho-de-negocio","status":"publish","type":"post","link":"https:\/\/noticiasribeiraopreto.com.br\/index.php\/2026\/03\/15\/misoginia-no-youtube-cresce-e-vira-nicho-de-negocio\/","title":{"rendered":"Misoginia no YouTube cresce e vira nicho de neg\u00f3cio"},"content":{"rendered":"<div class='code-block code-block-1' style='margin: 8px 0 8px auto; text-align: right; display: block; clear: both;'>\n<p><a href=\"https:\/\/wa.link\/vpicfd\"><img data-recalc-dims=\"1\" class=\"wp-image-4922\" style=\"aspect-ratio: 2.0253164556962027; width: 561px; height: auto;\" src=\"https:\/\/i0.wp.com\/ismaelcolosi.com.br\/wp-content\/uploads\/2023\/11\/grupo-de-empregos-whatsapp-e-facebook-ismael-colosi-vagas.jpg?ssl=1\" alt=\"\" \/><\/a><\/p>\n<!-- \/wp:image -->\n<\/div>\n<p> <br \/>\n<\/p>\n<div>\n<p>Levantamento realizado pelo Laborat\u00f3rio de Estudos de Internet e Redes Sociais (NetLab) da Universidade Federal do Rio de Janeiro (UFRJ) revelou que pelo menos 123 canais brasileiros que disseminam conte\u00fado contra mulheres est\u00e3o ativos no YouTube. Juntos, eles somam mais de 23 milh\u00f5es de inscritos e t\u00eam cerca de 130 mil v\u00eddeos publicados.<\/p>\n<p>Os dados divulgados esta semana mostram que, em 2024, o n\u00famero era maior e 137 canais haviam sido mapeados na ocasi\u00e3o. De l\u00e1 para c\u00e1, apenas 14 canais foram removidos, por iniciativa dos donos ou da plataforma. Al\u00e9m disso, 20 canais mudaram de nome, mas alguns deles continuam produzindo conte\u00fado mis\u00f3gino mesmo sob a nova alcunha.<\/p>\n<p>O levantamento destacou que, al\u00e9m de continuarem em atividade, esses espa\u00e7os ganharam novos seguidores. A quantidade de pessoas inscritas nos 123 canais que restaram aumentou 18,5% desde abril de 2024, com o incremento de mais de 3,6 milh\u00f5es de novas assinaturas.<\/p>\n<p>Os v\u00eddeos tamb\u00e9m rendem dinheiro para os criadores. Considerando a primeira amostra, coletada em 2024, cerca de 80% tinham alguma estrat\u00e9gia de monetiza\u00e7\u00e3o, sejam as formas oferecidas pela plataforma, como an\u00fancios e programa de membros, ou alternativas, como vendas de e-books ou transfer\u00eancias via Pix.<\/p>\n<p>Para a pesquisadora do NetLab, Luciane Bel\u00edn, isso mostra como a misoginia se tornou um nicho de neg\u00f3cio. \u201cN\u00e3o \u00e9 s\u00f3 a opini\u00e3o deles, mas tamb\u00e9m \u00e9 uma oportunidade de ganhar dinheiro, pautada na humilha\u00e7\u00e3o, inferioriza\u00e7\u00e3o e subjuga\u00e7\u00e3o de mulheres\u201d, explicou.<\/p>\n<p>O relat\u00f3rio mostrou que a populariza\u00e7\u00e3o desses v\u00eddeos \u00e9 um fen\u00f4meno recente. Apesar de o v\u00eddeo mais antigo ter sido publicado em 2018, 88% deles foram publicados a partir de 2021, e pouco mais da metade (52%) entrou na plataforma entre janeiro de 2023 e abril de 2024. J\u00e1 de abril para c\u00e1, cerca de 25 mil novos v\u00eddeos foram postados.<\/p>\n<figure id=\"attachment_457380\" aria-describedby=\"caption-attachment-457380\" style=\"width: 487px\" class=\"wp-caption aligncenter\"><img data-recalc-dims=\"1\" loading=\"lazy\" decoding=\"async\" class=\"wp-image-457380 lazyload\" src=\"https:\/\/i0.wp.com\/www.tribunaribeirao.com.br\/wp-content\/uploads\/2026\/03\/misoginia-2-300x188.png?resize=487%2C305&#038;ssl=1\" alt=\"\" width=\"487\" height=\"305\" srcset=\"https:\/\/www.tribunaribeirao.com.br\/wp-content\/uploads\/2026\/03\/misoginia-2-300x188.png 300w, https:\/\/www.tribunaribeirao.com.br\/wp-content\/uploads\/2026\/03\/misoginia-2-768x480.png 768w, https:\/\/www.tribunaribeirao.com.br\/wp-content\/uploads\/2026\/03\/misoginia-2-640x400.png 640w, https:\/\/www.tribunaribeirao.com.br\/wp-content\/uploads\/2026\/03\/misoginia-2-585x366.png 585w, https:\/\/www.tribunaribeirao.com.br\/wp-content\/uploads\/2026\/03\/misoginia-2.png 800w\" data-sizes=\"(max-width: 487px) 100vw, 487px\" style=\"--smush-placeholder-width: 487px; --smush-placeholder-aspect-ratio: 487\/305;\"\/><figcaption id=\"caption-attachment-457380\" class=\"wp-caption-text\">Alguns influenciadores utilizam estrat\u00e9gias para dissimular seu conte\u00fado, como o uso de abrevia\u00e7\u00f5es e apelidos. A palavra \u201cmulher\u201d, por exemplo, \u00e9 substitu\u00edda por \u201ccolher\u201d, e m\u00e3es solo, um dos grupos mais atacados, s\u00e3o chamadas de \u201cmsol\u201d | Reprodu\u00e7\u00e3o<\/figcaption><\/figure>\n<p>Para definir quais canais disseminam conte\u00fado mis\u00f3gino, o estudo considerou apenas aqueles que continham pelo menos tr\u00eas v\u00eddeos com ao menos uma manifesta\u00e7\u00e3o de \u00f3dio contra mulheres. O tema mais recorrente, no qual 42% dos v\u00eddeos foram enquadrados, foi \u201cDesprezo \u00e0s mulheres e est\u00edmulo \u00e0 insurg\u00eancia masculina\u201d.<\/p>\n<p>Nessa categoria, foram inclu\u00eddos v\u00eddeos \u201cque conclamam os homens a n\u00e3o se deixarem dominar pelas mulheres\u201d, ao mesmo tempo em que estimulam que elas sejam tratadas com desprezo. Os conte\u00fados tamb\u00e9m disseminam a ideia de que as iniciativas por igualdade de g\u00eanero s\u00e3o estrat\u00e9gias de domina\u00e7\u00e3o social contra os homens.<\/p>\n<p>\u201cA gente encontrou conte\u00fados muito expl\u00edcitos. Quando a gente olha para as palavras, por exemplo, que s\u00e3o usadas para descrever as mulheres, a gente identifica termos como \u2018burra\u2019 e \u2018vagabunda\u2019, que s\u00e3o muito usados. Isso foi, de certa forma, at\u00e9 uma surpresa, porque a gente pensava que a plataforma derrubava esse tipo de conte\u00fado\u201d, diz Luciane.<\/p>\n<p>A pesquisadora explica tamb\u00e9m que alguns influenciadores utilizam estrat\u00e9gias para dissimular seu conte\u00fado, como o uso de abrevia\u00e7\u00f5es e apelidos. A palavra \u201cmulher\u201d, por exemplo, \u00e9 substitu\u00edda por \u201ccolher\u201d, e m\u00e3es solo, um dos grupos mais atacados, s\u00e3o chamadas de \u201cmsol\u201d.<\/p>\n<p>A pesquisadora cobra mais responsabiliza\u00e7\u00e3o das plataformas: \u201cA criminaliza\u00e7\u00e3o da misoginia seria um caminho que poderia contribuir para a minimiza\u00e7\u00e3o desses discursos, mas al\u00e9m da quest\u00e3o da criminaliza\u00e7\u00e3o, a gente tamb\u00e9m precisa continuar discutindo qual \u00e9 o papel das plataformas em rela\u00e7\u00e3o \u00e0 soberania do pa\u00eds mesmo. Se \u00e9 crime fora da internet, precisa ser crime dentro da internet.\u201d<\/p>\n<h2\/>\n<h2><strong>Google se manifesta sobre levantamento<\/strong><\/h2>\n<p>A Google Brasil, empresa que administra o YouTube, afirmou que solicitou ao NetLab que compartilhe todos os v\u00eddeos e canais nos quais baseiam suas pesquisas, mas os pesquisadores se recusaram.<\/p>\n<p>A plataforma informou ainda que somente no quarto trimestre de 2025 encerrou mais de 37 mil canais e removeu 151 mil v\u00eddeos por violarem as pol\u00edticas contra discurso de \u00f3dio e outros 10.855 canais e 840 mil v\u00eddeos por ass\u00e9dio e cyberbullying.<\/p>\n<p>De acordo com os pesquisadores respons\u00e1veis pelo levantamento, a lista de canais n\u00e3o foi divulgada para evitar que qualquer vazamento pudesse ocorrer e preservar a integridade da equipe, j\u00e1 que o laborat\u00f3rio poderia ser considerado respons\u00e1vel pela derrubada dos canais e seus pesquisadores sofrerem repres\u00e1lias.<\/p>\n<p>No entanto, eles afirmam que a metodologia utilizada para encontrar esses conte\u00fados foi disponibilizada e poderia ser reproduzida pelos profissionais da empresa respons\u00e1vel pelo YouTube.<\/p>\n<p>\u00a0<\/p>\n<h3><strong>Minist\u00e9rio da Justi\u00e7a notifica TikTok<\/strong><\/h3>\n<p>O Minist\u00e9rio da Justi\u00e7a e Seguran\u00e7a P\u00fablica (MJSP), por meio da Secretaria Nacional de Direitos Digitais (Sedigi), da Secretaria Nacional de Seguran\u00e7a P\u00fablica (Senasp) e da Secretaria Nacional do Consumidor (Senacon), encaminhou no dia 11 de mar\u00e7o of\u00edcio ao TikTok Brasil requisitando informa\u00e7\u00f5es sobre as medidas adotadas pela plataforma diante da circula\u00e7\u00e3o massiva de conte\u00fados mis\u00f3ginos associados \u00e0 trend \u201ccaso ela diga n\u00e3o\u201d.<\/p>\n<p>Os conte\u00fados viralizaram nos \u00faltimos dias, quando da comemora\u00e7\u00e3o do Dia Internacional da Mulher, em 8 de mar\u00e7o.<\/p>\n<p>Os v\u00eddeos exibiam jovens simulando agress\u00f5es f\u00edsicas \u2014 chutes, socos e esfaqueamentos \u2014 contra manequins que representavam mulheres, acompanhados de mensagens que associavam explicitamente a viol\u00eancia \u00e0 rejei\u00e7\u00e3o afetiva.<\/p>\n<p>O conte\u00fado, amplamente difundido na plataforma TikTok, motivou a abertura de inqu\u00e9rito pela Pol\u00edcia Federal (PF), instaurado ap\u00f3s not\u00edcia-crime apresentada pela Procuradoria Nacional de Defesa da Democracia (PNDD), vinculada \u00e0 Advocacia-Geral da Uni\u00e3o (AGU).<\/p>\n<p>O of\u00edcio do Minist\u00e9rio deixa claro que a obriga\u00e7\u00e3o da plataforma n\u00e3o se limita \u00e0 remo\u00e7\u00e3o dos conte\u00fados j\u00e1 requisitados pela Pol\u00edcia Federal, com fundamento na decis\u00e3o do Supremo Tribunal Federal (STF) que reconheceu a inconstitucionalidade parcial do art. 19 do Marco Civil da Internet.<\/p>\n<p>O Minist\u00e9rio aponta que os provedores de aplica\u00e7\u00f5es de internet s\u00e3o civilmente respons\u00e1veis pela indisponibiliza\u00e7\u00e3o imediata de conte\u00fados que configurem crimes praticados contra a mulher \u2014 categoria que inclui expressamente conte\u00fados que propagam \u00f3dio ou avers\u00e3o \u00e0s mulheres.<\/p>\n<p>Segundo o documento, a circula\u00e7\u00e3o massiva da trend representa riscos de falha sist\u00eamica.<\/p>\n<p>O TikTok Brasil dever\u00e1 apresentar informa\u00e7\u00f5es detalhadas sobre as medidas t\u00e9cnicas e organizacionais adotadas para detec\u00e7\u00e3o e supress\u00e3o proativa de conte\u00fado mis\u00f3gino.<\/p>\n<p>\u00a0<\/p>\n<h4><strong>Whatsapp anuncia controle parental para contas de menores de 13 anos<\/strong><\/h4>\n<p>O aplicativo de troca de mensagens WhatsApp anunciou nesta semana que ir\u00e1 disponibilizar, nos pr\u00f3ximos meses, uma nova funcionalidade que permitir\u00e1 que pais e respons\u00e1veis gerenciem a conta dos filhos menores de 13 anos.<\/p>\n<p>Segundo a Meta, empresa que controla o aplicativo, pais, m\u00e3es ou respons\u00e1veis poder\u00e3o usar a nova funcionalidade para decidir quais contatos conseguir\u00e3o mandar mensagens para a conta e de quais grupos a crian\u00e7a ou o adolescente poder\u00e1 participar.<\/p>\n<p>Al\u00e9m disso, os pais poder\u00e3o analisar pedidos de contato de n\u00fameros desconhecidos e gerenciar as configura\u00e7\u00f5es de privacidade da conta.<\/p>\n<p>\u201cO controle parental e as configura\u00e7\u00f5es s\u00e3o controlados por um PIN dos pais no dispositivo gerenciado. Apenas pais, m\u00e3es ou respons\u00e1veis podem acessar e modificar as configura\u00e7\u00f5es de privacidade, o que permite personalizar a experi\u00eancia de acordo com as prefer\u00eancias da fam\u00edlia\u201d, disse a Meta, em comunicado.<\/p>\n<p>Segundo a empresa, o conte\u00fado das conversas continuar\u00e1 privado e protegido com criptografia de ponta a ponta, de modo que nem os pais nem a pr\u00f3pria plataforma conseguir\u00e3o ter acesso.<\/p>\n<p>De acordo com o WhatsApp, as contas gerenciadas por pais, m\u00e3es ou respons\u00e1veis ser\u00e3o lan\u00e7adas aos poucos e poder\u00e3o n\u00e3o estar dispon\u00edveis em todas as regi\u00f5es. As novas contas para menores dever\u00e3o ser configuradas pelos pais ou respons\u00e1veis com 18 anos ou mais.<\/p>\n<p>Ser\u00e1 necess\u00e1rio ter a vers\u00e3o mais recente do WhatsApp para iPhone ou Android para usar a nova funcionalidade. Para configurar a nova conta, o celular do respons\u00e1vel e o celular do menor dever\u00e3o estar lado a lado. O passo a passo da configura\u00e7\u00e3o pode ser visto neste link.<\/p>\n<p>\u00a0<\/p>\n<h5><strong>Seguran\u00e7a de crian\u00e7as e adolescentes<\/strong><\/h5>\n<p>As amea\u00e7as que acompanham o acesso de crian\u00e7as e adolescentes a redes sociais, plataformas para a troca de mensagens e jogos online t\u00eam sido objeto de preocupa\u00e7\u00e3o ao redor do mundo.<\/p>\n<p>Na Austr\u00e1lia, uma lei proibiu o uso de redes sociais por menores de 16 anos. Medidas similares j\u00e1 avan\u00e7aram na Fran\u00e7a e em Portugal e s\u00e3o discutidas em outros pa\u00edses europeus.<\/p>\n<p>No Brasil, uma consulta p\u00fablica realizada pelo governo federal recomendou m\u00e9todos mais r\u00edgidos na aferi\u00e7\u00e3o de idade de usu\u00e1rios em sites e aplicativos na internet.<\/p>\n<h6\/>\n<h6><strong>ECA Digital<\/strong><\/h6>\n<p>O pa\u00eds proibiu o uso de celulares nas escolas p\u00fablicas e privadas, nos ensinos fundamental e m\u00e9dio. Tamb\u00e9m est\u00e1 em processo de implementa\u00e7\u00e3o a Lei do Estatuto Digital da Crian\u00e7a e do Adolescente (15.211\/2025).<\/p>\n<figure id=\"attachment_457381\" aria-describedby=\"caption-attachment-457381\" style=\"width: 227px\" class=\"wp-caption aligncenter\"><img data-recalc-dims=\"1\" loading=\"lazy\" decoding=\"async\" class=\"wp-image-457381 lazyload\" src=\"https:\/\/i0.wp.com\/www.tribunaribeirao.com.br\/wp-content\/uploads\/2026\/03\/box-194x300.png?resize=227%2C351&#038;ssl=1\" alt=\"\" width=\"227\" height=\"351\" srcset=\"https:\/\/www.tribunaribeirao.com.br\/wp-content\/uploads\/2026\/03\/box-194x300.png 194w, https:\/\/www.tribunaribeirao.com.br\/wp-content\/uploads\/2026\/03\/box-258x400.png 258w, https:\/\/www.tribunaribeirao.com.br\/wp-content\/uploads\/2026\/03\/box.png 323w\" data-sizes=\"(max-width: 227px) 100vw, 227px\" style=\"--smush-placeholder-width: 227px; --smush-placeholder-aspect-ratio: 227\/351;\"\/><figcaption id=\"caption-attachment-457381\" class=\"wp-caption-text\">Pais, m\u00e3es ou respons\u00e1veis poder\u00e3o usar a nova funcionalidade para decidir quais contatos conseguir\u00e3o mandar mensagens para a conta e de quais grupos a crian\u00e7a ou o adolescente poder\u00e1 participar | Reprodu\u00e7\u00e3o<\/figcaption><\/figure>\n<p>A nova lei entra em vigor em 18 de mar\u00e7o e obriga as plataformas digitais a tomarem medidas razo\u00e1veis para prevenir riscos de crian\u00e7as e adolescentes acessarem conte\u00fados ilegais ou considerados impr\u00f3prios para essas faixas et\u00e1rias, como explora\u00e7\u00e3o e abuso sexual, viol\u00eancia f\u00edsica, intimida\u00e7\u00e3o, ass\u00e9dio, promo\u00e7\u00e3o e comercializa\u00e7\u00e3o de jogos de azar, pr\u00e1ticas publicit\u00e1rias predat\u00f3rias e enganosas, entre outros crimes.<\/p>\n<p>A lei ainda prev\u00ea regras para supervis\u00e3o dos pais e respons\u00e1veis e exige mecanismos mais confi\u00e1veis para a verifica\u00e7\u00e3o da idade dos usu\u00e1rios de redes sociais, o que atualmente \u00e9 feito basicamente por autodeclara\u00e7\u00e3o.<\/p>\n<\/div>\n<p><br \/>\n<br \/><a href=\"https:\/\/www.tribunaribeirao.com.br\/misoginia-no-youtube-cresce-e-vira-nicho-de-negocio\/\">Source link <\/a><\/p>\n<!-- CONTENT END 1 -->\n","protected":false},"excerpt":{"rendered":"<p>Levantamento realizado pelo Laborat\u00f3rio de Estudos de Internet e Redes Sociais (NetLab) da Universidade Federal do Rio de Janeiro (UFRJ) revelou que pelo menos 123&#8230;<\/p>\n","protected":false},"author":1,"featured_media":83280,"comment_status":"open","ping_status":"open","sticky":false,"template":"","format":"standard","meta":{"advanced_seo_description":"","jetpack_seo_html_title":"","jetpack_seo_noindex":false,"jetpack_post_was_ever_published":false,"_jetpack_newsletter_access":"","_jetpack_dont_email_post_to_subs":false,"_jetpack_newsletter_tier_id":0,"_jetpack_memberships_contains_paywalled_content":false,"_jetpack_memberships_contains_paid_content":false,"footnotes":"","jetpack_publicize_message":"","jetpack_publicize_feature_enabled":true,"jetpack_social_post_already_shared":true,"jetpack_social_options":{"image_generator_settings":{"template":"highway","default_image_id":0,"font":"","enabled":false},"version":2}},"categories":[11],"tags":[],"class_list":["post-83279","post","type-post","status-publish","format-standard","has-post-thumbnail","hentry","category-noticias-de-ribeirao-preto-sp-e-regiao-ismael-colosi"],"jetpack_publicize_connections":[],"jetpack_featured_media_url":"https:\/\/i0.wp.com\/noticiasribeiraopreto.com.br\/wp-content\/uploads\/2026\/03\/misoginia-1.png?fit=800%2C500&ssl=1","jetpack-related-posts":[{"id":11245,"url":"https:\/\/noticiasribeiraopreto.com.br\/index.php\/2023\/12\/05\/whatsapp-libera-novidade-para-os-canais-veja-como-vai-funcionar\/","url_meta":{"origin":83279,"position":0},"title":"WhatsApp libera novidade para os canais; veja como vai funcionar","author":"noticiasribeiraopreto.com.br","date":"5 de December de 2023","format":false,"excerpt":"Cr\u00e9ditos: Reprodu\u00e7\u00e3o\/WhatsApp Atualiza\u00e7\u00e3o nos canais do WhatsApp O WhatsApp lan\u00e7ou uma nova atualiza\u00e7\u00e3o para a vers\u00e3o beta nesta ter\u00e7a-feira, 5, trazendo uma funcionalidade bastante aguardada pelos administradores de canais: a capacidade de encaminhar mensagens de forma r\u00e1pida e simples. A atualiza\u00e7\u00e3o, segundo o portal WABetaInfo, vem ao encontro das demandas\u2026","rel":"","context":"In &quot;Variedades&quot;","block_context":{"text":"Variedades","link":"https:\/\/noticiasribeiraopreto.com.br\/index.php\/category\/variedades\/"},"img":{"alt_text":"","src":"https:\/\/i0.wp.com\/noticiasribeiraopreto.com.br\/wp-content\/uploads\/2023\/12\/canais-wpp-2.png?fit=1200%2C638&ssl=1&resize=350%2C200","width":350,"height":200,"srcset":"https:\/\/i0.wp.com\/noticiasribeiraopreto.com.br\/wp-content\/uploads\/2023\/12\/canais-wpp-2.png?fit=1200%2C638&ssl=1&resize=350%2C200 1x, https:\/\/i0.wp.com\/noticiasribeiraopreto.com.br\/wp-content\/uploads\/2023\/12\/canais-wpp-2.png?fit=1200%2C638&ssl=1&resize=525%2C300 1.5x, https:\/\/i0.wp.com\/noticiasribeiraopreto.com.br\/wp-content\/uploads\/2023\/12\/canais-wpp-2.png?fit=1200%2C638&ssl=1&resize=700%2C400 2x, https:\/\/i0.wp.com\/noticiasribeiraopreto.com.br\/wp-content\/uploads\/2023\/12\/canais-wpp-2.png?fit=1200%2C638&ssl=1&resize=1050%2C600 3x"},"classes":[]},{"id":10894,"url":"https:\/\/noticiasribeiraopreto.com.br\/index.php\/2023\/12\/05\/de-graca-globoplay-lanca-canais-para-exibir-estas-7-novelas-de-sucesso\/","url_meta":{"origin":83279,"position":1},"title":"De gra\u00e7a! Globoplay lan\u00e7a canais para exibir estas 7 novelas de sucesso","author":"noticiasribeiraopreto.com.br","date":"5 de December de 2023","format":false,"excerpt":"A Globo lan\u00e7ou na segunda-feira, 27, dois canais do tipo FAST (Free Ad Supported Streaming Television), focados na exibi\u00e7\u00f5es de novelas das d\u00e9cadas de 1970 e 1980. Os novos canais, intitulados Viva 70 e Viva 80 Fast, est\u00e3o dispon\u00edveis de gra\u00e7a e podem ser encontrados na aba Agora, dedicada aos\u2026","rel":"","context":"In &quot;Variedades&quot;","block_context":{"text":"Variedades","link":"https:\/\/noticiasribeiraopreto.com.br\/index.php\/category\/variedades\/"},"img":{"alt_text":"","src":"https:\/\/i0.wp.com\/noticiasribeiraopreto.com.br\/wp-content\/uploads\/2023\/12\/depositphotos-477862990-xl-scaled.jpg?fit=1200%2C638&ssl=1&resize=350%2C200","width":350,"height":200,"srcset":"https:\/\/i0.wp.com\/noticiasribeiraopreto.com.br\/wp-content\/uploads\/2023\/12\/depositphotos-477862990-xl-scaled.jpg?fit=1200%2C638&ssl=1&resize=350%2C200 1x, https:\/\/i0.wp.com\/noticiasribeiraopreto.com.br\/wp-content\/uploads\/2023\/12\/depositphotos-477862990-xl-scaled.jpg?fit=1200%2C638&ssl=1&resize=525%2C300 1.5x, https:\/\/i0.wp.com\/noticiasribeiraopreto.com.br\/wp-content\/uploads\/2023\/12\/depositphotos-477862990-xl-scaled.jpg?fit=1200%2C638&ssl=1&resize=700%2C400 2x, https:\/\/i0.wp.com\/noticiasribeiraopreto.com.br\/wp-content\/uploads\/2023\/12\/depositphotos-477862990-xl-scaled.jpg?fit=1200%2C638&ssl=1&resize=1050%2C600 3x"},"classes":[]},{"id":73545,"url":"https:\/\/noticiasribeiraopreto.com.br\/index.php\/2025\/07\/04\/multa-por-camera-em-ribeirao-preto-entenda-se-mensagem-no-celular-e-falsa-ou-verdadeira\/","url_meta":{"origin":83279,"position":2},"title":"Multa por c\u00e2mera em Ribeir\u00e3o Preto? Entenda se mensagem no celular \u00e9 falsa ou verdadeira","author":"noticiasribeiraopreto.com.br","date":"4 de July de 2025","format":false,"excerpt":"Uma mensagem que circula pelos celulares fala sobre supostos pontos de monitoramento por c\u00e2meras nas principais avenidas de Ribeir\u00e3o Preto e multas para motoristas no tr\u00e2nsito. Segundo a mensagem, h\u00e1 infra\u00e7\u00f5es como avan\u00e7ar o sem\u00e1foro, usar o celular e at\u00e9 transitar com os bra\u00e7os para fora do ve\u00edculo, sendo que\u2026","rel":"","context":"In &quot;Not\u00edcias de Ribeir\u00e3o Preto-SP e Regi\u00e3o&quot;","block_context":{"text":"Not\u00edcias de Ribeir\u00e3o Preto-SP e Regi\u00e3o","link":"https:\/\/noticiasribeiraopreto.com.br\/index.php\/category\/noticias-de-ribeirao-preto-sp-e-regiao-ismael-colosi\/"},"img":{"alt_text":"","src":"https:\/\/i0.wp.com\/noticiasribeiraopreto.com.br\/wp-content\/uploads\/2025\/07\/avenida-saudade_2025-01-01_16-37-23_jpg_2025-01-01_16-37-23.webp.webp?fit=1200%2C900&ssl=1&resize=350%2C200","width":350,"height":200,"srcset":"https:\/\/i0.wp.com\/noticiasribeiraopreto.com.br\/wp-content\/uploads\/2025\/07\/avenida-saudade_2025-01-01_16-37-23_jpg_2025-01-01_16-37-23.webp.webp?fit=1200%2C900&ssl=1&resize=350%2C200 1x, https:\/\/i0.wp.com\/noticiasribeiraopreto.com.br\/wp-content\/uploads\/2025\/07\/avenida-saudade_2025-01-01_16-37-23_jpg_2025-01-01_16-37-23.webp.webp?fit=1200%2C900&ssl=1&resize=525%2C300 1.5x, https:\/\/i0.wp.com\/noticiasribeiraopreto.com.br\/wp-content\/uploads\/2025\/07\/avenida-saudade_2025-01-01_16-37-23_jpg_2025-01-01_16-37-23.webp.webp?fit=1200%2C900&ssl=1&resize=700%2C400 2x, https:\/\/i0.wp.com\/noticiasribeiraopreto.com.br\/wp-content\/uploads\/2025\/07\/avenida-saudade_2025-01-01_16-37-23_jpg_2025-01-01_16-37-23.webp.webp?fit=1200%2C900&ssl=1&resize=1050%2C600 3x"},"classes":[]},{"id":31073,"url":"https:\/\/noticiasribeiraopreto.com.br\/index.php\/2024\/01\/20\/top-10-maiores-canais-do-youtube-brasil-2024\/","url_meta":{"origin":83279,"position":3},"title":"Top 10 maiores canais do YouTube Brasil 2024","author":"noticiasribeiraopreto.com.br","date":"20 de January de 2024","format":false,"excerpt":"Voc\u00ea gosta de assistir v\u00eddeos no YouTube? Sabe quem s\u00e3o os maiores canais? Veja quais s\u00e3o os 10 maiores canais do YouTube Brasil. Acompanhe mais listas e rankings sobre YouTube e v\u00eddeos no Top 10 Brasil.TrendingTop 10 melhores DJs do mundo Os 10 maiores canais do YouTube Brasil s\u00e3o: Canal\u2026","rel":"","context":"In &quot;Blog&quot;","block_context":{"text":"Blog","link":"https:\/\/noticiasribeiraopreto.com.br\/index.php\/category\/blog\/"},"img":{"alt_text":"","src":"https:\/\/i0.wp.com\/noticiasribeiraopreto.com.br\/wp-content\/uploads\/2024\/01\/top-10-maiores-canais-do-youtube-brasil.jpg?fit=1200%2C630&ssl=1&resize=350%2C200","width":350,"height":200,"srcset":"https:\/\/i0.wp.com\/noticiasribeiraopreto.com.br\/wp-content\/uploads\/2024\/01\/top-10-maiores-canais-do-youtube-brasil.jpg?fit=1200%2C630&ssl=1&resize=350%2C200 1x, https:\/\/i0.wp.com\/noticiasribeiraopreto.com.br\/wp-content\/uploads\/2024\/01\/top-10-maiores-canais-do-youtube-brasil.jpg?fit=1200%2C630&ssl=1&resize=525%2C300 1.5x, https:\/\/i0.wp.com\/noticiasribeiraopreto.com.br\/wp-content\/uploads\/2024\/01\/top-10-maiores-canais-do-youtube-brasil.jpg?fit=1200%2C630&ssl=1&resize=700%2C400 2x, https:\/\/i0.wp.com\/noticiasribeiraopreto.com.br\/wp-content\/uploads\/2024\/01\/top-10-maiores-canais-do-youtube-brasil.jpg?fit=1200%2C630&ssl=1&resize=1050%2C600 3x"},"classes":[]},{"id":16154,"url":"https:\/\/noticiasribeiraopreto.com.br\/index.php\/2023\/12\/15\/star-vai-acabar-e-conteudo-vai-migrar-para-o-disney-meu-valor-digital\/","url_meta":{"origin":83279,"position":4},"title":"Star+ vai acabar e conte\u00fado vai migrar para o Disney+ &#8211; Meu Valor Digital","author":"noticiasribeiraopreto.com.br","date":"15 de December de 2023","format":false,"excerpt":"Os assinantes do servi\u00e7o de streaming Star+ v\u00e3o ter uma surpresa em rela\u00e7\u00e3o \u00e0s mudan\u00e7as na plataforma. De acordo com a Disney, em 2024, os assinantes do Disney+ e do Star+ v\u00e3o poder encontrar os conte\u00fados como s\u00e9ries e esportes favoritos em um s\u00f3 servi\u00e7o.\u00a0 Na ter\u00e7a-feira (12), The Walt\u2026","rel":"","context":"In &quot;Vagas de Emprego em Ribeir\u00e3o Preto-SP&quot;","block_context":{"text":"Vagas de Emprego em Ribeir\u00e3o Preto-SP","link":"https:\/\/noticiasribeiraopreto.com.br\/index.php\/category\/empregos-classificados-vagas-trabalho\/vagas-de-empregos-em-ribeirao-preto-regiao-brasil\/"},"img":{"alt_text":"","src":"https:\/\/i0.wp.com\/noticiasribeiraopreto.com.br\/wp-content\/uploads\/2023\/12\/Star-e-Disney-1.jpg?fit=1200%2C773&ssl=1&resize=350%2C200","width":350,"height":200,"srcset":"https:\/\/i0.wp.com\/noticiasribeiraopreto.com.br\/wp-content\/uploads\/2023\/12\/Star-e-Disney-1.jpg?fit=1200%2C773&ssl=1&resize=350%2C200 1x, https:\/\/i0.wp.com\/noticiasribeiraopreto.com.br\/wp-content\/uploads\/2023\/12\/Star-e-Disney-1.jpg?fit=1200%2C773&ssl=1&resize=525%2C300 1.5x, https:\/\/i0.wp.com\/noticiasribeiraopreto.com.br\/wp-content\/uploads\/2023\/12\/Star-e-Disney-1.jpg?fit=1200%2C773&ssl=1&resize=700%2C400 2x, https:\/\/i0.wp.com\/noticiasribeiraopreto.com.br\/wp-content\/uploads\/2023\/12\/Star-e-Disney-1.jpg?fit=1200%2C773&ssl=1&resize=1050%2C600 3x"},"classes":[]},{"id":29338,"url":"https:\/\/noticiasribeiraopreto.com.br\/index.php\/2024\/01\/18\/sancionadas-leis-de-cota-no-cinema-e-na-tv-paga\/","url_meta":{"origin":83279,"position":5},"title":"Sancionadas leis de cota no cinema e na TV paga","author":"noticiasribeiraopreto.com.br","date":"18 de January de 2024","format":false,"excerpt":"17 de janeiro de 2024 | 15:3017 de janeiro de 2024 | 10:11 0O presidente Luiz In\u00e1cio Lula da Silva sancionou, na \u00faltima segunda-feira, 15 de janeiro, duas leis aprovadas no Congresso Nacional para o setor de audiovisual do pa\u00eds. Uma delas recria a cota de tela para a exibi\u00e7\u00e3o\u2026","rel":"","context":"In &quot;Not\u00edcias de Ribeir\u00e3o Preto-SP e Regi\u00e3o&quot;","block_context":{"text":"Not\u00edcias de Ribeir\u00e3o Preto-SP e Regi\u00e3o","link":"https:\/\/noticiasribeiraopreto.com.br\/index.php\/category\/noticias-de-ribeirao-preto-sp-e-regiao-ismael-colosi\/"},"img":{"alt_text":"","src":"https:\/\/i0.wp.com\/noticiasribeiraopreto.com.br\/wp-content\/uploads\/2024\/01\/CinemaTV-Renato-Araujo-Ag.Br_-scaled.jpg?fit=1000%2C596&ssl=1&resize=350%2C200","width":350,"height":200,"srcset":"https:\/\/i0.wp.com\/noticiasribeiraopreto.com.br\/wp-content\/uploads\/2024\/01\/CinemaTV-Renato-Araujo-Ag.Br_-scaled.jpg?fit=1000%2C596&ssl=1&resize=350%2C200 1x, https:\/\/i0.wp.com\/noticiasribeiraopreto.com.br\/wp-content\/uploads\/2024\/01\/CinemaTV-Renato-Araujo-Ag.Br_-scaled.jpg?fit=1000%2C596&ssl=1&resize=525%2C300 1.5x, https:\/\/i0.wp.com\/noticiasribeiraopreto.com.br\/wp-content\/uploads\/2024\/01\/CinemaTV-Renato-Araujo-Ag.Br_-scaled.jpg?fit=1000%2C596&ssl=1&resize=700%2C400 2x"},"classes":[]}],"jetpack_sharing_enabled":true,"jetpack_shortlink":"https:\/\/wp.me\/peQAOb-lFd","_links":{"self":[{"href":"https:\/\/noticiasribeiraopreto.com.br\/index.php\/wp-json\/wp\/v2\/posts\/83279","targetHints":{"allow":["GET"]}}],"collection":[{"href":"https:\/\/noticiasribeiraopreto.com.br\/index.php\/wp-json\/wp\/v2\/posts"}],"about":[{"href":"https:\/\/noticiasribeiraopreto.com.br\/index.php\/wp-json\/wp\/v2\/types\/post"}],"author":[{"embeddable":true,"href":"https:\/\/noticiasribeiraopreto.com.br\/index.php\/wp-json\/wp\/v2\/users\/1"}],"replies":[{"embeddable":true,"href":"https:\/\/noticiasribeiraopreto.com.br\/index.php\/wp-json\/wp\/v2\/comments?post=83279"}],"version-history":[{"count":0,"href":"https:\/\/noticiasribeiraopreto.com.br\/index.php\/wp-json\/wp\/v2\/posts\/83279\/revisions"}],"wp:featuredmedia":[{"embeddable":true,"href":"https:\/\/noticiasribeiraopreto.com.br\/index.php\/wp-json\/wp\/v2\/media\/83280"}],"wp:attachment":[{"href":"https:\/\/noticiasribeiraopreto.com.br\/index.php\/wp-json\/wp\/v2\/media?parent=83279"}],"wp:term":[{"taxonomy":"category","embeddable":true,"href":"https:\/\/noticiasribeiraopreto.com.br\/index.php\/wp-json\/wp\/v2\/categories?post=83279"},{"taxonomy":"post_tag","embeddable":true,"href":"https:\/\/noticiasribeiraopreto.com.br\/index.php\/wp-json\/wp\/v2\/tags?post=83279"}],"curies":[{"name":"wp","href":"https:\/\/api.w.org\/{rel}","templated":true}]}}