{"id":83281,"date":"2026-03-15T09:04:30","date_gmt":"2026-03-15T12:04:30","guid":{"rendered":"https:\/\/noticiasribeiraopreto.com.br\/index.php\/2026\/03\/15\/crescem-casos-de-herpes-zoster-no-brasil\/"},"modified":"2026-03-15T09:04:30","modified_gmt":"2026-03-15T12:04:30","slug":"crescem-casos-de-herpes-zoster-no-brasil","status":"publish","type":"post","link":"https:\/\/noticiasribeiraopreto.com.br\/index.php\/2026\/03\/15\/crescem-casos-de-herpes-zoster-no-brasil\/","title":{"rendered":"Crescem casos de herpes-z\u00f3ster no Brasil"},"content":{"rendered":"<div class='code-block code-block-1' style='margin: 8px 0 8px auto; text-align: right; display: block; clear: both;'>\n<p><a href=\"https:\/\/wa.link\/vpicfd\"><img data-recalc-dims=\"1\" class=\"wp-image-4922\" style=\"aspect-ratio: 2.0253164556962027; width: 561px; height: auto;\" src=\"https:\/\/i0.wp.com\/ismaelcolosi.com.br\/wp-content\/uploads\/2023\/11\/grupo-de-empregos-whatsapp-e-facebook-ismael-colosi-vagas.jpg?ssl=1\" alt=\"\" \/><\/a><\/p>\n<!-- \/wp:image -->\n<\/div>\n<p> <br \/>\n<\/p>\n<div>\n<p>Por: Adalberto Luque<\/p>\n<p>\u00a0<\/p>\n<p>O herpes-z\u00f3ster, conhecido popularmente como cobreiro, \u00e9 uma infec\u00e7\u00e3o causada pela reativa\u00e7\u00e3o do v\u00edrus varicela-z\u00f3ster (VVZ), o mesmo respons\u00e1vel pela catapora. Ap\u00f3s a infec\u00e7\u00e3o inicial, geralmente na inf\u00e2ncia, o v\u00edrus permanece no organismo em estado de lat\u00eancia nos g\u00e2nglios nervosos e pode se manifestar novamente ao longo da vida, sobretudo em pessoas mais velhas ou com o sistema imunol\u00f3gico comprometido.<\/p>\n<p>Segundo o Minist\u00e9rio da Sa\u00fade, n\u00e3o existem dados oficiais consolidados sobre a incid\u00eancia da doen\u00e7a no Brasil porque o herpes-z\u00f3ster n\u00e3o integra a lista de enfermidades de notifica\u00e7\u00e3o compuls\u00f3ria. Ainda assim, registros do Sistema \u00danico de Sa\u00fade (SUS) apontam crescimento nas interna\u00e7\u00f5es relacionadas \u00e0 doen\u00e7a: em 2020 foram 3.517, n\u00famero que chegou a 4.202 em 2023, aumento de 19,5%.<\/p>\n<figure id=\"attachment_457388\" aria-describedby=\"caption-attachment-457388\" style=\"width: 463px\" class=\"wp-caption aligncenter\"><img data-recalc-dims=\"1\" loading=\"lazy\" decoding=\"async\" class=\"wp-image-457388 lazyload\" src=\"https:\/\/i0.wp.com\/www.tribunaribeirao.com.br\/wp-content\/uploads\/2026\/03\/1-herpes-zoster-FOTO-02-Herpes-zoster-1-Foto-Reproducao-Canvas-300x188.png?resize=463%2C290&#038;ssl=1\" alt=\"\" width=\"463\" height=\"290\" srcset=\"https:\/\/www.tribunaribeirao.com.br\/wp-content\/uploads\/2026\/03\/1-herpes-zoster-FOTO-02-Herpes-zoster-1-Foto-Reproducao-Canvas-300x188.png 300w, https:\/\/www.tribunaribeirao.com.br\/wp-content\/uploads\/2026\/03\/1-herpes-zoster-FOTO-02-Herpes-zoster-1-Foto-Reproducao-Canvas-768x480.png 768w, https:\/\/www.tribunaribeirao.com.br\/wp-content\/uploads\/2026\/03\/1-herpes-zoster-FOTO-02-Herpes-zoster-1-Foto-Reproducao-Canvas-640x400.png 640w, https:\/\/www.tribunaribeirao.com.br\/wp-content\/uploads\/2026\/03\/1-herpes-zoster-FOTO-02-Herpes-zoster-1-Foto-Reproducao-Canvas-585x366.png 585w, https:\/\/www.tribunaribeirao.com.br\/wp-content\/uploads\/2026\/03\/1-herpes-zoster-FOTO-02-Herpes-zoster-1-Foto-Reproducao-Canvas.png 800w\" data-sizes=\"(max-width: 463px) 100vw, 463px\" style=\"--smush-placeholder-width: 463px; --smush-placeholder-aspect-ratio: 463\/290;\"\/><figcaption id=\"caption-attachment-457388\" class=\"wp-caption-text\">No Brasil, casos de interna\u00e7\u00e3o registraram aumento de 19,5% | Reprodu\u00e7\u00e3o<\/figcaption><\/figure>\n<p>Especialistas apontam que o envelhecimento da popula\u00e7\u00e3o \u00e9 um dos fatores associados ao aumento dos casos. Como a vacina\u00e7\u00e3o contra a catapora come\u00e7ou a ser aplicada em crian\u00e7as no pa\u00eds apenas na d\u00e9cada de 1990, grande parte dos adultos atuais j\u00e1 teve contato com o v\u00edrus na inf\u00e2ncia. Estudos indicam que entre 90% e 95% das pessoas foram infectadas pelo v\u00edrus varicela-z\u00f3ster antes do fim da idade escolar.<\/p>\n<p>Em 2024, a cidade de Piracicaba, distante 200 km de Ribeir\u00e3o Preto, registrou um grande aumento de casos. Os n\u00fameros mostraram a varia\u00e7\u00e3o de atendimentos ambulatoriais e hospitalares naquela cidade para casos de herpes-z\u00f3ster.<\/p>\n<p>Entre 2022 e 2023, houve aumento de 122% no n\u00famero de casos, saltando de 175 notifica\u00e7\u00f5es para 390. Entre os v\u00e1rios motivos a desencadearem o problema, o estresse elevado foi uma das causas registradas entre pacientes mais jovens.<\/p>\n<p>\u00a0<\/p>\n<h2><strong>Rela\u00e7\u00e3o com a catapora<\/strong><\/h2>\n<p>A catapora, tamb\u00e9m chamada de varicela, permanece comum no pa\u00eds. De acordo com o Minist\u00e9rio da Sa\u00fade, a estimativa \u00e9 de cerca de 3 milh\u00f5es de casos por ano no Brasil. Entre 2006 e 2016, o n\u00famero de interna\u00e7\u00f5es por varicela no SUS variou de 4.200 a 12.600 por ano, com maior concentra\u00e7\u00e3o nas regi\u00f5es Sudeste e Nordeste.<\/p>\n<p>A maior parte das hospitaliza\u00e7\u00f5es ocorre em crian\u00e7as de 1 a 4 anos, seguidas por menores de 1 ano e pelo grupo de 5 a 9 anos. Apesar disso, proporcionalmente os adultos apresentam maior risco de evoluir com complica\u00e7\u00f5es, hospitaliza\u00e7\u00e3o e morte.<\/p>\n<p>A introdu\u00e7\u00e3o da vacina tetra viral \u2014 que protege contra sarampo, caxumba, rub\u00e9ola e varicela \u2014 no Calend\u00e1rio Nacional de Vacina\u00e7\u00e3o em setembro de 2013 contribuiu para reduzir o n\u00famero de interna\u00e7\u00f5es pela doen\u00e7a no SUS.<\/p>\n<p>Dados do Minist\u00e9rio da Sa\u00fade mostram que, entre 2012 e 2017, foram notificados 602.136 casos de varicela no pa\u00eds. A regi\u00e3o Sul registrou o maior n\u00famero de notifica\u00e7\u00f5es, com 199.057 casos (33%), seguida pelo Sudeste, com 189.249 (31,4%). No mesmo per\u00edodo, foram registradas 38.612 interna\u00e7\u00f5es.<\/p>\n<p>Entre 2012 e 2016, o pa\u00eds contabilizou 649 mortes associadas \u00e0 varicela, sendo a maior parte entre crian\u00e7as de 1 a 4 anos.<\/p>\n<p>\u00a0<\/p>\n<h3><strong>Sintomas e reativa\u00e7\u00e3o do v\u00edrus<\/strong><\/h3>\n<p>O herpes-z\u00f3ster ocorre quando o v\u00edrus da catapora, que permanece silencioso no organismo ap\u00f3s a infec\u00e7\u00e3o inicial, \u00e9 reativado. Isso pode acontecer quando h\u00e1 queda da imunidade, processo mais comum com o envelhecimento, conhecido como imunossenesc\u00eancia.<\/p>\n<figure id=\"attachment_457389\" aria-describedby=\"caption-attachment-457389\" style=\"width: 465px\" class=\"wp-caption aligncenter\"><img data-recalc-dims=\"1\" loading=\"lazy\" decoding=\"async\" class=\"wp-image-457389 lazyload\" src=\"https:\/\/i0.wp.com\/www.tribunaribeirao.com.br\/wp-content\/uploads\/2026\/03\/1-herpes-zoster-FOTO-03-Herpes-zoster-3-Foto-Reproducao-Canvas-300x188.png?resize=465%2C291&#038;ssl=1\" alt=\"\" width=\"465\" height=\"291\" srcset=\"https:\/\/www.tribunaribeirao.com.br\/wp-content\/uploads\/2026\/03\/1-herpes-zoster-FOTO-03-Herpes-zoster-3-Foto-Reproducao-Canvas-300x188.png 300w, https:\/\/www.tribunaribeirao.com.br\/wp-content\/uploads\/2026\/03\/1-herpes-zoster-FOTO-03-Herpes-zoster-3-Foto-Reproducao-Canvas-768x480.png 768w, https:\/\/www.tribunaribeirao.com.br\/wp-content\/uploads\/2026\/03\/1-herpes-zoster-FOTO-03-Herpes-zoster-3-Foto-Reproducao-Canvas-640x400.png 640w, https:\/\/www.tribunaribeirao.com.br\/wp-content\/uploads\/2026\/03\/1-herpes-zoster-FOTO-03-Herpes-zoster-3-Foto-Reproducao-Canvas-585x366.png 585w, https:\/\/www.tribunaribeirao.com.br\/wp-content\/uploads\/2026\/03\/1-herpes-zoster-FOTO-03-Herpes-zoster-3-Foto-Reproducao-Canvas.png 800w\" data-sizes=\"(max-width: 465px) 100vw, 465px\" style=\"--smush-placeholder-width: 465px; --smush-placeholder-aspect-ratio: 465\/291;\"\/><figcaption id=\"caption-attachment-457389\" class=\"wp-caption-text\">De acordo com o Minist\u00e9rio da Sa\u00fade, entre 2012 e 2017 regi\u00e3o Sul registrou maior n\u00famero de notifica\u00e7\u00f5es de varicela, com 33% dos casos | Reprodu\u00e7\u00e3o<\/figcaption><\/figure>\n<p>Al\u00e9m da idade avan\u00e7ada, situa\u00e7\u00f5es de imunossupress\u00e3o aumentam o risco de manifesta\u00e7\u00e3o da doen\u00e7a, como c\u00e2ncer, infec\u00e7\u00e3o por HIV, transplantes de \u00f3rg\u00e3os e uso de medicamentos que reduzem a resposta imunol\u00f3gica.<\/p>\n<p>Entre os sintomas mais comuns est\u00e3o febre, dor de cabe\u00e7a, mal-estar, dores e sensa\u00e7\u00e3o de formigamento ou queima\u00e7\u00e3o em uma regi\u00e3o do corpo. Posteriormente surgem manchas avermelhadas e bolhas com l\u00edquido transparente na pele, geralmente concentradas em um lado do corpo, sobretudo no t\u00f3rax, abd\u00f4men ou rosto.<\/p>\n<p>As les\u00f5es costumam evoluir para crostas em duas a quatro semanas. Antes do aparecimento das bolhas, \u00e9 comum que a pessoa apresente dor intensa na regi\u00e3o afetada, o que pode dificultar o diagn\u00f3stico inicial.<\/p>\n<p>\u00a0<\/p>\n<h4><strong>Poss\u00edveis complica\u00e7\u00f5es<\/strong><\/h4>\n<p>Embora muitas vezes seja uma doen\u00e7a autolimitada, o herpes-z\u00f3ster pode provocar complica\u00e7\u00f5es. A mais comum \u00e9 a neuralgia p\u00f3s-herp\u00e9tica, caracterizada por dor persistente por mais de tr\u00eas meses ap\u00f3s o desaparecimento das les\u00f5es.<\/p>\n<p>Essa condi\u00e7\u00e3o ocorre com maior frequ\u00eancia em pessoas acima de 60 anos e pode provocar dor intensa e prolongada, interferindo no sono e nas atividades di\u00e1rias.<\/p>\n<p>Outras complica\u00e7\u00f5es incluem infec\u00e7\u00e3o bacteriana das les\u00f5es na pele, comprometimento ocular \u2014 chamado de herpes-z\u00f3ster oft\u00e1lmico \u2014 e altera\u00e7\u00f5es neurol\u00f3gicas. Quando o v\u00edrus atinge estruturas do olho, pode causar inflama\u00e7\u00f5es e, em casos graves, perda de vis\u00e3o.<\/p>\n<p>Tamb\u00e9m podem ocorrer complica\u00e7\u00f5es como hepatite, pneumonia, disfun\u00e7\u00f5es da bexiga e do intestino e aumento do risco de eventos cardiovasculares, como derrame e infarto, especialmente em pacientes mais velhos ou com doen\u00e7as cr\u00f4nicas.<\/p>\n<p>\u00a0<\/p>\n<h5><strong>Diagn\u00f3stico e tratamento<\/strong><\/h5>\n<p>Na maioria das situa\u00e7\u00f5es, o diagn\u00f3stico do herpes-z\u00f3ster \u00e9 cl\u00ednico, baseado no hist\u00f3rico do paciente e na observa\u00e7\u00e3o das les\u00f5es caracter\u00edsticas na pele.<\/p>\n<p>O tratamento tem como objetivo reduzir a multiplica\u00e7\u00e3o do v\u00edrus, controlar a dor e evitar complica\u00e7\u00f5es. Medicamentos antivirais, como aciclovir, valaciclovir e fanciclovir, s\u00e3o utilizados para diminuir a dura\u00e7\u00e3o da doen\u00e7a e a intensidade dos sintomas.<\/p>\n<p>De acordo com especialistas, o tratamento deve ser iniciado preferencialmente at\u00e9 72 horas ap\u00f3s o surgimento das les\u00f5es cut\u00e2neas. Quando iniciado nesse per\u00edodo, o uso de antivirais reduz significativamente a gravidade do quadro e o risco de neuralgia p\u00f3s-herp\u00e9tica.<\/p>\n<p>O Minist\u00e9rio da Sa\u00fade informa que o SUS oferece acompanhamento cl\u00ednico e tratamento para pessoas diagnosticadas com herpes-z\u00f3ster, com foco na redu\u00e7\u00e3o da gravidade dos sintomas e na preven\u00e7\u00e3o de complica\u00e7\u00f5es.<\/p>\n<p>\u00a0<\/p>\n<h6><strong>Vacina n\u00e3o incorporada ao SUS<\/strong><\/h6>\n<p>A vacina\u00e7\u00e3o \u00e9 considerada uma das principais estrat\u00e9gias de preven\u00e7\u00e3o da doen\u00e7a. Atualmente, a vacina contra herpes-z\u00f3ster \u00e9 indicada para pessoas com mais de 50 anos e para indiv\u00edduos imunodeprimidos, mas est\u00e1 dispon\u00edvel apenas na rede privada.<\/p>\n<p>O Minist\u00e9rio da Sa\u00fade solicitou \u00e0 Comiss\u00e3o Nacional de Incorpora\u00e7\u00e3o de Tecnologias (Conitec) no SUS a an\u00e1lise da inclus\u00e3o do imunizante no sistema p\u00fablico de sa\u00fade. No entanto, a proposta n\u00e3o foi aprovada.<\/p>\n<p>Segundo a pasta, o valor apresentado pela empresa fabricante foi considerado elevado e a oferta de doses insuficiente. A \u00fanica produtora ofertou cerca de 1,5 milh\u00e3o de doses por ano para pessoas com mais de 80 anos, quantidade considerada limitada diante do p\u00fablico potencial da vacina.<\/p>\n<p>De acordo com estimativas do minist\u00e9rio, a vacina \u00e9 indicada para mais de 60 milh\u00f5es de brasileiros com mais de 50 anos. Para atender toda essa popula\u00e7\u00e3o, o custo poderia chegar a aproximadamente R$ 50 bilh\u00f5es.<\/p>\n<p>Apesar da decis\u00e3o da Conitec, o Minist\u00e9rio da Sa\u00fade informou que continuar\u00e1 negociando com fabricantes para viabilizar a inclus\u00e3o da vacina no SUS com oferta em escala adequada e valores compat\u00edveis com a sustentabilidade do sistema p\u00fablico de sa\u00fade.<\/p>\n<p><strong>\u00a0<\/strong><\/p>\n<h6><strong>Ribeir\u00e3o Preto n\u00e3o tem registro de aumento<\/strong><\/h6>\n<p>Como a notifica\u00e7\u00e3o dos casos de herpes-z\u00f3ster n\u00e3o \u00e9 obrigat\u00f3rio, Ribeir\u00e3o Preto n\u00e3o disp\u00f5e de dados que apontem aumento no n\u00famero de registros ou interna\u00e7\u00f5es. Todavia, \u00e9 importante compreender a doen\u00e7a, seus sintomas e como agir em caso de o v\u00edrus se manifestar.<\/p>\n<figure id=\"attachment_457390\" aria-describedby=\"caption-attachment-457390\" style=\"width: 300px\" class=\"wp-caption alignleft\"><img data-recalc-dims=\"1\" loading=\"lazy\" decoding=\"async\" class=\"size-medium wp-image-457390 lazyload\" src=\"https:\/\/i0.wp.com\/www.tribunaribeirao.com.br\/wp-content\/uploads\/2026\/03\/1-herpes-zoster-FOTO-04-BOX-1-Medico-Fernando-Villar-Foto-Divulgacao-300x264.jpg?resize=300%2C264&#038;ssl=1\" alt=\"\" width=\"300\" height=\"264\" srcset=\"https:\/\/www.tribunaribeirao.com.br\/wp-content\/uploads\/2026\/03\/1-herpes-zoster-FOTO-04-BOX-1-Medico-Fernando-Villar-Foto-Divulgacao-300x264.jpg 300w, https:\/\/www.tribunaribeirao.com.br\/wp-content\/uploads\/2026\/03\/1-herpes-zoster-FOTO-04-BOX-1-Medico-Fernando-Villar-Foto-Divulgacao-768x677.jpg 768w, https:\/\/www.tribunaribeirao.com.br\/wp-content\/uploads\/2026\/03\/1-herpes-zoster-FOTO-04-BOX-1-Medico-Fernando-Villar-Foto-Divulgacao-454x400.jpg 454w, https:\/\/www.tribunaribeirao.com.br\/wp-content\/uploads\/2026\/03\/1-herpes-zoster-FOTO-04-BOX-1-Medico-Fernando-Villar-Foto-Divulgacao-585x516.jpg 585w, https:\/\/www.tribunaribeirao.com.br\/wp-content\/uploads\/2026\/03\/1-herpes-zoster-FOTO-04-BOX-1-Medico-Fernando-Villar-Foto-Divulgacao.jpg 825w\" data-sizes=\"(max-width: 300px) 100vw, 300px\" style=\"--smush-placeholder-width: 300px; --smush-placeholder-aspect-ratio: 300\/264;\"\/><figcaption id=\"caption-attachment-457390\" class=\"wp-caption-text\">Segundo o infectologista Fernando Villar, membro da Comiss\u00e3o de Controle de Infec\u00e7\u00e3o da Secretaria Municipal de Sa\u00fade de Ribeir\u00e3o Preto, as sequelas podem causar dor persistente mesmo ap\u00f3s desaparecimento das les\u00f5es | Divulga\u00e7\u00e3o<\/figcaption><\/figure>\n<p>M\u00e9dico infectologista e doutor em Cl\u00ednica M\u00e9dica pelo HC-FMRP-USP, Fernando Crivelenti Villar explica que a herpes-z\u00f3ster \u00e9 causada pelo mesmo v\u00edrus respons\u00e1vel pela catapora. \u201cA herpes-z\u00f3ster \u00e9 uma apresenta\u00e7\u00e3o do v\u00edrus da catapora. A primeira vez que a pessoa tem contato com esse v\u00edrus \u00e9 quando desenvolve a catapora, geralmente na inf\u00e2ncia\u201d, afirma. Segundo ele, ap\u00f3s essa primeira infec\u00e7\u00e3o, o v\u00edrus permanece no organismo. \u201cEle fica incubado e, por algum motivo, na vida adulta pode voltar a se manifestar como herpes-z\u00f3ster.\u201d<\/p>\n<p>Segundo Villar, que \u00e9 m\u00e9dico da Comiss\u00e3o de Controle de Infec\u00e7\u00e3o da Secretaria Municipal de Sa\u00fade de Ribeir\u00e3o Preto, embora os casos possam aumentar, a doen\u00e7a raramente exige hospitaliza\u00e7\u00e3o. \u201cTradicionalmente n\u00e3o \u00e9 uma doen\u00e7a que requer interna\u00e7\u00e3o hospitalar. O tratamento \u00e9 ambulatorial e dificilmente o paciente precisa ser internado\u201d, diz. Ele ressalta que apenas situa\u00e7\u00f5es muito espec\u00edficas podem exigir cuidados hospitalares. \u201cIsso pode ocorrer quando h\u00e1 complica\u00e7\u00f5es como z\u00f3ster encef\u00e1lico ou meningite por z\u00f3ster, mas esses casos s\u00e3o muito raros.\u201d<\/p>\n<p>O infectologista tamb\u00e9m destaca que, al\u00e9m da vacina\u00e7\u00e3o, algumas medidas de preven\u00e7\u00e3o s\u00e3o indicadas em situa\u00e7\u00f5es espec\u00edficas. \u201cPacientes imunossuprimidos com z\u00f3ster, como pessoas com HIV ou pacientes oncol\u00f3gicos, podem transmitir o v\u00edrus por via respirat\u00f3ria\u201d, explica. Segundo ele, nesses casos s\u00e3o necess\u00e1rias precau\u00e7\u00f5es de contato e respirat\u00f3rias. \u201cEsses pacientes t\u00eam que ficar em precau\u00e7\u00e3o respirat\u00f3ria e de contato. Eles n\u00e3o podem ser tocados sem equipamento de prote\u00e7\u00e3o individual espec\u00edfico, ou mesmo na pr\u00f3pria resid\u00eancia de quem n\u00e3o teve contato com a catapora antes.\u201d<\/p>\n<p>A vacina contra herpes-z\u00f3ster ainda n\u00e3o est\u00e1 dispon\u00edvel no Sistema \u00danico de Sa\u00fade (SUS). \u201cParticipamos de uma consulta p\u00fablica para a padroniza\u00e7\u00e3o dessa vacina no SUS para pessoas com mais de 80 anos\u201d, relata. O parecer foi favor\u00e1vel e existe a possibilidade de que ela seja incorporada futuramente, embora ainda n\u00e3o haja defini\u00e7\u00e3o sobre quando isso pode acontecer.<\/p>\n<p>Segundo o m\u00e9dico, os grupos mais vulner\u00e1veis \u00e0 reativa\u00e7\u00e3o do v\u00edrus s\u00e3o pessoas com o sistema imunol\u00f3gico comprometido e idosos. \u201cPacientes com HIV, pessoas com c\u00e2ncer ou que utilizam medicamentos imunobiol\u00f3gicos para tratar doen\u00e7as autoimunes t\u00eam maior risco\u201d, afirma. Ele acrescenta que o envelhecimento tamb\u00e9m aumenta a suscetibilidade. \u201cConforme envelhecemos, vamos perdendo naturalmente as nossas defesas e vamos ficando mais suscet\u00edveis \u00e0 reativa\u00e7\u00e3o do v\u00edrus.\u201d<\/p>\n<p>Os sintomas costumam come\u00e7ar com dor localizada em uma regi\u00e3o espec\u00edfica do corpo. \u201cGeralmente \u00e9 uma dor que respeita a linha m\u00e9dia. Se a les\u00e3o aparece do lado direito do abd\u00f4men, por exemplo, ela n\u00e3o atravessa para o lado esquerdo\u201d, explica. Depois da dor inicial, surgem as les\u00f5es. \u201cPrimeiro aparecem les\u00f5es vesiculares, que s\u00e3o bolhinhas cheias de l\u00edquido, e depois elas evoluem para crostas, em casquinhas. Geralmente s\u00e3o muito dolorosas.\u201d<\/p>\n<p>O diagn\u00f3stico precoce, segundo ele, \u00e9 fundamental para evitar complica\u00e7\u00f5es. \u201cQuanto antes voc\u00ea entrar com o tratamento preconizado, mais f\u00e1cil para controlar a doen\u00e7a e menor o risco de uma sequela que a gente chama de neuralgia p\u00f3s-herp\u00e9tica\u201d, afirma. Essa condi\u00e7\u00e3o pode causar dor persistente mesmo ap\u00f3s o desaparecimento das les\u00f5es. \u201cO v\u00edrus utiliza o nervo para chegar \u00e0 superf\u00edcie da pele. \u00c9 como se desencapasse o nervo, como um fio desencapado dando choque na pele. E essa dor pode se perpetuar se o paciente n\u00e3o receber um diagn\u00f3stico precoce, um tratamento precoce e resolver esse quadro da forma mais r\u00e1pida poss\u00edvel.\u201d<\/p>\n<p>O tratamento \u00e9 feito com medicamentos antivirais. \u201cUtilizamos aciclovir ou derivados, como valaciclovir e fanciclovir\u201d, explica. \u201cQuanto mais r\u00e1pido o diagn\u00f3stico, melhor e mais efetivo \u00e9 o tratamento em rela\u00e7\u00e3o ao paciente n\u00e3o desenvolver a neuralgia p\u00f3s-herp\u00e9tica\u201d, conclui Villar.<\/p>\n<\/div>\n<p><br \/>\n<br \/><a href=\"https:\/\/www.tribunaribeirao.com.br\/crescem-casos-de-herpes-zoster-no-brasil\/\">Source link <\/a><\/p>\n<!-- CONTENT END 1 -->\n","protected":false},"excerpt":{"rendered":"<p>Por: Adalberto Luque \u00a0 O herpes-z\u00f3ster, conhecido popularmente como cobreiro, \u00e9 uma infec\u00e7\u00e3o causada pela reativa\u00e7\u00e3o do v\u00edrus varicela-z\u00f3ster (VVZ), o mesmo respons\u00e1vel pela catapora&#8230;.<\/p>\n","protected":false},"author":1,"featured_media":83282,"comment_status":"open","ping_status":"open","sticky":false,"template":"","format":"standard","meta":{"advanced_seo_description":"","jetpack_seo_html_title":"","jetpack_seo_noindex":false,"jetpack_post_was_ever_published":false,"_jetpack_newsletter_access":"","_jetpack_dont_email_post_to_subs":false,"_jetpack_newsletter_tier_id":0,"_jetpack_memberships_contains_paywalled_content":false,"_jetpack_memberships_contains_paid_content":false,"footnotes":"","jetpack_publicize_message":"","jetpack_publicize_feature_enabled":true,"jetpack_social_post_already_shared":true,"jetpack_social_options":{"image_generator_settings":{"template":"highway","default_image_id":0,"font":"","enabled":false},"version":2}},"categories":[11],"tags":[],"class_list":["post-83281","post","type-post","status-publish","format-standard","has-post-thumbnail","hentry","category-noticias-de-ribeirao-preto-sp-e-regiao-ismael-colosi"],"jetpack_publicize_connections":[],"jetpack_featured_media_url":"https:\/\/i0.wp.com\/noticiasribeiraopreto.com.br\/wp-content\/uploads\/2026\/03\/Captura-de-tela-2026-03-14-162720.png?fit=927%2C453&ssl=1","jetpack-related-posts":[{"id":69863,"url":"https:\/\/noticiasribeiraopreto.com.br\/index.php\/2025\/05\/09\/jornal-da-franca-vacina-contra-herpes-zoster-reduz-em-23-risco-cardiovascular-diz-estudo\/","url_meta":{"origin":83281,"position":0},"title":"Jornal da Franca &#8211; Vacina contra herpes-z\u00f3ster reduz em 23% risco cardiovascular, diz estudo","author":"noticiasribeiraopreto.com.br","date":"9 de May de 2025","format":false,"excerpt":"compartilhar no whatsapp compartilhar no telegram compartilhar no facebook compartilhar no linkedin A doen\u00e7a pode causar danos aos vasos sangu\u00edneos, inflama\u00e7\u00e3o e forma\u00e7\u00e3o de co\u00e1gulos, fatores de risco para doen\u00e7as card\u00edacas Vacina contra herpes-z\u00f3ster reduz risco de problemas cardiovasculares, incluindo AVC \u2013 foto Arquivo \u00a0 A vacina contra herpes-z\u00f3ster reduz\u2026","rel":"","context":"In &quot;Not\u00edcias de Franca-SP&quot;","block_context":{"text":"Not\u00edcias de Franca-SP","link":"https:\/\/noticiasribeiraopreto.com.br\/index.php\/category\/noticias-de-ribeirao-preto-sp-e-regiao-ismael-colosi\/noticias-franca-sp\/"},"img":{"alt_text":"","src":"https:\/\/i0.wp.com\/noticiasribeiraopreto.com.br\/wp-content\/uploads\/2025\/05\/vacina-gripe-1571259524015_v2_1254x836.jpg?fit=1200%2C800&ssl=1&resize=350%2C200","width":350,"height":200,"srcset":"https:\/\/i0.wp.com\/noticiasribeiraopreto.com.br\/wp-content\/uploads\/2025\/05\/vacina-gripe-1571259524015_v2_1254x836.jpg?fit=1200%2C800&ssl=1&resize=350%2C200 1x, https:\/\/i0.wp.com\/noticiasribeiraopreto.com.br\/wp-content\/uploads\/2025\/05\/vacina-gripe-1571259524015_v2_1254x836.jpg?fit=1200%2C800&ssl=1&resize=525%2C300 1.5x, https:\/\/i0.wp.com\/noticiasribeiraopreto.com.br\/wp-content\/uploads\/2025\/05\/vacina-gripe-1571259524015_v2_1254x836.jpg?fit=1200%2C800&ssl=1&resize=700%2C400 2x, https:\/\/i0.wp.com\/noticiasribeiraopreto.com.br\/wp-content\/uploads\/2025\/05\/vacina-gripe-1571259524015_v2_1254x836.jpg?fit=1200%2C800&ssl=1&resize=1050%2C600 3x"},"classes":[]},{"id":39683,"url":"https:\/\/noticiasribeiraopreto.com.br\/index.php\/2024\/02\/27\/paralisia-de-bell-entenda-o-que-e-a-doenca-de-fernanda-gentil\/","url_meta":{"origin":83281,"position":1},"title":"Paralisia de Bell: Entenda o que \u00e9 a doen\u00e7a de Fernanda Gentil","author":"noticiasribeiraopreto.com.br","date":"27 de February de 2024","format":false,"excerpt":"A jornalista Fernanda Gentil utilizou suas redes sociais para revelar que est\u00e1 com paralisia de Bell, uma condi\u00e7\u00e3o caracterizada pela paralisia ou enfraquecimento tempor\u00e1rio dos m\u00fasculos da face. Em um v\u00eddeo publicado em seu canal do YouTube, a apresentadora conta que, ap\u00f3s o Carnaval, foi buscar seu filho, Gabriel, no\u2026","rel":"","context":"In &quot;Not\u00edcias de Ribeir\u00e3o Preto-SP e Regi\u00e3o&quot;","block_context":{"text":"Not\u00edcias de Ribeir\u00e3o Preto-SP e Regi\u00e3o","link":"https:\/\/noticiasribeiraopreto.com.br\/index.php\/category\/noticias-de-ribeirao-preto-sp-e-regiao-ismael-colosi\/"},"img":{"alt_text":"","src":"https:\/\/i0.wp.com\/noticiasribeiraopreto.com.br\/wp-content\/uploads\/2024\/02\/Copia-de-Copia-de-TAMANHO-EXATO-PARA-FOTOS-NO-SISTEMA-NOVO-8.jpg?fit=1200%2C675&ssl=1&resize=350%2C200","width":350,"height":200,"srcset":"https:\/\/i0.wp.com\/noticiasribeiraopreto.com.br\/wp-content\/uploads\/2024\/02\/Copia-de-Copia-de-TAMANHO-EXATO-PARA-FOTOS-NO-SISTEMA-NOVO-8.jpg?fit=1200%2C675&ssl=1&resize=350%2C200 1x, https:\/\/i0.wp.com\/noticiasribeiraopreto.com.br\/wp-content\/uploads\/2024\/02\/Copia-de-Copia-de-TAMANHO-EXATO-PARA-FOTOS-NO-SISTEMA-NOVO-8.jpg?fit=1200%2C675&ssl=1&resize=525%2C300 1.5x, https:\/\/i0.wp.com\/noticiasribeiraopreto.com.br\/wp-content\/uploads\/2024\/02\/Copia-de-Copia-de-TAMANHO-EXATO-PARA-FOTOS-NO-SISTEMA-NOVO-8.jpg?fit=1200%2C675&ssl=1&resize=700%2C400 2x, https:\/\/i0.wp.com\/noticiasribeiraopreto.com.br\/wp-content\/uploads\/2024\/02\/Copia-de-Copia-de-TAMANHO-EXATO-PARA-FOTOS-NO-SISTEMA-NOVO-8.jpg?fit=1200%2C675&ssl=1&resize=1050%2C600 3x"},"classes":[]},{"id":45115,"url":"https:\/\/noticiasribeiraopreto.com.br\/index.php\/2024\/04\/02\/brasil-passa-a-adotar-esquema-de-dose-unica-contra-o-hpv\/","url_meta":{"origin":83281,"position":2},"title":"Brasil passa a adotar esquema de dose \u00fanica contra o HPV","author":"noticiasribeiraopreto.com.br","date":"2 de April de 2024","format":false,"excerpt":"2 de abril de 2024 | 13:002 de abril de 2024 | 10:14 0 A vacina\u00e7\u00e3o contra o HPV no Brasil, a partir de agora, passa a ser feita em dose \u00fanica. O an\u00fancio foi feito pela ministra da Sa\u00fade, N\u00edsia Trindade, na noite dessa segunda-feira (1\u00ba). At\u00e9 ent\u00e3o, o\u2026","rel":"","context":"In &quot;Not\u00edcias de Ribeir\u00e3o Preto-SP e Regi\u00e3o&quot;","block_context":{"text":"Not\u00edcias de Ribeir\u00e3o Preto-SP e Regi\u00e3o","link":"https:\/\/noticiasribeiraopreto.com.br\/index.php\/category\/noticias-de-ribeirao-preto-sp-e-regiao-ismael-colosi\/"},"img":{"alt_text":"","src":"https:\/\/i0.wp.com\/noticiasribeiraopreto.com.br\/wp-content\/uploads\/2024\/04\/da535cd8-81f0-48af-9454-afef34580402.jpg?fit=750%2C500&ssl=1&resize=350%2C200","width":350,"height":200,"srcset":"https:\/\/i0.wp.com\/noticiasribeiraopreto.com.br\/wp-content\/uploads\/2024\/04\/da535cd8-81f0-48af-9454-afef34580402.jpg?fit=750%2C500&ssl=1&resize=350%2C200 1x, https:\/\/i0.wp.com\/noticiasribeiraopreto.com.br\/wp-content\/uploads\/2024\/04\/da535cd8-81f0-48af-9454-afef34580402.jpg?fit=750%2C500&ssl=1&resize=525%2C300 1.5x, https:\/\/i0.wp.com\/noticiasribeiraopreto.com.br\/wp-content\/uploads\/2024\/04\/da535cd8-81f0-48af-9454-afef34580402.jpg?fit=750%2C500&ssl=1&resize=700%2C400 2x"},"classes":[]},{"id":62222,"url":"https:\/\/noticiasribeiraopreto.com.br\/index.php\/2025\/01\/07\/o-que-se-sabe-sobre-o-virus-respiratorio-que-deixou-autoridades-brasileiras-em-alerta\/","url_meta":{"origin":83281,"position":3},"title":"O que se sabe sobre o v\u00edrus respirat\u00f3rio que deixou autoridades brasileiras em alerta?","author":"noticiasribeiraopreto.com.br","date":"7 de January de 2025","format":false,"excerpt":"O Minist\u00e9rio da Sa\u00fade est\u00e1 atento ao surto de metapneumov\u00edrus humano (hMPV) na China, que tem causado infec\u00e7\u00f5es respirat\u00f3rias, principalmente em crian\u00e7as. O metapneumov\u00edrus humano foi identificado pela primeira vez em 2001. Pertencente \u00e0 mesma fam\u00edlia do v\u00edrus sincicial respirat\u00f3rio (VSR), o hMPV costuma provocar infec\u00e7\u00f5es respirat\u00f3rias leves, com sintomas\u2026","rel":"","context":"In &quot;Not\u00edcias de Ribeir\u00e3o Preto-SP e Regi\u00e3o&quot;","block_context":{"text":"Not\u00edcias de Ribeir\u00e3o Preto-SP e Regi\u00e3o","link":"https:\/\/noticiasribeiraopreto.com.br\/index.php\/category\/noticias-de-ribeirao-preto-sp-e-regiao-ismael-colosi\/"},"img":{"alt_text":"","src":"https:\/\/i0.wp.com\/noticiasribeiraopreto.com.br\/wp-content\/uploads\/2025\/01\/gripe_influenza_1200x675_09122021163220.jpg?fit=1200%2C675&ssl=1&resize=350%2C200","width":350,"height":200,"srcset":"https:\/\/i0.wp.com\/noticiasribeiraopreto.com.br\/wp-content\/uploads\/2025\/01\/gripe_influenza_1200x675_09122021163220.jpg?fit=1200%2C675&ssl=1&resize=350%2C200 1x, https:\/\/i0.wp.com\/noticiasribeiraopreto.com.br\/wp-content\/uploads\/2025\/01\/gripe_influenza_1200x675_09122021163220.jpg?fit=1200%2C675&ssl=1&resize=525%2C300 1.5x, https:\/\/i0.wp.com\/noticiasribeiraopreto.com.br\/wp-content\/uploads\/2025\/01\/gripe_influenza_1200x675_09122021163220.jpg?fit=1200%2C675&ssl=1&resize=700%2C400 2x, https:\/\/i0.wp.com\/noticiasribeiraopreto.com.br\/wp-content\/uploads\/2025\/01\/gripe_influenza_1200x675_09122021163220.jpg?fit=1200%2C675&ssl=1&resize=1050%2C600 3x"},"classes":[]},{"id":80048,"url":"https:\/\/noticiasribeiraopreto.com.br\/index.php\/2025\/11\/13\/usp-ribeirao-preto-busca-voluntarios-para-estudo-sobre-herpes\/","url_meta":{"origin":83281,"position":4},"title":"USP Ribeir\u00e3o Preto busca volunt\u00e1rios para estudo sobre herpes","author":"noticiasribeiraopreto.com.br","date":"13 de November de 2025","format":false,"excerpt":"Os pesquisadores da Forp (Faculdade de Odontologia de Ribeir\u00e3o Preto) e da FCFRP (Faculdade de Ci\u00eancias Farmac\u00eauticas) da USP (Universidade de S\u00e3o Paulo) est\u00e3o em busca de volunt\u00e1rios para um estudo cl\u00ednico sobre o tratamento de les\u00f5es por herpes simplex tipo 1. A pesquisa investiga a rela\u00e7\u00e3o entre a espessura\u2026","rel":"","context":"In &quot;Not\u00edcias de Ribeir\u00e3o Preto-SP e Regi\u00e3o&quot;","block_context":{"text":"Not\u00edcias de Ribeir\u00e3o Preto-SP e Regi\u00e3o","link":"https:\/\/noticiasribeiraopreto.com.br\/index.php\/category\/noticias-de-ribeirao-preto-sp-e-regiao-ismael-colosi\/"},"img":{"alt_text":"","src":"https:\/\/i0.wp.com\/noticiasribeiraopreto.com.br\/wp-content\/uploads\/2025\/09\/USP_2025-09-16_14-59-34.webp.webp?fit=1200%2C673&ssl=1&resize=350%2C200","width":350,"height":200,"srcset":"https:\/\/i0.wp.com\/noticiasribeiraopreto.com.br\/wp-content\/uploads\/2025\/09\/USP_2025-09-16_14-59-34.webp.webp?fit=1200%2C673&ssl=1&resize=350%2C200 1x, https:\/\/i0.wp.com\/noticiasribeiraopreto.com.br\/wp-content\/uploads\/2025\/09\/USP_2025-09-16_14-59-34.webp.webp?fit=1200%2C673&ssl=1&resize=525%2C300 1.5x, https:\/\/i0.wp.com\/noticiasribeiraopreto.com.br\/wp-content\/uploads\/2025\/09\/USP_2025-09-16_14-59-34.webp.webp?fit=1200%2C673&ssl=1&resize=700%2C400 2x, https:\/\/i0.wp.com\/noticiasribeiraopreto.com.br\/wp-content\/uploads\/2025\/09\/USP_2025-09-16_14-59-34.webp.webp?fit=1200%2C673&ssl=1&resize=1050%2C600 3x"},"classes":[]},{"id":20288,"url":"https:\/\/noticiasribeiraopreto.com.br\/index.php\/2023\/12\/24\/alguns-virus-aumentam-risco-de-demencia-diz-estudo-entenda-os-motivos\/","url_meta":{"origin":83281,"position":5},"title":"Alguns v\u00edrus aumentam risco de dem\u00eancia, diz estudo; entenda os motivos","author":"noticiasribeiraopreto.com.br","date":"24 de December de 2023","format":false,"excerpt":"Cr\u00e9ditos: Depositphotos\/katmoyOs resultados mostraram que alguns v\u00edrus est\u00e3o significativamente associados a um risco aumentado de doen\u00e7as neurodegenerativas, como a dem\u00eancia \u2013 iStock\/Getty Images O sistema imunol\u00f3gico, quando enfraquecido por uma infec\u00e7\u00e3o viral, representa um grande risco para a sa\u00fade. Especialmente de pessoas mais velhas.\u00a0\u00c9 por isso que, em casos graves,\u2026","rel":"","context":"In &quot;Variedades&quot;","block_context":{"text":"Variedades","link":"https:\/\/noticiasribeiraopreto.com.br\/index.php\/category\/variedades\/"},"img":{"alt_text":"","src":"https:\/\/i0.wp.com\/noticiasribeiraopreto.com.br\/wp-content\/uploads\/2023\/12\/istock-1140748326.jpg?fit=1200%2C638&ssl=1&resize=350%2C200","width":350,"height":200,"srcset":"https:\/\/i0.wp.com\/noticiasribeiraopreto.com.br\/wp-content\/uploads\/2023\/12\/istock-1140748326.jpg?fit=1200%2C638&ssl=1&resize=350%2C200 1x, https:\/\/i0.wp.com\/noticiasribeiraopreto.com.br\/wp-content\/uploads\/2023\/12\/istock-1140748326.jpg?fit=1200%2C638&ssl=1&resize=525%2C300 1.5x, https:\/\/i0.wp.com\/noticiasribeiraopreto.com.br\/wp-content\/uploads\/2023\/12\/istock-1140748326.jpg?fit=1200%2C638&ssl=1&resize=700%2C400 2x, https:\/\/i0.wp.com\/noticiasribeiraopreto.com.br\/wp-content\/uploads\/2023\/12\/istock-1140748326.jpg?fit=1200%2C638&ssl=1&resize=1050%2C600 3x"},"classes":[]}],"jetpack_sharing_enabled":true,"jetpack_shortlink":"https:\/\/wp.me\/peQAOb-lFf","_links":{"self":[{"href":"https:\/\/noticiasribeiraopreto.com.br\/index.php\/wp-json\/wp\/v2\/posts\/83281","targetHints":{"allow":["GET"]}}],"collection":[{"href":"https:\/\/noticiasribeiraopreto.com.br\/index.php\/wp-json\/wp\/v2\/posts"}],"about":[{"href":"https:\/\/noticiasribeiraopreto.com.br\/index.php\/wp-json\/wp\/v2\/types\/post"}],"author":[{"embeddable":true,"href":"https:\/\/noticiasribeiraopreto.com.br\/index.php\/wp-json\/wp\/v2\/users\/1"}],"replies":[{"embeddable":true,"href":"https:\/\/noticiasribeiraopreto.com.br\/index.php\/wp-json\/wp\/v2\/comments?post=83281"}],"version-history":[{"count":0,"href":"https:\/\/noticiasribeiraopreto.com.br\/index.php\/wp-json\/wp\/v2\/posts\/83281\/revisions"}],"wp:featuredmedia":[{"embeddable":true,"href":"https:\/\/noticiasribeiraopreto.com.br\/index.php\/wp-json\/wp\/v2\/media\/83282"}],"wp:attachment":[{"href":"https:\/\/noticiasribeiraopreto.com.br\/index.php\/wp-json\/wp\/v2\/media?parent=83281"}],"wp:term":[{"taxonomy":"category","embeddable":true,"href":"https:\/\/noticiasribeiraopreto.com.br\/index.php\/wp-json\/wp\/v2\/categories?post=83281"},{"taxonomy":"post_tag","embeddable":true,"href":"https:\/\/noticiasribeiraopreto.com.br\/index.php\/wp-json\/wp\/v2\/tags?post=83281"}],"curies":[{"name":"wp","href":"https:\/\/api.w.org\/{rel}","templated":true}]}}