{"id":83284,"date":"2026-03-15T10:26:50","date_gmt":"2026-03-15T13:26:50","guid":{"rendered":"https:\/\/noticiasribeiraopreto.com.br\/index.php\/2026\/03\/15\/financiamento-bilionario-sera-votado-nesta-segunda-feira-pela-camara-de-ribeirao-preto\/"},"modified":"2026-03-15T10:26:50","modified_gmt":"2026-03-15T13:26:50","slug":"financiamento-bilionario-sera-votado-nesta-segunda-feira-pela-camara-de-ribeirao-preto","status":"publish","type":"post","link":"https:\/\/noticiasribeiraopreto.com.br\/index.php\/2026\/03\/15\/financiamento-bilionario-sera-votado-nesta-segunda-feira-pela-camara-de-ribeirao-preto\/","title":{"rendered":"Financiamento bilion\u00e1rio ser\u00e1 votado nesta segunda-feira pela C\u00e2mara de Ribeir\u00e3o Preto"},"content":{"rendered":"<div class='code-block code-block-1' style='margin: 8px 0 8px auto; text-align: right; display: block; clear: both;'>\n<p><a href=\"https:\/\/wa.link\/vpicfd\"><img data-recalc-dims=\"1\" class=\"wp-image-4922\" style=\"aspect-ratio: 2.0253164556962027; width: 561px; height: auto;\" src=\"https:\/\/i0.wp.com\/ismaelcolosi.com.br\/wp-content\/uploads\/2023\/11\/grupo-de-empregos-whatsapp-e-facebook-ismael-colosi-vagas.jpg?ssl=1\" alt=\"\" \/><\/a><\/p>\n<!-- \/wp:image -->\n<\/div>\n<p> <br \/>\n<\/p>\n<div data-td-block-uid=\"tdi_95\">\n<div class=\"tdb-block-inner td-fix-index\">\n<p>A <strong><a href=\"https:\/\/www.camararibeiraopreto.sp.gov.br\/atividade-legislativa\/sessoes\/pautas\" data-type=\"link\" data-id=\"https:\/\/www.camararibeiraopreto.sp.gov.br\/atividade-legislativa\/sessoes\/pautas\" target=\"_blank\" rel=\"noopener\">C\u00e2mara de Ribeir\u00e3o Preto<\/a><\/strong> deve votar nesta segunda-feira (16) o projeto de lei que autoriza a prefeitura a contratar o financiamento de R$ 1.093.319.450,64 junto \u00e0<strong> Caixa Econ\u00f4mica Federal <\/strong>para constru\u00e7\u00e3o da avenida Tanquinho e duplica\u00e7\u00e3o da Rio Pardo, o chamado corredor de mobilidade Leste-Oeste.<\/p>\n<p>O cr\u00e9dito foi anunciado pelo presidente Luiz In\u00e1cio Lula da Silva (PT), em dezembro do ano passado, e faz parte do Programa Avan\u00e7ar Cidades \u2013 Mobilidade Urbana.<\/p>\n<p>Como contrapartida, a Prefeitura de Ribeir\u00e3o Preto deve investir R$ 57.543.128,99.\u00a0<\/p>\n<figure class=\"wp-block-image size-large\"><img data-recalc-dims=\"1\" fetchpriority=\"high\" decoding=\"async\" width=\"1024\" height=\"567\" src=\"https:\/\/i0.wp.com\/cdn.media-acidadeon.com.br\/ribeiraopreto\/wp-content\/uploads\/sites\/3\/2025\/12\/avenida-tanquinho_2025-12-19_20-05-51-1024x567.webp?resize=1024%2C567&#038;ssl=1\" alt=\"avenida tanquinho 2025 12 19 20 05 51\" class=\"wp-image-139941\" title=\"Financiamento bilion\u00e1rio ser\u00e1 votado nesta segunda-feira pela C\u00e2mara de Ribeir\u00e3o Preto 1\" srcset=\"https:\/\/cdn.media-acidadeon.com.br\/ribeiraopreto\/wp-content\/uploads\/sites\/3\/2025\/12\/avenida-tanquinho_2025-12-19_20-05-51-1024x567.webp 1024w, https:\/\/cdn.media-acidadeon.com.br\/ribeiraopreto\/wp-content\/uploads\/sites\/3\/2025\/12\/avenida-tanquinho_2025-12-19_20-05-51-300x166.webp 300w, https:\/\/cdn.media-acidadeon.com.br\/ribeiraopreto\/wp-content\/uploads\/sites\/3\/2025\/12\/avenida-tanquinho_2025-12-19_20-05-51-768x426.webp 768w, https:\/\/cdn.media-acidadeon.com.br\/ribeiraopreto\/wp-content\/uploads\/sites\/3\/2025\/12\/avenida-tanquinho_2025-12-19_20-05-51-696x386.webp 696w, https:\/\/cdn.media-acidadeon.com.br\/ribeiraopreto\/wp-content\/uploads\/sites\/3\/2025\/12\/avenida-tanquinho_2025-12-19_20-05-51-1068x592.webp 1068w, https:\/\/cdn.media-acidadeon.com.br\/ribeiraopreto\/wp-content\/uploads\/sites\/3\/2025\/12\/avenida-tanquinho_2025-12-19_20-05-51.webp 1184w\" sizes=\"(max-width: 1024px) 100vw, 1024px\"\/><figcaption class=\"wp-element-caption\">Projeto de implanta\u00e7\u00e3o da avenida Tanquinho (Foto: reprodu\u00e7\u00e3o)<\/figcaption><\/figure>\n<h2 class=\"wp-block-heading\"><strong>Condi\u00e7\u00f5es<\/strong><\/h2>\n<p>Segundo o projeto de lei, o financiamento bilion\u00e1rio tem taxa nominal de juros de 6% ao ano sobre o saldo devedor, acrescida de uma taxa de administra\u00e7\u00e3o de at\u00e9 2% ao ano, al\u00e9m de uma taxa de risco de at\u00e9 1% ao ano, pagos mensalmente, nas fases de car\u00eancia e amortiza\u00e7\u00e3o.<\/p>\n<p><mark style=\"background-color:#fcb900\" class=\"has-inline-color has-black-color\">O munic\u00edpio ter\u00e1 o prazo de 240 meses de amortiza\u00e7\u00e3o<\/mark>, ou seja, para pagar o financiamento.<\/p>\n<p>SAIBA MAIS<\/p>\n<p>Palmeiras procura cidade para construir novo CT da base em projeto de R$ 100 milh\u00f5es<\/p>\n<h3 class=\"wp-block-heading\"><strong>FIQUE ON<\/strong><\/h3>\n<p>Fique ligado em tudo que acontece em Ribeir\u00e3o Preto e regi\u00e3o. Siga os perfis do\u00a0<strong>acidade on<\/strong>\u00a0no\u00a0<a href=\"https:\/\/www.instagram.com\/acidadeonribeirao\" target=\"_blank\" rel=\"noreferrer noopener\">Instagram<\/a>\u00a0e no<a href=\"https:\/\/www.facebook.com\/acidadeonribeirao\/\" target=\"_blank\" rel=\"noreferrer noopener\">\u00a0Facebook<\/a>.<\/p>\n<p>Receba not\u00edcias do\u00a0<strong>acidade on<\/strong>\u00a0no WhatsApp. Para entrar no grupo,\u00a0basta\u00a0<a href=\"https:\/\/whatsapp.com\/channel\/0029Vb6IQl1JENyAeS57fk2p\" target=\"_blank\" rel=\"noreferrer noopener\">clicar aqui<\/a>. Ou, acesse o nosso\u00a0Canal\u00a0<a href=\"https:\/\/chat.whatsapp.com\/GFH9HUMUTHNFJdnyEd0xxq\" target=\"_blank\" rel=\"noreferrer noopener\">clicando aqui<\/a>.<\/p>\n<p>Fa\u00e7a uma den\u00fancia ou sugira uma reportagem sobre Ribeir\u00e3o Preto e regi\u00e3o pelo WhatsApp: 16 99117 7802.<\/p>\n<p>VEJA TAMB\u00c9M<\/p>\n<p>Sopas e cremes termog\u00eanicos: 10 receitas para ajudar a emagrecer no outono<\/p>\n<p><!-- AI CONTENT END 1 -->\n<\/div>\n<\/div>\n<p><script async src=\"\/\/www.instagram.com\/embed.js\"><\/script><br \/>\n<br \/><br \/>\n<br \/><a href=\"https:\/\/www.acidadeon.com\/ribeiraopreto\/politica\/nevio-archibald\/financiamento-bilionario-sera-votado-nesta-segunda-feira-pela-camara-de-ribeirao-preto\/\">Source link <\/a><\/p>\n<!-- CONTENT END 1 -->\n","protected":false},"excerpt":{"rendered":"<p>A C\u00e2mara de Ribeir\u00e3o Preto deve votar nesta segunda-feira (16) o projeto de lei que autoriza a prefeitura a contratar o financiamento de R$ 1.093.319.450,64&#8230;<\/p>\n","protected":false},"author":1,"featured_media":83285,"comment_status":"open","ping_status":"open","sticky":false,"template":"","format":"standard","meta":{"advanced_seo_description":"","jetpack_seo_html_title":"","jetpack_seo_noindex":false,"jetpack_post_was_ever_published":false,"_jetpack_newsletter_access":"","_jetpack_dont_email_post_to_subs":false,"_jetpack_newsletter_tier_id":0,"_jetpack_memberships_contains_paywalled_content":false,"_jetpack_memberships_contains_paid_content":false,"footnotes":"","jetpack_publicize_message":"","jetpack_publicize_feature_enabled":true,"jetpack_social_post_already_shared":true,"jetpack_social_options":{"image_generator_settings":{"template":"highway","default_image_id":0,"font":"","enabled":false},"version":2}},"categories":[11],"tags":[],"class_list":["post-83284","post","type-post","status-publish","format-standard","has-post-thumbnail","hentry","category-noticias-de-ribeirao-preto-sp-e-regiao-ismael-colosi"],"jetpack_publicize_connections":[],"jetpack_featured_media_url":"https:\/\/i0.wp.com\/noticiasribeiraopreto.com.br\/wp-content\/uploads\/2026\/03\/via-leste-oeste_2025-12-19_20-04-21.webp.webp?fit=1181%2C663&ssl=1","jetpack-related-posts":[{"id":83358,"url":"https:\/\/noticiasribeiraopreto.com.br\/index.php\/2026\/03\/17\/camara-aprova-financiamento-de-r-11-bilhao-para-obras-em-ribeirao-preto\/","url_meta":{"origin":83284,"position":0},"title":"C\u00e2mara aprova financiamento de R$ 1,1 bilh\u00e3o para obras em Ribeir\u00e3o Preto","author":"noticiasribeiraopreto.com.br","date":"17 de March de 2026","format":false,"excerpt":"A C\u00e2mara de Ribeir\u00e3o Preto aprovou, na \u00faltima segunda-feira (17), o projeto de lei que autoriza a prefeitura a contratar o financiamento de R$ 1.093.319.450,64 junto \u00e0 Caixa Econ\u00f4mica Federal para constru\u00e7\u00e3o da avenida Tanquinho e prolongamento da avenida Rio Pardo, o chamado corredor de mobilidade Leste-Oeste. A proposta foi\u2026","rel":"","context":"In &quot;Not\u00edcias de Ribeir\u00e3o Preto-SP e Regi\u00e3o&quot;","block_context":{"text":"Not\u00edcias de Ribeir\u00e3o Preto-SP e Regi\u00e3o","link":"https:\/\/noticiasribeiraopreto.com.br\/index.php\/category\/noticias-de-ribeirao-preto-sp-e-regiao-ismael-colosi\/"},"img":{"alt_text":"","src":"https:\/\/i0.wp.com\/noticiasribeiraopreto.com.br\/wp-content\/uploads\/2026\/03\/aprova-camara_2026-03-17_12-27-06.webp.webp?fit=1200%2C675&ssl=1&resize=350%2C200","width":350,"height":200,"srcset":"https:\/\/i0.wp.com\/noticiasribeiraopreto.com.br\/wp-content\/uploads\/2026\/03\/aprova-camara_2026-03-17_12-27-06.webp.webp?fit=1200%2C675&ssl=1&resize=350%2C200 1x, https:\/\/i0.wp.com\/noticiasribeiraopreto.com.br\/wp-content\/uploads\/2026\/03\/aprova-camara_2026-03-17_12-27-06.webp.webp?fit=1200%2C675&ssl=1&resize=525%2C300 1.5x, https:\/\/i0.wp.com\/noticiasribeiraopreto.com.br\/wp-content\/uploads\/2026\/03\/aprova-camara_2026-03-17_12-27-06.webp.webp?fit=1200%2C675&ssl=1&resize=700%2C400 2x, https:\/\/i0.wp.com\/noticiasribeiraopreto.com.br\/wp-content\/uploads\/2026\/03\/aprova-camara_2026-03-17_12-27-06.webp.webp?fit=1200%2C675&ssl=1&resize=1050%2C600 3x"},"classes":[]},{"id":84001,"url":"https:\/\/noticiasribeiraopreto.com.br\/index.php\/2026\/03\/30\/obras-das-avenidas-tanquinho-e-rio-pardo-devem-durar-48-meses\/","url_meta":{"origin":83284,"position":1},"title":"Obras das avenidas Tanquinho e Rio Pardo devem durar 48 meses","author":"noticiasribeiraopreto.com.br","date":"30 de March de 2026","format":false,"excerpt":"Ler o resumo da not\u00edcia Obras do corredor de mobilidade Leste-Oeste em Ribeir\u00e3o Preto ter\u00e3o dura\u00e7\u00e3o estimada de 48 meses. Projeto prev\u00ea interven\u00e7\u00f5es em mais de 27 km, com cria\u00e7\u00e3o da avenida Tanquinho (Leste) e prolongamento da Rio Pardo (Oeste). Financiamento federal de R$ 1,1 bilh\u00e3o faz parte do programa\u2026","rel":"","context":"In &quot;Not\u00edcias de Ribeir\u00e3o Preto-SP e Regi\u00e3o&quot;","block_context":{"text":"Not\u00edcias de Ribeir\u00e3o Preto-SP e Regi\u00e3o","link":"https:\/\/noticiasribeiraopreto.com.br\/index.php\/category\/noticias-de-ribeirao-preto-sp-e-regiao-ismael-colosi\/"},"img":{"alt_text":"","src":"https:\/\/i0.wp.com\/noticiasribeiraopreto.com.br\/wp-content\/uploads\/2025\/04\/Copia-de-Copia-de-Copia-de-TAMANHO-EXATO-PARA-FOTOS-NO-SISTEMA-NOVO-2025-04-14T161228.899_2025-04-14_19-17-20_png_2025-04-14_19-17-20.webp.webp?fit=1200%2C675&ssl=1&resize=350%2C200","width":350,"height":200,"srcset":"https:\/\/i0.wp.com\/noticiasribeiraopreto.com.br\/wp-content\/uploads\/2025\/04\/Copia-de-Copia-de-Copia-de-TAMANHO-EXATO-PARA-FOTOS-NO-SISTEMA-NOVO-2025-04-14T161228.899_2025-04-14_19-17-20_png_2025-04-14_19-17-20.webp.webp?fit=1200%2C675&ssl=1&resize=350%2C200 1x, https:\/\/i0.wp.com\/noticiasribeiraopreto.com.br\/wp-content\/uploads\/2025\/04\/Copia-de-Copia-de-Copia-de-TAMANHO-EXATO-PARA-FOTOS-NO-SISTEMA-NOVO-2025-04-14T161228.899_2025-04-14_19-17-20_png_2025-04-14_19-17-20.webp.webp?fit=1200%2C675&ssl=1&resize=525%2C300 1.5x, https:\/\/i0.wp.com\/noticiasribeiraopreto.com.br\/wp-content\/uploads\/2025\/04\/Copia-de-Copia-de-Copia-de-TAMANHO-EXATO-PARA-FOTOS-NO-SISTEMA-NOVO-2025-04-14T161228.899_2025-04-14_19-17-20_png_2025-04-14_19-17-20.webp.webp?fit=1200%2C675&ssl=1&resize=700%2C400 2x, https:\/\/i0.wp.com\/noticiasribeiraopreto.com.br\/wp-content\/uploads\/2025\/04\/Copia-de-Copia-de-Copia-de-TAMANHO-EXATO-PARA-FOTOS-NO-SISTEMA-NOVO-2025-04-14T161228.899_2025-04-14_19-17-20_png_2025-04-14_19-17-20.webp.webp?fit=1200%2C675&ssl=1&resize=1050%2C600 3x"},"classes":[]},{"id":63506,"url":"https:\/\/noticiasribeiraopreto.com.br\/index.php\/2025\/02\/14\/camara-libera-financiamento-de-ate-r-20-milhoes-do-novo-pac-para-ribeirao-preto\/","url_meta":{"origin":83284,"position":2},"title":"C\u00e2mara libera financiamento de at\u00e9 R$ 20 milh\u00f5es do Novo PAC para Ribeir\u00e3o Preto","author":"noticiasribeiraopreto.com.br","date":"14 de February de 2025","format":false,"excerpt":"A C\u00e2mara de Ribeir\u00e3o Preto aprovou na \u00faltima quinta-feira (13) projeto de lei que autoriza a prefeitura a contratar financiamento de at\u00e9 R$ 20.183.110,74 pelo Novo PAC (Programa de Acelera\u00e7\u00e3o do Crescimento). Os recursos ser\u00e3o utilizados para implanta\u00e7\u00e3o de redes de abastecimento. A proposta recebeu 21 votos favor\u00e1veis dos vereadores\u2026","rel":"","context":"In &quot;Not\u00edcias de Ribeir\u00e3o Preto-SP e Regi\u00e3o&quot;","block_context":{"text":"Not\u00edcias de Ribeir\u00e3o Preto-SP e Regi\u00e3o","link":"https:\/\/noticiasribeiraopreto.com.br\/index.php\/category\/noticias-de-ribeirao-preto-sp-e-regiao-ismael-colosi\/"},"img":{"alt_text":"","src":"https:\/\/i0.wp.com\/noticiasribeiraopreto.com.br\/wp-content\/uploads\/2025\/02\/implantacao-rede-ribeirao_2025-02-14_17-41-48_jpg_2025-02-14_17-41-48.webp.webp?fit=1000%2C666&ssl=1&resize=350%2C200","width":350,"height":200,"srcset":"https:\/\/i0.wp.com\/noticiasribeiraopreto.com.br\/wp-content\/uploads\/2025\/02\/implantacao-rede-ribeirao_2025-02-14_17-41-48_jpg_2025-02-14_17-41-48.webp.webp?fit=1000%2C666&ssl=1&resize=350%2C200 1x, https:\/\/i0.wp.com\/noticiasribeiraopreto.com.br\/wp-content\/uploads\/2025\/02\/implantacao-rede-ribeirao_2025-02-14_17-41-48_jpg_2025-02-14_17-41-48.webp.webp?fit=1000%2C666&ssl=1&resize=525%2C300 1.5x, https:\/\/i0.wp.com\/noticiasribeiraopreto.com.br\/wp-content\/uploads\/2025\/02\/implantacao-rede-ribeirao_2025-02-14_17-41-48_jpg_2025-02-14_17-41-48.webp.webp?fit=1000%2C666&ssl=1&resize=700%2C400 2x"},"classes":[]},{"id":63527,"url":"https:\/\/noticiasribeiraopreto.com.br\/index.php\/2025\/02\/14\/prefeitura-de-ribeirao-preto-quer-financiar-avenida-do-tanquinho-com-novo-pac\/","url_meta":{"origin":83284,"position":3},"title":"Prefeitura de Ribeir\u00e3o Preto quer financiar avenida do Tanquinho com Novo PAC","author":"noticiasribeiraopreto.com.br","date":"14 de February de 2025","format":false,"excerpt":"O prefeito de Ribeir\u00e3o Preto, Ricardo Silva (PSD), e o secret\u00e1rio Nacional de Mobilidade Urbana do Minist\u00e9rio das Cidades, Denis Andia, discutiram nesta sexta-feira (14) a inclus\u00e3o dos projetos para constru\u00e7\u00e3o da avenida Tanquinho e revitaliza\u00e7\u00e3o da avenida Rio Pardo no Novo PAC (Plano de Acelera\u00e7\u00e3o do Crescimento) do Governo\u2026","rel":"","context":"In &quot;Not\u00edcias de Ribeir\u00e3o Preto-SP e Regi\u00e3o&quot;","block_context":{"text":"Not\u00edcias de Ribeir\u00e3o Preto-SP e Regi\u00e3o","link":"https:\/\/noticiasribeiraopreto.com.br\/index.php\/category\/noticias-de-ribeirao-preto-sp-e-regiao-ismael-colosi\/"},"img":{"alt_text":"","src":"https:\/\/i0.wp.com\/noticiasribeiraopreto.com.br\/wp-content\/uploads\/2025\/02\/novo-pac-foto_2025-02-14_20-42-46_jpg_2025-02-14_20-42-46.webp.webp?fit=1200%2C800&ssl=1&resize=350%2C200","width":350,"height":200,"srcset":"https:\/\/i0.wp.com\/noticiasribeiraopreto.com.br\/wp-content\/uploads\/2025\/02\/novo-pac-foto_2025-02-14_20-42-46_jpg_2025-02-14_20-42-46.webp.webp?fit=1200%2C800&ssl=1&resize=350%2C200 1x, https:\/\/i0.wp.com\/noticiasribeiraopreto.com.br\/wp-content\/uploads\/2025\/02\/novo-pac-foto_2025-02-14_20-42-46_jpg_2025-02-14_20-42-46.webp.webp?fit=1200%2C800&ssl=1&resize=525%2C300 1.5x, https:\/\/i0.wp.com\/noticiasribeiraopreto.com.br\/wp-content\/uploads\/2025\/02\/novo-pac-foto_2025-02-14_20-42-46_jpg_2025-02-14_20-42-46.webp.webp?fit=1200%2C800&ssl=1&resize=700%2C400 2x, https:\/\/i0.wp.com\/noticiasribeiraopreto.com.br\/wp-content\/uploads\/2025\/02\/novo-pac-foto_2025-02-14_20-42-46_jpg_2025-02-14_20-42-46.webp.webp?fit=1200%2C800&ssl=1&resize=1050%2C600 3x"},"classes":[]},{"id":84307,"url":"https:\/\/noticiasribeiraopreto.com.br\/index.php\/2026\/04\/07\/entenda-por-que-politica-de-prevencao-as-enchentes-em-ribeirao-preto-foi-vetada\/","url_meta":{"origin":83284,"position":4},"title":"Entenda por que pol\u00edtica de preven\u00e7\u00e3o \u00e0s enchentes em Ribeir\u00e3o Preto foi vetada","author":"noticiasribeiraopreto.com.br","date":"7 de April de 2026","format":false,"excerpt":"Ler o resumo da not\u00edcia Entenda por que pol\u00edtica de preven\u00e7\u00e3o \u00e0s enchentes em Ribeir\u00e3o Preto foi vetada A C\u00e2mara de Ribeir\u00e3o Preto acolheu, na sess\u00e3o de segunda-feira (6), o veto da prefeitura ao projeto de lei que prop\u00f5e a Pol\u00edtica Municipal de Preven\u00e7\u00e3o \u00e0s Enchentes. Segundo o Executivo, a\u2026","rel":"","context":"In &quot;Not\u00edcias de Ribeir\u00e3o Preto-SP e Regi\u00e3o&quot;","block_context":{"text":"Not\u00edcias de Ribeir\u00e3o Preto-SP e Regi\u00e3o","link":"https:\/\/noticiasribeiraopreto.com.br\/index.php\/category\/noticias-de-ribeirao-preto-sp-e-regiao-ismael-colosi\/"},"img":{"alt_text":"","src":"https:\/\/i0.wp.com\/noticiasribeiraopreto.com.br\/wp-content\/uploads\/2026\/04\/WhatsApp-Image-2026-02-12-at-06.55.45_2026-02-12_10-20-47.webp.webp?fit=1200%2C675&ssl=1&resize=350%2C200","width":350,"height":200,"srcset":"https:\/\/i0.wp.com\/noticiasribeiraopreto.com.br\/wp-content\/uploads\/2026\/04\/WhatsApp-Image-2026-02-12-at-06.55.45_2026-02-12_10-20-47.webp.webp?fit=1200%2C675&ssl=1&resize=350%2C200 1x, https:\/\/i0.wp.com\/noticiasribeiraopreto.com.br\/wp-content\/uploads\/2026\/04\/WhatsApp-Image-2026-02-12-at-06.55.45_2026-02-12_10-20-47.webp.webp?fit=1200%2C675&ssl=1&resize=525%2C300 1.5x, https:\/\/i0.wp.com\/noticiasribeiraopreto.com.br\/wp-content\/uploads\/2026\/04\/WhatsApp-Image-2026-02-12-at-06.55.45_2026-02-12_10-20-47.webp.webp?fit=1200%2C675&ssl=1&resize=700%2C400 2x, https:\/\/i0.wp.com\/noticiasribeiraopreto.com.br\/wp-content\/uploads\/2026\/04\/WhatsApp-Image-2026-02-12-at-06.55.45_2026-02-12_10-20-47.webp.webp?fit=1200%2C675&ssl=1&resize=1050%2C600 3x"},"classes":[]},{"id":894,"url":"https:\/\/noticiasribeiraopreto.com.br\/index.php\/2023\/11\/09\/rp-vereadores-aprovam-credito-de-r-202-mi\/","url_meta":{"origin":83284,"position":5},"title":"RP: vereadores aprovam\u00a0cr\u00e9dito de R$ 20,2 mi \u00a0","author":"noticiasribeiraopreto.com.br","date":"9 de November de 2023","format":false,"excerpt":"9 de novembro de 2023 | 14:009 de novembro de 2023 | 11:32 0A C\u00e2mara de Vereadores aprovou, na sess\u00e3o ordin\u00e1ria de ter\u00e7a-feira, 7 de novembro, dois projetos de lei do Executivo que autorizam a abertura de cr\u00e9dito da prefeitura de Ribeir\u00e3o Preto com as secretarias municipais da Sa\u00fade e\u2026","rel":"","context":"In &quot;Not\u00edcias de Ribeir\u00e3o Preto-SP e Regi\u00e3o&quot;","block_context":{"text":"Not\u00edcias de Ribeir\u00e3o Preto-SP e Regi\u00e3o","link":"https:\/\/noticiasribeiraopreto.com.br\/index.php\/category\/noticias-de-ribeirao-preto-sp-e-regiao-ismael-colosi\/"},"img":{"alt_text":"","src":"https:\/\/i0.wp.com\/noticiasribeiraopreto.com.br\/wp-content\/uploads\/2023\/11\/verba-scaled.jpg?fit=967%2C645&ssl=1&resize=350%2C200","width":350,"height":200,"srcset":"https:\/\/i0.wp.com\/noticiasribeiraopreto.com.br\/wp-content\/uploads\/2023\/11\/verba-scaled.jpg?fit=967%2C645&ssl=1&resize=350%2C200 1x, https:\/\/i0.wp.com\/noticiasribeiraopreto.com.br\/wp-content\/uploads\/2023\/11\/verba-scaled.jpg?fit=967%2C645&ssl=1&resize=525%2C300 1.5x, https:\/\/i0.wp.com\/noticiasribeiraopreto.com.br\/wp-content\/uploads\/2023\/11\/verba-scaled.jpg?fit=967%2C645&ssl=1&resize=700%2C400 2x"},"classes":[]}],"jetpack_sharing_enabled":true,"jetpack_shortlink":"https:\/\/wp.me\/peQAOb-lFi","_links":{"self":[{"href":"https:\/\/noticiasribeiraopreto.com.br\/index.php\/wp-json\/wp\/v2\/posts\/83284","targetHints":{"allow":["GET"]}}],"collection":[{"href":"https:\/\/noticiasribeiraopreto.com.br\/index.php\/wp-json\/wp\/v2\/posts"}],"about":[{"href":"https:\/\/noticiasribeiraopreto.com.br\/index.php\/wp-json\/wp\/v2\/types\/post"}],"author":[{"embeddable":true,"href":"https:\/\/noticiasribeiraopreto.com.br\/index.php\/wp-json\/wp\/v2\/users\/1"}],"replies":[{"embeddable":true,"href":"https:\/\/noticiasribeiraopreto.com.br\/index.php\/wp-json\/wp\/v2\/comments?post=83284"}],"version-history":[{"count":0,"href":"https:\/\/noticiasribeiraopreto.com.br\/index.php\/wp-json\/wp\/v2\/posts\/83284\/revisions"}],"wp:featuredmedia":[{"embeddable":true,"href":"https:\/\/noticiasribeiraopreto.com.br\/index.php\/wp-json\/wp\/v2\/media\/83285"}],"wp:attachment":[{"href":"https:\/\/noticiasribeiraopreto.com.br\/index.php\/wp-json\/wp\/v2\/media?parent=83284"}],"wp:term":[{"taxonomy":"category","embeddable":true,"href":"https:\/\/noticiasribeiraopreto.com.br\/index.php\/wp-json\/wp\/v2\/categories?post=83284"},{"taxonomy":"post_tag","embeddable":true,"href":"https:\/\/noticiasribeiraopreto.com.br\/index.php\/wp-json\/wp\/v2\/tags?post=83284"}],"curies":[{"name":"wp","href":"https:\/\/api.w.org\/{rel}","templated":true}]}}