{"id":83286,"date":"2026-03-15T10:34:24","date_gmt":"2026-03-15T13:34:24","guid":{"rendered":"https:\/\/noticiasribeiraopreto.com.br\/index.php\/2026\/03\/15\/veja-o-que-se-sabe-sobre-a-primeira-massa-de-ar-polar-intensa-do-outono-2026\/"},"modified":"2026-03-15T10:34:24","modified_gmt":"2026-03-15T13:34:24","slug":"veja-o-que-se-sabe-sobre-a-primeira-massa-de-ar-polar-intensa-do-outono-2026","status":"publish","type":"post","link":"https:\/\/noticiasribeiraopreto.com.br\/index.php\/2026\/03\/15\/veja-o-que-se-sabe-sobre-a-primeira-massa-de-ar-polar-intensa-do-outono-2026\/","title":{"rendered":"Veja o que se sabe sobre a primeira massa de ar polar intensa do outono 2026"},"content":{"rendered":"<div class='code-block code-block-1' style='margin: 8px 0 8px auto; text-align: right; display: block; clear: both;'>\n<p><a href=\"https:\/\/wa.link\/vpicfd\"><img data-recalc-dims=\"1\" class=\"wp-image-4922\" style=\"aspect-ratio: 2.0253164556962027; width: 561px; height: auto;\" src=\"https:\/\/i0.wp.com\/ismaelcolosi.com.br\/wp-content\/uploads\/2023\/11\/grupo-de-empregos-whatsapp-e-facebook-ismael-colosi-vagas.jpg?ssl=1\" alt=\"\" \/><\/a><\/p>\n<!-- \/wp:image -->\n<\/div>\n<p> <br \/>\n<\/p>\n<div>\n<p><strong>A Climatempo divulgou nesta semana que a primeira massa de ar polar intensa do outono de 2026 est\u00e1 prevista no Brasil na virada de maio para junho. <\/strong>A <strong>nova esta\u00e7\u00e3o <\/strong>tem <strong>in\u00edcio oficialmente \u00e0s 11h45<\/strong> da pr\u00f3xima <strong>sexta-feira (20)<\/strong>.<\/p>\n<p>Segundo a <a href=\"https:\/\/www.climatempo.com.br\/\" data-type=\"link\" data-id=\"https:\/\/www.climatempo.com.br\/\" target=\"_blank\" rel=\"noopener\">Climatempo<\/a>, <mark style=\"background-color:#fcb900\" class=\"has-inline-color has-black-color\">o estado de S\u00e3o Paulo pode sentir os efeitos dessa massa de ar polar, pois est\u00e3o previstas temperaturas m\u00ednimas em torno dos 10\u00b0C na cidade de S\u00e3o Paulo.<\/mark> H\u00e1 <strong>possibilidade <\/strong>de <strong>frio <\/strong>mais <strong>acentuado <\/strong>e <strong>geada <\/strong>em <strong>\u00e1reas <\/strong>do <strong>Sul <\/strong>do <strong>Brasil<\/strong>.<\/p>\n<h2 class=\"wp-block-heading\"><strong>Outono come\u00e7a com tempo abafado<\/strong><\/h2>\n<p>A meteorologista Jos\u00e9lia Pegorim explica que a recente queda de temperatura em \u00e1reas do Sul e Sudeste n\u00e3o significa que o outono vai come\u00e7ar mais cedo neste ano.<\/p>\n<p>\u201cA tend\u00eancia \u00e9 de aquecimento no Sul, Sudeste e Centro-Oeste do Brasil durante a \u00faltima semana do ver\u00e3o e na primeira semana do outono de 2026, com o afastamento do ar polar e a diminui\u00e7\u00e3o da chuva. O outono deve come\u00e7ar abafado e com pancadas de chuva na maior parte do pa\u00eds\u201d, disse.<\/p>\n<p>Conforme a meteorologista, n\u00e3o h\u00e1 expectativa de avan\u00e7o de ar frio intenso sobre o Brasil no m\u00eas de abril.<\/p>\n<p>O clima de ver\u00e3o, mais abafado e com pancadas de chuva, ainda deve ser o padr\u00e3o no in\u00edcio do outono. Somente em maio, a temperatura deve cair de forma mais expressiva, com a diminui\u00e7\u00e3o da quantidade de horas de sol, segundo divulgou a Climatempo.<\/p>\n<p>A Climatempo, contudo, ressalta que previs\u00e3o para a chegada da primeira massa de ar polar intensa foi feita de longo prazo e ainda deve sofrer ajustes.<\/p>\n<p>SAIBA MAIS<\/p>\n<p>Ribeir\u00e3o Preto fica sob forte neblina e registra reflexos no aeroporto; Veja previs\u00e3o<\/p>\n<h3 class=\"wp-block-heading\"><strong>FIQUE ON<\/strong><\/h3>\n<p>Fique ligado em tudo que acontece em Ribeir\u00e3o Preto e regi\u00e3o. Siga os perfis do\u00a0<strong>acidade on<\/strong>\u00a0no\u00a0<a href=\"https:\/\/www.instagram.com\/acidadeonribeirao\" target=\"_blank\" rel=\"noreferrer noopener\">Instagram<\/a>\u00a0e no<a href=\"https:\/\/www.facebook.com\/acidadeonribeirao\/\" target=\"_blank\" rel=\"noreferrer noopener\">\u00a0Facebook<\/a>.<\/p>\n<p>Receba not\u00edcias do\u00a0<strong>acidade on<\/strong>\u00a0no WhatsApp. Para entrar no grupo,\u00a0basta\u00a0<a href=\"https:\/\/whatsapp.com\/channel\/0029Vb6IQl1JENyAeS57fk2p\" target=\"_blank\" rel=\"noreferrer noopener\">clicar aqui<\/a>. Ou, acesse o nosso\u00a0Canal\u00a0<a href=\"https:\/\/chat.whatsapp.com\/GFH9HUMUTHNFJdnyEd0xxq\" target=\"_blank\" rel=\"noreferrer noopener\">clicando aqui<\/a>.<\/p>\n<p>Fa\u00e7a uma den\u00fancia ou sugira uma reportagem sobre Ribeir\u00e3o Preto e regi\u00e3o pelo WhatsApp: 16 99117 7802.<\/p>\n<p>VEJA TAMB\u00c9M<\/p>\n<p>Sopas e cremes termog\u00eanicos: 10 receitas para ajudar a emagrecer no outono<\/p>\n<p><!-- AI CONTENT END 1 -->\n<\/div>\n<p><script async src=\"\/\/www.instagram.com\/embed.js\"><\/script><br \/>\n<br \/><br \/>\n<br \/><a href=\"https:\/\/www.acidadeon.com\/ribeiraopreto\/cotidiano\/veja-o-que-se-sabe-sobre-a-primeira-massa-de-ar-polar-intensa-do-outono-2026\/\">Source link <\/a><\/p>\n<!-- CONTENT END 1 -->\n","protected":false},"excerpt":{"rendered":"<p>A Climatempo divulgou nesta semana que a primeira massa de ar polar intensa do outono de 2026 est\u00e1 prevista no Brasil na virada de maio&#8230;<\/p>\n","protected":false},"author":1,"featured_media":74700,"comment_status":"open","ping_status":"open","sticky":false,"template":"","format":"standard","meta":{"advanced_seo_description":"","jetpack_seo_html_title":"","jetpack_seo_noindex":false,"jetpack_post_was_ever_published":false,"_jetpack_newsletter_access":"","_jetpack_dont_email_post_to_subs":false,"_jetpack_newsletter_tier_id":0,"_jetpack_memberships_contains_paywalled_content":false,"_jetpack_memberships_contains_paid_content":false,"footnotes":"","jetpack_publicize_message":"","jetpack_publicize_feature_enabled":true,"jetpack_social_post_already_shared":true,"jetpack_social_options":{"image_generator_settings":{"template":"highway","default_image_id":0,"font":"","enabled":false},"version":2}},"categories":[11],"tags":[],"class_list":["post-83286","post","type-post","status-publish","format-standard","has-post-thumbnail","hentry","category-noticias-de-ribeirao-preto-sp-e-regiao-ismael-colosi"],"jetpack_publicize_connections":[],"jetpack_featured_media_url":"https:\/\/i0.wp.com\/noticiasribeiraopreto.com.br\/wp-content\/uploads\/2025\/07\/frio-df_mcamgo_abr_110820221818-4_2024-07-08_17-50-52_jpg_2024-07-08_17-50-54-1024x683.webp.webp?fit=1024%2C683&ssl=1","jetpack-related-posts":[{"id":66035,"url":"https:\/\/noticiasribeiraopreto.com.br\/index.php\/2025\/03\/27\/frente-fria-intensa-vai-trazer-primeiro-frio-do-outono-veja-previsao-no-estado-de-sp\/","url_meta":{"origin":83286,"position":0},"title":"Frente fria intensa vai trazer primeiro frio do outono; Veja previs\u00e3o no estado de SP","author":"noticiasribeiraopreto.com.br","date":"27 de March de 2025","format":false,"excerpt":"Uma forte frente fria que se forma entre a Argentina e o Uruguai, na pr\u00f3xima segunda-feira (31), deve abrir caminho para a entrada da massa de ar polar, com o primeiro pico de frio do outono previsto para o in\u00edcio de abril em \u00e1reas do Sul, Centro-Oeste e Sudeste. A\u2026","rel":"","context":"In &quot;Not\u00edcias de Ribeir\u00e3o Preto-SP e Regi\u00e3o&quot;","block_context":{"text":"Not\u00edcias de Ribeir\u00e3o Preto-SP e Regi\u00e3o","link":"https:\/\/noticiasribeiraopreto.com.br\/index.php\/category\/noticias-de-ribeirao-preto-sp-e-regiao-ismael-colosi\/"},"img":{"alt_text":"","src":"https:\/\/i0.wp.com\/noticiasribeiraopreto.com.br\/wp-content\/uploads\/2024\/08\/frio-df_mcamgo_abr_110820221818-4_2024-07-08_17-50-52_jpg_2024-07-08_17-50-54-scaled.webp.webp?fit=1200%2C800&ssl=1&resize=350%2C200","width":350,"height":200,"srcset":"https:\/\/i0.wp.com\/noticiasribeiraopreto.com.br\/wp-content\/uploads\/2024\/08\/frio-df_mcamgo_abr_110820221818-4_2024-07-08_17-50-52_jpg_2024-07-08_17-50-54-scaled.webp.webp?fit=1200%2C800&ssl=1&resize=350%2C200 1x, https:\/\/i0.wp.com\/noticiasribeiraopreto.com.br\/wp-content\/uploads\/2024\/08\/frio-df_mcamgo_abr_110820221818-4_2024-07-08_17-50-52_jpg_2024-07-08_17-50-54-scaled.webp.webp?fit=1200%2C800&ssl=1&resize=525%2C300 1.5x, https:\/\/i0.wp.com\/noticiasribeiraopreto.com.br\/wp-content\/uploads\/2024\/08\/frio-df_mcamgo_abr_110820221818-4_2024-07-08_17-50-52_jpg_2024-07-08_17-50-54-scaled.webp.webp?fit=1200%2C800&ssl=1&resize=700%2C400 2x, https:\/\/i0.wp.com\/noticiasribeiraopreto.com.br\/wp-content\/uploads\/2024\/08\/frio-df_mcamgo_abr_110820221818-4_2024-07-08_17-50-52_jpg_2024-07-08_17-50-54-scaled.webp.webp?fit=1200%2C800&ssl=1&resize=1050%2C600 3x"},"classes":[]},{"id":46862,"url":"https:\/\/noticiasribeiraopreto.com.br\/index.php\/2024\/04\/15\/entenda-como-sera-a-onda-de-frio-veja-as-temperaturas-no-interior-de-sp\/","url_meta":{"origin":83286,"position":1},"title":"Entenda como ser\u00e1 a onda de frio; Veja as temperaturas no interior de SP","author":"noticiasribeiraopreto.com.br","date":"15 de April de 2024","format":false,"excerpt":"Uma massa de ar de origem polar deve causar a primeira queda de temperatura acentuada do outono nos pr\u00f3ximos dias. Segundo a Climatempo, a frente fria se forma nesta ter\u00e7a-feira (16) entre o Brasil, o Uruguai e a Argentina, e est\u00e1 associada a um intenso ciclone extratropical \u2013 que n\u00e3o\u2026","rel":"","context":"In &quot;Not\u00edcias de Ribeir\u00e3o Preto-SP e Regi\u00e3o&quot;","block_context":{"text":"Not\u00edcias de Ribeir\u00e3o Preto-SP e Regi\u00e3o","link":"https:\/\/noticiasribeiraopreto.com.br\/index.php\/category\/noticias-de-ribeirao-preto-sp-e-regiao-ismael-colosi\/"},"img":{"alt_text":"","src":"https:\/\/i0.wp.com\/noticiasribeiraopreto.com.br\/wp-content\/uploads\/2024\/04\/frio_ribeirao_1024x576_30062021063120.jpg?fit=1024%2C576&ssl=1&resize=350%2C200","width":350,"height":200,"srcset":"https:\/\/i0.wp.com\/noticiasribeiraopreto.com.br\/wp-content\/uploads\/2024\/04\/frio_ribeirao_1024x576_30062021063120.jpg?fit=1024%2C576&ssl=1&resize=350%2C200 1x, https:\/\/i0.wp.com\/noticiasribeiraopreto.com.br\/wp-content\/uploads\/2024\/04\/frio_ribeirao_1024x576_30062021063120.jpg?fit=1024%2C576&ssl=1&resize=525%2C300 1.5x, https:\/\/i0.wp.com\/noticiasribeiraopreto.com.br\/wp-content\/uploads\/2024\/04\/frio_ribeirao_1024x576_30062021063120.jpg?fit=1024%2C576&ssl=1&resize=700%2C400 2x"},"classes":[]},{"id":70308,"url":"https:\/\/noticiasribeiraopreto.com.br\/index.php\/2025\/05\/24\/onda-de-frio-veja-quando-a-massa-de-ar-polar-chega-ao-estado-de-sp\/","url_meta":{"origin":83286,"position":2},"title":"Onda de frio: Veja quando a massa de ar polar chega ao estado de SP","author":"noticiasribeiraopreto.com.br","date":"24 de May de 2025","format":false,"excerpt":"A primeira onda de frio de 2025 j\u00e1 tem data para chegar, de acordo com a Climatempo. Os meteorologistas apontam que a chegada de ar polar muito intenso sobre a Am\u00e9rica do Sul vai provocar uma virada de tempo entre o fim de maio e o in\u00edcio de junho. Contudo,\u2026","rel":"","context":"In &quot;Not\u00edcias de Ribeir\u00e3o Preto-SP e Regi\u00e3o&quot;","block_context":{"text":"Not\u00edcias de Ribeir\u00e3o Preto-SP e Regi\u00e3o","link":"https:\/\/noticiasribeiraopreto.com.br\/index.php\/category\/noticias-de-ribeirao-preto-sp-e-regiao-ismael-colosi\/"},"img":{"alt_text":"","src":"https:\/\/i0.wp.com\/noticiasribeiraopreto.com.br\/wp-content\/uploads\/2024\/08\/AnyConv.com__onda-de-frio_2024-07-05_16-31-44.webp.webp?fit=1200%2C800&ssl=1&resize=350%2C200","width":350,"height":200,"srcset":"https:\/\/i0.wp.com\/noticiasribeiraopreto.com.br\/wp-content\/uploads\/2024\/08\/AnyConv.com__onda-de-frio_2024-07-05_16-31-44.webp.webp?fit=1200%2C800&ssl=1&resize=350%2C200 1x, https:\/\/i0.wp.com\/noticiasribeiraopreto.com.br\/wp-content\/uploads\/2024\/08\/AnyConv.com__onda-de-frio_2024-07-05_16-31-44.webp.webp?fit=1200%2C800&ssl=1&resize=525%2C300 1.5x, https:\/\/i0.wp.com\/noticiasribeiraopreto.com.br\/wp-content\/uploads\/2024\/08\/AnyConv.com__onda-de-frio_2024-07-05_16-31-44.webp.webp?fit=1200%2C800&ssl=1&resize=700%2C400 2x, https:\/\/i0.wp.com\/noticiasribeiraopreto.com.br\/wp-content\/uploads\/2024\/08\/AnyConv.com__onda-de-frio_2024-07-05_16-31-44.webp.webp?fit=1200%2C800&ssl=1&resize=1050%2C600 3x"},"classes":[]},{"id":66140,"url":"https:\/\/noticiasribeiraopreto.com.br\/index.php\/2025\/03\/28\/quatro-massas-de-ar-frio-estao-previstas-no-mes-de-abril-veja-previsao-no-estado-de-sp\/","url_meta":{"origin":83286,"position":3},"title":"Quatro massas de ar frio est\u00e3o previstas no m\u00eas de abril; Veja previs\u00e3o no estado de SP","author":"noticiasribeiraopreto.com.br","date":"28 de March de 2025","format":false,"excerpt":"O m\u00eas de abril, que come\u00e7a na pr\u00f3xima ter\u00e7a-feira, tem previs\u00e3o de quatro massas de ar frio e ao menos tr\u00eas delas podem chegar ao estado de S\u00e3o Paulo. Segundo a Climatempo, na primeira quinzena est\u00e3o previstas tr\u00eas massas de ar de origem polar. A meteorologista Jos\u00e9lia Pegorim diz que\u2026","rel":"","context":"In &quot;Not\u00edcias de Ribeir\u00e3o Preto-SP e Regi\u00e3o&quot;","block_context":{"text":"Not\u00edcias de Ribeir\u00e3o Preto-SP e Regi\u00e3o","link":"https:\/\/noticiasribeiraopreto.com.br\/index.php\/category\/noticias-de-ribeirao-preto-sp-e-regiao-ismael-colosi\/"},"img":{"alt_text":"","src":"https:\/\/i0.wp.com\/noticiasribeiraopreto.com.br\/wp-content\/uploads\/2025\/03\/frio_luva_1200x675_16042022092951.jpg?fit=1200%2C675&ssl=1&resize=350%2C200","width":350,"height":200,"srcset":"https:\/\/i0.wp.com\/noticiasribeiraopreto.com.br\/wp-content\/uploads\/2025\/03\/frio_luva_1200x675_16042022092951.jpg?fit=1200%2C675&ssl=1&resize=350%2C200 1x, https:\/\/i0.wp.com\/noticiasribeiraopreto.com.br\/wp-content\/uploads\/2025\/03\/frio_luva_1200x675_16042022092951.jpg?fit=1200%2C675&ssl=1&resize=525%2C300 1.5x, https:\/\/i0.wp.com\/noticiasribeiraopreto.com.br\/wp-content\/uploads\/2025\/03\/frio_luva_1200x675_16042022092951.jpg?fit=1200%2C675&ssl=1&resize=700%2C400 2x, https:\/\/i0.wp.com\/noticiasribeiraopreto.com.br\/wp-content\/uploads\/2025\/03\/frio_luva_1200x675_16042022092951.jpg?fit=1200%2C675&ssl=1&resize=1050%2C600 3x"},"classes":[]},{"id":66164,"url":"https:\/\/noticiasribeiraopreto.com.br\/index.php\/2025\/03\/28\/quatro-massas-de-ar-frio-chegam-no-mes-de-abril-veja-previsao-no-estado-de-sp\/","url_meta":{"origin":83286,"position":4},"title":"Quatro massas de ar frio chegam no m\u00eas de abril; Veja previs\u00e3o no estado de SP","author":"noticiasribeiraopreto.com.br","date":"28 de March de 2025","format":false,"excerpt":"O m\u00eas de abril, que come\u00e7a na pr\u00f3xima ter\u00e7a-feira, tem previs\u00e3o de quatro massas de ar frio e ao menos tr\u00eas delas podem chegar ao estado de S\u00e3o Paulo. Segundo a Climatempo, na primeira quinzena est\u00e3o previstas tr\u00eas massas de ar de origem polar. A meteorologista Jos\u00e9lia Pegorim diz que\u2026","rel":"","context":"In &quot;Not\u00edcias de Ribeir\u00e3o Preto-SP e Regi\u00e3o&quot;","block_context":{"text":"Not\u00edcias de Ribeir\u00e3o Preto-SP e Regi\u00e3o","link":"https:\/\/noticiasribeiraopreto.com.br\/index.php\/category\/noticias-de-ribeirao-preto-sp-e-regiao-ismael-colosi\/"},"img":{"alt_text":"","src":"https:\/\/i0.wp.com\/noticiasribeiraopreto.com.br\/wp-content\/uploads\/2025\/03\/1743181393_frio_luva_1200x675_16042022092951.jpg?fit=1200%2C675&ssl=1&resize=350%2C200","width":350,"height":200,"srcset":"https:\/\/i0.wp.com\/noticiasribeiraopreto.com.br\/wp-content\/uploads\/2025\/03\/1743181393_frio_luva_1200x675_16042022092951.jpg?fit=1200%2C675&ssl=1&resize=350%2C200 1x, https:\/\/i0.wp.com\/noticiasribeiraopreto.com.br\/wp-content\/uploads\/2025\/03\/1743181393_frio_luva_1200x675_16042022092951.jpg?fit=1200%2C675&ssl=1&resize=525%2C300 1.5x, https:\/\/i0.wp.com\/noticiasribeiraopreto.com.br\/wp-content\/uploads\/2025\/03\/1743181393_frio_luva_1200x675_16042022092951.jpg?fit=1200%2C675&ssl=1&resize=700%2C400 2x, https:\/\/i0.wp.com\/noticiasribeiraopreto.com.br\/wp-content\/uploads\/2025\/03\/1743181393_frio_luva_1200x675_16042022092951.jpg?fit=1200%2C675&ssl=1&resize=1050%2C600 3x"},"classes":[]},{"id":65894,"url":"https:\/\/noticiasribeiraopreto.com.br\/index.php\/2025\/03\/25\/com-entrada-de-ar-polar-abril-chega-com-o-primeiro-pico-de-frio-de-2025\/","url_meta":{"origin":83286,"position":5},"title":"Com entrada de ar polar, abril chega com o primeiro pico de frio de 2025","author":"noticiasribeiraopreto.com.br","date":"25 de March de 2025","format":false,"excerpt":"O m\u00eas de abril promete o primeiro pico de frio em 2025 no Pa\u00eds, de acordo com a Climatempo. Os meteorologistas apontam para chegada de duas frentes frias e a entrada do ar polar, a partir do primeiro fim de semana do m\u00eas. A Climatempo informa que est\u00e3o previstas as\u2026","rel":"","context":"In &quot;Not\u00edcias de Ribeir\u00e3o Preto-SP e Regi\u00e3o&quot;","block_context":{"text":"Not\u00edcias de Ribeir\u00e3o Preto-SP e Regi\u00e3o","link":"https:\/\/noticiasribeiraopreto.com.br\/index.php\/category\/noticias-de-ribeirao-preto-sp-e-regiao-ismael-colosi\/"},"img":{"alt_text":"","src":"https:\/\/i0.wp.com\/noticiasribeiraopreto.com.br\/wp-content\/uploads\/2025\/03\/AnyConv.com__frio-corredor-polar_2024-06-28_16-28-30.webp.webp?fit=1200%2C800&ssl=1&resize=350%2C200","width":350,"height":200,"srcset":"https:\/\/i0.wp.com\/noticiasribeiraopreto.com.br\/wp-content\/uploads\/2025\/03\/AnyConv.com__frio-corredor-polar_2024-06-28_16-28-30.webp.webp?fit=1200%2C800&ssl=1&resize=350%2C200 1x, https:\/\/i0.wp.com\/noticiasribeiraopreto.com.br\/wp-content\/uploads\/2025\/03\/AnyConv.com__frio-corredor-polar_2024-06-28_16-28-30.webp.webp?fit=1200%2C800&ssl=1&resize=525%2C300 1.5x, https:\/\/i0.wp.com\/noticiasribeiraopreto.com.br\/wp-content\/uploads\/2025\/03\/AnyConv.com__frio-corredor-polar_2024-06-28_16-28-30.webp.webp?fit=1200%2C800&ssl=1&resize=700%2C400 2x, https:\/\/i0.wp.com\/noticiasribeiraopreto.com.br\/wp-content\/uploads\/2025\/03\/AnyConv.com__frio-corredor-polar_2024-06-28_16-28-30.webp.webp?fit=1200%2C800&ssl=1&resize=1050%2C600 3x"},"classes":[]}],"jetpack_sharing_enabled":true,"jetpack_shortlink":"https:\/\/wp.me\/peQAOb-lFk","_links":{"self":[{"href":"https:\/\/noticiasribeiraopreto.com.br\/index.php\/wp-json\/wp\/v2\/posts\/83286","targetHints":{"allow":["GET"]}}],"collection":[{"href":"https:\/\/noticiasribeiraopreto.com.br\/index.php\/wp-json\/wp\/v2\/posts"}],"about":[{"href":"https:\/\/noticiasribeiraopreto.com.br\/index.php\/wp-json\/wp\/v2\/types\/post"}],"author":[{"embeddable":true,"href":"https:\/\/noticiasribeiraopreto.com.br\/index.php\/wp-json\/wp\/v2\/users\/1"}],"replies":[{"embeddable":true,"href":"https:\/\/noticiasribeiraopreto.com.br\/index.php\/wp-json\/wp\/v2\/comments?post=83286"}],"version-history":[{"count":0,"href":"https:\/\/noticiasribeiraopreto.com.br\/index.php\/wp-json\/wp\/v2\/posts\/83286\/revisions"}],"wp:featuredmedia":[{"embeddable":true,"href":"https:\/\/noticiasribeiraopreto.com.br\/index.php\/wp-json\/wp\/v2\/media\/74700"}],"wp:attachment":[{"href":"https:\/\/noticiasribeiraopreto.com.br\/index.php\/wp-json\/wp\/v2\/media?parent=83286"}],"wp:term":[{"taxonomy":"category","embeddable":true,"href":"https:\/\/noticiasribeiraopreto.com.br\/index.php\/wp-json\/wp\/v2\/categories?post=83286"},{"taxonomy":"post_tag","embeddable":true,"href":"https:\/\/noticiasribeiraopreto.com.br\/index.php\/wp-json\/wp\/v2\/tags?post=83286"}],"curies":[{"name":"wp","href":"https:\/\/api.w.org\/{rel}","templated":true}]}}